{"id":10110,"date":"2017-01-13T07:55:35","date_gmt":"2017-01-13T06:55:35","guid":{"rendered":"https:\/\/wp.muchomaas.com\/article-la-revue-du-13-janvier-2017\/"},"modified":"2017-01-13T07:55:35","modified_gmt":"2017-01-13T06:55:35","slug":"article-la-revue-du-13-janvier-2017","status":"publish","type":"post","link":"https:\/\/archives.regards.fr\/?p=10110","title":{"rendered":"La Revue du 13 janvier 2017"},"content":{"rendered":"<p><strong>ACTUALITE<\/strong><\/p>\n<p>-Les m\u00e9tiers les plus menac\u00e9s par la r\u00e9volution num\u00e9rique (Alain Ruello; vid\u00e9o) : http:\/\/www.lesechos.fr\/economie-france\/social\/0211673701154-revolution-numerique-moins-de-10-des-emplois-sont-menaces-en-france-2056485.php#xtor<\/p>\n<p><strong>-&#8220;50 % des emplois vont \u00eatre appel\u00e9s \u00e0 \u00e9voluer de mani\u00e8re significative ou profonde&#8221; (Marie-Claire Carr\u00e8re-G\u00e9e, pr\u00e9sidente du conseil d&#8217;Orientation pour l&#8217;Emploi; face \u00e0 Nicolas Pierron; vid\u00e9o) : <\/strong> https:\/\/www.dailymotion.com\/video\/x587pnr_50-des-emplois-vont-etre-appeles-a-evoluer-de-maniere-significative-ou-profonde-marie-claire-carrer_news<\/p>\n<p>-Une relaxe totale et du sursis pour les salari\u00e9s de Goodyear d&#8217;Amiens, en remplacement de la prison ferme :  http:\/\/www.marianne.net\/sequestration-deux-dirigeants-goodyear-peine-salaries-commuee-prison-sursis-100249123.html<\/p>\n<p>-Le lancement du Compte personnel d&#8217;activit\u00e9 (vid\u00e9o) : http:\/\/www.francetvinfo.fr\/economie\/emploi\/carriere\/vie-professionnelle\/droit-du-travail\/compte-personnel-d-activite-qu-est-ce-que-le-cpa_2014794.html<\/p>\n<p>-En 50 ans, la moiti\u00e9 des bureaux de poste ont disparu (vid\u00e9o) :                        http:\/\/www.lci.fr\/societe\/jt-13h-face-a-la-diminution-des-bureaux-de-poste-les-maisons-de-services-2021424.html%3Ftype=content<\/p>\n<p>-En Corse, l&#8217;hiver, les villages isol\u00e9s sont ravitaill\u00e9s par les marchands ambulants (vid\u00e9o) : http:\/\/www.lci.fr\/societe\/jt-13h-corse-en-hiver-les-marchands-ambulants-ravitaillent-les-villages-isoles-2021439.html%3Ftype=content<\/p>\n<p>-La qualit\u00e9 de l&#8217;eau en France (Baptiste Gaborit, le 12 janvier; son) : https:\/\/www.radioclassique.fr\/radio\/emissions\/matinale-de-radio-classique\/3-minutes-planete\/<\/p>\n<p><em>-L&#8217;enqu\u00eate de &#8220;G\u00e9n\u00e9rations Futures&#8221; (\u00e0 t\u00e9l\u00e9charger) <\/em> :  https:\/\/www.generations-futures.fr\/pesticides\/perturbateurs-endocriniens-dans-leau-exppert8\/<\/p>\n<p>-800 000 canards auront \u00e9t\u00e9 abattus \u00e0 la fin de la semaine (son) : http:\/\/www.sudradio.fr\/Podcasts\/Les-reportages-de-la-matinee\/Point-sur-la-grippe-aviaire<\/p>\n<p>-L&#8217;interdiction de la p\u00eache en eau profonde est entr\u00e9e en vigueur (Nathalie Fontrel; son) : https:\/\/www.franceinter.fr\/emissions\/planete-environnement\/planete-environnement-12-janvier-2017<\/p>\n<p><strong>-Les complications qui accompagnent la grippe (vid\u00e9o) : <\/strong> http:\/\/www.francetvinfo.fr\/sante\/maladie\/grippe\/grippe-les-complications-qui-l-accompagnent_2014654.html<\/p>\n<p>-Ce qu&#8217;en pense Roger Lenglet, sp\u00e9cialiste de l&#8217;histoire de la m\u00e9decine (vid\u00e9o) : http:\/\/www.itele.fr\/chroniques\/invite-galzi-jusqua-minuit\/linvite-politique-dolivier-galzi-du-12012017-172358<\/p>\n<p>-&#8220;Les \u00e9checs de nos services de renseignement&#8221; (Eric Pelletier, grand reporter au &#8220;Parisien&#8221;; face \u00e0 Dimitri Pavlenko; son) : http:\/\/www.sudradio.fr\/Podcasts\/L-invite-pour-comprendre\/Eric-Pelletier-grand-reporter-au-Parisien-Aujourd-hui-en-France<\/p>\n<p><strong>-&#8220;La sortie dans l&#8217;espace, c&#8217;est l&#8217;exp\u00e9rience du vol ultime&#8221; (Thomas Pesquet, depuis la capsule spatiale, r\u00e9pond \u00e0 Thomas Sotto; vid\u00e9o) :<\/strong> http:\/\/www.europe1.fr\/emissions\/l-interview-verite\/thomas-pesquet-la-sortie-dans-lespace-cest-lexperience-du-vol-ultime-2948261<\/p>\n<p><strong>POLITIQUE<\/strong><\/p>\n<p><strong>-L&#8217;engouement pour Jean-Luc M\u00e9lenchon (vid\u00e9o) : <\/strong> http:\/\/www.francetvinfo.fr\/politique\/melenchon\/presidentielle-2017-l-engouement-pour-jean-luc-melenchon_2015000.html<\/p>\n<p>-&#8220;Le 5 f\u00e9vrier, je me d\u00e9doublerai, une premi\u00e8re mondiale&#8221; (vid\u00e9o) :  http:\/\/www.bfmtv.com\/mediaplayer\/video\/melenchon-annonce-qu-il-sera-en-meeting-en-hologramme-902425.html<\/p>\n<p>-Il a annonc\u00e9 qu&#8217;il avait ses cinq cents signatures (Geoffroy Clavel) :                  http:\/\/www.huffingtonpost.fr\/2017\/01\/12\/jean-luc-melenchon-a-ses-500-signatures-yannick-jadot-court-tou\/<\/p>\n<p>-Au \u00e9lections l\u00e9gislatives, &#8220;la priorit\u00e9 de Pierre Laurent  est d&#8217;\u00e9viter la dispersion&#8221; (le contraire des propos que lui pr\u00eate le compte rendu de la r\u00e9union des secr\u00e9taires des f\u00e9d\u00e9rations du PCF, publi\u00e9 dans le suppl\u00e9ment du mercredi de &#8220;L&#8217;Humanit\u00e9&#8221; comme indiqu\u00e9 dans la Revue d&#8217;hier et qui aurait donc \u00e9t\u00e9 invent\u00e9 par son r\u00e9dacteur) : http:\/\/actu.orange.fr\/politique\/legislatives-la-priorite-de-laurent-pcf-est-d-eviter-la-dispersion-CNT000000B6XXS.html<\/p>\n<p><strong>-Cinq s\u00e9quences de la primaires socialiste (vid\u00e9os) : <\/strong> http:\/\/www.francetvinfo.fr\/politique\/ps\/primaire-a-gauche\/primaire-de-la-gauche-regardez-les-cinq-moments-forts-du-premier-debat_2014990.html<\/p>\n<p>-Le bilan du quinquennat en un mot (vid\u00e9o) :                                              http:\/\/www.lemonde.fr\/election-presidentielle-2017\/video\/2017\/01\/12\/primaire-de-la-gauche-les-candidats-jugent-le-quinquennat-de-hollande-en-un-mot_5061862_4854003.html#xtor<\/p>\n<p>-Leur derni\u00e8re minute (vid\u00e9os) : http:\/\/www.lci.fr\/primaire-gauche\/en-direct-primaire-a-gauche-suivez-le-premier-debat-entre-valls-hamon-peillon-montebourg-pinel-ce-jeudi-soir-a-partir-de-20-h-sur-tf1-2021418.html<\/p>\n<p>-&#8220;Mon projet est de redonner vie \u00e0 mon pays&#8221; (Yannick Jadot, candidat \u00e9cologiste \u00e0 l&#8217;\u00e9lection pr\u00e9sidentielle, \u00e9tait l&#8217;invit\u00e9 de la matinale de France Inter. Il a r\u00e9pondu aux questions de Patrick Cohen et des auditeurs; vid\u00e9os) : http:\/\/www.dailymotion.com\/video\/x587iqp_yannick-jadot-repond-aux-questions-de-patrick-cohen_news                                                                                                                http:\/\/www.dailymotion.com\/video\/x587t7j_yannick-jadot-repond-aux-auditeurs-de-france-inter_news<\/p>\n<p>-&#8220;Il y a eu beaucoup de rendez-vous manqu\u00e9s dans ce quinquennat et beaucoup de mes concurrents escamotent leur responsabilit\u00e9 dans le bilan&#8221; (Fran\u00e7ois de Rugy, d\u00e9put\u00e9 de Loire-Atlantique, candidat \u00e0 la primaire socialiste; invit\u00e9 de &#8220;Territoires d&#8217;Infos&#8221;; vid\u00e9o) : http:\/\/www.dailymotion.com\/video\/x587pr0_invite-francois-de-rugy-territoires-d-infos-le-best-of-12-01-2017_tv<\/p>\n<p>-&#8220;La comparaison avec Poisson et la surprise qu&#8217;il a cr\u00e9\u00e9e me va assez bien&#8221; (Jean-Luc Bennahmias, face \u00e0 Audrey Crespo-Mara; vid\u00e9o) :                                      http:\/\/www.lci.fr\/replay\/replay-l-invite-politique-du-12-janvier-2017-jean-luc-bennahmias-2021376.html%3Ftype=content<\/p>\n<p><strong>-La charge d&#8217;Anne Hidalgo contre la gauche au gouvernement (vid\u00e9o) : <\/strong> http:\/\/www.bfmtv.com\/mediaplayer\/video\/la-violente-charge-d-hidalgo-contre-hollande-valls-et-macron-902405.html<\/p>\n<p>-&#8220;Je trouve ces propos particuli\u00e8rement excessifs&#8221; (la ministre du Travail Myriam El Khomri, pour qui &#8220;abroger la loi travail n&#8217;est pas un projet&#8221;; interrog\u00e9e par Elisabeth Martichoux (vid\u00e9os et son) : http:\/\/www.rtl.fr\/actu\/politique\/myriam-el-khomri-abroger-la-loi-travail-ce-n-est-pas-un-projet-7786694787<\/p>\n<p>-&#8220;La coh\u00e9rence, c&#8217;est de soutenir Manuel Valls&#8221; (la ministre de la Culture Audrey Azoulay, face \u00e0 Fabien Namias; vid\u00e9o) : http:\/\/www.europe1.fr\/politique\/azoulay-la-coherence-cest-de-soutenir-manuel-valls-2943530<\/p>\n<p><strong>-&#8220;La grippe est une maladie s\u00e9rieuse qui fait des victimes chaque ann\u00e9e. Les h\u00f4pitaux font face. D\u00e8s le mois de d\u00e9cembre, des dispositions avaient \u00e9t\u00e9 prises pour accueillir des malades la nuit. Il y a aujourd&#8217;hui plus de lits qu&#8217;en 2012&#8221; (Marisol Touraine, face \u00e0 Caroline Roux; vid\u00e9o) : <\/strong> http:\/\/www.france2.fr\/emissions\/telematin\/actu\/les-4-verites-marisol-touraine_539901<\/p>\n<p>-Henry Sterdiniak, membre des &#8220;Economistes atterr\u00e9s&#8221;, souligne ce qui s\u00e9pare les propositions \u00e9conomiques des candidats de la primaire (son) : http:\/\/www.sudradio.fr\/Podcasts\/L-invite-pour-comprendre\/Henri-Sterdyniak-economiste-chercheur-a-l-OFCE<\/p>\n<p>-Le revenu universel en d\u00e9bat chez Laurence Ferrari sur i-T\u00e9l\u00e9 (vid\u00e9o) : http:\/\/www.itele.fr\/chroniques\/invite-politique-ferrari-tirs-croises\/linvite-de-laurence-ferrari-du-12012017-172354<\/p>\n<p>-&#8220;Manuel et son double&#8221; (Renaud D\u00e9ly; son) : https:\/\/www.franceinter.fr\/emissions\/histoires-politiques\/histoires-politiques-12-janvier-2017<\/p>\n<p>-&#8220;L&#8217;enjeu, c&#8217;est de r\u00e9inventer la politique au-del\u00e0 des r\u00e9seaux sociaux&#8221; (Charlotte Marchandise, candidate \u00e0 l&#8217;\u00e9lection pr\u00e9sidentielle, \u00e9lue par &#8220;la primaire citoyenne&#8221;; interrog\u00e9e par Eric Delvaux; son) : https:\/\/www.franceinter.fr\/emissions\/l-invite-du-5-7\/l-invite-du-5-7-12-janvier-2017<\/p>\n<p>-Sur le respect de l&#8217;animal en abattoir, &#8220;j&#8217;ose esp\u00e9rer que mes coll\u00e8gues entendront la voix de la population&#8221; (Olivier Falorni, d\u00e9put\u00e9 radical de Charente-Maritime; vid\u00e9o) : http:\/\/www.lcp.fr\/la-politique-en-video\/falorniabattoirs-jose-esperer-que-mes-collegues-entendront-la-voix-de-la<\/p>\n<p>-Richard Ferrand, d\u00e9put\u00e9 PS du Finist\u00e8re, secr\u00e9taire g\u00e9n\u00e9ral de &#8220;En marche&#8221;, a d\u00e9taill\u00e9 certaines propositions d&#8217;Emmanuel Macron (vid\u00e9o, amener le curseur sur 30:25) : http:\/\/www.lcp.fr\/emissions\/politique-matin\/279027-politique-matin<\/p>\n<p>-Christophe Castaner, d\u00e9put\u00e9 PS des Alpes-de-Haute-Provence, le porte-parole de l&#8217;ancien ministre de l&#8217;Economie; invit\u00e9 d&#8217;Olivier Galzi (vid\u00e9o) : http:\/\/www.itele.fr\/chroniques\/invite-galzi-jusqua-minuit\/linvite-politique-dolivier-galzi-du-11012017-172336<\/p>\n<p><strong>-&#8220;Macron, fant\u00f4me de la primaire socialiste&#8221; (Thomas Legrand; son) : <\/strong> https:\/\/www.franceinter.fr\/emissions\/l-edito-politique\/l-edito-politique-12-janvier-2017<\/p>\n<p>-Les enjeux du d\u00e9bat (Yves Thr\u00e9ard du &#8220;Figaro&#8221;; vid\u00e9o) : http:\/\/www.europe1.fr\/emissions\/ledito-politique-dyves-threard\/primaire-ps-quels-sont-les-enjeux-du-debat-2948237<\/p>\n<p>-Pour Alba Ventura (vid\u00e9o) : http:\/\/www.rtl.fr\/actu\/politique\/primaire-de-la-gauche-alba-ventura-decrypte-les-enjeux-du-premier-debat-7786694501<\/p>\n<p>-Fran\u00e7ois Fillon propose l&#8217;instauration de quotas sur l&#8217;immigration r\u00e9guli\u00e8re. Il a rappel\u00e9 ses frondeurs \u00e0 l&#8217;ordre&#8221; (vid\u00e9os) : http:\/\/www.lcp.fr\/la-politique-en-video\/presidentielle-2017-fillon-demande-linstauration-de-quotas-sur-limmigration                                                                                                                                                                                                                                                http:\/\/www.francetvinfo.fr\/politique\/francois-fillon\/francois-fillon-rappelle-les-frondeurs-a-l-ordre_2014796.html<\/p>\n<p>-&#8220;En pratique, \u00e7a n&#8217;a pas de sens. Plus on fait des promesses qu&#8217;on ne tiendra pas, plus on creuse le foss\u00e9 avec les citoyens&#8221; (Henri Guaino, d\u00e9put\u00e9 LR des Yvelines, candidat \u00e0 l&#8217;\u00e9lection pr\u00e9sidentielle; face \u00e0 Myriam Encaoua; vid\u00e9o) : http:\/\/www.itele.fr\/chroniques\/invite-michael-darmon\/linvite-de-myriam-encaoua-du-12012017-172341<\/p>\n<p>-&#8220;Le discours de Fran\u00e7ois Fillon est un discours de droite, d&#8217;une droite respectueuse de la tradition r\u00e9publicaine&#8221; (l&#8217;historien Patrick Weil, interrog\u00e9 par Fabien Namias; vid\u00e9o) : http:\/\/www.europe1.fr\/emissions\/linterview-politique-de-8h20\/patrick-weil-le-discours-de-francois-fillon-a-ete-respectueux-de-la-tradition-republicaine-2948363<\/p>\n<p>-&#8220;Emmanuel Macron, c&#8217;est toujours une id\u00e9ologie qui a plant\u00e9 la France&#8221; (Bruno Le Maire, d\u00e9put\u00e9 LR de l&#8217;Eure, invit\u00e9 de la matinale de Franceinfo; vid\u00e9o) : http:\/\/www.dailymotion.com\/video\/x587ta3_pour-bruno-le-maire-emmanuel-macron-c-est-toujours-une-ideologie-qui-a-plante-la-france_news<\/p>\n<p>-&#8220;On a une gauche archa\u00efque. L&#8217;\u00e9pid\u00e9mie de grippe montre que le syst\u00e8me est \u00e0 bout de souffle, c&#8217;est pour cela que Fran\u00e7ois Fillon veut le r\u00e9former&#8221; (Bruno Retailleau, pr\u00e9sident du groupe LR au S\u00e9nat; face \u00e0 Ruth Elkrief; vid\u00e9o) :<br \/>\nhttp:\/\/www.bfmtv.com\/mediaplayer\/video\/bruno-retailleauface-a-ruth-elkrief-902659.html<\/p>\n<p><strong>-&#8220;Je suis un ancien. Le courage de la v\u00e9rit\u00e9 est difficile. La politique ne me manque pas, mon fr\u00e8re beaucoup. Je ne pourrais pas vivre sans les livres. Nous sommes sur la pente du renouveau du nationalisme qui va d\u00e9truire l&#8217;Europe et nous conduire \u00e0 la guerre&#8221; (Fran\u00e7ois L\u00e9otard, interrog\u00e9 par Audrey Crespo-Mara; vid\u00e9o) : <\/strong> http:\/\/www.lci.fr\/replay\/replay-l-invite-de-8h45-de-lci-matin-du-12-janvier-2017-francois-leotard-2021381.html%3Ftype=content<\/p>\n<p>-&#8220;Marine plaide depuis longtemps pour le patriotisme \u00e9conomique. M. Trump va dans ce sens. L&#8217;Union europ\u00e9enne nous interdit de le faire&#8221; (David Rachline, porte-parole de Marine Le Pen; face \u00e0 Jean-Jacques Bourdin; vid\u00e9o) : http:\/\/www.bfmtv.com\/mediaplayer\/videoump va dans cette direction \/david-rachline-face-a-jean-jacques-bourdin-en-direct-902373.html<\/p>\n<p><em>-Le tableau de bord politique (IFOP)<\/em> : http:\/\/www.ifop.com\/?option=com_publication&#038;type=poll&#038;id=3606<\/p>\n<p><em>-Le barom\u00e8tre de confiance (SOFRES) <\/em> :                                http:\/\/fr.kantar.com\/opinion-publique\/politique\/2017\/barometre-politique-janvier-2017-emmanuel-macron-passe-en-tete\/<\/p>\n<p><strong>EUROPE-MONDE<\/strong><\/p>\n<p><strong>-Sur le Brexit, d\u00e9saccord entre Hubert V\u00e9drine et Jean-Claude Trichet (Aline Robert) <\/strong> : http:\/\/www.euractiv.fr\/section\/royaume-uni-en-europe\/news\/pause-ou-retour-aux-sources-face-au-brexit-le-debat-fait-rage\/?nl_ref=28704490<\/p>\n<p>-Le groupe Monti, l&#8217;ancien premier ministre italien,  propose la fin du rabais britannique : http:\/\/www.euractiv.fr\/section\/royaume-uni-en-europe\/news\/monti-group-challenges-the-juste-retour-principle-in-eu-budgeting\/?nl_ref=28704490<\/p>\n<p>-Theresa May prend ses distance avec l&#8217;id\u00e9e d&#8217;une taxe \u00e0 l&#8217;embauche pour les employ\u00e9s qualifi\u00e9s venus d&#8217;un autre pays europ\u00e9en (Estelle Shirbon) : http:\/\/www.euractiv.fr\/section\/royaume-uni-en-europe\/news\/lidee-dune-taxe-a-lembauche-pour-les-europeens-divise-au-royame-uni\/?nl_ref=28704490<\/p>\n<p>-&#8220;Beppe Grillo enraye la fuite de ses eurod\u00e9put\u00e9s&#8221; (C\u00e9cile Barbi\u00e8re) : http:\/\/www.euractiv.fr\/section\/politique\/news\/beppe-grillo-enraye-la-fuite-de-ses-eurodeputes\/?nl_ref=28704490<\/p>\n<p>-La carte de Chypre r\u00e9unifi\u00e9e sur la table des n\u00e9gociations : http:\/\/www.euractiv.fr\/section\/politique\/news\/la-carte-de-chypre-reunifiee-sur-la-table-des-negociations\/?nl_ref=28704490<\/p>\n<p>-Les patrons de la t\u00e9l\u00e9 grecque refusent de d\u00e9clarer leur patrimoine (Sarantis Michalopoulos) : http:\/\/www.euractiv.fr\/section\/innovation-entreprises\/news\/greek-broadcasters-want-exemption-from-wealth-declaration\/?nl_ref=28704490<\/p>\n<p>-Des salari\u00e9s pay\u00e9s avec des coupons (vid\u00e9o) : http:\/\/www.francetvinfo.fr\/monde\/grece\/grece-les-salaries-payes-avec-des-coupons_2014994.html<\/p>\n<p>-&#8220;Les pays de l&#8217;Est demandent \u00e0 Trump de ne pas flancher face \u00e0 la Russie&#8221; (Georgi Gotev) : http:\/\/www.euractiv.fr\/section\/l-europe-dans-le-monde\/news\/ex-eu-leaders-ask-trump-to-not-improve-relations-with-russia\/?nl_ref=28704490<\/p>\n<p><strong>-Les \u00e9cologistes accusent Malte d&#8217;\u00eatre un paradis fiscal (Daniela Vincenti) : <\/strong> http:\/\/www.euractiv.fr\/section\/euro-finances\/news\/malta-denounced-as-tax-haven-as-it-assumes-eu-presidency\/?nl_ref=28704490<\/p>\n<p>-Greenpeace demande l&#8217;interdiction compl\u00e8te des n\u00e9onicotino\u00efdes (Sarantis Michalopoulos) : http:\/\/www.euractiv.fr\/section\/agriculture-alimentation\/news\/greenpeace-neonicotinoids-pose-risks-to-multiple-species\/?nl_ref=28704490<\/p>\n<p><strong>-&#8220;L&#8217;Union europ\u00e9enne doit d\u00e9passer le temps de la sid\u00e9ration pour dire \u00e0 Trump : &#8220;voila ce que nous pensons&#8221;. Poutine veut revenir sur tout ce qui s&#8217;est pass\u00e9 depuis la fin de l&#8217;URSS&#8221; (Hubert V\u00e9drine, face \u00e0 Guillaume Durand; vid\u00e9o) : <\/strong> https:\/\/www.dailymotion.com\/video\/x587r7f_poutine-veut-revenir-sur-tout-ce-qui-s-est-passe-depuis-la-fin-de-l-urss-hubert-vedrine-12-01-2017_news<\/p>\n<p>-Elise Boghossian, t\u00e9moin de ce qui se passe en Irak et en Syrie (invit\u00e9e de Marie-Sophie Lacarrau; vd\u00e9o) : http:\/\/www.francetvinfo.fr\/monde\/revolte-en-syrie\/irak-syrie-elise-boghossian-livre-son-temoignage_2014676.html<\/p>\n<p>-Les descendants d&#8217;esclaves en p\u00e8lerinage vaudou au B\u00e9nin (vid\u00e9o) : http:\/\/nr.news-republic.com\/Web\/ArticleWeb.aspx?regionid=2&#038;articleid=82583523<\/p>\n<p>-Rex Tillerson, le secr\u00e9taire d&#8217;Etat nomm\u00e9 par Donald Trump a \u00e9t\u00e9 auditionn\u00e9 par le Congr\u00e8s (vid\u00e9o) : http:\/\/nr.news-republic.com\/Web\/ArticleWeb.aspx?regionid=2&#038;articleid=82530377<\/p>\n<p>-Sur la Russie, il s&#8217;est d\u00e9marqu\u00e9 du pr\u00e9sident (vid\u00e9o) : http:\/\/nr.news-republic.com\/Web\/ArticleWeb.aspx?regionid=2&#038;articleid=82576993<\/p>\n<p>-Ce qu&#8217;il faut retenir de la premi\u00e8re conf\u00e9rence de presse de Donald Trump (vid\u00e9os) : http:\/\/www.lemonde.fr\/elections-americaines\/article\/2017\/01\/11\/ce-qu-il-faut-retenir-de-la-premiere-conference-de-presse-de-donald-trump_5061177_829254.html<\/p>\n<p><strong>-L&#8217;int\u00e9grale de la premi\u00e8re partie (vid\u00e9o avec la traduction fran\u00e7aise) : <\/strong> https:\/\/www.youtube.com\/watch?v=usuViiyJECc<\/p>\n<p><strong>-Des extraits significatifs traduits (vid\u00e9os) <\/strong> : http:\/\/www.france24.com\/fr\/20170111-video-direct-suivez-conference-presse-donald-trump-new-york<\/p>\n<p>-&#8220;Il est un personnage profond\u00e9ment am\u00e9ricain. Avec lui, la campagne continue&#8221; (Jean-Francis P\u00e9cresse et Eric L\u00e9ser; vid\u00e9o) : https:\/\/www.dailymotion.com\/video\/x587qa4_donald-trump-est-un-personnage-profondement-americain-jean-francis-pecresse-12-01-2017_news<\/p>\n<p>-&#8220;Sexe, mensonges et vid\u00e9o&#8221; sur i-T\u00e9l\u00e9 avec Olivier Galzi (vid\u00e9o) : http:\/\/www.itele.fr\/chroniques\/grand-decryptage-olivier-galzi\/le-grand-decryptage-du-11012017-172337<\/p>\n<p>-&#8220;Bons baisers de Russie&#8221; (Bernard Guetta; son) : https:\/\/www.franceinter.fr\/emissions\/geopolitique\/geopolitique-12-janvier-2017<\/p>\n<p>-Jesse Jackson se battra contre l&#8217;administration Trump (vid\u00e9o) : http:\/\/nr.news-republic.com\/Web\/ArticleWeb.aspx?regionid=2&#038;articleid=82548731<\/p>\n<p>-Le pr\u00e9sident du Mexique r\u00e9pond fermement \u00e0 Trump (Claude Fouquet; vid\u00e9os) :  http:\/\/www.lesechos.fr\/monde\/ameriques\/0211684066764-le-president-du-mexique-repond-fermement-a-trump-2056572.php#xtor<\/p>\n<p>-En Chine, des robots pour garer les automobiles (vid\u00e9o) : http:\/\/nr.news-republic.com\/Web\/ArticleWeb.aspx?regionid=2&#038;articleid=82583522<\/p>\n<p><strong>-&#8220;Irrespirable. Des villes au bord de l&#8217;asphyxie&#8221; (Marc Belpois; un documentaire \u00e0 voir ici jusqu&#8217;au mardi 17 janvier; vid\u00e9o) :  <\/strong> http:\/\/television.telerama.fr\/television\/regardez-en-replay-irrespirable-des-villes-au-bord-de-l-asphyxie,152615.php#xtor<\/p>\n<p><strong>CULTURE-MEDIAS<\/strong><\/p>\n<p><strong>-L&#8217;acad\u00e9micien Marc Lambron publie &#8220;Quarante ans&#8221; et cite Louis Aragon :&#8221;-A aucun moment de ma vie je n&#8217;ai eu l&#8217;\u00e2ge de mon \u00e9tat civil&#8221;. Il \u00e9tait l&#8217;invit\u00e9 de L\u00e9a Salam\u00e9 (vid\u00e9o)<\/strong> :  http:\/\/www.dailymotion.com\/video\/x587ec4_marc-lambron-repond-aux-questions-de-lea-salame_news<\/p>\n<p><strong>-Hommage \u00e0 Georges Pr\u00eatre (Vincent Josse; son) :<\/strong> https:\/\/www.franceinter.fr\/emissions\/la-recreation\/la-recreation-12-janvier-2017<\/p>\n<p>-&#8220;Je ne crois pas en une vision progressiste de l&#8217;Histoire&#8221; (le philosophe Michel Onfray, interrog\u00e9 par Guillaume Erner (sons et vid\u00e9o) :                                https:\/\/www.franceculture.fr\/emissions\/linvite-des-matins\/loccident-est-il-son-meilleur-ennemi#xtor                                                                                https:\/\/www.franceculture.fr\/emissions\/linvite-des-matins-2eme-partie\/loccident-est-il-son-meilleur-ennemi-2eme-partie<\/p>\n<p>-&#8220;La Maison rouge&#8221;, place unique de l&#8217;art contemporain \u00e0 Paris, fermera ses portes  en 2018 (Yasmine Youssi) : http:\/\/www.telerama.fr\/scenes\/la-maison-rouge-fermera-ses-portes-fin-2018,152619.php#xtor<\/p>\n<p><strong>-Au Grand Palais \u00e0 Paris, une exposition consacr\u00e9e \u00e0 Frida Kahlo (vid\u00e9o) : <\/strong>          http:\/\/www.francetvinfo.fr\/culture\/expos\/grand-palais-une-exposition-consacree-a-frida-kahlo_2015020.html<\/p>\n<p><strong>-Avi Mograbi, le r\u00e9alisateur isra\u00e9lien de &#8220;Entre les fronti\u00e8res&#8221; et Marie-Jos\u00e9 Malis, directrice du th\u00e9\u00e2tre de la Commune d&#8217;Aubervilliers, \u00e0 la table de &#8220;Ping pong&#8221; sur France Culture (son et vid\u00e9o) <\/strong> :  https:\/\/www.franceculture.fr\/emissions\/ping-pong\/avi-mograbi-marie-jose-malis-live-claudia-solal-theatre-du-reel#xtor<\/p>\n<p><strong>-&#8220;G\u00e9rard Depardieu grandiose dans &#8220;le Divan de Staline&#8221; de Fanny Ardant (Pierre Murat; vid\u00e9o)<\/strong> : http:\/\/www.telerama.fr\/cinema\/le-divan-de-staline-gerard-depardieu-grandiose-dans-un-role-a-sa-mesure,152597.php#xtor<\/p>\n<p>-&#8220;Les Derniers parisiens&#8221;, le premier film du groupe de rap &#8220;La Rumeur&#8221; (vid\u00e9o) :    http:\/\/www.lci.fr\/cinema\/video-les-derniers-parisiens-le-groupe-de-rap-la-rumeur-signe-son-premier-film-avec-reda-kateb-et-melanie-laurent-2021444.html%3Ftype=content<\/p>\n<p>-&#8220;Patients&#8221;, le premier long m\u00e9trage de Grand Corps Malade (vid\u00e9o) :          http:\/\/www.lci.fr\/cinema\/video-grand-corps-malade-patients-son-tres-reussi-premier-long-metrage-marquera-l-annee-cinema-2021458.html%3Ftype=content<\/p>\n<p><strong>-Le nouvel album de &#8220;The XX&#8221; (Rebecca Manzoni; vid\u00e9o) : <\/strong> https:\/\/www.franceinter.fr\/emissions\/pop-co\/pop-co-12-janvier-2017<\/p>\n<p>-Abou Diarra en concert (vid\u00e9o) : http:\/\/www.rfi.fr\/video\/20170109-koya-abou-diarra-concert-medley<\/p>\n<p><strong>-Le Street art s&#8217;est invit\u00e9 \u00e0 &#8220;la Biblioth\u00e8que M\u00e9dicis&#8221; de Jean-Pierre Elkabbach (vid\u00e9o)<\/strong> : https:\/\/www.publicsenat.fr\/emission\/bibliotheque-medicis\/le-rendez-vous-des-livres-et-des-auteurs-48372<\/p>\n<p>-Les photos de la semaine (Epic) : http:\/\/www.oai13.com\/featured\/la-selection-du-jeudi-depic-stories-70\/<\/p>\n<p>-&#8220;David Forge, l&#8217;agriculteur qui cartonne sur internet&#8221; (vid\u00e9o) : http:\/\/www.francetvinfo.fr\/economie\/emploi\/metiers\/agriculture\/david-forge-l-agriculteur-qui-cartonne-sur-internet_2014670.html<\/p>\n<p><strong>-&#8220;Le cin\u00e9ma fran\u00e7ais \u00e0 l&#8217;assaut du tout petit \u00e9cran&#8221; (Sonia Devillers re\u00e7oit Isabelle Giordano; vid\u00e9o, amener le curseur sur 9:36) : <\/strong> http:\/\/www.dailymotion.com\/video\/x587vte_isabelle-giordano-le-cinema-francais-a-l-assaut-du-tout-petit-ecran_shortfilms<\/p>\n<p>-Laurence Ha\u00efm, du journalisme \u00e0 la campagne d&#8217;Emmanuel Macron (J\u00e9r\u00f4me Ivanichtchenko; vid\u00e9o) : http:\/\/www.europe1.fr\/emissions\/le-fait-medias-du-jour\/laurence-haim-du-journaliste-a-la-campagne-demmanuel-macron-2948444<\/p>\n<p><strong>-&#8220;Les sarkozystes, une population en souffrance&#8221; (Charline Vanhoenacker; vid\u00e9o) : <\/strong> http:\/\/www.dailymotion.com\/video\/x587e9e_la-deprime-des-sarkozystes-une-population-en-souffrance-le-billet-de-charline_fun<\/p>\n","protected":false},"excerpt":{"rendered":"<p>ACTUALITE -Les m\u00e9tiers les plus menac\u00e9s par la r\u00e9volution num\u00e9rique (Alain Ruello; vid\u00e9o) : http:\/\/www.lesechos.fr\/economie-france\/social\/0211673701154-revolution-numerique-moins-de-10-des-emplois-sont-menaces-en-france-2056485.php#xtor -&#8220;50 % des emplois vont \u00eatre appel\u00e9s \u00e0 \u00e9voluer de mani\u00e8re significative ou profonde&#8221; (Marie-Claire Carr\u00e8re-G\u00e9e, pr\u00e9sidente du conseil d&#8217;Orientation pour l&#8217;Emploi; face \u00e0 Nicolas Pierron; vid\u00e9o) : https:\/\/www.dailymotion.com\/video\/x587pnr_50-des-emplois-vont-etre-appeles-a-evoluer-de-maniere-significative-ou-profonde-marie-claire-carrer_news -Une relaxe totale et du sursis pour les salari\u00e9s de Goodyear [&hellip;]<\/p>\n","protected":false},"author":1042,"featured_media":0,"comment_status":"open","ping_status":"open","sticky":false,"template":"","format":"standard","meta":{"_themeisle_gutenberg_block_has_review":false,"footnotes":""},"categories":[151],"tags":[],"class_list":["post-10110","post","type-post","status-publish","format-standard","hentry","category-la-revue-de-presse-de-lulu"],"_links":{"self":[{"href":"https:\/\/archives.regards.fr\/index.php?rest_route=\/wp\/v2\/posts\/10110","targetHints":{"allow":["GET"]}}],"collection":[{"href":"https:\/\/archives.regards.fr\/index.php?rest_route=\/wp\/v2\/posts"}],"about":[{"href":"https:\/\/archives.regards.fr\/index.php?rest_route=\/wp\/v2\/types\/post"}],"author":[{"embeddable":true,"href":"https:\/\/archives.regards.fr\/index.php?rest_route=\/wp\/v2\/users\/1042"}],"replies":[{"embeddable":true,"href":"https:\/\/archives.regards.fr\/index.php?rest_route=%2Fwp%2Fv2%2Fcomments&post=10110"}],"version-history":[{"count":0,"href":"https:\/\/archives.regards.fr\/index.php?rest_route=\/wp\/v2\/posts\/10110\/revisions"}],"wp:attachment":[{"href":"https:\/\/archives.regards.fr\/index.php?rest_route=%2Fwp%2Fv2%2Fmedia&parent=10110"}],"wp:term":[{"taxonomy":"category","embeddable":true,"href":"https:\/\/archives.regards.fr\/index.php?rest_route=%2Fwp%2Fv2%2Fcategories&post=10110"},{"taxonomy":"post_tag","embeddable":true,"href":"https:\/\/archives.regards.fr\/index.php?rest_route=%2Fwp%2Fv2%2Ftags&post=10110"}],"curies":[{"name":"wp","href":"https:\/\/api.w.org\/{rel}","templated":true}]}}