{"id":10109,"date":"2017-01-12T07:52:17","date_gmt":"2017-01-12T06:52:17","guid":{"rendered":"https:\/\/wp.muchomaas.com\/article-la-revue-du-12-janvier-2017\/"},"modified":"2017-01-12T07:52:17","modified_gmt":"2017-01-12T06:52:17","slug":"article-la-revue-du-12-janvier-2017","status":"publish","type":"post","link":"https:\/\/archives.regards.fr\/?p=10109","title":{"rendered":"La Revue du 12 janvier 2017"},"content":{"rendered":"<p><strong>ACTUALITE<\/strong><\/p>\n<p><strong>-Huit sections CGT vont d\u00e9poser des recours en annulation des d\u00e9crets d&#8217;application de la Loi Travail devant le Conseil d&#8217;Etat (Amandine Cailhol) :      <\/strong>                                                        http:\/\/www.liberation.fr\/france\/2017\/01\/10\/loi-travail-la-bataille-juridique-est-lancee_1540462?xtor=EPR-450206&#038;utm_source<\/p>\n<p><strong>-Les b\u00e9n\u00e9ficiaires des dividendes records de l&#8217;ann\u00e9e 2016 (vid\u00e9o) : <\/strong> http:\/\/www.francetvinfo.fr\/economie\/bourse\/actionnaires-qui-sont-les-beneficiaires-des-dividendes_2011499.html<\/p>\n<p>-&#8220;Il n&#8217;y a pas de candidat pr\u00e9f\u00e9r\u00e9 du Medef. Nous recevrons  les candidats majeurs. On invitera sans doute Marine Le Pen et Monsieur M\u00e9lenchon. Je ne les ai jamais rencontr\u00e9s, \u00e0 part dans un ascenseur. Nous ne donnerons pas de consigne de vote, par contre nous nous exprimerons sur les programmes \u00e9conomiques de chacun des candidats&#8221; (Pierre Gattaz, invit\u00e9 de la matinale de Franceinfo; vid\u00e9o) : http:\/\/www.dailymotion.com\/video\/x583fsd_presidentielle-le-medef-recevra-les-candidats-majeurs-y-compris-sans-doute-marine-le-pen_news<\/p>\n<p>-&#8220;Les urgences d\u00e9pass\u00e9es par la grippe&#8221; (vid\u00e9o) : http:\/\/www.francetvinfo.fr\/sante\/maladie\/grippe\/grippe-les-urgences-depassees_2011481.html<\/p>\n<p>-Plus de malades qui n\u00e9cessitent une hospitalisation (vid\u00e9o) : http:\/\/www.francetvinfo.fr\/sante\/maladie\/grippe\/grippe-plus-de-patients-doivent-etre-hospitalises-cette-annee_2011507.html<\/p>\n<p>-Ce que nous apprennent les d\u00e9c\u00e8s dans une maison de retraite lyonnaise : http:\/\/www.francetvinfo.fr\/sante\/soigner\/vaccin-contre-la-grippe-ce-que-nous-apprennent-les-deces-dans-une-maison-de-retraite-lyonnaise_2009009.html<\/p>\n<p>-&#8220;Le bilan sera probablement lourd&#8221; (Marisol Touraine; vid\u00e9o) : http:\/\/www.francetvinfo.fr\/sante\/maladie\/grippe\/video-grippe-le-bilan-sera-probablement-lourd-previent-marisol-touraine_2012450.html<\/p>\n<p><strong>-&#8220;C&#8217;est la chute d&#8217;un syst\u00e8me de sant\u00e9&#8221; (l&#8217;urgentiste G\u00e9rald Kierzek, interrog\u00e9 par Thomas Sotto; son) <\/strong> : http:\/\/www.europe1.fr\/emissions\/l-interview-verite\/gerald-kierzek-cest-la-chute-dun-systeme-de-sante-2947397<\/p>\n<p>-&#8220;Les personnels sont us\u00e9s&#8221; (Philippe Juvet, chef des urgences de l&#8217;h\u00f4pital Georges- Pompidou; vid\u00e9o) : http:\/\/www.rtl.fr\/actu\/societe-faits-divers\/grippe-les-personnels-sont-uses-deplore-le-chef-des-urgences-d-un-hopital-parisien-7786684924<\/p>\n<p>-La place des jeunes dans les territoires ruraux (Bertrand Coly, membre du Conseil Economique, Social et Environnemental; son) : http:\/\/www.sudradio.fr\/Podcasts\/L-invite-pour-comprendre\/Bertrand-Coly-membre-du-CESE<\/p>\n<p><strong>-Sa pr\u00e9sentation du projet d&#8217;avis devant le Conseil (vid\u00e9o) :<\/strong> http:\/\/www.lecese.fr\/content\/le-cese-se-prononcera-sur-la-place-des-jeunes-dans-les-territoires-ruraux<\/p>\n<p>-Au S\u00e9nat, la loi littoral menac\u00e9e (Baptiste Gaborit, le 11 janvier; son) : https:\/\/www.radioclassique.fr\/radio\/emissions\/matinale-de-radio-classique\/3-minutes-planete\/<\/p>\n<p><strong>-L&#8217;autod\u00e9fense des plantes (Nathalie Fontrel; son) : <\/strong> https:\/\/www.franceinter.fr\/emissions\/planete-environnement\/planete-environnement-11-janvier-2017<\/p>\n<p>-A Rennes et ailleurs, un nouveau processus d&#8217;attribution des logements sociaux (vid\u00e9o) :  http:\/\/www.francetvinfo.fr\/economie\/immobilier\/le-logement-social-passe-aux-points_2011511.html<\/p>\n<p>-Val\u00e9rie P\u00e9cresse, pr\u00e9sidente LR de la r\u00e9gion, veut la fin des transports gratuits lors des pics de pollution en Ile-de-France : http:\/\/www.lemonde.fr\/politique\/article\/2017\/01\/10\/pecresse-veut-la-fin-des-transports-publics-gratuits-en-cas-de-pollution-en-ile-de-france_5060584_823448.html<\/p>\n<p>-La production de foie gras en France (vid\u00e9o) : http:\/\/www.la-croix.com\/Economie\/France\/VIDEO-La-production-de-foie-gras-en-France-en-chiffres-2017-01-10-1200816056?utm_source<\/p>\n<p>-&#8220;On veut \u00eatre champions du monde chez nous&#8221; (Nicolas Karabatic; vid\u00e9o) : http:\/\/videos.leparisien.fr\/video\/handball-karabatic-on-veut-etre-champions-du-monde-chez-nous-09-01-2017-x57x6f2#xtor<\/p>\n<p>-&#8220;Favoris, encore un fardeau&#8221; (Didier Dinart, coentra\u00eeneur de l&#8217;\u00e9quipe de France de handball (vid\u00e9o) : http:\/\/nr.news-republic.com\/Web\/ArticleWeb.aspx?regionid=2&#038;articleid=82401817<\/p>\n<p>-Ce qu&#8217;en pense le secr\u00e9taire d&#8217;Etat aux sports Thierry Braillard (son) : http:\/\/www.sudradio.fr\/Podcasts\/L-invite-pour-comprendre\/Thierry-Braillard-Secretaire-d-Etat-aux-Sports2<\/p>\n<p>-&#8220;L&#8217;Euro 2016 a rapport\u00e9 un milliard d&#8217;euros \u00e0 la France&#8221; : http:\/\/www.la-croix.com\/Sport\/LEuro2016-a-rapporte-1-milliard-deuros-a-la-France-2017-01-10-1200816071?utm_source<\/p>\n<p>-A Compi\u00e8gne, pour lutter contre les dealers, l&#8217;OPAC condamne certaines cages d&#8217;escaliers (Arnaud Dumontier, son pr\u00e9sident LR; face \u00e0 Dimitri Pavlenko; son) : http:\/\/www.sudradio.fr\/Podcasts\/L-invite-pour-comprendre\/Arnaud-Dumontier-maire-LR-de-Pont-Sainte-Maxence<\/p>\n<p><strong>-&#8220;La fin du fantasme terroriste de Tarnac&#8221; (Emmanuel Fansten et Willy Le Devin) : <\/strong> http:\/\/www.liberation.fr\/france\/2017\/01\/10\/tarnac-la-fin-du-fantasme-terroriste_1540528?xtor=EPR<\/p>\n<p><em>-Les Fran\u00e7ais et la d\u00e9p\u00e9nalisation du cannabis (IFOP) <\/em> : http:\/\/www.ifop.fr\/?option=com_publication&#038;type=poll&#038;id=3604<\/p>\n<p><strong>POLITIQUE<\/strong><\/p>\n<p><strong>-&#8220;On aurait d\u00fb s&#8217;appuyer sur les moments de mobilisation nationale apr\u00e8s les attentats pour en finir avec la logique de guerre. Si le bilan de Fran\u00e7ois Hollande \u00e9tait ce qu&#8217;il en dit, il n&#8217;aurait pas renonc\u00e9 \u00e0 \u00eatre candidat. Le programme de Fran\u00e7ois Fillon est tr\u00e8s brutal. Je suis d&#8217;accord avec une grande partie des propositions de Jean-Luc M\u00e9lenchon. Nous sommes d&#8217;accord avec son parti pris \u00e9cologique , mais en conservant une part de nucl\u00e9aire. Nous soutenons le candidat le plus proche de nous mais en continuant \u00e0 chercher \u00e0 \u00e9largir. Je pense que le FN n&#8217;a aucun probl\u00e8me de financement. C&#8217;est un parti dangereux pour la France. La proportionnelle donnerait de la v\u00e9rit\u00e9 au d\u00e9bat politique. Derri\u00e8re le revenu universel, il y a beaucoup de confusion. Les associations sont tr\u00e8s r\u00e9ticentes&#8221; (Pierre Laurent, invit\u00e9 de &#8220;L&#8217;\u00e9preuve de v\u00e9rit\u00e9&#8221; sur Public S\u00e9nat; vid\u00e9o) : <\/strong> https:\/\/www.dailymotion.com\/video\/x5815v7_invite-pierre-laurent-l-epreuve-de-verite-10-01-2017_tv<\/p>\n<p>-Au Mans, Jean-Luc M\u00e9lenchon a appel\u00e9 \u00e0 ne pas prendre part \u00e0 la primaire du PS &#8220;pour ne pas les amnistier&#8221; (vid\u00e9o) : http:\/\/www.lci.fr\/elections\/jean-luc-melenchon-appelle-a-ne-pas-prendre-part-a-la-primaire-du-ps-2021347.html%3Ftype=content<\/p>\n<p>-&#8220;Aux l\u00e9gislatives, Pierre Laurent enterre tout accord avec Jean-Luc M\u00e9lenchon&#8221; (Pauline Graule) : http:\/\/www.politis.fr\/articles\/2017\/01\/legislatives-pierre-laurent-pcf-enterre-tout-accord-avec-melenchon-36106\/<\/p>\n<p>-Hamon a fait salle comble \u00e0 Montpellier (vid\u00e9o) : http:\/\/www.lcp.fr\/la-politique-en-video\/primaire-gauche-hamon-fait-salle-comble-montpellier<\/p>\n<p>-Avec Vincent Peillon, ils \u00e9taient face \u00e0 la r\u00e9daction de Mediapart (vid\u00e9o, amener le curseur sur 44:44) : https:\/\/www.youtube.com\/watch?v=-JMHbx9x-Tg&#038;feature=youtu.be<\/p>\n<p>-&#8220;Je suis tr\u00e8s d\u00e9termin\u00e9. Il y a un peu d&#8217;amn\u00e9sie chez certains candidats, anciens ministres de Fran\u00e7ois Hollande. Arnaud Montebourg a \u00e9t\u00e9 un militant du gaz de schiste, aujourd&#8217;hui, il est contre&#8221;  (Fran\u00e7ois de Rugy, candidat \u00e9cologiste \u00e0 la primaire socialiste; face \u00e0 Caroline Roux; vid\u00e9o) : http:\/\/www.france2.fr\/emissions\/telematin\/actu\/les-4-verites-francois-de-rugy_539513<\/p>\n<p>-Sylvia Pinel, candidate PRG \u00e0 la primaire socialiste; interrog\u00e9e par Olivier Galzi (vid\u00e9o) : http:\/\/www.itele.fr\/chroniques\/invite-galzi-jusqua-minuit\/linvite-politique-dolivier-galzi-du-10012017-172318<\/p>\n<p>-&#8220;La campagne va commencer avec le premier d\u00e9bat t\u00e9l\u00e9vis\u00e9. Manuel Valls assume totalement le bilan&#8221; (Le ministre Patrick Kanner, qui soutient Manuel Valls, face \u00e0 Laurence Ferrari; vid\u00e9o) : http:\/\/www.itele.fr\/chroniques\/invite-politique-ferrari-tirs-croises\/linvite-de-laurence-ferrari-du-11012017-172333<\/p>\n<p>-&#8220;Le candidat PS n&#8217;a aucune chance&#8221; (G\u00e9rard Collomb, s\u00e9nateur PS du Rh\u00f4ne, face \u00e0 Guillaume Durand; vid\u00e9o) : https:\/\/www.dailymotion.com\/video\/x583dzy_le-candidat-ps-n-a-aucune-chance-gerard-collomb-11-01-2017_news<\/p>\n<p>-&#8220;L&#8217;\u00e9nervement de Manuel Valls&#8221; (Christophe Barbier; vid\u00e9o) : http:\/\/www.bfmtv.com\/mediaplayer\/video\/l-edito-de-christophe-barbier-primaire-de-la-gauche-zoom-sur-l-agacement-de-manuel-valls-901979.html<\/p>\n<p>-&#8220;Il est l&#8217;outsider, pas le favori&#8221; (Luc Carvounas, s\u00e9nateur socialiste du Val-de-Marne; invit\u00e9 de &#8220;Territoires d&#8217;Infos&#8221;; vid\u00e9o, amener le curseur sur 33:00) : http:\/\/www.dailymotion.com\/video\/x5837z5_luc-carvounas-territoires-d-infos-11-01-2017_news<\/p>\n<p>-&#8220;J&#8217;esp\u00e8re 1,5 million de votants pour la primaire&#8221; (Christophe Borgel, d\u00e9put\u00e9 PS de Haute Garonne, charg\u00e9 de son organisation; interrog\u00e9 par Eric Delvaux; son) : https:\/\/www.franceinter.fr\/emissions\/l-invite-du-5-7\/l-invite-du-5-7-11-janvier-2017<\/p>\n<p>-La primaire \u00e9tait au &#8220;T\u00e9l\u00e9phone sonne&#8221; de France Inter, anim\u00e9 par Nicolas Demorand (son) : https:\/\/www.franceinter.fr\/emissions\/le-telephone-sonne\/le-telephone-sonne-11-janvier-2017<\/p>\n<p>-&#8220;La droite a cru que le gagnant de la pr\u00e9sidentielle serait le gagnant de sa primaire car elle pensait que celui de la gauche serait Fran\u00e7ois Hollande, au plus bas dans l&#8217;opinion&#8221; (Malek Boutih, d\u00e9put\u00e9 socialiste de l&#8217;Essonne, soutient de Manuel Valls; invit\u00e9 de &#8220;Mardi Politique&#8221;; vid\u00e9o) : http:\/\/www.rfi.fr\/video\/20170110-malek-boutih-depute-ps-essonne-soutien-manuel-valls<\/p>\n<p>-&#8220;Dans tous les \u00e9tats occidentaux on a un d\u00e9clin du parti socialiste&#8221; (Nicolas Bouzou; vid\u00e9o) : https:\/\/www.dailymotion.com\/video\/x583du2_dans-tous-les-pays-occidentaux-on-a-un-declin-du-parti-socialiste-nicolas-bouzou-11-01-20047_news<\/p>\n<p>-&#8220;Malbouffe masqu\u00e9e, malbouffe quand m\u00eame&#8230;&#8221; (S\u00e9bastien Nadot, candidat \u00e0 l&#8217;\u00e9lection pr\u00e9sidentielle soutenu par le MdP) : http:\/\/www.md-progressistes.fr\/malbouffe-masquee-malbouffe-quand-meme\/?utm_source<\/p>\n<p><strong>-&#8220;Un budget de la d\u00e9fense augment\u00e9, pour quoi faire ?&#8221; (une tribune de Paul Quil\u00e8s et du g\u00e9n\u00e9ral Bernard Norlain) : <\/strong> http:\/\/paul.quiles.over-blog.com\/2017\/01\/un-budget-de-la-defense-augmente.pour-quoi-faire.html<\/p>\n<p><strong>-&#8220;Pour justifier le cumul des mandats, en finir avec l&#8217;argument de la d\u00e9connexion&#8221; (Thomas Legrand; son) :<\/strong> https:\/\/www.franceinter.fr\/emissions\/l-edito-politique\/l-edito-politique-11-janvier-2017<\/p>\n<p><strong>-&#8220;Le Revenu universel va renforcer le pouvoir de n\u00e9gociation des gens sur le march\u00e9 du travail&#8221; (L&#8217;\u00e9conomiste Daniel Cohen, invit\u00e9 de la matinale de France Inter. Il r\u00e9pondait aux questions de Patrick Cohen et des auditeurs; vid\u00e9os) : <\/strong>                http:\/\/www.dailymotion.com\/video\/x583atj_daniel-cohen-le-revenu-universel-va-renforcer-le-pouvoir-de-negociation-des-gens-sur-le-marche-du-tr_news<br \/>\n<iframe loading=\"lazy\" title=\"L&#039;\u00e9conomiste Daniel Cohen r\u00e9pond aux auditeurs de France Inter\" frameborder=\"0\" width=\"500\" height=\"283\" src=\"https:\/\/geo.dailymotion.com\/player.html?video=x583cub&#038;\" allowfullscreen allow=\"autoplay; fullscreen; picture-in-picture; web-share\"><\/iframe><\/p>\n<p><strong>-&#8216;&#8221;Sur la S\u00e9curit\u00e9 sociale, on n&#8217;a pas \u00e9t\u00e9 bons, on n&#8217;a pas \u00e9t\u00e9 clairs. je ne supprimerai pas le 49.3. Bachar al-Assad est un dictateur au pass\u00e9 sanglant&#8221; (Fran\u00e7ois Fillon face \u00e0 Jean-Jacques Bourdin, qui se dit pr\u00eat \u00e0 d\u00e9battre avec Marine le Pen en cas de duel au second tour et qui conc\u00e8de avoir pens\u00e9 \u00e0 Emmanuel Macron comme directeur-adjoint de son cabinet quand il \u00e9tait \u00e0 Matignon; vid\u00e9o) : <\/strong> http:\/\/www.bfmtv.com\/mediaplayer\/video\/francois-fillon-face-a-jean-jacques-bourdin-en-direct-901999.html<\/p>\n<p>-&#8220;Le projet de Fran\u00e7ois Fillon ne peut pas \u00eatre que du sang et des larmes&#8221; (Laurent Wauquiez, vice-pr\u00e9sident des R\u00e9publicains, interrog\u00e9 par Elizabeth Martichoux; son et vid\u00e9o) : http:\/\/www.rtl.fr\/actu\/politique\/wauquiez-a-fillon-un-projet-ne-peut-pas-etre-que-du-sang-et-des-larmes-presidentielle-2017-7786678838<\/p>\n<p>-&#8220;Le p\u00e9ch\u00e9 d&#8217;orgueil d&#8217;Emmanuel Macron qui se voit d\u00e9j\u00e0 pr\u00e9sident. On peut \u00eatre de droite et \u00eatre progressiste&#8221; (Virginie Calmels, maire-adjointe LR \u00e0  Bordeaux, face \u00e0 Dimitri Pavlenko; son) : http:\/\/www.sudradio.fr\/Podcasts\/L-invite-pour-comprendre\/Virginie-Calmels-presidente-du-mouvement-DroiteLib<\/p>\n<p><strong>-&#8220;Si on dit aux Fran\u00e7ais &#8220;c&#8217;est \u00e0 prendre ou \u00e0 laisser, ils laisseront&#8221;. J&#8217;ai le temps et je suis libre&#8221; (Fran\u00e7ois Bayrou, pr\u00e9sident du MoDem; face \u00e0 Fabien Namias; vid\u00e9o) : <\/strong> http:\/\/www.europe1.fr\/emissions\/linterview-politique-de-8h20\/francois-bayrou-jai-le-temps-et-je-suis-libre-2947436<\/p>\n<p>-&#8220;Aujourd&#8217;hui, il y a un tiers des d\u00e9partements o\u00f9 nous avons des accords avec nos amis  les R\u00e9publicains. Nous souhaitons un groupe de 60 \u00e0 70 d\u00e9put\u00e9s&#8221;  (Philippe  Vigier, pr\u00e9sident du groupe UDI \u00e0 l&#8217;Assembl\u00e9e nationale; interrog\u00e9 par Brigitte Boucher; vid\u00e9o, amener le curseur sur 30:50) : http:\/\/www.lcp.fr\/emissions\/politique-matin\/279026-politique-matin<\/p>\n<p>-&#8220;Les centristes peuvent-ils faire perdre Fran\u00e7ois Fillon ?&#8221; (Yves Thr\u00e9ard du &#8220;Figaro&#8221;; vid\u00e9o) : http:\/\/www.europe1.fr\/emissions\/ledito-politique-dyves-threard\/les-centristes-peuvent-ils-faire-perdre-fillon-2947340<\/p>\n<p>-&#8220;Emmanuel Macron appara\u00eet un peu comme le Bayrou de 2007&#8221; (Alba Ventura; vid\u00e9o) : http:\/\/www.rtl.fr\/actu\/politique\/presidentielle-2017-macron-apparait-un-peu-comme-le-bayrou-de-2007-selon-alba-ventura-7786678452<\/p>\n<p>-&#8220;Je crois que le vrai ni droite ni gauche, c&#8217;est Marine Le Pen&#8221; (Nicolas Bay, Secr\u00e9taire g\u00e9n\u00e9ral du FN, face \u00e0 Fr\u00e9d\u00e9ric Rivi\u00e8re; vid\u00e9o) : http:\/\/www.rfi.fr\/video\/20170111-nicolas-bay-fn-nous-voulons-francais-soient-nouveau-maitre-leur-destin<\/p>\n<p><em>-Les intentions de vote \u00e0 l&#8217;\u00e9lection pr\u00e9sidentielle (BVA) :<\/em> http:\/\/www.bva.fr\/fr\/sondages\/intentions_de_vote_a_3_mois_et_demi_de_l_election_presidentielle.html<\/p>\n<p><em>-Pour IFOP<\/em> : http:\/\/www.ifop.fr\/?option=com_publication&#038;type=poll&#038;id=3605<\/p>\n<p><em>-Le sens que les Fran\u00e7ais donnent \u00e0 ce vote (IFOP) <\/em> : http:\/\/www.ifop.fr\/?option=com_publication&#038;type=poll&#038;id=3603<\/p>\n<p><em>-Les images et potentiels \u00e9lectoraux de Fran\u00e7ois Fillon et Marine Le Pen (HARRIS) <\/em> : http:\/\/harris-interactive.fr\/opinion_polls\/images-et-potentiels-electoraux-de-francois-fillon-et-marine-le-pen\/<\/p>\n<p><strong>EUROPE-MONDE<\/strong><\/p>\n<p>-Une p\u00e9tition citoyenne europ\u00e9enne pour l&#8217;interdiction du glyphosate (C\u00e9cile Barbi\u00e8re) : http:\/\/www.euractiv.fr\/section\/sante-modes-de-vie\/news\/une-petition-citoyenne-compte-faire-interdire-le-glyphosate\/<\/p>\n<p>-&#8220;Feu vert conditionnel de Bruxelles au sauvetage d&#8217;Areva&#8221; : http:\/\/www.euractiv.fr\/section\/energie\/news\/feu-vert-conditionnel-de-bruxelles-au-sauvetage-dareva\/<\/p>\n<p><strong>-&#8220;Le CETA est un cadeau aux multinationales biotech&#8221; (texte collectif) : <\/strong> http:\/\/www.euractiv.fr\/section\/agriculture-alimentation\/opinion\/ogm-le-ceta-un-cadeau-aux-multinationales-biotech\/<\/p>\n<p>-&#8220;Le Parlement europ\u00e9en pr\u00e9pare la r\u00e9volution robotique de l&#8217;emploi&#8221; (Daniel M\u00fctzel) : http:\/\/www.euractiv.fr\/section\/innovation-entreprises\/news\/eu-plans-first-laws-on-robotics<\/p>\n<p>-&#8220;Galileo va assurer notre ind\u00e9pendance&#8221; (Jean-Yves Le Gall, pr\u00e9sident du Centre national spatial de Toulouse; propos recueillis par C\u00e9cile Reto) : http:\/\/www.euractiv.fr\/section\/all\/interview\/galileo-va-assurer-notre-independance\/<\/p>\n<p>-En Allemagne, une forte progression de l&#8217;absent\u00e9isme (vid\u00e9o) : http:\/\/www.francetvinfo.fr\/economie\/allemagne-l-absenteisme-en-forte-progression_2011505.html<\/p>\n<p>-A Berlin, Macron plaide pour un &#8220;Schengen renforc\u00e9&#8221; : http:\/\/www.euractiv.fr\/section\/elections\/news\/a-berlin-macron-plaide-pour-un-%E2%80%89schengen-renforce%E2%80%89\/<\/p>\n<p>-Il veut restaurer la confiance avec les Allemands &#8220;en faisant des r\u00e9formes s\u00e9rieuses&#8221; : http:\/\/www.lemonde.fr\/election-presidentielle-2017\/article\/2017\/01\/10\/emmanuel-macron-a-berlin-pour-se-donner-une-stature-europeenne_5060405_4854003.html<\/p>\n<p>-Au Royaume Uni, les tribunaux islamiques sont tol\u00e9r\u00e9s de longue date (vid\u00e9o) : http:\/\/www.francetvinfo.fr\/economie\/emploi\/metiers\/droit-et-justice\/royaume-uni-les-tribunaux-islamiques-sont-toleres_2011485.html<\/p>\n<p>-En Gr\u00e8ce, la vague de froid rend la situation des r\u00e9fugi\u00e9s intenable (Georgi Gotev) : http:\/\/www.euractiv.fr\/section\/l-europe-dans-le-monde\/news\/commission-calls-the-plight-of-refugees-on-greek-islands-untenable\/<\/p>\n<p><strong>-Victimes de la vague de froid dans les Balkans (vid\u00e9o) <\/strong> : http:\/\/nr.news-republic.com\/Web\/ArticleWeb.aspx?regionid=2&#038;articleid=82401817<\/p>\n<p>-La Finlande lance le premier test d&#8217;un revenu de base en Europe (Ama Lorenz) : http:\/\/www.euractiv.fr\/section\/europe-sociale-emploi\/news\/finland-first-in-europe-to-take-basic-income-plunge\/<\/p>\n<p><strong>-La Su\u00e8de s&#8217;en prend \u00e0 l&#8217;obsolescence programm\u00e9e (Yolaine de la Bigne; son) : <\/strong> http:\/\/www.sudradio.fr\/Podcasts\/Quelle-epoque-ethique\/La-suede-remballe-l-obsolescence-programmee<\/p>\n<p>-La Roumanie refuse de d\u00e9panner la Bulgarie en \u00e9nergie (Georgi Gotev) : http:\/\/www.euractiv.fr\/section\/energie\/news\/romania-turns-down-emergency-power-supply-request-from-bulgaria\/<\/p>\n<p>-La perspective d&#8217;un accord sur Chypre encore tr\u00e8s \u00e9loign\u00e9e (vid\u00e9o) : http:\/\/nr.news-republic.com\/Web\/ArticleWeb.aspx?regionid=2&#038;articleid=82401817<\/p>\n<p>-Les cartes du futur \u00e9tat f\u00e9d\u00e9ral seraient confi\u00e9es \u00e0 l&#8217;ONU (vid\u00e9o) :<br \/>\nhttp:\/\/nr.news-republic.com\/Web\/ArticleWeb.aspx?regionid=2&#038;articleid=82530376<\/p>\n<p>-&#8220;Beno\u00eet Hamon, un d\u00e9fenseur de taille de l&#8217;unit\u00e9 europ\u00e9enne&#8221; (Bernard Guetta; son) : https:\/\/www.franceinter.fr\/emissions\/geopolitique\/geopolitique-11-janvier-2017<\/p>\n<p>-En Suisse, \u00e0 l&#8217;\u00e9cole, la natation mixte est obligatoire (vid\u00e9o) : http:\/\/nr.news-republic.com\/Web\/ArticleWeb.aspx?regionid=2&#038;articleid=82417608<\/p>\n<p>-Istanbul, 2016 ann\u00e9e noire pour le tourisme (vid\u00e9o) : http:\/\/nr.news-republic.com\/Web\/ArticleWeb.aspx?regionid=2&#038;articleid=82463376<\/p>\n<p><strong>-Nouvelle audience dans le proc\u00e8s du repr\u00e9sentant de &#8220;Reporter sans fronti\u00e8res&#8221; (vid\u00e9o) : <\/strong> http:\/\/nr.news-republic.com\/Web\/ArticleWeb.aspx?regionid=2&#038;articleid=82473963<\/p>\n<p><strong>-&#8220;Vladimir Poutine, l&#8217;homme de l&#8217;ann\u00e9e ?&#8221; (Christian Makarian de &#8220;l&#8217;Express&#8221;; son) :<\/strong> https:\/\/www.franceinter.fr\/emissions\/meridien-d-europe\/meridien-d-europe-11-janvier-2017<\/p>\n<p>-&#8220;La conf\u00e9rence de Paris \u00e9loigne de la paix&#8221; (la vice-ministre des Affaires \u00e9trang\u00e8res isra\u00e9lienne; vid\u00e9o) : http:\/\/nr.news-republic.com\/Web\/ArticleWeb.aspx?regionid=2&#038;articleid=82536564<\/p>\n<p>-Des d\u00e9put\u00e9s fran\u00e7ais en Syrie (en d\u00e9bat dans &#8220;\u00c7a vous regarde&#8221; sur LCP; vid\u00e9o) : http:\/\/www.lcp.fr\/emissions\/ca-vous-regarde\/279289-ca-vous-regarde<\/p>\n<p><strong>-&#8220;Le nazi Alo\u00efse Bruner a form\u00e9 les service secret syriens pendant 40 ans&#8221; (le journaliste Hedi Aouidj, interrog\u00e9 par L\u00e9a Salam\u00e9; vid\u00e9o) :      <\/strong>                     http:\/\/www.dailymotion.com\/video\/x58366k_hedi-aouidj-le-nazi-alois-bruner-a-forme-les-services-secrets-syriens-pendant-40-ans_news<\/p>\n<p><strong>-Au Y\u00e9men, 1500 enfants tu\u00e9s depuis 2015 (vid\u00e9o)<\/strong> : http:\/\/nr.news-republic.com\/Web\/ArticleWeb.aspx?regionid=2&#038;articleid=82502304<\/p>\n<p>-Les larmes d&#8217;Obama pour son dernier discours (vid\u00e9o) : https:\/\/www.youtube.com\/watch?v=HrjLe202gYI<\/p>\n<p><strong>-Le discours int\u00e9gral (avec sa traduction; vid\u00e9o) : <\/strong> http:\/\/www.francetvinfo.fr\/monde\/usa\/presidentielle\/investiture-d-obama\/regardez-en-direct-des-3-heures-le-discours-d-adieu-du-president-americain-barack-obama_2011413.html<\/p>\n<p>-Le Br\u00e9sil plong\u00e9 dans la guerre des gangs de la coca\u00efne (vid\u00e9o) : http:\/\/nr.news-republic.com\/Web\/ArticleWeb.aspx?regionid=2&#038;articleid=82484503<\/p>\n<p><strong>-En Indon\u00e9sie, ils risquent leur vie pour l&#8217;\u00e9tain des smartphones (vid\u00e9o) : <\/strong> http:\/\/nr.news-republic.com\/Web\/ArticleWeb.aspx?regionid=2&#038;articleid=82459213<\/p>\n<p><strong>CULTURE-MEDIAS<\/strong><\/p>\n<p><strong>-&#8220;Rien n&#8217;interdit de faire sens avec beaut\u00e9, avec lyrisme&#8221; (Christiane Taubira \u00e0 &#8220;la Nuit de la Po\u00e9sie&#8221; (vid\u00e9o) <\/strong> : https:\/\/www.youtube.com\/watch?v=6b82Rt0ZDog<\/p>\n<p><strong>-&#8220;Jack Ralite, un homme po\u00e9tique&#8221;, avec Jacques Bonnaff\u00e9 qui lit la po\u00e9sie (4 \u00e9missions de France Culture; sons) :         <\/strong>                                                                                                                     https:\/\/www.franceculture.fr\/emissions\/jacques-bonnaffe-lit-la-poesie\/jack-ralite-un-homme-poetique-14-oter-une-pierre-et-mettre           <\/p>\n<p><strong>-&#8220;La v\u00e9rit\u00e9 de l&#8217;Histoire se construit, elle ne se constate pas&#8221; (l&#8217;historien Patrick Boucheron, professeur au Coll\u00e8ge de France; invit\u00e9 de la &#8220;Grande Table&#8221; d&#8217;Olivia Gesbert; son) :    <\/strong>    https:\/\/www.franceculture.fr\/emissions\/la-grande-table-2eme-partie\/quelles-frontieres-pour-le-recit-national#xtor<\/p>\n<p><strong>-Le professeur de sciences sociales Didier Fassin, auteur de &#8220;Punir, une passion contemporaine&#8221; et le com\u00e9dien Didier Ruiz, invit\u00e9s de &#8220;L&#8217;Heure bleue&#8221; de Laure Adler (son)<\/strong> : https:\/\/www.franceinter.fr\/emissions\/l-heure-bleue\/l-heure-bleue-11-janvier-2017<\/p>\n<p><strong>-&#8220;La gauche se r\u00e9clame des Lumi\u00e8res, le capitalisme aussi&#8221; (le philosophe Jean-Claude Mich\u00e9a, invit\u00e9 de Guillaume Erner; son) :<\/strong>                                                                                   https:\/\/www.franceculture.fr\/emissions\/linvite-des-matins\/la-gauche-contre-le-peuple#xtor<\/p>\n<p>-100 eBooks tombent dans le domaine public (\u00e0 t\u00e9l\u00e9charger) : https:\/\/www.epagine.fr\/top-100-des-ebooks-gratuits-sur-le-web\/ssh-1212?utm_source<\/p>\n<p>-Le d\u00e9c\u00e8s du sociologue Zygmunt Bauman, th\u00e9oricien de &#8220;la soci\u00e9t\u00e9 liquide&#8221; (Juliette Cerf) : http:\/\/www.telerama.fr\/idees\/deces-du-sociologue-zygmunt-bauman-theoricien-de-la-societe-liquide,152591.php#xtor<\/p>\n<p>-&#8220;D\u00e9cadence&#8221;, le dernier ouvrage de Michel Onfray qui \u00e9tait l&#8217;invit\u00e9 d&#8217;Audrey Crespo-Mara-Mara o\u00f9 il annonce la fin de notre civilisation (vid\u00e9o) :  http:\/\/www.lci.fr\/replay\/replay-l-invite-de-8h45-de-lci-matin-du-11-janvier-2017-michel-onfray-2021197.html%3Ftype=content<\/p>\n<p>-&#8220;Artips&#8221;, une histoire de l&#8217;art en ligne (Lorraine Rossignol) : http:\/\/www.telerama.fr\/medias\/artips-une-histoire-de-l-art-prete-a-consommer-sur-internet,152586.php#xtor<\/p>\n<p>-&#8220;Une dose d&#8217;art au quotidien&#8221; (vid\u00e9os) : http:\/\/www.artips.fr\/<\/p>\n<p><strong>-&#8220;Ouvert la nuit&#8221;, le sublime road movie nocturne d&#8217;Edouard Baer (J\u00e9r\u00e9mie Couston; vid\u00e9o) <\/strong> : http:\/\/www.telerama.fr\/cinema\/ouvert-la-nuit-le-sublime-road-movie-nocturne-d-edouard-baer,152592.php#xtor<\/p>\n<p>-Viola Davis, l&#8217;autre actrice victorieuse des Golden Globes (Caroline Besse; vid\u00e9o) : http:\/\/www.telerama.fr\/cinema\/qui-est-viola-davis-l-autre-actrice-victorieuse-des-gloden-globes,152462.php#xtor<\/p>\n<p>-&#8220;Dalida&#8221; de Liza Azuelos et &#8220;Born to Be Blue&#8221; de Robert Budreau sur Chet Baker, deux biopics qui collent au drame (Olivier Lamm) : http:\/\/next.liberation.fr\/cinema\/2017\/01\/10\/deux-biopics-epiques-qui-collent-au-drame_1540469?xtor<\/p>\n<p><strong>-La r\u00e9alisatrice de &#8220;Jamais contente&#8221; Emilie Deleuze et Marie Desplechin, auteure de &#8220;Le Journal d&#8217;Aurore&#8221; qui inspira le film, invit\u00e9es d&#8217;Olivia Gesbert (son) :<\/strong>                               https:\/\/www.franceculture.fr\/emissions\/la-grande-table-1ere-partie\/journal-dune-adolescente<\/p>\n<p><strong>-R\u00e9alisatrice du &#8220;Divan de Staline&#8221;, Fanny Ardant \u00e9tait l&#8217;invit\u00e9e d&#8217;Augustin Trapenard (son et vid\u00e9o) :<\/strong> https:\/\/www.franceinter.fr\/emissions\/boomerang\/boomerang-11-janvier-2017<\/p>\n<p>-&#8220;Les danseurs m&#8217;ont appris \u00e0 observer les autres corps&#8221; (Anna Rose Holmer, r\u00e9alisatrice de &#8221; The Fits&#8221; : http:\/\/next.liberation.fr\/cinema\/2017\/01\/10\/les-danseurs-m-ont-appris-a-observer-les-autres-corps_1540440<\/p>\n<p>-&#8220;Une \u00e9poque formidable&#8221;, du Club Med au Splendid, le livre de G\u00e9rard Jugnot (propos recueillis par Pascale Kr\u00e9mer ) :  http:\/\/redaction.actu.lemonde.fr\/la-matinale\/article\/2016\/12\/18\/gerard-jugnot-hollande-aurait-pu-faire-partie-du-splendid_5050782_4866763.html#xtor<\/p>\n<p>-Retrouver &#8220;The Beatles&#8221; et Lee Clayton avec Fran\u00e7ois Gorin (vid\u00e9o et sons) :   http:\/\/www.telerama.fr\/musique\/the-beatles-15-faisaient-la-pluie-et-le-beau-temps,152411.php                      http:\/\/www.telerama.fr\/musique\/lee-clayton-cavalier-seul,152468.php#xtor<\/p>\n<p><strong>-&#8220;Le Flic de Beverly Hills vu avec les oreilles&#8221; (Rebecca Manzoni; son) : <\/strong> https:\/\/www.franceinter.fr\/emissions\/pop-co\/pop-co-11-janvier-2017<\/p>\n<p>-&#8220;Max Cooper, un scientifique au sommet de l&#8217;\u00e9lectro&#8221; (Marc Zisman; vid\u00e9os) : http:\/\/www.telerama.fr\/sortir\/max-cooper-un-scientifique-au-sommet-de-l-electro,152454.php#xtor<\/p>\n<p><strong>-Aux Etats Unis, &#8220;le Comit\u00e9 pour la protection des journalistes&#8221;, heureux b\u00e9n\u00e9ficiaire du discours de Meryl Streep (J\u00e9r\u00e9mie Maire) :<\/strong> http:\/\/www.telerama.fr\/medias\/le-comite-pour-la-protection-des-journalistes-heureux-beneficiaire-du-discours-de-meryl-streep,152475.php#xtor<\/p>\n<p><strong>-Plan social sans pr\u00e9c\u00e9dent \u00e0 &#8220;La Voix du Nord&#8221; (Sonia Devillers re\u00e7oit Jean-Michel Bretonnier, son r\u00e9dacteur en chef; vid\u00e9o, amener le curseur sur 5:26) : <\/strong> http:\/\/www.dailymotion.com\/video\/x583j2q_plan-social-sans-precedent-a-la-voix-du-nord_news<\/p>\n<p>-En Norv\u00e8ge, la radio ne sera plus que num\u00e9rique (Laurence Le Saux) : http:\/\/www.telerama.fr\/radio\/fin-de-partie-pour-la-fm-en-norvege,152453.php#xtor<\/p>\n<p><strong>-Le point de vue de Patrice G\u00e9linet, membre du CSA (propos recueillis par Aude Dassonville) :<\/strong> http:\/\/www.telerama.fr\/radio\/patrice-gelinet-contrairement-a-internet-la-radio-numerique-terrestre-est-gratuite-et-anonyme,150992.php<\/p>\n<p>-Les cours du Coll\u00e8ge de France sur France Culture dans l&#8217;\u00e9mission de Merryl Moneghetti (Jos\u00e9phine Lebard) : http:\/\/www.telerama.fr\/radio\/le-college-de-france-a-la-classe-sur-france-culture,152109.php#xtor<\/p>\n<p><strong>-Les derni\u00e8res \u00e9missions (sons) :<\/strong> https:\/\/www.franceculture.fr\/emissions\/les-cours-du-college-de-france<\/p>\n<p>-Sur i-T\u00e9l\u00e9 et Canal +, Laurence Haim rend son micro (vid\u00e9os) : http:\/\/www.lexpress.fr\/actualite\/medias\/itele-laurence-haim-rend-son-micro_1867692.html?PMSRC_CAMPAIGN                    http:\/\/www.europe1.fr\/emissions\/le-fait-medias-du-jour\/itele-laurence-haim-annonce-son-depart-sur-twitter-2947661<\/p>\n<p>-Elle va devenir porte-parole d&#8217;Emmanuel Macron : http:\/\/www.francetvinfo.fr\/politique\/emmanuel-macron\/presidentielle-la-journaliste-laurence-haim-va-devenir-porte-parole-d-emmanuel-macron_2012366.html<\/p>\n<p>-&#8220;Il n&#8217;y aura plus de rediffusions &#8220;d&#8217;On n&#8217;est pas couch\u00e9&#8221; (La productrice Catherine Barma; interrog\u00e9e par Thomas Joubert; vid\u00e9o) :  http:\/\/www.europe1.fr\/emissions\/l-invite-medias\/catherine-barma-confirme-larret-des-rediffusions-don-nest-pas-couche-le-dimanche-2947676<\/p>\n<p>-Eric Zemmour, record des plaintes re\u00e7ues par le CSA (Marc Baudriller, le 11 janvier; son) : https:\/\/www.radioclassique.fr\/radio\/emissions\/matinale-de-radio-classique\/la-vie-des-medias\/<\/p>\n<p>-Derniers jours pour l&#8217;exposition &#8220;Soul\u00e8vements&#8221; au Mus\u00e9e du Jeu de Paume \u00e0 Paris. Ce qu&#8217;en dit l&#8217;historien du CNRS Philippe Arti\u00e8res : http:\/\/www.liberation.fr\/debats\/2017\/01\/08\/l-histoire-sociale-n-est-pas-de-l-art_1539974<\/p>\n<p><strong>-&#8220;Avec Eric Ciotti&#8221; (Guillaume Meurice; vid\u00e9o) : <\/strong> http:\/\/www.dailymotion.com\/video\/x584vur_avec-eric-ciotti-le-moment-meurice_fun<\/p>\n<p><strong>-&#8220;Aux voeux de Fran\u00e7ois Fillon&#8221; (vid\u00e9o) : <\/strong> http:\/\/www.dailymotion.com\/video\/x580xhp_aux-voeux-de-francois-fillon-le-moment-meurice_fun<\/p>\n<p><strong>-&#8220;Le Rmax pour les nuls&#8221; (Nicole Ferroni; vid\u00e9o) : <\/strong> http:\/\/www.dailymotion.com\/video\/x583bxx_le-rmax-pour-les-nuls-le-billet-de-nicole-ferroni_fun<\/p>\n<p>-&#8220;Primaire socialiste, moins de bureaux&#8221; (Charline Vanhoenacker; vid\u00e9o) : http:\/\/www.dailymotion.com\/video\/x5834u1_primaire-socialiste-moins-de-bureaux-parce-que-moins-d-idees-le-billet-de-charline_fun<\/p>\n<p>-&#8220;Florian Philippot fait des vid\u00e9os&#8221; (vid\u00e9o) : http:\/\/www.dailymotion.com\/video\/x584x8o_florian-philippot-fait-des-videos-le-journal-de-17h17_fun<\/p>\n","protected":false},"excerpt":{"rendered":"<p>ACTUALITE -Huit sections CGT vont d\u00e9poser des recours en annulation des d\u00e9crets d&#8217;application de la Loi Travail devant le Conseil d&#8217;Etat (Amandine Cailhol) : http:\/\/www.liberation.fr\/france\/2017\/01\/10\/loi-travail-la-bataille-juridique-est-lancee_1540462?xtor=EPR-450206&#038;utm_source -Les b\u00e9n\u00e9ficiaires des dividendes records de l&#8217;ann\u00e9e 2016 (vid\u00e9o) : http:\/\/www.francetvinfo.fr\/economie\/bourse\/actionnaires-qui-sont-les-beneficiaires-des-dividendes_2011499.html -&#8220;Il n&#8217;y a pas de candidat pr\u00e9f\u00e9r\u00e9 du Medef. Nous recevrons les candidats majeurs. On invitera sans doute Marine [&hellip;]<\/p>\n","protected":false},"author":1042,"featured_media":0,"comment_status":"open","ping_status":"open","sticky":false,"template":"","format":"standard","meta":{"_themeisle_gutenberg_block_has_review":false,"footnotes":""},"categories":[151],"tags":[],"class_list":["post-10109","post","type-post","status-publish","format-standard","hentry","category-la-revue-de-presse-de-lulu"],"_links":{"self":[{"href":"https:\/\/archives.regards.fr\/index.php?rest_route=\/wp\/v2\/posts\/10109","targetHints":{"allow":["GET"]}}],"collection":[{"href":"https:\/\/archives.regards.fr\/index.php?rest_route=\/wp\/v2\/posts"}],"about":[{"href":"https:\/\/archives.regards.fr\/index.php?rest_route=\/wp\/v2\/types\/post"}],"author":[{"embeddable":true,"href":"https:\/\/archives.regards.fr\/index.php?rest_route=\/wp\/v2\/users\/1042"}],"replies":[{"embeddable":true,"href":"https:\/\/archives.regards.fr\/index.php?rest_route=%2Fwp%2Fv2%2Fcomments&post=10109"}],"version-history":[{"count":0,"href":"https:\/\/archives.regards.fr\/index.php?rest_route=\/wp\/v2\/posts\/10109\/revisions"}],"wp:attachment":[{"href":"https:\/\/archives.regards.fr\/index.php?rest_route=%2Fwp%2Fv2%2Fmedia&parent=10109"}],"wp:term":[{"taxonomy":"category","embeddable":true,"href":"https:\/\/archives.regards.fr\/index.php?rest_route=%2Fwp%2Fv2%2Fcategories&post=10109"},{"taxonomy":"post_tag","embeddable":true,"href":"https:\/\/archives.regards.fr\/index.php?rest_route=%2Fwp%2Fv2%2Ftags&post=10109"}],"curies":[{"name":"wp","href":"https:\/\/api.w.org\/{rel}","templated":true}]}}