{"id":10108,"date":"2017-01-11T01:03:57","date_gmt":"2017-01-11T00:03:57","guid":{"rendered":"https:\/\/wp.muchomaas.com\/article-fabien-escalona-meme-abime-le-ps-reste-incontournable-pour-la-recomposition-de\/"},"modified":"2023-06-23T23:23:50","modified_gmt":"2023-06-23T21:23:50","slug":"article-fabien-escalona-meme-abime-le-ps-reste-incontournable-pour-la-recomposition-de","status":"publish","type":"post","link":"https:\/\/archives.regards.fr\/?p=10108","title":{"rendered":"Fabien Escalona : \u00ab\u00a0M\u00eame abim\u00e9, le PS reste incontournable pour la recomposition de la gauche \u00bb"},"content":{"rendered":"<p class=\"post_excerpt\">\u00c0 quelques jours du scrutin, le PS peut-il encore esp\u00e9rer que sa primaire constitue un sursaut salvateur ? Le politologue Fabien Escalona analyse la crise dans laquelle le parti s&#8217;est plong\u00e9 en suivant la ligne sociale-lib\u00e9rale.<\/p>\n<p><em>Sp\u00e9cialiste de la social-d\u00e9mocratie, Fabien Escalona est chercheur et enseignant au laboratoire Politiques publiques, action politique et territoires \u00e0 Sciences Po Grenoble.<\/em><\/p>\n<p style=\"text-align: center;\">* * *<\/p>\n<p><strong>Regards. Quels sont les enjeux imm\u00e9diats de la &#8220;primaire citoyenne&#8221; ? Peut-elle marquer un tournant pour le parti ?<\/strong><\/p>\n<p><strong>Fabien Escalona.<\/strong> L&#8217;enjeu r\u00e9side surtout dans le nom du vainqueur et la ligne sur laquelle la campagne sera men\u00e9e, qui conduiront \u00e0 des recompositions internes, encore plus vastes potentiellement apr\u00e8s les \u00e9lections pr\u00e9sidentielles et l\u00e9gislatives. De ce point de vue, la primaire est d\u00e9terminante. On dit souvent qu&#8217;elle s&#8217;apparente \u00e0 une sorte de congr\u00e8s un peu \u00e9largi, du fait que la participation risque d&#8217;\u00eatre moindre et que les sympathisants s&#8217;en d\u00e9sint\u00e9ressent\u2026 Mais les lignes qui s&#8217;affrontent sont identifiables et font \u00e9cho \u00e0 des pr\u00e9occupations que l&#8217;on retrouve dans d&#8217;autres partis de centre-gauche en Europe. Beno\u00eet Hamon essaie de se connecter \u00e0 une gauche alternative orient\u00e9e plut\u00f4t vers la jeunesse ; \u00e0 l&#8217;autre bout du spectre, Manuel Valls d\u00e9fend un projet quasiment nationaliste qui s&#8217;appuie sur une suppos\u00e9e demande d&#8217;autorit\u00e9 du peuple \u00e0 laquelle il estime r\u00e9pondre mieux que les &#8220;populistes&#8221;\u2026 M\u00eame si le Parti socialiste est abim\u00e9, il restera incontournable pour la recomposition de la gauche, y compris pour ceux qui attendent une posture plus combative. On ne pourra pas faire l&#8217;\u00e9conomie du PS.<\/p>\n<p><em> <\/p>\n<h2>\u00ab\u00a0Les cadres actuels du parti, ceux qui composent son aile droite voire d\u00e9finissent son centre de gravit\u00e9, ne sont pas pr\u00eats \u00e0 suivre une ligne 100% Montebourg et encore moins 100% Hamon.\u00a0\u00bb<\/h2>\n<p> <\/em><\/p>\n<p><strong>\u00c0 plus court terme, le probl\u00e8me central, pour les candidats, est-il de s&#8217;affranchir du bilan de la pr\u00e9sidence Hollande, comme le sugg\u00e8re d&#8217;ailleurs le renoncement de celui-ci ?<\/strong><\/p>\n<p>C&#8217;est bien l\u00e0 que r\u00e9side la principale difficult\u00e9 pour eux : tous ont particip\u00e9 \u00e0 ce pouvoir et \u00e0 ce quinquennat. De ce point de vue, Jean-Luc M\u00e9lenchon peut s&#8217;appuyer sur une coh\u00e9rence plus forte : on lui a souvent reproch\u00e9 d&#8217;\u00eatre dans une critique n\u00e9gative, mais au moins a-t-il \u00e9t\u00e9 constant dans ce registre. Pour les candidats \u00e0 la primaire, c&#8217;est d&#8217;autant plus compliqu\u00e9 qu&#8217;une partie de l&#8217;\u00e9lectorat, surtout maintenant qu&#8217;il a renonc\u00e9, est r\u00e9tive au &#8220;Hollande-bashing&#8221;. Ils font ainsi preuve d&#8217;une certaine r\u00e9serve. Beno\u00eet Hamon s&#8217;en sort assez bien dans la mesure o\u00f9 il incarne un projet qui n&#8217;a pas grand-chose \u00e0 voir avec la ligne qui a \u00e9t\u00e9 suivie, tout en se gardant d&#8217;\u00eatre aussi virulent qu&#8217;Arnaud Montebourg dans la critique de l&#8217;ex\u00e9cutif.<\/p>\n<p><strong>Est-ce que Beno\u00eet Hamon ou Arnaud Montebourg, s&#8217;ils l&#8217;emportent, peuvent freiner ou revenir sur l&#8217;\u00e9volution lib\u00e9rale du parti ?<\/strong><\/p>\n<p>Cela d\u00e9pendra en partie de leur score \u00e0 la primaire. Aujourd&#8217;hui, le champ est beaucoup plus large : on voit aussi qu&#8217;il se produit quelque chose autour d&#8217;Emmanuel Macron. Les cadres actuels du Parti socialiste, ceux qui composent son aile droite voire d\u00e9finissent son centre de gravit\u00e9, ne sont pas pr\u00eats \u00e0 suivre une ligne 100% Montebourg et encore moins 100% Hamon. Il y aura des r\u00e9sistances fortes dans l&#8217;appareil, ainsi que chez une large part des militants. Le parti a connu des d\u00e9parts massifs, mais les militants qui sont rest\u00e9s n&#8217;ont justement pas vot\u00e9, lors du dernier congr\u00e8s, pour l&#8217;aile gauche\u2026 Une victoire avec un bon r\u00e9sultat aux primaires donnerait cependant \u00e0 Hamon ou Montebourg une l\u00e9gitimit\u00e9 et leur ouvrirait des possibilit\u00e9s. Par ailleurs, si une v\u00e9ritable offre sociale-lib\u00e9rale se consolide autour de Macron, l&#8217;aile droite pourrait \u00eatre tent\u00e9e par des d\u00e9parts d&#8217;une ampleur in\u00e9dite depuis longtemps. Mais aujourd&#8217;hui, l&#8217;incertitude domine.<\/p>\n<p><em> <\/p>\n<h2>\u00ab\u00a0Le sc\u00e9nario des l\u00e9gislatives sera d\u00e9cisif : le groupe parlementaire restera-t-il cons\u00e9quent et surtout, le PS restera-t-il la premi\u00e8re formation \u00e0 gauche ? \u00bb<\/h2>\n<p> <\/em><\/p>\n<p><strong>Comment le PS peut-il survivre \u00e0 un \u00e9cart\u00e8lement aussi prononc\u00e9 entre ses diff\u00e9rentes composantes, \u00e0 des fractures qui passent aussi bien par les questions \u00e9conomiques et sociales que par les th\u00e8mes li\u00e9s \u00e0 l&#8217;identit\u00e9, la la\u00efcit\u00e9, la s\u00e9curit\u00e9, etc. ?<\/strong><\/p>\n<p>Pour dire les choses crument, le parti tient d&#8217;abord par les postes d&#8217;\u00e9lus. Au-del\u00e0 d&#8217;un \u00e9ventuel \u00e9chec brutal \u00e0 la pr\u00e9sidentielle, le sc\u00e9nario des l\u00e9gislatives sera d\u00e9cisif : le groupe parlementaire restera-t-il cons\u00e9quent et surtout, le PS restera-t-il la premi\u00e8re formation \u00e0 gauche ? La tension est devenue beaucoup plus forte, mais, quitte \u00e0 adopter une lecture tr\u00e8s institutionnelle, on peut penser que le souci d&#8217;\u00eatre \u00e9lu \u2013 pas seulement \u00e0 des fins personnelles, mais aussi pour d\u00e9fendre des objectifs politiques et obtenir des financements \u2013 dissuade de quitter cette vieille machine. La catastrophe se profile depuis quelque temps d\u00e9j\u00e0, or les \u00e9checs \u00e9lectoraux lors des \u00e9lections interm\u00e9diaires n&#8217;ont pas suscit\u00e9 de ralliements significatifs au Front de gauche ou aujourd&#8217;hui aux Insoumis\u2026 Beaucoup se disent que ce chemin-l\u00e0 n&#8217;est pas viable, qu&#8217;il serait extr\u00eamement co\u00fbteux et reviendrait \u00e0 faire une croix sur leur carri\u00e8re dans un paysage o\u00f9 les seuils d&#8217;acc\u00e8s au second tour restent tr\u00e8s \u00e9lev\u00e9s.<\/p>\n<p><strong>On a pourtant constat\u00e9 une h\u00e9morragie de militants, qu&#8217;aggraveraient de nouvelles d\u00e9routes \u00e9lectorales. Le sc\u00e9nario d&#8217;une &#8220;pasokisation&#8221; peut-il \u00eatre exclu ?<\/strong><\/p>\n<p>Le moment viendra peut-\u00eatre o\u00f9 il n&#8217;y aura plus grand-chose \u00e0 perdre, avec un appareil si an\u00e9mi\u00e9 qu&#8217;une aventure avec d&#8217;autres forces ou dans une nouvelle formation deviendra beaucoup plus attractive. Mais il faut rester circonspect, en se souvenant par exemple de la s\u00e9quence 1992-1993 : malgr\u00e9 des \u00e9checs historiques aux \u00e9lections et \u00e0 peine plus d&#8217;une cinquantaine de d\u00e9put\u00e9s, personne n&#8217;avait \u00e9t\u00e9 en mesure de contester l&#8217;h\u00e9g\u00e9monie du PS \u00e0 gauche. En d\u00e9pit de l&#8217;\u00e9mergence du Front national, le syst\u00e8me de la Ve R\u00e9publique favorise encore le jeu des alternances, qui conserve au PS sa position privil\u00e9gi\u00e9e. <\/p>\n<p style=\"text-align: center;\"><strong>[Lire aussi : <a href=\" https:\/\/wp.muchomaas.com\/web\/article\/le-ps-parti-sans-retour\">&#8220;Le PS, parti sans retour\u00a0?&#8221;<\/a> ]<\/strong><\/p>\n<p><strong>Y avait-il, \u00e0 l&#8217;\u00e9poque, autant de contradictions politiques et id\u00e9ologiques au sein du PS ?<\/strong><\/p>\n<p>Une diff\u00e9rence essentielle r\u00e9side dans l&#8217;existence d&#8217;une crise \u00e9conomique beaucoup plus longue, beaucoup plus structurelle. On per\u00e7oit cet \u00e9tat diff\u00e9rent de la soci\u00e9t\u00e9 au travers de diff\u00e9rents mouvements sociaux comme Nuit debout ou l&#8217;opposition aux &#8220;grands projets inutiles&#8221;. Ce qui me frappe surtout touche \u00e0 des orientations, notamment prises par Manuel Valls, qui heurtent les valeurs reposant sur l&#8217;universalisme, les libert\u00e9s individuelles ou la r\u00e9publique sociale \u2013 des valeurs constituant le socle historique du PS. <\/p>\n<p><em> <\/p>\n<h2>\u00ab\u00a0L&#8217;\u00e8re sociale-lib\u00e9rale a permis aux \u00e9lites socio-d\u00e9mocrates de se maintenir au pouvoir, mais elle a compromis leur capacit\u00e9 \u00e0 pr\u00e9parer une alternative. \u00bb<\/h2>\n<p> <\/em><\/p>\n<p><strong>La crise du PS s&#8217;inscrit-elle, \u00e0 l&#8217;\u00e9chelle europ\u00e9enne, dans celle de la social-d\u00e9mocratie et de ses tentatives sociales-lib\u00e9rales, qui semblent sanctionn\u00e9es par de s\u00e9v\u00e8res revers \u00e9lectoraux et des impasses politiques ?<\/strong><\/p>\n<p>C&#8217;est la th\u00e8se que je d\u00e9fends : on assiste au cr\u00e9puscule de cette voie sociale-lib\u00e9rale, que j&#8217;appelle la social-d\u00e9mocratie de march\u00e9. La social-d\u00e9mocratie a fourni \u00e0 ses partisans une identit\u00e9 qui leur a permis, sinon de satisfaire \u00e0 tous les crit\u00e8res que l&#8217;on attend de la gauche, de conserver le pouvoir, de rester au sein de la sph\u00e8re dirigeante pendant de longues ann\u00e9es. Mais d\u00e9sormais, les rendements sont nettement d\u00e9croissants et les socio-d\u00e9mocrates ont beaucoup de mal \u00e0 pr\u00e9server la loyaut\u00e9 d&#8217;un nombre suffisant d&#8217;\u00e9lecteurs pour pr\u00e9tendre encore \u00eatre une force d&#8217;alternance. Cela ressemble \u00e0 la fin d&#8217;une \u00e8re qui a permis aux \u00e9lites socio-d\u00e9mocrates de se maintenir au pouvoir de mani\u00e8re satisfaisante, mais qui a compromis leur capacit\u00e9 \u00e0 pr\u00e9parer une alternative. L&#8217;enc\u00e9phalogramme est plat, comme si la technocratisation \u00e9tait all\u00e9e tellement loin qu&#8217;il n&#8217;y a plus de ressources internes pour penser une r\u00e9novation intellectuelle.<\/p>\n<p><strong>Ce constat ne rend-il pas probable ou n\u00e9cessaire une profonde recomposition de la gauche autour de nouvelle polarit\u00e9s plus coh\u00e9rentes ?<\/strong><\/p>\n<p>Au-del\u00e0 de ce climat cr\u00e9pusculaire, la situation peut aussi nourrir des tensions et des conflits internes, faire \u00e9voluer les rapports de forces. Jeremy Corbyn a pris la t\u00eate du Parti travailliste britannique. <a href=\"https:\/\/wp.muchomaas.com\/web\/article\/ceta-le-debat-democratique-fatal-aux-traites-de-libre-echange\">L&#8217;opposition au CETA de Paul Magnette<\/a>, ministre-pr\u00e9sident de Wallonie, a \u00e9t\u00e9 significative : au-del\u00e0 de ce qu&#8217;il a obtenu, il a publiquement mis sur la table les raisons du conflit, avec une certaine p\u00e9dagogie, en d\u00e9fendant le parlementarisme et la d\u00e9mocratie \u2013 ce qui devrait para\u00eetre normal mais qui a \u00e9norm\u00e9ment surpris. La possibilit\u00e9 reste que les partis se recomposent, ou changent d&#8217;eux-m\u00eames. <\/p>\n<p><strong>De quoi ces changements d\u00e9pendent-ils ?<\/strong><\/p>\n<p>En grande partie des syst\u00e8mes partisans et politiques des pays concern\u00e9s. Au Royaume-Uni, qui laisse tr\u00e8s peu de place aux &#8220;tiers-partis&#8221;, le syst\u00e8me favorise la r\u00e9orientation plus radicale du Parti travailliste parce que la cr\u00e9ation d&#8217;une nouvelle formation serait trop co\u00fbteuse. Les syst\u00e8mes proportionnels, comme en Espagne ou en Gr\u00e8ce, favorisent l&#8217;\u00e9mergence d&#8217;alternatives. En France, on est dans un entre-deux : un syst\u00e8me moins rigide qu&#8217;au Royaume-Uni, qui autorise donc des initiatives en dehors du PS ; mais pas aussi ouvert que dans les pays qui ont adopt\u00e9 la proportionnelle, avec des scrutins \u00e0 deux tours, le Front national utilis\u00e9 comme \u00e9pouvantail par les partis dominants\u2026 Si je devais parier sur une \u00e9volution, celle-ci consisterait en une dialectique entre des conflits internes au PS et des dynamiques en dehors de lui, comme celles qui se dessinent autour des Insoumis ou d&#8217;Emmanuel Macron.<div id='gallery-1' class='gallery galleryid-10108 gallery-columns-3 gallery-size-thumbnail'><figure class='gallery-item'>\n\t\t\t<div class='gallery-icon landscape'>\n\t\t\t\t<a href='https:\/\/archives.regards.fr\/wp-content\/uploads\/2017\/01\/escalona-ps-crise-bbf.jpg'><img loading=\"lazy\" decoding=\"async\" width=\"150\" height=\"150\" src=\"https:\/\/archives.regards.fr\/wp-content\/uploads\/2017\/01\/escalona-ps-crise-bbf-150x150.jpg\" class=\"attachment-thumbnail size-thumbnail\" alt=\"escalona-ps-crise.jpg\" \/><\/a>\n\t\t\t<\/div><\/figure>\n\t\t<\/div>\n<\/p>\n","protected":false},"excerpt":{"rendered":"<p>\u00c0 quelques jours du scrutin, le PS peut-il encore esp\u00e9rer que sa primaire constitue un sursaut salvateur ? Le politologue Fabien Escalona analyse la crise dans laquelle le parti s&#8217;est plong\u00e9 en suivant la ligne sociale-lib\u00e9rale.<\/p>\n","protected":false},"author":1188,"featured_media":24393,"comment_status":"open","ping_status":"open","sticky":false,"template":"","format":"standard","meta":{"_themeisle_gutenberg_block_has_review":false,"footnotes":""},"categories":[157],"tags":[293,390,497],"class_list":["post-10108","post","type-post","status-publish","format-standard","has-post-thumbnail","hentry","category-web","tag-entretien","tag-parti-socialiste","tag-presidentielle-2017"],"_links":{"self":[{"href":"https:\/\/archives.regards.fr\/index.php?rest_route=\/wp\/v2\/posts\/10108","targetHints":{"allow":["GET"]}}],"collection":[{"href":"https:\/\/archives.regards.fr\/index.php?rest_route=\/wp\/v2\/posts"}],"about":[{"href":"https:\/\/archives.regards.fr\/index.php?rest_route=\/wp\/v2\/types\/post"}],"author":[{"embeddable":true,"href":"https:\/\/archives.regards.fr\/index.php?rest_route=\/wp\/v2\/users\/1188"}],"replies":[{"embeddable":true,"href":"https:\/\/archives.regards.fr\/index.php?rest_route=%2Fwp%2Fv2%2Fcomments&post=10108"}],"version-history":[{"count":0,"href":"https:\/\/archives.regards.fr\/index.php?rest_route=\/wp\/v2\/posts\/10108\/revisions"}],"wp:featuredmedia":[{"embeddable":true,"href":"https:\/\/archives.regards.fr\/index.php?rest_route=\/wp\/v2\/media\/24393"}],"wp:attachment":[{"href":"https:\/\/archives.regards.fr\/index.php?rest_route=%2Fwp%2Fv2%2Fmedia&parent=10108"}],"wp:term":[{"taxonomy":"category","embeddable":true,"href":"https:\/\/archives.regards.fr\/index.php?rest_route=%2Fwp%2Fv2%2Fcategories&post=10108"},{"taxonomy":"post_tag","embeddable":true,"href":"https:\/\/archives.regards.fr\/index.php?rest_route=%2Fwp%2Fv2%2Ftags&post=10108"}],"curies":[{"name":"wp","href":"https:\/\/api.w.org\/{rel}","templated":true}]}}