{"id":10107,"date":"2017-01-11T07:10:58","date_gmt":"2017-01-11T06:10:58","guid":{"rendered":"https:\/\/wp.muchomaas.com\/article-la-revue-du-11-janvier-2017\/"},"modified":"2023-06-23T23:23:50","modified_gmt":"2023-06-23T21:23:50","slug":"article-la-revue-du-11-janvier-2017","status":"publish","type":"post","link":"https:\/\/archives.regards.fr\/?p=10107","title":{"rendered":"La Revue du 11 janvier 2017"},"content":{"rendered":"<strong>ACTUALITE<\/strong>\n\n<strong>-&#8220;En 2016, les dividendes records du CAC 40&#8221; (Pierrick Fay; vid\u00e9o) :  <\/strong> http:\/\/www.lesechos.fr\/finance-marches\/marches-financiers\/0211673522438-bourse-le-cac-40-a-distribue-pres-de-56-milliards-aux-actionnaires-en-2016-2055684.php#xtor\n\n-&#8220;On a \u00e9t\u00e9 liquid\u00e9 alors qu&#8217;on avait tir\u00e9 toutes les sonnettes d&#8217;alarme&#8221; (Karine Sala\u00fcn, salari\u00e9e de l&#8217;entreprise &#8220;Ecopla&#8221; qui fabrique des barquettes en aluminium \u00e0 Saint-Vincent-de-Mercuze (38; interrog\u00e9e par Eric Delvaux; son) : https:\/\/www.franceinter.fr\/emissions\/l-invite-du-5-7\/l-invite-du-5-7-10-janvier-2017\n\n<strong>-A l&#8217;unanimit\u00e9, les 140 salari\u00e9s de la polyclinique de l&#8217;Ormeau \u00e0 Tarbes ont accept\u00e9 le protocole de fin de gr\u00e8ve (vid\u00e9o) : <\/strong> http:\/\/www.lasemainedespyrenees.fr\/2017\/01\/10\/video-la-fin-du-conflit-a-la-polyclinique-de-lormeau\/\n\n-&#8220;Une augmentation de 2,63% des salaires et une prime de 700 euros&#8221; :                http:\/\/www.lemonde.fr\/societe\/article\/2017\/01\/10\/le-personnel-de-la-clinique-de-tarbes-met-fin-a-deux-mois-de-greve_5060569_3224.html        \n\n-&#8220;Non, les hypermarch\u00e9s Leclerc n&#8217;ouvriront pas le dimanche&#8221; (Edouard Leclerc, face \u00e0 Jean-Jacques Bourdin; vid\u00e9o) : http:\/\/www.bfmtv.com\/mediaplayer\/video\/michel-edouard-leclerc-face-a-jean-jacques-bourdin-en-direct-901623.html\n\n-&#8220;Nos clients recherchaient une plus grande modernit\u00e9. Le Club Med mise sur la vid\u00e9o \u00e0 360\u00b0 pour vendre de l&#8217;\u00e9motion&#8221; (son directeur g\u00e9n\u00e9ral sylvain Rabuel, interrog\u00e9 par Olivier Harmant; vid\u00e9o) : http:\/\/videos.lesechos.fr\/lesechos\/invite-des-echos\/club-med-mise-sur-la-video-a-360-degres-pour-vendre-de-lemotion\/8lr8l8\n\n<em>-L&#8217;\u00e9tat d&#8217;esprit des Fran\u00e7ais (IFOP)<\/em> : http:\/\/www.ifop.com\/?option=com_publication&#038;type=poll&#038;id=3600\n\n<em>-La suppression des imp\u00f4ts pay\u00e9s sur les heures suppl\u00e9mentaires et le droit \u00e0 la d\u00e9connexion (OPINION-WAY<\/em>) : https:\/\/www.opinion-way.com\/fr\/component\/edocman\/?task=document.viewdoc&#038;id=1492&#038;Itemid=0\n\n<em>-Les professionnels de l&#8217;immobilier sont optimistes pour 2017 (CSA) : <\/em> https:\/\/www.csa.eu\/fr\/survey\/trois-professionnels-de-limmobilier-sur-quatre-74-sont-optimistes-pour-2017\n\n<em>-Les intentions d&#8217;achat sur Internet \u00e0 l&#8217;occasion des soldes (CSA) : <\/em> https:\/\/www.csa.eu\/fr\/survey\/les-intentions-dachat-sur-internet-a-loccasion-des-soldes-dhiver-2017\n\n-&#8220;La nouvelle arme de la SNCF pour attirer les jeunes&#8221; (vid\u00e9o) : http:\/\/www.francetvinfo.fr\/economie\/transports\/sncf\/sncf-sa-nouvelle-arme-pour-attirer-les-jeunes_2010877.html\n\n-Les \u00e9levage de visons en accusation (Baptiste Gaborit, le 10 janvier; son) :  https:\/\/www.radioclassique.fr\/radio\/emissions\/matinale-de-radio-classique\/3-minutes-planete\/\n\n-La prolif\u00e9ration des algues vertes (Yolaine de la Bigne; son) : http:\/\/www.sudradio.fr\/Podcasts\/Quelle-epoque-ethique\/Les-algues-vertes\n\n<strong>-&#8220;Le danger qui empoisonne la Bretagne&#8221; (&#8220;Affaires sensibles&#8221; de Fabrice Drouelle, avec l&#8217;ancien chercheur du CNRS de Rennes Claude Lesn\u00e9; son et vid\u00e9o) : <\/strong>                                             https:\/\/www.franceinter.fr\/emissions\/affaires-sensibles\/affaires-sensibles-10-janvier-2017\n\n-La r\u00e9forme du code minier oublie les objectifs climatiques (C\u00e9cile Barbi\u00e8re) : http:\/\/www.euractiv.fr\/section\/climat-environnement\/news\/la-reforme-du-code-minier-oublie-les-objectifs-climatiques\/?nl_ref=28505972\n\n<strong>-Au moins 3 millions de malades souffrent du diab\u00e8te et se voient interdire l&#8217;exercice de  certaines professions (Carole Avril, pr\u00e9sidente de la F\u00e9d\u00e9ration fran\u00e7aise des diab\u00e9tiques; son) :   <\/strong> http:\/\/www.sudradio.fr\/Podcasts\/L-invite-pour-comprendre\/Carole-Avril-DG-de-la-Federation-Francaise-des-diabetiques\n\n<em>-Les d\u00e9lais d&#8217;attente dans les h\u00f4pitaux (ODOXA) <\/em> : http:\/\/www.odoxa.fr\/sondage\/8-francais-10-souhaiteraient-etre-informes-delais-dattente-hopitaux\/\n\n-&#8220;Stop violences sexuelles&#8221;, le docteur Violaine Gu\u00e9rin, pr\u00e9sidente de l&#8217;association, invit\u00e9e de Dimitri Pavlenko (son) : http:\/\/www.sudradio.fr\/Podcasts\/L-invite-pour-comprendre\/Docteur-Violaine-Guerin-Presidente-de-SVS\n\n-Thomas Ruyant, le navigateur qui a d\u00fb abandonner &#8220;le Vend\u00e9e Globe&#8221; (son) : http:\/\/www.sudradio.fr\/Podcasts\/L-invite-pour-comprendre\/Thomas-Ruyant-navigateur\n\n-&#8220;J&#8217;ai toujours voulu \u00eatre le meilleur&#8221; (Nicolas Karabatic, invit\u00e9 de Marc-Olivier Fogiel; son) : http:\/\/www.rtl.fr\/actu\/societe-faits-divers\/nikola-karabatic-a-toujours-voulu-etre-le-meilleur-7786660342\n\n<em>-L&#8217;image de l&#8217;\u00e9quipe de France de Hand Ball (ODOXA) : <\/em> http:\/\/www.odoxa.fr\/sondage\/francais-adorent-leurs-handballeurs\/\n\n-&#8220;On parie sur les innovations pour r\u00e9nover notre image&#8221; (le patron du PMU Xavier H\u00fcrstel, interrog\u00e9 par Nicolas Pierron; vid\u00e9o) :  https:\/\/www.radioclassique.fr\/magazine\/videos\/on-parie-sur-les-innovations-pour-renover-notre-image-xavier-hurstel-10012016\/\n\n<strong>-&#8220;Que veulent les voleurs de chaises ?&#8221; (son)<\/strong> : http:\/\/www.sudradio.fr\/Podcasts\/Les-reportages-de-la-matinee\/Que-veulent-les-faucheurs-de-chaises\n\n<strong>-&#8220;Ce que Kim Kardashian nous apprend de la valeur travail&#8221; (Guillaume Erner; son) :  <\/strong> https:\/\/www.franceculture.fr\/emissions\/lhumeur-du-matin-par-guillaume-erner\/vous-nallez-pas-encore-nous-parler-de-kim-kardashian#xtor\n\n-A Paris, la premi\u00e8re conf\u00e9rence internationale sur l&#8217;aide aux victimes (vid\u00e9o) : http:\/\/nr.news-republic.com\/Web\/ArticleWeb.aspx?regionid=2&#038;articleid=82290965\n\n<strong>POLITIQUE<\/strong>\n\n<strong>-Patrick Le Hyaric \u00e9tait l&#8217;invit\u00e9 de &#8220;d&#8217;accord, pas d&#8217;accord&#8221; sur LCI (vid\u00e9o) : <\/strong> https:\/\/www.youtube.com\/watch?v=PN44RupaNMQ&#038;feature=youtu.be\n\n<strong>-&#8220;Jean-Luc M\u00e9lenchon est en contact avec les gens&#8221; (Sophia Chikirou, directrice de la communication de sa campagne, interrog\u00e9e par Thomas Sotto; vid\u00e9o) :<\/strong> http:\/\/www.europe1.fr\/emissions\/l-interview-verite\/sophia-chikirou-jean-luc-melenchon-est-en-contact-avec-les-gens-2946452\n\n-&#8220;Il pense trouver des voix dans l&#8217;\u00e9lectorat populaire&#8221; (Alba Ventura; vid\u00e9o) : http:\/\/www.rtl.fr\/actu\/politique\/presidentielle-2017-melenchon-pense-trouver-des-reserves-de-voix-dans-l-electorat-populaire-7786663247\n\n<strong>-&#8220;M\u00e9lenchon, nouveau patron de la gauche ? &#8221; (&#8220;C&#8217;est dans l&#8217;air&#8221;, anim\u00e9 par Caroline Roux; vid\u00e9o) <\/strong> : http:\/\/www.france5.fr\/emissions\/c-dans-l-air\/videos\/melenchon_nouveau_patron_de_la_gauche__09-01-2017_1445233\n\n-&#8220;Mon candidat, c&#8217;est Yannick Jadot. Ce qui compte, c&#8217;est de construire le jour d&#8217;apr\u00e8s et je regarde avec int\u00e9r\u00eat la candidature de Beno\u00eet Hamon. La conversion d&#8217;Arnaud Montebourg est un peu tardive. Le revenu universel n&#8217;est pas stupide, il r\u00e9pond \u00e0 la num\u00e9risation de l&#8217;\u00e9conomie qui va supprimer beaucoup d&#8217;emplois et qui oblige \u00e0 d\u00e9coupler travail et emploi&#8221; (No\u00ebl Mam\u00e8re, d\u00e9put\u00e9 \u00e9cologiste de Gironde; face \u00e0 Laurence Ferrari; vid\u00e9o) : http:\/\/www.itele.fr\/chroniques\/invite-politique-ferrari-tirs-croises\/linvite-de-laurence-ferrari-du-10012017-172309\n\n-Beno\u00eet Hamon &#8220;sent qu&#8217;il va se passer quelque chose&#8221; (vid\u00e9o) : http:\/\/www.bfmtv.com\/mediaplayer\/video\/primaire-a-gauche-l-outsider-hamon-sent-qu-il-va-se-passer-quelque-chose-901591.html\n\n-Il met en garde la gauche contre l&#8217;euroscepticisme : http:\/\/www.euractiv.fr\/section\/elections\/news\/hamon-met-en-garde-la-gauche-contre-leuroscepticisme\/?nl_ref=28505972\n\n-Sur RTL, son programme est critiqu\u00e9 par Vincent Peillon, interrog\u00e9 par Elizabeth Martichoux (son et vid\u00e9os) :  http:\/\/www.rtl.fr\/actu\/politique\/primaire-gauche-vincent-peillon-attaque-benoit-hamon-7786663519\n\n-Il a r\u00e9pondu aux questions des auditeurs (vid\u00e9os) : http:\/\/www.rtl.fr\/actu\/politique\/vincent-peillon-est-l-invite-de-rtl-mardi-10-janvier-7786662397\n\n-&#8220;Du travail, il y en a, le probl\u00e8me, c&#8217;est qu&#8217;il est mal pay\u00e9&#8221; (Arnaud Montebourg dans &#8220;Lib\u00e9ration&#8221;) : http:\/\/www.liberation.fr\/elections-presidentielle-legislatives-2017\/2017\/01\/09\/montebourg-du-travail-il-y-en-a-le-probleme-c-est-qu-il-est-mal-paye_1540267\n\n-&#8220;Je suis candidat parce que je veux que la gauche soit au 2e tour. Il ne s&#8217;agit pas de donner \u00e0 tout le monde 800 euros, je ne suis pas pour une soci\u00e9t\u00e9 de l&#8217;assistanat ou du farniente&#8221; (Manuel Valls, invit\u00e9 de la matinale de &#8220;Franceinfo; vid\u00e9o) : http:\/\/www.dailymotion.com\/video\/x57zm50_revenu-universel-manuel-valls-contre-une-societe-du-farniente_news\n\n-&#8220;Je suis pro-entreprise et pro-entrepreneurial&#8221; (Jean-Luc Bennahmias, face \u00e0 Ruth Elkrief; vid\u00e9o) : http:\/\/www.bfmtv.com\/mediaplayer\/video\/jean-luc-bennahmias-je-suis-pro-entreprise-et-pro-entrepreneurial-901871.html\n\n-&#8220;On attend une participation de 2 millions de personnes&#8221; (Christophe Borgel, organisateur de la primaire; interrog\u00e9 par Guillaume Durand; vid\u00e9o) : https:\/\/www.radioclassique.fr\/magazine\/videos\/on-attend-une-participation-de-2-millions-de-personnes-christophe-borgel-10012017\/\n\n-A la primaire socialiste, qui soutient qui ? (vid\u00e9o) : http:\/\/www.bfmtv.com\/mediaplayer\/video\/primaire-a-gauche-qui-soutient-qui-901595.html\n\n-Avec Manuel Valls, &#8220;nous sommes des amis&#8221; (Bernard Cazeneuve; vid\u00e9o) : http:\/\/www.bfmtv.com\/mediaplayer\/video\/nous-sommes-des-amis-quand-cazeneuve-et-valls-se-serrent-les-coudes-901447.html\n\n<strong>-&#8220;Les nouvelles lois de la primaire&#8221; (Fran\u00e7ois Bazin) :<\/strong> http:\/\/www.lirelasuite-francoisbazin.fr\/les-nouvelles-lois-de-la-primaire\/\n\n-&#8220;Pourrait-on arr\u00eater de subventionner le non-emploi ?&#8221; (Rama Yade, candidate \u00e0 la pr\u00e9sidence de la R\u00e9publique de &#8220;la France qui ose&#8221;; interrog\u00e9e par Olivier Harmant; vid\u00e9o) :                            http:\/\/videos.lesechos.fr\/lesechos\/invite-des-echos\/revenu-universel-pourrait-on-arreter-de-subventionner-le-non-emploi-estime-rama-yade\/8lvfr3\n\n-&#8220;La gauche en campagne parle du travail mais oublie les ch\u00f4meurs&#8221; (Yves Thr\u00e9ard du &#8220;Figaro&#8221;; vid\u00e9o) : http:\/\/www.europe1.fr\/emissions\/ledito-politique-dyves-threard\/la-gauche-en-campagne-parle-du-travail-mais-oublie-les-chomeurs-2946395\n\n-&#8220;Aujourd&#8217;hui, notre ennemi premier, c&#8217;est EI. Le gouvernement fran\u00e7ais a envoy\u00e9 \u00e0 Cuba un ministre pour les obs\u00e8ques d&#8217;un dictateur sanguinaire. Vous prenez encore au s\u00e9rieux les sondages ?&#8221; (G\u00e9rald Darmanin, secr\u00e9taire g\u00e9n\u00e9ral adjoint des R\u00e9publicains; face \u00e0 Myriam Encaoua; vid\u00e9o) : http:\/\/www.itele.fr\/chroniques\/invite-michael-darmon\/linvite-de-myriam-encaoua-du-10012017-172293\n\n-&#8220;Gaulliste et chr\u00e9tien, cette conviction n&#8217;intervient pas dans son programme (de Fran\u00e7ois Fillon). J&#8217;\u00e9coute avec pas mal de distance ce que dit Bachar Al-Assad. La solution \u00e0 long terme en Syrie ne passera pas par lui. La France et et les  Etats Unis sont loin du centre du jeu et ont laiss\u00e9 la place \u00e0 la Russie&#8221; (Edouard Philippe, d\u00e9put\u00e9 LR de Seine-Maritime, conseiller strat\u00e9gique de Fran\u00e7ois Fillon; invit\u00e9 de &#8220;Territoires d&#8217;Infos&#8221;; vid\u00e9o, amener le curseur sur 33:23) : http:\/\/www.dailymotion.com\/video\/x57yz9v_invite-edouard-philippe-territoires-d-infos-10-01-2017_news\n\n-&#8220;Pourquoi y aurait-il une identit\u00e9 honteuse \u00e0 \u00eatre chr\u00e9tien ?&#8221; (Eric Ciotti, d\u00e9put\u00e9 LR des Alpes Maritimes; face \u00e0 Fr\u00e9d\u00e9ric Rivi\u00e8re; vid\u00e9o) : http:\/\/www.rfi.fr\/video\/20170110-eric-ciotti-lr-pourquoi-y-aurait-il-une-identite-honteuse-etre-chretien\n\n-&#8220;Je n&#8217;ai jamais voulu faire de voyage dans une sorte de diplomatie parall\u00e8le. On ne touche pas au non-cumul  des mandats. Ce n&#8217;est pas une tare de se dire chr\u00e9tien&#8221; (Bruno Retailleau, coordinateur de la campagne de Fran\u00e7ois Fillon; face \u00e0 L\u00e9a Salam\u00e9; vid\u00e9o) : http:\/\/www.dailymotion.com\/video\/x57yxp4_bruno-retailleau-repond-aux-questions-de-lea-salame_news\n\n-&#8220;L&#8217;encombrant soutien de Bachar Al-Assad \u00e0 Fran\u00e7ois Fillon&#8221; (Thomas Legrand; son) : https:\/\/www.franceinter.fr\/emissions\/l-edito-politique\/l-edito-politique-10-janvier-2017\n\n-&#8220;On peut supprimer 500 000 emplois sans que les services publics marchent moins bien&#8221; (Bruno Le Maire, d\u00e9put\u00e9 LR de l&#8217;Eure face \u00e0 jean-Jacques Bourdin; vid\u00e9o) : http:\/\/www.bfmtv.com\/mediaplayer\/video\/le-maire-on-peut-supprimer-500000-emplois-sans-que-le-service-public-fonctionne-moins-bien-899883.html\n\n-&#8220;Mon ennemi, c&#8217;est la gauche&#8221; (Nicolas Dupont-Aigan, face \u00e0 Fabien Namias; vid\u00e9o) : http:\/\/www.europe1.fr\/emissions\/linterview-politique-de-8h20\/nicolas-dupont-aignan-mon-ennemie-cest-la-gauche-2946509\n\n-&#8220;Le financement des campagnes \u00e9lectorales est une question de fond puisque les banques ont le pouvoir d&#8217;emp\u00eacher une candidature&#8221; (Marine Le Pen, candidate du FN \u00e0 l&#8217;\u00e9lection pr\u00e9sidentielle; face \u00e0 Caroline Roux; vid\u00e9o) : http:\/\/www.francetvinfo.fr\/elections\/presidentielle\/4-verites-presidentielle-malgre-des-problemes-de-financement-le-pen-promet-d-etre-la_2010707.html\n\n<strong>-&#8220;Comprendre 2017&#8221; (l&#8217;enqu\u00eate \u00e9lectorale du CEVIPOF de Sciences-Po (notes \u00e0 t\u00e9l\u00e9charger) :<\/strong> https:\/\/www.enef.fr\/les-notes\/\n\n<em>-Intentions de vote \u00e0 l&#8217;\u00e9lection pr\u00e9sidentielle (IFOP) : <\/em> http:\/\/www.parismatch.com\/Actu\/Politique\/Sondage-presidentielle-Le-Pen-devance-Fillon-1160720\n\n-Son commentaire dans l&#8217;\u00e9mission d&#8217;Olivier Galzi sur i-T\u00e9l\u00e9 (vid\u00e9o) :                   http:\/\/www.itele.fr\/chroniques\/grand-decryptage-olivier-galzi\/le-grand-decryptage-du-10012017-172319\n\n<strong>EUROPE-MONDE<\/strong>\n\n-Des moyens suppl\u00e9mentaires pour le programme Erasmus ? (Aline Robert) : http:\/\/www.euractiv.fr\/section\/langues-culture\/news\/les-pro-europeens-veulent-renforcer-les-moyens-derasmus\/?nl_ref=28505972\n\n-Au Parlement europ\u00e9en, les lib\u00e9raux rejettent l&#8217;alliance avec Beppe Grillo (James Crisp) : http:\/\/www.euractiv.fr\/section\/royaume-uni-en-europe\/news\/5-star-movements-vote-to-join-alde-could-cost-ukip-millions-in-eu-cash\/?nl_ref=28505972\n\n-&#8220;Tajani et Pittella font jeu \u00e9gal dans la course \u00e0 la pr\u00e9sidence du Parlement&#8221; (Georgi Gotev) : http:\/\/www.euractiv.fr\/section\/elections\/news\/tajani-and-pittella-neck-and-neck-in-race-for-parliament-presidencyk-in-race-for-parliament-chief\/?nl_ref=28505972\n\n<em>-Perceptions autour de la situation \u00e9conomique et sociale de diff\u00e9rents pays de l&#8217;Union europ\u00e9enne (IFOP) :<\/em> http:\/\/www.ifop.com\/?option=com_publication&#038;type=poll&#038;id=3599\n\n-&#8220;Nous n&#8217;avons pas saisi les occasions pour exister sur la sc\u00e8ne internationale&#8221; (Philippe Tesson et Bruno Roger-Petit, interrog\u00e9s par Guillaume Durand; vid\u00e9o) : https:\/\/www.radioclassique.fr\/magazine\/videos\/nous-navons-pas-saisi-les-occasions-pour-exister-sur-la-scene-internationale-philippe-tesson-10012017\/\n\n-La r\u00e9gion de Naples menac\u00e9e par un autre  volcan que le V\u00e9suve (un reportage de Mathilde Imberty; son) : https:\/\/www.franceinter.fr\/emissions\/grand-angle\/grand-angle-10-janvier-2017\n\n-Au Portugal, l&#8217;ultime hommage \u00e0 Mario Soares (vid\u00e9o) : http:\/\/nr.news-republic.com\/Web\/ArticleWeb.aspx?regionid=2&#038;articleid=82360357\n\n-&#8220;La Grande Bretagne, le pays du grand embarras&#8221; (Bernard Guetta; son) : https:\/\/www.franceinter.fr\/emissions\/geopolitique\/geopolitique-10-janvier-2017\n\n-Vers des \u00e9lections anticip\u00e9es en Irlande du Nord : http:\/\/www.euractiv.fr\/section\/royaume-uni-en-europe\/news\/northern-ireland-faces-elections-raising-fresh-uncertainty-over-brexit-talks\/?nl_ref=28505972\n\n-Cours de piscine obligatoires, la Cour europ\u00e9enne des droits de l&#8217;homme donne raison \u00e0 la Suisse (Catherine Dubouloz) : https:\/\/www.letemps.ch\/suisse\/2017\/01\/10\/cours-natation-obligatoires-cour-europeenne-droits-lhomme-donne-raison-suisse?utm_source\n\n-A T\u00e9h\u00e9ran, une foule impressionnante aux obs\u00e8ques de l&#8217;ex-pr\u00e9sident Rafsandjani (vid\u00e9o) : http:\/\/nr.news-republic.com\/Web\/ArticleWeb.aspx?regionid=2&#038;articleid=82364966\n\n-Mesures punitives contre la famille de l&#8217;assaillant de J\u00e9rusalem (vid\u00e9o) : http:\/\/nr.news-republic.com\/Web\/ArticleWeb.aspx?regionid=2&#038;articleid=82273208\n\n-Quand le pr\u00e9sident ghan\u00e9en plagie mot pour mot les discours de Bill Clinton et de George Bush (Anthony Bellanger; son) : https:\/\/www.franceinter.fr\/emissions\/les-histoires-du-monde\/les-histoires-du-monde-10-janvier-2017\n\n-&#8220;Ainsi fond l&#8217;Arctique&#8221; (Aude Massiot) : http:\/\/www.liberation.fr\/planete\/2017\/01\/09\/climat-ainsi-fond-fond-fond-l-arctique_1540220?xtor\n\n<strong>-&#8220;Les migrations dans un monde en mutation&#8221; (un document de l&#8217;OCDE) : <\/strong> http:\/\/www.keepeek.com\/Digital-Asset-Management\/oecd\/development\/perspectives-du-developpement-mondial-2017_persp_glob_dev-2017-fr#.WHUSElPhCpp#page1\n\n<strong>CULTURE-MEDIAS<\/strong>\n\n<strong>-&#8220;Le roman national ne s&#8217;est pas \u00e9crit sans le reste du monde&#8221; (l&#8217;historien Patrick Boucheron \u00e9tait l&#8217;invit\u00e9 de la matinale de France Inter. Il a r\u00e9pondu aux questions de Patrick Cohen et des auditeurs; vid\u00e9os) : <\/strong> http:\/\/www.dailymotion.com\/video\/x57z2hs_patrick-boucheron-repond-aux-questions-de-patrick-cohen_news                                                                                                                       http:\/\/www.dailymotion.com\/video\/x57zdnk_patrick-boucheron-repond-aux-questions-des-auditeurs-de-france-inter_news               \n\n<strong>-Le sociologue et philosophe Geoffroy de Lagasnerie \u00e9tait l&#8217;invit\u00e9 d&#8217;Augustin Trapenard. Il pr\u00e9sentait son dernier essai &#8220;Penser dans un monde mauvais&#8221; (son) :                                                  <\/strong> https:\/\/www.franceinter.fr\/emissions\/boomerang\/boomerang-10-janvier-2017  \n\n<strong>-&#8220;On ne peut pas laisser des gens se noyer  comme seul mod\u00e8le de r\u00e9gulation migratoire&#8221; (le sociologue Jean Viard; vid\u00e9o) :  <\/strong>      http:\/\/www.europe1.fr\/societe\/on-ne-peut-pas-laisser-des-gens-se-noyer-comme-seul-modele-de-regulation-migratoire-2947091        \n\n-Il \u00e9tait l&#8217;invit\u00e9 du &#8220;Club de la presse&#8221; d&#8217;Europe 1 (son, amener le curseur sur 20:50) :  http:\/\/www.europe1.fr\/emissions\/le-club-de-la-presse\/europe-soir-le-club-de-la-presse-sophie-coignard-et-jean-viard-10012017-2947079                                                                                                                                                                                                                                                                            \n\n<strong>-Le mercredi 25 janvier, de 10H30 \u00e0 17 H, \u00e0 l&#8217;auditorium de l&#8217;H\u00f4tel de Ville de Paris, une journ\u00e9e d&#8217;\u00e9tude consacr\u00e9e \u00e0 &#8220;Aur\u00e9lien&#8221;, le roman de Louis Aragon (pi\u00e8ce jointe);\n<\/strong>\n\n-&#8220;Dans les soci\u00e9t\u00e9s, ce qui a permis d&#8217;avancer, c&#8217;est l&#8217;insoumission&#8221; (Fanny Ardant, r\u00e9alisatrice du film &#8220;Le Divan de Staline&#8221;; invit\u00e9e d&#8217;Olivia Gesbert; son) :                              https:\/\/www.franceculture.fr\/emissions\/la-grande-table-1ere-partie\/ardant-sur-le-divan#xtor\n\n-&#8220;Pascal Comelade, insatiable incompris&#8221; (Olivier Lamm) : http:\/\/next.liberation.fr\/musique\/2017\/01\/09\/pascal-comelade-insatiable-incompris_1540188?xtor\n\n-&#8220;Russian roulette&#8221; (vid\u00e9o) : https:\/\/www.youtube.com\/watch?v=3WFMWR_HAfk\n\n-Le premier album de &#8220;The Bongo Hop&#8221; (Rebecca Manzoni; vid\u00e9o) : https:\/\/www.franceinter.fr\/emissions\/pop-co\/pop-co-10-janvier-2017\n\n-Du 18 au 24 janvier, le 20e festival cin\u00e9ma de T\u00e9l\u00e9rama (vid\u00e9o) : http:\/\/www.telerama.fr\/festivalcinema\/2017\/tout-ce-qu-il-faut-savoir-sur-le-festival-cinema-telerama-2017,152457.php#xtor\n\n<strong>-&#8220;Clandestins&#8221;, des travailleurs sans papiers film\u00e9s dans un documentaire de Andrea Rawlins-Gaston et Laurent Follea (Sonia Devillers; vid\u00e9o, amener le curseur sur 6:33) :    <\/strong>                    http:\/\/www.dailymotion.com\/video\/x57zmpu_des-travailleurs-sans-papiers-filmes-tete-haute_news\n\n<strong>-Le documentaire (vid\u00e9o) : <\/strong> http:\/\/www.france2.fr\/emissions\/infrarouge\/videos\/replay_-_clandestins_dautres_vies_que_les_votres_10-01-2017_1446077\n\n-Quinze Centres dramatiques nationaux poursuivis par des syndicats d&#8217;artistes (Sophie Rahal) :  http:\/\/www.telerama.fr\/scenes\/quinze-centres-dramatiques-nationaux-poursuivis-par-des-syndicats-d-artistes,152350.php#xtor\n\n-La une du &#8220;Canard encha\u00een\u00e9&#8221; : http:\/\/www.lecanardenchaine.fr\/la-une-du-11-janvier-2017\/\n\n-&#8220;Hubert Kayak, la nouvelle soci\u00e9t\u00e9 de transport de Paris&#8221; (Nicolas Canteloup; vid\u00e9o) : http:\/\/www.europe1.fr\/emissions\/la-revue-de-presque\/hubert-kayak-la-nouvelle-societe-de-transport-de-paris-2946533\n\n<strong>-&#8220;Quand un riche s&#8217;ennuie, il tire sur des animaux&#8221; (Charline Vanhoenacker; vid\u00e9o) : <\/strong> http:\/\/www.dailymotion.com\/video\/x57yv1j_quand-un-riche-s-ennuie-il-tire-sur-des-animaux-le-billet-de-charline_fun\n\n<strong>-Ouverture des magasins le dimanche (Guillaume Meurice; vid\u00e9o) :<\/strong> http:\/\/www.dailymotion.com\/video\/x57wasq_l-ouverture-des-magasins-le-dimanche-le-moment-meurice_fun\n\n-L&#8217;interview de Bachar, avec Jacques Gamblin (vid\u00e9o) : http:\/\/www.dailymotion.com\/video\/x57wbjp_l-interview-de-bachar-si-tu-ecoutes-le-sketch_fun\n\n-&#8220;L&#8217;Histoire, ce couteau suisse&#8221; (Alex Vizorek; vid\u00e9o) : http:\/\/www.dailymotion.com\/video\/x57z8q6_l-histoire-ce-couteau-suisse-le-billet-d-alex-vizorek_fun\n<h2 class=\"wp-block-heading\">Documents joints<\/h2>\n\n\n\n<div class=\"wp-block-file\"><a href=\"https:\/\/wp.muchomaas.com\/wp-content\/uploads\/2017\/01\/aurelien-979.pdf\">aurelien.pdf<\/a><\/div>\n\n\n","protected":false},"excerpt":{"rendered":"<p>ACTUALITE -&#8220;En 2016, les dividendes records du CAC 40&#8221; (Pierrick Fay; vid\u00e9o) : http:\/\/www.lesechos.fr\/finance-marches\/marches-financiers\/0211673522438-bourse-le-cac-40-a-distribue-pres-de-56-milliards-aux-actionnaires-en-2016-2055684.php#xtor -&#8220;On a \u00e9t\u00e9 liquid\u00e9 alors qu&#8217;on avait tir\u00e9 toutes les sonnettes d&#8217;alarme&#8221; (Karine Sala\u00fcn, salari\u00e9e de l&#8217;entreprise &#8220;Ecopla&#8221; qui fabrique des barquettes en aluminium \u00e0 Saint-Vincent-de-Mercuze (38; interrog\u00e9e par Eric Delvaux; son) : https:\/\/www.franceinter.fr\/emissions\/l-invite-du-5-7\/l-invite-du-5-7-10-janvier-2017 -A l&#8217;unanimit\u00e9, les 140 salari\u00e9s de la [&hellip;]<\/p>\n","protected":false},"author":1042,"featured_media":0,"comment_status":"open","ping_status":"open","sticky":false,"template":"","format":"standard","meta":{"_themeisle_gutenberg_block_has_review":false,"footnotes":""},"categories":[151],"tags":[],"class_list":["post-10107","post","type-post","status-publish","format-standard","hentry","category-la-revue-de-presse-de-lulu"],"_links":{"self":[{"href":"https:\/\/archives.regards.fr\/index.php?rest_route=\/wp\/v2\/posts\/10107","targetHints":{"allow":["GET"]}}],"collection":[{"href":"https:\/\/archives.regards.fr\/index.php?rest_route=\/wp\/v2\/posts"}],"about":[{"href":"https:\/\/archives.regards.fr\/index.php?rest_route=\/wp\/v2\/types\/post"}],"author":[{"embeddable":true,"href":"https:\/\/archives.regards.fr\/index.php?rest_route=\/wp\/v2\/users\/1042"}],"replies":[{"embeddable":true,"href":"https:\/\/archives.regards.fr\/index.php?rest_route=%2Fwp%2Fv2%2Fcomments&post=10107"}],"version-history":[{"count":0,"href":"https:\/\/archives.regards.fr\/index.php?rest_route=\/wp\/v2\/posts\/10107\/revisions"}],"wp:attachment":[{"href":"https:\/\/archives.regards.fr\/index.php?rest_route=%2Fwp%2Fv2%2Fmedia&parent=10107"}],"wp:term":[{"taxonomy":"category","embeddable":true,"href":"https:\/\/archives.regards.fr\/index.php?rest_route=%2Fwp%2Fv2%2Fcategories&post=10107"},{"taxonomy":"post_tag","embeddable":true,"href":"https:\/\/archives.regards.fr\/index.php?rest_route=%2Fwp%2Fv2%2Ftags&post=10107"}],"curies":[{"name":"wp","href":"https:\/\/api.w.org\/{rel}","templated":true}]}}