{"id":10103,"date":"2017-01-10T07:47:38","date_gmt":"2017-01-10T06:47:38","guid":{"rendered":"https:\/\/wp.muchomaas.com\/article-la-revue-du-10-janvier-2017\/"},"modified":"2023-06-23T23:23:50","modified_gmt":"2023-06-23T21:23:50","slug":"article-la-revue-du-10-janvier-2017","status":"publish","type":"post","link":"https:\/\/archives.regards.fr\/?p=10103","title":{"rendered":"La Revue du 10 janvier 2017"},"content":{"rendered":"<strong>ACTUALITE<\/strong>\n\n-Aujourd&#8217;hui \u00e0 Paris, nouvelle manifestation \u00e0 l&#8217;initiative du collectif &#8220;Touche pas \u00e0 ma ZEP&#8221; :                                                                                                                                                             http:\/\/www.francetvinfo.fr\/societe\/education\/trois-questions-pour-comprendre-les-raisons-de-la-colere-des-lycees-en-education-prioritaire_2009533.html\n\n<strong>-&#8220;Lyc\u00e9enne le jour, SDF la nuit&#8221; (Marie, \u00e9l\u00e8ve du lyc\u00e9e Auguste-Blanqui \u00e0 Saint-Ouen, 93; cit\u00e9e par Violaine Jossent) :   <\/strong>                                                                                                                         http:\/\/www.francetvinfo.fr\/societe\/lyceenne-le-jour-sans-abri-la-nuit-letemoignage-de-marie-18ans-et-sdf_2004207.html\n\n<strong>-7 in\u00e9galit\u00e9s criantes dans la France de 2017 (Camille Renard; sons) : <\/strong> https:\/\/www.franceculture.fr\/societe\/sept-inegalites-criantes-dans-la-france-de-2017\n\n<strong>-&#8220;Ce qu&#8217;on attend, c&#8217;est que les propositions que nous portons soient dans le d\u00e9bat. Pour l&#8217;instant, ce sont les \u00e9lections dans les tr\u00e8s petites entreprises. On a continu\u00e9 \u00e0 donner beaucoup d&#8217;argent aux tr\u00e8s grandes entreprises sans aucun r\u00e9sultat. Une majorit\u00e9 de Fran\u00e7ais est contre les principales propositions de Fran\u00e7ois Fillon&#8221; (Philippe Martinez, secr\u00e9taire de la CGT; face \u00e0 Audrey Crespo-Mara; vid\u00e9o) :  <\/strong>       http:\/\/www.lci.fr\/replay\/replay-l-invite-politique-du-9-janvier-2017-philippe-martinez-2020810.html%3Ftype=content\n\n-&#8220;Remaniement \u00e0 la direction d&#8217;Engie&#8221; (Pierre Demoux et Anne Feitz) :                                                                                                                                                                                                      http:\/\/www.lesechos.fr\/industrie-services\/energie-environnement\/0211671617878-remaniement-a-la-direction-dengie-2055579.php#xtor\n\n-Les Parisiens encourag\u00e9s \u00e0 utiliser le bateau pour se d\u00e9placer (Armelle Bonhineust) :                                                                                                                                                                            http:\/\/www.lefigaro.fr\/conjoncture\/2017\/01\/08\/20002-20170108ARTFIG00171-les-parisiens-encourages-a-utiliser-le-bateau-pour-se-deplacer.php?een\n\n-Anne Hidalgo poursuit la pi\u00e9tonnisation du coeur de Paris (Laurence Albert) :                                                                                                                                                                                       http:\/\/www.lesechos.fr\/politique-societe\/societe\/0211671249817-pietonnisation-des-berges-de-seine-anne-hidalgo-enfonce-le-clou-2055339.php\n\n-L&#8217;analyse de Baptiste Gaborit (son) : http:\/\/www.radioclassique.fr\/radio\/emissions\/matinale-de-radio-classique\/3-minutes-planete\/\n\n-&#8220;Marseille peine \u00e0 lutter contre les trafics de drogue&#8221; (Coralie Bonnefoy) : http:\/\/www.la-croix.com\/France\/Securite\/Marseille-peine-a-lutter-contre-les-trafics-de-drogue-2017-01-09-1200815804?utm_source\n\n-&#8220;Il n&#8217;y a pas de ministre du logement, Emmanuelle Cosse ne sert \u00e0 rien&#8221; (Christian Page, SDF; interrog\u00e9 par Thomas Sotto; son) :                                                                                                         http:\/\/www.europe1.fr\/emissions\/l-interview-verite\/christian-page-il-ny-a-pas-de-ministre-du-logement-emmanuelle-cosse-ne-sert-a-rien-2945543\n\n-En Ile-de-France, Val\u00e9rie P\u00e9cresse r\u00e9duit les cr\u00e9dits du logement social (Mathias Th\u00e9pot) : http:\/\/www.latribune.fr\/vos-finances\/immobilier\/ile-de-france-la-region-reduit-la-voilure-sur-le-logement-social-628633.html\n\n<strong>-&#8220;On veut faire de ce proc\u00e8s celui de l&#8217;\u00e9vasion fiscale&#8221; (le militant altermondialiste Jon Palais; interrog\u00e9 par Eric Delvaux; son) :<\/strong>                                                                                                                   https:\/\/www.franceinter.fr\/emissions\/l-invite-du-5-7\/l-invite-du-5-7-09-janvier-2017\n\n-Il est jug\u00e9 pour un vol de chaises ! (vid\u00e9o) : http:\/\/nr.news-republic.com\/Web\/ArticleWeb.aspx?regionid=2&#038;articleid=82266649\n\n-Le vaccin de la grippe en question et en d\u00e9bat chez Olivier Galzi sur i-T\u00e9l\u00e9 (vid\u00e9o) :http:\/\/www.itele.fr\/chroniques\/grand-decryptage-olivier-galzi\/le-grand-decryptage-du-09012017-172292 \n\n<strong>-&#8220;L&#8217;exp\u00e9rience des attentats de janvier nous a servi&#8221; (Fran\u00e7ois Molins, procureur de la R\u00e9publique de Paris; vid\u00e9o) :  <\/strong>                                                                                                                      http:\/\/www.francetvinfo.fr\/faits-divers\/attaque-au-siege-de-charlie-hebdo\/video-francois-molins-l-experience-des-attentats-de-janvier-nous-a-servis_2009591.html\n\n<strong>POLITIQUE<\/strong>\n\n<strong>-Pierre Laurent a pr\u00e9sent\u00e9 ses voeux (vid\u00e9o) : <\/strong> http:\/\/www.dailymotion.com\/video\/x57uya2_voeux-de-pierre-laurent-et-du-pcf-2017_news\n\n<strong>&#8211;&#8220;Je respecte le choix d&#8217;une campagne autonome du PCF. Que le FN ne trouve pas d&#8217;argent pour sa campagne est injuste. Les anciens p\u00e2turages n&#8217;ont plus de barri\u00e8res. Le PS n&#8217;est plus devant, il est derri\u00e8re Macron et moi. &#8220;Il faut produire avant de distribuer&#8221; dit M. Macron, c&#8217;est ridicule car quand a-t-on cess\u00e9 de produire ? Jamais de la vie je n&#8217;aurais vot\u00e9 Trump, c&#8217;est un raciste et un sexiste. J&#8217;aurais vot\u00e9 Sanders&#8221;  (Jean-Luc M\u00e9lenchon, face \u00e0 Jean-Jacques Bourdin; vid\u00e9o) : <\/strong> http:\/\/www.bfmtv.com\/mediaplayer\/video\/jean-luc-melenchon-face-a-jean-jacques-bourdin-en-direct-901267.html\n\n-Il a r\u00e9pondu aux questions des auditeurs de RMC (vid\u00e9os) : http:\/\/rmc.bfmtv.com\/mediaplayer\/video\/melenchon-sur-l-impot-universel-tout-le-monde-doit-payer-901287.html                                   http:\/\/rmc.bfmtv.com\/mediaplayer\/video\/melenchon-ils-n-ont-qu-une-envie-c-est-de-rentrer-chez-eux-901299.html                                                                                                                                     http:\/\/rmc.bfmtv.com\/mediaplayer\/video\/melenchon-a-un-trader-vous-etes-un-marchand-de-salade-901295.html\n\n-Son meeting \u00e0 Tourcoing sur la condition des salari\u00e9s (vid\u00e9o) : https:\/\/www.youtube.com\/watch?v=pJZcCXqqj80\n\n-&#8220;Nous portons cette proposition de d\u00e9p\u00e9nalisation et de l\u00e9galisation du cannabis, accompagn\u00e9e d&#8217;une politique de sant\u00e9 publique. Elle est dans le programme qu&#8217;a publi\u00e9 Jean-Luc M\u00e9lenchon. Dans la primaire, ils ont tous \u00e9t\u00e9 ministres&#8221; (Alexis Corbi\u00e8re, son porte-parole; face \u00e0 Myriam Encaoua; vid\u00e9o) :                                 http:\/\/www.itele.fr\/chroniques\/invite-michael-darmon\/linvite-de-myriam-encaoua-du-09012017-172278\n\n-&#8220;Jean-Louis Mons  tire sa r\u00e9v\u00e9rence&#8221; (Audrey Loussouarn, avec les hommages de Pierre Laurent et de Patrick Le Hyaric) :                                                                                                                 http:\/\/www.humanite.fr\/disparition-jean-louis-mons-tire-sa-reverence-629926\n\n-La disparition de Roger Ouvrard (Pierre Laurent) : http:\/\/www.pcf.fr\/95160\n\n-Le num\u00e9ro 831 de &#8220;ReSPUBLICA&#8221; : http:\/\/respu.gaucherepublicaine.org\/nl\/ki7\/l2yq2.html?a=oZ7pxn&#038;b\n\n-Sur le travail le dimanche, face \u00e0 face Danielle Simonnet du Parti de gauche\/Benjamin Griveaux de &#8220;En marche&#8221; (vid\u00e9o) : http:\/\/www.bfmtv.com\/mediaplayer\/video\/benjamin-griveauxface-a-danielle-simonnet-le-travail-dominical-est-il-un-succes-901507.html\n\n-Arnaud Montebourg, face \u00e0 Fabien Namias; vid\u00e9o :                                                                                                                                                                                                                                         http:\/\/www.europe1.fr\/emissions\/linterview-politique-de-8h20\/bachar-el-assad-syrie-stx-protectionnisme-emmanuel-macron-union-des-gauches-et-aquilino-morelle-arnaud-montebourg-repond-aux-questions-de-fabien-namias-2945624\n\n-&#8220;Manuel Valls est le plus clivant&#8221; (Beno\u00eet Hamon qui promet trois r\u00e9f\u00e9rendums, sur le vote blanc, le 49.3 et le vote des \u00e9trangers (il \u00e9tait interrog\u00e9 par Elizabeth Martichoux; vid\u00e9o) :                     http:\/\/www.rtl.fr\/actu\/politique\/benoit-hamon-invite-de-rtl-matin-lundi-9-janvier-7786643805                                                                                                                                                                       \n\n-Il a r\u00e9pondu aux questions des auditeurs de RTL (son) : http:\/\/www.rtl.fr\/actu\/politique\/revenu-universel-temps-de-travail-comment-hamon-veut-relancer-l-emploi-rtl-7786649011\n\n-&#8220;L&#8217;\u00e9nergie la plus propre, c&#8217;est le nucl\u00e9aire&#8221; (Vincent Peillon; vid\u00e9o) : http:\/\/www.francetvinfo.fr\/politique\/ps\/primaire-a-gauche\/video-l-energie-la-plus-propre-c-est-le-nucleaire-juge-vincent-peillon_2007425.html\n\n-&#8220;Un certain nombre de m\u00e9dias ont choisi de ne parler que des candidats socialistes&#8221; (Fran\u00e7ois de Rugy, candidat \u00e9cologiste \u00e0 la primaire; interrog\u00e9 par Ruth Elkrief; vid\u00e9o) : http:\/\/www.bfmtv.com\/mediaplayer\/video\/francois-de-rugyface-a-ruth-elkrief-901505.html\n\n-&#8220;J&#8217;estime entre 1,5 et 2 millions le nombre de participants \u00e0 la primaire&#8221; (Jean-Christophe Cambad\u00e9lis; face \u00e0 Guillaume Durand; vid\u00e9o) :                                                                                                   https:\/\/www.dailymotion.com\/video\/x57ux9z_j-estime-entre-1-5-million-et-2-millions-le-nombre-de-votants-a-la-primaire-de-gauche-j-c-cambadeli_news\n\n-&#8220;La l\u00e9galisation du cannabis au coeur du d\u00e9bat&#8221; (Alban de Montigny; vid\u00e9o) :                               http:\/\/www.la-croix.com\/France\/Politique\/Primaire-PS-legalisation-cannabis-revient-centre-debat-2017-01-09-1200815803?utm_source \n\n-&#8220;La primaire de la gauche \u00e0 la peine&#8221; (Thomas Legrand; son) : https:\/\/www.franceinter.fr\/emissions\/l-edito-politique\/l-edito-politique-09-janvier-2017\n\n-&#8220;Manuel Valls a raison, il n&#8217;est pas le favori de cette primaire&#8221; (Luc Carvounas, s\u00e9nateur PS  du Val-de-Marne; face \u00e0 Fr\u00e9d\u00e9ric Rivi\u00e8re; vid\u00e9o) :                                                                                            http:\/\/www.rfi.fr\/video\/20170109-luc-carvounas-ps-manuel-valls-raison-il-est-pas-le-favori-cette-primaire\n\n-&#8220;A mes yeux, il est le meilleur \u00e0 gauche&#8221; (Luc Ferry, ancien ministre de Nicolas Sarkozy; vid\u00e9o) :                                                                                                                                               https:\/\/www.dailymotion.com\/video\/x57uwlx_manuel-valls-est-a-mes-yeux-le-meilleur-a-gauche-luc-ferry-09-01-2017_news\n\n-En Occitanie, cent personnalit\u00e9s -dont Jean-Claude Gayssot- lui apportent leur soutien :  http:\/\/www.ladepeche.fr\/article\/2017\/01\/09\/2492988-occitanie-cent-personnalites-affirment-leur-soutien-a-manuel-valls.html\n\n-&#8216;Le livre d&#8217;Aquilino Morelle arrive un peu trop tard&#8221; (Alba Ventura; vid\u00e9o) : http:\/\/www.rtl.fr\/actu\/politique\/alba-ventura-le-livre-d-aquilino-morelle-arrive-un-peu-trop-tard-7786648281\n\n-Les extraits publi\u00e9s par le JDD : http:\/\/www.lejdd.fr\/Politique\/Hollande-Gayet-Ayrault-Les-confidences-d-Aquilino-Morelle-838234\n\n<strong>-Il \u00e9tait l&#8217;invit\u00e9 de la matinale de France Inter et r\u00e9pondait aux questions de Patrick Cohen et des auditeurs (vid\u00e9os) :    <\/strong>                                                                                                                       http:\/\/www.dailymotion.com\/video\/x57uoe9_aquilino-morelle-repond-aux-questions-de-patrick-cohen_news                                                                                                                                              http:\/\/www.dailymotion.com\/video\/x57urhi_aquilino-morelle-repond-aux-auditeurs-de-france-inter_news\n\n-&#8220;Emmanuel Macron n&#8217;a besoin de personne&#8221; (Yves Thr\u00e9ard du &#8220;Figaro&#8221;; vid\u00e9o) : http:\/\/www.europe1.fr\/emissions\/ledito-politique-dyves-threard\/emmanuel-macron-na-besoin-de-personne-2945492\n\n-&#8220;L&#8217;inqui\u00e9tude grandit  au PS face \u00e0 sa mont\u00e9e&#8221; (Christophe Barbier; vid\u00e9o) :                                                                                                                                                                                                                http:\/\/www.bfmtv.com\/mediaplayer\/video\/l-edito-de-christophe-barbier-l-inquietude-grandit-au-ps-face-a-la-montee-d-emmanuel-macron-901255.html#?xtor\n\n-G\u00e9rard Collomb, s\u00e9nateur PS du Rh\u00f4ne qui le soutient, \u00e9tait l&#8217;invit\u00e9 de &#8220;Bureau Politique&#8221; (vid\u00e9o) : http:\/\/www.lci.fr\/replay\/bureau-politique-du-8-janvier-2017-2020790.html%3Ftype=content\n\n-&#8220;Manuel Valls porte plus que d&#8217;autres le bilan. Il change chaque semaine. Alain Jupp\u00e9 est associ\u00e9 par nature \u00e0 la campagne de Fran\u00e7ois Fillon. C&#8217;est criminel d&#8217;engager le d\u00e9bat sur la l\u00e9galisation du cannabis&#8221; (Thierry Sol\u00e8re, d\u00e9put\u00e9 LR; invit\u00e9 de &#8220;Territoires d&#8217;Infos&#8221;; vid\u00e9o, amener le curseur sur 33:30) :                                                                                                                                                           http:\/\/www.dailymotion.com\/video\/x57umlz_invite-thierry-solere-territoires-d-infos-09-01-2017_news\n\n-&#8220;Fin de l&#8217;\u00e9tat de gr\u00e2ce pour Fillon&#8221; (Bernard Sanan\u00e8s, pr\u00e9sident d&#8217;Elabe; vid\u00e9o) : http:\/\/videos.lesechos.fr\/lesechos\/interviews\/intentions-de-vote-fin-de-letat-de-grace-pour-fillon\/8lluux\n\n-&#8220;On va s&#8217;engager \u00e0 fond pour l&#8217;emporter. Je vais m&#8217;engager \u00e0 fond. Bachar Al-Assad vient troubler le jeu politique fran\u00e7ais&#8221; (Jean-Fran\u00e7ois Cop\u00e9, d\u00e9put\u00e9 LR de Seine-et-Marne; invit\u00e9 de la matinale de Franceinfo; vid\u00e9o) :  http:\/\/www.dailymotion.com\/video\/x57uzzi_pour-jean-francois-cope-bachar-al-assad-vient-perturber-le-jeu-politique-francais_news\n\n-&#8220;Ce n&#8217;est pas un d\u00e9lit de se dire chr\u00e9tien&#8221; (Jean-Fr\u00e9d\u00e9ric Poisson, d\u00e9put\u00e9 chr\u00e9tien-d\u00e9mocrate des Yvelines; vid\u00e9o) :                                                                                                                                     http:\/\/www.lcp.fr\/la-politique-en-video\/poisson-pcd-defend-fillon-ce-nest-pas-un-delit-de-se-dire-chretien\n\n-&#8220;Ceux qui ont voulu \u00e9vacuer le r\u00e9gime syrien ont commis une lourde erreur&#8221; (Il \u00e9tait l&#8217;invit\u00e9 de &#8220;Politique Matin&#8221; sur LCP et  r\u00e9pondait aux questions de Brigitte Boucher; vid\u00e9o, amener le curseur sur 30:30) : http:\/\/www.lcp.fr\/emissions\/politique-matin\/279024-politique-matin\n\n-Mich\u00e8le Alliot-Marie, eurod\u00e9put\u00e9e LR, candidate \u00e0 l&#8217;\u00e9lection pr\u00e9sidentielle, \u00e9tait l&#8217;invit\u00e9e du &#8220;Club de la presse&#8221; d&#8217;Europe 1 (son) : http:\/\/www.europe1.fr\/emissions\/le-club-de-la-presse\/europe-soir-le-club-de-la-presse-michele-alliot-marie-et-alexandre-orlov-09012017-2946161\n\n-&#8220;Nous assumons de mettre la priorit\u00e9 nationale dans la Constitution&#8221; (Florian Philippot, vice-pr\u00e9sident du FN; face \u00e0 L\u00e9a Salam\u00e9; vid\u00e9o) :                                                                                    http:\/\/www.dailymotion.com\/video\/x57ul62_florian-philippot-repond-aux-questions-de-lea-salame_news\n\n-&#8220;La candidate, c&#8217;est Marine, pas Marion&#8221; (Gilbert Collard, d\u00e9put\u00e9 apparent\u00e9 FN du Gard; face \u00e0 Olivier Galzi; vid\u00e9o) :       http:\/\/www.itele.fr\/chroniques\/invite-galzi-jusqua-minuit\/linvite-politique-dolivier-galzi-du-09012017-172291\n\n<strong>EUROPE-MONDE<\/strong>\n\n<strong>-Le dernier num\u00e9ro de &#8220;Recherches internationales&#8221; est paru, avec un \u00e9ditorial de Michel Rogalski, consacr\u00e9 \u00e0 &#8220;l&#8217;international dans la pr\u00e9sidentielle&#8221; (pi\u00e8ces jointes);<\/strong>\n\n-Bruxelles, place forte du lobbying en Europe (Samuel Morgan) : http:\/\/www.euractiv.fr\/section\/politique\/news\/brussels-confirmed-as-lobbying-mecca-by-new-study\/?nl_ref=28425715\n\n-Le succ\u00e8s d&#8217;estime d&#8217;Erasmus, trente ans apr\u00e8s sa cr\u00e9ation (Marie-Estelle Pech) :                                                                                                                                                                                    http:\/\/www.lefigaro.fr\/actualite-france\/2017\/01\/08\/01016-20170108ARTFIG00169-le-succes-d-estime-d-erasmus-trente-ans-apres-sa-creation-par-l-europe.php?een\n\n-&#8220;Les terres europ\u00e9ennes disparaissent sous le b\u00e9ton \u00e0 grande vitesse&#8221; (Nathalie Fontrelle; son) :                                                                                                                                         https:\/\/www.franceinter.fr\/emissions\/planete-environnement\/planete-environnement-09-janvier-2017\n\n-L&#8217;interdiction de la p\u00eache en eau profonde d\u00e9bute maintenant :                                                                                                                                                                                                                    http:\/\/www.euractiv.fr\/section\/developpement-durable\/news\/linterdiction-de-la-peche-en-eaux-profondes-debute-en-janvier\/?nl_ref=28425715\n\n-Pour le vice-chancelier allemand Sigmar Gabriel, un \u00e9clatement de l&#8217;Union europ\u00e9enne n&#8217;est plus impensable :                                                                                                                                 http:\/\/www.euractiv.fr\/section\/politique\/news\/pour-sigmar-gabriel-un-eclatement-de-lue-nest-plus-impensable\/?nl_ref=28425715\n\n-Ce qu&#8217;en pensent les Fondations (vid\u00e9o) : http:\/\/nr.news-republic.com\/Web\/ArticleWeb.aspx?regionid=2&#038;articleid=82259643\n\n-&#8220;En Italie, tout ne va pas tr\u00e8s fort&#8221; (Danielle Zappala; son) : https:\/\/www.franceinter.fr\/emissions\/meridien-d-europe\/meridien-d-europe-09-janvier-2017\n\n-Beppe Grillo veut rompre les liens avec les eurosceptiques britanniques : http:\/\/www.euractiv.fr\/section\/politique\/news\/italys-5-star-divorces-ukip-begins-relationship-with-alde\/?nl_ref=28425715\n\n-Theresa May privil\u00e9gie le contr\u00f4le de l&#8217;immigration (vid\u00e9o) : http:\/\/nr.news-republic.com\/Web\/ArticleWeb.aspx?regionid=2&#038;articleid=82169427\n\n<strong>-&#8220;Les travailleurs des start-up se r\u00e9voltent contre leurs conditions de travail&#8221; (Eric Albert) :<\/strong> https:\/\/www.letemps.ch\/economie\/2017\/01\/09\/royaumeuni-travailleurs-startup-se-revoltent-contre-leurs-conditions-travail?utm_source\n\n-Le m\u00e9tro londonien paralys\u00e9 par une gr\u00e8ve (vid\u00e9o) : http:\/\/nr.news-republic.com\/Web\/ArticleWeb.aspx?regionid=2&#038;articleid=82233436\n\n<strong>-Amnesty International fustige la nouvelle loi anti-immigration de la Slov\u00e9nie (Georgi Gotev) :    <\/strong>                                                                                                                                                           http:\/\/www.euractiv.fr\/section\/l-europe-dans-le-monde\/news\/amnesty-international-slams-slovenias-new-anti-migration-law\/?nl_ref=28425715\n\n-&#8220;L&#8217;ombre des gangs nig\u00e9rians s&#8217;\u00e9tend en Europe&#8221; (Etienne Dubuis) : https:\/\/www.letemps.ch\/monde\/2017\/01\/09\/lombre-gangs-nigerians-setend-europe?utm_source\n\n<strong>-En Palestine, &#8220;la situation sur le terrain est dramatique. Elle est dangereuse pour la s\u00e9curit\u00e9 d&#8217;Isra\u00ebl elle-m\u00eame. La bataille de Mossoul va \u00eatre longue&#8221; (Le ministre des Affaires \u00e9trang\u00e8res Jean-Marc Ayrault, invit\u00e9 du &#8220;Club de la presse&#8221; d&#8217;Europe 1; vid\u00e9o) : <\/strong> \nhttp:\/\/www.europe1.fr\/international\/jean-marc-ayrault-sur-le-conflit-israelo-palestinien-la-situation-sur-le-terrain-est-dramatique-2943224                         http:\/\/www.europe1.fr\/international\/jean-marc-ayrault-la-bataille-de-mossoul-va-etre-longue-2943209\n\n-L&#8217;interview int\u00e9grale (son) : http:\/\/www.europe1.fr\/emissions\/le-club-de-la-presse\/europe-soir-le-club-de-la-presse-jean-marc-ayrault-et-daniel-soulez-lariviere-05012017-2943218\n\n-A Alep, &#8220;en fin de compte, les gens ont \u00e9t\u00e9 lib\u00e9r\u00e9s du joug du terrorisme&#8221; (Bachar Al-Assad; vid\u00e9o) :                                                                                                                                                                         http:\/\/www.lcp.fr\/la-politique-en-video\/document-lcp-bachar-el-assad-en-fin-de-compte-les-gens-ont-ete-liberes-du-joug\n\n-&#8220;Si M. Fillon fait ce qu&#8217;il dit, ce sera tr\u00e8s bien&#8221; (vid\u00e9o) : http:\/\/www.dailymotion.com\/video\/x57udes_bachar-al-assad-si-monsieur-fillon-met-en-application-ce-quil-dit-ce-sera-tres-bien_news\n\n-&#8220;Nous sommes sur le chemin de la victoire&#8221; (vid\u00e9o) : http:\/\/www.dailymotion.com\/video\/x57v801_bachar-al-assad-nous-sommes-sur-le-chemin-de-la-victoire_news\n\n-&#8220;C&#8217;est hallucinant de voir comment Bachar Al-Assad manie la d\u00e9sinformation&#8221; (le d\u00e9put\u00e9 socialiste Hugues Fourage; vid\u00e9o) :                                                                                                              http:\/\/www.lcp.fr\/la-politique-en-video\/fourage-ps-cest-hallucinant-de-voir-comment-bachar-al-assad-manie-la\n\n-&#8220;C&#8217;est un acteur pour la r\u00e9solution du conflit. Ce que la France et les Etats-Unis ont fait est un \u00e9chec&#8221; (Eric Ciotti, d\u00e9put\u00e9 LR des Alpes Maritimes; face \u00e0 Laurence Ferrari; vid\u00e9o) : http:\/\/www.itele.fr\/chroniques\/invite-politique-ferrari-tirs-croises\/linvite-de-laurence-ferrari-du-09012017-172289\n\n-&#8220;En Syrie, la France doit \u00eatre porteuse de paix&#8221; (de retour de Damas, Jean Lassalle, d\u00e9put\u00e9 des Pyr\u00e9n\u00e9es Atlantiques, candidat \u00e0 la pr\u00e9sidence de la R\u00e9publique; propos recueillis par Agn\u00e8s Rotivel) :     http:\/\/www.la-croix.com\/Monde\/Moyen-Orient\/Jean-Lassalle-En-Syrie-France-doit-etre-porteuse-paix-2017-01-09-1200815821?utm_source\n\n-&#8220;Le ton monte \u00e0 T\u00e9h\u00e9ran&#8221; (Bernard Guetta; son) : https:\/\/www.franceinter.fr\/emissions\/geopolitique\/geopolitique-09-janvier-2017\n\n<strong>CULTURE-MEDIAS<\/strong>\n\n-&#8220;Blaise Pascal est d&#8217;abord un homme de la raison math\u00e9matique&#8221; (Jean-Marc Chatelain, conservateur de l&#8217;exposition que lui consacre la BNF, jusqu&#8217;au 29 janvier; entretien r\u00e9alis\u00e9 par Basile Lemaire; vid\u00e9o) : http:\/\/www.telerama.fr\/idees\/blaise-pascal-est-d-abord-un-homme-de-la-raison-mathematique-jean-marc-chatelain,151914.php\n\n<strong>-&#8220;Punir, une passion contemporaine&#8221; (son auteur, le sociologue et m\u00e9decin Didier Fassin; invit\u00e9 de &#8220;La Grande table&#8221; d&#8217;Olivia Gesbert; son) : <\/strong>                                                                                 https:\/\/www.franceculture.fr\/emissions\/la-grande-table-2eme-partie\/justice-un-catalyseur-dinegalites#xtor\n\n<strong>-Ces \u00e9crivains nous ont quitt\u00e9s en 2016 <\/strong> : http:\/\/www.telerama.fr\/livre\/litterature-umberto-eco-benoite-groult-dario-fo-ils-nous-ont-quittes-en-2016,152052.php\n\n-Moins de visiteurs dans les mus\u00e9es parisiens (Philippe Dagen) :                                                                                                                                                                                                               http:\/\/www.lemonde.fr\/arts\/article\/2017\/01\/09\/les-attentats-de-2015-ont-pese-sur-la-frequentation-des-musees-parisiens_5059635_1655012.html\n\n-Isabelle Huppert, Golden Globe de la meilleure actrice dramatique pour &#8220;Elle&#8221; (vid\u00e9o) :                                                                                                                                                                                   http:\/\/www.dailymotion.com\/video\/x57udgv_isabelle-huppert-golden-globe-de-la-meilleure-actrice-dramatique-pour-elle_shortfilms                                                                                      \n\n-Le palmar\u00e8s 2017 (diaporama et vid\u00e9os) : http:\/\/www.lemonde.fr\/oscars-cesars-ceremonies\/article\/2017\/01\/09\/jimmy-fallon-donne-le-coup-d-envoi-de-la-ceremonie-des-golden-globes_5059533_5040963.html                                                                                                                                                                                                                                                                         http:\/\/www.lesechos.fr\/week-end\/cinema\/films\/0211672524888-isabelle-huppert-sacree-meilleure-actrice-dramatique-aux-golden-globes-2055581.php\n\n-Pour les s\u00e9ries, la surprise est venue de &#8220;Night Manager&#8221; (Pierre Langlais) :                                                                                                                                                                                           http:\/\/www.telerama.fr\/series-tv\/golden-globes-2017-cote-series-the-crown-et-atlanta-confirment-the-night-manager-cree-la-surprise,152352.php\n\n-Isabelle Huppert et &#8220;Le La Land&#8221;, grands vainqueurs (Caroline Besse; vid\u00e9os) :                                                                                                                                                                                          http:\/\/www.telerama.fr\/cinema\/isabelle-huppert-et-la-la-land-grands-vainqueurs-des-golden-globes-2017,152351.php\n\n-Donald Trump, la cible (J\u00e9r\u00e9mie Maire; vid\u00e9o) : http:\/\/www.telerama.fr\/cinema\/golden-globes-2017-donald-trump-l-invite-pas-du-tout-surprise,152356.php\n\n-La preuve par le discours de Meryl Streep (vid\u00e9o) : http:\/\/www.telerama.fr\/cinema\/golden-globes-2017-meryl-streep-prononce-un-vibrant-discours-contre-donald-trump,152355.php\n\n-Donald Trump lui a r\u00e9pondu dans un tweet (Marie-Claude Martin; vid\u00e9os) : https:\/\/www.letemps.ch\/opinions\/2017\/01\/09\/golden-globes-donald-trump-vexe-repond-tweet-meryl-streep?utm_source\n\n-Les critiques du &#8220;Monde&#8221; ont vu &#8220;Neruda&#8221; de Pablo Larrain (vid\u00e9o) : http:\/\/www.lemonde.fr\/cinema\/video\/2017\/01\/03\/neruda-de-pablo-larrain-tout-sauf-un-biopic_5057235_3476.html\n\n<strong>-Laurent Delmas a ador\u00e9 le documentaire &#8220;La Vall\u00e9e des loups&#8221; de Jean-Michel Bertrand (son) :      <\/strong>                                                                                                                                                   https:\/\/www.franceinter.fr\/emissions\/la-prescription-cinema-de-laurent-delmas\/la-prescription-cinema-de-laurent-delmas-07-janvier-2017\n\n<strong>-Des clips f\u00e9ministes peu appr\u00e9ci\u00e9s en Arabie saoudite ! (Emilie Poyard; vid\u00e9os) :<\/strong>                                                                                                                                                                                    http:\/\/www.elle.fr\/Societe\/News\/Le-clip-feministe-qu-on-adore-mais-qui-agace-beaucoup-en-Arabie-saoudite-3407234\n\n-Jusqu&#8217;au 26 f\u00e9vrier 2017, au &#8220;Th\u00e9\u00e2tre 13&#8221;, Lili Cros et Thierry Chazelle, un duo chantant, dr\u00f4le et \u00e9mouvant (Marie-Catherine Mardi; vid\u00e9o) :                                                                                              http:\/\/www.telerama.fr\/sortir\/lili-cros-et-thierry-chazelle-un-duo-chantant-drole-et-emouvant,152260.php    \n\n-Au CentQuatre, puis au th\u00e9\u00e2tre de la Ville \u00e0 Paris, jusqu&#8217;au 26 janvier, &#8220;Grande&#8221;, la revue ravageuse avec Vimala Pons et Tsirihaka Harrivel (Jean-Pierre Thibaudat) :    https:\/\/blogs.mediapart.fr\/jean-pierre-thibaudat\/blog\/080117\/vimala-pons-et-tsirihaka-harrivel-signent-grande-une-revue-ravageuse\n\n<strong>-Thomas Fersen, invit\u00e9 d&#8217;Augustin Trapenard (son) :     <\/strong> https:\/\/www.franceinter.fr\/emissions\/boomerang\/boomerang-09-janvier-2017                                   \n\n-&#8220;On ne saucissonne pas Beethoven, &#8220;Thriller&#8221; non plus&#8221; (Marc Cerrone; entretien r\u00e9alis\u00e9 par Erwan Perron; vid\u00e9os) :                                                                                                                  http:\/\/www.telerama.fr\/musique\/cerrone-on-ne-saucissonne-pas-beethoven-et-on-ne-saucissonne-pas-thriller,151575.php\n\n<strong>-&#8220;Les chanteuses et les chanteurs ressuscitent&#8221; (Rebecca Manzoni; vid\u00e9o) : <\/strong> http:\/\/www.dailymotion.com\/video\/x57uecw_les-chanteuses-et-les-chanteurs-ressuscitent-pop-co_news\n\n-&#8220;Lee Hazlewood, po\u00e8te lubrique&#8221; (Laurent Rigoulet; vid\u00e9o) : http:\/\/www.telerama.fr\/musique\/lee-hazlewood-poete-lubrique,152320.php   \n\n<strong>-&#8220;Rien de plus magique que la voix pour s&#8217;\u00e9vader&#8221; (Caroline Brou\u00e9 de France Culture (propos recueillis par Ir\u00e8ne Verlaque; vid\u00e9o) : <\/strong>                                                                                              http:\/\/www.telerama.fr\/radio\/caroline-broue-de-france-culture-rien-de-plus-magique-que-la-voix-pour-s-evader,149038.php\n\n-Sur &#8220;OUI FM&#8221;, la face cach\u00e9e des 45 tours (Carole Lefran\u00e7ois; son) : http:\/\/www.telerama.fr\/radio\/la-face-cachee-des-45-tours,152112.php\n\n-&#8220;Les faces B&#8221; dans l&#8217;\u00e9mission du 9 octobre 2016 (Alister et Mathieu Alterman; son) : http:\/\/www.ouifm.fr\/bleu-blanc-schnock-66-special-faces-b\/\n\n<strong>-Les deux journalistes du &#8220;Monde&#8221; G\u00e9rard Davet et Fabrice Lhomme lancent une nouvelle \u00e9mission politique sur Radio Nova (invit\u00e9s de Sonia Devillers; vid\u00e9o, amener le curseur sur 3:11) :<\/strong>       http:\/\/www.dailymotion.com\/video\/x57v1gt_davet-et-lhomme-lancent-leur-interview-politique-sur-nova_news\n\n-Faute d&#8217;audience, &#8220;A vos pinceaux&#8221; migre de France 2 \u00e0 France 4 (Cl\u00e9ment B\u00e9nech) :  http:\/\/next.liberation.fr\/arts\/2017\/01\/08\/a-vos-pinceaux-les-toiles-filantes_1539968?xtor\n\n-France 2 lancera un feuilleton quotidien (vid\u00e9o) : http:\/\/www.europe1.fr\/emissions\/le-fait-medias-du-jour\/france-2-aura-bientot-son-feuilleton-quotidien-2945780\n\n-&#8220;Je n&#8217;ai aucun ressentiment vis-\u00e0-vis d&#8217;Anne-Claire Coudray&#8221; (Claire Chazal, interrog\u00e9e par Thomas Joubert; vid\u00e9o) :                                                                                                                      http:\/\/www.europe1.fr\/emissions\/l-invite-medias\/claire-chazal-je-nai-aucun-ressentiment-vis-a-vis-danne-claire-coudray-2945774  \n\n<strong>-&#8220;Karine Le Marchand, star de la t\u00e9l\u00e9ruralit\u00e9&#8221; (Sophia Aram; vid\u00e9o) : <\/strong> http:\/\/www.dailymotion.com\/video\/x57uraq_karine-le-marchand-star-de-la-teleruralite-le-billet-de-sophia-aram_fun\n\n-&#8220;Attention, il va neiger&#8221; (vid\u00e9o) : http:\/\/www.dailymotion.com\/video\/x57lswh_attention-il-va-neiger-le-journal-de-17h17_fun\n\n<strong>-Deux militants du FN (Charline Vanhoenacker et Guillaume Meurice; vid\u00e9o) : <\/strong> http:\/\/www.dailymotion.com\/video\/x57uji1_jean-claude-et-chantal-militants-frontistes-le-billet-de-charline_fun\n<h2 class=\"wp-block-heading\">Documents joints<\/h2>\n\n\n\n<div class=\"wp-block-file\"><a href=\"https:\/\/wp.muchomaas.com\/wp-content\/uploads\/2017\/01\/recherches_internationales-c98.pdf\">recherches_internationales.pdf<\/a><\/div>\n\n\n\n<div class=\"wp-block-file\"><a href=\"https:\/\/wp.muchomaas.com\/wp-content\/uploads\/2017\/01\/l_editorial-c38.pdf\">l_editorial.pdf<\/a><\/div>\n\n\n","protected":false},"excerpt":{"rendered":"<p>ACTUALITE -Aujourd&#8217;hui \u00e0 Paris, nouvelle manifestation \u00e0 l&#8217;initiative du collectif &#8220;Touche pas \u00e0 ma ZEP&#8221; : http:\/\/www.francetvinfo.fr\/societe\/education\/trois-questions-pour-comprendre-les-raisons-de-la-colere-des-lycees-en-education-prioritaire_2009533.html -&#8220;Lyc\u00e9enne le jour, SDF la nuit&#8221; (Marie, \u00e9l\u00e8ve du lyc\u00e9e Auguste-Blanqui \u00e0 Saint-Ouen, 93; cit\u00e9e par Violaine Jossent) : http:\/\/www.francetvinfo.fr\/societe\/lyceenne-le-jour-sans-abri-la-nuit-letemoignage-de-marie-18ans-et-sdf_2004207.html -7 in\u00e9galit\u00e9s criantes dans la France de 2017 (Camille Renard; sons) : https:\/\/www.franceculture.fr\/societe\/sept-inegalites-criantes-dans-la-france-de-2017 -&#8220;Ce qu&#8217;on attend, c&#8217;est que [&hellip;]<\/p>\n","protected":false},"author":1042,"featured_media":0,"comment_status":"open","ping_status":"open","sticky":false,"template":"","format":"standard","meta":{"_themeisle_gutenberg_block_has_review":false,"footnotes":""},"categories":[151],"tags":[],"class_list":["post-10103","post","type-post","status-publish","format-standard","hentry","category-la-revue-de-presse-de-lulu"],"_links":{"self":[{"href":"https:\/\/archives.regards.fr\/index.php?rest_route=\/wp\/v2\/posts\/10103","targetHints":{"allow":["GET"]}}],"collection":[{"href":"https:\/\/archives.regards.fr\/index.php?rest_route=\/wp\/v2\/posts"}],"about":[{"href":"https:\/\/archives.regards.fr\/index.php?rest_route=\/wp\/v2\/types\/post"}],"author":[{"embeddable":true,"href":"https:\/\/archives.regards.fr\/index.php?rest_route=\/wp\/v2\/users\/1042"}],"replies":[{"embeddable":true,"href":"https:\/\/archives.regards.fr\/index.php?rest_route=%2Fwp%2Fv2%2Fcomments&post=10103"}],"version-history":[{"count":0,"href":"https:\/\/archives.regards.fr\/index.php?rest_route=\/wp\/v2\/posts\/10103\/revisions"}],"wp:attachment":[{"href":"https:\/\/archives.regards.fr\/index.php?rest_route=%2Fwp%2Fv2%2Fmedia&parent=10103"}],"wp:term":[{"taxonomy":"category","embeddable":true,"href":"https:\/\/archives.regards.fr\/index.php?rest_route=%2Fwp%2Fv2%2Fcategories&post=10103"},{"taxonomy":"post_tag","embeddable":true,"href":"https:\/\/archives.regards.fr\/index.php?rest_route=%2Fwp%2Fv2%2Ftags&post=10103"}],"curies":[{"name":"wp","href":"https:\/\/api.w.org\/{rel}","templated":true}]}}