{"id":10090,"date":"2017-01-09T07:10:23","date_gmt":"2017-01-09T06:10:23","guid":{"rendered":"https:\/\/wp.muchomaas.com\/article-la-revue-du-9-janvier-2017\/"},"modified":"2023-06-23T23:23:45","modified_gmt":"2023-06-23T21:23:45","slug":"article-la-revue-du-9-janvier-2017","status":"publish","type":"post","link":"https:\/\/archives.regards.fr\/?p=10090","title":{"rendered":"La Revue du 9 janvier 2017"},"content":{"rendered":"<strong>ACTUALITE<\/strong>\n\n-L&#8217;inqui\u00e9tude des salari\u00e9s de Whirlpool \u00e0 Amiens (Dominique Chapuis) : http:\/\/www.lesechos.fr\/industrie-services\/conso-distribution\/0211667396411-whirlpool-les-salaries-inquiets-pour-lavenir-de-la-derniere-usine-francaise-2055167.php#xtor\n\n-&#8220;Vivarte \u00e9tudie la cession d&#8217;Andr\u00e9 et un nouveau plan social&#8221; (Franck Bouaziz) :       http:\/\/www.liberation.fr\/futurs\/2017\/01\/04\/vivarte-etudie-la-cession-d-andre-et-un-nouveau-plan-social_1539114 \n\n<strong>-&#8220;185 millions de repas ont \u00e9t\u00e9 distribu\u00e9e en 2015 par le Secours populaire&#8221; (Julien Laupr\u00eatre, son pr\u00e9sident; invit\u00e9 de Cyril Graziani; son) :  <\/strong>                                                                               https:\/\/www.franceinter.fr\/emissions\/l-interview-politique\/l-interview-politique-25-decembre-2016          \n                                          \n-L&#8217;engagement de longue date d&#8217;Anne Roumanoff aupr\u00e8s de l&#8217;association (invit\u00e9e d&#8217;Alessandra Sublet; vid\u00e9o) :                                                                                                                    http:\/\/www.europe1.fr\/emissions\/le-camarade-du-jour\/le-camarade-du-jour-anne-roumanoff-marraine-du-secours-populaire-2934020\n\n-En France, &#8220;la dur\u00e9e hebdomadaire habituelle du travail atteint 39,3 heures&#8221; (Jean-Christophe Chanut) :                                                                                                                                                         http:\/\/www.latribune.fr\/economie\/france\/la-duree-hebdomadaire-habituelle-du-travail-atteint-39-3-heures-626473.html           \n\n<em>-Les principaux indicateurs (la direction des statistiques du minist\u00e8re du Travail; documents \u00e0 t\u00e9l\u00e9charger) :  <\/em>                                                                                                                                                http:\/\/dares.travail-emploi.gouv.fr\/dares-etudes-et-statistiques\/etudes-et-syntheses\/dares-analyses-dares-indicateurs-dares-resultats\/article\/la-duree-du-travail-principaux-indicateurs\n\n<em>-Les salari\u00e9s et le temps de travail (BVA) : <\/em> http:\/\/www.bva.fr\/fr\/sondages\/les_salaries_et_le_temps_de_travail.html\n\n-Jusqu&#8217;au 13 janvier, lors du vote dans les tr\u00e8s petites entreprises, &#8220;donnons de la force \u00e0 nos m\u00e9tiers&#8221; (la CGT; vid\u00e9o) : https:\/\/www.youtube.com\/watch?v=dBULj4YOpQo\n\n-Philippe Martinez est all\u00e9 \u00e0 la rencontre de leurs salari\u00e9s (vid\u00e9o) :           https:\/\/www.youtube.com\/watch?v=p74GeC9MC8E\n\n-&#8220;L&#8217;invraisemblable histoire de la loi Travail&#8221; (un ouvrage de Jean-Claude Mailly, secr\u00e9taire de FO; interrog\u00e9 par Philippe Bouvard; son, amener le curseur sur 34:04) : http:\/\/www.rtl.fr\/culture\/medias-people\/pourquoi-les-protheses-auditives-coutent-elles-si-cher-7786625337\n\n-&#8220;Fran\u00e7ois Ch\u00e9r\u00e8que a souvent eu raison avant les autres. Quel type de syndicalisme souhaitent les salari\u00e9s, c&#8217;est l&#8217;enjeu des \u00e9lections dans les tr\u00e8s petites entreprises&#8221; (Laurent Berger, secr\u00e9taire de la CFDT; interrog\u00e9 par Fran\u00e7ois -Xavier M\u00e9nage; vid\u00e9o) : http:\/\/www.lci.fr\/replay\/replay-l-invite-politique-du-6-janvier-2017-laurent-berger-2020416.html%3Ftype=content\n\n<em>-La population fran\u00e7aise au dernier recensement (document de l&#8217;INSEE) :  <\/em>            http:\/\/www.bdm.insee.fr\/bdm2\/affichageSeries?request_locale=fr&#038;idbank=001641586          \n\n<strong>-Les analyses du d\u00e9mographe Herv\u00e9 Le Bras et de Nathalie Quintane, auteure de &#8220;Que faire des classes moyennes&#8221;; invit\u00e9s de Guillaume Erner (sons et vid\u00e9o) :  <\/strong> https:\/\/www.franceculture.fr\/emissions\/linvite-des-matins\/quelle-france-sapprete-voter#xtor                                                     https:\/\/www.franceculture.fr\/emissions\/linvite-des-matins-2eme-partie\/quelle-france-sapprete-voter-2eme-partie#xtor\n\n-&#8220;La spirale du d\u00e9classement&#8221; de Louis Chauvet (pr\u00e9sent\u00e9 par l&#8217;\u00e9conomiste Yves Besan\u00e7on) : https:\/\/blogs.mediapart.fr\/yves-besancon\/blog\/301216\/louis-chauvel-la-spirale-du-declassement?utm_source\n\n<strong>-L&#8217;achat d&#8217;une voiture neuve devient de plus en plus inaccessible (Maxime Amiot) : <\/strong>                                                                                                                                                                                 http:\/\/www.lesechos.fr\/industrie-services\/automobile\/0211620248803-pourquoi-lachat-dune-voiture-neuve-devient-de-plus-en-plus-inaccessible-2052778.php#xtor\n\n-&#8220;Les m\u00e9nages se d\u00e9tournent massivement du diesel&#8221; (Maxime Amiot; vid\u00e9o) :                                                                                                                                                                                               http:\/\/www.lesechos.fr\/industrie-services\/automobile\/0211620507546-les-menages-se-detournent-massivement-du-diesel-2053064.php\n\n-&#8220;Les voitures diesel polluent dix fois plus que les camions&#8221; (Damian Carrington) :     http:\/\/www.euractiv.fr\/section\/climat-environnement\/news\/diesel-cars-are-10-times-more-toxic-than-trucks-and-buses-data-shows\/?nl_ref=28311041\n\n-&#8220;L&#8217;accord de Paris de la COP 21 suppose d&#8217;\u00e9liminer les \u00e9missions des transports&#8221; (James Crisp) :                                                                                                                                                                http:\/\/www.euractiv.fr\/section\/transport\/news\/europe-urged-to-cut-all-transport-emissions-to-keep-climate-pledge\/?nl_ref=27649867\n\n-&#8220;Un r\u00e9chauffement de 1,5\u00b0 limiterait la disparition des poissons&#8221; (St\u00e9phanie Senet) :                                                                                                                                                                                          http:\/\/www.euractiv.fr\/section\/changement-climatique\/news\/un-rechauffement-d-15c-limiterait-la-disparition-des-poissons\/?nl_ref=27740922\n\n-&#8220;Le vrai co\u00fbt du nucl\u00e9aire&#8221; (&#8220;Osons Causer&#8221;; vid\u00e9o) : https:\/\/www.youtube.com\/watch?v=RDu86bcrC94&#038;feature=youtu.be\n\n<em>-L&#8217;image de la Poste (ODOXA)<\/em> : http:\/\/www.odoxa.fr\/sondage\/crible-de-semaine-poste-fierte-francaise\/\n\n<strong>-Pour la polyclinique tarbaise de l&#8217;Ormeau, une lettre ouverte de personnalit\u00e9s \u00e0 la ministre de la Sant\u00e9 :   <\/strong>                                                                                                                                      https:\/\/blogs.mediapart.fr\/edition\/les-invites-de-mediapart\/article\/281216\/polyclinique-de-lormeau-lettre-ouverte-marisol-touraine\n\n-Gennevilliers (92) vue du ciel (vid\u00e9os) : http:\/\/videotheque.ville-gennevilliers.fr\/insolites\/resource\/gennevilliers-vue-du-ciel-la-mairie\/\n\n<strong>-&#8220;Ne pas seulement vivre c\u00f4te \u00e0 c\u00f4te, mais cr\u00e9er du commun&#8221; (Laurent Russier, le nouveau maire de Saint Denis en Seine-Saint-Denis; propos recueillis par S\u00e9bastien Banse et Dominique Sanchez)        <\/strong>                                                                http:\/\/www.lejsd.com\/content\/%C2%AB-ne-pas-simplement-vivre-c%C3%B4te-%C3%A0-c%C3%B4te-mais-cr%C3%A9er-du-commun-%C2%BB\n\n<strong>-&#8220;L&#8217;\u00e9tonnant cas du communiste Robert Marchand&#8221; (le g\u00e9riatre Olivier de Ladoucette; interrog\u00e9 par Yves Calvi; amener le curseur sur 1:05:55) :     <\/strong>                               http:\/\/www.lci.fr\/replay\/replay-24-heures-en-questions-du-jeudi-5-janvier-2017-2020388.html%3Ftype=content \n\n-Les coulisses de son record (Patricia Martin; son) :                                     https:\/\/www.franceinter.fr\/emissions\/la-photo-de-la-semaine\/la-photo-de-la-semaine-07-janvier-2017 \n\n-Cinq semaines apr\u00e8s son ouverture, le centre de r\u00e9fugi\u00e9s de Paris Nord sature (Juliette B\u00e9nabent) :                                                                                                                                                http:\/\/www.telerama.fr\/monde\/cinq-semaines-apres-son-ouverture-le-centre-de-refugies-de-paris-nord-sature-deja,151683.php#xtor\n\n<strong>-&#8220;C&#8217;est l&#8217;Etat qui est dans l&#8217;ill\u00e9galit\u00e9, pas moi&#8221; (C\u00e9dric Herrou, le paysan poursuivi pour avoir accueilli des r\u00e9fugi\u00e9s; entretien r\u00e9alis\u00e9 par Emilien Urbach) :   <\/strong>        http:\/\/www.humanite.fr\/cedric-herrou-cest-letat-qui-est-dans-lillegalite-pas-moi-629732\n\n-&#8220;La Roya, la vall\u00e9e rebelle&#8221; (vid\u00e9o) : http:\/\/www.france5.fr\/emissions\/c-politique\/videos\/la_roya_la_vallee_rebelle_-_c_politique_11-12-2016_1421579?onglet=tous&#038;page=1\n\n-&#8220;Le retour du d\u00e9lit de solidarit\u00e9 ?&#8221; (Juliette B\u00e9nabent) :                              http:\/\/www.telerama.fr\/monde\/proces-de-nice-le-retour-du-delit-de-solidarite,152299.php#xtor\n\n-&#8220;Il y a des lois dans la R\u00e9publique; l&#8217;organisation de fili\u00e8res de passages est contraire \u00e0 la loi&#8221; (Eric Ciotti, d\u00e9put\u00e9 LR des Alpes-Maritimes; face \u00e0 Caroline Roux; vid\u00e9o) : http:\/\/www.france2.fr\/emissions\/node\/537815\n\n-&#8220;L&#8217;op\u00e9ration &#8220;Sentinelle&#8221; est une op\u00e9ration d&#8217;affichage politique qui use les arm\u00e9es&#8221;  (l&#8217;ancien colonel de marine Michel Goya, invit\u00e9 de la matinale de France Inter; vid\u00e9o) : http:\/\/www.dailymotion.com\/video\/x56cp3e_michel-goya-l-operation-sentinelle-est-une-operation-d-affichage-politique-qui-use-les-armees_news\n\n-Il a r\u00e9pondu aux questions des auditeurs (vid\u00e9o) :                                                                                                                                                                                                                                                       http:\/\/www.dailymotion.com\/video\/x56cs4t_michel-goya-la-chine-double-son-budget-militaire-tous-les-cinq-ans-l-inde-et-le-japon-progressent-la_news\n\n-150 personnalit\u00e9s marseillaises demandent &#8220;la l\u00e9galisation contr\u00f4l\u00e9e&#8221; du cannabis (tribune) :   http:\/\/www.lejdd.fr\/Politique\/TRIBUNE-Cannabis-150-personnalites-marseillaises-demandent-la-legalisation-controlee-838090\n\n-&#8220;Christine Lagarde et la R\u00e9publique des affaires&#8221; (Richard Werly) : https:\/\/www.letemps.ch\/opinions\/2016\/12\/19\/christine-lagarde-republique-affaires?utm_source\n\n-&#8220;Mon s\u00e9nateur a deux visages&#8221; (Jean-Louis Gass) :                                     https:\/\/blogs.mediapart.fr\/jean-louis-gass\/blog\/291216\/mon-senateur-deux-visages?utm_source\n\n<strong>-&#8220;Les derniers aveux de Balkany&#8221; (Laurent Valdigui\u00e9) : <\/strong>                              http:\/\/www.lejdd.fr\/Societe\/Justice\/Les-derniers-aveux-de-Balkany-838105\n\n<em>-Les femmes m\u00e9ritantes de l&#8217;ann\u00e9e 2016 (HARRIS) :   <\/em>                                  http:\/\/harris-interactive.fr\/opinion_polls\/les-femmes-meritantes-de-lannee-2016\/\n\n<strong>-&#8220;Le foyer est le lieu de tous les dangers pour les femmes&#8221; (la f\u00e9ministe Sophie Gourion, invit\u00e9e de Giulia Fo\u00efs; son) :  <\/strong>                                                             https:\/\/www.franceinter.fr\/emissions\/itw-societe-civile\/itw-societe-civile-01-janvier-2017\n\n<strong>-&#8220;Harc\u00e8lement sexuel, le fl\u00e9au silencieux&#8221; (un documentaire d&#8217;Olivier Piguetti; vid\u00e9o) <\/strong> :  http:\/\/www.france5.fr\/emissions\/le-monde-en-face\/videos\/replay_-_harcelement_sexuel_le_fleau_silencieux_03-01-2017_1438525\n\n<em>-La vie sexuelle des Parisiens (IFOP) :<\/em> http:\/\/www.ifop.fr\/?option=com_publication&#038;type=poll&#038;id=3596\n\n<strong>-Les voeux de &#8220;la Pr\u00e9sidente&#8221; Assa Traor\u00e9 (vid\u00e9o) :     <\/strong>                                   https:\/\/www.youtube.com\/watch?v=fa-Ux6Jz3nE\n\n-A Paris, des milliers de Kurdes ont r\u00e9clam\u00e9 &#8220;v\u00e9rit\u00e9 et justice pour Sakine, Fidan et Leyla&#8221; (avec la s\u00e9natrice communiste du Val-de-Marne Laurence Cohen; vid\u00e9o) : https:\/\/www.youtube.com\/watch?v=LDe36RM2cus\n\n<strong>POLITIQUE<\/strong>\n\n<strong>-&#8220;Je suis ravi pour ceux qui ont retrouv\u00e9 un emploi mais le ch\u00f4mage a augment\u00e9 de un million depuis 2012, signe de l&#8217;\u00e9chec d&#8217;une politique. Avec le Parti communiste, je veux mettre toutes mes forces dans la bataille pour que Jean-Luc M\u00e9lenchon soit le plus haut possible&#8221; (Ian Brossat, adjoint communiste au logement \u00e0 Paris; face \u00e0 Pascal Humeau; vid\u00e9o) :<\/strong> http:\/\/www.lci.fr\/replay\/replay-l-invite-politique-du-lundi-26-decembre-ian-brossat-2019007.html%3Ftype=content\n\n<strong>-&#8220;Jean-Louis Mons, un homme qui cherchait \u00e0 \u00eatre utile aux autres&#8221; (Patrick Le Hyaric)<\/strong> : http:\/\/patrick-le-hyaric.fr\/hommage-a-jean-louis-mons\/\n\n-&#8220;Un ami cher vient de d\u00e9c\u00e9der&#8221; (Jean-Paul Bor\u00e9; pi\u00e8ce jointe);\n\n-Dans &#8220;Le Midi Libre&#8221; (pi\u00e8ce jointe);  \n\n-Le num\u00e9ro 309 de &#8220;Cerises&#8221; : http:\/\/www.cerisesenligne.fr\/file\/archive\/cerises-309.pdf\n\n<strong>-&#8220;Voila dix ans que je dis que le PS est dans une impasse programmatique. D\u00e9sormais, cela appara\u00eet clairement aux yeux de tous. Le syst\u00e8me Uber, c&#8217;est du m\u00e9pris vis \u00e0 vis des gens. Il faut une coalition universelle contre les bandes arm\u00e9es de l&#8217;islamisme&#8221; (Jean-Luc M\u00e9lenchon; face \u00e0 L\u00e9a Salam\u00e9; vid\u00e9os) :   <\/strong>                 https:\/\/www.franceinter.fr\/emissions\/l-invite-de-7h50\/l-invite-de-7h50-04-janvier-2017\n\n-&#8220;A quoi bon un candidat du PS ?&#8221; (propos recueillis par Rapha\u00eblle Besse Desmouli\u00e8res et Nicolas Chapuis; pi\u00e8ce jointe) :                                                         http:\/\/www.lesechos.fr\/elections\/jean-luc-melenchon\/0211662162734-presidentielle-2017-melenchon-juge-une-candidature-socialiste-inutile-2054796.php\n\n-Sa &#8220;Revue de la semaine&#8221; n\u00b013 (vid\u00e9o) : http:\/\/melenchon.fr\/2017\/01\/06\/revue-de-semaine-13-conditions-de-travail-auchan-mulliez-impot-syrie-trophee-100-000-abonnes\/\n\n-&#8220;Syrie, Russie, M\u00e9lenchon met les points sur les i&#8221; (Pauline Graulle; vid\u00e9o) : http:\/\/www.politis.fr\/articles\/2017\/01\/syrie-russie-melenchon-met-les-points-sur-les-i-36080\/\n\n-&#8220;Comment M. M\u00e9lenchon nie le peuple de Syrie et ses droits&#8221; (Jean-Pierre Filiu, professeur \u00e0 Sciences Po Paris) : http:\/\/filiu.blog.lemonde.fr\/2017\/01\/06\/comment-m-melenchon-nie-le-peuple-de-syrie-et-ses-droits\/\n\n-En campagne au Gosier en Guadeloupe (vid\u00e9o) : https:\/\/www.youtube.com\/watch?v=X_U2eHtfRUE&#038;feature=youtu.be\n\n-&#8220;Nous parlons \u00e0 tous ceux qui ne se reconnaissent pas dans les partis politiques&#8221; (son porte-parole Alexis Corbi\u00e8re, face \u00e0 Pierre Weill; son) :                             https:\/\/www.franceinter.fr\/emissions\/l-interview-politique\/l-interview-politique-01-janvier-2017\n\n-&#8220;A quoi bon la primaire du PS pour d\u00e9signer un candidat frapp\u00e9 des m\u00eames difficult\u00e9s que M. Hollande&#8221; (interrog\u00e9 par Fr\u00e9d\u00e9ric Rivi\u00e8re; vid\u00e9o) :              http:\/\/m.rfi.fr\/video\/20170106-corbiere-bon-primaire-ps-designer-candidat-frappe-memes-difficultes\n\n<em>-&#8220;Le champion pour les valeurs de gauche, c&#8217;est M\u00e9lenchon&#8221; (IFOP) :   <\/em>            http:\/\/www.lejdd.fr\/Politique\/Valeurs-de-gauche-le-champion-c-est-Melenchon-817270\n\n<strong>-&#8220;Malgr\u00e9 les nombreux barrages de la gauche socialiste, nous serons bien pr\u00e9sents en 2017&#8221; (Robert Hue; s\u00e9nateur, pr\u00e9sident du Mup) :  <\/strong>                                                   http:\/\/www.huffingtonpost.fr\/robert-hue\/malgre-les-nombreux-barrages-de-la-gauche-socialiste-nous-seron\/?utm_hp_ref=fr-homepage\n\n-&#8220;Je crois que j&#8217;aurai les 500 parrainages&#8221; (Yannick Jadot, candidat \u00e9cologiste \u00e0 l&#8217;\u00e9lection pr\u00e9sidentielle; interrog\u00e9 par Francis Letellier; vid\u00e9o) :                  http:\/\/pluzz.francetv.fr\/videos\/dimanche_en_politique.html\n\n-&#8220;Notre pays est un des plus durs avec la jeunesse. Pour l&#8217;immigration, mon approche se fonde sur l&#8217;asile et l&#8217;hospitalit\u00e9. Je me vois \u00e0 l&#8217;Elys\u00e9e&#8221; (Benoist Hamon, face \u00e0 Ruth Elkrief; vid\u00e9o) : http:\/\/www.bfmtv.com\/mediaplayer\/video\/je-veux-etre-president-de-la-republique-je-me-vois-a-l-elysee-benoit-hamon-899767.html\nhttp:\/\/www.bfmtv.com\/mediaplayer\/video\/immigration-mon-approche-se-fonde-sur-l-asile-et-l-hospitalite-benoit-hamon-899771.html\n\n-Il \u00e9tait aussi l&#8217;invit\u00e9 d&#8217;Apolline de Malherbe (vid\u00e9o) : http:\/\/www.bfmtv.com\/mediaplayer\/video\/benoit-hamon-face-a-apolline-de-malherbe-en-direct-896187.html\n\n-Et aussi de &#8220;Questions politiques&#8221;, \u00e9mission anim\u00e9e par Nicolas Demorand (vid\u00e9os) : https:\/\/www.franceinter.fr\/emissions\/questions-politiques\/questions-politiques-08-janvier-2017\n\n-Arnaud Montebourg, face \u00e0 la r\u00e9daction de Mediapart (vid\u00e9os) :              https:\/\/www.youtube.com\/watch?v=-XluVAdms5s&#038;feature=youtu.be\n<iframe loading=\"lazy\" title=\"Quelle exemplarit\u00e9 en politique? Montebourg face \u00e0 Mediapart\" width=\"500\" height=\"281\" src=\"https:\/\/www.youtube.com\/embed\/LR-ZZ9UjpbE?feature=oembed\" frameborder=\"0\" allow=\"accelerometer; autoplay; clipboard-write; encrypted-media; gyroscope; picture-in-picture; web-share\" referrerpolicy=\"strict-origin-when-cross-origin\" allowfullscreen><\/iframe>\n\n-Il \u00e9tait l&#8217;invit\u00e9 de la matinale de France Inter. Il r\u00e9pondait aux questions de Patrick Cohen et des auditeurs (vid\u00e9os) :                                                              http:\/\/www.dailymotion.com\/video\/x57ftjh_arnaud-montebourg-repond-aux-questions-de-patrick-cohen_news                                                                 http:\/\/www.dailymotion.com\/video\/x57fv0r_arnaud-montebourg-repond-aux-questions-des-auditeurs-de-france-inter_news\n\n-&#8220;Je d\u00e9fends un projet de transformation du syst\u00e8me \u00e9conomique, politique et financier, et europ\u00e9en d&#8217;ailleurs. La d\u00e9gradation des conditions de travail et de r\u00e9mun\u00e9ration est remise en cause. Je propose la ren\u00e9gociation des accords de Schengen. Je suis favorable \u00e0 une formation \u00e0 tout \u00e2ge de la vie. L&#8217;aust\u00e9rit\u00e9 en France a pris la forme particuli\u00e8re de l&#8217;autorit\u00e9 fiscale&#8221; (Arnaud Montebourg, invit\u00e9 de &#8220;BFM Politique&#8221;; vid\u00e9os) :\nhttp:\/\/www.bfmtv.com\/mediaplayer\/video\/je-defend-un-projet-de-transformation-du-syteme-economique-politique-et-financier-arnaud-montebourg-12-901129.htm       http:\/\/www.bfmtv.com\/mediaplayer\/video\/questions-d-eco-la-degradation-des-conditions-de-travail-et-de-remuneration-est-remise-en-cause-arnaud-montebourg-901133.htmll\nhttp:\/\/www.bfmtv.com\/mediaplayer\/video\/je-propose-la-renegociation-des-accords-de-schengen-arnaud-montebourg-22-901143.html                                         http:\/\/www.bfmtv.com\/mediaplayer\/video\/arnaud-montebourg-face-aux-francais-je-suis-favorable-a-une-formation-a-tout-age-de-la-vie-901145.html                            http:\/\/www.bfmtv.com\/mediaplayer\/video\/comptes-de-campagne-l-austerite-en-france-a-pris-la-forme-particuliere-de-l-autorite-fiscale-arnaud-montebourg-901141.html\n\n<strong>-Son face \u00e0 face avec l&#8217;avocat Me Eric Dupond-Moretti (vid\u00e9o) :  <\/strong>                          http:\/\/www.bfmtv.com\/mediaplayer\/video\/arnaud-montebourg-face-a-eric-dupond-moretti-je-suis-favorable-a-l-independance-des-juges-c-est-a-dire-ceux-qui-decident-et-non-ceux-qui-poursuivent-901147.html\n\n-Guy Bedos d\u00e9ment qu&#8217;il pr\u00e9side son comit\u00e9 de soutien (vid\u00e9o) :           http:\/\/www.france5.fr\/emissions\/c-a-vous\/videos\/guy_bedos_et_la_politique_-_c_a_vous_-_05012017_05-01-2017_1441031?onglet=tous&#038;page=1\n\n-&#8220;J&#8217;ai un but, c&#8217;est d&#8217;\u00eatre au deuxi\u00e8me tour face \u00e0 Fran\u00e7ois Fillon&#8221; (Manuel Valls, interrog\u00e9 par Elyzabeth Martichoux; vid\u00e9o) :                                                    http:\/\/www.rtl.fr\/actu\/politique\/posez-vos-questions-a-manuel-valls-invite-de-rtlmatin-7786573898 \n\n-Cinq s\u00e9quences de sa participation \u00e0 l&#8217;\u00e9mission &#8220;Questions politiques&#8221; sur France 2, dont celles face \u00e0 Philippe Martinez, secr\u00e9taire de la CGT et Charline Vanhoenacker; vid\u00e9os) : http:\/\/www.francetvinfo.fr\/politique\/ps\/primaire-a-gauche\/videos-primaire-de-la-gauche-cinq-sequences-a-retenir-de-l-emission-politique-avec-manuel-valls_2003105.html\n\n<em>-Ce qu&#8217;en ont pens\u00e9 les t\u00e9l\u00e9spectateurs (HARRIS)<\/em> : http:\/\/harris-interactive.fr\/opinion_polls\/sondage-pour-lemission-politique-manuel-valls\/\n\n-&#8220;Quand l&#8217;\u00e9mission politique vous d\u00e9go\u00fbte de la politique&#8221; (G\u00e9rard Le Puil) :   http:\/\/www.humanite.fr\/quand-lemission-politique-vous-degoute-de-la-politique-629872\n\n<strong>-&#8220;Il est temps d&#8217;\u00eatre fiers de notre action&#8221; (Bernard Cazeneuve, qui ne prendra pas parti pour un candidat de la primaire; propos recueillis par Anna Cabana, Arthur Nazaret et Christine Ollivier ) : <\/strong>                                                            http:\/\/www.lejdd.fr\/Politique\/Bernard-Cazeneuve-Il-est-temps-d-etre-fiers-de-notre-action-836335  \n\n-Les voeux aux Corr\u00e9ziens de Fran\u00e7ois Hollande (vid\u00e9o) :                               http:\/\/www.elysee.fr\/videos\/v-ux-aux-correziens-2\/#content\n\n-&#8220;J&#8217;ai gard\u00e9 un drapeau de Daech&#8221; (Jean-Yves Le Drian; vid\u00e9o) :                    http:\/\/www.lejdd.fr\/Politique\/VIDEO-Le-Drian-J-ai-garde-un-drapeau-de-Daech-838594\n\n-St\u00e9phane Le Foll ne fera pas de choix jusqu&#8217;au premier tour de la primaire socialiste. Il \u00e9tait l&#8217;invit\u00e9 de la matinale de Franceinfo (vid\u00e9o) :          http:\/\/www.dailymotion.com\/video\/x57c81v_stephane-le-foll-ne-fera-pas-de-choix-jusqu-au-premier-tour-de-la-primaire-de-la-gauche_news\n\n-&#8220;Il y a eu de bonnes choses et des fautes lourdes&#8221; (Vincent Peillon, candidat \u00e0 la primaire socialiste; face \u00e0 Jean-Jacques Bourdin; vid\u00e9o) :                          http:\/\/www.bfmtv.com\/mediaplayer\/video\/vincent-peillon-face&#8211;jeanjacques-bourdin-en-direct-899219.html\n\n-Il \u00e9tait l&#8217;invit\u00e9 de &#8220;On n&#8217;est pas couch\u00e9&#8221; de Laurent Ruquier (vid\u00e9o) :       http:\/\/www.france2.fr\/emissions\/on-n-est-pas-couche\/videos\/vincent_peillon_-_on_nest_pas_couche_7_janvier_2017_onpc_07-01-2017_1443079?onglet=tous&#038;page=1\n\n<br \/>&mdash;&nbsp;&#8220;Apr\u00e8s le d\u00e9sistement de Fran\u00e7ois Hollande, Vincent Peillon a estim\u00e9 qu&#8217;il fallait une candidature de la r\u00e9conciliation. Il veut le rassemblement de toutes les forces de la gauche, de Jean-Luc M\u00e9lenchon \u00e0 Emmanuel Macron&#8221; (Karine Berger, d\u00e9put\u00e9e PS des Hautes-Alpes, coordinatrice de la campagne de Vincent Peillon; face \u00e0 Pascal Humeau; vid\u00e9o) :                                                                                   http:\/\/www.lci.fr\/replay\/replay-l-invite-politique-du-mercredi-28-decembre-karine-berger-2019160.html%3Ftype=content\n\n-&#8220;Hollande a r\u00e9ussi \u00e0 prot\u00e9ger un mod\u00e8le social fran\u00e7ais dans une situation de crise mondiale&#8221; (le s\u00e9nateur socialiste David Assouline, soutien de Vincent Peillon; interrog\u00e9 par Wendy Bouchard; son) :                                                              http:\/\/www.europe1.fr\/emissions\/l-interview-politique-du-week-end\/david-assouline-hollande-a-reussi-a-proteger-un-modele-social-francais-dans-une-situation-de-crise-mondiale-2938889\n\n-&#8220;J&#8217;incarne une forme de changement&#8221; (Sylvia Pinel, pr\u00e9sidente du PRG; candidate \u00e0 la primaire socialiste, interrog\u00e9e par Fran\u00e7ois-Xavier M\u00e9nage; vid\u00e9o) :           http:\/\/www.lci.fr\/replay\/replay-l-inivte-politique-sylvia-pinel-j-incarne-une-forme-de-changement-2020084.html%3Ftype=content\n\n-&#8220;On doit \u00eatre capable de contraindre la finance&#8221; (la secr\u00e9taire d&#8217;Etat Juliette M\u00e9adel, charg\u00e9e de l&#8217;aide aux victimes, face \u00e0 Fran\u00e7ois-Xavier m\u00e9nage; vid\u00e9o) :          http:\/\/www.lci.fr\/replay\/replay-l-invite-politique-du-3-janvier-2017-juliette-meadel-2019904.html%3Ftype=content\n\n-Elle \u00e9tait l&#8217;invit\u00e9e de &#8220;Punchline&#8221;, l&#8217;\u00e9mission de Laurence Ferrari (vid\u00e9o) :     http:\/\/www.c8.fr\/c8-info\/pid8591-c8-punchline.html?vid=1430370\n\n-&#8220;Je pense que la France est forte quand elle est juste, une France forte ne garantit pas la justice. Les grands sujets ne sont pas suffisamment abord\u00e9s. C&#8217;\u00e9tait d\u00e9j\u00e0 le cas avec la primaire de la droite. Les responsables politiques doivent \u00eatre jug\u00e9s sur leurs actes, pas sur leurs promesses. Je ne sais pas encore pour qui je vais voter. J&#8217;observe avec bienveillance (Emmanuel Macron) parce qu&#8217;il est tourn\u00e9 vers le futur&#8221; (S\u00e9gol\u00e8ne Royal, face \u00e0 Caroline Roux; vid\u00e9o) : http:\/\/www.france2.fr\/emissions\/telematin\/videos\/les_4_verites_-_segolene_royal_04-01-2017_1438767?onglet=tous&#038;page=1\n\n-Elle \u00e9tait l&#8217;invit\u00e9e du &#8220;Grand rendez-vous&#8221; d&#8217;Europe 1 (vid\u00e9o) :                      http:\/\/www.itele.fr\/magazines\/grand-rendez-vous-politique-darmon\/le-grand-rendez-vous-partie-1-du-08012017-172269\n\n-&#8220;Il faut arr\u00eater ce sport de mise en cause des policiers&#8221; (le ministre de l&#8217;Int\u00e9rieur Bruno Le Roux qui votera pour Manuel Valls mais ne participera pas au d\u00e9bat de la primaire; invit\u00e9 du &#8220;Grand Jury&#8221; de RTL; vid\u00e9o) : http:\/\/www.rtl.fr\/actu\/politique\/bruno-le-roux-il-faut-arreter-ce-sport-national-de-mise-en-cause-des-policiers-7786641196\n\n-&#8220;Je m&#8217;engage \u00e0 soutenir le candidat qui peut faire gagner la gauche&#8221; (le secr\u00e9taire d&#8217;Etat Jean-Marie Le Guen; invit\u00e9 de la matinale de Franceinfo; vid\u00e9o) :         https:\/\/www.youtube.com\/watch?v=oSXN4ZAo39c&#038;app=desktop\n\n-Des r\u00e9actions politiques aux derniers voeux de Fran\u00e7ois Hollande (vid\u00e9os et sons) : http:\/\/www.lci.fr\/politique\/sincerite-echec-personnel-les-reactions-politiques-aux-derniers-voeux-de-francois-hollande-2019610.html\n\n-&#8220;En 2016, le parti socialiste a souffert, en 2017, il peut dispara\u00eetre&#8221; (Geoffroy Clavel) : http:\/\/www.huffingtonpost.fr\/2016\/12\/31\/en-2016-le-parti-socialiste-a-souffert-en-2017-il-peut-dispar\/\n\n-&#8220;Heurs et malheurs du vote PS depuis 1971&#8221; (Antoine Guerrier et Ludovic Piedtenu; vid\u00e9os et sons) :                                                                                                                                                       https:\/\/www.franceculture.fr\/politique\/heurs-et-malheurs-du-vote-ps-depuis-1971#xtor\n\n<strong>-Au socialisme, &#8220;Comment se dire adieu&#8221; (Claude Askolovitch, invit\u00e9 de &#8220;On n&#8217;est pas couch\u00e9&#8221;; vid\u00e9o)<\/strong> : http:\/\/www.france2.fr\/emissions\/on-n-est-pas-couche\/videos\/claude_askolovitch_-_on_nest_pas_couche_7_janvier_2017_onpc_08-01-2017_1443075?onglet=tous&#038;page=1\n\n-&#8220;La gauche, pour ne pas avoir le choix entre la peste et le chol\u00e9ra&#8221; (une enqu\u00eate de Ludovic Piedtenu, Ilan Malka, St\u00e9phane Robert et Nathalie Lopes; sons et vid\u00e9os) :                                          https:\/\/www.franceculture.fr\/emissions\/hashtag\/la-gauche-pour-ne-pas-avoir-le-choix-entre-la-peste-et-le-cholera#xtor\n\n<em>-Les Fran\u00e7ais et la primaire socialiste (ODOXA)<\/em> : http:\/\/www.odoxa.fr\/sondage\/valls-favori-defaut-dune-primaire-de-gauche-ne-guere-rever-francais\/\n\n<em>-Le m\u00eame (IFOP) <\/em> : http:\/\/www.ifop.fr\/?option=com_publication&#038;type=poll&#038;id=3593                        http:\/\/www.lejdd.fr\/Politique\/Primaire-de-la-gauche-l-avance-de-Valls-se-reduit-838003\n\n<em>-Celui d&#8217;ODOXA :<\/em> http:\/\/www.odoxa.fr\/sondage\/primaire-de-gauche-linteret-participation-forte-loin-detre-acquise\/\n\n<em>-De HARRIS :<\/em> http:\/\/harris-interactive.fr\/opinion_polls\/intentions-de-vote-a-la-primaire-de-la-gauche-pour-lep\/\n\n<em>-Montebourg donn\u00e9 gagnant (SOFRES) : <\/em> http:\/\/www.lefigaro.fr\/elections\/presidentielles\/primaires-gauche\/2017\/01\/08\/35005-20170108ARTFIG00197-primaire-a-gauche-manuel-valls-donne-perdant-face-a-arnaud-montebourg.php\n\n<strong>-&#8220;En d\u00e9mocratie, les arm\u00e9es ne sauraient s&#8217;affranchir de la pr\u00e9\u00e9minence du pouvoir civil&#8221; (en r\u00e9ponse \u00e0 celle du g\u00e9n\u00e9ral Pierre de Villiers, une tribune de Paul Quil\u00e8s, ancien ministre de la D\u00e9fense :<\/strong> http:\/\/paul.quiles.over-blog.com\/2016\/12\/questions-au-general-de-villiers.html\n\n-&#8220;A Evry (91), les plaies municipales de Manuel Valls&#8221; (Richard Werly) :            https:\/\/www.letemps.ch\/monde\/2017\/01\/02\/evry-plaies-municipales-manuel-valls?utm_source\n\n-&#8220;En France, tous les \u00e9l\u00e9ments d&#8217;une politique industrielle ont disparu&#8221; (Jean-Pierre Chev\u00e8nement; propos recueillis par Jean-Christophe Chanut et Romaric Godin) :                          http:\/\/www.latribune.fr\/economie\/france\/j-p-chevenement-en-france-tous-les-elements-d-une-politique-industrielle-ont-disparu-625689.html\n\n<strong>-&#8220;Alerte au pillage de notre industrie&#8221; (en d\u00e9bat chez Yves Calvi dans l&#8217;\u00e9mission &#8220;24 heures en questions&#8221;, avec notamment Marie-Claire Cailletaud, porte-parole de la f\u00e9d\u00e9ration des mines et de l&#8217;\u00e9nergie CGT; vid\u00e9o) :     <\/strong>                                                               http:\/\/www.lci.fr\/replay\/replay-24-heures-en-questions-du-jeudi-5-janvier-2017-2020388.html%3Ftype=content\n\n-&#8220;Macron, et si c&#8217;\u00e9tait lui ?&#8221; (&#8220;C Pol\u00e9mique&#8221; de Bruce Toussaint; vid\u00e9o) :               http:\/\/www.france5.fr\/emissions\/c-politique\/videos\/macron_et_si_cetait_lui__08-01-2017_1443247\n\n-&#8220;Il n&#8217;y a aucun pacte secret avec Fillon&#8221; (Fran\u00e7ois Bayrou, pr\u00e9sident du MoDem; interrog\u00e9 par Elizabeth Martichoux; son) :                                  http:\/\/www.rtl.fr\/actu\/politique\/presidentielle-2017-un-pacte-secret-avec-fillon-c-est-de-l-intox-selon-bayrou-7786548666?utm_campaign\n\n-Le programme de Fran\u00e7ois Fillon &#8220;ne suffit pas&#8221; \u00e0 Jean-Christophe Lagarde, pr\u00e9sident de l&#8217;UDI, mais il exclut de soutenir un autre candidat (invit\u00e9 de la matinale de Franceinfo; vid\u00e9o) : http:\/\/www.dailymotion.com\/video\/x577lbo_le-programme-de-francois-fillon-ne-suffit-pas-a-jean-christophe-lagarde_news\n\n-Charlotte Marchandise, candidate de &#8220;la primaire citoyenne&#8221; (Mathilde Goupil) :     http:\/\/www.lejdd.fr\/Politique\/Charlotte-Marchandise-vainqueure-de-la-primaire-citoyenne-Je-n-en-pouvais-plus-de-voter-contre-836812       \n\n<strong>-&#8220;Paul Touvier, une gr\u00e2ce accord\u00e9e en 1971 par le pr\u00e9sident Georges Pompidou&#8221; (Claude Askolovitch; son)<\/strong> : https:\/\/www.franceinter.fr\/emissions\/histoire-et-politique\/histoire-et-politique-01-janvier-2017\n\n<em>-Barom\u00e8tre de confiance dans l&#8217;ex\u00e9cutif et d&#8217;autres personnalit\u00e9s politiques (HARRIS)   <\/em> : http:\/\/harris-interactive.fr\/opinion_polls\/barometre-de-confiance-dans-lexecutif-harris-interactive-delits-dopinion-7\/\n\n-&#8220;Je suis gaulliste et de surcro\u00eet, je suis chr\u00e9tien&#8221;. Au 20 H de TF1, Fran\u00e7ois Fillon ne l\u00e2che rien (face \u00e0 Gilles Bouleau; vid\u00e9o) :                                                      http:\/\/www.lci.fr\/politique\/jt-20h-apres-un-mois-de-quasi-diete-mediatique-francois-fillon-defend-son-programme-2020031.html%3Ftype=content\n\n-&#8220;La religion est une affaire priv\u00e9e&#8221; (Alexis Corbi\u00e8re sur Francetvinfo; son et vid\u00e9os) : http:\/\/www.francetvinfo.fr\/replay-radio\/8h30-politique\/pour-alexis-corbiere-il-faut-appliquer-la-loi-requisition-sur-les-logements-vacants_1983521.html\n\n-Vincent Peillon indign\u00e9 par ces propos (invit\u00e9 de &#8220;Territoires d&#8217;infos&#8221;; vid\u00e9o) :   http:\/\/www.dailymotion.com\/video\/x57k1k8_replay-invite-vincent-peillon-territoires-d-infos-06-01-2017_news\n\n-&#8220;Je refuse de regarder les croyants comme un corps \u00e9lectoral&#8221; (Fran\u00e7ois Bayrou, face \u00e0 Laurence Ferrari; vid\u00e9o) :                                                           http:\/\/www.itele.fr\/politique\/video\/francois-bayrou-je-refuse-de-regarder-les-croyants-comme-un-corps-electoral-172246\n\n-&#8220;Un fonctionnaire sur cinq est pay\u00e9 par la dette, ce n&#8217;est pas tenable&#8221; (le porte- parole de Fran\u00e7ois Fillon, Benoist Apparu; face \u00e0 Patrick Cohen; vid\u00e9o) :                                       http:\/\/www.dailymotion.com\/video\/x57blio_benoist-apparu-1-fonctionnaire-sur-5-est-paye-par-de-la-dette-ce-n-est-pas-tenable_news\n\n-Il a r\u00e9pondu aux questions des auditeurs de France Inter (vid\u00e9o) :                  http:\/\/www.dailymotion.com\/video\/x57bnys_benoist-apparu-repond-aux-auditeurs-de-france-inter_news\n\n-&#8220;Suppression des postes de fonctionnaires, un point sur lequel Fran\u00e7ois Fillon ne doit pas changer du tout&#8221; (Eric Woerth, d\u00e9put\u00e9 LR de l&#8217;Oise; invit\u00e9 de la matinale de Francetvinfo; vid\u00e9o) : http:\/\/www.dailymotion.com\/video\/x57khrl_pour-eric-woerth-ce-n-est-pas-brutal-de-vouloir-faire-gagner-la-france_news\n\n-&#8220;Fran\u00e7ois Fillon est l\u00e0 pour convaincre ceux qui sont proches de lui, pas pour plaire \u00e0 tout le monde&#8221; (G\u00e9rard Longuet, s\u00e9nateur LR de la Meuse; vid\u00e9o, amener le curseur sur 17:46) : http:\/\/www.lci.fr\/replay\/replay-politiquement-show-du-vendredi-6-janvier-2017-2020509.html%3Ftype=content\n\n-&#8220;Je pense que la candidature de Fran\u00e7ois Fillon va \u00eatre un naufrage \u00e0 cause de sa politique&#8230;qui est remise en cause partout&#8221; (Henri Guaino, d\u00e9put\u00e9 LR des Yvelines; face \u00e0 Fran\u00e7ois-Xavier M\u00e9nage; vid\u00e9o) :                                                          http:\/\/www.lci.fr\/replay\/replay-l-invitee-politique-du-5-janvier-2017-henri-guaino-2020266.html%3Ftype=content\n\n<em>-Coup de froid pour Fran\u00e7ois Fillon (ODOXA) <\/em> : http:\/\/www.odoxa.fr\/sondage\/coup-de-froid-francois-fillon\/\n\n-Un an apr\u00e8s son \u00e9lection, Val\u00e9rie P\u00e9cresse, pr\u00e9sidente LR de la r\u00e9gion Ile-de-France, fait son bilan; invit\u00e9e de &#8220;Dimanche politique en R\u00e9gion&#8221; (vid\u00e9o) :                http:\/\/pluzz.francetv.fr\/videos\/dimanche_en_politique_paris_ile_de_france_,151684239.html\n\n-&#8221; En Occident, on ne peut pas revenir. Nous voulons aider Fran\u00e7ois Fillon \u00e0 gagner&#8221; (Brice Hortefeux, eurod\u00e9put\u00e9 LR; face \u00e0 Fabien Namias; vid\u00e9o) :                   http:\/\/www.europe1.fr\/emissions\/linterview-politique-de-8h20\/programme-de-francois-fillon-emmanuel-macron-campagne-presidentielle-primaire-du-ps-bilan-du-quinquennat-de-francois-hollande-et-fermeture-des-frontieres-brice-hortefeux-repond-aux-questions-de-fabien-namias-2941796\n\n-&#8220;Manuel Valls, c&#8217;est le Richard Virenque de la politique&#8221; (G\u00e9rald Darmanin, secr\u00e9taire g\u00e9n\u00e9ral adjoint des R\u00e9publicains; interrog\u00e9 par Elizabeth Martichoux; vid\u00e9o) : http:\/\/www.rtl.fr\/actu\/politique\/gerald-darmanin-manuel-valls-c-est-le-richard-virenque-de-la-politique-7786613401\n\n-Rama Yade, candidate \u00e0 l&#8217;\u00e9lection pr\u00e9sidentielle de &#8220;la France qui ose&#8221; (interrog\u00e9e par Pascal Humeau; vid\u00e9o) :                                                                                                                                             http:\/\/www.lci.fr\/replay\/replay-l-invite-politique-du-23-decembre-2016-rama-yade-2018601.html%3Ftype=content\n\n-&#8220;On veut recycler ceux qui ont \u00e9chou\u00e9. Moi, je n&#8217;ai jamais gouvern\u00e9. Aujourd&#8217;hui, ce sont les doublures qui arrivent&#8221; (Nicolas Dupont-Aignan, candidat \u00e0 l&#8217;\u00e9lection pr\u00e9sidentielle de &#8220;Debout la France&#8221;; face \u00e0 Fran\u00e7ois-Xavier M\u00e9nage; vid\u00e9o) :     http:\/\/www.lci.fr\/replay\/replay-l-invite-politique-du-lundi-2-janvier-nicolas-dupont-aignan-2019739.html%3Ftype=content\n\n<strong>-&#8220;Les principales id\u00e9es que je porte sont majoritaires dans le pays&#8221; (Marine Le Pen, invit\u00e9e de Jean-Jacques Bourdin; vid\u00e9o) :  <\/strong>                                                            http:\/\/www.bfmtv.com\/mediaplayer\/video\/marine-le-pen-face-a-jean-jacques-bourdin-en-direct-899539.html\n\n-Marion Mar\u00e9chal-Le Pen, d\u00e9put\u00e9e FN du Vaucluse, invit\u00e9e de &#8220;Bureau Politique&#8221; (vid\u00e9o) : http:\/\/www.lci.fr\/replay\/bureau-politique-du-18-decembre-2016-2017995.html%3Ftype=content\n\n-&#8220;Je me r\u00e9jouis qu&#8217;on ait v\u00e9cu les derniers voeux de Fran\u00e7ois Hollande&#8221; (Florian Philippot, vice-pr\u00e9sident du FN; invit\u00e9 du &#8220;Grand Rendez-vous&#8221; d&#8217;Europe 1; vid\u00e9o) :  http:\/\/www.itele.fr\/magazines\/grand-rendez-vous-politique-darmon\/le-grand-rendez-vous-partie-1-du-01012017-172185\n\n-&#8220;Le soutien des fonctionnaires au FN est une \u00e9volution rapide, r\u00e9cente et massive, pas si surprenante que cela&#8221; (Il \u00e9tait l&#8217;invit\u00e9 de &#8220;Questions politiques&#8221;, interrog\u00e9 par Yves Calvi; vid\u00e9o) : http:\/\/www.lci.fr\/replay\/florian-philippot-etait-l-invite-de-24-heures-en-question-2020529.html%3Ftype=content\n\n-&#8220;Il faut constater que l&#8217;administration Obama, la France et l&#8217;Europe sont totalement absentes des pourparlers de paix en Syrie&#8221; (Wallerand de Saint-Just, tr\u00e9sorier du FN; invit\u00e9 de Myriam Encaoua sur i-T\u00e9l\u00e9; vid\u00e9o) : http:\/\/www.itele.fr\/chroniques\/invite-michael-darmon\/linvite-de-myriam-encaoua-du-30122016-172177\n\n-&#8220;On se devait d&#8217;\u00eatre &#8220;Charlie&#8221;. Notre campagne passera beaucoup par les r\u00e9seaux sociaux parce que nous voulons un contact direct avec les \u00e9lecteurs&#8221; (Gilbert Collard, d\u00e9put\u00e9 apparent\u00e9 FN du Gard; face \u00e0 Myriam Encaouan; vid\u00e9o) :                                                                               http:\/\/www.dailymotion.com\/video\/x57fq41_l-invite-de-myriam-encaoua-du-05-01-2017_news\n\n-Le politologue St\u00e9phane Roz\u00e8s, interrog\u00e9 par Pascal Humeau (vid\u00e9o) : http:\/\/www.lci.fr\/replay\/replay-pascal-humeau-recoit-le-politologue-stephane-rozes-2018530.html%3Ftype=content\n\n<em>-L&#8217;observatoire de la politique nationale (BVA) :<\/em> http:\/\/www.bva.fr\/fr\/sondages\/observatoire_de_la_politique_nationale\/observatoire_de_la_politique_nationale_-_janvier_2017.html\n\n<em>-Les intentions de vote \u00e0 l&#8217;\u00e9lection pr\u00e9sidentielle (ELABE) : <\/em> http:\/\/elabe.fr\/presidentielle-2017-intentions-de-vote-a-3-mois-demi-scrutin\/\n\n<em>-L&#8217;\u00e9volution des cotes de popularit\u00e9 depuis les ann\u00e9es 70 des personnalit\u00e9s et des partis politiques (SOFRES) <\/em> : http:\/\/www.tns-sofres.com\/cotes-de-popularites\n\n<strong>EUROPE-MONDE<\/strong>\n\n-&#8220;L&#8217;id\u00e9e que l&#8217;Europe se d\u00e9fasse est insupportable&#8221; (Hubert V\u00e9drine; propos recueillis par Laurent Marchand) :                                                                                                                                   http:\/\/www.euractiv.fr\/section\/politique\/interview\/hubert-vedrine-lidee-que-leurope-se-defasse-est-insupportable\/?nl_ref=27442075\n\n-&#8220;Je suis en d\u00e9saccord total avec lui sur l&#8217;id\u00e9e que l&#8217;Europe se d\u00e9sagr\u00e8ge&#8221; (Pierre Moscovici, commissaire europ\u00e9en; face \u00e0 Guillaume Durand; vid\u00e9o) :            http:\/\/www.radioclassique.fr\/magazine\/videos\/je-suis-en-desaccord-total-avec-hubert-vedrine-sur-lidee-que-leurope-se-desagrege-pierre-moscovici-06012017\/\n\n<strong>-Le vendredi 27 janvier 2017, \u00e0 l&#8217;initiative de la Fondation Gabriel P\u00e9ri, rencontre autour du livre de Bruno Odent &#8220;Europe, \u00e9tat d&#8217;urgence&#8221; :    <\/strong>               http:\/\/www.gabrielperi.fr\/europe,-%C3%A9tat-durgence.html\n\n-&#8220;L&#8217;Union europ\u00e9enne produit de plus en plus de d\u00e9chets dangereux&#8221; (St\u00e9phanie Senet) :                                                                                                                                                                                                  http:\/\/www.euractiv.fr\/section\/climat-environnement\/news\/leurope-produit-de-plus-en-plus-de-dechets-dangereux\/?nl_ref=27442075\n\n<strong>-&#8220;Elle est condamn\u00e9e \u00e0 subir le contre-choc des erreurs qui ont \u00e9t\u00e9 faites&#8221; (David Thomson, grand reporter \u00e0 RFI; propos recueillis par Charlotte Pudlowski) : <\/strong>                                                            http:\/\/m.slate.fr\/story\/131831\/erreurs-medias-djihadisme\n\n-L&#8217;Union europ\u00e9enne pi\u00e9tine sur la r\u00e9forme du march\u00e9 du carbone (Aline Robert) :                                                                                                                                                                               http:\/\/www.euractiv.fr\/section\/climat-environnement\/news\/lue-pietine-sur-la-reforme-du-marche-du-carbone\/?nl_ref=27442075\n\n-&#8220;Juncker et le Luxembourg accus\u00e9s de bloquer toute avanc\u00e9e europ\u00e9enne contre l&#8217;\u00e9vasion fiscale&#8221; (Sylvain Amiotte) :                                                      http:\/\/www.lequotidien.lu\/affaire-luxleaks\/evasion-fiscale-juncker-et-le-luxembourg-accuses-de-bloquer-toute-avancee-europeenne\/\n\n-&#8220;L&#8217;avenir du libre-\u00e9change entre les mains de la Cour de justice de l&#8217;Union europ\u00e9enne&#8221; (Samuel Morgan) :                                                                                                                                          http:\/\/www.euractiv.fr\/section\/l-europe-dans-le-monde\/news\/future-of-eu-trade-deals-in-doubt-over-singapore-ruling\/?nl_ref=27740922\n\n<strong>-&#8220;Les failles de l&#8217;antiterrorisme europ\u00e9en&#8221; (Philippe Hayez, ancien directeur adjoint de la DGSE et Elie Tunenbaum, chercheur \u00e0 l&#8217;IFRI; rencontre anim\u00e9e par Nicolas Martin; sons) :     <\/strong>                                          https:\/\/www.franceculture.fr\/emissions\/linvite-des-matins\/les-failles-de-lantiterrorisme-europeen#xtor                                                                                                                                                          https:\/\/www.franceculture.fr\/emissions\/linvite-des-matins-2eme-partie\/les-failles-de-lantiterrorisme-europeen-2eme-partie\n\n-&#8220;L&#8217;Europe de l&#8217;espace ne connait pas la crise&#8221; (Jean-Yves Le Gall, pr\u00e9sident du Centre national d&#8217;\u00e9tudes spatiales; son, amener le curseur sur 19:20) :               http:\/\/www.europe1.fr\/emissions\/c-est-arrive-cette-semaine\/cest-arrive-cette-semaine-311216-2938925\n\n-Apr\u00e8s leurs homologues italiens, les d\u00e9put\u00e9s fran\u00e7ais ont approuv\u00e9 le projet de liaison ferroviaire Lyon-Turin (C\u00e9cile Barbi\u00e8re) :                                                                                                                   http:\/\/www.euractiv.fr\/section\/developpement-durable\/news\/les-deputes-approuvent-le-projet-de-lyon-turin-sans-debat\/?nl_ref=27740922\n\n-Malgr\u00e9 la PAC, les revenus des agriculteurs espagnols fondent (Laura Cristobal) :                                                                                                                                                                                    http:\/\/www.euractiv.fr\/section\/agriculture-alimentation\/news\/m(algre-la-pac-les-revenus-des-agriculteurs-espagnols-fondent\/?nl_ref=27442075\n\n<strong>-Avant le congr\u00e8s de Podemos, Jorge Moruno, charg\u00e9 de l&#8217;argumentation (Ludovic Lamant) :<\/strong> https:\/\/blogs.mediapart.fr\/ludovic-lamant\/blog\/291216\/jorge-moruno-podemos-vous-me-direz-quel-rapport-y-t-il-entre-le-pilates-et-la-revolution?utm_source\n\n<strong>-&#8220;Il serait absurde d&#8217;\u00eatre un secr\u00e9taire g\u00e9n\u00e9ral pot-de-fleurs&#8221; (Pablo Iglesias; vid\u00e9o en espagnol) :<\/strong> https:\/\/www.youtube.com\/watch?v=PqF_Hl1hVC0\n\n-Le pr\u00e9sident de la Catalogne confirme la tenue d&#8217;un r\u00e9f\u00e9rendum d&#8217;ind\u00e9pendance en 2017) : http:\/\/www.lemonde.fr\/europe\/article\/2016\/12\/30\/le-president-catalan-confirme-la-tenue-d-un-referendum-d-independance-en-2017_5055922_3214.html\n\n<strong>-&#8220;L&#8217;Andalousie, grenier du bio en Europe&#8221; (vid\u00e9o) :<\/strong> http:\/\/m.rfi.fr\/video\/20170103-andalousie-le-phenomene-bio\n\n-&#8220;Alexis Tsipras une nouvelle fois humili\u00e9 par les cr\u00e9anciers&#8221; (Romaric Godin) :                                                                                                                                                                                         http:\/\/www.latribune.fr\/economie\/union-europeenne\/grece-alexis-tsipras-une-nouvelle-fois-humilie-par-les-creanciers-627134.html#xtor\n\n-&#8220;Vers la r\u00e9unification de Chypre ?&#8221; (St\u00e9phane Bussard) :                                   https:\/\/www.letemps.ch\/monde\/2017\/01\/03\/erdogan-geneve-reunification-chypre?utm_source\n\n-Le basque et le ga\u00e9lique luttent pour leur survie : http:\/\/www.euractiv.fr\/section\/all\/news\/new-language-protocol-seeks-to-level-linguistic-playing-field\/?nl_ref=27442075\n\n-&#8220;Au Vatican, les femmes prennent du galon&#8221; (Etienne Dubuis) :                   https:\/\/www.letemps.ch\/monde\/2016\/12\/29\/vatican-femmes-prennent-galon?utm_source\n\n-La Conf\u00e9d\u00e9ration suisse renonce \u00e0 imposer aux cantons l&#8217;apprentissage du fran\u00e7ais comme deuxi\u00e8me langue \u00e0 l&#8217;\u00e9cole \u00e9l\u00e9mentaire (Catherine Dubouloz) :                                                   https:\/\/www.letemps.ch\/suisse\/2016\/12\/16\/confederation-nimpose-francais-aux-cantons?utm_source\n\n-Les mutations de la soci\u00e9t\u00e9 russe (le po\u00e8te et math\u00e9maticien Evgueni Bunimovitch et le sociologue Aleksander Bikbov, entretien r\u00e9alis\u00e9 par Olivia Gesbert; son) :                                           https:\/\/www.franceculture.fr\/emissions\/la-grande-table-2eme-partie\/les-mutations-de-la-societe-russe?xtmc\n\n-&#8220;A quoi servent les sanctions contre la Russie ?&#8221; (l&#8217;historien Pavel Chinsky, re\u00e7u par Guillaume Erner; son) :                                                                                                                  https:\/\/www.franceculture.fr\/emissions\/la-question-du-jour\/quoi-servent-les-sanctions-contre-la-russie#xtor\n\n<strong>-Ce qu&#8217;en pense Pascal Boniface, directeur de l&#8217;Iris (vid\u00e9o) :      <\/strong>                        http:\/\/www.dailymotion.com\/video\/x56udxv_pascal-boniface-est-interroge-sur-les-tensions-russie-etats-unis-et-cessez-le-le-feu-en-syrie_news\n\n<strong>-&#8220;Le syst\u00e8me Poutine&#8221; (Dimitri Yakushkin, ancien porte-parole de Boris Eltsine; Maria Lipman, analyste politique; le journaliste Vladimir Pozner; l&#8217;historien Pavel Chinsky et Caroline Gaujard, correspondante de Radio France; rencontre anim\u00e9e par Guillaume Erner; sons) :<\/strong> https:\/\/www.franceculture.fr\/emissions\/linvite-des-matins\/le-systeme-poutine                                                       https:\/\/www.franceculture.fr\/emissions\/linvite-des-matins-2eme-partie\/le-grand-retour-de-la-russie-sur-la-scene-internationale\n\n-&#8220;Les Pays baltes, nouvelle base arri\u00e8re des opposant au Kremlin&#8221; (Alexandre L\u00e9vy) : https:\/\/www.letemps.ch\/monde\/2016\/12\/23\/pays-baltes-nouvelle-base-arriere-opposants-kremlin?utm_source\n\n-Les Choeurs de l&#8217;Arm\u00e9e rouge d\u00e9cim\u00e9s dans l&#8217;accident du Tupolev (Olivier Perrin; vid\u00e9o) :                                                                                                                                                                      https:\/\/www.letemps.ch\/opinions\/2016\/12\/26\/joyaux-pouvoir-russe-choeurs-larmee-rouge-decimes?utm_source\n\n<strong>-&#8220;Que les forces de paix puissent se lever&#8221; (Patrick Le Hyaric) <\/strong> : http:\/\/patrick-le-hyaric.fr\/que-les-forces-de-paix-puissent-se-lever\/\n\n<strong>-&#8220;Syrie, le r\u00e9alisme est le poison de notre temps&#8221; (Roger Martelli) : <\/strong> https:\/\/wp.muchomaas.com\/qui-veut-la-peau-de-roger-martelli\/article\/syrie-le-realisme-est-le-poison-de-notre-temps\n\n-&#8220;On est pass\u00e9 \u00e0 une logique de guerre totale entre l&#8217;EI et la Turquie&#8221; (Doroth\u00e9e Schmid, chercheuse \u00e0 l&#8217;IFRI; vid\u00e9o) :                                           http:\/\/www.lemonde.fr\/europe\/video\/2017\/01\/02\/attentat-d-istanbul-on-est-passe-a-une-logique-de-guerre-totale-entre-l-ei-et-la-turquie_5056698_3214.html\n\n-&#8220;Pour Alep, larmes et cris&#8230;&#8221; (Francis Sitel dans le n\u00b0 308 de &#8220;Cerises&#8221; : http:\/\/www.cerisesenligne.fr\/file\/archive\/cerises-308.pdf\n\n-Apr\u00e8s Alep, Idlib ? (Luis Lema) : https:\/\/www.letemps.ch\/monde\/2016\/12\/16\/chute-dalep-annoncetelle-bataille-didlib?utm_source\n\n-&#8220;Notre objectif, c&#8217;est de tourner la page de Bachar el-Assad&#8221; (Fahad Al Masri, coordinateur du Front de salut national syrien; interrog\u00e9 par Pierre Weill; son) : https:\/\/www.franceinter.fr\/emissions\/l-interview-politique\/l-interview-politique-31-decembre-2016\n\n-&#8220;65% de la ville d&#8217;Alep sont intacts&#8221; (le d\u00e9put\u00e9 LR Thierry Mariani, de retour de Syrie (son) : http:\/\/www.rtl.fr\/actu\/international\/syrie-les-habitants-d-alep-n-ont-pas-ete-extermines-pour-thierry-mariani-7786639091\n\n<strong>-&#8220;Toute les guerres sont mauvaises, c&#8217;est parfois le prix \u00e0 payer&#8221; (une interview de Bachar Al-Assad; vid\u00e9o) <\/strong> : http:\/\/www.francetvinfo.fr\/monde\/revolte-en-syrie\/document-franceinfo-bachar-al-assad-toutes-les-guerres-sont-mauvaises-c-est-parfois-le-prix-a-payer_2007753.html\n\n-Des salles de classe sous les tentes d&#8217;un camp de r\u00e9fugi\u00e9s irakiens (vid\u00e9o) :              http:\/\/www.lemonde.fr\/proche-orient\/video\/2016\/12\/30\/dans-les-camps-de-refugies-irakiens-des-salles-de-classes-installees-sous-des-tentes_5055652_3218.html\n\n<strong>-Avec Elise Boghossian,  l&#8217;humanitaire fran\u00e7aise de l&#8217;association &#8220;EliseCar&#8221; qui accompagne notamment les chr\u00e9tiens en Irak (&#8220;13H15 le samedi&#8221;; vid\u00e9o) :  <\/strong>  http:\/\/www.francetvinfo.fr\/replay-magazine\/france-2\/13h15\/13h15-du-samedi-7-janvier-2017_1994595.html     \n\n-&#8220;Surmonter la faille&#8221;, aux rencontres d&#8217;Averro\u00e8s 2016 qui pendant trois jours se sont tenues au Th\u00e9\u00e2tre de la Cri\u00e9e \u00e0 Marseille (vid\u00e9os) :                                                                                   https:\/\/www.youtube.com\/watch?v=4mzgc8d4GSo&#038;feature=youtu.be                                                             https:\/\/www.youtube.com\/watch?v=w7_XdTLO178&#038;feature=youtu.be                                 https:\/\/www.youtube.com\/watch?v=K43W1mo4bqg&#038;feature=youtu.be                                                           https:\/\/www.youtube.com\/watch?v=l-44ABxszJs&#038;feature=youtu.be\n\n-&#8220;A J\u00e9rusalem, les chr\u00e9tiens dos au mur&#8221; (Vanessa  Descouraux; son) : https:\/\/www.franceinter.fr\/emissions\/interception\/interception-25-decembre-2016\n\n<strong>-&#8220;Un soldat isra\u00e9lien reconnu coupable d&#8217;avoir achev\u00e9 un Palestinien&#8221; (Serge Dumont)<\/strong> :       https:\/\/www.letemps.ch\/monde\/2017\/01\/04\/un-soldat-israelien-coupable-davoir-acheve-un-assaillant-palestinien?utm_source\n\n-N\u00e9tanyahou demande sa gr\u00e2ce :                                                                     http:\/\/www.lemonde.fr\/proche-orient\/article\/2017\/01\/04\/israel-un-soldat-reconnu-coupable-d-homicide-sur-un-palestinien_5057560_3218.html\n\n<strong>-Par un vote historique, le Conseil de s\u00e9curit\u00e9 de l&#8217;ONU demande l&#8217;arr\u00eat de la colonisation isra\u00e9lienne (Piotr Smolar) :  <\/strong> :                                                                                                                                http:\/\/www.lemonde.fr\/international\/article\/2016\/12\/23\/la-resolution-de-l-onu-reclamant-l-arret-de-la-colonisation-israelienne-a-ete-adoptee_5053630_3210.html\n\n<em>-La r\u00e9solution 2334 (document) <\/em> :  http:\/\/www.un.org\/fr\/ga\/search\/view_doc.asp?symbol=S\/RES\/2334(2016)\n\n-La rage de Netanyahou contre l&#8217;ONU (Serge Dumont) : https:\/\/www.letemps.ch\/monde\/2016\/12\/26\/colonies-rage-netanyahou-contre-lonu?utm_source\n\n-&#8220;Isra\u00ebl et sionisme, lumi\u00e8re sur une id\u00e9ologie et sa propagande&#8221; (la chercheuse isra\u00e9lienne Nurid Peled-Elhanan, pr\u00e9sent\u00e9e par Ray Elsa) :                             https:\/\/blogs.mediapart.fr\/ray-elsa\/blog\/301216\/israel-et-sionisme-lumiere-sur-une-ideologie-et-sa-propagande?utm_source\n\n-&#8220;Le dernier coup de poker diplomatique d&#8217;Obama ?&#8221; (Bertrand Badie, professeur \u00e0 Sciences Po et Ofer Bronchtein, pr\u00e9sident du &#8220;Forum international pour la paix&#8221;; entretien anim\u00e9 par Nicolas Martin; sons) : https:\/\/www.franceculture.fr\/emissions\/linvite-des-matins\/israel-le-dernier-coup-de-poker-diplomatique-dobama#xtor                                                                                                                      https:\/\/www.franceculture.fr\/emissions\/linvite-des-matins-2eme-partie\/israel-le-dernier-coup-de-poker-diplomatique-dobama-2eme\n\n-Le S\u00e9n\u00e9gal &#8220;prend acte&#8221; des mesures de r\u00e9torsion d&#8217;Isra\u00ebl apr\u00e8s son vote \u00e0 l&#8217;ONU contre la colonisation :                                                                                  http:\/\/www.jeuneafrique.com\/388261\/politique\/senegal-prend-acte-represailles-disrael-apres-vote-a-lonu-contre-colonisation\/\n\n<strong>-L&#8217;Alg\u00e9rie adopte une loi qui fait des violences faites aux femmes un crime : <\/strong>          http:\/\/m.weekend.levif.be\/lifestyle\/news\/l-algerie-adopte-une-loi-qui-fait-de-la-violence-faite-aux-femmes-un-crime\/article-normal-439871.html\n\n-Le WWF accus\u00e9 de &#8220;violation des droits de l&#8217;homme&#8221; au Cameroun (Laurence Caramel) : http:\/\/www.lemonde.fr\/afrique\/article\/2017\/01\/06\/cameroun-une-enquete-lancee-contre-wwf-pour-violation-des-droits-de-l-homme_5058831_3212.html#Op654jsKdzPzxyjH.99\n\n-&#8220;Faute de trait\u00e9 transatlantique, les Am\u00e9ricains relancent la guerre du boeuf aux hormones&#8221; (Aline Robert) :                                                                                                                                    http:\/\/www.euractiv.fr\/section\/innovation-entreprises\/news\/faute-de-ttip-les-americains-relancent-la-guerre-du-boeuf-aux-hormones\/?nl_ref=27740922\n\n-Donald Trump salue &#8220;l&#8217;intelligence&#8221; de Poutine face aux sanctions am\u00e9ricaines : http:\/\/www.lemonde.fr\/international\/article\/2016\/12\/30\/donald-trump-salue-l-intelligence-de-poutine-face-aux-sanctions-americaines_5055917_3210.html\n\n<strong>-C&#8217;est aussi le point de vue de Bruno Tertrais, coauteur de &#8220;Le Pr\u00e9sident et la bombe&#8221; qui a re\u00e7u le prix Brienne du livre g\u00e9opolitique de l&#8217;ann\u00e9e 2016. Il \u00e9tait l&#8217;invit\u00e9 de David Abiker (son, amener le curseur sur 1:04) : <\/strong> http:\/\/www.europe1.fr\/emissions\/c-est-arrive-cette-semaine\/cest-arrive-cette-semaine-311216-2938925\n\n<strong>-Il \u00e9tait aussi l&#8217;invit\u00e9 de Guillaume Erner dans &#8220;les Matins&#8221; de France Culture (sons et vid\u00e9os) :         <\/strong>                                                     https:\/\/www.franceculture.fr\/emissions\/linvite-des-matins\/quelle-geopolitique-pour-2017#xtor                                                                                              https:\/\/www.franceculture.fr\/emissions\/linvite-des-matins-2eme-partie\/quelle-geopolitique-pour-2017-2eme-partie                                                                                                                     \n\n-&#8220;Les sanctions am\u00e9ricaines (contre la Russie) ne servent pas \u00e0 grand chose&#8221; (Pascal Boniface, directeur de l&#8217;Iris; propos recueillis par Camille Neveux) :              http:\/\/www.lejdd.fr\/International\/Pascal-Boniface-Les-sanctions-americaines-ne-servent-pas-a-grand-chose-836575\n\n-&#8220;Avec Trump, les droits des femmes en danger&#8221; (Brigitte Marti) :                     https:\/\/www.50-50magazine.fr\/2017\/01\/05\/lee-avec-trump-on-a-souleve-une-pierre-et-tous-les-rampant-e-s-etaient-dessous\/\n\n-&#8220;Aux Etats-Unis, l&#8217;ecstasy bient\u00f4t en pharmacie ?&#8221; (St\u00e9phanie Le Bars) :                                                                                                                                                                                                      http:\/\/www.lemonde.fr\/m-moyen-format\/article\/2016\/12\/16\/aux-etats-unis-l-ecstasy-bientot-en-pharmacie_5050233_4497271.html\n\n-&#8220;Le Mexique se pr\u00e9pare \u00e0 l&#8217;entr\u00e9e en fonction de Trump&#8221; (Fr\u00e9d\u00e9ric Saliba) :           http:\/\/www.lemonde.fr\/ameriques\/article\/2017\/01\/06\/le-mexique-se-prepare-a-l-entree-en-fonctions-de-donald-trump_5058675_3222.html#xtor\n\n-La Chine adopte une taxe sur les industrie polluantes :                                                                                                                                                                                                                       http:\/\/www.jeuneafrique.com\/388261\/politique\/senegal-prend-acte-represailles-disrael-apres-vote-a-lonu-contre-colonisation\/http:\/\/www.latribune.fr\/entreprises-finance\/industrie\/energie-environnement\/la-chine-adopte-une-taxe-sur-les-industries-polluantes-pour-la-premiere-fois-626887.html#xtor\n\n<strong>-Un vote historique pour le d\u00e9sarmement nucl\u00e9aire \u00e0 l&#8217;ONU (Paul Quil\u00e8s) : <\/strong> http:\/\/paul.quiles.over-blog.com\/2016\/12\/un-vote-historique.html\n\n<em>-Les Fran\u00e7ais et la r\u00e9solution de l&#8217;ONU sur l&#8217;interdiction des armes nucl\u00e9aires (OPINION-WAY) <\/em> : http:\/\/paul.quiles.over-blog.com\/2016\/12\/un-sondage-explosif.html\n\n<strong>-La bonne fortune des milliardaires en 2016 (Pierrick Fay) : <\/strong> http:\/\/www.lesechos.fr\/finance-marches\/marches-financiers\/0211639107208-la-bonne-fortune-des-milliardaires-en-2016-2053231.php\n\n<strong>CULTURE-MEDIAS<\/strong>\n\n<strong>-&#8220;La R\u00e9volution ou (plus) rien&#8221; (la Master Class du philosophe et paysan Pierre Rahbi; vid\u00e9o) :<\/strong> https:\/\/www.youtube.com\/watch?v=6XnL81L3lkk\n\n<strong>-&#8220;D\u00e9cloisonner, transgresser, d\u00e9sob\u00e9ir&#8230;&#8221; (celle du math\u00e9maticien C\u00e9dric Villani; vid\u00e9o)<\/strong> :  https:\/\/www.youtube.com\/watch?v=qPtPGH9wgTs    \n\n-&#8220;Quelle histoire de France aujourd&#8217;hui ?&#8221; (rencontre sp\u00e9ciale de Mediapart, anim\u00e9e par Edwy Plenel; vid\u00e9o) : https:\/\/www.youtube.com\/watch?v=rGb8scY6ZLg&#038;feature=youtu.be\n\n-&#8220;Usages et manipulations politiques de l&#8217;histoire&#8221; (vid\u00e9o) : https:\/\/youtu.be\/IMpHyq2gq7g\n\n-Dialogue avec l&#8217;historien Dominique Borne (vid\u00e9o) : https:\/\/www.youtube.com\/watch?v=7vQshpR0kQ8&#038;feature=youtu.be\n\n-&#8220;Une histoire des possibles ?&#8221; (vid\u00e9o) : https:\/\/www.youtube.com\/watch?v=rGb8scY6ZLg\n\n<strong>-L&#8217;historien et psychanalyste Marcel Gauchet \u00e9tait l&#8217;invit\u00e9 de Nicolas Demorand dans &#8220;Questions politiques&#8221; (vid\u00e9os) :     <\/strong>                                                                      http:\/\/www.dailymotion.com\/video\/x56prh9_marcel-gauchet-invite-de-questions-politiques_news\n\n-&#8220;L&#8217;\u00e9lection \u00e0 venir ne d\u00e9cidera de rien. Il faut enfin changer de si\u00e8cle, changer de cat\u00e9gories. Ce qui commande, ce sont les choix de culture&#8221; (le sociologue Alain Touraine, interrog\u00e9 par Ali Baddou; vid\u00e9o) :                                             http:\/\/www.dailymotion.com\/video\/x56t9mf_alain-touraine-repond-aux-questions-d-ali-baddou_news\n\n<strong>-&#8220;Ub\u00e9risation de l&#8217;\u00e9conomie, la fin des illusions ?&#8221; (la sociologue Monique Dagnaud; les \u00e9conomistes Pierre Larrouy et Philippe Moati; invit\u00e9s &#8220;des Matins&#8221; de Guillaume Erner; sons) :    <\/strong>                                                 https:\/\/www.franceculture.fr\/emissions\/linvite-des-matins\/uberisation-de-leconomie-la-fin-des-illusions#xtor                                                                                                                                                  https:\/\/www.franceculture.fr\/emissions\/linvite-des-matins-2eme-partie\/uberisation-de-leconomie-la-fin-des-illusions-2eme-partie\n\n-&#8220;Nos soci\u00e9t\u00e9 ont produit des individus \u00e0 flux tendus&#8221; (la psychologue et sociologue Nicole Aubert; propos recueillis par Anne-Sophie Novel) :                                     http:\/\/www.lemonde.fr\/tant-de-temps\/article\/2017\/01\/06\/nicole-aubert-nos-societes-ont-cree-des-individus-a-flux-tendus_5058551_4598196.html \n\n<strong>-La politique culturelle du quinquennat de Fran\u00e7ois Hollande, vue par Audrey Azoulay, ministre de la Culture (face \u00e0 Fabien Namias; vid\u00e9o) :   <\/strong>               http:\/\/www.europe1.fr\/emissions\/linterview-politique-de-8h20\/bilan-culturel-de-francois-hollande-soutien-a-manuel-valls-polemique-chez-nous-audrey-azoulay-repond-aux-questions-de-fabien-namias-2943653\n\n<strong>-&#8220;Au bonheur des mots&#8221; (le parcours d&#8217;\u00e9l\u00e8ve de Daniel Pennac; sons) :   <\/strong>        https:\/\/www.franceculture.fr\/emissions\/voix-nue\/daniel-pennac-au-bonheur-des-mots#xtor\n\n-&#8220;Qui a dit que les rappeurs \u00e9taient f\u00e2ch\u00e9s avec la litt\u00e9rature fran\u00e7aise ?&#8221; (Bettina Ghio, professeur de  fran\u00e7ais, auteure de &#8220;Sans fautes de frappe&#8221;; propos recueillis par Fran\u00e7oios Chevalier; sons) :  http:\/\/www.telerama.fr\/livre\/rap-et-litterature-plus-proches-qu-on-ne-le-croit,151497.php#xtor\n\n<strong>-&#8220;Et si on partageait la culture avec les migrants ?&#8221; (C\u00e9cile de Kervasdou\u00e9; son et vid\u00e9o) :    <\/strong>                                                                                                                                                           https:\/\/www.franceculture.fr\/emissions\/le-choix-de-la-redaction\/et-si-partageait-la-culture-avec-les-migrants#xtor\n\n<strong>-&#8220;Mille et un mercis pour vos lumineuses pr\u00e9sences en 2016 et tr\u00e8s belle entr\u00e9e en 2017! Ne cessez jamais de r\u00eaver, d&#8217;aimer, de rire, de partager! \u00a1No Pasar\u00e1n!&#8221; (Karine Atencia, directrice de la communication du Centre dramatique national des Amandiers \u00e0 Nanterre; vid\u00e9o) :  <\/strong>                                                                      \nhttps:\/\/m.facebook.com\/karine.atencia\/posts\/10154247723851452\n\n-Une toute nouvelle r\u00e9sidence d&#8217;artistes \u00e0 Paris, dans le quartier de la Goutte d&#8217;Or (Agathe Lautr\u00e9amont) : http:\/\/www.exponaute.com\/magazine\/2016\/12\/28\/une-toute-nouvelle-residence-dartistes-pour-le-quartier-de-la-goutte-dor\/\n\n-Le Mus\u00e9e de Montmartre demande l&#8217;aide de la ville de Paris (Laura Daniel) :       http:\/\/www.telerama.fr\/sortir\/dans-l-impasse-le-musee-de-montmartre-demande-a-la-ville-de-paris-d-intervenir,152274.php#xtor\n\n<strong>-&#8220;Aux Archives nationales, six si\u00e8cles de grands proc\u00e8s faits aux femmes&#8221; (Pascale Robert-Diard) :   <\/strong>                                                                                                                                                       http:\/\/www.lemonde.fr\/m-moyen-format\/article\/2016\/12\/16\/six-siecles-de-grands-proces-faits-aux-femmes_5050205_4497271.html\n\n-Rencontre avec la r\u00e9alisatrice Amandine Gay au Bondy Blog (propos recueillis par Nassira El Moaddem  et Fethi Ichou; vid\u00e9o) :                                                                                          http:\/\/www.bondyblog.fr\/201612162251\/le-grand-entretien-du-bondy-blog-rencontre-avec-amandine-gay\/#.WFY5llPhCpp\n\n-&#8220;L&#8217;\u00e9cologie nous invite \u00e0 prendre acte du r\u00e9el&#8221; (S\u00e9verine Millet, cr\u00e9atrice de l&#8217;association &#8220;Nature Humaine&#8221;; propos recueillis par Anne-Sophie Novel) :                                                                    http:\/\/www.lemonde.fr\/tant-de-temps\/article\/2016\/12\/16\/severine-millet-l-ecologie-nous-invite-a-prendre-acte-du-reel_5050100_4598196.html\n\n-&#8220;L&#8217;\u00e9cof\u00e9minisme, ou comment se reconnecter au monde ?&#8221; (rencontre avec la philosophe Emilie Hache, anim\u00e9e par Jade Lindgaard; vid\u00e9o) :                                                                                                https:\/\/www.youtube.com\/watch?v=TpfQpsU4O6A&#038;feature=youtu.be\n\n<strong>-&#8220;Sortir des violences faites aux femmes&#8221; (une s\u00e9rie-documentaire de Johanna Bedeau sur France Culture; sons) :    <\/strong>                                                                                                                              https:\/\/www.franceculture.fr\/emissions\/lsd-la-serie-documentaire\/les-combattantes-sortir-des-violences-faites-aux-femmes\n\n-&#8220;Le clitoris&#8221;, court film d&#8217;animation de la qu\u00e9b\u00e9coise Lori Mal\u00e9part-Traversy (C\u00e9line du Ch\u00e9n\u00e9; son et vid\u00e9o) :                                                                                                                                   https:\/\/www.franceculture.fr\/emissions\/les-emois\/le-clitoris-petit-film-danimation-jubilatoire\n\n<strong>-&#8220;La D\u00e9connomie&#8221;, le dernier ouvrage de l&#8217;\u00e9conomiste Jacques G\u00e9n\u00e9reux (entretien r\u00e9alis\u00e9 par Hubert Huertas; vid\u00e9o)<\/strong> : https:\/\/www.youtube.com\/watch?v=PKTvyDa2ccQ&#038;feature=youtu.be\n\n<em>-La r\u00e9alit\u00e9 est souvent loin de ce que l&#8217;on croit (IPSOS) : <\/em> http:\/\/www.ipsos.fr\/decrypter-societe\/2016-12-19-au-dela-prejuges-realite-est-souvent-loin-d-etre-ce-que-l-croit\n\n-&#8220;Michel Pastoureau, un historien tout en nuances&#8221; (Isabelle R\u00fcf) : https:\/\/www.letemps.ch\/culture\/2016\/12\/16\/michel-pastoureau-un-historien-nuances?utm_source\n\n-&#8220;Les conditions de la cr\u00e9ation pour les artistes russes aujourd&#8217;hui&#8221; (l&#8217;artiste plasticien Lev Ezvovich et la galeriste Ekaterina Iragui; entretien conduit par Olivia Gesbert; son) :                                                  https:\/\/www.franceculture.fr\/emissions\/la-grande-table-1ere-partie\/quelles-conditions-de-creation-pour-les-artistes-russes#xtor\n\n&#8211;<strong>Jusqu&#8217;au 29 janvier, au th\u00e9\u00e2tre G\u00e9rard Philipe de Saint Denis (93), &#8220;Les Fr\u00e8res Karamazov&#8221; de Dosto\u00efevski dans une mise en sc\u00e8ne de Jean Bellorini (Beno\u00eet Lagarrigue; diaporama) : <\/strong> http:\/\/www.lejsd.com\/content\/karamazov-le-th%C3%A9%C3%A2tre-en-grand\n\n<strong>-Jusqu&#8217;au 21 janvier 2017, &#8220;La Bonne nouvelle&#8221; de Fran\u00e7ois B\u00e9gaudeau au Centre dramatique national de la Commune d&#8217;Aubervilliers (93), pour rire aux \u00e9clats du &#8220;lib\u00e9ralisme devenu une religion&#8221;. Dans une mise en sc\u00e8ne de Beno\u00eet Lambert :  <\/strong> http:\/\/lacommune-aubervilliers.fr\/la-bonne-nouvelle\n\n-Jusqu&#8217;au 29 juillet 2017, &#8220;Et pendant ce temps, Simone veille&#8221;, au th\u00e9\u00e2tre de la Contrescarpe \u00e0 Paris, par la troupe du &#8220;Pompon !&#8221; (vid\u00e9o) : http:\/\/www.theatredelacontrescarpe.fr\/simone_veille\n-Jusqu&#8217;au 29 janvier 2017, au &#8220;Petit Palais&#8221; \u00e0 Paris, l&#8217;exposition Albert Besnard (vid\u00e9o et diaporama) : http:\/\/www.petitpalais.paris.fr\/expositions\/albert-besnard\n\n<strong>-&#8220;Frida Kahlo ne peignait pas ses r\u00eaves, mais sa propre r\u00e9alit\u00e9&#8221; (l&#8217;hommage de l&#8217;illustrateur Benjamin Lacombe; son et vid\u00e9o) :   <\/strong>                                                                                                                   https:\/\/www.franceculture.fr\/emissions\/paso-doble-le-grand-entretien-de-lactualite-culturelle\/benjamin-lacombe-frida-kahlo-ne\n\n<strong>-L&#8217;\u00e9volution du cin\u00e9ma anim\u00e9 pour enfants (Xavier Kawa-Topor, historien du film d&#8217;animation; Claude Barras du film &#8220;Une vie de courgette&#8221; et Herv\u00e9 Aubron, professeur d&#8217;esth\u00e9tique du cin\u00e9ma \u00e0 Paris 3; son) :  <\/strong> https:\/\/www.franceculture.fr\/emissions\/culturesmonde\/just-kids-34-de-pixar-au-studio-ghibli-une-enfance-animee\n\n-Apr\u00e8s l&#8217;incendie, le th\u00e9\u00e2tre Mogador \u00e0 Paris ne rouvrira ses portes que le 28 septembre 2017 (Olivier Lazzarini, directeur de la communication des propri\u00e9taires, interrog\u00e9 par Sophie Rahal) :                                  http:\/\/www.telerama.fr\/scenes\/theatre-mogador-annuler-le-fantome-de-l-opera-est-une-decision-tres-difficile-a-prendre,151913.php#xtor\n\n<strong>-Le Centre Pompidou \u00e0 Paris a 40 ans (vid\u00e9o) <\/strong> : http:\/\/www.lci.fr\/culture\/jt-20h-raffinerie-usine-le-centre-pompidou-a-40-ans-voici-son-histoire-2019263.html%3Ftype=content\n\n-En 2017, au MUCEM de Marseille : https:\/\/gallery.mailchimp.com\/ed1c72f4f43eb0352a0d4ec67\/images\/b3983c57-3264-4a50-8422-3c4f439fa7ff.gif\n\n<strong>-Les expositions \u00e0 voir \u00e0 Paris avant l&#8217;\u00e9t\u00e9 :        <\/strong>                                              http:\/\/culturebox.francetvinfo.fr\/arts\/evenements\/de-vermeer-a-l-art-africain-les-expositions-a-voir-a-paris-avant-l-ete-250889\n\n<strong>-Laurent Delmas a admir\u00e9 &#8220;La Vall\u00e9e des loups&#8221;, le documentaire de Jean-Michel Bertrand (son) :<\/strong> https:\/\/www.franceinter.fr\/emissions\/la-prescription-cinema-de-laurent-delmas\/la-prescription-cinema-de-laurent-delmas-07-janvier-2017\n\n-Isabelle Huppert a re\u00e7u le Golden Globe de la meilleure actrice dramatique pour son interpr\u00e9tation dans &#8220;Elle&#8221; de Paul Verhoeven :                                                  http:\/\/www.lefigaro.fr\/culture\/2017\/01\/09\/03004-20170109ARTFIG00008-isabelle-huppert-golden-globe-de-la-meilleure-actrice-dramatique-pour-elle.php\n\n-A N\u00eemes, du 12 au 21 janvier 2017, le Festival Flamenco (vid\u00e9o) :                        https:\/\/www.francemusique.fr\/evenements\/le-festival-flamenco-de-nimes-l-edition-2017\n\n-&#8220;Beyond Flamenco&#8221;, un documentaire de Carlos Saura, consacr\u00e9 \u00e0 la Jota, source du Flamenco (Jacky Bornet; vid\u00e9o) :                                                                 http:\/\/culturebox.francetvinfo.fr\/cinema\/critiques\/beyond-flamenco-carlos-saura-filme-avec-passion-la-jota-source-du-flamenco-250685 \n\n<strong>-&#8220;Toute mon histoire est marqu\u00e9e par la musique&#8221; (propos recueillis par Fr\u00e9d\u00e9ric Strauss; vid\u00e9o) :<\/strong> http:\/\/www.telerama.fr\/cinema\/carlos-saura-toute-mon-histoire-est-marquee-par-la-musique,152275.php#xtor\n\n<strong>-&#8220;Pedro Almodovar vu avec les oreilles&#8221; (Rebecca Manzoni; son) :  <\/strong>                    http:\/\/www.dailymotion.com\/video\/x57bb6e_pedro-almodovar-vu-avec-les-oreilles-pop-co_music\n\n-Jusqu&#8217;au 22 janvier 2017, au th\u00e9\u00e2tre du Lucernaire \u00e0 Paris, &#8220;La cruche&#8221; de Georges Courteline (Bertrand Renard) :                                                                                                              http:\/\/culturebox.francetvinfo.fr\/theatre\/une-cruche-loin-d-etre-sotte-de-l-ami-courteline-au-lucernaire-250517\n\n-En 2017, le rappeur Kerry James passe au th\u00e9\u00e2tre (invit\u00e9 de Davds Abiker; son, amener le curseur sur 34:07) :                                                          http:\/\/www.europe1.fr\/emissions\/c-est-arrive-demain\/cest-arrive-demain-david-abiker-010117-2939396\n\n<strong>-&#8220;L&#8217;inconscient a un lien avec mon travail&#8221; (le r\u00e9alisateur italien Marco Bellocchio; entretien r\u00e9alis\u00e9 par Jacques Morice; vid\u00e9o) :  <\/strong>                                                                                                                http:\/\/www.telerama.fr\/cinema\/marco-bellocchio-l-inconscient-a-un-lien-avec-mon-travail,151546.php#xtor\n\n-Les meilleurs films de 2016 (pour la r\u00e9daction de T\u00e9l\u00e9rama; vid\u00e9os) : http:\/\/www.telerama.fr\/cinema\/les-meilleurs-films-de-2016,151631.php#xtor\n\n-&#8220;Tchao Pantin&#8221; de Claude Berri en DVD (Samuel Douhaire; vid\u00e9o) : http:\/\/www.telerama.fr\/cinema\/l-actu-dvd-vod-tchao-pantin-et-bonjour-le-realisme-social,151891.php#xtor\n\n-Jusqu&#8217;au 12 f\u00e9vrier 2017 \u00e0 Bruxelles, une exposition consacr\u00e9e au cin\u00e9aste am\u00e9ricain Jim Jarmusch (Laurent Rigoulet; vid\u00e9o) :                                                                                                                 http:\/\/www.telerama.fr\/cinema\/a-bruxelles-jim-jarmusch-sous-toutes-ses-facettes,151892.php#xtor\n\n<strong>-A 83 ans, la disparition de Maurice Failevic; &#8220;le r\u00e9alisateur vou\u00e9 \u00e0 la cause sociale&#8221; (vid\u00e9os) :     <\/strong>                                                                                                                                               http:\/\/culturebox.francetvinfo.fr\/cinema\/deces-de-maurice-failevic-realisateur-voue-a-la-cause-sociale-250621\n\n<strong>-En 2005, son interview aux &#8220;R\u00eaveurs de t\u00e9l\u00e9&#8221; (vid\u00e9o de l&#8217;INA, extrait) <\/strong> : http:\/\/www.ina.fr\/video\/CPD05006406\n\n-L&#8217;hommage de la CGT :    http:\/\/www.cgt.fr\/La-CGT-rend-hommage-a-Maurice.html\n\n<strong>-La justice turque a lib\u00e9r\u00e9 la romanci\u00e8re Asli Erdogan (vid\u00e9o) : <\/strong> http:\/\/culturebox.francetvinfo.fr\/livres\/romans\/la-justice-turque-libere-la-romanciere-asli-erdogan-250711\n\n-Le d\u00e9c\u00e8s \u00e0 89 ans de Claude Gensac, partenaire de Louis de Fun\u00e8s dans la s\u00e9rie &#8220;des Gendarmes&#8221; (vid\u00e9os):                                                                                                                                           http:\/\/culturebox.francetvinfo.fr\/cinema\/stars\/deces-de-claude-gensac-l-epouse-de-louis-de-funes-au-cinema-250631\n\n-Carrie Fisher, la princesse de &#8220;Star Wars&#8221;, a rejoint les \u00e9toiles (vid\u00e9os) : http:\/\/culturebox.francetvinfo.fr\/cinema\/stars\/carrie-fisher-l-inoubliable-princesse-de-star-wars-a-rejoint-les-etoiles-250629\n\n-Elle n&#8217;\u00e9tait pas que la princesse Leia (J\u00e9r\u00e9mie Maire; vid\u00e9os) : http:\/\/www.telerama.fr\/cinema\/carrie-fisher-princesse-leia-mais-pas-que,152028.php#xtor\n\n-Le lendemain, disparaissait sa m\u00e8re Debbie Reynolds, l\u00e9gende de la com\u00e9die musicale &#8220;Chantons sous la pluie&#8221; (vid\u00e9os) :                                                                                                             http:\/\/www.lemonde.fr\/disparitions\/article\/2016\/12\/29\/l-actrice-debbie-reynolds-est-morte_5055072_3382.html                                                                                                                                          http:\/\/www.telerama.fr\/cinema\/debbie-reynolds-une-etoile-s-en-va,152036.php\n\n<strong>-&#8220;La r\u00e9volution tunisienne nous a chang\u00e9s&#8221; (Mohamed Ben Attia, r\u00e9alisateur de &#8220;Hedi&#8221;; propos recueillis par Fr\u00e9d\u00e9ric Strauss; vid\u00e9o) :   <\/strong>                                                                                                    http:\/\/www.telerama.fr\/cinema\/mohamed-ben-attia-realisateur-de-hedi-la-revolution-nous-a-changes,151614.php#xtor\n\n-&#8220;Hedi, un vent de libert\u00e9&#8221; (vid\u00e9o) : http:\/\/www.telerama.fr\/cinema\/hedi-un-vent-de-liberte-a-t-on-le-droit-de-n-avoir-envie-de-rien,152016.php#xtor\n\n-La mutation du Cambodge dans &#8220;Diamond Island&#8221; de Davy Chou (Jacques Morice; vid\u00e9o) :                                                                                                                                                                   http:\/\/www.telerama.fr\/cinema\/diamond-island-la-mue-du-cambodge-filmee-avec-delicatesse-par-davy-chou,152014.php#xtor\n\n-&#8220;Je cherche \u00e0 faire un cin\u00e9ma d&#8217;animation diff\u00e9rent&#8221; (le r\u00e9alisateur japonais de &#8220;Your Name&#8221; Makoto Shinkai, invit\u00e9 de Tewfik Hakem; son et vid\u00e9o) :                                                                      https:\/\/www.franceculture.fr\/emissions\/paso-doble-le-grand-entretien-de-lactualite-culturelle\/makoto-shinkai-il-y-un-heritage-du#xtor\n\n-&#8220;L&#8217;art de la course-poursuite dans dix films&#8221; (Nicolas Didier; vid\u00e9os) :           http:\/\/www.telerama.fr\/cinema\/l-art-de-la-course-poursuite-en-dix-films,152282.php#xtor\n\n<strong>-Laurent Delmas a aim\u00e9 \u00e0 la folie &#8220;Fais de beaux r\u00eaves&#8221; de Marco Bellocchio (son) :<\/strong> https:\/\/www.franceinter.fr\/emissions\/la-prescription-cinema-de-laurent-delmas\/la-prescription-cinema-de-laurent-delmas-31-decembre-2016\n\n-Avec Christine Masson, ils ont vu &#8220;La m\u00e9canique de l&#8217;ombre&#8221; de Thomas Kruithof et &#8220;Jamais contente&#8221; d&#8217;Emilie Deleuze (avec leurs invit\u00e9s Fran\u00e7ois Cluzet et Alex Lutz; son) : https:\/\/www.franceinter.fr\/emissions\/on-aura-tout-vu\/on-aura-tout-vu-07-janvier-2017\n\n<strong>-&#8220;L&#8217;oratorio de No\u00ebl&#8221; de Jean-S\u00e9bastien Bach \u00e0 la Philharmonie de Paris. Orchestre sous la direction de Laurence Equilbey (vid\u00e9o int\u00e9grale) : <\/strong>                                                                  http:\/\/culturebox.francetvinfo.fr\/opera-classique\/musique-classique\/insula-orchestra-laurence-equilbey\/l-oratorio-de-noel-de-bach-a-la-philharmonie-250339\n\n<strong>-L&#8217;Op\u00e9ra \u00e0 l&#8217;\u00e9cole (C\u00e9cile de Kervasdou\u00e9; vid\u00e9os) :       <\/strong>                                        https:\/\/www.franceculture.fr\/musique\/monter-un-opera-en-classe-aujourdhui-cest-facile#xtor\n\n-La disparition \u00e0 92 ans du chef d&#8217;orchestre Georges Pr\u00eatre (vid\u00e9os) :                http:\/\/culturebox.francetvinfo.fr\/opera-classique\/musique-classique\/le-grand-chef-d-orchestre-francais-georges-pretre-est-mort-250935\n\n<strong>-Sous sa direction, un extrait de &#8220;Carmen&#8221; avec Maria Callas (Matthieu Conquet; son et vid\u00e9o) : <\/strong> https:\/\/www.franceculture.fr\/emissions\/lactualite-musicale\/pan-orama-comment-les-steeldrums-ont-conquis-le-monde#xtor\n\n-Interrog\u00e9 par Jacques Chancel dans &#8220;Radioscopie&#8221; (son, extrait de l&#8217;Ina) :       http:\/\/www.ina.fr\/audio\/00329128\/georges-pretre-audio.html\n\n<strong>-&#8220;En tant que musicienne, la m\u00e9lancolie fait partie de mon inspiration&#8221; (la pianiste Shani Diluka, invit\u00e9e d&#8217;Eva Bester; son) :  <\/strong> https:\/\/www.franceinter.fr\/emissions\/remede-a-la-melancolie\/remede-a-la-melancolie-01-janvier-2017\n\n-A 23 ans, Germain Louvet nomm\u00e9 danseur \u00e9toile \u00e0 l&#8217;Op\u00e9ra de Paris (vid\u00e9o) : http:\/\/culturebox.francetvinfo.fr\/opera-classique\/opera\/l-opera-de-paris\/germain-louvet-nomme-danseur-etoile-de-l-opera-de-paris-a-23-ans-250699\n\n-&#8220;Nos chansons parlent d&#8217;insomnies et de mensonges&#8221; (le groupe de rock Johnny Mafia; propos recueillis par Erwan Perron et Jean-Baptiste Roch; vid\u00e9o) :                                                     http:\/\/www.telerama.fr\/musique\/johnny-mafia-nos-chansons-parlent-d-insomnies-de-secret-story-et-de-mensonges,151719.php#xtor\n\n-Les meilleurs albums 2016 (selon T\u00e9l\u00e9rama) : http:\/\/www.telerama.fr\/musique\/les-meilleurs-albums-de-2016,151561.php#xtor\n\n-&#8220;Mathieu Boogaerts, le promeneur musicien&#8221; (Rebecca Manzoni; vid\u00e9o) :       http:\/\/www.dailymotion.com\/video\/x57fkrm_mathieu-boogaerts-les-reveries-du-promeneur-musicien-pop-co_news\n\n<strong>-&#8220;La politique est ingrate&#8221; et Gloire \u00e0 Dieu&#8221; par Alpha Blondy (vid\u00e9os) :   <\/strong>                                                                        http:\/\/m.rfi.fr\/video\/20170104-alpha-blondy-politiki-mani-politique-est-ingrate        http:\/\/m.rfi.fr\/video\/20170105-alpha-blondy-jah-glory-gloire-dieu\n\n-En 2016, Renaud a domin\u00e9 la vente d&#8217;albums en France (vid\u00e9o) :            http:\/\/www.lexpress.fr\/culture\/musique\/toujours-debout-en-2016-renaud-a-domine-les-ventes-d-albums-en-france_1866299.html?PMSRC_CAMPAIGN\n\n-La playlist du chanteur britannique Hugh Coltman (Carole Lefran\u00e7ois; vid\u00e9os et sons) :                                                                                                                                                               http:\/\/www.telerama.fr\/radio\/jeff-buckley-leo-ferre-stevie-wonder-la-playlist-de-hugh-coltman,151588.php#xtor\n\n-A 82 ans, la disparition de Pierre Barouh (vid\u00e9os) :  http:\/\/www.20minutes.fr\/culture\/1987067-20161228-paroles-homme-femme-pierre-barouh-mort\n\n<strong>-La mort de George Michael, &#8220;chanteur britannique pop tourment\u00e9&#8221; (St\u00e9phane Davet; diaporama et vid\u00e9os) :<\/strong>                                                                                                                                       http:\/\/www.lemonde.fr\/disparitions\/article\/2016\/12\/26\/george-michael-icone-pop-tourmentee-est-mort_5053895_3382.html                                                                                                                       http:\/\/www.lefigaro.fr\/musique\/2016\/12\/26\/03006-20161226ARTFIG00002-le-chanteur-britannique-george-michael-est-mort.php?een\n\n-&#8220;J&#8217;ai pass\u00e9 beaucoup de temps \u00e0 ne pas dire ce que je pensais&#8221; (cit\u00e9 par Hugo Cassavetti (vid\u00e9o) :                                                                                                                                                                http:\/\/www.telerama.fr\/musique\/george-michael-j-ai-passe-beaucoup-de-temps-a-ne-pas-dire-ce-que-je-pensais,151937.php#xtor\n\n-Cinq vid\u00e9os pour une carri\u00e8re : http:\/\/www.lexpress.fr\/culture\/musique\/george-michael-cinq-videos-pour-une-carriere_1022293.html\n\n-Cinq clips inoubliables (Odile de Plas; vid\u00e9os) : http:\/\/www.telerama.fr\/musique\/cinq-clips-inoubliables-et-inenarrables-de-george-michael-avec-ou-sans-wham,151932.php#xtor\n\n<strong>-Ses dix titres embl\u00e9matiques (vid\u00e9o) :<\/strong> http:\/\/culturebox.francetvinfo.fr\/musique\/pop\/george-michael-createur-de-tubes-les-10-titres-emblematiques-250577\n\n<strong>-&#8220;2016, annus horribilis pour la pop et le rock&#8221; (vid\u00e9os et diaporama) :  <\/strong> http:\/\/culturebox.francetvinfo.fr\/musique\/pop\/2016-annus-horribilis-pour-la-pop-et-le-rock-250567                                                 http:\/\/people.bfmtv.com\/diaporama\/david-bowie-prince-george-michael-2016-annee-maudite-pour-la-musique-4516.html#?xtor\n\n<strong>-Ils nous ont quitt\u00e9s en 2016 (vid\u00e9os) : <\/strong> http:\/\/www.telerama.fr\/monde\/ils-nous-ont-quittes-en-2016,152063.php#xtor\n\n<strong>-Avec Fran\u00e7ois Gorin, d\u00e9couvrir Anthony Perkins et Peter Sellers chanteurs, Vincent Gallo et retrouver Dirk Bogarde, Ryan Adams, Jerry Moore et Phoebe Snow (sons) : <\/strong> http:\/\/www.telerama.fr\/musique\/anthony-perkins-eh-bien-chantait-maintenant,151938.php#xtor                                  http:\/\/www.telerama.fr\/musique\/peter-sellers-quand-le-chanteur-rosse-s-en-mele,152060.php#xtor                                          http:\/\/www.telerama.fr\/musique\/vincent-gallo-berceuse-du-coq,152026.php#xtor http:\/\/www.telerama.fr\/musique\/dirk-bogarde-parlez-vous-standard,152040.php#xtor                                                                              http:\/\/www.telerama.fr\/musique\/ryan-adams-ni-pleurs-ni-couronne,152117.php#xtor                                                                              http:\/\/www.telerama.fr\/musique\/jerry-moore-a-l-ombre-du-protest,152297.php#xtor http:\/\/www.telerama.fr\/musique\/phoebe-snow-2-une-voix-re-enfantee,152336.php#xtor                                                                             http:\/\/www.telerama.fr\/musique\/phoebe-snow-1-sirene-marxiste-tendance-harpo,152316.php#xtor\n\n-De vraies raret\u00e9s de la chanson fran\u00e7aises d\u00e9couvertes par Alister et Mathieu Alterman qui animent &#8220;Bleu, Blanc, Schnock&#8221; sur &#8220;Oui FM&#8221; (Carole Lefran\u00e7ois; sons et vid\u00e9os) :                                                                   http:\/\/www.telerama.fr\/radio\/deux-schnock-explorent-la-face-b-de-la-chanson-francaise,151586.php#xtor\n\n-Jusqu&#8217;au 29 janvier \u00e0 la Philharmonie de Paris, une exposition consacr\u00e9e \u00e0 la rencontre entre Matthieu Chedid et le photographe Martin Parr (Fr\u00e9d\u00e9rique Chapuis) : http:\/\/www.telerama.fr\/sortir\/martin-parr-et-mathieu-chedid-les-deux-font-la-paire,148701.php#xtor\n\n-&#8220;Le streaming, sauveur de l&#8217;industrie musicale&#8221; (Anouch Seydtaghia) :            https:\/\/www.letemps.ch\/economie\/2017\/01\/03\/streaming-sauveur-lindustrie-musicale?utm_source\n\n-&#8220;On ach\u00e8ve bien les anges&#8221;, le dernier spectacle de Bartabas (vid\u00e9o int\u00e9grale) :  http:\/\/culturebox.francetvinfo.fr\/scenes\/equestre\/on-acheve-bien-les-anges-de-bartabas-245417\n\n-Jusqu&#8217;au 5 f\u00e9vrier, au th\u00e9\u00e2tre Jean Vilar de Suresnes (92), la 25e \u00e9dition du plus grand festival de hip hop en France (vid\u00e9o) :                                                     http:\/\/culturebox.francetvinfo.fr\/danse\/danses-urbaines\/le-festival-du-hip-hop-suresnes-cites-danse-fete-ses-25-ans-250779\n\n<strong>-&#8220;Les femmes sont-elles \u00e9vinc\u00e9es de l&#8217;espace public ?&#8221; (vid\u00e9o) :  <\/strong> https:\/\/www.youtube.com\/watch?v=Pnx7bEoT8p0&#038;feature=youtu.be\n\n-Le reportage en question (vid\u00e9o) : https:\/\/www.youtube.com\/watch?v=olpgwn5wvF0\n\n-Les cent ans du &#8220;Canard encha\u00een\u00e9&#8221; (Thomas Chauvineau; son) :                  https:\/\/www.franceinter.fr\/emissions\/la-chronique-de-thomas-chauvineau\/la-chronique-de-thomas-chauvineau-01-janvier-2017\n\n<strong>-&#8220;Le Parisien&#8221; renonce aux sondages politiques&#8221; (son directeur de la r\u00e9daction St\u00e9phane Albouy, invit\u00e9 de Sonia Devillers; vid\u00e9o, amener le curseur sur 5:40) : <\/strong> \n<iframe loading=\"lazy\" title=\"Le Parisien renonce aux sondages politiques\" frameborder=\"0\" width=\"500\" height=\"283\" src=\"https:\/\/geo.dailymotion.com\/player.html?video=x577ump&#038;\" allowfullscreen allow=\"autoplay; fullscreen; picture-in-picture; web-share\"><\/iframe>\n\n-178 emplois menac\u00e9s \u00e0 &#8220;La Voix du Nord&#8221; :                                                 https:\/\/francais.rt.com\/france\/31768-licenciements-vue-voix-nord-presse\n\n-L&#8217;hebdo &#8220;Marianne&#8221; d\u00e9pose le bilan (J\u00e9r\u00f4me Lefill\u00e2tre) :                                      http:\/\/www.liberation.fr\/france\/2017\/01\/03\/l-hebdo-marianne-depose-le-bilan_1538921\n\n-&#8220;Un d\u00e9but d&#8217;ann\u00e9e tr\u00e8s difficile pour l&#8217;hebdomadaire&#8221; (Alexandra Ackoun; son) :     https:\/\/www.franceinter.fr\/emissions\/regard-sur-les-medias\/regard-sur-les-medias-07-janvier-2017 \n\n<strong>-La youtubeuse Laeticia Nadji, Jean-Claude Juncker et Google (J\u00e9r\u00e9mie Maire; vid\u00e9o) <\/strong> : http:\/\/www.telerama.fr\/medias\/jean-claude-juncker-vs-la-youtubeuse-bien-etre-le-dindon-la-farceuse-et-l-envers-du-decor,152062.php#xtor=EPR-126-newsletter_tra-20170102\n\n-&#8220;Le candidat M\u00e9lenchon cr\u00e8ve l&#8217;\u00e9cran sur Youtube&#8221; (Damien Leloup et Rapha\u00eblle Besse Desmouli\u00e8res) :                                                                                                                                                           http:\/\/www.lemonde.fr\/politique\/article\/2016\/12\/28\/le-candidat-melenchon-creve-l-ecran-sur-youtube_5054714_823448.html\n\n-&#8220;Le youtubeur au bouton d&#8217;argent&#8221; (Emilie Lanez; vid\u00e9os) :                            http:\/\/www.lepoint.fr\/presidentielle\/jean-luc-melenchon-le-youtubeur-au-bouton-d-argent-05-01-2017-2094877_3121.php?M_BT\n\n-Les explications d&#8217;Alexis Corbi\u00e8re, son porte-parole (vid\u00e9o) :  http:\/\/www.non-stop-politique.fr\/actu\/deja-vu\/jean-luc-melenchon-star-youtube-son-porte-parole-alexis-corbiere-decrypte-phenomene\n\n<strong>-&#8220;Elkabbach, Hanouna, Morandini, le tierc\u00e9 gagnant de 2017&#8221; (Samuel Gontier) : <\/strong> http:\/\/television.telerama.fr\/television\/elkabbach-hanouna-morandini-le-tierce-gagnant-de-2017,152157.php#xtor\n\n<strong>-&#8220;Avec Cyril Hanouna, le sexisme et le racisme ne passeront pas&#8221; : <\/strong> http:\/\/television.telerama.fr\/television\/avec-cyril-hanouna-le-sexisme-et-le-racisme-ne-passeront-pas,152349.php#xtor\n\n-Mouloud Achour embauche Assa Traor\u00e9 au &#8220;Gros Journal&#8221; sur Canal + (Emmanuelle Skyvington; vid\u00e9o) : http:\/\/television.telerama.fr\/television\/exclusivite-mouloud-achour-embauche-assa-traore-au-gros-journal-et-enfonce-le-clou,152326.php#xtor\n\n-Edouard Baer, invit\u00e9 de &#8220;C&#8217;est \u00e0 vous&#8221; (vid\u00e9o; amener le curseur sur 1:05) :        http:\/\/www.france5.fr\/emissions\/c-a-vous\/videos\/edouard_baer_rencontre_les_bouchon_-_c_a_vous_-_05012017_05-01-2017_1441011?onglet=tous&#038;page=1\n\n-Le vendredi \u00e0 22H15, l&#8217;acad\u00e9micien Jean-Christophe Rufin sur France Culture dans &#8220;Discussion&#8221; (propos recueillis par Laurence Le Saux) : http:\/\/www.telerama.fr\/radio\/jean-christophe-rufin-met-son-grain-de-sel-sur-france-culture,152344.php#xtor\n\n-La fin de la pub dans les programmes jeunesse inqui\u00e8te le secteur de l&#8217;animation (Sandra Franrenet; vid\u00e9o) :                                                                                                                                             http:\/\/www.lemonde.fr\/m-moyen-format\/article\/2016\/12\/16\/la-fin-de-la-pub-dans-les-programmes-jeunesse-inquiete-le-secteur-de-l-animation_5050229_4497271.html  \n\n<strong>-Le syst\u00e8me scolaire am\u00e9ricain repr\u00e9sent\u00e9 dans la s\u00e9rie &#8220;The Wire&#8221; (analys\u00e9 par le critique de cin\u00e9ma et professeur d&#8217;histoire Fr\u00e9d\u00e9ric Bas; vid\u00e9o) :  <\/strong>                          https:\/\/blogs.mediapart.fr\/forum-des-images\/blog\/281216\/cours-de-cinema-le-systeme-scolaire-dans-wire?utm_source         \n\n<strong>-&#8220;Herg\u00e9, une \u00e9toile si myst\u00e9rieuse&#8221; (&#8220;13H15 le samedi; vid\u00e9o) :       <\/strong>                   http:\/\/www.francetvinfo.fr\/replay-magazine\/france-2\/13h15\/      \n\n-La municipalit\u00e9 de Montreuil (93) lance un prix en hommage au dessinateur Tignous (H\u00e9l\u00e8ne Haus) : http:\/\/m.leparisien.fr\/montreuil-93100\/montreuil-lance-un-prix-en-hommage-au-dessinateur-tignous-05-01-2017-6529608.php#xtor=AD-1481423551                                                                                                                             \n                                                                        \n<strong>-&#8220;Jean-Christophe Victor, un g\u00e9opolitique populaire&#8221; (Pierre Chaillan) :   <\/strong>                    http:\/\/www.humanite.fr\/disparition-jean-christophe-victor-une-geopolitique-populaire-629423       \n\n-&#8220;Le talent et la simplicit\u00e9&#8221; (Jean-Louis Legalery) :                                          https:\/\/blogs.mediapart.fr\/jean-louis-legalery\/blog\/301216\/jean-christophe-victor-1947-2016-le-talent-et-la-simplicite?utm_source            \n\n<strong>-&#8220;Les chauffards du bobard&#8221; (Pierre Rimbert) :<\/strong>  http:\/\/www.monde-diplomatique.fr\/2017\/01\/RIMBERT\/56980\n\n-&#8220;Est-il bien raisonnable d&#8217;arr\u00eater France Inter en ondes longues ?&#8221; (une lettre de Charline Vanhoenacker et de son \u00e9quipe; Aude Dassonville) :                                                                       http:\/\/www.telerama.fr\/radio\/charline-vanhoenacker-s-interroge-est-il-bien-raisonnable-d-arreter-france-inter-en-ondes-longues,151685.php#xtor\n\n<strong>-Augustin Trapenard, avec les \u00e9l\u00e8ves du coll\u00e8ge Jean Lur\u00e7at \u00e0 Sarcelles (95; invit\u00e9 d&#8217; Emmanuelle Daviet; son) :    <\/strong>                               https:\/\/www.franceinter.fr\/emissions\/interclass\/interclass-01-janvier-2017\n\n<strong>-&#8220;Je me sens comme attach\u00e9e au micro par une sangle (Nicole Ferroni; propos recueillis par Aude Dassonville) :  <\/strong>                                                                                                                                      http:\/\/www.telerama.fr\/radio\/nicole-ferroni-je-me-sens-comme-attachee-au-micro-par-une-sangle,151220.php#xtor\n\n-Les meilleurs podcasts de 2016 (Aude Dassonville, Carole Lefran\u00e7ois et Ir\u00e8ne Verlaque; sons) : http:\/\/www.telerama.fr\/radio\/les-meilleurs-podcasts-de-2016,151858.php#xtor\n\n-La mue de Sud Radio pour ressembler \u00e0 RMC : http:\/\/www.telerama.fr\/radio\/sud-radio-se-re-re-relance,151895.php#xtor\n\n-&#8220;Europe 1 et Dalida, une histoire qui dure&#8221; (Aude Dassonville; vid\u00e9os) :          http:\/\/www.telerama.fr\/radio\/europe-1-et-dalida-une-histoire-d-amoroso-qui-dure,151569.php#xtor\n\n-La station modifie encore sa grille (Laurence le Saux) :                                            http:\/\/www.telerama.fr\/radio\/europe-1-modifie-encore-sa-grille,152124.php#xtor\n\n-Il y a 27 ans, Georges Marchais depuis Moscou (son) : https:\/\/www.franceinter.fr\/emissions\/le-7h43\/le-7h43-27-decembre-2016\n\n<strong>-&#8220;T&#8217;as pas besoin de voeux, t&#8217;as besoin de l&#8217;instant pr\u00e9sent&#8221; (Edouard Baer sur Radio Nova, cit\u00e9 par Lauren Provost; vid\u00e9o) :    <\/strong>                                                  http:\/\/www.huffingtonpost.fr\/2017\/01\/03\/edouard-baer-voeux-radio-nova-video\/\n\n-Disparu de Canal +, &#8220;le zapping&#8221; revient sur France 2 \u00e0 partir du 16 janvier : http:\/\/culturebox.francetvinfo.fr\/series-tv\/rebaptise-vu-le-zapping-revivra-sur-france-2-a-partir-du-16-janvier-250627\n\n<strong>-&#8220;Guillaume Meurice, d&#8217;extr\u00eame gausse&#8221; (J\u00e9r\u00f4me Lefill\u00e2tre) :<\/strong>                             http:\/\/next.liberation.fr\/images\/2016\/12\/28\/guillaume-meurice-d-extreme-gausse_1537888?utm_campaign=Echobox&#038;utm_medium=Social&#038;utm_source\n\n-&#8220;Le comit\u00e9 de soutien d&#8217;Arnaud Montebourg&#8221; (vid\u00e9o) :                                   http:\/\/www.dailymotion.com\/video\/x57958f_le-comite-de-soutien-d-arnaud-montebourg-si-tu-ecoutes-le-sketch_fun\n\n<strong>-Le programme de Manuel Valls (vid\u00e9o) :  <\/strong>                                                          http:\/\/www.dailymotion.com\/video\/x57943c_le-programme-de-manuel-valls-le-moment-meurice_fun\n\n-L&#8217;humour \u00e0 Paris en janvier (Mich\u00e8le Bourcet et Rossana Di Vincenzo) :            http:\/\/www.telerama.fr\/sortir\/humour-15-spectacles-a-voir-en-janvier-pour-bien-commencer-l-annee,152045.php#xtor\n\n-La reconversion de Jean-Pierre Elkabbach (Nicolas Canteloup; son) :             http:\/\/www.europe1.fr\/emissions\/la-revue-de-presque\/best-of-je-peux-tres-bien-interviewer-les-miss-2937581\n\n<strong>-&#8220;Nos conseils en com \u00e0 Jean-Luc M\u00e9lenchon&#8221; (Charline Vanhoenacker; vid\u00e9o) :   <\/strong>  http:\/\/www.dailymotion.com\/video\/x57bgmz_nos-conseils-en-com-a-jean-luc-melenchon-le-billet-de-charline_fun\n\n-&#8220;Fillon ch\u00e2telain ?&#8221; (vid\u00e9o) : http:\/\/www.dailymotion.com\/video\/x57fna4_fillon-chatelain-le-billet-de-charline_fun\n\n<strong>-&#8220;Le conseiller Morel vous reparle&#8221; (vid\u00e9o) :<\/strong> https:\/\/www.franceinter.fr\/emissions\/le-billet-de-francois-morel\/le-billet-de-francois-morel-30-decembre-2016\n\n<strong>-&#8220;Tel le gibbon, de toutes les campagnes&#8221; (Nicole Ferroni; vid\u00e9o) :     <\/strong>                     http:\/\/www.dailymotion.com\/video\/x57bpe0_tel-le-gibbon-de-toutes-les-campagnes-le-billet-de-nicole-ferroni_fun\n\n-&#8220;Les bons voeux, tu peux les garder&#8221; (Laurent Gerra, imitant Jean-Luc M\u00e9lenchon; son) : http:\/\/www.rtl.fr\/actu\/societe-faits-divers\/laurent-gerra-imitant-jean-luc-melenchon-les-bons-voeux-tu-peux-te-les-garder-7786613982\n<h2 class=\"wp-block-heading\">Documents joints<\/h2>\n\n\n\n<div class=\"wp-block-file\"><a href=\"https:\/\/wp.muchomaas.com\/wp-content\/uploads\/2017\/01\/jean-louis_mons-6c1.pdf\">jean-louis_mons.pdf<\/a><\/div>\n\n\n\n<div class=\"wp-block-file\"><a href=\"https:\/\/wp.muchomaas.com\/wp-content\/uploads\/2017\/01\/midi_libre-328.pdf\">midi_libre.pdf<\/a><\/div>\n\n\n\n<div class=\"wp-block-file\"><a href=\"https:\/\/wp.muchomaas.com\/wp-content\/uploads\/2017\/01\/melenchon-5-f80.pdf\">melenchon-5.pdf<\/a><\/div>\n\n\n","protected":false},"excerpt":{"rendered":"<p>ACTUALITE -L&#8217;inqui\u00e9tude des salari\u00e9s de Whirlpool \u00e0 Amiens (Dominique Chapuis) : http:\/\/www.lesechos.fr\/industrie-services\/conso-distribution\/0211667396411-whirlpool-les-salaries-inquiets-pour-lavenir-de-la-derniere-usine-francaise-2055167.php#xtor -&#8220;Vivarte \u00e9tudie la cession d&#8217;Andr\u00e9 et un nouveau plan social&#8221; (Franck Bouaziz) : http:\/\/www.liberation.fr\/futurs\/2017\/01\/04\/vivarte-etudie-la-cession-d-andre-et-un-nouveau-plan-social_1539114 -&#8220;185 millions de repas ont \u00e9t\u00e9 distribu\u00e9e en 2015 par le Secours populaire&#8221; (Julien Laupr\u00eatre, son pr\u00e9sident; invit\u00e9 de Cyril Graziani; son) : https:\/\/www.franceinter.fr\/emissions\/l-interview-politique\/l-interview-politique-25-decembre-2016 -L&#8217;engagement de longue date d&#8217;Anne [&hellip;]<\/p>\n","protected":false},"author":1042,"featured_media":0,"comment_status":"open","ping_status":"open","sticky":false,"template":"","format":"standard","meta":{"_themeisle_gutenberg_block_has_review":false,"footnotes":""},"categories":[151],"tags":[],"class_list":["post-10090","post","type-post","status-publish","format-standard","hentry","category-la-revue-de-presse-de-lulu"],"_links":{"self":[{"href":"https:\/\/archives.regards.fr\/index.php?rest_route=\/wp\/v2\/posts\/10090","targetHints":{"allow":["GET"]}}],"collection":[{"href":"https:\/\/archives.regards.fr\/index.php?rest_route=\/wp\/v2\/posts"}],"about":[{"href":"https:\/\/archives.regards.fr\/index.php?rest_route=\/wp\/v2\/types\/post"}],"author":[{"embeddable":true,"href":"https:\/\/archives.regards.fr\/index.php?rest_route=\/wp\/v2\/users\/1042"}],"replies":[{"embeddable":true,"href":"https:\/\/archives.regards.fr\/index.php?rest_route=%2Fwp%2Fv2%2Fcomments&post=10090"}],"version-history":[{"count":0,"href":"https:\/\/archives.regards.fr\/index.php?rest_route=\/wp\/v2\/posts\/10090\/revisions"}],"wp:attachment":[{"href":"https:\/\/archives.regards.fr\/index.php?rest_route=%2Fwp%2Fv2%2Fmedia&parent=10090"}],"wp:term":[{"taxonomy":"category","embeddable":true,"href":"https:\/\/archives.regards.fr\/index.php?rest_route=%2Fwp%2Fv2%2Fcategories&post=10090"},{"taxonomy":"post_tag","embeddable":true,"href":"https:\/\/archives.regards.fr\/index.php?rest_route=%2Fwp%2Fv2%2Ftags&post=10090"}],"curies":[{"name":"wp","href":"https:\/\/api.w.org\/{rel}","templated":true}]}}