{"id":10087,"date":"2016-12-27T00:03:14","date_gmt":"2016-12-26T23:03:14","guid":{"rendered":"https:\/\/wp.muchomaas.com\/article-2016-l-annee-politique-en-declarations-2\/"},"modified":"2023-06-23T23:23:44","modified_gmt":"2023-06-23T21:23:44","slug":"article-2016-l-annee-politique-en-declarations-2","status":"publish","type":"post","link":"https:\/\/archives.regards.fr\/?p=10087","title":{"rendered":"2016, l&#8217;ann\u00e9e politique en d\u00e9clarations [2]"},"content":{"rendered":"<p class=\"post_excerpt\">Suite du best of de notre D\u00e9clarama, dans les cat\u00e9gories : surench\u00e8res lib\u00e9rales \u2022 celles qu&#8217;on n&#8217;a pas vues venir \u2022 convergences droite-gauche \u2022 belles saloperies \u2022 pens\u00e9es philosophiques \u2022 petits moments de sexisme ordinaire<\/p>\n<p><em> <\/p>\n<h2>Surench\u00e8res lib\u00e9rales<\/h2>\n<p>\u00a0<\/em><br \/>\n<strong>Accul\u00e9e par l&#8217;\u00e9vidence de ses \u00e9checs, mais encore h\u00e9g\u00e9monique dans l&#8217;espace public, la pens\u00e9e lib\u00e9rale a exacerb\u00e9 la comp\u00e9tition entre ses plus ardents d\u00e9fenseurs.<br \/>\n<\/strong><\/p>\n<p><em>\u00ab\u00a0Ma proposition est simple et radicale\u00a0: privatisons P\u00f4le emploi pour confier le placement des ch\u00f4meurs au priv\u00e9\u00a0!\u00a0\u00bb<\/em> (Twitter, 18\/01\/2016)<br \/>\n<strong>Bruno Le Maire<\/strong><\/p>\n<p><em>\u00ab\u00a0Je propose de supprimer le logement social.\u00a0\u00bb<\/em> (20\/01\/2016)<br \/>\n<strong>Herv\u00e9 Mariton<\/strong><\/p>\n<p><em>\u00ab\u00a0Vu la situation \u00e9conomique, ne plus payer plus les heures suppl\u00e9mentaires, c\u2019est une n\u00e9cessit\u00e9.\u00a0\u00bb<\/em> (Europe 1, 22\/01\/2016)<br \/>\n<strong>Emmanuel Macron<\/strong><\/p>\n<p><em>\u00ab\u00a0Les R\u00e9publicains doit \u00eatre le parti du gaz de schiste et des OGM.\u00a0\u00bb<\/em> (14\/02\/2016)<br \/>\n<strong>Luc Chatel<\/strong><\/p>\n<p><em>\u00ab\u00a0Le CDI ne doit pas \u00eatre une prison pour l\u2019entreprise.\u00a0\u00bb<\/em> (LCP, 10\/03\/2016)<br \/>\n<strong>Bruno Le Roux<\/strong><\/p>\n<p><em>\u00ab\u00a0Avec Hollande, la Cor\u00e9e du Nord et la France sont les deux derniers pays marxistes du monde\u00a0!\u00a0\u00bb<\/em> (29\/06\/2016)<br \/>\n<strong>Fran\u00e7ois Baroin<\/strong><\/p>\n<p><em>\u00ab\u00a0Le PIB, c\u2019est 30% pour le social et 3% pour la s\u00e9curit\u00e9. (\u2026) Il faut inverser les tendances.\u00a0\u00bb<\/em> (Radio J, 28\/08\/2016)<br \/>\n<strong>Jean-Fran\u00e7ois Cop\u00e9<\/strong><\/p>\n<p><em>\u00ab\u00a0Chaque jeune \u00e0 l\u2019\u00e2ge de seize ans doit recevoir un num\u00e9ro de Siret, une inscription au registre du commerce.\u00a0\u00bb<\/em> (09\/09\/2016)<br \/>\n<strong>Jean-Fran\u00e7ois Cop\u00e9<\/strong><\/p>\n<p><em> <\/p>\n<h2>Celles qu&#8217;on n&#8217;a pas vues venir<\/h2>\n<p>\u00a0<\/em><br \/>\n<strong>R\u00e9sultat d&#8217;un concours de circonstances ou de moments d&#8217;exasp\u00e9ration, ces d\u00e9clarations sont un peu sorties de nulle part.<br \/>\n<\/strong><\/p>\n<p>[interrog\u00e9e sur Emmanuel Macron] <em>\u00ab\u00a0J\u2019en ai rien \u00e0 battre. Voil\u00e0.\u00a0\u00bb<\/em> (LCI, 08\/05\/2016)<br \/>\n<strong>Anne Hidalgo<\/strong><\/p>\n<p><em>\u00ab\u00a0Moi personnellement, j\u2019aime bien la gauloiserie.\u00a0\u00bb<\/em> (RMC, 16\/05\/2016)<br \/>\n<strong>Christine Boutin<\/strong><\/p>\n<p><em>\u00ab\u00a0Aujourd\u2019hui je suis dans l\u2019Histoire.\u00a0\u00bb<\/em> (France Culture, 24\/05\/2016)<br \/>\n<strong>Fran\u00e7ois Hollande<\/strong><\/p>\n<p><em>\u00ab\u00a0M\u00eame une ch\u00e8vre gagnerait contre Hollande.\u00a0\u00bb<\/em> (Le Point, 17\/06\/2016)<br \/>\n<strong>G\u00e9rard Filoche<\/strong><\/p>\n<p><em>\u00ab\u00a0Valeurs actuelles et moi on a command\u00e9 de la coca\u00efne et des champignons hallucinog\u00e8nes sur le Darknet, livr\u00e9s \u00e0 l\u2019Assembl\u00e9e.\u00a0\u00bb<\/em> (LCI, 28\/06\/2016)<br \/>\n<strong>Bernard Debr\u00e9<\/strong><\/p>\n<p><em>\u00ab\u00a0J\u2019ai demand\u00e9 qu\u2019il n&#8217;y ait pas de Pokemon rare dans les \u00e9tablissements scolaires.\u00a0\u00bb<\/em> (29\/08\/2016)<br \/>\n<strong>Najat Vallaud-Belkacem<\/strong><\/p>\n<p><em> <\/p>\n<h2>Convergences droite-gauche<\/h2>\n<p>\u00a0<\/em><br \/>\n<strong>Si l&#8217;on arr\u00eatait de consid\u00e9rer encore &#8220;de gauche&#8221; certaines id\u00e9es et personnalit\u00e9s, le clivage gauche-droite conserverait certainement un sens\u2026<br \/>\n<\/strong><\/p>\n<p><em>\u00ab\u00a0Si j\u2019\u00e9tais de droite, je le dirais. Mais ce clivage a perdu toute pertinence.\u00a0\u00bb<\/em> (Le Monde, 18\/01\/2016)<br \/>\n<strong>Alain Finkielkraut<\/strong><\/p>\n<p><em>\u00ab\u00a0Je crois que j\u2019ai toujours \u00e9t\u00e9 centriste, mais peut-\u00eatre moins assum\u00e9.\u00a0\u00bb<\/em> (France Info, 06\/03\/2016)<br \/>\n<strong>Jean-Vincent Plac\u00e9<\/strong><\/p>\n<p><em>\u00ab\u00a0Je suis d\u2019un gouvernement de gauche et je l\u2019assume totalement avec les valeurs auxquelles je crois et ce qui me caract\u00e9rise. Mais je veux travailler avec des gens qui se sentent aujourd\u2019hui \u00e0 droite, aussi.\u00a0\u00bb<\/em> (06\/04\/2016)<br \/>\n<strong>Emmanuel Macron<\/strong><\/p>\n<p><em>\u00ab\u00a0Ma synth\u00e8se va d\u2019Emmanuel Macron \u00e0 Nuit debout.\u00a0\u00bb<\/em> (BFMTV, 10\/04\/2016)<br \/>\n<strong>Julien Dray<\/strong><\/p>\n<p><em>\u00ab\u00a0Cette question [\u00cates-vous de gauche\u00a0?], on me la pose depuis plus de trente ans, d\u00e9j\u00e0 quand j\u2019\u00e9tais jeune rocardien.\u00a0\u00bb<\/em> (Lib\u00e9ration, 13\/04\/2016)<br \/>\n<strong>Manuel Valls<\/strong><\/p>\n<p><em>\u00ab\u00a0Se dire ni de droite ni de gauche, c\u2019est n\u2019\u00eatre nulle part. Au ni-ni de Macron, j\u2019oppose un &#8220;et de droite et de gauche&#8221;.\u00a0\u00bb<\/em> (Lib\u00e9ration, 18\/04\/2016)<br \/>\n<strong>Nathalie Kosciusko-Morizet<\/strong><\/p>\n<p><em>\u00ab\u00a0L\u2019honn\u00eatet\u00e9 m\u2019oblige \u00e0 vous dire que je ne suis pas socialiste.\u00a0\u00bb<\/em> (19\/08\/2016)<br \/>\n<strong>Emmanuel Macron<\/strong><\/p>\n<p><em>\u00ab\u00a0Le seul qui pourrait peut-\u00eatre sauver la gauche, c\u2019est Emmanuel Macron.\u00a0\u00bb<\/em> (Europe 1, 28\/11\/2016)<br \/>\n<strong>Daniel Cohn-Bendit<\/strong><\/p>\n<p>BONUS<br \/>\n<em>\u00ab\u00a0Si Hollande et Valls sont de gauche, moi, je suis cur\u00e9.\u00a0\u00bb<\/em> (JDD, 13\/03\/2016)<br \/>\n<strong>Eddy Mitchell<\/strong><\/p>\n<p><em> <\/p>\n<h2>Belles saloperies<\/h2>\n<p>\u00a0<\/em><br \/>\n<strong>L&#8217;absence de vergogne tr\u00e8s largement partag\u00e9e au sein du personnel politique nous a encore valu de nombreuses sorties flirtant all\u00e8grement avec le lamentable ou l&#8217;ignoble.<br \/>\n<\/strong><\/p>\n<p><em>\u00ab\u00a0Il faut couper les vivres \u00e0 ceux qui tirent sur la corde et profitent de l\u2019assistanat.\u00a0\u00bb<\/em> (RMC, 26\/01\/2016)<br \/>\n<strong>Laurent Wauquiez<\/strong><\/p>\n<p><em>\u00ab\u00a0Le probl\u00e8me c\u2019est la violence physique.<\/em> [La violence sociale] <em>c\u2019est diff\u00e9rent. Si vous parlez des plans sociaux, c\u2019est l\u2019adaptation permanente de l\u2019\u00e9conomie.\u00a0\u00bb<\/em> (France Inter, 14\/01\/2016)<br \/>\n<strong>Pierre Gattaz<\/strong><\/p>\n<p><em>\u00ab\u00a0Et puis (\u2026), il y a l\u2019antisionisme, c\u2019est-\u00e0-dire tout simplement le synonyme de l\u2019antis\u00e9mitisme et de la haine d\u2019Isra\u00ebl.\u00a0\u00bb<\/em> (07\/03\/2016)<br \/>\n<strong>Manuel Valls<\/strong><\/p>\n<p><em>\u00ab\u00a0Je propose d\u2019instaurer une participation financi\u00e8re des d\u00e9tenus aux frais d\u2019incarc\u00e9ration.\u00a0\u00bb<\/em> (04\/05\/2016)<br \/>\n<strong>\u00c9ric Ciotti<\/strong><\/p>\n<p><em>\u00ab\u00a0Quand vous regardez la Gare du Nord, on n\u2019a plus l\u2019impression d\u2019\u00eatre en France, on a l\u2019impression d\u2019\u00eatre en Afrique.\u00a0\u00bb<\/em> (Canal+, 22\/05\/2016)<br \/>\n<strong>Nadine Morano<\/strong><\/p>\n<p>[\u00c0 un opposant \u00e0 la loi travail] <em>\u00ab\u00a0Vous n\u2019allez pas me faire peur avec votre tee-shirt. La meilleure fa\u00e7on de se payer un costard, c\u2019est de travailler.\u00a0\u00bb<\/em> (27\/05\/2016)<br \/>\n<strong>Emmanuel Macron<\/strong><\/p>\n<p><em>\u00ab\u00a0La France est soumise aujourd\u2019hui \u00e0 deux menaces qui, pour \u00eatre diff\u00e9rentes, n\u2019en mettent pas moins en p\u00e9ril son int\u00e9grit\u00e9\u00a0: Daech et la CGT.\u00a0\u00bb<\/em> (Le Point, 01\/06\/2016)<br \/>\n<strong>Franz-Olivier Giesbert<\/strong><\/p>\n<p><em>\u00ab\u00a0Regardez ce qui s\u2019est pass\u00e9 avec la Gr\u00e8ce\u00a0: quand l\u2019Europe s\u2019unit, \u00e7a marche.\u00a0\u00bb<\/em> (24\/06\/2016)<br \/>\n<strong>Fran\u00e7ois de Rugy<\/strong><\/p>\n<p><em>\u00ab\u00a0La Crim\u00e9e a choisi de redevenir russe, la Crim\u00e9e est russe, passons \u00e0 autre chose.\u00a0\u00bb<\/em> (31\/07\/2016)<br \/>\n<strong>Thierry Mariani<\/strong><\/p>\n<p><em>\u00ab\u00a0La France n\u2019est pas coupable d\u2019avoir voulu faire partager sa culture aux peuples d\u2019Afrique, d\u2019Asie et d\u2019Am\u00e9rique du Nord.\u00a0\u00bb<\/em> (28\/08\/2016)<br \/>\n<strong>Fran\u00e7ois Fillon<\/strong><\/p>\n<p><em>\u00ab\u00a0Quand on est jeune, 35 heures, ce n\u2019est pas long.\u00a0\u00bb<\/em> (L\u2019Obs, 09\/11\/2016)<br \/>\n<strong>Emmanuel Macron<\/strong><\/p>\n<p><em> <\/p>\n<h2>Pens\u00e9es philosophiques<\/h2>\n<p>\u00a0<\/em><br \/>\n<strong>L&#8217;ann\u00e9e a donn\u00e9 du grain \u00e0 moudre (ou des aigreurs \u00e0 distiller) \u00e0 nos penseurs m\u00e9diatiques \u2013 auxquels on accorde encore une inexplicable attention.<br \/>\n<\/strong><br \/>\n<em>\u00ab\u00a0L\u2019\u00e9galit\u00e9 \u00e9tant une passion insatiable, elle peut mener \u00e0 d\u00e9tester tout privil\u00e8ge.\u00a0\u00bb<\/em> (France Culture, 13\/04\/2016)<br \/>\n<strong>Pascal Bruckner<\/strong><\/p>\n<p><em>\u00ab\u00a0Avec Nuit debout, l\u2019islam radical dispara\u00eet, l\u2019ennemi, \u00e7a redevient la domination, la bourgeoisie, le capitalisme et l\u2019Etat policier.\u00a0\u00bb<\/em> (Europe 1, 04\/05\/2016)<br \/>\n<strong>Alain Finkielkraut<\/strong><\/p>\n<p><em>\u00ab\u00a0Nuit debout, c\u2019est aussi un crachat lanc\u00e9 au visage des victimes de janvier et de novembre 2015.\u00a0\u00bb<\/em> (Le Figaro, 22\/05\/2016)<br \/>\n<strong>Pascal Bruckner<\/strong><\/p>\n<p><em>\u00ab\u00a0L\u2019islamo-gauchisme est apparu en pleine lumi\u00e8re\u00a0: non seulement, pour les gauchistes, les islamistes ne sont pas les ennemis, mais ils partagent les m\u00eames cibles et la police est la premi\u00e8re de ces cibles.\u00a0\u00bb<\/em> (RCJ, 20\/06\/2016)<br \/>\n<strong>Alain Finkielkraut<\/strong><\/p>\n<p><em>\u00ab\u00a0Le Brexit, c\u2019est la victoire des gens peu form\u00e9s sur les gens \u00e9duqu\u00e9s.\u00a0\u00bb<\/em> (Le Figaro, 29\/06\/2016)<br \/>\n<strong>Alain Minc<\/strong><\/p>\n<p><em>\u00ab\u00a0Pour la centi\u00e8me fois NON je ne me teins pas les cheveux\u00a0! Je laisse cette coquetterie ridicule \u00e0 Hollande. Si on veut parier je suis pr\u00eat\u00a0!\u00a0\u00bb<\/em> (Twitter, 09\/06\/2016)<br \/>\n<strong>Luc Ferry<\/strong><\/p>\n<p><em> <\/p>\n<h2>Petits moments de sexisme ordinaire<\/h2>\n<p>\u00a0<\/em><br \/>\n<strong>La com politique et le travail sur les \u00e9l\u00e9ments de langage n&#8217;y peuvent rien : la pens\u00e9e sexiste sort de la bouche de nos \u00e9lus d\u00e8s que leurs conseillers ont le dos tourn\u00e9.<br \/>\n<\/strong><\/p>\n<p>[\u00e0 propos de l\u2019affaire Baupin] <em>\u00ab\u00a0Je commente l\u2019international, les choses s\u00e9rieuses, pas les histoires de bonnes femmes.\u00a0\u00bb<\/em> (09\/05\/2016)<br \/>\n<strong>Pierre Lellouche<\/strong><\/p>\n<p><em>\u00ab\u00a0Il y a une bonne dizaine de premiers ministres possibles. Soyez imaginatifs\u00a0! Et pourquoi pas une femme\u00a0?\u00a0\u00bb<\/em> (JDD, 02\/10\/2016)<br \/>\n<strong>Alain Jupp\u00e9<\/strong><\/p>\n<p>[\u00e0 propos de NKM]\u00a0<em>\u00ab\u00a0\u00catre une femme ne suffit pas pour r\u00e9ussir.\u00a0\u00bb<\/em> (09\/09\/2016)<br \/>\n<strong>Geoffroy Didier<\/strong><\/p>\n<p><em>\u00ab\u00a0Arnaud est le type dont r\u00eavent les femmes pour un amour d\u2019une nuit d\u2019\u00e9t\u00e9. Il faut parvenir \u00e0 ce qu\u2019elles r\u00eavent de lui pour acheter une maison Ph\u00e9nix et y \u00e9lever des enfants.\u00a0\u00bb<\/em> (Le Point, 03\/11\/2016)<br \/>\n<strong>Fran\u00e7ois Kalfon<\/strong> (directeur de campagne d\u2019Arnaud Montebourg)<\/p>\n<p><strong>SI VOUS VOUS SENTEZ ASSEZ FORTS POUR PRENDRE UNE DOSE SUPPL\u00c9MENTAIRE :<br \/>\n<a href=\"https:\/\/wp.muchomaas.com\/web\/article\/2016-une-annee-en-declarations-1\">2016, UNE ANN\u00c9E EN D\u00c9CLARATIONS, PREMI\u00c8RE PARTIE<\/a><\/strong><\/p>\n<p><a href=\"https:\/\/wp.muchomaas.com\/vous-et-nous\/article\/faire-un-don-a-regards-explications\"><img loading=\"lazy\" decoding=\"async\" class=\" aligncenter size-full wp-image-24281\" src=\"https:\/\/wp.muchomaas.com\/wp-content\/uploads\/2016\/12\/encart_don-bf2.png\" alt=\"encart_don.png\" align=\"center\" width=\"460\" height=\"208\" srcset=\"https:\/\/archives.regards.fr\/wp-content\/uploads\/2016\/12\/encart_don-bf2.png 460w, https:\/\/archives.regards.fr\/wp-content\/uploads\/2016\/12\/encart_don-bf2-300x136.png 300w\" sizes=\"auto, (max-width: 460px) 100vw, 460px\" \/><\/a><div id='gallery-1' class='gallery galleryid-10087 gallery-columns-3 gallery-size-thumbnail'><figure class='gallery-item'>\n\t\t\t<div class='gallery-icon landscape'>\n\t\t\t\t<a href='https:\/\/archives.regards.fr\/wp-content\/uploads\/2016\/12\/encart_don-e60.png'><img loading=\"lazy\" decoding=\"async\" width=\"150\" height=\"150\" src=\"https:\/\/archives.regards.fr\/wp-content\/uploads\/2016\/12\/encart_don-e60-150x150.png\" class=\"attachment-thumbnail size-thumbnail\" alt=\"encart_don.png\" \/><\/a>\n\t\t\t<\/div><\/figure><figure class='gallery-item'>\n\t\t\t<div class='gallery-icon landscape'>\n\t\t\t\t<a href='https:\/\/archives.regards.fr\/wp-content\/uploads\/2016\/12\/declarama-2016-2-80e.jpg'><img loading=\"lazy\" decoding=\"async\" width=\"150\" height=\"150\" src=\"https:\/\/archives.regards.fr\/wp-content\/uploads\/2016\/12\/declarama-2016-2-80e-150x150.jpg\" class=\"attachment-thumbnail size-thumbnail\" alt=\"declarama-2016-2.jpg\" \/><\/a>\n\t\t\t<\/div><\/figure>\n\t\t<\/div>\n<\/p>\n","protected":false},"excerpt":{"rendered":"<p>Suite du best of de notre D\u00e9clarama, dans les cat\u00e9gories : surench\u00e8res lib\u00e9rales \u2022 celles qu&#8217;on n&#8217;a pas vues venir \u2022 convergences droite-gauche \u2022 belles saloperies \u2022 pens\u00e9es philosophiques \u2022 petits moments de sexisme ordinaire<\/p>\n","protected":false},"author":643,"featured_media":24281,"comment_status":"open","ping_status":"open","sticky":false,"template":"","format":"standard","meta":{"_themeisle_gutenberg_block_has_review":false,"footnotes":""},"categories":[157],"tags":[],"class_list":["post-10087","post","type-post","status-publish","format-standard","has-post-thumbnail","hentry","category-web"],"_links":{"self":[{"href":"https:\/\/archives.regards.fr\/index.php?rest_route=\/wp\/v2\/posts\/10087","targetHints":{"allow":["GET"]}}],"collection":[{"href":"https:\/\/archives.regards.fr\/index.php?rest_route=\/wp\/v2\/posts"}],"about":[{"href":"https:\/\/archives.regards.fr\/index.php?rest_route=\/wp\/v2\/types\/post"}],"author":[{"embeddable":true,"href":"https:\/\/archives.regards.fr\/index.php?rest_route=\/wp\/v2\/users\/643"}],"replies":[{"embeddable":true,"href":"https:\/\/archives.regards.fr\/index.php?rest_route=%2Fwp%2Fv2%2Fcomments&post=10087"}],"version-history":[{"count":0,"href":"https:\/\/archives.regards.fr\/index.php?rest_route=\/wp\/v2\/posts\/10087\/revisions"}],"wp:featuredmedia":[{"embeddable":true,"href":"https:\/\/archives.regards.fr\/index.php?rest_route=\/wp\/v2\/media\/24281"}],"wp:attachment":[{"href":"https:\/\/archives.regards.fr\/index.php?rest_route=%2Fwp%2Fv2%2Fmedia&parent=10087"}],"wp:term":[{"taxonomy":"category","embeddable":true,"href":"https:\/\/archives.regards.fr\/index.php?rest_route=%2Fwp%2Fv2%2Fcategories&post=10087"},{"taxonomy":"post_tag","embeddable":true,"href":"https:\/\/archives.regards.fr\/index.php?rest_route=%2Fwp%2Fv2%2Ftags&post=10087"}],"curies":[{"name":"wp","href":"https:\/\/api.w.org\/{rel}","templated":true}]}}