{"id":10086,"date":"2016-12-27T00:03:06","date_gmt":"2016-12-26T23:03:06","guid":{"rendered":"https:\/\/wp.muchomaas.com\/article-2016-l-annee-politique-en-declarations-1\/"},"modified":"2023-06-23T23:23:44","modified_gmt":"2023-06-23T21:23:44","slug":"article-2016-l-annee-politique-en-declarations-1","status":"publish","type":"post","link":"https:\/\/archives.regards.fr\/?p=10086","title":{"rendered":"2016, l&#8217;ann\u00e9e politique en d\u00e9clarations [1]"},"content":{"rendered":"<p class=\"post_excerpt\">Mieux vaut mettre un peu de rire dans la consternation. Best of de notre D\u00e9clarama, dans les cat\u00e9gories : \u00e9normit\u00e9s \u2022 moments de d\u00e9mence \u2022 sarkozades \u2022 \u00e9clairs de lucidit\u00e9 \u2022 radicalisations vallsiennes \u2022 D\u00e9fense du bilan gouvernemental.<\/p>\n<p><em> <\/p>\n<h2>\u00c9normit\u00e9s<\/h2>\n<p> <\/em><\/p>\n<p><strong>Confiants dans l&#8217;adage &#8220;Plus c&#8217;est gros, plus \u00e7a passe&#8221;, certains ont tent\u00e9 de faire avaler des couleuvres de fort belles dimensions.<br \/>\n<\/strong><\/p>\n<p><em>\u00ab\u00a0La vie d\u2019un entrepreneur est bien plus dure que celle d\u2019un salari\u00e9.\u00a0\u00bb<\/em> (RMC, 20\/01\/2016)<br \/>\n<strong>Emmanuel Macron<\/strong><\/p>\n<p><em>\u00ab\u00a0Le 49.3, il existe, c\u2019est un outil qui peut permettre de favoriser la discussion.\u00a0\u00bb<\/em> (RTL, 19\/02\/2016)<br \/>\n<strong>Bruno Le Roux<\/strong><\/p>\n<p><em>\u00ab\u00a0Personne ne peut imaginer que nous \u00e9tions autour de Sarkozy une bande de voyous.\u00a0\u00bb<\/em> (BFMTV, 22\/02\/2016)<br \/>\n<strong>Claude Gu\u00e9ant<\/strong><\/p>\n<p><em>\u00ab\u00a0L\u2019image de la justice est tellement politis\u00e9e depuis le passage de Christiane Taubira que pour le peuple de droite, \u00eatre mis en cause par les juges est une preuve de combativit\u00e9 et de courage.\u00a0\u00bb<\/em> (Le Figaro, 25\/03\/2016)<br \/>\n<strong>Guillaume Peltier<\/strong><\/p>\n<p><em>\u00ab\u00a0De m\u00eame que je refuse l\u2019\u00c9tat d\u2019exception, je me battrai toujours contre l\u2019\u00c9tat d\u2019exclusion. Celui qui d\u00e9mant\u00e8le la protection sociale et r\u00e9duit les services publics.\u00a0\u00bb<\/em> (08\/09\/2016)<br \/>\n<strong>Fran\u00e7ois Hollande<\/strong><\/p>\n<p><em>\u00ab\u00a0J\u2019ai quitt\u00e9 un pays communiste, la France, pour venir dans un pays lib\u00e9ral, la Chine.\u00a0\u00bb<\/em> (L\u2019Opinion, 01\/11\/2016)<br \/>\n<strong>Pierre Gattaz<\/strong><\/p>\n<p><em>\u00ab\u00a0Je veux saluer le combat permanent de Nicolas Sarkozy contre les extr\u00eames que je partage et que je veux poursuivre.\u00a0\u00bb<\/em> (20\/11\/2016)<br \/>\n<strong>Christian Estrosi<\/strong><\/p>\n<p><em>\u00ab\u00a0La force de notre R\u00e9publique est de se d\u00e9fendre avec les armes de l\u2019\u00c9tat de droit\u00a0: nous proposons la prolongation de l\u2019\u00e9tat d\u2019urgence.\u00a0\u00bb<\/em> (13\/12\/2016)<br \/>\n<strong>Bernard Cazeneuve<\/strong><\/p>\n<p><em>\u00ab\u00a0Je connais parfaitement les effets pervers du 49.3. Et j\u2019ai appris\u00a0: son utilisation est devenue d\u00e9pass\u00e9e, trop brutale.\u00a0\u00bb<\/em> (France Inter, 15\/12\/2016)<br \/>\n<strong>Manuel Valls<\/strong><\/p>\n<p><em> <\/p>\n<h2>Moments de d\u00e9mence<\/h2>\n<p>\u00a0<\/em><br \/>\n<strong>L&#8217;intensit\u00e9 de la vie politique, la perte de contact avec la r\u00e9alit\u00e9 ou encore l&#8217;abus de psychotropes peuvent mener \u00e0 des extr\u00e9mit\u00e9s verbales. Un facteur d\u00e9cisif semble toutefois \u00eatre la fr\u00e9quentation de Nicolas Sarkozy.<br \/>\n<\/strong><\/p>\n<p><em>\u00ab\u00a0Je l\u2019ai lu d\u2019un trait<\/em> [le livre de Nicolas Sarkozy]. <em>C\u2019est merveilleux, je ne savais pas que je vivais avec un \u00e9crivain.\u00a0\u00bb<\/em> (RTL, 04\/02\/2016)<br \/>\n<strong>Carla Bruni<\/strong><\/p>\n<p><em>\u00ab\u00a0C\u2019est <\/em>[le livre de Nicolas Sarkozy],<em> je ne vais pas dire presque une bible, mais j\u2019ai besoin de m\u2019y r\u00e9f\u00e9rer.\u00a0\u00bb<\/em> (RTL, 12\/02\/2015)<br \/>\n<strong>Bernadette Chirac<\/strong><\/p>\n<p><em>\u00ab\u00a0J\u2019ai vu et entendu plusieurs des dirigeants des autres plan\u00e8tes et ils sont tr\u00e8s inquiets.\u00a0\u00bb<\/em> (29\/06\/2016)<br \/>\n<strong>Jean-Claude Juncker<\/strong><\/p>\n<p><em>\u00ab\u00a0Sarkozy est hyper-mobile, hyper-imaginatif et hyper-concentr\u00e9. Ses adversaires, eux, sont comme des lapins apeur\u00e9s, fig\u00e9s face aux phares d\u2019une voiture lanc\u00e9e \u00e0 grande vitesse.\u00a0\u00bb<\/em> (02\/07\/2016)<br \/>\n<strong>Guillaume Larriv\u00e9<\/strong><\/p>\n<p><em>\u00ab\u00a0J\u2019ai vu la peur sur le visage de mes ge\u00f4liers lorsqu\u2019ils ont entendu le nom de Sarkozy.\u00a0\u00bb<\/em> (09\/10\/2016)<br \/>\n<strong>Ingrid Betancourt<\/strong><\/p>\n<p><em>\u00ab\u00a0Nous avons besoin d\u2019un djihad la\u00efque.\u00a0\u00bb<\/em> (02\/12\/2016)<br \/>\n<strong>Jean-Pierre Chev\u00e8nement<\/strong><\/p>\n<p><em> <\/p>\n<h2>Sarkozades<\/h2>\n<p>\u00a0<\/em><br \/>\n<strong>Pour ce que l&#8217;on esp\u00e8re \u2013 d\u00e9sormais avec de s\u00e9rieux motifs \u2013 \u00eatre la derni\u00e8re ann\u00e9e de sa carri\u00e8re politique, Nicolas Sarkozy aura fait feu de tout bois.<br \/>\n<\/strong><\/p>\n<p><em>\u00ab\u00a0Si nous acceptions le paquet de cigarettes neutres, dans six mois on vous proposera la bouteille de vin neutre, et c\u2019en sera fini de nos appellations, c\u2019en sera fini de nos terroirs, c\u2019en sera fini de la d\u00e9fense de nos savoir-faire. Vous aurez demain des int\u00e9gristes qui vous demanderaient la bouteille neutre. Puis le fromage neutre.\u00a0\u00bb<\/em> (03\/02\/2016) <\/p>\n<p><em>\u00ab\u00a0Nous ne pouvons plus accepter que des gens qui n\u2019ont rien dans le cerveau viennent place de la R\u00e9publique donner des le\u00e7ons \u00e0 la d\u00e9mocratie fran\u00e7aise.\u00a0\u00bb<\/em> (26\/04\/2016) <\/p>\n<p><em>\u00ab\u00a0Je suis un Europ\u00e9en de c\u0153ur\u00a0: j\u2019ai quand m\u00eame \u00e9pous\u00e9 ce qu\u2019il y a de mieux en Italie\u00a0!\u00a0\u00bb<\/em> (18\/05\/2016) <\/p>\n<p><em>\u00ab\u00a0On m\u2019a fait beaucoup de reproches dans ma vie, mais pas de mentir.\u00a0\u00bb<\/em> (TF1, 24\/08\/2016) <\/p>\n<p><em>\u00ab\u00a0Votre quotidien, ils ne peuvent pas le comprendre, ce ne sont pas eux qui ont peur en prenant les transports en commun.\u00a0\u00bb<\/em> (25\/08\/2016) <\/p>\n<p><em>\u00ab\u00a0Cela fait 4 milliards d\u2019ann\u00e9es que le climat change. Le Sahara est devenu un d\u00e9sert, ce n\u2019est pas \u00e0 cause de l\u2019industrie. Il faut \u00eatre arrogant comme l\u2019Homme pour penser que c\u2019est nous qui avons chang\u00e9 le climat\u2026\u00a0\u00bb<\/em> (13\/09\/2016) <\/p>\n<p><em>\u00ab\u00a0Nous ne nous contenterons plus d\u2019une int\u00e9gration qui ne marche plus, nous exigeons l\u2019assimilation. D\u00e8s que vous devenez Fran\u00e7ais, vos anc\u00eatres sont gaulois.\u00a0\u00bb<\/em> (19\/09\/2016) <\/p>\n<p><em>\u00ab\u00a0En France, la femme est libre depuis toujours et elle le sera toujours.\u00a0\u00bb<\/em> (09\/10\/2016) <\/p>\n<p><em>\u00ab\u00a0Je me reconnais dans cette phrase de Mandela\u00a0: soit je gagne, soit j\u2019apprends.\u00a0\u00bb<\/em> (18\/10\/2016) <\/p>\n<p><em>\u00ab\u00a0On ne mange pas de porc\u00a0? Eh bien le jour o\u00f9 \u00e0 la cantine, il y a des frites et une tranche de jambon, eh bien le petit il ne prend pas de tranche de jambon, il prend une double ration de frites. C\u2019est la R\u00e9publique\u00a0: la m\u00eame r\u00e8gle et le m\u00eame menu pour tout le monde\u00a0! C\u2019est \u00e7a la r\u00e9publique\u00a0!\u00a0\u00bb<\/em> (07\/11\/2016) <\/p>\n<p><em> <\/p>\n<h2>\u00c9clairs de lucidit\u00e9<\/h2>\n<p>\u00a0<\/em><br \/>\n<strong>Moments de clairvoyance, aveux involontaires ou avis d&#8217;experts, ils auront fait inopin\u00e9ment advenir quelques v\u00e9rit\u00e9s brutes.<br \/>\n<\/strong><\/p>\n<p><em>\u00ab\u00a0L\u2019ex\u00e9cutif tente d\u2019abord d\u2019acheter les parlementaires. Puis il menace ceux qui r\u00e9sistent, et salit ceux qui continuent.\u00a0\u00bb<\/em> (RTL, 07\/02\/2016)<br \/>\n<strong>C\u00e9cile Duflot<\/strong><\/p>\n<p><em>\u00ab\u00a0J\u2019ai renonc\u00e9 \u00e0 penser sur ce sujet<\/em> [Notre-Dame-des-Landes]. <em>C\u2019est trop compliqu\u00e9 pour moi.\u00a0\u00bb<\/em> (LCP, 03\/02\/2016)<br \/>\n<strong>Jean-Christophe Cambad\u00e9lis<\/strong><\/p>\n<p>[\u00e0 propos de la loi El Khomri] <em>\u00ab\u00a0C\u2019est une course \u00e0 l\u2019\u00e9chalote pour savoir qui sera le plus ultra-lib\u00e9ral.\u00a0\u00bb<\/em> (iT\u00e9l\u00e9, 19\/02\/2016)<br \/>\n<strong>Henri Guaino<\/strong><\/p>\n<p><em>\u00ab\u00a0Je salue les avanc\u00e9es lib\u00e9rales de Macron. Il lui reste \u00e0 \u00eatre de gauche.\u00a0\u00bb<\/em>\u00a0\u00a0(France Inter, 09\/06\/2016)<br \/>\n<strong>Alain Madelin<\/strong><\/p>\n<p><em>\u00ab\u00a0Il faudra dire que les plus riches ne seront pas les seuls b\u00e9n\u00e9ficiaires de notre projet. La droite doit s\u2019adresser aux classes moyennes.\u00a0\u00bb<\/em> (27\/11\/2016)<br \/>\n<strong>Laurent Wauquiez<\/strong><\/p>\n<p><em> <\/p>\n<h2>Radicalisations vallsiennes<\/h2>\n<p>\u00a0<\/em><br \/>\n<strong>Le Manuel Valls-candidat rassembleur semble souffrir d&#8217;une amn\u00e9sie qui lui fait oublier le Manuel Valls-premier ministre qui voyait des gauches <em>\u00ab\u00a0irr\u00e9conciliables\u00a0\u00bb<\/em>, ou du moins inconciliables avec son virage droitier.<br \/>\n<\/strong><\/p>\n<p><em>\u00ab\u00a0Pour ces ennemis qui s\u2019en prennent \u00e0 leurs compatriotes, qui d\u00e9chirent ce contrat qui nous unit, il ne peut y avoir aucune explication qui vaille. Car expliquer, c\u2019est d\u00e9j\u00e0 vouloir un peu excuser.\u00a0\u00bb<\/em> (08\/01\/2016)<br \/>\n<strong>Manuel Valls<\/strong><\/p>\n<p><em>\u00ab\u00a0Bien s\u00fbr, il y a l\u2019\u00e9conomie et le ch\u00f4mage, mais l\u2019essentiel, c\u2019est la bataille culturelle et identitaire.\u00a0\u00bb<\/em> (04\/03\/2016)<br \/>\n<strong>Manuel Valls<\/strong><\/p>\n<p><em>\u00ab\u00a0Bonaparte est fascinant, inclassable, un r\u00e9formateur incroyable.\u00a0\u00bb<\/em> (Public S\u00e9nat, 06\/05\/2016)<br \/>\n<strong>Manuel Valls<\/strong><\/p>\n<p><em> <\/p>\n<h2>DDBG (la difficile d\u00e9fense du bilan gouvernemental)<\/h2>\n<p>\u00a0<\/em><br \/>\n<strong>Pour justifier la politique de l&#8217;ex\u00e9cutif, les membres du gouvernement et du PS ont d\u00fb se livrer \u00e0 des figures dignes des plus grands contorsionnistes.<br \/>\n<\/strong><\/p>\n<p><em>\u00ab\u00a0La d\u00e9ch\u00e9ance de nationalit\u00e9 n\u2019est pas une id\u00e9e de gauche. Le pr\u00e9sident a choisi cette voie pour l\u2019union nationale.\u00a0\u00bb<\/em> (LCI, 04\/01\/2016)<br \/>\n<strong>Jean-Christophe Cambad\u00e9lis<\/strong><\/p>\n<p><em>\u00ab\u00a0Nous avons veill\u00e9 \u00e0 renforcer nos libert\u00e9s \u00e0 travers la loi renseignement.\u00a0\u00bb<\/em> (25\/01\/2016)<br \/>\n<strong>Christiane Taubira<\/strong><\/p>\n<p><em>\u00ab\u00a0On est en train de r\u00e9ussir \u00e9conomiquement et visiblement, personne ne s\u2019en rend compte.\u00a0\u00bb<\/em> (LCP, 13\/04\/2016)<br \/>\n<strong>Julien Dray<\/strong><\/p>\n<p><em>\u00ab\u00a0Il faut convaincre les gens que ce que j\u2019ai fait depuis 2012 est de gauche.\u00a0\u00bb<\/em> (cit\u00e9 par Europe 1, 29\/04\/2016)<br \/>\n<strong>Fran\u00e7ois Hollande<\/strong><\/p>\n<p><em>\u00ab\u00a0Les r\u00e9formes que nous menons s\u2019inscrivent dans la continuit\u00e9 des avanc\u00e9es que le pays a connues en 1936.\u00a0\u00bb<\/em> (07\/06\/2016)<br \/>\n<strong>Manuel Valls<\/strong><\/p>\n<p><em>\u00ab\u00a0Il n\u2019y a pas d\u2019aust\u00e9rit\u00e9 en France, il n\u2019y en a jamais eu\u00a0!\u00a0\u00bb<\/em> (Atlantico, 03\/07\/2016)<br \/>\n<strong>Pierre Moscovici<\/strong><\/p>\n<p><em>\u00ab\u00a0Parler de l\u2019islam permet d\u2019\u00e9viter d\u2019\u00e9voquer la r\u00e9ussite gouvernementale sur le ch\u00f4mage.\u00a0\u00bb<\/em> (Europe 1, 26\/08\/2016)<br \/>\n<strong>Jean-Christophe Cambad\u00e9lis<\/strong><\/p>\n<p><em>\u00ab\u00a0Je crois en la parole de Fran\u00e7ois Hollande. La courbe du ch\u00f4mage a \u00e9t\u00e9 invers\u00e9e. La droite est d\u00e9faitiste et d\u00e9cliniste.\u00a0\u00bb<\/em> (RFI, 28\/09\/2016)<br \/>\n<strong>Fran\u00e7ois Rebsamen<\/strong><\/p>\n<p><strong>SI VOUS VOUS SENTEZ ASSEZ FORTS POUR PRENDRE UNE DOSE SUPPL\u00c9MENTAIRE :<br \/>\n<a href=\"https:\/\/wp.muchomaas.com\/web\/article\/2016-une-annee-en-declarations-2\">2016, UNE ANN\u00c9E EN D\u00c9CLARATIONS, SECONDE PARTIE<\/a><\/strong><\/p>\n<p><a href=\"https:\/\/wp.muchomaas.com\/vous-et-nous\/article\/faire-un-don-a-regards-explications\"><img loading=\"lazy\" decoding=\"async\" class=\" aligncenter size-full wp-image-24281\" src=\"https:\/\/wp.muchomaas.com\/wp-content\/uploads\/2016\/12\/encart_don-bf2.png\" alt=\"encart_don.png\" align=\"center\" width=\"460\" height=\"208\" srcset=\"https:\/\/archives.regards.fr\/wp-content\/uploads\/2016\/12\/encart_don-bf2.png 460w, https:\/\/archives.regards.fr\/wp-content\/uploads\/2016\/12\/encart_don-bf2-300x136.png 300w\" sizes=\"auto, (max-width: 460px) 100vw, 460px\" \/><\/a><div id='gallery-1' class='gallery galleryid-10086 gallery-columns-3 gallery-size-thumbnail'><figure class='gallery-item'>\n\t\t\t<div class='gallery-icon landscape'>\n\t\t\t\t<a href='https:\/\/archives.regards.fr\/wp-content\/uploads\/2016\/12\/encart_don-e60.png'><img loading=\"lazy\" decoding=\"async\" width=\"150\" height=\"150\" src=\"https:\/\/archives.regards.fr\/wp-content\/uploads\/2016\/12\/encart_don-e60-150x150.png\" class=\"attachment-thumbnail size-thumbnail\" alt=\"encart_don.png\" \/><\/a>\n\t\t\t<\/div><\/figure>\n\t\t<\/div>\n<\/p>\n","protected":false},"excerpt":{"rendered":"<p>Mieux vaut mettre un peu de rire dans la consternation. Best of de notre D\u00e9clarama, dans les cat\u00e9gories : \u00e9normit\u00e9s \u2022 moments de d\u00e9mence \u2022 sarkozades \u2022 \u00e9clairs de lucidit\u00e9 \u2022 radicalisations vallsiennes \u2022 D\u00e9fense du bilan gouvernemental.<\/p>\n","protected":false},"author":643,"featured_media":24281,"comment_status":"open","ping_status":"open","sticky":false,"template":"","format":"standard","meta":{"_themeisle_gutenberg_block_has_review":false,"footnotes":""},"categories":[157],"tags":[],"class_list":["post-10086","post","type-post","status-publish","format-standard","has-post-thumbnail","hentry","category-web"],"_links":{"self":[{"href":"https:\/\/archives.regards.fr\/index.php?rest_route=\/wp\/v2\/posts\/10086","targetHints":{"allow":["GET"]}}],"collection":[{"href":"https:\/\/archives.regards.fr\/index.php?rest_route=\/wp\/v2\/posts"}],"about":[{"href":"https:\/\/archives.regards.fr\/index.php?rest_route=\/wp\/v2\/types\/post"}],"author":[{"embeddable":true,"href":"https:\/\/archives.regards.fr\/index.php?rest_route=\/wp\/v2\/users\/643"}],"replies":[{"embeddable":true,"href":"https:\/\/archives.regards.fr\/index.php?rest_route=%2Fwp%2Fv2%2Fcomments&post=10086"}],"version-history":[{"count":0,"href":"https:\/\/archives.regards.fr\/index.php?rest_route=\/wp\/v2\/posts\/10086\/revisions"}],"wp:featuredmedia":[{"embeddable":true,"href":"https:\/\/archives.regards.fr\/index.php?rest_route=\/wp\/v2\/media\/24281"}],"wp:attachment":[{"href":"https:\/\/archives.regards.fr\/index.php?rest_route=%2Fwp%2Fv2%2Fmedia&parent=10086"}],"wp:term":[{"taxonomy":"category","embeddable":true,"href":"https:\/\/archives.regards.fr\/index.php?rest_route=%2Fwp%2Fv2%2Fcategories&post=10086"},{"taxonomy":"post_tag","embeddable":true,"href":"https:\/\/archives.regards.fr\/index.php?rest_route=%2Fwp%2Fv2%2Ftags&post=10086"}],"curies":[{"name":"wp","href":"https:\/\/api.w.org\/{rel}","templated":true}]}}