{"id":10084,"date":"2016-12-22T21:50:40","date_gmt":"2016-12-22T20:50:40","guid":{"rendered":"https:\/\/wp.muchomaas.com\/article-onze-livres-a-emporter-avant-que-2016-ne-s-acheve\/"},"modified":"2023-06-23T23:23:44","modified_gmt":"2023-06-23T21:23:44","slug":"article-onze-livres-a-emporter-avant-que-2016-ne-s-acheve","status":"publish","type":"post","link":"https:\/\/archives.regards.fr\/?p=10084","title":{"rendered":"Onze livres \u00e0 emporter avant que 2016 ne s&#8217;ach\u00e8ve"},"content":{"rendered":"<p class=\"post_excerpt\">Romans, essais, bandes dessin\u00e9es ou t\u00e9moignages : nous avons retenu onze parutions de cette ann\u00e9e \u2013 autant de coups de c\u0153ur \u00e9videmment tr\u00e8s subjectifs.<\/p>\n<h2>Roman \u2013 <em>Le nouveau nom<\/em> <\/h2>\n<p><img loading=\"lazy\" decoding=\"async\" class=\" alignright size-full wp-image-24304\" src=\"https:\/\/wp.muchomaas.com\/wp-content\/uploads\/2016\/12\/selection-noel-ferrante-962.jpg\" alt=\"selection-noel-ferrante.jpg\" align=\"right\" width=\"150\" height=\"220\" \/>Si vous ne connaissez pas Elena Ferrante \u2013 dont personne ne savait rien avant <a href=\"https:\/\/www.mediapart.fr\/journal\/culture-idees\/021016\/la-vraie-elena-ferrante?onglet=full\">l&#8217;enqu\u00eate du journaliste Claudio Gatti<\/a> sur sa v\u00e9ritable identit\u00e9 \u2013, vous avez peut-\u00eatre d\u00e9j\u00e0 entendu parler de <em>L\u2019Amie prodigieuse<\/em>, paru en 2011. Ce premier \u00e9pisode d&#8217;une saga passionnante suivait le parcours de Lila et Elena, deux jeunes adolescentes issues de milieux populaires, \u00e9voluant dans le Naples des ann\u00e9es 50. Avec <em>Le nouveau nom<\/em>, nous voil\u00e0 propuls\u00e9s dans les ann\u00e9es 60. Les deux fillettes ont grandi. La modeste Lila est devenue riche en \u00e9pousant l\u2019\u00e9picier qu\u2019elle ne tardera pas \u00e0 m\u00e9priser. Quant \u00e0 Elena, elle poursuit ses \u00e9tudes et tombe amoureuse du jeune Nino Sarratore. Un ouvrage social et historique sur l\u2019Italie des ann\u00e9es 50 \u00e0 nos jours. Hautement f\u00e9ministe. Et politique. (P. J.)<\/p>\n<p><em>Le nouveau nom<\/em>, d&#8217;Elena Ferrante, \u00e9d. Gallimard, 23,50 euros.<\/p>\n<h2>Roman \u2013 <em>La Cheffe, roman d\u2019une cuisini\u00e8re<\/em> <\/h2>\n<p><img decoding=\"async\" src=\"IMG\/jpg\/selection-noel-ndiaye.jpg\" alt=\"selection-noel-ndiaye.jpg\" align=\"right\" \/>Apr\u00e8s avoir livr\u00e9 le r\u00e9cit de <em>Trois femmes puissantes<\/em>, qui se battent pour pr\u00e9server leur dignit\u00e9 contre les humiliations du quotidien \u2013 paru en 2009 \u2013, Marie Ndiaye livre un nouveau portrait, celui d\u2019une cuisini\u00e8re passionn\u00e9e. D\u2019origine modeste, n\u00e9e dans la mis\u00e8re, recrut\u00e9e comme bonne \u00e0 tout faire, elle devient une femme respect\u00e9e et sera la premi\u00e8re \u00e9toil\u00e9e de sa g\u00e9n\u00e9ration. L\u2019histoire d\u2019une femme forte, perfectionniste et qui sacrifie tout pour sa cuisine. Une recette d\u00e9licieuse \u00e0 la sauce Ndiaye. (P. J.)<\/p>\n<p><em>La Cheffe, roman d\u2019une cuisini\u00e8re<\/em>, de Marie Ndiaye, \u00e9d. Gallimard, 17,90 euros.<\/p>\n<h2>Roman \u2013 <em>Histoire de la violence<\/em> <\/h2>\n<p><img decoding=\"async\" src=\"IMG\/jpg\/selection-noel-louis.jpg\" alt=\"selection-noel-louis.jpg\" align=\"right\" \/>Il y a deux mondes dans les romans d\u2019\u00c9douard Louis. Il y a la langue de ceux qui parlent les belles lettres. Et puis celle de ceux qui improvisent, le verbe approximatif. D\u00e9j\u00e0 dans <em>En finir avec Eddy Bellegueule<\/em>, ces deux mondes s\u2019opposaient. D\u2019aucuns parleraient de m\u00e9pris \u2013 voire de racisme \u2013 de classe. Rien \u00e0 voir. L\u2019\u0153uvre de Louis est puissante. Intelligente. Dans <em>Histoire de la violence<\/em>, il revient sur le viol dont il a \u00e9t\u00e9 victime un soir de No\u00ebl et interroge tout \u00e0 la fois son pass\u00e9, l\u2019histoire de son agresseur, le racisme, la mis\u00e8re, etc. Comme une qu\u00eate. Pour mieux expliquer la violence. Pour objectiver sa source. Ses origines. Pas pour excuser mais pour comprendre. (P. J.)<\/p>\n<p><em>Histoire de la violence<\/em>, d&#8217;\u00c9douard Louis, \u00e9d. Seuil, 18 euros.<\/p>\n<h2>Essai \u2013 <em>La M\u00e9diocratie <\/em> <\/h2>\n<p><img decoding=\"async\" src=\"IMG\/jpg\/selection-noel-morin.jpg\" alt=\"selection-noel-morin.jpg\" align=\"right\" \/>L\u2019auteur-philosophe Alain Deneault analyse les mod\u00e8les de gouvernance, en politique comme dans l\u2019entreprise, dans lesquels il n\u2019y a de place ni pour la pens\u00e9e, ni pour les id\u00e9es. <em>\u00ab La m\u00e9diocratie d\u00e9signe ainsi un r\u00e9gime o\u00f9 la moyenne devient une norme imp\u00e9rieuse qu\u2019il s\u2019agit d\u2019incarner \u00bb<\/em>, pr\u00e9cise-t-il. Un essai passionnant qui nous permet de mieux comprendre pourquoi les politiques ont cess\u00e9 de faire de la politique et comment la bonne et saine gestion \u2013 comprendre n\u00e9olib\u00e9rale \u2013 conduit nos soci\u00e9t\u00e9s contemporaines \u00e0 la <em>\u00ab privatisation de nos services publics et l\u2019adaptation des institutions aux besoins de l\u2019entreprise \u00bb<\/em>. (P. J.)<\/p>\n<p><em>M\u00e9diocratie<\/em>, d&#8217;Alain Deneault, \u00e9d. Lux, 15 euros.<\/p>\n<h2>Essai \u2013 <em>Sur l\u2019esth\u00e9tique<\/em> <\/h2>\n<p><img loading=\"lazy\" decoding=\"async\" class=\" alignright size-full wp-image-24305\" src=\"https:\/\/wp.muchomaas.com\/wp-content\/uploads\/2016\/12\/selection-noel-mediocratie-2cc.jpg\" alt=\"selection-noel-mediocratie.jpg\" align=\"right\" width=\"150\" height=\"239\" \/>Edgar Morin revient sur plusieurs ann\u00e9es de travaux sur le sentiment esth\u00e9tique, pens\u00e9 comme une \u00e9motion devant le &#8220;beau&#8221; \u2013 qu\u2019il soit naturel ou artistique : <em>\u00ab L\u2019\u00e9motion esth\u00e9tique est le miroir de l\u2019\u00e9motion cr\u00e9atrice \u00bb<\/em>, \u00e9crit-il.  En ces temps inqui\u00e9tants, parfois naus\u00e9abonds, o\u00f9 la peur et l\u2019horreur dominent l\u2019actualit\u00e9, ce plaidoyer pour la beaut\u00e9 redonne forces et espoirs. N\u00e9cessaire et utile. (P. J.)<\/p>\n<p><em>Sur l\u2019esth\u00e9tique<\/em>, d&#8217;Edgar Morin, \u00e9d. Robert Laffont, 14 euros.<\/p>\n<h2>Essai \u2013 <em>Les \u00c9tats et empires du lotissement Grand si\u00e8cle<\/em> <\/h2>\n<p><img loading=\"lazy\" decoding=\"async\" class=\" alignright size-full wp-image-24306\" src=\"https:\/\/wp.muchomaas.com\/wp-content\/uploads\/2016\/12\/selection-noel-taillandier-e4f.jpg\" alt=\"selection-noel-taillandier.jpg\" align=\"right\" width=\"150\" height=\"222\" \/><em>Les \u00c9tats et empires du lotissement Grand si\u00e8cle<\/em> pourrait impressionner, rebuter, par son intitul\u00e9 tr\u00e8s &#8220;th\u00e8se de doctorat&#8221;, par son \u00e9dition dans la collection &#8220;Perspectives critiques&#8221; des PUF (Presses universitaires de France), ou son classement au rayon philosophie. Mais l&#8217;ouvrage n&#8217;est ni une th\u00e8se, ni un essai. Pas plus qu&#8217;un roman. Passionnant par son propos et sa forme \u2013 qui m\u00eale r\u00e9cit d&#8217;anticipation, fiction &#8220;post-apo&#8221;, polar, ou encore \u00e9crit \u00e9rotique \u2013, <em>Les \u00c9tats et empires\u2026<\/em> raconte la d\u00e9couverte, plusieurs temps apr\u00e8s notre si\u00e8cle, des restes d&#8217;un lotissement par un groupe nomade. Dans un monde d\u00e9vast\u00e9, ils tentent de d\u00e9chiffrer et de saisir les us de notre soci\u00e9t\u00e9 par ce qu&#8217;il en reste. Si leur regard distanci\u00e9 et parcellaire n&#8217;emp\u00eache pas les erreurs d&#8217;analyse, ils mettent au jour la logique utopique du lotissement, sa pens\u00e9e politique, comme ses \u00e9cueils. (C.C.)<\/p>\n<p><em>Les \u00c9tats et empires du lotissement Grand si\u00e8cle<\/em>, de Fanny Taillandier, \u00e9d. PUF, 16 euros.<\/p>\n<h2>Politique \u2013 <em>Une col\u00e8re noire, lettre \u00e0 mon fils <\/em> <\/h2>\n<p><img decoding=\"async\" src=\"IMG\/jpg\/selection-noel-ta-nehisi.jpg\" alt=\"selection-noel-ta-nehisi.jpg\" align=\"right\" \/>Pr\u00e9fac\u00e9 par Alain Mabanckou, cette adresse d\u2019un p\u00e8re \u00e0 son enfant est sans doute l\u2019une des lectures les plus bouleversantes de l\u2019ann\u00e9e. L&#8217;ouvrage de Ta-Nehisi Coates qui revient sur les meurtres de Noirs-am\u00e9ricains par la police a rencontr\u00e9 un vif succ\u00e8s outre-Atlantique. L\u2019auteur dresse un portrait cinglant \u2013 et violent \u2013 d\u2019une soci\u00e9t\u00e9 dont l\u2019h\u00e9ritage des luttes acharn\u00e9es pour l\u2019\u00e9galit\u00e9 et les droits des Noirs est largement menac\u00e9. \u00c0 quelques semaines de l\u2019installation de Donald Trump \u00e0 la Maison Blanche, l\u2019ouvrage a de quoi donner quelques sueurs froides. Et de r\u00e9veiller les consciences. (P. J.)<\/p>\n<p><em>Une col\u00e8re noire, lettre \u00e0 mon fils<\/em>, de Ta-Nehisi Coates, \u00e9d. Autrement, 17 euros.<\/p>\n<h2>Politique \u2013 <em>Le Livre des trahisons<\/em> <\/h2>\n<p><img decoding=\"async\" src=\"IMG\/jpg\/selection-noel-trahisons.jpg\" alt=\"selection-noel-trahisons.jpg\" align=\"right\" \/>Qu&#8217;est-ce qui restera du quinquennat de Fran\u00e7ois Hollande\u00a0? La loi El Khomri (21 juillet 2016)\u00a0? Les multiples prolongations de l&#8217;\u00e9tat d&#8217;urgence\u00a0? Le projet de sa constitutionnalisation\u00a0? Le projet de d\u00e9ch\u00e9ance de la nationalit\u00e9\u00a0? L&#8217;\u00e9vacuation de la jungle de Calais (24 octobre 2016)\u00a0? Sous la direction du philosophe Laurent de Sutter, <em>Le Livre des trahisons<\/em> s&#8217;int\u00e9resse \u00e0 une partie de ces projets, lois ou actions, mis en place ou avort\u00e9s, depuis le 15 mai 2012. R\u00e9unissant quarante \u00e9crivains, universitaires ou chercheurs (comme les philosophes Patrice Maniglier ou Ivan Segr\u00e9 et l&#8217;\u00e9crivaine et critique Fanny Taillandier) \u2013 chacun s&#8217;attaquant librement \u00e0 un sujet \u2013 l&#8217;ouvrage \u00e9gr\u00e8ne chronologiquement et m\u00e9thodiquement, dans une diversit\u00e9 de formes et de tons, la succession des abandons et des abdications de la pr\u00e9sidence Hollande. (C.C.)<\/p>\n<p><em>Le Livre des trahisons<\/em>, dir. Laurent de Sutter, \u00e9d. PUF, 19 euros.<\/p>\n<h2>Musique \u2013 <em>Br\u00fble<\/em> et <em>Hip-hop family tree vol.1<\/em> <\/h2>\n<p><img decoding=\"async\" src=\"IMG\/jpg\/selection-noel-rigoulet-piskor.jpg\" alt=\"selection-noel-rigoulet-piskor.jpg\" align=\"right\" \/>Le hip-hop est n\u00e9 des flammes, officiellement le 11 ao\u00fbt 1973. Dans le chaos d\u2019un Bronx en d\u00e9composition, des jeunes de la communaut\u00e9 afro-am\u00e9ricaine pouss\u00e8rent un cri artistique au souffle finalement insoup\u00e7onn\u00e9. Leur culture multidisciplinaire, d\u2019abord balbutiante, se transforma en machine commerciale \u00e0 partir de 1979. Eux s\u2019\u00e9vanouirent des m\u00e9moires, remplac\u00e9s par une nouvelle g\u00e9n\u00e9ration qui s\u2019attribua les m\u00e9rites et concentra les regards. Justice est rendue avec la parution de deux livres compl\u00e9mentaires. Avec le roman <em>Br\u00fble<\/em>, on plonge dans la vie intime de DJ Kool Herc, p\u00e8re du hip-hop, gr\u00e2ce \u00e0 un r\u00e9cit haletant et un tableau saisissant du Bronx de l\u2019\u00e9poque. La BD <em>Hip-hop family tree vol.1<\/em> d\u00e9zoome l\u2019histoire en abordant l\u2019ensemble des groupes pionniers. Un format original et marquant. (M.B.)<\/p>\n<p><em>Br\u00fble<\/em>, de Laurent Rigoulet, \u00e9d. Don Quichotte, 18 euros.<br \/>\n<em>Hip-hop family tree vol.1<\/em>, d\u2019Ed Piskor, \u00e9d. Papa Gu\u00e9d\u00e9, 26 euros.<\/p>\n<h2>BD \u2013 <em>Une \u00e9toile tranquille<\/em> <\/h2>\n<p><img decoding=\"async\" src=\"IMG\/jpg\/selection-noel-scarnera.jpg\" alt=\"selection-noel-scarnera.jpg\" align=\"right\" \/>Malgr\u00e9 son prix &#8220;r\u00e9v\u00e9lation&#8221; \u00e0 Angoul\u00e8me, ce petit bijou a largement \u00e9chapp\u00e9 \u00e0 l&#8217;attention g\u00e9n\u00e9rale. Comment \u00e9crire la biographie d&#8217;un homme qui, s&#8217;il a plong\u00e9 dans les tr\u00e9fonds de l&#8217;humanit\u00e9 en racontant Auschwitz avec <em>Si c&#8217;est un homme<\/em>, a le plus souvent refus\u00e9 de se raconter lui-m\u00eame\u00a0? En assemblant les bribes de sa vie, en visitant ses lieux marquants et ses aspects les plus m\u00e9connus, r\u00e9pond Pietro Scarnera, qui fait le portrait \u00e0 la fois du t\u00e9moin, du chimiste et de l&#8217;\u00e9crivain. Le trait est limpide, rehauss\u00e9 d&#8217;ombres d\u00e9licates, et l&#8217;on a autant envie de red\u00e9couvrir Primo Levi que de d\u00e9couvrir la prochaine production de son compatriote. (J.L.)<\/p>\n<p><em>Une \u00e9toile tranquille \u2013 Portrait sentimental de Primo Levi<\/em>, Pietro Scarnera, \u00e9d. Rackham, 19 euros.<\/p>\n<h2>BD \u2013 <em>Wonder<\/em> <\/h2>\n<p><img loading=\"lazy\" decoding=\"async\" class=\" alignright size-full wp-image-24307\" src=\"https:\/\/wp.muchomaas.com\/wp-content\/uploads\/2016\/12\/selection-noel-begaudeau-0c4.jpg\" alt=\"selection-noel-begaudeau.jpg\" align=\"right\" width=\"150\" height=\"199\" \/>Parmi les images marquantes de mai\/juin 1968, on trouve celle d&#8217;<a href=\"https:\/\/www.youtube.com\/watch?v=ht1RkTMY0h4\">une jeune ouvri\u00e8re aux usines Wonder<\/a> refusant de reprendre son poste, en d\u00e9pit du vote de la fin de la gr\u00e8ve. C&#8217;est de cette figure singuli\u00e8re \u2013 demeur\u00e9e anonyme \u2013 dont s&#8217;inspirent l&#8217;auteur Fran\u00e7ois B\u00e9gaudeau et la dessinatrice Elodie Durand pour leur bande-dessin\u00e9e Wonder. Le parcours de gr\u00e8ve de la jeune ouvri\u00e8re se d\u00e9ploie dans une \u00e9chapp\u00e9e graphique et color\u00e9e. La langue sobre et \u00e9conome laisse avec pudeur toute la place \u00e0 l&#8217;inventivit\u00e9 formelle, l&#8217;\u00e9mancipation esth\u00e9tique renvoyant \u00e0 une autre, sociale et culturelle, comme au refus de subir \u00e0 nouveau l&#8217;exploitation. (C.C.)<\/p>\n<p><em>Wonder<\/em>, de Fran\u00e7ois B\u00e9gaudeau et Elodie Durand, \u00e9d. Delcourt, 17,95 euros.<\/p>\n<p>\n<a href=\"https:\/\/wp.muchomaas.com\/vous-et-nous\/article\/faire-un-don-a-regards-explications\"><img loading=\"lazy\" decoding=\"async\" class=\" aligncenter size-full wp-image-24281\" src=\"https:\/\/wp.muchomaas.com\/wp-content\/uploads\/2016\/12\/encart_don-bf2.png\" alt=\"encart_don.png\" align=\"center\" width=\"460\" height=\"208\" srcset=\"https:\/\/archives.regards.fr\/wp-content\/uploads\/2016\/12\/encart_don-bf2.png 460w, https:\/\/archives.regards.fr\/wp-content\/uploads\/2016\/12\/encart_don-bf2-300x136.png 300w\" sizes=\"auto, (max-width: 460px) 100vw, 460px\" \/><\/a><div id='gallery-1' class='gallery galleryid-10084 gallery-columns-3 gallery-size-thumbnail'><figure class='gallery-item'>\n\t\t\t<div class='gallery-icon landscape'>\n\t\t\t\t<a href='https:\/\/archives.regards.fr\/wp-content\/uploads\/2016\/12\/encart_don-e60.png'><img loading=\"lazy\" decoding=\"async\" width=\"150\" height=\"150\" src=\"https:\/\/archives.regards.fr\/wp-content\/uploads\/2016\/12\/encart_don-e60-150x150.png\" class=\"attachment-thumbnail size-thumbnail\" alt=\"encart_don.png\" \/><\/a>\n\t\t\t<\/div><\/figure><figure class='gallery-item'>\n\t\t\t<div class='gallery-icon portrait'>\n\t\t\t\t<a href='https:\/\/archives.regards.fr\/wp-content\/uploads\/2016\/12\/selection-noel-begaudeau-48f.jpg'><img loading=\"lazy\" decoding=\"async\" width=\"150\" height=\"150\" src=\"https:\/\/archives.regards.fr\/wp-content\/uploads\/2016\/12\/selection-noel-begaudeau-48f-150x150.jpg\" class=\"attachment-thumbnail size-thumbnail\" alt=\"selection-noel-begaudeau.jpg\" \/><\/a>\n\t\t\t<\/div><\/figure><figure class='gallery-item'>\n\t\t\t<div class='gallery-icon portrait'>\n\t\t\t\t<a href='https:\/\/archives.regards.fr\/wp-content\/uploads\/2016\/12\/selection-noel-ferrante-24d.jpg'><img loading=\"lazy\" decoding=\"async\" width=\"150\" height=\"150\" src=\"https:\/\/archives.regards.fr\/wp-content\/uploads\/2016\/12\/selection-noel-ferrante-24d-150x150.jpg\" class=\"attachment-thumbnail size-thumbnail\" alt=\"selection-noel-ferrante.jpg\" \/><\/a>\n\t\t\t<\/div><\/figure><figure class='gallery-item'>\n\t\t\t<div class='gallery-icon portrait'>\n\t\t\t\t<a href='https:\/\/archives.regards.fr\/wp-content\/uploads\/2016\/12\/selection-noel-mediocratie-2b7.jpg'><img loading=\"lazy\" decoding=\"async\" width=\"150\" height=\"150\" src=\"https:\/\/archives.regards.fr\/wp-content\/uploads\/2016\/12\/selection-noel-mediocratie-2b7-150x150.jpg\" class=\"attachment-thumbnail size-thumbnail\" alt=\"selection-noel-mediocratie.jpg\" \/><\/a>\n\t\t\t<\/div><\/figure><figure class='gallery-item'>\n\t\t\t<div class='gallery-icon portrait'>\n\t\t\t\t<a href='https:\/\/archives.regards.fr\/wp-content\/uploads\/2016\/12\/selection-noel-rigoulet-47b.jpg'><img loading=\"lazy\" decoding=\"async\" width=\"150\" height=\"150\" src=\"https:\/\/archives.regards.fr\/wp-content\/uploads\/2016\/12\/selection-noel-rigoulet-47b-150x150.jpg\" class=\"attachment-thumbnail size-thumbnail\" alt=\"selection-noel-rigoulet.jpg\" \/><\/a>\n\t\t\t<\/div><\/figure><figure class='gallery-item'>\n\t\t\t<div class='gallery-icon portrait'>\n\t\t\t\t<a href='https:\/\/archives.regards.fr\/wp-content\/uploads\/2016\/12\/selection-noel-taillandier-e34.jpg'><img loading=\"lazy\" decoding=\"async\" width=\"150\" height=\"150\" src=\"https:\/\/archives.regards.fr\/wp-content\/uploads\/2016\/12\/selection-noel-taillandier-e34-150x150.jpg\" class=\"attachment-thumbnail size-thumbnail\" alt=\"selection-noel-taillandier.jpg\" \/><\/a>\n\t\t\t<\/div><\/figure><figure class='gallery-item'>\n\t\t\t<div class='gallery-icon landscape'>\n\t\t\t\t<a href='https:\/\/archives.regards.fr\/wp-content\/uploads\/2016\/12\/selection-noel-home-332.jpg'><img loading=\"lazy\" decoding=\"async\" width=\"150\" height=\"150\" src=\"https:\/\/archives.regards.fr\/wp-content\/uploads\/2016\/12\/selection-noel-home-332-150x150.jpg\" class=\"attachment-thumbnail size-thumbnail\" alt=\"selection-noel-home.jpg\" \/><\/a>\n\t\t\t<\/div><\/figure>\n\t\t<\/div>\n<\/p>\n","protected":false},"excerpt":{"rendered":"<p>Romans, essais, bandes dessin\u00e9es ou t\u00e9moignages : nous avons retenu onze parutions de cette ann\u00e9e \u2013 autant de coups de c\u0153ur \u00e9videmment tr\u00e8s subjectifs.<\/p>\n","protected":false},"author":643,"featured_media":24304,"comment_status":"open","ping_status":"open","sticky":false,"template":"","format":"standard","meta":{"_themeisle_gutenberg_block_has_review":false,"footnotes":""},"categories":[157],"tags":[353],"class_list":["post-10084","post","type-post","status-publish","format-standard","has-post-thumbnail","hentry","category-web","tag-litterature"],"_links":{"self":[{"href":"https:\/\/archives.regards.fr\/index.php?rest_route=\/wp\/v2\/posts\/10084","targetHints":{"allow":["GET"]}}],"collection":[{"href":"https:\/\/archives.regards.fr\/index.php?rest_route=\/wp\/v2\/posts"}],"about":[{"href":"https:\/\/archives.regards.fr\/index.php?rest_route=\/wp\/v2\/types\/post"}],"author":[{"embeddable":true,"href":"https:\/\/archives.regards.fr\/index.php?rest_route=\/wp\/v2\/users\/643"}],"replies":[{"embeddable":true,"href":"https:\/\/archives.regards.fr\/index.php?rest_route=%2Fwp%2Fv2%2Fcomments&post=10084"}],"version-history":[{"count":0,"href":"https:\/\/archives.regards.fr\/index.php?rest_route=\/wp\/v2\/posts\/10084\/revisions"}],"wp:featuredmedia":[{"embeddable":true,"href":"https:\/\/archives.regards.fr\/index.php?rest_route=\/wp\/v2\/media\/24304"}],"wp:attachment":[{"href":"https:\/\/archives.regards.fr\/index.php?rest_route=%2Fwp%2Fv2%2Fmedia&parent=10084"}],"wp:term":[{"taxonomy":"category","embeddable":true,"href":"https:\/\/archives.regards.fr\/index.php?rest_route=%2Fwp%2Fv2%2Fcategories&post=10084"},{"taxonomy":"post_tag","embeddable":true,"href":"https:\/\/archives.regards.fr\/index.php?rest_route=%2Fwp%2Fv2%2Ftags&post=10084"}],"curies":[{"name":"wp","href":"https:\/\/api.w.org\/{rel}","templated":true}]}}