{"id":10080,"date":"2016-12-18T23:01:45","date_gmt":"2016-12-18T22:01:45","guid":{"rendered":"https:\/\/wp.muchomaas.com\/article-l-etat-contre-la-paix-au-pays-basque\/"},"modified":"2023-06-23T23:23:42","modified_gmt":"2023-06-23T21:23:42","slug":"article-l-etat-contre-la-paix-au-pays-basque","status":"publish","type":"post","link":"https:\/\/archives.regards.fr\/?p=10080","title":{"rendered":"L&#8217;\u00c9tat contre la paix au Pays basque"},"content":{"rendered":"<p class=\"post_excerpt\">Cinq personnes, dont des militants bien connus de la soci\u00e9t\u00e9 civile, sont d\u00e9tenues apr\u00e8s \u00eatre intervenues dans une action de d\u00e9sarmement de l&#8217;ETA. Samedi \u00e0 Bayonne, 3.000 personnes ont demand\u00e9 leur lib\u00e9ration \u00e0 un \u00c9tat\u2026 qui semble avoir besoin de l&#8217;ETA.<\/p>\n<p>L&#8217;affaire a eu l&#8217;effet \u00e9lectrochoc au Pays basque, semant d\u00e9j\u00e0 le doute sur le tout nouveau ministre de l&#8217;Int\u00e9rieur Bruno Le Roux. Dans la nuit du vendredi 18 d\u00e9cembre, \u00e0 Louhossoa, dans une maison isol\u00e9e du pi\u00e9mont basque, cinq <em>\u00ab\u00a0individus en relation avec l\u2019organisation terroriste basque ETA\u00a0\u00bb<\/em> ont \u00e9t\u00e9 interpell\u00e9s lors d&#8217;une <a href=\"http:\/\/abonnes.lemonde.fr\/police-justice\/article\/2016\/12\/16\/cinq-interpellations-et-des-armes-saisies-lors-d-une-operation-contre-l-eta_5050447_1653578.html\">op\u00e9ration polici\u00e8re franco-espagnole<\/a>. <\/p>\n<p><em>Photos Kepa Etchandy<\/em>.<\/p>\n<h2>Des figures militantes<\/h2>\n<p>L&#8217;avocat Michel Tubiana, pr\u00e9sident d&#8217;honneur de la Ligue des droits de l&#8217;homme, a m\u00eame \u00e9t\u00e9 un temps annonc\u00e9 parmi les interpell\u00e9s, alors qu&#8217;\u00e9clatait rapidement le caract\u00e8re politique de l&#8217;affaire. Les inculp\u00e9s sont des figures locales, toutes connues pour leur opposition \u00e0 la strat\u00e9gie de lutte arm\u00e9e de l&#8217;ETA. Mais surtout, en raison de leur engagement dans le syndicalisme agricole et le mouvement \u00e9cologiste, leur influence rayonne bien au-del\u00e0 du Pays basque. Le candidat \u00e9cologiste \u00e0 la pr\u00e9sidence Yannick Jadot et la franco-am\u00e9ricaine Susan George, pr\u00e9sidente d&#8217;honneur d&#8217;ATTAC, ont demand\u00e9 leur lib\u00e9ration. <\/p>\n<p>De mani\u00e8re totalement spontan\u00e9e, d\u00e8s le lendemain, une manifestation r\u00e9unit alors environ 3.000 personnes dans les rues de Bayonne. Dans le cort\u00e8ge Fr\u00e9d\u00e9rique Espagnac, s\u00e9natrice socialiste, pourtant tr\u00e8s proche de Fran\u00e7ois Hollande, confie : <\/p>\n<blockquote><p>\u00ab\u00a0Ce sont des militants non violents engag\u00e9s, pour la paix. Je leur apporte tout mon soutien\u00a0\u00bb. <\/p><\/blockquote>\n<p>En effet, parmi ces personnes, on compte <a href=\"http:\/\/www.liberation.fr\/futurs\/2014\/04\/29\/txetx-etcheverry-agitateur-d-ideaux_1007372\">Jean-No\u00ebl Etcheverry, dit &#8220;Txetx&#8221;<\/a>, leader altermondialiste et \u00e9cologiste, membre d&#8217;ATTAC et cofondateur d&#8217;Alternatiba, le mouvement environnemental <a href=\"https:\/\/wp.muchomaas.com\/web\/article\/climat-alternatiba-se-lance-sur-la\">cr\u00e9\u00e9 en parall\u00e8le de la COP21 de Paris<\/a>\u00a0; Michel Berhocoirigoin, fondateur de la Chambre d\u2019agriculture alternative basque et ancien membre du bureau de la Conf\u00e9d\u00e9ration paysanne ; Michel Bergougnan, militant d&#8217;Iparretarak dans les ann\u00e9es 80, viticulteur et ex-pr\u00e9sident de la coop\u00e9rative des vins d\u2019Iroul\u00e9guy. Lors de l&#8217;intervention polici\u00e8re, ils \u00e9taient accompagn\u00e9s par deux journalistes professionnels, B\u00e9atrice Molle-Haran, pour <em>Mediabask<\/em>, propri\u00e9taire de la maison o\u00f9 a eu lieu la perquisition, et St\u00e9phane Etchegaray, vid\u00e9aste ind\u00e9pendant. <\/p>\n<h2>\u00ab\u00a0Postures s\u00e9curitaires\u00a0\u00bb<\/h2>\n<p>Au Pays Basque, tous bords confondus, l\u2019immense majorit\u00e9 des acteurs politiques comprend qu&#8217;il y a des conditions \u00e0 un processus de paix p\u00e9renne. En t\u00eate de manifestation, derri\u00e8re la seule banderole, le maire Modem de Bayonne Jean-Ren\u00e9 Etchegaray se dit d\u00e9concert\u00e9 par les derni\u00e8res op\u00e9rations polici\u00e8res, alors qu&#8217;ETA a <a href=\"https:\/\/wp.muchomaas.com\/acces-payant\/archives-web\/a-bilbao-la-rue-se-mobilise-pour,5216\">d\u00e9pos\u00e9 les armes depuis 2011<\/a>\u00a0: <\/p>\n<blockquote><p>\u00ab\u00a0Nous sommes trait\u00e9s avec m\u00e9pris depuis cinq ans. Et aujourd\u2019hui, tandis que la soci\u00e9t\u00e9 civile s\u2019organise pour suppl\u00e9er la carence des \u00c9tats, les postures s\u00e9curitaires ont pris une dimension cynique totalement inacceptable\u00a0\u00bb.<\/p><\/blockquote>\n<p>Les premi\u00e8res images de cette perquisition ont r\u00e9v\u00e9l\u00e9 la pr\u00e9sence de perceuses sur colonnes\u00a0destin\u00e9es \u00e0 traverser les armes afin de les rendre in-op\u00e9rationnelles. <a href=\"http:\/\/www.berria.eus\/albisteak\/129787\/gizarte_zibilak_hartu_du_etaren_armak_suntsitzen_hasteko_ardura.htm\">D&#8217;apr\u00e8s le quotidien en langue basque Berria<\/a>, ce premier stock d&#8217;armes r\u00e9parti dans dix caisses, repr\u00e9senterait 15% de l&#8217;arsenal d&#8217;ETA. <em>\u00ab\u00a0Je n\u2019ai pas pu m\u2019y rendre. Les policiers savaient tout de l\u2019op\u00e9ration et de notre volont\u00e9 d\u2019enclencher de mani\u00e8re symbolique le processus de d\u00e9sarmement de l\u2019ETA\u00a0\u00bb<\/em>, a m\u00eame d\u00e9clar\u00e9 Michel Tubiana. <\/p>\n<p><img loading=\"lazy\" decoding=\"async\" class=\" aligncenter size-full wp-image-24292\" src=\"https:\/\/wp.muchomaas.com\/wp-content\/uploads\/2016\/12\/eta-bayonne-2-63f.jpg\" alt=\"eta-bayonne-2.jpg\" align=\"center\" width=\"460\" height=\"307\" srcset=\"https:\/\/archives.regards.fr\/wp-content\/uploads\/2016\/12\/eta-bayonne-2-63f.jpg 460w, https:\/\/archives.regards.fr\/wp-content\/uploads\/2016\/12\/eta-bayonne-2-63f-300x200.jpg 300w\" sizes=\"auto, (max-width: 460px) 100vw, 460px\" \/><br \/>\n<\/p>\n<p>Battant \u00e9galement le pav\u00e9, une vingtaine d&#8217;\u00e9lus du Pays basque, notamment les deux d\u00e9put\u00e9es PS Collette Capdevielle et Sylviane Allaux, ont alert\u00e9 <a href=\"http:\/\/mediabask.naiz.eus\/fr\/info_mbsk\/20161217\/des-elus-affichent-leur-soutien-aux-cinq-personnalites-interpellees\">dans un communiqu\u00e9<\/a> l\u2019\u00c9tat fran\u00e7ais sur <em>\u00ab\u00a0le manque d&#8217;implication des \u00c9tats fran\u00e7ais et espagnol dans le processus de d\u00e9sarmement\u00a0\u00bb. <\/em><\/p>\n<h2>L&#8217;\u00c9tat refuse ses responsabilit\u00e9s<\/h2>\n<p>En effet, depuis 2011, la <a href=\"http:\/\/www.politis.fr\/articles\/2010\/09\/eta-ladieu-aux-armes-11671\/\">d\u00e9claration de cessez-le-feu permanent<\/a>, l\u2019arbitrage du processus de paix par le <a href=\"https:\/\/www.monde-diplomatique.fr\/2011\/06\/CURRIN\/20683\">Groupe international de contact<\/a> (GIC) et <a href=\"http:\/\/www.humanite.fr\/monde\/pays-basque-lueur-de-paix-481926\">l&#8217;intervention de l\u2019ex-secr\u00e9taire de l\u2019ONU Kofi Annan<\/a>, plusieurs tentatives ont \u00e9t\u00e9 faites pour demander aux autorit\u00e9s fran\u00e7aises et espagnoles de d\u00e9terminer les conditions mat\u00e9rielles dans lesquelles la totalit\u00e9 de l\u2019arsenal du groupe terroriste devait \u00eatre livr\u00e9. Tentatives rest\u00e9es sans suite. Et en 2014, l\u2019\u00c9tat fran\u00e7ais a m\u00eame entrav\u00e9 le travail des cinq membres du GIC, dont l&#8217;expert\u00a0juridique sud-africain Brian Currin et le Britannique Raymond Kendall, ancien\u00a0secr\u00e9taire g\u00e9n\u00e9ral d&#8217;Interpol, qui s&#8217;\u00e9taient pourtant fix\u00e9 comme mission de faciliter les liens entre la\u00a0Commission internationale de v\u00e9rification du cessez-le-feu de l&#8217;ETA. <\/p>\n<p>Aujourd&#8217;hui, le ministre de l&#8217;Int\u00e9rieur Bruno\u00a0Le Roux d\u00e9clare que <em>\u00ab personne n\u2019a le droit de se proclamer destructeur d\u2019armes et \u00e9ventuellement de preuves\u00a0\u00bb<\/em>. Mais \u00e0 l&#8217;\u00e9vidence, l\u2019\u00c9tat fran\u00e7ais est intervenu \u00e0 Louhoussoa pour emp\u00eacher une forme de happening politico-m\u00e9diatique visant \u00e0 mettre l\u2019\u00c9tat fran\u00e7ais devant ses responsabilit\u00e9s. Ainsi, les perquisitions se poursuivaient dimanche, notamment au domicile de St\u00e9phane Etchegaray \u00e0 Saint-Jean-le-Vieux, dans le but probable de mettre la main sur toutes les images montrant une quelconque neutralisation civile de l&#8217;arsenal de l&#8217;ETA. Enfin, au Pays basque comme ailleurs, la permanence d&#8217;un terrorisme de basse intensit\u00e9 a bien souvent montr\u00e9 qu&#8217;il se transformait en un alli\u00e9 de circonstance bien utile pour les \u00c9tats en place. C&#8217;est la conclusion de\u00a0Brian Currin, joint par t\u00e9l\u00e9phone\u00a0: <\/p>\n<blockquote><p>\u00ab\u00a0La seule explication possible des arrestations de vendredi est la peur d\u2019une d\u00e9mocratie globale au Pays basque, \u00e0 laquelle participeraient l\u2019ensemble des nationalistes favorables \u00e0 l\u2019autod\u00e9termination\u00a0\u00bb.<\/p><\/blockquote>\n<p>Les gardes \u00e0 vue se poursuivent pour &#8220;association de malfaiteurs terroriste&#8221;. D&#8217;autres manifestations de soutien devraient se d\u00e9rouler au Pays Basque lors des jours \u00e0 venir.<br \/>\n<br \/>\n<a href=\"https:\/\/wp.muchomaas.com\/vous-et-nous\/article\/faire-un-don-a-regards-explications\"><img loading=\"lazy\" decoding=\"async\" class=\" aligncenter size-full wp-image-24281\" src=\"https:\/\/wp.muchomaas.com\/wp-content\/uploads\/2016\/12\/encart_don-bf2.png\" alt=\"encart_don.png\" align=\"center\" width=\"460\" height=\"208\" srcset=\"https:\/\/archives.regards.fr\/wp-content\/uploads\/2016\/12\/encart_don-bf2.png 460w, https:\/\/archives.regards.fr\/wp-content\/uploads\/2016\/12\/encart_don-bf2-300x136.png 300w\" sizes=\"auto, (max-width: 460px) 100vw, 460px\" \/><\/a><div id='gallery-1' class='gallery galleryid-10080 gallery-columns-3 gallery-size-thumbnail'><figure class='gallery-item'>\n\t\t\t<div class='gallery-icon landscape'>\n\t\t\t\t<a href='https:\/\/archives.regards.fr\/wp-content\/uploads\/2016\/12\/eta-bayonne-2-85d.jpg'><img loading=\"lazy\" decoding=\"async\" width=\"150\" height=\"150\" src=\"https:\/\/archives.regards.fr\/wp-content\/uploads\/2016\/12\/eta-bayonne-2-85d-150x150.jpg\" class=\"attachment-thumbnail size-thumbnail\" alt=\"eta-bayonne-2.jpg\" \/><\/a>\n\t\t\t<\/div><\/figure><figure class='gallery-item'>\n\t\t\t<div class='gallery-icon landscape'>\n\t\t\t\t<a href='https:\/\/archives.regards.fr\/wp-content\/uploads\/2016\/12\/encart_don-e60.png'><img loading=\"lazy\" decoding=\"async\" width=\"150\" height=\"150\" src=\"https:\/\/archives.regards.fr\/wp-content\/uploads\/2016\/12\/encart_don-e60-150x150.png\" class=\"attachment-thumbnail size-thumbnail\" alt=\"encart_don.png\" \/><\/a>\n\t\t\t<\/div><\/figure>\n\t\t<\/div>\n<\/p>\n","protected":false},"excerpt":{"rendered":"<p>Cinq personnes, dont des militants bien connus de la soci\u00e9t\u00e9 civile, sont d\u00e9tenues apr\u00e8s \u00eatre intervenues dans une action de d\u00e9sarmement de l&#8217;ETA. Samedi \u00e0 Bayonne, 3.000 personnes ont demand\u00e9 leur lib\u00e9ration \u00e0 un \u00c9tat\u2026 qui semble avoir besoin de l&#8217;ETA.<\/p>\n","protected":false},"author":1,"featured_media":24292,"comment_status":"open","ping_status":"open","sticky":false,"template":"","format":"standard","meta":{"_themeisle_gutenberg_block_has_review":false,"footnotes":""},"categories":[157],"tags":[411],"class_list":["post-10080","post","type-post","status-publish","format-standard","has-post-thumbnail","hentry","category-web","tag-repression"],"_links":{"self":[{"href":"https:\/\/archives.regards.fr\/index.php?rest_route=\/wp\/v2\/posts\/10080","targetHints":{"allow":["GET"]}}],"collection":[{"href":"https:\/\/archives.regards.fr\/index.php?rest_route=\/wp\/v2\/posts"}],"about":[{"href":"https:\/\/archives.regards.fr\/index.php?rest_route=\/wp\/v2\/types\/post"}],"author":[{"embeddable":true,"href":"https:\/\/archives.regards.fr\/index.php?rest_route=\/wp\/v2\/users\/1"}],"replies":[{"embeddable":true,"href":"https:\/\/archives.regards.fr\/index.php?rest_route=%2Fwp%2Fv2%2Fcomments&post=10080"}],"version-history":[{"count":0,"href":"https:\/\/archives.regards.fr\/index.php?rest_route=\/wp\/v2\/posts\/10080\/revisions"}],"wp:featuredmedia":[{"embeddable":true,"href":"https:\/\/archives.regards.fr\/index.php?rest_route=\/wp\/v2\/media\/24292"}],"wp:attachment":[{"href":"https:\/\/archives.regards.fr\/index.php?rest_route=%2Fwp%2Fv2%2Fmedia&parent=10080"}],"wp:term":[{"taxonomy":"category","embeddable":true,"href":"https:\/\/archives.regards.fr\/index.php?rest_route=%2Fwp%2Fv2%2Fcategories&post=10080"},{"taxonomy":"post_tag","embeddable":true,"href":"https:\/\/archives.regards.fr\/index.php?rest_route=%2Fwp%2Fv2%2Ftags&post=10080"}],"curies":[{"name":"wp","href":"https:\/\/api.w.org\/{rel}","templated":true}]}}