{"id":10072,"date":"2016-12-14T07:26:19","date_gmt":"2016-12-14T06:26:19","guid":{"rendered":"https:\/\/wp.muchomaas.com\/article-la-revue-du-14-decembre-2016\/"},"modified":"2016-12-14T07:26:19","modified_gmt":"2016-12-14T06:26:19","slug":"article-la-revue-du-14-decembre-2016","status":"publish","type":"post","link":"https:\/\/archives.regards.fr\/?p=10072","title":{"rendered":"La Revue du 14 d\u00e9cembre 2016"},"content":{"rendered":"<p><strong>LA REVUE INTERROMPT SA PARUTION JUSQU&#8217;AU DEBUT DU MOIS DE JANVIER.<br \/>\nBONNES FETES.<\/strong><\/p>\n<p><strong>ACTUALITE<\/strong><\/p>\n<p>-Gr\u00e8ve chez &#8220;Engie&#8221; hier, \u00e0 l&#8217;appel de la CGT (Jean-Christophe F\u00e9raud) : http:\/\/www.liberation.fr\/futurs\/2016\/12\/13\/la-cgt-met-la-pression-sur-la-nouvelle-patronne-d-engie_1534741?xtor<\/p>\n<p><em>-Le tact du syndicat (document) : <\/em> http:\/\/mm1.cgt.fr\/fnme\/upload\/actualite\/document\/tractengie2016-1.pdf<\/p>\n<p>-&#8220;Avec sept r\u00e9acteurs relanc\u00e9s, EDF veut rassurer&#8221; :                                                                                                                                                                                                                                   http:\/\/www.latribune.fr\/entreprises-finance\/industrie\/energie-environnement\/avec-sept-reacteurs-relances-edf-veut-rassurer-sur-son-parc-624153.html#xtor<\/p>\n<p>-&#8220;La S\u00e9curit\u00e9 sociale est un syst\u00e8me qui ne marche plus. Il faut la r\u00e9former avec les fonctionnaires eux-m\u00eames. Il faut expliquer les r\u00e9formes&#8221; (Pierre Gattaz, pr\u00e9sident du Medef; interrog\u00e9 par Elizabeth Martichoux; vid\u00e9o) :                                    http:\/\/www.rtl.fr\/actu\/politique\/securite-sociale-on-va-dans-le-mur-previent-pierre-gattaz-7786254283<\/p>\n<p><strong>-&#8220;Faut-il d\u00e9rembourser certains m\u00e9dicaments ?&#8221; (le professeur Philippe Even et Patrick Errard, pr\u00e9sident de la F\u00e9d\u00e9ration des fabricants de m\u00e9dicaments; interrog\u00e9s par Yves Calvi; vid\u00e9o) :    <\/strong>                                                                           http:\/\/www.rtl.fr\/actu\/societe-faits-divers\/securite-sociale-faut-il-derembourser-certains-medicaments-7786254719<\/p>\n<p>-&#8220;La S\u00e9curit\u00e9 sociale est un bien commun, pas un enjeu politique&#8221; (le professeur Andr\u00e9 Grimaldi; son) : http:\/\/www.rtl.fr\/actu\/societe-faits-divers\/la-securite-sociale-est-un-bien-commun-pas-un-enjeu-politique-7786260506<\/p>\n<p><strong>-&#8220;La d\u00e9sertification des centres villes&#8221; (un reportage \u00e0 Nevers dans la Ni\u00e8vre d&#8217;H\u00e9l\u00e8ne Chevallier; son) : <\/strong>                                                                                                                                https:\/\/www.franceinter.fr\/emissions\/le-zoom-de-la-redaction\/le-zoom-de-la-redaction-13-decembre-2016<\/p>\n<p><em>-Le rapport de l&#8217;Inspection g\u00e9n\u00e9rale des Finances (document) : <\/em> http:\/\/www.economie.gouv.fr\/files\/files\/PDF\/Rapport_RevitalisationcentresvillesVdef_octobre2016.pdf<\/p>\n<p><strong>-La r\u00e9forme du code minier et la fracturation hydrolique (Nathalie Fontrel; son) :<\/strong>  https:\/\/www.franceinter.fr\/emissions\/planete-environnement\/planete-environnement-13-decembre-2016<\/p>\n<p>-Pas d&#8217;accord sur le forfait jours \u00e0 la SNCF. La direction appliquera son projet :                                                                                                                                                                                            http:\/\/www.latribune.fr\/economie\/france\/sncf-pas-d-accord-sur-le-forfait-jours-la-direction-va-appliquer-son-projet-624145.html#xtor<\/p>\n<p>-L&#8217;Allemand &#8220;Flixbus&#8221;, d\u00e9sormais leader des &#8220;cars Macron&#8221; (Mounia Van  de Casteele) :                                                                                                                                                                      http:\/\/www.latribune.fr\/entreprises-finance\/services\/transport-logistique\/flixbus-le-leader-des-cars-macron-624030.html#xtor<\/p>\n<p>-&#8220;Les langues anciennes seront r\u00e9ellement des langues mortes&#8221; (Lucie Martin) :                                                                                                                                                                                       http:\/\/www.telerama.fr\/monde\/une-reforme-de-gribouille-2-2-les-langues-anciennes-seront-bien-des-langues-mortes,151318.php#xtor<\/p>\n<p>-Grenoble teste la circulation restreinte (vid\u00e9o) : http:\/\/www.francetvinfo.fr\/meteo\/particules-fines\/pollution-grenoble-teste-la-circulation-restreinte_1967257.html<\/p>\n<p>-Une application pour mesurer l&#8217;impact de ses d\u00e9placements personnels sur la pollution (Baptiste Gaborit; son) :                                                                                                                                     http:\/\/www.radioclassique.fr\/player\/progaction\/initPlayer\/podcast\/3-minutes-pour-la-planete-2016-12-13-06-46-01.html<\/p>\n<p>-Une fili\u00e8re pour le recyclage optimal de l&#8217;aluminium (Yolaine de la Bigne; son) :                                                                                                                                                                                http:\/\/www.sudradio.fr\/Podcasts\/Quelle-epoque-ethique\/PROJET-METAL-une-filiere-de-recyclage-optimale-pour-l-aluminium<\/p>\n<p>-&#8220;Y aura-t-il de la neige pour les prochaines vacances scolaires ?&#8221; (le m\u00e9t\u00e9orologue Nicolas Le Friant; son) :                                                                                                                                        http:\/\/www.sudradio.fr\/Podcasts\/L-invite-pour-comprendre\/Nicolas-Le-Friant-Ingenieur-Meteorologue-chez-MeteoGroup<\/p>\n<p>-Dans le 19e arrondissement de Paris, la plus grande soufflerie sportive du monde (Eric Delhaye; vid\u00e9o) :                                                                                                                                               http:\/\/www.telerama.fr\/sortir\/s-envoyer-en-l-air-dans-la-plus-haute-soufflerie-sportive-du-monde,151149.php#xtor<\/p>\n<p>-&#8220;D\u00e9linquance et vente \u00e0 la sauvette Place de la Chapelle \u00e0 Paris&#8221; (son) : http:\/\/www.sudradio.fr\/Podcasts\/Les-reportages-de-la-matinee\/Delinquance-et-vente-a-la-sauvette-a-la-Chapelle<\/p>\n<p><strong>-&#8220;Le revenu des agriculteurs pourrait diminuer de 26% en 2016&#8221; (Laurence Girard) :  <\/strong> http:\/\/www.lemonde.fr\/economie\/article\/2016\/12\/13\/le-revenu-des-agriculteurs-pourrait-chuter-de-26-en-2016_5048351_3234.html#TJ1fw9HoPHxlpHlc.99<\/p>\n<p><strong>-&#8220;Moins de gras, moins de sel, moins de sucre, c&#8217;est une d\u00e9cision&#8221; (le chef Alain Ducasse, invit\u00e9 de Marie-Sophie Lacarrau; vid\u00e9o) :   <\/strong>                                                                                                   http:\/\/www.francetvinfo.fr\/culture\/livres\/alain-ducasse-moins-de-gras-moins-de-sel-moins-de-sucre-c-est-une-decision_1967271.html<\/p>\n<p><strong>-Un nouvel \u00e9tiquetage des produits nutritionnels peu efficace (l&#8217;\u00e9pid\u00e9miologiste Serge Hercberg, interrog\u00e9 par Eric Delvaux; son) :      <\/strong>                                                                                         https:\/\/www.franceinter.fr\/emissions\/l-invite-du-5-7\/l-invite-du-5-7-13-decembre-2016<\/p>\n<p>-30 boutiques de la capitale  pour les cadeaux de derni\u00e8re minute (Julie Biet) : http:\/\/www.telerama.fr\/sortir\/sos-noel-30-boutiques-a-paris-pour-vos-cadeaux-de-derniere-minute,151210.php#xtor<\/p>\n<p>-&#8220;Mes deux jumeaux sont des victimes de la D\u00e9pakine&#8221; (Franck Latreille qui engage une action de groupe avec une association contre Sanofi; invit\u00e9 de Dimitri Pavlenko; son) :                              http:\/\/www.sudradio.fr\/Podcasts\/L-invite-pour-comprendre\/Frank-Latreille-pere-de-jumeaux-victimes-de-la-Depakine<\/p>\n<p>-Les policiers continuent de manifester. Ils r\u00e9clament une&#8221;l\u00e9gitime d\u00e9fense \u00e9tendue&#8221; (vid\u00e9os) : http:\/\/www.francetvinfo.fr\/societe\/manifestation-des-policiers\/les-policiers-manifestent-a-paris_1967123.html                                                    http:\/\/www.francetvinfo.fr\/faits-divers\/police\/attaque-de-policiers-a-viry-chatillon\/colere-des-policiers-un-rassemblement-est-organise-mardi-13-decembre_1967185.html<\/p>\n<p><strong>-Le grand \u00e9cart du prix des m\u00e9dicaments (vid\u00e9o) : <\/strong> http:\/\/www.francetvinfo.fr\/sante\/medicament\/pharmacie-le-grand-ecart-du-prix-des-medicaments_1967227.html<\/p>\n<p>-Sur le sujet, l&#8217;association &#8220;Familles rurales&#8221; a publi\u00e9 son enqu\u00eate annuelle (son pr\u00e9sident Dominique Marnier; son) :                                                                   http:\/\/www.rtl.fr\/actu\/societe-faits-divers\/dominique-marmier-de-tres-grands-ecarts-de-prix-d-une-pharmacie-a-l-autre-7786253518<\/p>\n<p>-A Calais, le mur &#8220;anti-intrusions&#8221; est achev\u00e9. La maire LR n&#8217;en veut plus (vid\u00e9o) : http:\/\/www.francetvinfo.fr\/monde\/europe\/migrants\/calais-le-mur-anti-intrusions-est-termine_1967239.html<\/p>\n<p>-&#8220;L&#8217;affaire du mariage suspect qui inqui\u00e8te les \u00e9poux Balkany&#8221; (Sylvain Tronchet) :                                                                                                                                                                              http:\/\/www.francetvinfo.fr\/politique\/affaire\/affaire-balkany\/info-franceinfo-l-affaire-du-mariage-suspect-qui-inquiete-les-epoux-balkany_1966707.html<\/p>\n<p><strong>POLITIQUE<\/strong><\/p>\n<p><strong>-La d\u00e9claration de politique g\u00e9n\u00e9rale du gouvernement (Bernard Cazeneuve, les repr\u00e9sentants des groupes (dont celle d&#8217;Andr\u00e9 Chassaigne) et la r\u00e9ponse du premier ministre; vid\u00e9os en cliquant sur les noms de la colonne \u00e0 droite) :<\/strong>                                              http:\/\/videos.assemblee-nationale.fr\/video.4517334_584ffd2f8b430.2eme-seance&#8211;declaration-de-politique-generale-du-gouvernement-13-decembre-2016<\/p>\n<p><em>-L&#8217;analyse du scrutin<\/em>  : http:\/\/www2.assemblee-nationale.fr\/scrutins\/detail\/%28legislature%29\/14\/%28num%29\/1359<\/p>\n<p>-&#8220;Les 130 derniers jours du quinquennat&#8221; (en d\u00e9bat chez Olivier Galzi sur i-T\u00e9l\u00e9; vid\u00e9o) : http:\/\/www.itele.fr\/chroniques\/grand-decryptage-olivier-galzi\/le-grand-decryptage-du-13122016-172017<\/p>\n<p><strong>-&#8220;Cambad\u00e9lis s&#8217;est transform\u00e9 en censeur&#8221; (Robert Hue, s\u00e9nateur du Val-d&#8217;Oise; vid\u00e9o) :<\/strong>                                                                                                                                                                 https:\/\/www.publicsenat.fr\/article\/politique\/primaire-cambadelis-s-est-transforme-en-censeur-denonce-robert-hue-51627<\/p>\n<p>-&#8220;L&#8217;Etat accompagnera les efforts d&#8217;Air France&#8221; (le secr\u00e9taire d&#8217;Etat aux Transports Alain Vidalies; propos recueillis par Fabrice Gliszczynski) :                                                                                  http:\/\/www.latribune.fr\/entreprises-finance\/services\/transport-logistique\/l-etat-accompagnera-les-efforts-d-air-france-alain-vidalies-624060.html#xtor<\/p>\n<p>-&#8220;Nous avons mis en place une proposition de loi sur l&#8217;\u00e9thique dans le sport. Fraude fiscale, les agents sont responsables, les joueurs coresponsables. En mati\u00e8re de dopage, la France est exemplaire, la Russie ne l&#8217;est pas aujourd&#8217;hui. Manuel Valls est le mieux plac\u00e9&#8221; (le ministre Patrick Kanner; invit\u00e9 de la matinale de Franceinfo; vid\u00e9o) :                                                                                                     http:\/\/www.dailymotion.com\/video\/x553giv_football-leaks-pour-patrick-kanner-les-joueurs-sont-coresponsables_news <\/p>\n<p>-&#8220;Bernard Cazeneuve est tr\u00e8s respect\u00e9 par les Fran\u00e7ais. Nous devons d\u00e9fendre le bilan de Fran\u00e7ois Hollande. Nous avons fait autre chose que la loi Travail et la d\u00e9ch\u00e9ance de nationalit\u00e9. Manuel Valls est constant, stable et s\u00fbr&#8221;  (La ministre Laurence Rossignol, interrog\u00e9e par Fr\u00e9d\u00e9ric; vid\u00e9o) :  http:\/\/www.rfi.fr\/video\/20161213-laurence-rossignol-bernard-cazeneuve-est-pas-eteindre-lumiere<\/p>\n<p>-&#8220;Pour moi, la seule personnalit\u00e9 qui a l&#8217;envergure d&#8217;un chef d&#8217;Etat, c&#8217;est Manuel Valls. Les autres, qu&#8217;ils se regardent en face, quand m\u00eame. Pourraient-ils devenir pr\u00e9sident de la R\u00e9publique ? A coup s\u00fbr, non&#8221; (Jack Lang, pr\u00e9sident de l&#8217;Institut du Monde arabe; face \u00e0 Caroline Roux; vid\u00e9o) :  http:\/\/www.france2.fr\/emissions\/telematin\/actu\/les-4-verites-jack-lang_532499<\/p>\n<p>-&#8220;Il y a de la d\u00e9sinvolture chez Vincent Peillon qui n&#8217;a pas pay\u00e9 ses cotisations au PS. Je n&#8217;entends pas ses propositions, son projet. Il a choisi d&#8217;\u00eatre le champion du bilan du quinquennat&#8221; (Fran\u00e7ois de Rugy, d\u00e9put\u00e9 \u00e9cologique de Loire-Atlantique, candidat \u00e0 la primaire; face \u00e0 Olivier Galzi; vid\u00e9o) :                                                                     http:\/\/www.itele.fr\/chroniques\/invite-galzi-jusqua-minuit\/linvite-politique-dolivier-galzi-du-13122016-172016<\/p>\n<p>-&#8220;Je ne me serais pas pr\u00e9sent\u00e9 si Fran\u00e7ois Hollande avait \u00e9t\u00e9 candidat. La primaire est un bon moyen de cr\u00e9er de l&#8217;unit\u00e9. La gauche peut gagner face \u00e0 Fran\u00e7ois Fillon et \u00e0 l&#8217;extr\u00eame-droite. Pas question d&#8217;accabler le quinquennat qui s&#8217;ach\u00e8ve. La France est le seul pays \u00e0 avoir gard\u00e9 sa protection sociale en baissant ses d\u00e9ficits publics. On ne peut pas gouverner un pays comme le n\u00f4tre avec une base politique \u00e9troite. Il faut du temps pour les r\u00e9formes, pour les conqu\u00eates, pour construire l&#8217;Europe aussi&#8221; (Vincent Peillon, candidat \u00e0 la primaire socialiste, \u00e9tait l&#8217;invit\u00e9 de la matinale de France Inter. Io a r\u00e9pondu aux questions de Patrick Cohen et des auditeurs; vid\u00e9os) :                                                                                   https:\/\/www.franceinter.fr\/emissions\/l-invite-de-8h20\/l-invite-de-8h20-13-decembre-2016<\/p>\n<p>-Il a lanc\u00e9 sa campagne \u00e0 Paris (vid\u00e9o) :     http:\/\/www.francetvinfo.fr\/politique\/ps\/primaire-a-gauche\/primaire-de-la-gauche-peillon-lance-sa-campagne-a-paris_1966907.html<\/p>\n<p>-&#8220;Manuel Valls est-il en train de gagner la bataille des soutiens ?&#8221; (Christophe Barbier; vid\u00e9o) :                                                                                                                                                              http:\/\/www.bfmtv.com\/mediaplayer\/video\/l-edito-de-christophe-barbier-manuel-valls-est-il-en-train-de-gagner-la-bataille-des-soutiens-894267.html<\/p>\n<p>-&#8220;La guerre des ralliements a commenc\u00e9. Peillon, c&#8217;est &#8220;Jospin revient&#8221; (S\u00e9bastien Denaja, d\u00e9put\u00e9 PS de l&#8217;H\u00e9rault, soutien de Vincent Peillon et Joseph Mac\u00e9-Scaron de &#8220;Marianne&#8221;; vid\u00e9o) :            http:\/\/www.bfmtv.com\/mediaplayer\/video\/primaire-a-gauche-la-guerre-des-ralliements-a-commence-894207.html<\/p>\n<p>-&#8220;Face \u00e0 face Fran\u00e7ois Kalfon, directeur de campagne d&#8217;Arnaud Montebourg\/Geoffroy Didier, conseiller r\u00e9gional LR, qui &#8220;prend acte de la capacit\u00e9 d&#8217;Emmanuel Macron \u00e0 faire bouger les lignes&#8221; ( son) : http:\/\/www.radioclassique.fr\/player\/progaction\/iniPlayer\/podcast\/2016-12-12-19-14-00.html                                                                                                       <\/p>\n<p>-&#8220;J&#8217;ai \u00e9t\u00e9 quelque peu choqu\u00e9e par l&#8217;emp\u00eachement de Fran\u00e7ois Hollande. Je propose de supprimer les mutuelles et d&#8217;augmenter le remboursement de 70 \u00e0 90%. Nous avons jou\u00e9 au pompier pyromane en Syrie&#8221; (Rama Yade, candidate \u00e0 la pr\u00e9sidence de la R\u00e9publique; invit\u00e9e de &#8220;Territoires d&#8217;Infos&#8221;; vid\u00e9o, amener le curseur sur 33:20) :                                                                                       http:\/\/www.sudradio.fr\/Politique\/L-interview-politique\/Rama-Yade-Nous-avons-joue-au-pompier-pyromane-en-Syrie<\/p>\n<p>-&#8220;L&#8217;\u00e9tat d&#8217;urgence sert \u00e0 mobiliser les Fran\u00e7ais, je voterai sa prolongation. Plus que jamais, Fran\u00e7ois Fillon veut sauver la S\u00e9curit\u00e9 sociale, mais pas sur le dos des Fran\u00e7ais. C&#8217;est l&#8217;ensemble S\u00e9curit\u00e9 sociale\/assurance compl\u00e9mentaire qui remboursera tous les m\u00e9dicaments&#8221; (J\u00e9r\u00f4me Chartier, porte-parole de Fran\u00e7ois Fillon, d\u00e9put\u00e9 LR du Val-d&#8217;Oise; face \u00e0 Jean-Jacques Bourdin; vid\u00e9o) :   http:\/\/www.bfmtv.com\/mediaplayer\/video\/jerome-chartier-face-a-jean-jacques-bourdin-en-direct-894277.html   <\/p>\n<p>-&#8220;Fran\u00e7ois Fillon revient \u00e0 la position gaulliste sur la S\u00e9curit\u00e9 sociale. M. Obama n&#8217;est pas innocent de la situation en Syrie depuis qu&#8217;il a laiss\u00e9 la main \u00e0 la Russie. Poutine veut en avoir fini avant l&#8217;entr\u00e9e en fonction  de Donald Trump pour nouer une relation nouvelle avec lui. Le match de la pr\u00e9sidentielle sera tr\u00e8s difficile. L&#8217;adversaire le plus dangereux, c&#8217;est Mme Le Pen&#8221; (Jean-Pierre Raffarin, s\u00e9nateur LR de la Vienne; face \u00e0 Jean-Pierre Elkabbach; vid\u00e9o) :                                                                                                                                                                                                                                          http:\/\/www.europe1.fr\/emissions\/l-interview-politique\/jean-pierre-raffarin-francois-fillon-revient-a-la-position-gaulliste-sur-la-securite-sociale-2925518  <\/p>\n<p>-&#8220;Je n&#8217;aurais pas accept\u00e9 que l&#8217;on touche \u00e0 la S\u00e9curit\u00e9 sociale. S\u00e9parer le petit risque du grand risque, cela date de 30 ans. Le petit risque mal soign\u00e9 devient un grand risque. Heureusement que le projet de Fran\u00e7ois Fillon va encore bouger&#8221; (Bernard Debr\u00e9, d\u00e9put\u00e9 LR de Paris, soutien &#8220;de la premi\u00e8re heure&#8221; du candidat de la droite, qui n&#8217;est pas \u00e0 la f\u00eate face \u00e0 Myriam Encaoua; vid\u00e9o) : http:\/\/www.itele.fr\/chroniques\/invite-michael-darmon\/linvite-de-myriam-encaoua-du-13122016-172008<\/p>\n<p>-&#8220;Je vote l&#8217;\u00e9tat d&#8217;urgence en demandant, dans certains quartiers, des perquisitions administratives syst\u00e9matiques pour \u00e9radiquer les trafics de drogue et d&#8217;armes. Pourquoi Fran\u00e7ois Fillon ne parle-t-il pas franchement sur l&#8217;assurance maladie ?&#8221; (Henri Guaino, d\u00e9put\u00e9 LR des Yvelines; invit\u00e9 de Laurence Ferrari; vid\u00e9o) :           http:\/\/www.itele.fr\/chroniques\/invite-politique-ferrari-tirs-croises\/linvite-de-laurence-ferrari-du-13122016-172013<\/p>\n<p>-&#8220;La S\u00e9curit\u00e9 sociale co\u00fbte moins cher en frais de gestion que des mutuelles. Fran\u00e7ois Fillon reste dans le flou. Il maintien le transfert d&#8217;une partie des risques sur les mutuelles et les assurances priv\u00e9es. On basculerait sur un syst\u00e8me \u00e0 l&#8217;am\u00e9ricaine&#8221; (Nicolas Dupont-Aignan, d\u00e9pit\u00e9 de l&#8217;Essonne; face \u00e0 Guillaume Durand; vid\u00e9o) : http:\/\/www.dailymotion.com\/video\/x5539ft<\/p>\n<p>-&#8220;Fillon ment. Tout porte \u00e0 croire que son ambition reste la m\u00eame&#8221; (Marine Le Pen) : https:\/\/www.publicsenat.fr\/article\/politique\/secu-marine-le-pen-accuse-fillon-de-mentir-51652<\/p>\n<p>-&#8220;Ce que Fran\u00e7ois Fillon propose, c&#8217;est l&#8217;embryon d&#8217;une s\u00e9curit\u00e9 sociale \u00e0 deux vitesses&#8221; (Bruno Roger-Petit; vid\u00e9o, amener le curseur sur 3:30) :                                                                          http:\/\/www.dailymotion.com\/video\/x5538z5_ce-que-francois-fillon-propose-c-est-l-embryon-d-une-securite-sociale-a-deux-vitesses-bruno-roger-p_news<\/p>\n<p>-&#8220;Il confie  la r\u00e9partition et le contr\u00f4le entre r\u00e9gimes compl\u00e9mentaire et obligatoire \u00e0 une agence, ce qui ne s&#8217;est jamais fait&#8221; (Claude Lepen, titulaire de la chaire sant\u00e9 de Dauphine; son) :            http:\/\/www.radioclassique.fr\/player\/progaction\/iniPlayer\/podcast\/linvite-du-matin-2016-12-13-07-57-06.html<\/p>\n<p><strong>-Fillon, &#8220;L&#8217;ins\u00e9curit\u00e9 sociale&#8221; (Laurent Joffrin) :<\/strong> http:\/\/www.liberation.fr\/france\/2016\/12\/12\/fillon-l-insecurite-sociale_1534851?xtor=EPR-450206&#038;utm_source<\/p>\n<p>-&#8220;Fillon n&#8217;avait pas vu venir la pol\u00e9mique. Le mot recul lui est interdit. Les attaques lui ont fait d&#8217;autant plus mal qu&#8217;elles venaient du camp Jupp\u00e9. Ce n&#8217;est qu&#8217;un d\u00e9but&#8221; (Guillaume Tabard du &#8220;Figaro&#8221;; son) : http:\/\/www.radioclassique.fr\/player\/progaction\/iniPlayer\/podcast\/ledito-politique-de-guillaume-tabard-2016-12-13-08-13-23.html<\/p>\n<p>-&#8220;Marine Le Pen cible Fillon et les d\u00e9\u00e7us du sarkozysme&#8221; (Alba Ventura; vid\u00e9o) : http:\/\/www.rtl.fr\/actu\/politique\/presidentielle-2017-marine-le-pen-cible-fillon-et-les-decus-du-sarkozysme-dit-alba-ventura-7786253974<\/p>\n<p><em>-L&#8217;importance que les Fran\u00e7ais accordent  au syst\u00e8me de sant\u00e9 pour l&#8217;\u00e9lection pr\u00e9sidentielle (HARRIS)<\/em> : http:\/\/harris-interactive.fr\/opinion_polls\/les-francais-et-la-presidentielle-de-2017-2\/<\/p>\n<p><em>-A la  retraite (HARRIS) <\/em> : http:\/\/harris-interactive.fr\/opinion_polls\/les-francais-et-les-retraites\/<\/p>\n<p><strong>EUROPE-MONDE<\/strong><\/p>\n<p><strong>-Les pays et territoires europ\u00e9ens dominent la liste &#8220;des pires paradis fiscaux&#8221; : <\/strong>                                                                                                                                                                               http:\/\/www.euractiv.fr\/section\/euro-finances\/news\/les-pays-et-territoires-europeens-dominent-la-liste-des-pires-paradis-fiscaux\/?nl_ref<\/p>\n<p>-&#8220;Une taxe carbone \u00e9lev\u00e9e permettrait de sortir de la stagnation&#8221; (l&#8217;\u00e9conomiste Xavier Timbeau de l&#8217;Observatoire fran\u00e7ais des conjonctures \u00e9conomiques; propos recueillis par Aline Robert) :  http:\/\/www.euractiv.fr\/section\/all\/interview\/xavier-timbeau-une-taxe-carbone-elevee-permettrait-de-sortir-de-la-stagnation\/?nl_ref<\/p>\n<p><strong>-&#8220;L&#8217;euro est une erreur&#8221; (Olivert Hart, prix Nobel d&#8217;\u00e9conomie 2016; cit\u00e9 par Carmen Rodriguez) :     <\/strong>                                                                                                                                                              http:\/\/www.euractiv.fr\/section\/euro-finances\/news\/economic-nobel-prize-winner-the-euro-was-a-mistake\/?nl_ref<\/p>\n<p>-&#8220;Le passe-droit d&#8217;Oettinger exasp\u00e8re le Parlement europ\u00e9en&#8221; (C\u00e9cile Barbi\u00e8re) :                                                                                                                                                                                   http:\/\/www.euractiv.fr\/section\/politique\/news\/le-passe-droit-doettinger-exaspere-le-parlement-europeen\/?nl_ref<\/p>\n<p>-Les eurod\u00e9put\u00e9s veulent une reconnaissance officielle du g\u00e9nocide des y\u00e9zidis (Georgi Gotev) :                                                                                                                                                              http:\/\/www.euractiv.fr\/section\/l-europe-dans-le-monde\/news\/meps-eu-should-recognise-isis-crimes-against-yazidi-as-genocide\/?nl_ref<\/p>\n<p>-&#8220;L&#8217;Union europ\u00e9enne ne sera jamais compl\u00e8te sans les Balkans occidentaux&#8221; (le commissaire europ\u00e9en autrichien \u00e0 l&#8217;\u00e9largissement Johannes Hahn; cit\u00e9 par Samuel Morgan) :                            http:\/\/www.euractiv.fr\/section\/l-europe-dans-le-monde\/news\/hahn-eu-will-never-be-complete-without-western-balkan-countries\/?nl_ref<\/p>\n<p>-L&#8217;Autriche veut stopper les n\u00e9gociations sur l&#8217;adh\u00e9sion de la Turquie (Herbert Vytiska) :                                                                                                                                                                                      http:\/\/www.euractiv.fr\/section\/l-europe-dans-le-monde\/news\/austrian-foreign-minister-moves-away-from-erdogan-towards-putin\/?nl_ref<\/p>\n<p>-Au Luxembourg, le proc\u00e8s en appel de deux lanceurs d&#8217;alertes fran\u00e7ais (Hughes Beaudoin; son) :                                                                                                                                   http:\/\/www.radioclassique.fr\/player\/progaction\/initPlayer\/podcast\/2016-12-12-19-08-00.html<\/p>\n<p><strong>-Le Royaume-Uni accueille au compte-gouttes les r\u00e9fugi\u00e9s mineurs (Juliette B\u00e9nabent) :     <\/strong>                                                                                                                                                                 http:\/\/www.telerama.fr\/monde\/mineurs-isoles-de-calais-le-royaume-uni-dit-stop-a-taize-l-angoisse-monte,151329.php#xto<\/p>\n<p><strong>-&#8220;Un million de r\u00e9fugi\u00e9s \u00e0 accueillir en Europe, ce n&#8217;est pas la fin du monde !&#8221; (Dimitris Christopoulos, pr\u00e9sident de la F\u00e9d\u00e9ration internationale des Droits de l&#8217;Homme&#8221; (vid\u00e9o) :<\/strong>                    http:\/\/nr.news-republic.com\/Web\/ArticleWeb.aspx?regionid=2&#038;articleid=79916009<\/p>\n<p>-&#8220;Alexis Tsipras tente de redresser sa popularit\u00e9&#8221; (Romaric Godin) : http:\/\/www.latribune.fr\/economie\/union-europeenne\/grece-alexis-tsipras-tente-de-redresser-sa-popularite-624047.html#xtor<\/p>\n<p><strong>-&#8220;Il est tr\u00e8s difficile d&#8217;imaginer que ce gouvernement italien aille jusqu&#8217;au bout&#8221; (Daniele Zapala; son) :    <\/strong>                                                                                                                               https:\/\/www.franceinter.fr\/emissions\/meridien-d-europe\/meridien-d-europe-13-decembre-2016<\/p>\n<p>-Des ind\u00e9pendantiste catalans d\u00e9chirent la photo du roi d&#8217;Espagne (vid\u00e9o) :  http:\/\/nr.news-republic.com\/Web\/ArticleWeb.aspx?regionid=2&#038;articleid=79954263<\/p>\n<p><strong>-L&#8217;\u00e9diteur en France de Asli Erdogan, la romanci\u00e8re et journaliste turque, emprisonn\u00e9e et qui risque de l&#8217;\u00eatre \u00e0 vie, \u00e9tait l&#8217;invit\u00e9 de L\u00e9a Salam\u00e9 (vid\u00e9os) :<\/strong> https:\/\/www.franceinter.fr\/emissions\/l-invite-de-7h50\/l-invite-de-7h50-13-decembre-2016<\/p>\n<p>-&#8220;Pr\u00e8s d&#8217;Alep, la Turquie en passe de s&#8217;emparer d&#8217;Al-Bab \u00e0 la suite d&#8217;un march\u00e9 pass\u00e9 avec Damas ?&#8221; (Luis Lema) :  https:\/\/www.letemps.ch\/monde\/2016\/12\/13\/pres-dalep-turquie-passe-semparer-dalbab?utm_source<\/p>\n<p>-&#8220;Trois d\u00e9put\u00e9s fran\u00e7ais voulaient de rendre \u00e0 Alep&#8221; (Thomas Legrand; vid\u00e9o) : http:\/\/www.dailymotion.com\/video\/x552xws_l-edito-politique-trois-deputes-francais-sont-a-la-frontiere-syro-turque_news<\/p>\n<p><strong>-Un accord sur l&#8217;\u00e9vacuation des civils (vid\u00e9o) : <\/strong> http:\/\/www.francetvinfo.fr\/monde\/revolte-en-syrie\/syrie-un-accord-pour-l-evacuation-d-alep-a-ete-scelle_1967673.html<\/p>\n<p>-Fran\u00e7ois Hollande d\u00e9nonce &#8220;les horreurs&#8221; du r\u00e9gime de Damas (vid\u00e9o) : http:\/\/nr.news-republic.com\/Web\/ArticleWeb.aspx?regionid=2&#038;articleid=79935203<\/p>\n<p><strong>-Sa d\u00e9claration conjointe avec Angela Merkel, \u00e0 l&#8217;occasion de la conf\u00e9rence num\u00e9rique (vid\u00e9o) :        <\/strong>                                                                                                                                           http:\/\/www.elysee.fr\/videos\/declaration-conjointe-a-la-conference-numerique-franco-allemande\/#content<\/p>\n<p>-Donald Trump nomme un g\u00e9ant du p\u00e9trole \u00e0 la t\u00eate de la diplomatie am\u00e9ricaine (vid\u00e9o) : http:\/\/www.francetvinfo.fr\/monde\/usa\/presidentielle\/donald-trump\/donald-trump-il-nomme-un-geant-du-petrole_1967667.html<\/p>\n<p>-&#8220;Le tropisme russe de M. Trump&#8221; (Bernard Guetta; son) : https:\/\/www.franceinter.fr\/emissions\/geopolitique\/geopolitique-13-decembre-2016<\/p>\n<p>-&#8220;Le cannabis pour relancer la croissance&#8221; (Pierre-Yves Geoffard, professeur \u00e0 l&#8217;Ecole d&#8217;\u00e9conomie de Paris) :                                                                                                                                     http:\/\/www.liberation.fr\/debats\/2016\/12\/12\/le-cannabis-pour-relancer-la-croissance_1534774?xtor<\/p>\n<p>-Au Etats-Unis, des saumons traversent une route inond\u00e9e (vid\u00e9o) : http:\/\/www.francetvinfo.fr\/animaux\/video-etats-unis-des-saumons-traversent-une-route-inondee_1966741.html<\/p>\n<p>-Les Cubains auront un acc\u00e8s plus rapide \u00e0 Google : http:\/\/www.latribune.fr\/technos-medias\/internet\/les-cubains-auront-un-acces-plus-rapide-a-google-624150.html#xtor<\/p>\n<p><strong>-Normalisation des relations entre l&#8217;Union europ\u00e9enne et Cuba (vid\u00e9o) : <\/strong> http:\/\/nr.news-republic.com\/Web\/ArticleWeb.aspx?regionid=2&#038;articleid=79924459<\/p>\n<p><strong>-&#8220;Les jeunes Sud-Cor\u00e9ens vivent une sorte de mai 68&#8221; (Pascal Dayez-Burgeon, sp\u00e9cialiste de la Cor\u00e9e; propos recueillis par Arnaud Vaulerin) :<\/strong>                                                                http:\/\/www.liberation.fr\/planete\/2016\/12\/13\/les-jeunes-sud-coreens-vivent-une-sorte-de-mai-68_1534724?xtor<\/p>\n<p>-&#8220;Le nombre des publications scientifiques chinoises sur le cancer explose&#8221; (Jean-Yves Paill\u00e9) :                                                                                                                                                                       http:\/\/www.latribune.fr\/entreprises-finance\/industrie\/chimie-pharmacie\/cancer-le-nombre-de-publications-scientifiques-chinoises-explose-mais-624056.html#xtor<\/p>\n<p>-&#8220;Le regain chr\u00e9tien dans le pays&#8221; (un reportage de Dominique Andr\u00e9; son) : https:\/\/www.franceinter.fr\/emissions\/grand-angle\/grand-angle-13-decembre-2016<\/p>\n<p><strong>-Dans le monde, 5 000 milliards de dollars d\u00e9sinvestis des \u00e9nergies fossiles depuis la COP 21 (Dominique Pialot) :  <\/strong>                                                                                                                   http:\/\/www.latribune.fr\/entreprises-finance\/industrie\/energie-environnement\/5-000-milliards-de-dollars-desinvestis-des-energies-fossiles-en-quinze-mois-624091.html<\/p>\n<p><strong>CULTURE-MEDIAS<\/strong><\/p>\n<p><strong>-&#8220;L&#8217;esprit d&#8217;insoumission, hier, aujourd&#8217;hui&#8221; (le sociologue et philosophe Edgar Morin; Leyla Dakhli, sp\u00e9cialiste du monde arabe contemporain; Dominique Cardon, sociologue; Gis\u00e8le Sapiro, directrice d&#8217;\u00e9tudes \u00e0 l&#8217;Ecole des hautes \u00e9tudes en sciences sociales; vid\u00e9o) <\/strong> :  https:\/\/www.dailymotion.com\/video\/x4dobdz_l-esprit-d-insoumission-hier-aujourd-hui_news<\/p>\n<p>-&#8220;Le succ\u00e8s consiste \u00e0 aller d&#8217;\u00e9chec en \u00e9chec sans perdre son enthousiasme&#8221; (Winston Churchill, cit\u00e9 par l&#8217;\u00e9conomiste Jean Pisani-Ferry, commissaire g\u00e9n\u00e9ral \u00e0 la strat\u00e9gie et \u00e0 la prospective, auteur de &#8220;A qui la faute ?&#8221; (invit\u00e9 des &#8220;Matins&#8221; de Guillaume Erner sur France Culture; sons) :                                                                                                                                                                    https:\/\/www.franceculture.fr\/emissions\/linvite-des-matins\/politiques-economiques-comment-eviter-les-erreurs#xtor                                                                                                                                     https:\/\/www.franceculture.fr\/emissions\/linvite-des-matins-2eme-partie\/politiques-economiques-comment-eviter-les-erreurs-2eme<\/p>\n<p><strong>-&#8220;L&#8217;in\u00e9galit\u00e9 chronique du syst\u00e8me \u00e9ducatif fran\u00e7ais&#8221; (Eric Charbonnier de l&#8217;OCDE; Nathalie Mons, professeur de sociologie \u00e0 l&#8217;universit\u00e9 de Paris-Pontoise et Marie Duru-Bella, sociologue de l&#8217;\u00e9ducation, professeur \u00e9m\u00e9rite de Sciences Po; invit\u00e9s de Louise Tourret; son) <\/strong> : https:\/\/www.franceculture.fr\/emissions\/rue-des-ecoles\/que-nous-apprend-pisa#xtor<\/p>\n<p><em>-Le volume 1 de l&#8217;enqu\u00eate PISA (document \u00e0 t\u00e9l\u00e9charger en fran\u00e7ais) : <\/em> http:\/\/www.oecd-ilibrary.org\/education\/resultats-du-pisa-2015-volume-i_9789264267534-fr<\/p>\n<p>-&#8220;Pourquoi Confucius m\u00e9rite-t-il notre attention ?&#8221; (Anne Cheng, titulaire de la chaire &#8220;Histoire intellectuelle de la Chine&#8221; au Coll\u00e8ge de France; entretien r\u00e9alis\u00e9 par Sophie B\u00e9cherel; vid\u00e9o) :           https:\/\/www.youtube.com\/watch?v=QyU9eGSv2VU<\/p>\n<p><strong>-Visitez Lascaux 4 comme si vous y \u00e9tiez (vid\u00e9o) :<\/strong>  :http:\/\/www.lemonde.fr\/culture\/article\/2016\/12\/13\/visitez-lascaux-4-comme-si-vous-y-etiez_5048312_3246.html#E8ofSrlcjhzM6qo2.99<\/p>\n<p><strong>-La plasticienne Annette Messager, laur\u00e9ate du &#8220;Prix Praemium Imp\u00e9riale 2016&#8221; \u00e9tait l&#8217;invit\u00e9e d&#8217;Augustin Trapenard (son) :<\/strong> https:\/\/www.franceinter.fr\/emissions\/boomerang\/boomerang-13-decembre-2016<\/p>\n<p>-&#8220;R\u00eaves d&#8217;Orient, mon mus\u00e9e id\u00e9al&#8221; (son auteur, le r\u00e9alisateur Serge Moati, invit\u00e9 de Dimitri Pavlenko; son) :                                                                                                                                         http:\/\/www.sudradio.fr\/Podcasts\/L-invite-pour-comprendre\/Serge-Moati-realisateur-journaliste-ecrivain<\/p>\n<p><strong>-&#8220;Patrick Dewaere est une figure de la f\u00ealure&#8221; (le romancier Enguerrand Gu\u00e9py qui, dans &#8220;Un Fauve&#8221;, rejoue le dernier jour de l&#8217;acteur qui s&#8217;est suicid\u00e9 le 16 juillet 1982; entretien r\u00e9alis\u00e9 par Tewfik Hakem; son) :<\/strong><br \/>\n https:\/\/www.franceculture.fr\/emissions\/paso-doble-le-grand-entretien-de-lactualite-culturelle\/enguerrand-guepy-patrick-dewaere#xtor<\/p>\n<p>-Jusqu&#8217;au 18 f\u00e9vrier 2017, au P\u00f4le Image de Rouen, l&#8217;exposition &#8220;Dublin, trilogie&#8221;, consacr\u00e9e au photographe irlandais Eamonn Doyle (Luc Desbenoit) :                                                                          http:\/\/www.telerama.fr\/scenes\/dublin-trilogie,151007.php#xtor<\/p>\n<p>-Jusqu&#8217;au 12 mars 2017, au M\u00e9morial de la Shoah \u00e0 Paris, &#8220;Le premier g\u00e9nocide du XXe si\u00e8cle en Namibie&#8221; (Raoul Mbog) :                                                                                                          http:\/\/www.telerama.fr\/scenes\/namibie-l-histoire-oubliee-du-premier-genocide-du-xxe-siecle,151330.php#xtor<\/p>\n<p>-Jusqu&#8217;au 15 janvier, \u00e0 la galerie Gl\u00e9nat \u00e0 Paris, une exposition consacr\u00e9e \u00e0 Mickey et \u00e0 ses dessinateurs de BD (Vincent Brunner) :                                                                                                      http:\/\/www.telerama.fr\/sortir\/mickey-revu-et-corrige-par-la-creme-des-dessinateurs-de-bd,151365.php#xtor<\/p>\n<p><strong>-&#8220;Le Japon comme si on y \u00e9tait et en remontant le temps&#8221; gr\u00e2ce \u00e0 Saxon (Julia Vergely; vid\u00e9os) :    <\/strong>                                                                                                                                                 http:\/\/www.telerama.fr\/medias\/fascinantes-deambulations-dans-le-tokyo-des-annees-90,151259.php#xtor                                                                                                                                    https:\/\/www.youtube.com\/channel\/UCBkPgZh2RASVMn_fHh0TvTQ<\/p>\n<p>-Les nominations aux &#8220;Golden Globes&#8221; s\u00e9ries 2017 (Pierre Langlais) :                                                                                                                                                                                                         http:\/\/www.telerama.fr\/series-tv\/golden-globes-2017-the-people-v-o-j-simpson-domine-les-nominations-cote-series,151366.php#xtor<\/p>\n<p>-Celles pour le cin\u00e9ma :   http:\/\/www.telerama.fr\/cinema\/nominations-des-golden-globes-2017-la-la-land-moolinght-et-les-francais-a-l-honneur,151331.php<\/p>\n<p><strong>-L&#8217;imitateur Micha\u00ebl Gr\u00e9gorio, invit\u00e9 de &#8220;Passion Classique&#8221; d&#8217;Olivier Bellamy (son) : <\/strong>                                                                                                                                                                            http:\/\/www.radioclassique.fr\/player\/progaction\/iniPlayer\/podcast\/pour-podcast-important-fcache-2016-12-12-18-02-46.html<\/p>\n<p>-Vendredi, il sera \u00e0 Bercy (vid\u00e9o) : https:\/\/www.youtube.com\/watch?v=NEcfbNPjr88<\/p>\n<p><strong>-Le grand retour du groupe de hip-hop &#8220;A Tribe Called Quest&#8221; (Rebecca Manzoni; vid\u00e9o)<\/strong> : https:\/\/www.franceinter.fr\/emissions\/pop-co\/pop-co-13-decembre-2016<\/p>\n<p><strong>-Aznavour (un documentaire de Marie Drucker; vid\u00e9o pendant 6 jours) : <\/strong>             http:\/\/pluzz.francetv.fr\/videos\/aznavour.html<\/p>\n<p>-Revoir ici les trois premiers \u00e9pisodes de la s\u00e9rie d&#8217;Arte &#8220;Cannabis&#8221; (vid\u00e9os) : http:\/\/www.telerama.fr\/series-tv\/regardez-en-replay-cannabis-sur-arte-7,151317.php#xtor<\/p>\n<p><strong>-&#8220;J&#8217;\u00e9coute les actus sur France Info pour mieux les d\u00e9tourner dans &#8220;Groland&#8221; (Moustic; propos recueillis par Carole Lefran\u00e7ois) : <\/strong>                                                                                                          http:\/\/www.telerama.fr\/radio\/moustic-j-ecoute-les-actus-sur-france-info-pour-mieux-les-detourner-dans-groland,150242.php#xtor<\/p>\n<p>-&#8220;Europe 1 demande \u00e0 Elkabbach de se taire un peu&#8221; (Aude Dassonville) : http:\/\/www.telerama.fr\/radio\/europe-1-demande-a-elkabbach-de-se-taire-un-peu,151327.php#xtor<\/p>\n<p>-Cinq de ses \u00e9changes m\u00e9morables au micro d&#8217;Europe 1 (vid\u00e9o) :                                                                                                                                                                                                     http:\/\/www.liberation.fr\/video\/2016\/12\/12\/jean-pierre-elkabbach-en-cinq-echanges-memorables-au-micro-d-europe-1_1534749?xtor     <\/p>\n<p>-&#8220;Apr\u00e8s Sarkozy et Hollande, retir\u00e9 de la vie politique&#8221; (J\u00e9r\u00f4me Lefilli\u00e2tre) :                                                                                                                                                                                           http:\/\/www.liberation.fr\/futurs\/2016\/12\/12\/europe-1-apres-sarkozy-et-hollande-elkabbach-retire-de-la-vie-politique_1534790?xtor<\/p>\n<p>-&#8220;Europe 1 va mal&#8221; (Marc Baudriller; son) : http:\/\/www.radioclassique.fr\/player\/progaction\/iniPlayer\/podcast\/la-vie-des-medias-2016-12-13-07-40-40.html<\/p>\n<p><strong>-&#8220;Taisez-vous, Elkabbach !&#8221; (Georges Marchais; vid\u00e9o) : <\/strong> http:\/\/www.dailymotion.com\/video\/xwywe_taisez-vous-elkabbach_news<\/p>\n<p>-&#8220;Un bulletin de vote &#8220;Andr\u00e9 Lajoinie&#8221;, c&#8217;est de la dynamite dans les mains des travailleurs pour vaincre la bourgeoisie et le capital&#8221; (vid\u00e9o de l&#8217;Ina) :                                                          http:\/\/www.dailymotion.com\/video\/xfcyjo_georges-marchais_news  <\/p>\n<p>-La une du &#8220;Canard encha\u00een\u00e9&#8221; : http:\/\/www.lecanardenchaine.fr\/la-une-du-14-decembre-2016\/                                      <\/p>\n<p>-&#8220;Pour se calmer, Emmanuel Macron va aller prendre un lait-grenadine&#8221; (Nicolas Canteloup; vid\u00e9o) :                                                                                                                                      http:\/\/www.europe1.fr\/emissions\/la-revue-de-presque\/pour-se-calmer-emmanuel-macron-va-aller-prendre-un-lait-grenadine-2924618<\/p>\n<p>-&#8220;Cassez la voooix ! Oui, c&#8217;est Patrick Bruel qui \u00e9crit mes discours&#8221; (vid\u00e9o) :                                                                                                                                                                                               http:\/\/www.europe1.fr\/emissions\/la-revue-de-presque\/emmanuel-macron-cassez-la-vooooix-oui-cest-patrick-bruel-qui-ecrit-mes-discours-2925524<\/p>\n<p><strong>-L&#8217;industrie pharmaceutique (Guillaume Meurice; vid\u00e9o) : <\/strong>                 http:\/\/www.dailymotion.com\/video\/x555ve3_l-industrie-pharmaceutique-le-moment-meurice_news <\/p>\n<p><strong>-&#8220;Les rhumes seront-ils rembours\u00e9s ? \u00c7a d\u00e9pend quel rhume&#8221; (Patrick Cohen; vid\u00e9o) <\/strong> : https:\/\/www.franceinter.fr\/emissions\/le-7h43\/le-7h43-13-decembre-2016<\/p>\n<p><strong>-&#8220;Des nouvelles de Jupp\u00e9, Sarkozy et &#8230;Elkabbach&#8221; (Charline Vanhoenacker; vid\u00e9o) : <\/strong> https:\/\/www.franceinter.fr\/emissions\/le-billet-de-charline-vanhoenacker\/le-billet-de-charline-vanhoenacker-13-decembre-2016 <\/p>\n<p><strong>-&#8220;Mais qui a tu\u00e9 le Parti socialiste ?&#8221; (Alex Vizorek; vid\u00e9o) :     <\/strong>                        https:\/\/www.franceinter.fr\/emissions\/le-billet-d-alex-vizorek\/le-billet-d-alex-vizorek-13-decembre-2016<\/p>\n","protected":false},"excerpt":{"rendered":"<p>LA REVUE INTERROMPT SA PARUTION JUSQU&#8217;AU DEBUT DU MOIS DE JANVIER. BONNES FETES. ACTUALITE -Gr\u00e8ve chez &#8220;Engie&#8221; hier, \u00e0 l&#8217;appel de la CGT (Jean-Christophe F\u00e9raud) : http:\/\/www.liberation.fr\/futurs\/2016\/12\/13\/la-cgt-met-la-pression-sur-la-nouvelle-patronne-d-engie_1534741?xtor -Le tact du syndicat (document) : http:\/\/mm1.cgt.fr\/fnme\/upload\/actualite\/document\/tractengie2016-1.pdf -&#8220;Avec sept r\u00e9acteurs relanc\u00e9s, EDF veut rassurer&#8221; : http:\/\/www.latribune.fr\/entreprises-finance\/industrie\/energie-environnement\/avec-sept-reacteurs-relances-edf-veut-rassurer-sur-son-parc-624153.html#xtor -&#8220;La S\u00e9curit\u00e9 sociale est un syst\u00e8me qui ne marche plus. Il faut [&hellip;]<\/p>\n","protected":false},"author":1042,"featured_media":0,"comment_status":"open","ping_status":"open","sticky":false,"template":"","format":"standard","meta":{"_themeisle_gutenberg_block_has_review":false,"footnotes":""},"categories":[151],"tags":[],"class_list":["post-10072","post","type-post","status-publish","format-standard","hentry","category-la-revue-de-presse-de-lulu"],"_links":{"self":[{"href":"https:\/\/archives.regards.fr\/index.php?rest_route=\/wp\/v2\/posts\/10072","targetHints":{"allow":["GET"]}}],"collection":[{"href":"https:\/\/archives.regards.fr\/index.php?rest_route=\/wp\/v2\/posts"}],"about":[{"href":"https:\/\/archives.regards.fr\/index.php?rest_route=\/wp\/v2\/types\/post"}],"author":[{"embeddable":true,"href":"https:\/\/archives.regards.fr\/index.php?rest_route=\/wp\/v2\/users\/1042"}],"replies":[{"embeddable":true,"href":"https:\/\/archives.regards.fr\/index.php?rest_route=%2Fwp%2Fv2%2Fcomments&post=10072"}],"version-history":[{"count":0,"href":"https:\/\/archives.regards.fr\/index.php?rest_route=\/wp\/v2\/posts\/10072\/revisions"}],"wp:attachment":[{"href":"https:\/\/archives.regards.fr\/index.php?rest_route=%2Fwp%2Fv2%2Fmedia&parent=10072"}],"wp:term":[{"taxonomy":"category","embeddable":true,"href":"https:\/\/archives.regards.fr\/index.php?rest_route=%2Fwp%2Fv2%2Fcategories&post=10072"},{"taxonomy":"post_tag","embeddable":true,"href":"https:\/\/archives.regards.fr\/index.php?rest_route=%2Fwp%2Fv2%2Ftags&post=10072"}],"curies":[{"name":"wp","href":"https:\/\/api.w.org\/{rel}","templated":true}]}}