{"id":10071,"date":"2016-12-13T06:41:03","date_gmt":"2016-12-13T05:41:03","guid":{"rendered":"https:\/\/wp.muchomaas.com\/article-la-revue-du-13-decembre-2016\/"},"modified":"2023-06-23T23:23:40","modified_gmt":"2023-06-23T21:23:40","slug":"article-la-revue-du-13-decembre-2016","status":"publish","type":"post","link":"https:\/\/archives.regards.fr\/?p=10071","title":{"rendered":"La Revue du 13 d\u00e9cembre 2016"},"content":{"rendered":"<strong>ACTUALITE<\/strong>\n\n<strong>-Discriminations \u00e0 l&#8217;embauche selon l&#8217;origine, &#8220;un testing&#8221; aux r\u00e9sultats  accablants (Jean-Christophe Chanut) :      <\/strong>                                                                        http:\/\/www.latribune.fr\/economie\/france\/discrimination-a-l-embauche-un-testing-aux-resultats-accablants-624051.html \n\n<em>-Les r\u00e9sultats rendus publics par le minist\u00e8re du Travail (document \u00e0 t\u00e9l\u00e9charger) : <\/em> http:\/\/dares.travail-emploi.gouv.fr\/dares-etudes-et-statistiques\/etudes-et-syntheses\/dares-analyses-dares-indicateurs-dares-resultats\/article\/discrimination-a-l-embauche-selon-l-origine-que-nous-apprend-le-testing-aupres\n\n-&#8220;Quand l&#8217;Etat fran\u00e7ais sabote le train&#8221; (Vincent Dumayrou) : http:\/\/www.monde-diplomatique.fr\/2016\/06\/DOUMAYROU\/55773\n\n-Les transports de demain et la mobilit\u00e9 durable (Claude Faucher, de l&#8217;UTP; son) : http:\/\/www.sudradio.fr\/Podcasts\/L-invite-pour-comprendre\/Claude-Faucher-delegue-general-de-l-UTP\n\n-&#8220;Le monde aura longtemps besoin de p\u00e9trole&#8221; (Patrick Pouyann\u00e9, PDG de Total; propos recueillis par Bruna Basini) :                                                            http:\/\/www.lejdd.fr\/Economie\/Le-PDG-de-Total-Le-monde-aura-besoin-longtemps-de-petrole-831424\n\n-&#8220;La comp\u00e9titivit\u00e9 de l&#8217;industrie fran\u00e7aise du m\u00e9dicament est menac\u00e9e&#8221; (Patrick Errard, pr\u00e9sident du Leem; face \u00e0 Nicolas Pierron; vid\u00e9o) :                                                                                    http:\/\/www.dailymotion.com\/video\/x550hm5_la-competitivite-de-l-industrie-francaise-est-menacee-patrick-errard-12-12-2016_news\n\n<strong>-De plus en plus de plateformes de financements participatifs pour les particuliers (Baptiste Gaborit; son) :    <\/strong>                                                                                                                             http:\/\/www.radioclassique.fr\/player\/progaction\/iniPlayer\/podcast\/3-minutes-pour-la-planete-2016-12-12-06-46-08.html\n\n-Aujourd&#8217;hui, l&#8217;\u00e9lection d&#8217;un pr\u00eatre \u00e0 la pr\u00e9sidence de l&#8217;universit\u00e9 de Strasbourg ? (Camille Stromboni) :                                                                                                                                                 http:\/\/www.lemonde.fr\/campus\/article\/2016\/12\/12\/a-strasbourg-un-pretre-a-la-tete-de-l-universite_5047224_4401467.html\n\n<strong>-&#8220;Il n&#8217;y a pas de justification m\u00e9dicale \u00e0 conserver du sang du cordon ombilical&#8221; (le g\u00e9n\u00e9ticien Axel Kahn; son) :  <\/strong>                                                                                                                                          http:\/\/www.rtl.fr\/actu\/societe-faits-divers\/conservation-du-sang-de-cordon-pas-de-justification-medicale-pour-axel-khan-7786242821\n\n<strong>-&#8220;L&#8217;affaire Paul Pogba&#8221; (Yann Philippin, journaliste \u00e0 Mediapart; face \u00e0 Dimitri Pavlenko; son) <\/strong> : http:\/\/www.sudradio.fr\/Podcasts\/L-invite-pour-comprendre\/Yann-Philippin-journaliste-a-Mediapart\n\n<strong>-Les footballeurs mineurs dans les mains de mercenaires&#8221; (une enqu\u00eate de Mediapart; pi\u00e8ce jointe);\n<\/strong>\n\n-Des migrants de Calais s&#8217;int\u00e8grent par le football (son) : http:\/\/www.sudradio.fr\/Podcasts\/Les-reportages-de-la-matinee\/Les-migrants-de-calais-s-integrent-grace-au-foot\n\n<strong>-&#8220;L&#8217;imam doit \u00eatre un vecteur de savoir, pas un donneur de le\u00e7ons&#8221; (Mohamed Bajrafil, imam de la mosqu\u00e9e d&#8217;Ivry-sur-Seine (94); interrog\u00e9 par Eric Delvaux; son) <\/strong> :                            https:\/\/www.franceinter.fr\/emissions\/l-invite-du-5-7\/l-invite-du-5-7-12-decembre-2016\n\n-Christine Lagarde devant la justice (Val\u00e9rie de Senneville) :                                                                                                                                                                                                                                    http:\/\/www.lesechos.fr\/politique-societe\/societe\/0211567708746-de-laffaire-tapie-au-proces-lagarde-les-dessous-dun-arbitrage-2049697.php#xtor\n\n<em>-L&#8217;ordonnance de renvoi (document) : <\/em> https:\/\/fr.scribd.com\/document\/332887792\/Ordonnance-de-renvoi-de-Christine-Lagarde-devant-la-CJR#from_embed\n\n-Ce que les juges lui reprochent (Dominique Verdeilhan; vid\u00e9o) :             http:\/\/www.francetvinfo.fr\/politique\/affaire\/bernard-tapie\/christine-lagarde-les-reproches-des-juges_1966107.html\n\n-Le point de vue de Cyrille Lach\u00e8vre, journaliste \u00e0 &#8220;L&#8217;Opinion&#8221;; interrog\u00e9 par Dimitri Pavlenko (son) : http:\/\/www.sudradio.fr\/Podcasts\/L-invite-pour-comprendre\/Cyrille-Lachevre-journaliste-a-l-Opinion\n\n-&#8220;Madame Lagarde a suivi tr\u00e8s pr\u00e9cis\u00e9ment les pr\u00e9conisations de son administration&#8221; (Me Patrick Maisonneuve, son avocat; interrog\u00e9 par Thomas Sotto; vid\u00e9o) :                                           http:\/\/www.europe1.fr\/emissions\/l-interview-verite\/patrick-maisonneuve-madame-lagarde-a-suivi-tres-precisement-les-preconisations-de-son-administration-2924621\n\n<strong>POLITIQUE<\/strong>\n\n<strong>-&#8220;M\u00e9lenchon continue sa route&#8221; (vid\u00e9o) : <\/strong> http:\/\/www.lci.fr\/politique\/presidentielle-2017-melenchon-continue-sa-route-2017062.html%3Ftype=content\n\n-Le N\u00b0 830 de &#8220;ReSPUBLICA&#8221;: http:\/\/www.gaucherepublicaine.org\/wp-content\/uploads\/lettres\/20161212_respublica-lettre-sommaire_lettre-830.htm\n\n-&#8220;Il y a une culture sexiste ambiante&#8221; (la ministre Laurence Rossignol; interrog\u00e9e par Myriam Escaoua; vid\u00e9o) :                                                                                                                                          http:\/\/www.itele.fr\/chroniques\/invite-michael-darmon\/femmes-indesirables-dans-des-lieux-publics-il-y-a-une-culture-sexiste-ambiante-estime-laurence-rossignol-171995\n\n-&#8220;Notre-Dame-des-Landes, c&#8217;est pour moi le combat entre le vieux monde et le nouveau monde. Le combat \u00e9colo pour nous r\u00e9concilier avec l&#8217;avenir&#8221; (Yannick Jadot, invit\u00e9 de &#8220;Bureau Politique&#8221; sur LCI (vid\u00e9o) : http:\/\/www.lci.fr\/replay\/replay-bureau-politique-du-dimanche-11-decembre-2016-avec-yannick-jadot-2016840.html\n\n-&#8220;La primaire ne doit pas \u00eatre un congr\u00e8s du PS. Emmanuel Macron n&#8217;est ni de gauche, ni de gauche&#8221; (la ministre Emmanuelle Cosse, face \u00e0 Laurence Ferrari; vid\u00e9o) : http:\/\/www.itele.fr\/chroniques\/invite-politique-ferrari-tirs-croises\/linvite-de-laurence-ferrari-du-12122016-172004\n\n<strong>-&#8220;Continuer le combat \u00e0 gauche&#8221; (Najat Vallaud-Belkacem qui soutient Manuel Valls) <\/strong> : http:\/\/tempsreel.nouvelobs.com\/politique\/presidentielle-2017-primaire-gauche\/20161212.OBS2534\/primaire-najat-vallaud-belkacem-soutient-manuel-valls.html\n\n-&#8220;Je ne suis pas l\u00e0 pour \u00e9teindre la lumi\u00e8re&#8221; (Bernard Cazeneuve, cit\u00e9 par David Revault d&#8217;Allonnes) : http:\/\/www.lejdd.fr\/Politique\/Bernard-Cazeneuve-Je-ne-suis-pas-la-pour-eteindre-la-lumiere-831421\n\n-&#8220;Je suis toujours content quand quelqu&#8217;un du camp progressiste fait venir du monde. Jusqu&#8217;au bout on demandera \u00e0 Emmanuel Macron et \u00e0 Jean-Luc M\u00e9lenchon de venir dans la primaire. Avec sa dynamique, le rassemblement s&#8217;op\u00e9rera&#8221; (Christophe Borgel, pr\u00e9sident du comit\u00e9 d&#8217;organisation de la primaire, face \u00e0 Olivier Galzi; vid\u00e9o) : http:\/\/www.itele.fr\/chroniques\/invite-galzi-jusqua-minuit\/linvite-politique-dolivier-galzi-du-12122016-172006\n\n-&#8220;Manuel Valls a une stature d&#8217;homme d&#8217;Etat. Les candidats ne disent jamais qu&#8217;ils ne veulent pas rassembler. Ce sont les contenus qu&#8217;il faut regarder&#8221; (la secr\u00e9taire d&#8217;Etat Pascale Boistard, invit\u00e9e de &#8220;Territoires d&#8217;Infos&#8221;; vid\u00e9o, amener le curseur sur 33:50) : http:\/\/www.sudradio.fr\/Politique\/L-interview-politique\/Pascale-Boistard-Manuel-Valls-a-la-stature-d-un-homme-d-Etat\n\n-&#8220;J&#8217;aurais aim\u00e9 savoir comment Emmanuel Macron a pay\u00e9 son meeting \u00e0 hauteur de 400 000 euros&#8221; (Aur\u00e9lie Filippetti, d\u00e9put\u00e9e PS, ancienne ministre de la Culture; face \u00e0 Guillaume Durand; vid\u00e9o) : http:\/\/www.dailymotion.com\/video\/x550i9q\n\n-&#8220;Macron me fait  penser un peu \u00e0 S\u00e9gol\u00e8ne Royale en 2005-2006&#8221; (Annick Lepetit, d\u00e9put\u00e9e PS de Paris; vid\u00e9o) :                                                                                                                                            http:\/\/www.lcp.fr\/la-politique-en-video\/lepetit-ps-macron-me-fait-penser-un-peu-segolene-royal-en-2005-2006\n\n-&#8220;Fran\u00e7ois Hollande laisse un vide qui n&#8217;est pas occup\u00e9 par Manuel Valls. Je suis pr\u00e9occup\u00e9e par le nombre de candidats. Vincent Peillon peut \u00eatre l&#8217;homme de la situation avec d&#8217;autres&#8221; (Elle \u00e9tait invit\u00e9e de &#8220;Politique Matin&#8221;, interrog\u00e9e par Brigitte Boucher; vid\u00e9o, amener le curseur sur  14:48) :                                                                                                                                                      http:\/\/www.lcp.fr\/emissions\/politique-matin\/279010-la-matinale-du-12-decembre-2016\n\n-&#8220;Vincent Peillon est-il un candidat anti-Valls ?&#8221; (en d\u00e9bat chez Ruth Elkrief; vid\u00e9o) : http:\/\/www.bfmtv.com\/mediaplayer\/video\/primaire-de-la-gauche-vincent-peillon-est-il-un-candidat-anti-valls-894177.html\n\n-&#8220;Je souhaite me prononcer pour le candidat qui sera le plus constructif sur le plan europ\u00e9en. \u00c7a doit \u00eatre un r\u00e9f\u00e9rendum pour l&#8217;Europe cette \u00e9lection pr\u00e9sidentielle. Emmanuel Macron incarne une offre politique \u00e0 laquelle il faut \u00eatre attentif. Prendre position dans une primaire, ce n&#8217;est pas mon r\u00f4le, je ne le ferai pas. De la sympathie,  j&#8217;en ai beaucoup pour Vincent Peillon&#8221; (Pierre Moscovici, commissaire europ\u00e9en PS, invit\u00e9 de la matinale de Franceinfo; vid\u00e9o) :                                                                                                                                                                                                 http:\/\/www.dailymotion.com\/video\/x550pcf_meeting-d-emmanuel-macron-il-ne-faut-pas-faire-du-patrick-bruel-pour-pierre-moscovici_news\n\n<strong>-&#8220;Une primaire \u00e0 la t\u00eate du client&#8221; (Fran\u00e7ois Vidal; vid\u00e9o) : <\/strong> https:\/\/www.publicsenat.fr\/article\/politique\/larrouturou-faudot-et-nadot-denoncent-une-primaire-a-la-gueule-du-client-51197\n\n-&#8220;Une \u00e9pid\u00e9mie chez les anciens ministres de Fran\u00e7ois Hollande&#8221; (David Revault d&#8217;Allonnes; vid\u00e9o) : http:\/\/www.dailymotion.com\/video\/x54qbh9_primaire-de-la-gauche-les-anciens-ministres-de-francois-hollande-se-rebellent_news\n\n-&#8220;Il y a beaucoup de coqs dans le poulailler&#8221; (Alba Ventura; vid\u00e9o):                                                                                                                                                                                                                      http:\/\/www.rtl.fr\/actu\/politique\/primaire-de-la-gauche-il-y-a-beaucoup-de-coqs-dans-le-poulailler-constate-alba-ventura-7786238380\n\n-&#8220;On essaye d&#8217;agir contre tous les leviers de la pollution. Nous demandons une \u00e9cotaxe pour les camions en transit. Nous avons un engagement du Stif pour l&#8217;arr\u00eat des bus diesel en 2025 sur la partie urbaine de la r\u00e9gion. J&#8217;ai peur de la s\u00e9lection par l&#8217;argent pour le remplacement des voitures&#8221; (Val\u00e9rie P\u00e9cresse, pr\u00e9sidence LR de la r\u00e9gion Ile-de-France; face \u00e0 Jean-Jacques Bourdin; vid\u00e9o) :          http:\/\/www.bfmtv.com\/mediaplayer\/video\/valerie-pecresse-face-a-jean-jacques-bourdin-en-direct-893903.html\n\n-&#8220;J&#8217;ai environ 300 parrainages. J&#8217;ai pris le parti de rencontres dans les campagnes&#8221; (Rama Yade, interrog\u00e9e par Jean-Jacques Bourdin; vid\u00e9o) : http:\/\/rmc.bfmtv.com\/mediaplayer\/video\/rama-yade-j-ai-environ-300-parrainages-893885.html\n\n-&#8220;Nous voulons clairement porter l&#8217;alternance avec comme candidat Fran\u00e7ois Fillon. Les choses sont sur le bon chemin. Changer sera difficile dans un pays o\u00f9 1 Fran\u00e7ais sur 6 ou 7 refuse l&#8217;\u00e9conomie de march\u00e9&#8221; (Herv\u00e9 Morin, pr\u00e9sident UDI de la r\u00e9gion Normandie; face \u00e0 Guillaume Durand; son) :                                                                                                                                                   http:\/\/www.radioclassique.fr\/player\/progaction\/iniPlayer\/podcast\/linvite-du-matin-2016-12-12-07-49-25.html\n\n-&#8220;Turbulences chez les centristes de l&#8217;UDI&#8221; (vid\u00e9o) : http:\/\/www.lcp.fr\/la-politique-en-video\/2017-turbulences-chez-les-centristes-de-ludi\n\n<strong>-&#8220;Ce que je veux pour la S\u00e9curit\u00e9 sociale&#8221; (Fran\u00e7ois Fillon dan &#8220;Le Figaro&#8221; :<\/strong>  http:\/\/www.lefigaro.fr\/vox\/politique\/2016\/12\/12\/31001-20161212ARTFIG00258-francois-fillon-ce-que-je-veux-pour-la-securite-sociale.php\n\n<strong>-&#8220;Emmanuel Macron est une start-up politique. Il peut bousculer Le Pen et Fillon. Le combat de la pr\u00e9sidentielle n&#8217;a rien \u00e0 voir avec le combat des primaires. Il faut convaincre au-del\u00e0 de la droite et adopter une strat\u00e9gie d&#8217;ouverture la plus englobante possible. L&#8217;Etat est tr\u00e8s important. Il faut en avoir une vision modernisatrice, mais il ne faut surtout pas le mettre en danger&#8221; (Dominique de Villepin, invit\u00e9 de la matinale de RTL. Il r\u00e9pondait aux questions d&#8217;Elizabeth Martichoux; vid\u00e9os) :  <\/strong>                                                                                                                         http:\/\/www.rtl.fr\/actu\/politique\/presidentielle-2017-l-avertissement-de-dominique-de-villepin-a-la-droite-francois-fillon-7786238807\n\n-&#8220;Il est comme Thomas Pesquet en orbite&#8221; (Nicolas Domenach; vid\u00e9o) : http:\/\/www.rtl.fr\/actu\/politique\/emmanuel-macron-est-comme-thomas-pesquet-en-orbite-selon-nicolas-domenach-7786238993\n\n-&#8220;Est-il une bulle ?&#8221; (Thomas Legrand; son) : https:\/\/www.franceinter.fr\/emissions\/l-edito-politique\/l-edito-politique-12-decembre-2016\n\n-&#8220;Il se passe quelque chose d&#8217;important, d&#8217;in\u00e9dit autour d&#8217;Emmanuel Macron. Il a r\u00e9ussi le plus gros meeting, 5 \u00e0 6 fois plus important que celui du PS. Pour l&#8217;heure, le candidat du PS \u00e9tant donn\u00e9 en troisi\u00e8me position derri\u00e8re Macron et M\u00e9lenchon, il pourrait bien se voir attribuer le r\u00f4le de diviseur&#8221; (Guillaume Tabard du &#8220;Figaro&#8221;; son) :                                                                                        http:\/\/www.radioclassique.fr\/player\/progaction\/iniPlayer\/podcast\/ledito-politique-de-guillaume-tabard-2016-12-12-08-14-25.html\n\n-&#8220;Le meeting de Macron \u00e9tait burlesque. Cela me va tr\u00e8s bien la social-d\u00e9mocratie lib\u00e9rale. Avec Jean-Luc M\u00e9lenchon, ils sont en train de d\u00e9vorer le PS. Le vrai danger aujourd&#8217;hui pour Fran\u00e7ois Fillon, c&#8217;est Marine Le Pen. Cela fait trois mandats pr\u00e9sidentiels en France o\u00f9 il ne se passe rien&#8221; (Luc Ferry, ancien ministre LR de l&#8217;Education nationale; vid\u00e9o) :                                                                    http:\/\/www.dailymotion.com\/video\/x550jfz_cela-fait-trois-mandats-presidentiels-en-france-ou-il-ne-se-passe-rien-luc-ferry-12-12-2016_news\n\n<strong>-&#8220;Fran\u00e7ois Fillon fait la synth\u00e8se des diff\u00e9rentes sensibilit\u00e9s de la droite&#8221; (son porte-parole J\u00e9r\u00f4me Chartier, d\u00e9put\u00e9 LR des Hauts-de-Seine; face \u00e0 L\u00e9a Salam\u00e9; vid\u00e9o) : <\/strong>                      https:\/\/www.franceinter.fr\/emissions\/l-invite-de-7h50\/l-invite-de-7h50-12-decembre-2016\n\n-Mich\u00e8le Alliot-Marie explique pourquoi elle est candidate \u00e0 l&#8217;\u00e9lection pr\u00e9sidentielle (face \u00e0 Fran\u00e7ois-Xavier M\u00e9nage; vid\u00e9o) :                                                  http:\/\/www.lci.fr\/politique\/l-integrale-des-explications-de-michele-alliot-marie-sur-sa-candidature-a-l-election-presidentielle-2016950.html%3Ftype=content\n\n-&#8220;Le programme de Fillon est un contresens \u00e9conomique et social&#8221; (Nicolas Dupont-Aignan, d\u00e9put\u00e9 de l&#8217;Essonne, candidat \u00e0 l&#8217;\u00e9lection pr\u00e9sidentielle; face \u00e0 Fr\u00e9d\u00e9ric Rivi\u00e8re; vid\u00e9o) :             http:\/\/www.rfi.fr\/video\/20161212-nicolas-dupont-aignan-candidat-le-programme-fillon-est-contresens-economique-social\n\n<strong>-&#8220;Fillon a probablement le programme le plus s\u00e9v\u00e8re qui n&#8217;ai jamais \u00e9t\u00e9 propos\u00e9 par un candidat \u00e0 l&#8217;\u00e9lection pr\u00e9sidentiel depuis 1958. Quand les Fran\u00e7ais ont pris le temps de le lire, c&#8217;est l&#8217;anxi\u00e9t\u00e9 qui l&#8217;a emport\u00e9&#8221; (Alain Duhamel; vid\u00e9o) : <\/strong> http:\/\/www.rtl.fr\/actu\/politique\/fillon-a-le-programme-le-plus-severe-propose-par-un-candidat-depuis-1958-7786207191\n\n-&#8220;On est tous derri\u00e8re Marine Le Pen. Ceux qui ont des \u00e9tats d&#8217;\u00e2me, je leur conseille de les garder pour eux. Le programme de Marine Le Pen n&#8217;est pas tout \u00e0 fait celui du FN. Je ne joue jamais le coup d&#8217;apr\u00e8s. S&#8217;ils sont clandestins, c&#8217;est qu&#8217;ils ont viol\u00e9 la loi. M. Fillon a disparu depuis la primaire et il a fait exploser le centre. Pour moi, c&#8217;est un excellent candidat&#8221; (Louis Aliot, vice-pr\u00e9sident du FN; face \u00e0 Caroline Roux; vid\u00e9o) : http:\/\/www.francetvinfo.fr\/politique\/francois-fillon\/4-verites-fillon-est-un-excellent-candidat-estime-aliot-fn_1965463.html\n\n-&#8220;Que sur des sujets de soci\u00e9t\u00e9, il puisse y avoir des nuances, c&#8217;est la vie. S&#8217;il n&#8217;y en avait pas, vous nous accuseriez d&#8217;\u00eatre une caserne&#8221; (S\u00e9bastien Chenu, d\u00e9l\u00e9gu\u00e9 national du rassemblement &#8220;Bleu Marine; face \u00e0 Brigitte Boucher; vid\u00e9o, amener le curseur sur 30:18) : http:\/\/www.lcp.fr\/emissions\/politique-matin\/279010-la-matinale-du-12-decembre-2016\n\n-&#8220;Macron est la synth\u00e8se de l&#8217;UMPS. Il fait la jointure entre Fillon et Valls&#8221; (Nicolas Bay, secr\u00e9taire g\u00e9n\u00e9ral du FN; face \u00e0 C\u00e9cile Cornudet; vid\u00e9o) : http:\/\/videos.lesechos.fr\/lesechos\/invite-des-echos\/n-bay-secretaire-general-du-fn-macron-est-la-synthese-de-lumps\/83p0qz\n\n-&#8220;Maintenant, il y a le feu au FN !&#8221; (Yves Thr\u00e9ard du &#8220;Figaro&#8221;; vid\u00e9o) : http:\/\/www.europe1.fr\/emissions\/ledito-politique-dyves-threard\/maintenant-il-y-a-le-feu-au-fn-2924462\n\n<em>-Les grands enjeux de l&#8217;\u00e9lection pr\u00e9sidentielle de 2017 (HARRIS) :   <\/em>                                                                                                                                                                                                                          http:\/\/harris-interactive.fr\/opinion_polls\/harris-interactive-et-lcp-assemblee-nationale-interrogent-chaque-mois-les-francais-sur-les-grands-enjeux-de-lelection-presidentielle-de-2017\/\n\n<strong>EUROPE-MONDE<\/strong>\n\n<strong>-Attention, la rencontre initialement pr\u00e9vue ce soir autour du livre de Bruno Odent &#8220;Europe, \u00e9tat d&#8217;urgence&#8221;, est report\u00e9e en janvier.\n<\/strong>\n\n<strong>-Demain mercredi, toujours \u00e0 l&#8217;initiative de la Fondation Gabriel P\u00e9ri, une audition de l&#8217;\u00e9conomiste Bernard Dr\u00e9ano, dans le cadre du s\u00e9minaire &#8220;Construire la paix, d\u00e9construire la guerre&#8221; (pi\u00e8ce jointe);<\/strong>\n\n<strong>-7 pays, dont la France, lancent un appel pour r\u00e9former le statut des travailleurs d\u00e9tach\u00e9s (vid\u00e9os) : <\/strong> http:\/\/www.francetvinfo.fr\/monde\/europe\/travailleurs-detaches\/travailleurs-detaches-sept-pays-europeens-souhaitent-lutter-contre-le-dumping-social_1966115.html\n\n-&#8220;Les \u00e9missions de m\u00e9thane progressent myst\u00e9rieusement&#8221; (Aline Robert) :                                                                                                                                                                                    http:\/\/www.euractiv.fr\/section\/climat-environnement\/news\/les-emissions-de-methane-progressent-mysterieusement\/\n\n-La Commission europ\u00e9enne veut rassurer Washington et Ottawa sur les perturbateurs endocriniens (James Crisp) :                                                                                                                  http:\/\/www.euractiv.fr\/section\/sante-modes-de-vie\/news\/new-endocrine-disruptor-rules-address-your-trade-concerns-eu-tells-us-canada\/\n\n<strong>-&#8220;Le syst\u00e8me actuel permet d&#8217;imposer des prix \u00e9lev\u00e9s pour les m\u00e9dicaments. Pendant sa pr\u00e9sidence, Malte compte d\u00e9fendre un syst\u00e8me d&#8217;achat r\u00e9gional des m\u00e9dicaments en Europe&#8221; (Chris Fearne, ministre de la Sant\u00e9 de Malte; propos recueillis par Sarantis Michalopoulos) :  <\/strong>                                                                                                                                                                     http:\/\/www.euractiv.fr\/section\/sante-modes-de-vie\/interview\/health-minister-drugs-pricing-will-top-maltas-eu-presidency\/\n\n<strong>-&#8220;En M\u00e9diterran\u00e9e, les canots de la mort&#8221; (Etienne Dubuis) : <\/strong> https:\/\/www.letemps.ch\/monde\/2016\/12\/11\/mediterranee-canots-mort?utm_source\n\n-L&#8217;Union europ\u00e9enne et le Mali s&#8217;accordent sur la r\u00e9admission des migrants : http:\/\/www.euractiv.fr\/section\/l-europe-dans-le-monde\/news\/lue-et-le-mali-saccordent-sur-la-readmission-des-migrants\/\n\n-&#8220;Paolo Gentiloni est la photocopie perdante de Matteo Renzi&#8221; : http:\/\/www.euractiv.fr\/section\/politique\/news\/paolo-gentiloni-remplace-renzi-a-la-tete-de-litalie\/\n\n-&#8220;Apr\u00e8s le Brexit, McDonald&#8217;s transf\u00e8re son si\u00e8ge fiscal \u00e0 Londres&#8221; (Fran\u00e7ois Lenglet; vid\u00e9o) : http:\/\/www.rtl.fr\/actu\/international\/mcdonald-s-transfere-son-siege-fiscal-a-londres-7786238776\n\n-&#8220;Le m\u00e9li-m\u00e9lo du Brexit&#8221; (Philip Turle; son ) : https:\/\/www.franceinter.fr\/emissions\/meridien-d-europe\/meridien-d-europe-12-decembre-2016\n\n-Les Ukrainiens voyageront en Europe sans visa (S\u00e9bastien Gobert) : http:\/\/www.euractiv.fr\/section\/europe-de-l-est\/news\/les-ukrainiens-voyageront-en-europe-sans-visa\/\n\n-En Mac\u00e9doine, les deux camps revendiquent la victoire aux \u00e9lections l\u00e9gislatives anticip\u00e9es ( Beno\u00eet Vitkine) :                                                                                                                                        http:\/\/www.lemonde.fr\/europe\/article\/2016\/12\/12\/en-macedoine-la-droite-au-pouvoir-assure-avoir-gagne-les-elections-legislatives_5047196_3214.html\n\n-&#8220;Un groupe arm\u00e9 kurde, li\u00e9 au PKK, a revendiqu\u00e9 le double attentat d&#8217;Istanbul&#8221; (vid\u00e9o) :                                                                                                                                                                                         http:\/\/www.lemonde.fr\/europe\/article\/2016\/12\/11\/ce-que-l-on-sait-du-double-attentat-du-quartier-de-besiktas-a-istanbul_5047021_3214.html\n\n-En Syrie, l&#8217;organisation Etat islamique a repris le contr\u00f4le de Palmyre (vid\u00e9os) :                                                                                                                                                                                      http:\/\/www.lemonde.fr\/syrie\/article\/2016\/12\/11\/intenses-bombardements-russes-a-palmyre-apres-une-offensive-de-l-organisation-etat-islamique_5047075_1618247.html                                                              http:\/\/www.francetvinfo.fr\/monde\/proche-orient\/offensive-jihadiste-en-irak\/syrie-le-groupe-etat-islamique-a-repris-palmyre_1966123.html\n\n<strong>-&#8220;Alep, ce tombeau de l&#8217;ONU&#8221; (le docteur Rapha\u00ebl Pitti, de retour d&#8217;une mission en Syrie et Jean-Pierre Filiu, professeur \u00e0 Sciences Po, \u00e9taient les invit\u00e9s de la matinale de France Inter. Ils r\u00e9pondaient aux questions de Patrick Cohen; vid\u00e9os) : <\/strong> https:\/\/www.franceinter.fr\/emissions\/l-invite-de-8h20\/l-invite-de-8h20-12-decembre-2016\n\n<strong>-Ils ont r\u00e9pondu aux questions des auditeurs (vid\u00e9o) : <\/strong> http:\/\/www.dailymotion.com\/video\/x550fwd_dr-raphael-pitti-et-jean-pierre-filiu-repondent-aux-questions-des-auditeurs-de-france-inter_news\n\n-&#8220;Nous allons en Syrie pour des raisons humanitaires&#8221; (C\u00e9cile Duflot et Herv\u00e9 Mariton; vid\u00e9o) :                                                                                                                                                          http:\/\/www.bfmtv.com\/mediaplayer\/video\/mariton-et-duflot-expliquent-pourquoi-ils-se-rendent-en-syrie-893877.html\n\n-&#8220;Les le\u00e7ons d&#8217;Alep&#8221; (en d\u00e9bat chez Olivier Galzi sur i-T\u00e9l\u00e9; vid\u00e9o) :                  http:\/\/www.itele.fr\/chroniques\/grand-decryptage-olivier-galzi\/le-grand-decryptage-du-12122016-172007\n\n-Le journaliste alg\u00e9rien Mohamed Tamalt meurt en prison (Charlotte Bazonnet) : http:\/\/www.lemonde.fr\/afrique\/article\/2016\/12\/11\/en-algerie-mort-d-un-journaliste-en-detention_5047159_3212.html\n\n-Arnaud Montebourg en visite en Alg\u00e9rie (vid\u00e9o) : http:\/\/nr.news-republic.com\/Web\/ArticleWeb.aspx?regionid=2&#038;articleid=79892923\n\n<strong>-&#8220;L&#8217;Alg\u00e9rie est un p\u00f4le de stabilit\u00e9. Le pays est apais\u00e9. La principale r\u00e9ponse au terrorisme, c&#8217;est l&#8217;unit\u00e9 nationale&#8221; (A son retour chez Ruth Elkrief (vid\u00e9o) : <\/strong> http:\/\/www.bfmtv.com\/mediaplayer\/video\/arnaud-montebourg-face-a-ruth-elkrief-894185.html\n\n<strong>-Au Nig\u00e9ria, des fillettes utilis\u00e9es comme kamikazes (vid\u00e9o) :    <\/strong>               http:\/\/www.francetvinfo.fr\/replay-jt\/france-2\/20-heures\/nigeria-des-fillettes-kamikazes_1966119.html\n\n-Donald Trump menace de ne plus reconna\u00eetre &#8220;une Chine unique&#8221; (vid\u00e9o) :                                                                                                                                                                                            http:\/\/www.lemonde.fr\/elections-americaines\/article\/2016\/12\/11\/donald-trump-menace-de-ne-plus-reconnaitre-une-chine-unique_5047146_829254.html\n\n-&#8220;Son poker chinois&#8221; (Bernard Guetta; son) : https:\/\/www.franceinter.fr\/emissions\/geopolitique\/geopolitique-12-decembre-2016\n\n-&#8220;Il a choisi l&#8217;homme qui construira son mur&#8221; (Val\u00e9rie de Graffenried) :                   https:\/\/www.letemps.ch\/monde\/2016\/12\/12\/donald-trump-choisi-lhomme-construira-mur?utm_source \n\n<strong>-&#8220;Fidel Castro et la r\u00e9pression contre les intellectuels&#8221; (Ignacio Ramonet) : <\/strong> https:\/\/www.legrandsoir.info\/fidel-castro-et-la-repression-contre-les-intellectuels.html\n\n-&#8220;S\u00e9gol\u00e8ne Royal est un miroir qui a cess\u00e9 de r\u00e9fl\u00e9chir&#8221; (Rapha\u00ebl Enthoven; vid\u00e9o) : http:\/\/www.europe1.fr\/emissions\/la-morale-de-linfo\/segolene-royal-cest-un-miroir-qui-a-cesse-de-reflechir-2921810\n\n<strong>-La Chine ouvre des usines aux Etats-Unis (vid\u00e9o) :     <\/strong>                                  http:\/\/www.francetvinfo.fr\/replay-radio\/patron-chef-d-entreprise\/etats-unis-la-chine-ouvre-des-usines_1966093.html\n\n<strong>-168 millions d&#8217;enfants au travail dans le monde (Yolaine de la Bigne; son) : <\/strong> http:\/\/www.sudradio.fr\/Podcasts\/Quelle-epoque-ethique\/168-millions-d-enfants-au-travail-dans-le-monde\n\n-&#8220;La d\u00e9forestation favorise l&#8217;\u00e9mergence de nouvelles maladies infectieuses&#8221; (\u00e9tude \u00e0 t\u00e9l\u00e9charger) :                                                                                                                                                              http:\/\/www.ird.fr\/toute-l-actualite\/actualites\/communiques-et-dossiers-de-presse\/cp-2016\/la-deforestation-favorise-l-emergence-de-nouvelles-maladies-infectieuses\n\n<strong>CULTURE-MEDIAS<\/strong>\n\n-Jusqu&#8217;au 2 avril 2017, au Mus\u00e9e du Quai Branly \u00e0 Paris, une exposition consacr\u00e9e au d\u00e9tournement, en Afrique, d&#8217;objets chr\u00e9tiens de leur destination initiale (Raoul Mbog) :                     http:\/\/www.telerama.fr\/sortir\/du-jourdain-au-congo-detourner-l-art-chretien-pour-resister-au-colonialisme,151240.php#xtor\n\n-Jusqu&#8217;au 29 janvier 2017, au Mus\u00e9e d&#8217;Art et d&#8217;Histoire du juda\u00efsme \u00e0 Paris, une exposition consacr\u00e9e au peintre autrichien Arnold Sch\u00f6nberg (Philippe Lan\u00e7on) :                                            http:\/\/next.liberation.fr\/arts\/2016\/12\/11\/arnold-schonberg-maitre-d-ames_1534561?xtor\n\n<strong>-&#8220;D\u00e9marche d&#8217;un po\u00e8te&#8221; au Mus\u00e9e Jean Cocteau de Menton (Chrystel Chabert; vid\u00e9o) :     <\/strong>                                                                                                                                                     http:\/\/culturebox.francetvinfo.fr\/arts\/peinture\/jean-cocteau-a-menton-du-poete-reconnu-a-l-artiste-incompris-249917\n\n<strong>&#8220;Entretien avec Val\u00e8re Staraselski&#8221; (Vincent Ferrier) <\/strong> :http:\/\/culturellementvotre.fr\/2016\/12\/04\/critique-entretien-avec-valere-staraselski-vincent-ferrier\/\n\n<strong>-Invit\u00e9s par l&#8217;Op\u00e9ra de Paris, 500 enfants d\u00e9favoris\u00e9s ou malades ont d\u00e9couvert le &#8220;Lac des Cygnes&#8221; (vid\u00e9o) :  <\/strong>                                                                                                                                               http:\/\/culturebox.francetvinfo.fr\/danse\/danse-classique\/l-opera-de-paris-invite-500-enfants-defavorises-a-decouvrir-le-lac-des-cygnes-250037\n\n<strong>-Cam\u00e9lia Jordana et Ga\u00ebl Faure dans un &#8220;concert \u00e0 la bougie&#8221; (vid\u00e9o) : <\/strong> http:\/\/culturebox.francetvinfo.fr\/musique\/chanson-francaise\/camelia-jordana-et-gael-faure-concert-a-la-bougie-248543\n\n-&#8220;Non,non,non&#8221;, le premier tube de Cam\u00e9lia Jordana (vid\u00e9o) : https:\/\/www.youtube.com\/watch?v=JswOaaE9X-I\n\n-Retrouver le groupe &#8220;Morphine&#8221; avec Laurent Rigoulet (son) : http:\/\/www.telerama.fr\/musique\/morphine-sans-moderation,151189.php#xtor\n\n<strong>-Chansons de No\u00ebl (Rebecca Manzoni; vid\u00e9o) : <\/strong> https:\/\/www.franceinter.fr\/emissions\/pop-co\/pop-co-12-decembre-2016\n\n-Le d\u00e9c\u00e8s d&#8217;Esma Redzepova, la reine des gitans (vid\u00e9os) :                                                                                                                                                                                                    http:\/\/culturebox.francetvinfo.fr\/musique\/musiques-du-monde\/deces-d-esma-redzepova-la-reine-des-gitans-250027  \n\n-&#8220;Dix films qui donnent envie de se remarier (ou pas)&#8221; (Guillemette Odicino) :                                                                                                                                                                                       http:\/\/www.telerama.fr\/cinema\/dix-films-qui-donnent-envie-de-se-remarier-ou-pas,151223.php#xtor \n\n-Le cin\u00e9ma chinois grand vainqueur du Festival de Marrakech (vid\u00e9os) :                                                                                                                                                                        http:\/\/culturebox.francetvinfo.fr\/cinema\/evenements\/le-cinema-chinois-grand-vainqueur-du-festival-de-marrakech-250031\n\n<strong>-&#8220;La Berg\u00e8re des glaces&#8221; de Christiane Mordelet et Stanzin Dorjai, prim\u00e9e au Festival international du film de montagne d&#8217;Autrans (Vincent Arquilli\u00e8re; vid\u00e9o) :  <\/strong>                                              http:\/\/television.telerama.fr\/television\/tsering-bergere-au-ladakh-et-star-modeste-a-autrans,151253.php#xtor\n\n-Dans &#8220;WorkingGirls&#8221;, &#8220;sous l&#8217;air aristo de Claude Perron, une \u00e2me de clown&#8221; (Isabelle Poitte) :                                                                                                                                                     http:\/\/television.telerama.fr\/television\/workinggirls-sous-l-air-aristo-de-claude-perron-une-ame-de-clown,150972.php#xtor\n\n-Marin Karmitz, fondateur des cin\u00e9mas MK2, re\u00e7u par Fran\u00e7ois-Xavier M\u00e9nage \u00e0 l&#8217;occasion de la sortie de son dernier ouvrage &#8220;Com\u00e9dies&#8221; (vid\u00e9o) : http:\/\/www.lci.fr\/replay\/replay-l-invite-de-8h45-de-lci-matin-du-12-decembre-marin-karmitz-2017028.html%3Ftype=content\n\n-Sur Netflix, &#8220;Dirk Gently&#8221;, un cauchemar dada\u00efste (Sam Barnett l&#8217;acteur et Arvind Ethan David le producteur, interrog\u00e9s par Pierre Langlais; vid\u00e9o) :                                                                 http:\/\/www.telerama.fr\/series-tv\/dirk-gently-s-holistic-detective-agency-un-cauchemar-dadaiste-a-suivre-sur-netflix,151187.php#xtor     \n\n<strong>-&#8220;Critique des m\u00e9dias, vingt ans apr\u00e8s&#8221; (Pierre Rimbert)<\/strong> : http:\/\/www.monde-diplomatique.fr\/2016\/12\/RIMBERT\/56929\n\n<strong>-&#8220;Politique post-v\u00e9rit\u00e9 ou journalisme post-politique&#8221; (l&#8217;\u00e9conomiste et sociologue Fr\u00e9d\u00e9ric Lordon)<\/strong> :  http:\/\/blog.mondediplo.net\/2016-11-22-Politique-post-verite-ou-journalisme-post\n\n-&#8220;Ind\u00e9pendance, au-del\u00e0 d&#8217;un mot creux&#8221; (Serge Halimi) :    http:\/\/www.monde-diplomatique.fr\/2016\/11\/HALIMI\/56794      \n\n-&#8220;Robots et objets connect\u00e9s posent la question du libre-arbitre&#8221; (Philippe Camus, ex-pr\u00e9sident d&#8217;Alcatei-Lucet, interrog\u00e9 par Guillaume Maujean; vid\u00e9o) :                                                                http:\/\/videos.lesechos.fr\/lesechos\/invite-des-echos\/robots-et-objets-connectes-posent-la-question-du-libre-arbitre\/83v5p5                 \n\n-&#8220;La Grande \u00e9vasion&#8221;, premi\u00e8re webradio enti\u00e8rement consacr\u00e9e \u00e0 la musique de film (son fondateur Hubert Charrier, interrog\u00e9 par Ir\u00e8ne Verlaque) :                                                            http:\/\/www.telerama.fr\/radio\/la-grande-evasion-ou-le-b-a-ba-des-b-o,151235.php#xtor\n\n<strong>-&#8220;Les ondes agit\u00e9es de &#8220;Klub Radio&#8221;, fr\u00e9quence anti-Orban malmen\u00e9e en Hongrie&#8221; (Jo\u00ebl Le Pavous) :    <\/strong>                                                                                                                                                            http:\/\/www.telerama.fr\/medias\/les-ondes-agitees-de-klub-radio-frequence-anti-orban-malmenee-en-hongrie,151215.php#xtor\n\n-&#8220;Paris Premi\u00e8re&#8221; f\u00eate ses trente ans. Rien n&#8217;est fait entre Canal + et Orange car Bollor\u00e9 ne veut pas vendre&#8221; (Marc Baudriller; son) :                                                                                                            http:\/\/www.radioclassique.fr\/player\/progaction\/initPlayer\/podcast\/la-vie-des-medias-2016-12-12-07-40-55.html\n\n<strong>-Sonia Devillers recevait l&#8217;ancien champion de football David Ginola qui anime sur M6 &#8220;La France a un incroyable talent&#8221; (vid\u00e9o, amener le curseur sur 3:54) :     <\/strong>                                             http:\/\/www.dailymotion.com\/video\/x550lc4_david-ginola-but-dans-la-lucarne_news\n\n-&#8220;J&#8217;ai tout piqu\u00e9 \u00e0 Colombo&#8221; (Rapha\u00ebl Mezrahi; vid\u00e9o) :                                http:\/\/www.dailymotion.com\/video\/x54x4z3_raphael-mezrahi-j-ai-tout-pique-a-columbo_news\n\n<strong>-&#8220;Moi, Lola, 15 ans, fan de Macron&#8221; (Charline Vanhoenacker; vid\u00e9o) : <\/strong> https:\/\/www.franceinter.fr\/emissions\/le-billet-de-charline-vanhoenacker\/le-billet-de-charline-vanhoenacker-12-decembre-2016\n\n<strong>-&#8220;L&#8217;humour syrien n&#8217;est soluble ni dans le chlore ni sous les bombes&#8221; (Sophia Aram; vid\u00e9o) :<\/strong>                                                                                                                                                              http:\/\/www.dailymotion.com\/video\/x550exl_l-humour-syrien-n-est-soluble-ni-dans-le-chlore-ni-sous-les-bombes-le-billet-de-sophia-aram_fun\n\n\n\n<h2 class=\"wp-block-heading\">Documents joints<\/h2>\n\n\n\n<div class=\"wp-block-file\"><a href=\"https:\/\/wp.muchomaas.com\/wp-content\/uploads\/2016\/12\/comment_les_footballeurs_mineurs_sont_tombes_aux_mains_de_mercenaires-a4c.pdf\">comment_les_footballeurs_mineurs_sont_tombes_aux_mains_de_mercenaires.pdf<\/a><\/div>\n\n\n\n<div class=\"wp-block-file\"><a href=\"https:\/\/wp.muchomaas.com\/wp-content\/uploads\/2016\/12\/invit_et_texte_paix_dreano-1-fd7.pdf\">invit_et_texte_paix_dreano-1.pdf<\/a><\/div>\n\n\n","protected":false},"excerpt":{"rendered":"<p>ACTUALITE -Discriminations \u00e0 l&#8217;embauche selon l&#8217;origine, &#8220;un testing&#8221; aux r\u00e9sultats accablants (Jean-Christophe Chanut) : http:\/\/www.latribune.fr\/economie\/france\/discrimination-a-l-embauche-un-testing-aux-resultats-accablants-624051.html -Les r\u00e9sultats rendus publics par le minist\u00e8re du Travail (document \u00e0 t\u00e9l\u00e9charger) : http:\/\/dares.travail-emploi.gouv.fr\/dares-etudes-et-statistiques\/etudes-et-syntheses\/dares-analyses-dares-indicateurs-dares-resultats\/article\/discrimination-a-l-embauche-selon-l-origine-que-nous-apprend-le-testing-aupres -&#8220;Quand l&#8217;Etat fran\u00e7ais sabote le train&#8221; (Vincent Dumayrou) : http:\/\/www.monde-diplomatique.fr\/2016\/06\/DOUMAYROU\/55773 -Les transports de demain et la mobilit\u00e9 durable (Claude Faucher, de l&#8217;UTP; son) : http:\/\/www.sudradio.fr\/Podcasts\/L-invite-pour-comprendre\/Claude-Faucher-delegue-general-de-l-UTP -&#8220;Le [&hellip;]<\/p>\n","protected":false},"author":1042,"featured_media":0,"comment_status":"open","ping_status":"open","sticky":false,"template":"","format":"standard","meta":{"_themeisle_gutenberg_block_has_review":false,"footnotes":""},"categories":[151],"tags":[],"class_list":["post-10071","post","type-post","status-publish","format-standard","hentry","category-la-revue-de-presse-de-lulu"],"_links":{"self":[{"href":"https:\/\/archives.regards.fr\/index.php?rest_route=\/wp\/v2\/posts\/10071","targetHints":{"allow":["GET"]}}],"collection":[{"href":"https:\/\/archives.regards.fr\/index.php?rest_route=\/wp\/v2\/posts"}],"about":[{"href":"https:\/\/archives.regards.fr\/index.php?rest_route=\/wp\/v2\/types\/post"}],"author":[{"embeddable":true,"href":"https:\/\/archives.regards.fr\/index.php?rest_route=\/wp\/v2\/users\/1042"}],"replies":[{"embeddable":true,"href":"https:\/\/archives.regards.fr\/index.php?rest_route=%2Fwp%2Fv2%2Fcomments&post=10071"}],"version-history":[{"count":0,"href":"https:\/\/archives.regards.fr\/index.php?rest_route=\/wp\/v2\/posts\/10071\/revisions"}],"wp:attachment":[{"href":"https:\/\/archives.regards.fr\/index.php?rest_route=%2Fwp%2Fv2%2Fmedia&parent=10071"}],"wp:term":[{"taxonomy":"category","embeddable":true,"href":"https:\/\/archives.regards.fr\/index.php?rest_route=%2Fwp%2Fv2%2Fcategories&post=10071"},{"taxonomy":"post_tag","embeddable":true,"href":"https:\/\/archives.regards.fr\/index.php?rest_route=%2Fwp%2Fv2%2Ftags&post=10071"}],"curies":[{"name":"wp","href":"https:\/\/api.w.org\/{rel}","templated":true}]}}