{"id":10069,"date":"2016-12-12T07:03:12","date_gmt":"2016-12-12T06:03:12","guid":{"rendered":"https:\/\/wp.muchomaas.com\/article-la-revue-du-12-decembre-2016\/"},"modified":"2023-06-23T23:23:40","modified_gmt":"2023-06-23T21:23:40","slug":"article-la-revue-du-12-decembre-2016","status":"publish","type":"post","link":"https:\/\/archives.regards.fr\/?p=10069","title":{"rendered":"La Revue du 12 d\u00e9cembre 2016"},"content":{"rendered":"<strong>ACTUALITE<\/strong>\n\n<strong>-&#8220;Rendez-nous nos postiers, on n&#8217;est pas des banquiers. La Poste en souffrance&#8221; (Nicolas Gal\u00e9pides, secr\u00e9taire g\u00e9n\u00e9ral de Sud-PTT; interrog\u00e9 par Patricia Martin et Pierre Weill)<\/strong> : https:\/\/www.franceinter.fr\/emissions\/itw-societe-civile\/itw-societe-civile-11-decembre-2016\n\n-&#8220;Le gouvernement repousse l&#8217;\u00e9vacuation de la ZAD de Notre-Dame-des-Landes&#8221; (R\u00e9mi Barroux) :                                                                                                                                                                  http:\/\/www.lemonde.fr\/planete\/article\/2016\/12\/10\/le-gouvernement-renonce-a-evacuer-la-zad-de-notre-dame-des-landes_5046691_3244.html\n\n<strong>-Les p\u00e8res No\u00ebl verts du Secours populaire f\u00eatent leur quarante ans (vid\u00e9o) :    <\/strong>                                                                                                                                                                                               http:\/\/www.francetvinfo.fr\/decouverte\/noel\/secours-populaire-les-peres-noel-verts-fetent-leur-40-ans_1962993.html\n\n<strong>-&#8220;Quand une classe du lyc\u00e9e Utrillo de Stains (93) n&#8217;est pas la bienvenue au Mus\u00e9e d&#8217;Orsay&#8221; (Adrian de San Isidoro) : <\/strong>                                                                                                                                  http:\/\/tempsreel.nouvelobs.com\/societe\/20161209.OBS2437\/quand-une-classe-du-93-n-est-pas-la-bienvenue-au-musee-d-orsay.html\n\n<strong>-Dans le quotidien de l&#8217;h\u00f4pital de proximit\u00e9 de Gap (05; vid\u00e9o) : <\/strong> http:\/\/www.francetvinfo.fr\/sante\/hautes-alpes-dans-le-quotidien-des-praticiens-de-l-hopital-de-proximite-de-gap_1963227.html\n\n<strong>-Le t\u00e9moignage \u00e9mouvant d&#8217;une aide-soignante de la polyclinique de Tarbes (65), en gr\u00e8ve depuis un mois (vid\u00e9o) :    <\/strong>                                                                                                                    http:\/\/www.dailymotion.com\/video\/x54sguv_le-te-moignage-e-mouvant-d-une-aide-soignante-de-la-polyclinique_news\n\n-Apr\u00e8s 29 jours de gr\u00e8ve, les personnels de la clinique psychiatrique d&#8217;Embats (32) ont gagn\u00e9 :                                                                                                                                                            http:\/\/www.ladepeche.fr\/article\/2015\/12\/10\/2234924-clinique-embats-personnels-sont-augmentes-greve-est-terminee.html\n\n<em>-Les Fran\u00e7ais n&#8217;acceptent pas la baisse des d\u00e9penses publiques (ELABE) <\/em> : http:\/\/elabe.fr\/les-depenses-publiques\/\n\n<em>-Les Fran\u00e7ais et le r\u00e9tablissement du service militaire (CSA) :    <\/em>            https:\/\/www.csa.eu\/fr\/survey\/les-fran%C3%A7ais-et-le-retablissement-du-service-militaire\n\n-Dans le Var, la p\u00eache des oursins sous surveillance (vid\u00e9o) : http:\/\/www.francetvinfo.fr\/monde\/environnement\/var-la-peche-aux-oursins-sous-surveillance_1963015.html\n\n-La s\u00e9lection de Champagnes du &#8220;Monde&#8221; (Laure Gaparotto et Oph\u00e9lie Neiman) : http:\/\/www.lemonde.fr\/vins\/article\/2016\/12\/09\/champagnes-la-selection-du-monde_5046426_3527806.html\n\n<strong>-Alexandre Bain, vigneron dans la Ni\u00e8vre, a perdu son appellation Pouilly-fum\u00e9&#8221; (&#8220;13H15 le samedi&#8221;; vid\u00e9o) :   <\/strong>                                                                                                                                            http:\/\/www.francetvinfo.fr\/economie\/video-13h15-vin-naturel-le-vigneron-biodynamique-qui-a-perdu-son-appellation-pouilly-fume-car-c-est-un-bad-boy_1962915.html\n\n-&#8220;C&#8217;est qui le patron ?&#8221;, la marque qui pr\u00e9tend donner tout le pouvoir aux consommateurs (Val\u00e8re Corr\u00e9ard; son) : https:\/\/www.franceinter.fr\/emissions\/social-lab\/social-lab-11-decembre-2016                 \n\n-Vend\u00e9e Globe, dans les coulisses des conditions de vie extr\u00eames des skippers (vid\u00e9o) :                                                                                                                                                                    http:\/\/www.francetvinfo.fr\/sports\/voile\/vendee-globe\/vendee-globe-dans-les-coulisses-des-conditions-de-vie-extremes-des-skippers_1963217.html\n\n<strong>-&#8220;Les pics de pollution ne sont que la partie visible de l&#8217;iceberg&#8221; (Corinne Lepage, pr\u00e9sidente de Cap21; vid\u00e9o) :  <\/strong>                                                                                                                          http:\/\/www.francetvinfo.fr\/economie\/automobile\/diesel\/corinne-lepage-les-pics-de-pollution-ne-sont-que-la-partie-visible-de-l-iceberg_1962645.html\n\n-&#8220;La circulation altern\u00e9e est un leurre&#8221; (le maire LR du XVe arrondissement de Paris Philippe Goujon; face \u00e0 Bernard Poirette; son) :                                                                                                http:\/\/www.rtl.fr\/actu\/politique\/pollution-a-paris-la-circulation-alternee-est-un-leurre-selon-le-maire-du-xve-7786212418\n\n-La r\u00e9ponse d&#8217;Anne Hidalgo, maire de Paris (Bertrand Gr\u00e9co) : http:\/\/www.lejdd.fr\/JDD-Paris\/Pic-de-pollution-Anne-Hidalgo-repond-a-Valerie-Pecresse-831415\n\n-Grenoble met en place des mesures exceptionnelles (vid\u00e9o) : http:\/\/www.francetvinfo.fr\/meteo\/particules-fines\/pollution-grenoble-met-en-place-des-mesures-exceptionnelles_1962863.html\n\n-S\u00e9gol\u00e8ne Royal a annonc\u00e9 des d\u00e9cisions en faveur des v\u00e9hicules \u00e9lectriques (vid\u00e9o) :                                                                                                                                                                           http:\/\/www.francetvinfo.fr\/meteo\/particules-fines\/circulation-alternee\/pollution-des-mesures-en-faveur-de-l-electrique_1962939.html\n\n-Face \u00e0 face Vincent Jeanbrun, conseiller r\u00e9gional LR d&#8217;Ile-de-France\/Bernard Jomier, adjoint \u00e9cologiste \u00e0 la sant\u00e9 \u00e0 la mairie de Paris (vid\u00e9o, amener le curseur sur 14:33) :                                                                 http:\/\/pluzz.francetv.fr\/videos\/dimanche_en_politique_paris_ile_de_france_,150124518.html                                                                                                 \n\n<em>-Les Fran\u00e7ais et les mesures antipollution (ODOXA) :   <\/em>                                       http:\/\/www.odoxa.fr\/sondage\/crible-de-semaine-francais-jugent-severement-mesures-anti-pollution\/      \n\n-Lourdes r\u00e9quisitions contre l&#8217;application de transports entre particuliers Heetch (Christophe Alix) :                                                                                                                                      http:\/\/www.liberation.fr\/futurs\/2016\/12\/09\/lourdes-requisitions-dans-le-proces-heetch_1534351?xtor\n\n-&#8220;Le paradis fiscal anglo-normand de Paul Pogba&#8221; : ww.lemonde.fr\/football\/article\/2016\/12\/09\/le-paradis-fiscal-anglo-normand-de-paul-pogba_5046645_1616938.html\n\n<strong>-&#8220;Alain et Jo\u00eblle Ferrand, les Balkany du Roussillon&#8221; (Fran\u00e7ois Krug) :     <\/strong>                                                                                                                                                                                             http:\/\/www.lemonde.fr\/m-gens-portrait\/article\/2016\/12\/09\/alain-et-joelle-ferrand-les-balkany-du-roussillon_5046413_4497229.html\n\n<strong>POLITIQUE<\/strong>\n\n<strong>-Alain et Eric Bocquet, d\u00e9put\u00e9 et s\u00e9nateur communistes, auteurs de &#8220;Sans domicile fisc&#8221;, invit\u00e9s d&#8217;un &#8220;Compl\u00e9ment d&#8217;enqu\u00eate&#8221; consacr\u00e9 aux paradis fiscaux (depuis l&#8217;espace Niemeyer; interrog\u00e9s par Nicolas Poincar\u00e9; vid\u00e9o, amener le curseur sur 1:18:48) :                                                 <\/strong>                                                                                                                                         http:\/\/www.francetvinfo.fr\/replay-magazine\/france-2\/complement-d-enquete\/complement-d-enquete-du-jeudi-8-decembre-2016_1948775.html\n\n-Une majorit\u00e9 de communistes &#8220;a bien fait de soutenir Jean-Luc M\u00e9lenchon&#8221;&#8230;qui ne peut repr\u00e9senter &#8220;le sauveur supr\u00eame&#8221; (C\u00e9cile Cukierman, s\u00e9natrice communiste de la Loire; invit\u00e9e de &#8220;Dimanche en politique en Rh\u00f4ne-Alpes&#8221;, interrog\u00e9e par Fran\u00e7oise Boissonnat; vid\u00e9o) : http:\/\/pluzz.francetv.fr\/videos\/dimanche_en_politique_rhone_alpes_,150600891.html\n\n-Le 10e num\u00e9ro de &#8220;la Revue de la semaine&#8221; de Jean-Luc M\u00e9lenchon (vid\u00e9o) : https:\/\/www.youtube.com\/watch?v=DwvM9oV3v3I\n\n-&#8220;Le premier youtuber politique de France&#8221; (Nadia Daam sur Arte; vid\u00e9o) : http:\/\/sites.arte.tv\/28minutes\/fr\/youtube-melenchon-65-ans-recule-lage-de-la-retraite-28minutes\n\n<strong>-Il \u00e9tait l&#8217;invit\u00e9 de &#8220;Questions politiques&#8221;, l&#8217;\u00e9mission de Nicolas Demorand sur France Inter (vid\u00e9os) :<\/strong>                                                                          http:\/\/www.dailymotion.com\/video\/x54yjae_jean-luc-melenchon-invite-de-questions-politiques_news\n\n-Il a r\u00e9pondu aux questions des auditeurs (vid\u00e9o) :                                          http:\/\/www.dailymotion.com\/video\/x54ymgy_jean-luc-melenchon-repond-aux-auditeurs-de-questions-politiques_news\n\n<em>-&#8220;Face \u00e0 la droite et \u00e0 l&#8217;extr\u00eame-droite, en campagne avec Jean-Luc M\u00e9lenchon&#8221; (le PCF et Ensemble) :<\/em> http:\/\/www.pcf.fr\/94497\n\n-Le num\u00e9ro 307 de &#8220;Cerises&#8221; : http:\/\/www.cerisesenligne.fr\/file\/archive\/cerises-307.pdf\n\n-&#8220;Pourquoi Valls et Cambad\u00e9lis veulent-ils attirer  M\u00e9lenchon et Macron dans la primaire socialiste ?&#8221; (Marie-Pierre Haddad) :                                                                                                                      http:\/\/www.rtl.fr\/actu\/politique\/primaire-ps-pourquoi-valls-et-cambadelis-veulent-attirer-macron-et-melenchon-7786204533\n\n-&#8220;Piketty aussi&#8221; (vid\u00e9o) : http:\/\/www.agoravox.tv\/actualites\/politique\/article\/piketty-confirme-que-melenchon-ne-71520\n\n-&#8220;Une primaire &#8220;pas open-bar&#8221;, enfin \u00e7a d\u00e9pend pour qui&#8221; (Thibaut Le Gal) : http:\/\/www.20minutes.fr\/politique\/1977895-20161209-primaire-ps-open-bar-enfin-ca-depend\n\n-&#8220;M\u00e9lenchon, Macron, si loin&#8230;&#8221; (Nathalie Raulin et Rachid La\u00efreche) : http:\/\/www.liberation.fr\/france\/2016\/12\/09\/melenchon-macron-si-loin_1534317\n\n-&#8220;Il y a une nouvelle g\u00e9n\u00e9ration qui doit prndre la place&#8221; (Aur\u00e9lie Filippetti, d\u00e9put\u00e9e PS de la Moselle, face \u00e0 Apolline de Malherbe; vid\u00e9o) :                                 http:\/\/www.bfmtv.com\/mediaplayer\/video\/primaire-de-la-gauche-il-y-a-une-nouvelle-generation-qui-doit-prendre-la-place-aurelie-filippetti-893801.html\n\n<strong>-&#8220;La prolongation de l&#8217;\u00e9tat d&#8217;urgence est absolument indispensable. Nous la proposerons jusqu&#8217;au 15 juillet 2017&#8221; (Bernard Cazeneuve \u00e0 la sortie du Conseil des ministres; vid\u00e9o) :  <\/strong>           http:\/\/www.francetvinfo.fr\/faits-divers\/terrorisme\/attaques-du-13-novembre-a-paris\/etat-d-urgence-en-france\/video-la-prolongation-de-l-etat-d-urgence-est-absolument-indispensable-selon-bernard-cazeneuve_1962691.html\n\n-Arnaud Montebourg \u00e9tait l&#8217;invit\u00e9 de &#8220;On n&#8217;est pas couch\u00e9&#8221; (vid\u00e9o) :                                                                                                                                                                                                                 http:\/\/www.france2.fr\/emissions\/on-n-est-pas-couche\/videos\/arnaud_montebourg_-_on_nest_pas_couche_10_decembre_2016_onpc_11-12-2016_1419725?onglet\n\n-&#8220;Ma candidature est une r\u00e9volte&#8221; (Manuel Valls dans &#8220;Le Parisien&#8221; : http:\/\/www.leparisien.fr\/politique\/la-gauche-peut-se-reveiller-11-12-2016-6440691.php\n\n-&#8220;Ces moments peu rassembleurs qu&#8217;il aimerait faire oublier&#8221; (vid\u00e9o) :           http:\/\/www.dailymotion.com\/video\/x54jb10_ces-polemiques-que-valls-aimerait-faire-oublier_news \n\n-&#8220;Manuel Valls, c&#8217;est celui qui repr\u00e9sente le mieux la sociale-d\u00e9mocratie. Sa R\u00e9publique, c&#8217;est la R\u00e9publique qui prot\u00e8ge. Je ne suis pas favorable \u00e0 ce que le CICE soit attribu\u00e9 \u00e0 tout le monde. Ce que je souhaite vraiment, c&#8217;est le rassemblement de tous et de toutes.     (son directeur de campagne Didier Guillaume; invit\u00e9 de &#8220;BFM Politique&#8221;; vid\u00e9os) : http:\/\/www.bfmtv.com\/mediaplayer\/video\/manuel-valls-c-est-celui-qui-represente-le-mieux-la-sociale-democratie-didier-guillaume-893733.html                        http:\/\/www.bfmtv.com\/mediaplayer\/video\/politiques-au-quotidien-la-republique-de-manuel-valls-c-est-la-republique-qui-protege-didier-guillaume-893737.html      http:\/\/www.bfmtv.com\/mediaplayer\/video\/questions-d-eco-je-ne-suis-pas-favorable-a-ce-que-le-cice-soit-attribue-a-tout-le-monde-didier-guillaume-893739.html      http:\/\/www.bfmtv.com\/mediaplayer\/video\/comptes-de-campagne-ce-que-je-souhaite-vraiment-c-est-le-rassemblement-de-toutes-et-tous-didier-guilaume-893741.html\n\n-Assumant le bilan du quinquennat, Vincent Peillon d\u00e9clare sa candidature \u00e0 la primaire socialiste au 20H de France 2 (vid\u00e9o) :                                              http:\/\/www.francetvinfo.fr\/politique\/ps\/primaire-a-gauche\/video-vincent-peillon-declare-sa-candidature-a-la-primaire-de-la-gauche_1964495.html\n\n-&#8220;Je crois beaucoup en la primaire mais la multiplication des candidatures me surprend un peu. C&#8217;est la parade des ego masculins. \u00c7a a \u00e9t\u00e9 tr\u00e8s facile de travailler avec Manuel Valls. Ce bilan est bon parce qu&#8217;il a am\u00e9lior\u00e9 la condition de vie des Fran\u00e7ais. L&#8217;\u00e9tat d&#8217;urgence est encadr\u00e9&#8221; (la ministre du logement Emmanuelle Cosse, face \u00e0 Fr\u00e9d\u00e9ric Letellier dans l&#8217;\u00e9mission &#8220;Dimanche en politique&#8221;; vid\u00e9o) :                                      http:\/\/pluzz.francetv.fr\/videos\/dimanche_en_politique.html\n\n-&#8220;Il y a chez Fran\u00e7ois Hollande une envie de terminer le quinquennat de mani\u00e8re impeccable. Je soutiens un candidat qui d\u00e9fend le bilan, un homme d&#8217;Etat, qui a dirig\u00e9 une grande ville de la r\u00e9gion parisienne, Manuel Valls&#8221; (le ministre Patrice Kanner, invit\u00e9 de &#8220;Dimanche en politique en Nord-Pas-de-Calais; interrog\u00e9 par V\u00e9ronique Marchand; vid\u00e9o) :                                          http:\/\/pluzz.francetv.fr\/videos\/dimanche_en_politique_nord_pas_de_calais_,150130473.html  \n\n<strong>-&#8220;La d\u00e9cision de Fran\u00e7ois Hollande est sage et coh\u00e9rente. Il faut r\u00e9fl\u00e9chir \u00e0 l&#8217;exercice d&#8217;un seul mandat non-renouvelable. L&#8217;histoire rendra justice \u00e0 son bilan. Emmanuel Macron apporte de l&#8217;air \u00e0 la politique. Je n&#8217;ai pas encore fait mon choix. Qu&#8217;il n&#8217;y ait pas de femme \u00e0 la primaire de la gauche est un probl\u00e8me. Le sexisme en politique, maintenant je suis vaccin\u00e9e. Sauver le climat est le d\u00e9fi de ce si\u00e8cle. Je re\u00e7ois beaucoup de soutiens par rapport \u00e0 ce que j&#8217;ai dit \u00e0 Cuba&#8221; (S\u00e9gol\u00e8ne Royal, face \u00e0 Laurence Ferrari; vid\u00e9os) :          <\/strong>                                                              http:\/\/replay.c8.fr\/video\/1427849        http:\/\/replay.c8.fr\/video\/1427858                                                                                                         http:\/\/replay.c8.fr\/video\/1427851                    http:\/\/replay.c8.fr\/video\/1427859 \nhttp:\/\/replay.c8.fr\/video\/1427861      http:\/\/replay.c8.fr\/video\/1427862             http:\/\/replay.c8.fr\/video\/1427852\n\n-Son portrait dans l&#8217;\u00e9mission &#8220;Punchline&#8221; sur C8 (vid\u00e9o) :                             http:\/\/replay.c8.fr\/video\/1427863\n\n-Dans son meeting parisien, Emmanuel Macron s&#8217;est proclam\u00e9 &#8220;candidat du travail&#8221; (vid\u00e9o int\u00e9grale) :                                                                                                                                          http:\/\/www.francetvinfo.fr\/politique\/emmanuel-macron\/direct-presidentielle-regardez-le-grand-meeting-de-macron-a-paris_1962887.html\n\n-&#8220;Il a hurl\u00e9 \u00e0 pleins poumons dans son micro&#8221; (Thomas Monteiro; vid\u00e9o) :                                                                                                                                                                                               https:\/\/blogs.mediapart.fr\/thomas-monteiro\/blog\/111216\/quand-macron-hurle-pleins-poumons-dans-le-micro-lors-de-son-meeting\n\n-&#8220;Remplacer des cotisations salariales par la CSG, erreur ou projet cach\u00e9 ?&#8221; (l&#8217;\u00e9conomiste Henri Sterdyniak) :                                                                     https:\/\/blogs.mediapart.fr\/henri-sterdyniak\/blog\/111216\/remplacer-des-cotisations-salariales-par-la-csg-erreur-ou-projet-cache?utm_source\n\n-&#8220;C&#8217;est parce que je suis socialiste que je suis aux c\u00f4t\u00e9s d&#8217;Emmanuel Macron. Manuel Valls a choisi de rassembler un camp, Emmanuel Macron, de rassembler les Fran\u00e7ais&#8221; (Richard Ferrand, d\u00e9put\u00e9 PS du Finist\u00e8re, secr\u00e9taire g\u00e9n\u00e9ral de &#8220;En Marche&#8221;; interrog\u00e9 par Pierre Weill; son) : https:\/\/www.franceinter.fr\/emissions\/l-interview-politique\/l-interview-politique-11-decembre-2016\n\n-&#8220;On a v\u00e9cu un meeting extraordinaire avec 15 000 participants. La campagne commence. Il m&#8217;a d\u00e9montr\u00e9 que l&#8217;on pouvait faire de la politique autrement. J&#8217;ai soutenu toutes les r\u00e9formes du quinquennat&#8221;  (Jean-Jacques Bridey, d\u00e9put\u00e9 PS du Val-de-Marne; face \u00e0  Da\u00efc Audouit; vid\u00e9o) :                                                         http:\/\/pluzz.francetv.fr\/videos\/dimanche_en_politique_paris_ile_de_france_,150124518.html\n\n-&#8220;J&#8217;ai dix ans d&#8217;exp\u00e9rience de la politique, Macron, deux&#8221; (Rama Yade, cit\u00e9e par Anna Cabana) :                                                                                                  http:\/\/www.lejdd.fr\/Politique\/Rama-Yade-J-ai-dix-ans-d-experience-de-la-politique-Macron-deux-831304\n\n-&#8220;Dans ma commune (Drancy, 93), on a remplac\u00e9 par des voitures \u00e9lectriques les v\u00e9hicules municipaux. Mam repr\u00e9sente le RPR pass\u00e9. Si c&#8217;est quelqu&#8217;un de gauche qui se retrouve face \u00e0 Marine Le Pen, je crains qu&#8217;il soit battu. Avec Fran\u00e7ois Fillon, le travail programmatique n&#8217;est pas fini. Je serais pour qu&#8217;on prolpnge de 10% le temps de travail de tout le monde&#8221; (Jean-Christophe Lagarde, pr\u00e9sident de l&#8217;UDI; invit\u00e9 de la matinale d&#8217;i-T\u00e9l\u00e9; vid\u00e9o) : http:\/\/www.itele.fr\/chroniques\/invite-michael-darmon\/linvite-de-myriam-encaoua-du-09122016-171966\n\n-&#8220;A Notre-Dame-des-Landes, le gouvernement donne la victoire aux plus violents&#8221; (Bruno Retailleau, pr\u00e9sident du Conseil r\u00e9gional des Pays de Loire; face \u00e0 Wendy Bouchard; son) :                 http:\/\/www.europe1.fr\/emissions\/l-interview-politique-du-week-end\/bruno-retailleau-sur-notre-dame-des-landes-le-gouvernement-donne-la-victoire-aux-plus-violents-2923526\n\n-&#8220;On voit bien que maintenant Fran\u00e7ois Fillon est au coeur de la politique fran\u00e7aise. Fran\u00e7ois, c&#8217;est du solide. Il est pro-entreprise, pro-emploi. Macron est assez mystique, les bras en croix \u00e0 la fin de son meeting. Valls essaie d&#8217;entrer dans une primaire avec certains  \u00e0 l&#8217;int\u00e9rieur pendant que d&#8217;autres font du hors piste. Ceux qui ont aim\u00e9 la saison 1 entre le p\u00e8re et la fille (Le Pen) vont adorer la saison 2 entre la tante et la ni\u00e8ce&#8221; (Eric Woerth, d\u00e9put\u00e9 LR de l&#8217;Oise, invit\u00e9 du &#8220;Grand Rendez-vous&#8221; d&#8217;Europe 1; vid\u00e9o) :                                                           http:\/\/www.itele.fr\/magazines\/grand-rendez-vous-politique-darmon\/le-grand-rendez-vous-partie-1-du-11122016-171989\n\n-&#8220;On votera la prolongation de l&#8217;\u00e9tat d&#8217;urgence mais pendant deux ans, \u00e7a n&#8217;a pas vraiment de sens. Bruno Le Roux est r\u00e9compens\u00e9 de sa fid\u00e9lit\u00e9. Pour Bernard Cazeneuve, c&#8217;est son b\u00e2ton de mar\u00e9chal. Ce gouvernement ne fera rien. Merci \u00e0 tous ceux qui se battent contre Daesh. Pour la Russie, il y a double int\u00e9r\u00eat en Syrie&#8221; (Roger Karoutchi, s\u00e9nateur LR; invit\u00e9 du &#8220;Brunch Politique&#8221; de Louis Morin; son) :  http:\/\/www.sudradio.fr\/Podcasts\/Le-Brunch-Politique\/Roger-Karoutchi4\n\n-&#8220;Derri\u00e8re le mot \u00e9tat d&#8217;urgence on ne met pas le contenu qui est n\u00e9cessaire. J&#8217;ai fait le choix de mon territoire, de rester pr\u00e9sident de la r\u00e9gion PACA et de garder des responsabilit\u00e9s importantes dans ma ville. Chaque \u00e9lu est libre de faire ce qu&#8217;il veut&#8221; (Christian Estrosi, pr\u00e9sident LR de la r\u00e9gion PACA; invit\u00e9 de &#8220;BFM Politique&#8221;; vid\u00e9os) :                                            http:\/\/www.bfmtv.com\/mediaplayer\/video\/terrorisme-derriere-le-mot-etat-d-urgence-on-ne-met-pas-le-contenu-qui-est-necessaire-christian-estrosi-893747.html http:\/\/www.bfmtv.com\/mediaplayer\/video\/politiques-au-quotidien-j-ai-fait-le-choix-de-mon-territoire-de-rester-president-de-la-region-paca-et-de-garder-des-responsabilites-importantes-dans-ma-ville-christian-estrosi-893757.html           http:\/\/www.bfmtv.com\/mediaplayer\/video\/questions-d-eco-chaque-elu-est-libre-de-faire-ce-qu-il-veut-christian-estrosi-893759.html\n\n<strong>-&#8220;Je pense que nous n&#8217;avons plus besoin de l&#8217;\u00e9tat d&#8217;urgence depuis longtemps&#8221; (Jean-Fr\u00e9d\u00e9ric Poisson, d\u00e9put\u00e9 LR des Yvelines, co-rapporteur pour son contr\u00f4le parlementaire; face \u00e0 Pierre Weill; son) <\/strong> :  https:\/\/www.franceinter.fr\/emissions\/l-interview-politique\/l-interview-politique-10-decembre-2016\n\n-Une commission parlementaire d\u00e9nonce &#8220;un usage d\u00e9tourn\u00e9&#8221; de l&#8217;\u00e9tat d&#8217;urgence (J\u00e9r\u00f4me Hourdeaux; pi\u00e8ce jointe);\n\n<em>-Le rapport de la commission parlementaire (document) <\/em> : http:\/\/www2.assemblee-nationale.fr\/documents\/notice\/14\/rap-info\/i4281\/%28index%29\/depots#P401_81276\n\n-&#8220;Pour un septennat pr\u00e9sidentiel non renouvelable&#8221; (Serge Pugeault, professeur de droit public \u00e0 l&#8217;universit\u00e9 de Reims) :                                                                                                                             http:\/\/www.liberation.fr\/debats\/2016\/12\/10\/pour-un-septennat-presidentiel-non-renouvelable_1534236?xtor\n\n-&#8220;MAM en dix dates&#8221; (vid\u00e9o) : http:\/\/www.liberation.fr\/video\/2016\/12\/09\/michele-alliot-marie-en-dix-dates_1534150?xtor\n\n-&#8220;Pour sauver le syst\u00e8me de solidarit\u00e9 nationale, il faut le r\u00e9server aux Fran\u00e7ais auquels il appartient. Les clandestins, il faut d&#8217;abord les renvoyer chez eux &#8221; (Marine Le Pen; invit\u00e9e du &#8220;Grand Jury&#8221; de RTL; vid\u00e9o) :                                                http:\/\/www.lci.fr\/politique\/replay-le-grand-jury-rtl-lci-le-figaro-du-11-decembre-2016-avec-marine-le-pen-2016875.html%3Ftype=content\n\n-&#8220;Je ne suis ni minoritaire ni isol\u00e9e&#8221; (Marion Mar\u00e9chal Le Pen, d\u00e9put\u00e9e FN du Vaucluse, dans le JDD) :                                                                                     http:\/\/www.lejdd.fr\/Politique\/Marion-Marechal-Le-Pen-contre-Florian-Philippot-On-ne-definit-pas-la-ligne-du-FN-seul-sur-BFM-TV-831385 \n\n-&#8220;Le FN peut-il se fracturer pendant la campagne \u00e9lectorale ?&#8221; (Jean-Yves Camus, directeur de l&#8217;Observatoire des radicalit\u00e9s politiques; interrog\u00e9 par David Abiker; son, amener le curseur sur 1:04) :                                                                http:\/\/www.europe1.fr\/emissions\/c-est-arrive-demain\/cest-arrive-demain-david-abiker-111216-2923925\n\n<strong>-&#8220;Avec la d\u00e9signation de Fran\u00e7ois Fillon, la S\u00e9curit\u00e9 sociale est redevenue un enjeu politique&#8221; (Claude Askololovitch; son) :  <\/strong>                                                                                                                        https:\/\/www.franceinter.fr\/emissions\/histoire-et-politique\/histoire-et-politique-11-decembre-2016\n\n<em>-Le barom\u00e8tre politique (ELABE) : <\/em>                                                    http:\/\/elabe.fr\/barometre-politique-decembre-2016\/\n\n<strong>EUROPE-MONDE<\/strong>\n\n-&#8220;Malgr\u00e9 le Brexit, les facs britanniques s&#8217;accrochent \u00e0 Erasmus&#8221; (Eric Albert) :                                                                                                                                                                                            http:\/\/www.lemonde.fr\/m-moyen-format\/article\/2016\/12\/09\/malgre-le-brexit-les-facs-britanniques-s-accrochent-a-erasmus_5046459_4497271.html\n\n-&#8220;Quel est donc le secret d&#8217;Angela Merkel ?&#8221; (Florence Autret, auteure de &#8220;Angela Merkel, une Allemande (presque) comme les autres&#8221;; interrog\u00e9e par David Abiker; son, amener le curseur sur 11:36) :  http:\/\/www.europe1.fr\/emissions\/c-est-arrive-cette-semaine\/cest-arrive-cette-semaine-101216-2923532\n\n-Avec Paolo Gentiloni, le choix de la continuit\u00e9 en Italie (Antonino Galofaro) :https:\/\/www.letemps.ch\/monde\/2016\/12\/11\/paolo-gentiloni-choix-continuite-tete-litalie?utm_source\n\n-En Roumanie, nette victoire des sociaux-d\u00e9mocrates du PSD aux \u00e9lections l\u00e9gislatives : http:\/\/www.rfi.fr\/europe\/20161212-roumanie-elections-legislatives-victoire-sociaux-democrates\n\n<strong>-Au Saint-Gothard, ouverture du plus long tunnel du monde en Suisse (vid\u00e9o) :<\/strong>       http:\/\/www.francetvinfo.fr\/france\/alpes\/saint-gothard-ouverture-du-plus-long-tunnel-du-monde-en-suisse_1964279.html \n\n-Le Kosovo se dote de son ind\u00e9pendance t\u00e9l\u00e9phonique (Julie Druelle) :                                                                                                                                                                                                   http:\/\/www.lemonde.fr\/m-moyen-format\/article\/2016\/12\/09\/le-kosovo-decroche-son-independance-telephonique_5046444_4497271.html\n\n<strong>-&#8220;Le Liban est comme un homme suspendu dans le vide au 12e \u00e9tage&#8221; (Philippe Lazzarini, coordinateur humanitaire de l&#8217;ONU au Liban; propos recueillis par Agathe Duparc; pi\u00e8ce jointe);<\/strong>\n\n-&#8220;Ces milices \u00e9trang\u00e8res qui reconqui\u00e8rent la Syrie pour Bachar al-Assad (Catherine Gou\u00ebset) :                                                                                                                                                                http:\/\/www.lexpress.fr\/actualite\/monde\/proche-moyen-orient\/ces-milices-etrangeres-qui-reconquierent-la-syrie-pour-bachar-el-assad_1857913.html?PMSRC_CAMPAIGN\n\n<strong>-&#8220;La chute d&#8217;Alep officialisera le fait que l&#8217;opposition ne peut plus pr\u00e9tendre constituer une alternative politique&#8221; (Benjamin Barthe, correspondant du &#8220;Monde&#8221; au Liban (vid\u00e9o) : <\/strong>                       http:\/\/www.lemonde.fr\/syrie\/article\/2016\/12\/09\/la-chute-d-alep-enfonce-le-dernier-clou-dans-le-cercueil-des-negociations-de-paix_5046593_1618247.html\n\n-C\u00e9cile Duflot, Herv\u00e9 Mariton et Patrick Mennucci se rendent en Syrie :                                                                                                                                                                                                http:\/\/www.francetvinfo.fr\/monde\/revolte-en-syrie\/info-franceinfo-crise-humanitaire-a-alep-cecile-duflot-herve-mariton-et-patrick-mennucci-se-rendent-en-syrie_1963045.html\n\n<strong>-300 Fran\u00e7aises dans les rangs de l&#8217;organisation Etat islamique, &#8220;les fianc\u00e9es du djihad&#8221; (un reportage de Sophie Parmentier; son) : <\/strong>                                                                                                   https:\/\/www.franceinter.fr\/emissions\/interception\/interception-11-decembre-2016\n\n-En Gambie, apr\u00e8s avoir reconnu sa d\u00e9faite, le dictateur Jammeh conteste les r\u00e9sultats :                                                                                                                                                                                      http:\/\/www.lemonde.fr\/afrique\/article\/2016\/12\/10\/apres-avoir-accepte-sa-defaite-yahya-jammeh-rejette-les-resultats-de-la-presidentielle-gambienne_5046678_3212.html\n\n-Au Ghana, le chef de l&#8217;opposition remporte l&#8217;\u00e9lection pr\u00e9sidentielle face au pr\u00e9sident sortant :                                                                                          http:\/\/www.lemonde.fr\/afrique\/article\/2016\/12\/10\/ghana-nana-akufo-addo-remporte-officiellement-l-election-presidentielle_5046676_3212.html\n\n<strong>-&#8220;Afrique, le grand d\u00e9fi s\u00e9curitaire&#8221; (Florian Delorme; sons :\n<\/strong>\n\n   -&#8220;Burkina Faso et Togo, l&#8217;arm\u00e9e au coeur du pouvoir&#8221; (Philippe Hugon, professeur \u00e9m\u00e9rite \u00e0 Paris-Nanterre; Joel Glasman professeur d&#8217;histoire \u00e0 l&#8217;Universit\u00e9 de Humbolt de Berlin et Roland Marchal du CERI de Sciences Po : https:\/\/www.franceculture.fr\/emissions\/culturesmonde\/afrique-le-grand-defi-securitaire-14-burkina-togo-les-armees-africaines-au\n\n   -&#8220;De Djibouti \u00e0 Nouakchott, l&#8217;influence des puissances \u00e9trang\u00e8res&#8221; (les chercheuses Amandine Gnangu\u00eanon et Maya Kandel avec Jean-Philippe Remy du &#8220;Monde&#8221;) :                                                      https:\/\/www.franceculture.fr\/emissions\/culturesmonde\/afrique-le-grand-defi-securitaire-24-de-djibouti-nouakchott-linfluence-des\n\n   -&#8220;RDC, Centrafrique et Soudan, les limites de l&#8217;action onusienne&#8221; (Bernard Miyet de l&#8217;Association fran\u00e7aise des Nations Unies; Aline Leboeuf, chercheuse \u00e0 l&#8217;IFRI; Herv\u00e9 Ladsous, secr\u00e9taire g\u00e9n\u00e9ral-adjoint des Nations Unies et le journaliste S\u00e9bastien Le Belzic : https:\/\/www.franceculture.fr\/emissions\/culturesmonde\/afrique-le-grand-defi-securitaire-34-rdc-centrafrique-soudan-les-limites-de\n\n   -&#8220;Somalie, lac Tchad, Sahel, quand les arm\u00e9es africaines s&#8217;unissent&#8221; (Sonia Le Gouriellec, chercheuse \u00e0 l&#8217;IRSM; la politologue Louisa Driss-A\u00eft Hamadouche et le journaliste Seidik Abba) :               https:\/\/www.franceculture.fr\/emissions\/culturesmonde\/afrique-le-grand-defi-securitaire-44-somalie-lac-tchad-sahel-quand-les\n\n-&#8220;L&#8217;\u00e9quipe de transition de Donald Trump s&#8217;attaque au minist\u00e8re de l&#8217;Energie&#8221; :                                                                                                                                                                                  http:\/\/www.lemonde.fr\/ameriques\/article\/2016\/12\/10\/l-equipe-de-transition-de-donald-trump-met-son-nez-dans-le-departement-de-l-energie_5046682_3222.html\n\n-&#8220;Roi de la malbouffe et des bas salaires, Andy Puzder, futur ministre du Travail de Donald Trump&#8221; (Pierre Carrey) :                                                                                                                                            http:\/\/www.liberation.fr\/planete\/2016\/12\/10\/roi-de-la-malbouffe-et-des-bas-salaires-voici-andy-puzder-ministre-du-travail-de-donald-trump_1534363#link_time\n\n<strong>-&#8220;Le gouvernement des milliardaires&#8221; (Fran\u00e7ois Cl\u00e9menceau; vid\u00e9o) : <\/strong>                        http:\/\/www.lejdd.fr\/International\/USA\/Trump-et-le-gouvernement-des-milliardaires-831070\n\n-&#8220;Selon la CIA, la Russie a voulu aider Trump \u00e0 gagner l&#8217;\u00e9lection am\u00e9ricaine&#8221; :                                                                                                                                                                                      http:\/\/www.liberation.fr\/planete\/2016\/12\/10\/la-cia-a-acquis-la-certitude-que-la-russie-a-voulu-aider-trump-a-gagner-l-election-americaine_1534379?xtor\n\n-&#8220;La Maison Blanche demande une enqu\u00eate&#8221; (Gilles Paris) :                                                                                                                                                                                                                            http:\/\/www.lemonde.fr\/ameriques\/article\/2016\/12\/09\/obama-veut-un-examen-approfondi-du-role-de-moscou-dans-la-presidentielle_5046658_3222.html\n\n<strong>CULTURE-MEDIAS<\/strong>\n\n<strong>-&#8220;C&#8217;est quoi \u00eatre jeune ?&#8221; (Edgar Morin; vid\u00e9o) :<\/strong>  https:\/\/www.youtube.com\/watch?v=FMNKM_Fx4NE\n\n-&#8220;Une guerre, c&#8217;est 15 ans !&#8221; (le g\u00e9n\u00e9ral Vincent Desportes; propos recueilli par J\u00e9r\u00f4me Badie) :                                                                                                                                                            http:\/\/www.lemonde.fr\/tant-de-temps\/article\/2016\/12\/09\/vincent-desportes-le-stratege-construit-le-present-a-partir-du-futur_5046116_4598196.html\n\n-&#8220;Disputes&#8221; autour de trois livres, dont le dernier ouvrage de Jean-Pierre Chev\u00e8nement  (Jean-Marie Durand des &#8220;Inrock&#8221;; Laurent Bouvet de la Fondation Jean-Jaur\u00e8s; Jean-Laurent Cassely de &#8220;Slate&#8221;; Catherine Coquio et Manuel Cervera-Marzal de l&#8217;universit\u00e9 Paris-Diderot; vid\u00e9o) : https:\/\/www.youtube.com\/watch?v=kZ-jeJnJDIE\n\n-&#8220;Les affects de la politique&#8221;, le dernier ouvrage du philosophe et \u00e9conomiste Fr\u00e9d\u00e9ric Lordon (ce qu&#8217;en pensent Alexis Brezet du &#8220;Figaro&#8221; et Gr\u00e9goire Biseau de &#8220;Lib\u00e9ration&#8221;; invit\u00e9s de Laurence Luret; son) : https:\/\/www.franceinter.fr\/emissions\/le-club-des-idees\/le-club-des-idees-11-decembre-2016\n\n<strong>-&#8220;Peux-t-on produire une expertise scientifique au dessus de tout soup\u00e7on ?&#8221; (Barbara Demeneix, chercheuse, sp\u00e9cialiste des perturbateurs endocriniens; St\u00e9phane Foucart, journaliste au &#8220;Monde&#8221; et Mathias Girel, directeur du d\u00e9partement philosophie \u00e0 l&#8217;Ecole normale sup\u00e9rieure; dans &#8220;Le Grain \u00e0 moudre&#8221; de Herv\u00e9 Gardette; son) :                               <\/strong>                                      https:\/\/www.franceculture.fr\/emissions\/du-grain-moudre\/peut-produire-une-expertise-scientifique-au-dessus-de-tout-soupcon\n\n-&#8220;En lisant &#8220;Madame Bovary&#8221;, j&#8217;ai lu ma vie&#8221; (l&#8217;actrice Tiphaine Raffier; entretien r\u00e9alis\u00e9 par Emmanuel Tellier) :                                                                                                                                     http:\/\/www.telerama.fr\/etats-genereux\/en-lisant-madame-bovary-j-ai-lu-ma-vie-tiphaine-raffier-actrice,151207.php#xtor\n\n-&#8220;Mes regrets sont des remords&#8221; (Fr\u00e9d\u00e9ric Mitterrand, invit\u00e9 de &#8220;Salut les Terriens&#8221;; vid\u00e9o) : http:\/\/replay.c8.fr\/video\/1427828\n\n<strong>-&#8220;La m\u00e9lancolie n&#8217;est pas seulement un fleuve noir, c&#8217;est aussi une rivi\u00e8re sucr\u00e9e&#8221; (le po\u00e8te belge Carl Norac; invit\u00e9 de Eva Bester; son) :  <\/strong>                                                                                               https:\/\/www.franceinter.fr\/emissions\/remede-a-la-melancolie\/remede-a-la-melancolie-11-decembre-2016\n\n-Jusqu&#8217;au 15 d\u00e9cembre, &#8220;un irr\u00e9sistible &#8220;Don Giovanni&#8221; de Mozart au Th\u00e9\u00e2tre des Champs-Elys\u00e9es&#8221; (Sophie Bourdais) :                                                                                                                              http:\/\/www.telerama.fr\/sortir\/un-sombre-mais-irresistible-don-giovanni-au-theatre-des-champs-elysees,151236.php#xtor\n\n-Helsinki n&#8217;aura pas son Guggenheim (Luc Le Chatelier) : http:\/\/www.telerama.fr\/scenes\/helsinki-guggenheim-c-est-fini,151238.php#xtor\n\n-Apr\u00e8s l&#8217;inauguration de la grotte Lascaux IV, &#8220;l&#8217;art du pal\u00e9olithique en trois mouvements&#8221; (Pierre Ropert; son) :                                                                                                                                      https:\/\/www.franceculture.fr\/histoire\/sur-les-parois-des-grottes-lart-du-paleolithique-en-trois-mouvements\n\n-La grotte d\u00e9couvre ses fresques (Audrey Dufour; vid\u00e9os) : http:\/\/www.la-croix.com\/France\/Lascaux-IV-devoile-ses-fresques-2016-12-09-1200809351?utm_source\n<iframe loading=\"lazy\" title=\"VIDEO 360. Visite des grottes de Lascaux 4\" width=\"500\" height=\"281\" src=\"https:\/\/www.youtube.com\/embed\/uFzexBavkhg?feature=oembed\" frameborder=\"0\" allow=\"accelerometer; autoplay; clipboard-write; encrypted-media; gyroscope; picture-in-picture; web-share\" referrerpolicy=\"strict-origin-when-cross-origin\" allowfullscreen><\/iframe>\n\n<strong>-En remontant le temps, de l&#8217;inauguration de la r\u00e9plique \u00e0 la d\u00e9couverte de la grotte (vid\u00e9o)<\/strong> : http:\/\/www.francetvinfo.fr\/sciences\/histoire\/prehistoire-lascaux-iv-inaugure_1963225.html\n\n<strong>-Le point de vue du pal\u00e9ontologue Yves Coppens, membre de l&#8217;Acad\u00e9mie des Sciences; invit\u00e9 de David Abiker; son, amener le curseur sur 9:28) : <\/strong>           http:\/\/www.europe1.fr\/emissions\/c-est-arrive-demain\/cest-arrive-demain-david-abiker-111216-2923925\n\n-La chanteuse franco-canadienne Madeleine Peyroux, souvent compar\u00e9e \u00e0 Billie Holiday, en session priv\u00e9e (Pierryk Allain; vid\u00e9o) :                                                                                                      http:\/\/www.telerama.fr\/musique\/son-lumiere-madeleine-peyroux-en-session-privee,151179.php#xtor\n\n<strong>-Juliette, Grand Prix Sacem 2016 de la chanson fran\u00e7aise et Prix Chanson de l&#8217;Acad\u00e9mie Charles Cros; invit\u00e9e de David Abiker; son, amener le curseur sur 25:04) :            <\/strong>                                                                         http:\/\/www.europe1.fr\/emissions\/c-est-arrive-demain\/cest-arrive-demain-david-abiker-111216-2923925\n\n-Retrouver &#8220;Suicide&#8221; avec Fran\u00e7ois Gorin -vid\u00e9o et sons) :                                                                                                                                                                                                                  http:\/\/www.telerama.fr\/musique\/suicide-1-tremblement-d-ether-et-radiations-congelees,151224.php                                                                                                                                                   http:\/\/www.telerama.fr\/musique\/suicide-2-faites-un-reve-au-hasard,151245.php#xtor\n\n-Les Rolling Stones, conservateurs du blues&#8221; (Brice Couturier; son) : https:\/\/www.franceculture.fr\/emissions\/le-tour-du-monde-des-idees\/les-rolling-stones-conservateurs-du-blues\n\n<strong>-&#8220;Bob Dylan, l&#8217;histoire d&#8217;un homme libre&#8221; (vid\u00e9o) : <\/strong> http:\/\/www.francetvinfo.fr\/monde\/prix-nobel\/bob-dylan-l-histoire-d-un-homme-libre_1963235.html\n\n-Epitaphe pour Greg Lake (Daniel Salvatore Schiffer; vid\u00e9os sur les liens) : https:\/\/blogs.mediapart.fr\/daniel-salvatore-schiffer\/blog\/091216\/epitaphe-pour-greg-lake\n\n<strong>-Le centenaire de L\u00e9o Ferr\u00e9 (Jean-Fran\u00e7ois Lixon et Rouzane Avanissian; vid\u00e9os) :<\/strong> http:\/\/culturebox.francetvinfo.fr\/musique\/chanson-francaise\/le-centenaire-de-leo-ferre-l-interview-inedite-249929\n\n-Le rappeur Ma\u00eetre Gims \u00e9tait l&#8217;invit\u00e9 de &#8220;On n&#8217;est pas couch\u00e9&#8221; (vid\u00e9o) :                                                                                                                                                                                                  http:\/\/www.france2.fr\/emissions\/on-n-est-pas-couche\/videos\/maitre_gims_-_on_nest_pas_couche_10_decembre_2016_onpc_11-12-2016_1419721?onglet=tous&#038;page=1\n\n-&#8220;Nouvelle mobilisation pour le r\u00e9alisateur iranien Keywan Karimi&#8221; (Caroline Besse; vid\u00e9o) :                                                                                                                                                                 http:\/\/www.telerama.fr\/cinema\/nouvelle-mobilisation-pour-le-realisateur-iranien-keywan-karimi,151239.php#xtor\n\n-La directrice de l&#8217;Institut polonais de Berlin limog\u00e9e (Gilles Bouvais) :                                                                                                                                                                                                http:\/\/www.telerama.fr\/scenes\/la-directrice-de-l-institut-polonais-de-berlin-limogee-une-nouvelle-victime-de-la-politique-de-la-memoire,151241.php#xtor\n\n<strong>-&#8220;La raison de mes personnages est la cause de leur folie&#8221; (Isabelle Adjani qui incarne une m\u00e9decin du travail dans &#8220;Carole Matthieu&#8221; de Louis-Julie Petit; entretien r\u00e9alis\u00e9 par Olivia Gesbert; son) <\/strong> : https:\/\/www.franceculture.fr\/emissions\/la-grande-table-1ere-partie\/isabelle-adjani-la-raison-de-mes-personnages-est-la-cause-de\n\n<strong>-Son interview dans &#8220;l&#8217;Humanit\u00e9&#8221; (entretien r\u00e9alis\u00e9 par Caroline Constant) :   <\/strong>                                                                                                                                                                                 http:\/\/www.humanite.fr\/isabelle-adjani-carole-matthieu-prend-la-parole-pour-ceux-quon-etrangles-qui-nont-plus-de-voix\n\n-&#8220;L&#8217;Encyclop\u00e9die Delon&#8221; de Patrice Leconte au 20H de France 2 (vid\u00e9o) :            http:\/\/www.francetvinfo.fr\/culture\/cinema\/culture-l-encyclopedie-delon-revient-sur-la-carriere-de-ce-mythique-acteur_1964547.html\n\n<strong>-&#8220;Curieusement, ceux qui sont contre l&#8217;IVG sont les m\u00eames qui sont pour la peine de mort&#8221; (Josiane Balasko, invit\u00e9e d&#8217;Augustin Trapenard; son) :       <\/strong>                                                                 https:\/\/www.franceinter.fr\/emissions\/boomerang\/boomerang-09-decembre-2016\n\n-En 1958, le centenaire Kirk Douglas interrog\u00e9 par France Roche (vid\u00e9o de l&#8217;Ina) : http:\/\/www.ina.fr\/video\/I00010460\n\n<strong>-Rebelle et &#8220;homme parfait&#8221; (Olivier Perrin; vid\u00e9os) : <\/strong> https:\/\/www.letemps.ch\/opinions\/2016\/12\/09\/kirk-douglas-rebelle-homme-parfait-fete-100-ans-9-decembre\n\n-Il y a 50 ans, &#8220;La Grande vadrouille&#8221; de G\u00e9rard Oury d\u00e9barquait sur les \u00e9crans (vid\u00e9o de l&#8217;Ina) : http:\/\/www.ina.fr\/video\/S606135_001\/il-y-a-50-ans-la-grande-vadrouille-fait-fureur-video.html\n\n-Le retour de &#8220;Spider-Man&#8221;, &#8220;un pacte bien huil\u00e9 entre Marvel et Sony pour faire marcher la planche \u00e0 billets&#8221; (J\u00e9r\u00e9mie Maire; vid\u00e9os) :                                                                                        http:\/\/www.telerama.fr\/cinema\/spider-man-homecoming-la-super-toile-finement-tissee-entre-marvel-et-sony,151262.php#xtor\n\n-Laurent Delmas conseille le film roumain Cristian Mungiu &#8220;Baccalaur\u00e9at&#8221;, prix de la Mise en sc\u00e8ne \u00e0 Cannes  (son) :                                                                                                                                         https:\/\/www.franceinter.fr\/emissions\/la-prescription-cinema-de-laurent-delmas\/la-prescription-cinema-de-laurent-delmas-10-decembre-2016\n\n-Avec Christine Masson, ils ont re\u00e7u le r\u00e9alisateur Gustave Kerven et l&#8217;acteur Philippe Laudenback, pour la nouvelle com\u00e9die de Sophie Reine &#8220;Cigarettes et chocolat chaud&#8221; (son et vid\u00e9os) :               https:\/\/www.franceinter.fr\/emissions\/on-aura-tout-vu\/on-aura-tout-vu-10-decembre-2016\n\n<strong>-&#8220;Michel Audiard, la saga du tonton gouailleur&#8221; (vid\u00e9o) : <\/strong> http:\/\/www.francetvinfo.fr\/culture\/cinema\/michel-audiard-la-saga-du-tonton-gouailleur_1963215.html\n\n<strong>-Jean-Claude Carri\u00e8re re\u00e7oit le prix de &#8220;l&#8217;Acad\u00e9mie europ\u00e9enne du cin\u00e9ma&#8221; (propos recueillis par Mich\u00e8le Levieux) :   <\/strong>                                                                                                                   http:\/\/www.humanite.fr\/jean-claude-carriere-honore-par-ses-pairs-europeens-wroclaw-628201\n\n-&#8220;Que nous r\u00e9serve le MK2 VR d\u00e9di\u00e9 \u00e0 la r\u00e9alit\u00e9 virtuelle ?&#8221; (Caroline Besse) :                                                                                                                                                                             http:\/\/www.telerama.fr\/sortir\/que-nous-reserve-mk2-vr-premier-espace-permanent-de-realite-virtuelle-a-paris,151234.php#xtor\n\n-&#8220;Je l&#8217;ai test\u00e9 et j&#8217;ai failli crier&#8221; (vid\u00e9os) : http:\/\/www.telerama.fr\/cinema\/j-ai-teste-le-cinema-en-realite-virtuelle-et-j-ai-failli-crier,139512.php\n\n-L&#8217;actualit\u00e9 culturelle de la semaine (Laurence Piquet; vid\u00e9o) : http:\/\/www.francetvinfo.fr\/economie\/emploi\/metiers\/art-culture-edition\/culture-ce-qu-il-ne-faut-pas-manquer_1962925.html\n\nLes 20 images anim\u00e9es les plus populaires sur le Web en 2016 (selon le site &#8220;Giphy&#8221;; vid\u00e9os en cliquant sur les liens) :                                                                                                                    http:\/\/variety.com\/2016\/digital\/news\/most-popular-gifs-2016-obama-zootopia-1201936090\/\n\n-Les cents ans du &#8220;Canard enchain\u00e9&#8221; (son) : https:\/\/www.franceinter.fr\/emissions\/regard-sur-les-medias\/regard-sur-les-medias-10-decembre-2016\n\n<strong>-&#8220;On ne veut pas de toi dans la secte du 20 H&#8221; (le SNJ) :<\/strong>  http:\/\/snj-francetv.fr\/20h00-de-france-2-on-ne-veut-pas-de-toi-dans-la-secte\/\n\n<strong>-&#8220;Le v\u00e9ritable risque, c&#8217;est l&#8217;autocensure des journalistes&#8221; (Julia Cag\u00e9, professeur \u00e0 Sciences Po, auteure de &#8220;Sauver les m\u00e9dias&#8221;; propos recueillis par H\u00e9l\u00e8ne Riffaudeau) :<\/strong>                                        http:\/\/teleobs.nouvelobs.com\/le-grand-oral\/20161207.OBS2302\/julia-cage-le-veritable-risque-c-est-l-autocensure-des-journalistes.html#\n\n<strong>-Tout au long de l&#8217;ann\u00e9e, des professionnels de France Inter, dans une classe pour faire de l&#8217;\u00e9ducation aux m\u00e9dias (Emmanuelle Daviet dans &#8220;Interclass'&#8221;; son :    <\/strong>                                       https:\/\/www.franceinter.fr\/emissions\/interclass\/interclass-11-decembre-2016\n\n<em>-L&#8217;exposition des enfants aux images violentes ou pornographique (OPINION-WAY)<\/em> : http:\/\/www.opinion-way.com\/pdf\/opinion_way_pour_ennocence_-_l_exposition_des_enfants_aux_images_a_caractere_violent_ou_pornographique_sur_internet_-_novembre_2016.pdf\n\n-Sur Canal + Cin\u00e9ma, &#8220;la belle dynamique du &#8220;Cercle&#8221;, la nouvelle formule de l&#8217;\u00e9mission d&#8217;Augustin Trapenard&#8221; (Nicolas Didier; vid\u00e9o) :                                                               http:\/\/television.telerama.fr\/television\/la-belle-dynamique-du-cercle-d-augustin-trapenard,150647.php#xtor\n\n-&#8220;Cannabis&#8221;, la nouvelle s\u00e9rie d&#8217;Arte, vue par les critiques (vid\u00e9o) : http:\/\/www.telerama.fr\/series-tv\/tetes-de-series-17-alors-cannabis-ca-roule,151233.php#xtor\n\n-&#8220;Dans les m\u00e9andres du trafic de drogue europ\u00e9en&#8221; (Emilie Gavoille; vid\u00e9o) :                http:\/\/www.telerama.fr\/series-tv\/la-serie-cannabis-explore-les-meandres-du-trafic-en-europe,150642.php\n\n<strong>-Revoir le premier \u00e9pisode ici (vid\u00e9o pendant 3 jours) :  <\/strong>                                    http:\/\/www.arte.tv\/guide\/fr\/060764-001-A\/cannabis-1-6 \n\n-&#8220;Ces hommes qui d\u00e9cident pour les femmes&#8221; (Muriel Robin dans &#8220;Salut les Terriens&#8221;; vid\u00e9o) : http:\/\/replay.c8.fr\/video\/1427838\n\n<strong>-&#8220;Esbaudissons-nous de la pr\u00e9cocit\u00e9 de Mozart&#8221; (Pierre Desproges; vid\u00e9o de l&#8217;Ina) : <\/strong> http:\/\/www.ina.fr\/video\/CPC84051096\/esbaudissons-nous-de-la-precocite-de-mozart-video.html\n\n-Dans le XXe arrondissement de Paris, &#8220;M\u00e9lenchon, \u00e0 poil !&#8221; (vid\u00e9o) :                     \nhttp:\/\/www.lci.fr\/elections\/video-a-poil-melenchon-regardez-l-accueil-endiable-reserve-au-candidat-dans-un-bar-parisien-2016916.html%3Ftype=content\n\n-Guillon 2017 (vid\u00e9o) : http:\/\/replay.c8.fr\/video\/1427830\n\n<strong>-Les humoristes politiques (&#8220;13H15 le dimanche&#8221;; vid\u00e9o) :     <\/strong>                http:\/\/www.francetvinfo.fr\/replay-magazine\/france-2\/13h15\/13h15-du-dimanche-11-decembre-2016_1952749.html \n<h2 class=\"wp-block-heading\">Documents joints<\/h2>\n\n\n\n<div class=\"wp-block-file\"><a href=\"https:\/\/wp.muchomaas.com\/wp-content\/uploads\/2016\/12\/les_parlementaires_denoncent_un-138.pdf\">les_parlementaires_denoncent_un.pdf<\/a><\/div>\n\n\n\n<div class=\"wp-block-file\"><a href=\"https:\/\/wp.muchomaas.com\/wp-content\/uploads\/2016\/12\/le_liban_est_comme_un_homme_suspendu_dans_le_vide_au_douzieme_etage-e1b.pdf\">le_liban_est_comme_un_homme_suspendu_dans_le_vide_au_douzieme_etage.pdf<\/a><\/div>\n\n\n","protected":false},"excerpt":{"rendered":"<p>ACTUALITE -&#8220;Rendez-nous nos postiers, on n&#8217;est pas des banquiers. La Poste en souffrance&#8221; (Nicolas Gal\u00e9pides, secr\u00e9taire g\u00e9n\u00e9ral de Sud-PTT; interrog\u00e9 par Patricia Martin et Pierre Weill) : https:\/\/www.franceinter.fr\/emissions\/itw-societe-civile\/itw-societe-civile-11-decembre-2016 -&#8220;Le gouvernement repousse l&#8217;\u00e9vacuation de la ZAD de Notre-Dame-des-Landes&#8221; (R\u00e9mi Barroux) : http:\/\/www.lemonde.fr\/planete\/article\/2016\/12\/10\/le-gouvernement-renonce-a-evacuer-la-zad-de-notre-dame-des-landes_5046691_3244.html -Les p\u00e8res No\u00ebl verts du Secours populaire f\u00eatent leur quarante ans (vid\u00e9o) : http:\/\/www.francetvinfo.fr\/decouverte\/noel\/secours-populaire-les-peres-noel-verts-fetent-leur-40-ans_1962993.html [&hellip;]<\/p>\n","protected":false},"author":1042,"featured_media":0,"comment_status":"open","ping_status":"open","sticky":false,"template":"","format":"standard","meta":{"_themeisle_gutenberg_block_has_review":false,"footnotes":""},"categories":[151],"tags":[],"class_list":["post-10069","post","type-post","status-publish","format-standard","hentry","category-la-revue-de-presse-de-lulu"],"_links":{"self":[{"href":"https:\/\/archives.regards.fr\/index.php?rest_route=\/wp\/v2\/posts\/10069","targetHints":{"allow":["GET"]}}],"collection":[{"href":"https:\/\/archives.regards.fr\/index.php?rest_route=\/wp\/v2\/posts"}],"about":[{"href":"https:\/\/archives.regards.fr\/index.php?rest_route=\/wp\/v2\/types\/post"}],"author":[{"embeddable":true,"href":"https:\/\/archives.regards.fr\/index.php?rest_route=\/wp\/v2\/users\/1042"}],"replies":[{"embeddable":true,"href":"https:\/\/archives.regards.fr\/index.php?rest_route=%2Fwp%2Fv2%2Fcomments&post=10069"}],"version-history":[{"count":0,"href":"https:\/\/archives.regards.fr\/index.php?rest_route=\/wp\/v2\/posts\/10069\/revisions"}],"wp:attachment":[{"href":"https:\/\/archives.regards.fr\/index.php?rest_route=%2Fwp%2Fv2%2Fmedia&parent=10069"}],"wp:term":[{"taxonomy":"category","embeddable":true,"href":"https:\/\/archives.regards.fr\/index.php?rest_route=%2Fwp%2Fv2%2Fcategories&post=10069"},{"taxonomy":"post_tag","embeddable":true,"href":"https:\/\/archives.regards.fr\/index.php?rest_route=%2Fwp%2Fv2%2Ftags&post=10069"}],"curies":[{"name":"wp","href":"https:\/\/api.w.org\/{rel}","templated":true}]}}