{"id":10068,"date":"2016-12-10T06:49:30","date_gmt":"2016-12-10T05:49:30","guid":{"rendered":"https:\/\/wp.muchomaas.com\/article-la-revue-du-10-decembre-2016\/"},"modified":"2016-12-10T06:49:30","modified_gmt":"2016-12-10T05:49:30","slug":"article-la-revue-du-10-decembre-2016","status":"publish","type":"post","link":"https:\/\/archives.regards.fr\/?p=10068","title":{"rendered":"La Revue du 10 d\u00e9cembre 2016"},"content":{"rendered":"<p><strong>ACTUALITE<\/strong><\/p>\n<p>-&#8220;L&#8217;indemnisation (des usagers), cela permet de renforcer le lien de confiance avec nos clients. Les bonnes d\u00e9cisions ont \u00e9t\u00e9 prises mais il faudra des ann\u00e9e pour arriver \u00e0 la normale. Il y a une trentaine d&#8217;ann\u00e9es, toute la France, \u00e0 gauche et \u00e0 droite, r\u00e9clamait des TGV&#8221; (Guillaume P\u00e9py, PDG de la SNCF; face \u00e0 Nicolas Pierron; vid\u00e9o) :                                                                                      http:\/\/www.dailymotion.com\/video\/x54s83w_l-indemnisation-cela-permet-de-renforcer-le-lien-de-confiance-avec-nos-clients-guillaume-pepy-09-12_news<\/p>\n<p><strong>-&#8220;L&#8217;industrie du jouet ne fait pas de cadeau aux femmes&#8221; (M\u00e9gane Ghorbani, charg\u00e9e de mission chez &#8220;ActionAid France&#8221; et avec Marie-Claude Hessler, actionnaire chez Mattel (propos recueillis par Cop\u00e9lia M\u00e9nardi) :<\/strong> https:\/\/www.50-50magazine.fr\/2016\/12\/08\/derriere-les-emballages-cadeau-revelations-sur-lindustrie-du-jouet\/<\/p>\n<p>-Le rapport explosif de G\u00e9rard Longuet, s\u00e9nateur LR de la Meuse, sur l&#8217;augmentation du temps de travail des professeurs (Marie-Christine Corbier) :                                                                                         http:\/\/www.lesechos.fr\/tech-medias\/medias\/0211577541211-orange-interesse-par-un-rachat-de-canal-si-la-chaine-etait-a-vendre-2049111.php<\/p>\n<p>-Augmenter de 2 heures le temps d&#8217;enseignement par semaine (Fr\u00e9d\u00e9ric Berg\u00e9 et Marie-Estelle Pech) :                                                                                                                                         http:\/\/bfmbusiness.bfmtv.com\/france\/un-rapport-choc-du-senat-veut-allonger-le-temps-de-travail-des-profs-1068378.html                                                                                                                              http:\/\/www.lefigaro.fr\/actualite-france\/2016\/12\/08\/01016-20161208ARTFIG00053-education-les-heures-supplementaires-des-enseignants-coutent-un-milliard-d-euros-par-an.php<\/p>\n<p><strong>-&#8220;L&#8217;UNEF devanc\u00e9e par la FAGE, un cataclysme discret \u00e0 l&#8217;Universit\u00e9&#8221; (Fr\u00e9d\u00e9ric Amiel) :<\/strong> https:\/\/wp.muchomaas.com\/web\/article\/l-unef-devance-par-la-fage-un-cataclysme-discret-a-l-universite<\/p>\n<p>-La Banque de France abaisse ses pr\u00e9visions de croissance \u00e0 1,3% en 2016 et 2017 :                                                                                                                                                                                  http:\/\/www.lemonde.fr\/economie-francaise\/article\/2016\/12\/09\/la-banque-de-france-abaisse-ses-previsions-de-croissance-a-1-3-en-2016-et-2017_5046063_1656968.html<\/p>\n<p><strong>-La lutte contre la corruption (Eric Alt, magistrat sp\u00e9cialis\u00e9 dans les affaires de corruption; interrog\u00e9 par Dimitri Pavlenko; son) :     <\/strong>                                                                                                   http:\/\/www.sudradio.fr\/Podcasts\/L-invite-pour-comprendre\/Eric-Alt-magistrat-specialiste-des-affaires-de-corruption<\/p>\n<p>-&#8220;R\u00e9volution dans la mani\u00e8re de  travailler dans le quartier de la D\u00e9fense \u00e0 Paris ?&#8221; (Marie C\u00e9lie Guillaume, directrice g\u00e9n\u00e9rale de &#8220;De Facto&#8221;; son) :                                                                         http:\/\/www.sudradio.fr\/Podcasts\/L-invite-pour-comprendre\/Marie-Celie-Guillaume-Directrice-Generale-de-De-Facto<\/p>\n<p>-&#8220;Ecologie sans fronti\u00e8res&#8221; avait d\u00e9pos\u00e9 une plainte en 2014 contre la pollution. Elle a \u00e9t\u00e9 class\u00e9e sans suite (le vice-pr\u00e9sident de l&#8217;association Nadir Sa\u00effi, re\u00e7u par Dimitri Pavlenko; son) :       http:\/\/www.sudradio.fr\/Podcasts\/L-invite-pour-comprendre\/Nadir-Saifi-vice-President-d-Ecologie-Sans-Frontieres<\/p>\n<p><strong>-L&#8217;\u00e9pisode de pollution de l&#8217;air se poursuivra, jusqu&#8217;\u00e0 un changement des conditions m\u00e9t\u00e9orologiques (Baptiste Gaborit; son) :<\/strong>                                                                                                                  http:\/\/www.radioclassique.fr\/player\/progaction\/initPlayer\/podcast\/3-minutes-pour-la-planete-2016-12-09-06-47-16.html<\/p>\n<p>-La circulation altern\u00e9e, une bonne affaire pour certains professionnels (vid\u00e9o) :                                                                                                                                                                              http:\/\/www.francetvinfo.fr\/meteo\/particules-fines\/circulation-alternee\/circulation-alternee-une-bonne-affaire-pour-certains-professionnels_1961403.html<\/p>\n<p>-&#8220;Un manque de vision politique qui confine \u00e0 l&#8217;aveuglement&#8221; (Alba Ventura; vid\u00e9o) :                                                                                                                                                                                     http:\/\/www.rtl.fr\/actu\/politique\/pollution-un-manque-de-vision-politique-qui-confine-a-l-aveuglement-deplore-alba-ventura-7786197054<\/p>\n<p>-&#8220;Le risque de coupure d&#8217;\u00e9lectricit\u00e9 reste mineur&#8221; (Gary Dagorn) : http:\/\/www.lemonde.fr\/les-decodeurs\/article\/2016\/12\/08\/la-france-risque-t-elle-des-coupures-d-electricite_5045702_4355770.html<\/p>\n<p><strong>-Les implants contraceptifs en question (le professeur Isra\u00ebl Nisand; vid\u00e9o) : <\/strong> http:\/\/www.francetvinfo.fr\/faits-divers\/justice-proces\/contraception-les-implants-contraceptifs-en-question_1961229.html<\/p>\n<p>-Marielle Klein t\u00e9moigne (son) : http:\/\/www.rtl.fr\/actu\/societe-faits-divers\/implants-essure-il-y-avait-un-deni-marielle-klein-7786203268<\/p>\n<p>-Nouveau coup dur pour les producteurs de foie gras du Gers (Feriel Alouti) :                                                                                                                                                                                         http:\/\/www.lemonde.fr\/planete\/article\/2016\/12\/08\/dans-le-gers-les-producteurs-de-foie-gras-face-a-l-hecatombe-de-la-grippe-aviaire_5045920_3244.html<\/p>\n<p>-Les interdictions de manifester jug\u00e9es sur le fond par le Tribunal administratif (Julia Pascual) :                                                                                                                                                      http:\/\/www.lemonde.fr\/police-justice\/article\/2016\/12\/09\/les-interdictions-de-manifester-jugees-sur-le-fond-pour-la-premiere-fois_5046019_1653578.html<\/p>\n<p>-Deux fausses victimes d&#8217;attentats condamn\u00e9es (vid\u00e9o) :                                                                                                                                                                                                                        http:\/\/www.francetvinfo.fr\/faits-divers\/terrorisme\/attaques-du-13-novembre-a-paris\/victimes-des-attentats-a-paris\/attentats-deux-fausses-victimes-condamnees_1961137.html<\/p>\n<p><em>-La crainte des attentats pendant les f\u00eates (ODOXA) : <\/em> http:\/\/www.odoxa.fr\/sondage\/barometre-securite-71-francais-craignent-attentat-pendant-fetes\/<\/p>\n<p>-&#8220;Cahuzac, la condamnation d&#8217;un homme pas d&#8217;un syst\u00e8me politique&#8221; (Yves Thr\u00e9ard du &#8220;Figaro&#8221;; vid\u00e9o) :                                                                                                                                                         http:\/\/www.europe1.fr\/emissions\/ledito-politique-dyves-threard\/cahuzac-la-condamnation-dun-homme-pas-celle-du-systeme-politique-2922581<\/p>\n<p>-&#8220;La fraude fiscale n&#8217;est pas une peccadille&#8221; (Daniel Cohn-Bendit; son) : http:\/\/www.europe1.fr\/emissions\/l-humeur\/la-fraude-fiscale-nest-pas-une-peccadille-2922770<\/p>\n<p><strong>-A partir de lundi, Christine Lagarde comparaitra devant la Cour de justice de la R\u00e9publique (Sara Ghibaudo; son) :    <\/strong>                                                                                                                https:\/\/www.franceinter.fr\/emissions\/dans-le-pretoire\/dans-le-pretoire-09-decembre-2016<\/p>\n<p><strong>POLITIQUE<\/strong><\/p>\n<p><strong>-&#8220;Manuel Valls fait comme s&#8217;il n&#8217;y avait plus de bilan. Le gouvernement, Fran\u00e7ois Hollande, la direction du PS cr\u00e9ent le d\u00e9sarroi parmi les \u00e9lecteurs de gauche. Nous avons d\u00e9cid\u00e9 d&#8217;aller avec Jean-Luc M\u00e9lenchon tout en cherchant \u00e0 aller au del\u00e0 du rassemblement que nous constituons avec lui. Les mesures Fillon vont faire voler aux \u00e9clats les h\u00f4pitaux, les \u00e9coles&#8230;Nous combattrons ses projets. Valls et Macron sont les deux v\u00e9ritables inspirateurs du quinquennat qui veulent se partager l&#8217;h\u00e9ritage&#8221; (Pierre Laurent; face \u00e0 Guillaume Durand; vid\u00e9o) :  <\/strong> http:\/\/www.dailymotion.com\/video\/x54s8ap<\/p>\n<p>-&#8220;J&#8217;ai d\u00e9cid\u00e9 de ne pas \u00eatre candidate \u00e0 la primaire&#8221; (Marie-No\u00eblle Lienemann; propos recueillis par Bastien Bonnefous) :                                                          http:\/\/www.lemonde.fr\/election-presidentielle-2017\/article\/2016\/12\/09\/lienemann-j-ai-decide-de-ne-pas-etre-candidate-a-la-primaire_5046596_4854003.html#xtor<\/p>\n<p><em> <em>-Sa d\u00e9claration (document) <\/em> : http:\/\/lienemann2017.fr\/2016\/12\/09\/jai-decide-de-ne-presenter-candidature-a-primaire-de-gauche\/<\/p>\n<p>-&#8220;Les postiers sont entr\u00e9s dans la phase France Telecom&#8221; (Olivier Besancenot; propos recueillis par Cl\u00e9mentine Autain) :                                               https:\/\/wp.muchomaas.com\/web\/article\/olivier-besancenot-les-postiers-sont-entres-dans-la-phase-france-telecom<\/p>\n<p><strong>-&#8220;J&#8217;aurais pr\u00e9f\u00e9r\u00e9 ne pas utiliser le 49.3. Je ne savais pas que Fran\u00e7ois Hollande ne voulait pas se repr\u00e9senter. Il y a entre le pr\u00e9sident et moi des liens que personne ne pourra rompre&#8221; (Manuel Valls, face \u00e0 Jean-Jacques Bourdin; vid\u00e9o) : <\/strong> http:\/\/www.bfmtv.com\/mediaplayer\/video\/manuel-valls-face-a-jean-jacques-bourdin-en-direct-893167.html<\/p>\n<p>-Primaire de la gauche, &#8220;il y a des trous dans leurs programmes&#8221;.  Sur le reportage de France 2 \u00e0 Sevran, &#8220;\u00e7a existe en France, la preuve en a \u00e9t\u00e9 apport\u00e9e; c&#8217;est une discrimination \u00e0 l&#8217;\u00e9gard des femmes&#8221; (la secr\u00e9taire d&#8217;Etat Axelle Lemaire; face \u00e0 Elizabeth Martichoux; vid\u00e9o) : http:\/\/www.rtl.fr\/actu\/politique\/primaire-ps-il-y-a-des-trous-dans-leurs-programmes-regrette-axelle-lemaire-7786197129<\/p>\n<p>-&#8220;Beno\u00eet Hamon a fait une prestation honorable sur France 2. Peillon, c&#8217;est avant tout  une torpille anti-Valls lanc\u00e9e par les partisans de Hollande. Les appels de Cambad\u00e9lis ne cherchent qu&#8217;\u00e0 faire passer le mistigri de la division sur M\u00e9lenchon et Macron. C&#8217;est un peu gros&#8221; (Guillaume Tabard du &#8220;Figaro&#8221;; vid\u00e9o) :                                                                                                                 http:\/\/www.radioclassique.fr\/player\/progaction\/iniPlayer\/podcast\/ledito-politique-de-guillaume-tabard-2016-12-09-08-13-27.html<\/p>\n<p>-&#8220;Il a d\u00e9cid\u00e9 de pr\u00e9senter sa candidature \u00e0 l&#8217;Election pr\u00e9sidentielle. Si les choses restent en l&#8217;\u00e9tat, effectivement l&#8217;\u00e9lection sera perdue. Le choix entre une ligne ultralib\u00e9rale autoritaire et une social-d\u00e9mocratie r\u00e9nov\u00e9e qu&#8217;incarne Beno\u00eet Hamon&#8221; (Mathieu Hanotin, d\u00e9put\u00e9 PS de la Seine-Saint-Denis; directeur de campagne de Beno\u00eet Hamon; vid\u00e9o, amener le curseur sur 17:20) :                                       http:\/\/www.lcp.fr\/emissions\/politique-matin\/279009-la-matinale-du-9-decembre-2016<\/p>\n<p>-&#8220;Le scud anti-Valls&#8221; (Maurice Szafran) : http:\/\/www.challenges.fr\/election-presidentielle-2017\/primaire-a-gauche-vincent-peillon-le-scud-anti-valls_441927<\/p>\n<p><strong>-&#8220;Les appels \u00e0 rejoindre la primaire sont ridicules. Je leur demande de ne pas me mettre sur le dos leurs divisions et leurs \u00e9checs. Je suis uniquement comptable de ce que j&#8217;ai fait comme ministre, pas du bilan. Je maintiendrai la TVA sociale et transformerai le CICE en baisse de charge p\u00e9renne, durable et pour toutes les entreprises. Nous ne supprimerons pas le di\u00e9sel mais il faut faire la convergence fiscale avec l&#8217;essence. Je n&#8217;ach\u00e8te pas les arguments de ceux qui sont fascin\u00e9s par Poutine, mais il faut discuter avec lui, sans complaisance, mais  avec r\u00e9alisme. La France ne doit plus faire de la destruction de Bachar Al Assad un pr\u00e9alable \u00e0 tout. Le pr\u00e9alable \u00e0 tout, c&#8217;est le secours des victimes et la destruction de Daesh et Al Nosra&#8221; (Emmanuel Macron, invit\u00e9 de &#8220;Territoires d&#8217;Infos&#8221;; vid\u00e9o) : <\/strong> http:\/\/www.sudradio.fr\/Politique\/L-interview-politique\/Emmanuel-Macron-Les-appels-a-rejoindre-la-primaire-sont-ridicules<\/p>\n<p>-Contre l&#8217;avis de la maire de Paris, les militants socialistes  de la 18e circonscription de la capitale choisissent la ministre du Travail Myriam El Khomri :                                                             http:\/\/www.lemonde.fr\/politique\/article\/2016\/12\/08\/legislatives-myriam-el-khomri-investie-de-justesse-par-les-militants-ps-a-paris_5045995_823448.html<\/p>\n<p>-&#8220;La campagne de Manuel Valls s&#8217;annonce difficile&#8221; (Christophe Barbier; vid\u00e9o) :                                                                                                                                                                                      http:\/\/www.bfmtv.com\/mediaplayer\/video\/l-edito-de-christophe-barbier-la-campagne-de-manuel-valls-ce-week-end-s-annonce-difficile-893157.html<\/p>\n<p>-&#8220;La menace terroriste existe, elle est pr\u00e9sente&#8221; (la secr\u00e9taire d&#8217;Etat Juliette M\u00e9adel; face \u00e0 Jeff Wittenberg; vid\u00e9o) :                                                                                                                       http:\/\/www.francetvinfo.fr\/faits-divers\/terrorisme\/attaques-du-13-novembre-a-paris\/victimes-des-attentats-a-paris\/juliette-meadel-la-menace-terroriste-existe-elle-est-presente_1961051.html<\/p>\n<p>-&#8220;Fillon a l&#8217;exp\u00e9rience de ce qui s&#8217;est pass\u00e9 avant avec Sarkozy et Hollande. A Gauche, c&#8217;est encore plus atomis\u00e9. MAM n&#8217;a rien a gagn\u00e9. La politique rend fou. Tous ces gens pensent \u00e0 eux-m\u00eames&#8221; (G\u00e9rard Leclerc et R\u00e9gis Le Sommier; vid\u00e9o) : http:\/\/www.dailymotion.com\/video\/x54s8jg_fillon-a-l-experience-de-ce-qui-s-est-passe-avant-avec-sarkozy-et-hollande-gerard-leclerc-09-12-201_news<\/p>\n<p>-Marine Le Pen pr\u00f4ne la fin de l&#8217;\u00e9ducation gratuite pour les enfants de sans-papiers (vid\u00e9o) : http:\/\/nr.news-republic.com\/Web\/ArticleWeb.aspx?regionid=2&#038;articleid=79636098<\/p>\n<p>-L&#8217;\u00e9cole, la nouvelle cible du FN (Gr\u00e9goire Biseau, r\u00e9dacteur en chef adjoint \u00e0 &#8220;Lib\u00e9ration&#8221;; S\u00e9bastien Farjou de &#8220;Atlantico&#8221; et l&#8217;historien Patrick Weil; vid\u00e9os) :                                                                             http:\/\/www.bfmtv.com\/mediaplayer\/video\/ecole-la-nouvelle-cible-du-fn-12-893115.html                                                                                                                                                                           http:\/\/www.bfmtv.com\/mediaplayer\/video\/ecole-la-nouvelle-cible-du-fn-22-893107.html<\/p>\n<p><em>-Les intentions de vote \u00e0 l&#8217;\u00e9lection pr\u00e9sidentielle et le barom\u00e8tre politique (ELABE) : <\/em>                                                                                                                                                                                 http:\/\/www.lesechos.fr\/elections\/dossiers\/0211547815458\/0211547815458-presidentielle-2017-les-derniers-sondages-2046960.php<\/p>\n<p><strong>-Ce qu&#8217;en pense le directeur de l&#8217;institut Elabe, interrog\u00e9 par Guillaume Durand (son)<\/strong> : http:\/\/www.radioclassique.fr\/player\/progaction\/iniPlayer\/podcast\/linvite-du-matin-2016-12-09-07-49-55.html<\/p>\n<p><em>-Le barom\u00e8tre politique (SOFRES) <\/em> : http:\/\/fr.kantar.com\/opinion-publique\/politique\/2016\/barometre-politique-dec-2016-francois-fillon-en-tres-forte-hausse\/<\/p>\n<p><em>-Les jeunes et la politique (BVA) : <\/em> http:\/\/www.bva.fr\/fr\/sondages\/les_jeunes_et_la_politique.html<\/p>\n<p><em>-Beno\u00eet Hamon dans l&#8217;\u00e9mission politique de France 2 (HARRIS) :<\/em> http:\/\/harris-interactive.fr\/wp-content\/uploads\/sites\/6\/2016\/12\/Rapport-Harris-Emission-Politique-du-0812-avec-Beno%C3%AEt-HAMON-France-T%C3%A9l%C3%A9visions.pdf<\/p>\n<p><em>-Le remaniement (ODOXA) <\/em> : http:\/\/www.odoxa.fr\/sondage\/hollande-renoncement-lui-bien-lopinion\/<\/p>\n<p><strong>EUROPE-MONDE<\/strong><\/p>\n<p><strong>-A l&#8217;initiative de la Fondation Gabriel P\u00e9ri, le mardi 13 d\u00e9cembre \u00e0 18H30, rencontre autour du livre de Bruno Odent &#8220;Europe, \u00e9tat d&#8217;urgence&#8221; :<\/strong>                                                                                 http:\/\/www.gabrielperi.fr\/europe,-%C3%A9tat-durgence.html<\/p>\n<p>-L&#8217;Union europ\u00e9enne f\u00eate les 25 ans du trait\u00e9 de Maastricht sur fond de crise :                                                                                                                                                                                       http:\/\/www.euractiv.fr\/section\/euro-finances\/news\/lue-fete-les-25-ans-du-traite-de-maastricht-sur-fond-de-crise\/?nl_ref=26699439<\/p>\n<p><strong>-La commission \u00e0 l&#8217;emploi du Parlement europ\u00e9en appelle \u00e0 voter contre le trait\u00e9 commercial entre l&#8217;Europe et le Canada (CETA; Daniela Vincenti) :   <\/strong>                                                                           http:\/\/www.euractiv.fr\/section\/europe-sociale-emploi\/news\/parliament-committee-gives-ceta-thumbs-down\/?nl_ref=26699439<\/p>\n<p><strong>-Le commissaire europ\u00e9en Pierre Moscovici a \u00e9t\u00e9 auditionn\u00e9 par la commission d&#8217;enqu\u00eate sur les Panama Papers (Patrick Le Hyaric, membre de la commission) :   <\/strong>                                             http:\/\/www.patrick-le-hyaric.eu\/moscovici-auditionne-par-la-commission-denquete-panama-papers\/<\/p>\n<p>-&#8220;Les Verts \u00e9pinglent les pratiques fiscales de Zara en Europe&#8221; (Jorge Valero) :                                                                                                                                                                                        http:\/\/www.euractiv.fr\/section\/innovation-entreprises\/news\/commission-eyes-zara-after-reports-of-aggressive-tax-planning\/?nl_ref=26699439<\/p>\n<p>-Les n\u00e9gociations sur le contr\u00f4le des armes \u00e0 feu pi\u00e9tinent (Daniel M\u00fctzel) :                                                                                                                                                                                            http:\/\/www.euractiv.fr\/section\/justice-affaires-interieures\/news\/firearms-directive-dispute-continues-no-compromise-in-sight\/?nl_ref=26699439<\/p>\n<p>-&#8220;Le paquet d\u00e9veloppement durable&#8221; de la Commission europ\u00e9enne, une premi\u00e8re \u00e9tape pour Damien Demailly, coordinateur du programme &#8220;Nouvelle prosp\u00e9rit\u00e9&#8221; :                                         http:\/\/www.euractiv.fr\/section\/aide-au-developpement\/opinion\/le-paquet-developpement-durable-de-la-commission-une-premiere-etape-qui-en-appelle-dautres\/?nl_ref=26699439<\/p>\n<p>-Un quart des citoyens europ\u00e9ens fument : http:\/\/www.euractiv.fr\/section\/sante-modes-de-vie\/news\/eurostat-one-quarter-of-eu-citizens-are-smokers\/?nl_ref=26699439<\/p>\n<p><strong>-La Commission europ\u00e9enne poursuit sept Etats membres sur le scandale Volkswagen (Catherine Stupp) :<\/strong>                                                                                                                                                     http:\/\/www.euractiv.fr\/section\/climat-environnement\/news\/commission-takes-legal-action-against-seven-eu-countries-over-volkswagen-scandal\/?nl_ref=26699439<\/p>\n<p>-Elle lance un corps europ\u00e9en de solidarit\u00e9 (Georgi Gotev) : http:\/\/www.euractiv.fr\/section\/europe-sociale-emploi\/news\/commission-launches-youth-volunteer-solidarity-corps\/?nl_ref=26699439<\/p>\n<p>-Le couple franco-allemand tente de relancer la cr\u00e9ation d&#8217;un parquet europ\u00e9en (C\u00e9cile Barbi\u00e8re) :                                                                                                                                                                     http:\/\/www.euractiv.fr\/section\/justice-affaires-interieures\/news\/le-couple-franco-allemand-tente-de-relancer-le-parquet-europeen\/?nl_ref=26699439<\/p>\n<p>-&#8220;La BCE r\u00e9siste aux pressions de l&#8217;Allemagne&#8221; (Hughes Beaudrier; son) : http:\/\/www.radioclassique.fr\/player\/progaction\/iniPlayer\/podcast\/2016-12-08-19-09-00.html<\/p>\n<p><strong>-Le point de vue de Beno\u00eet Coeur\u00e9, membre du directoire de la BCE; face \u00e0 Jean-Pierre Elkabbach (vid\u00e9o) :<\/strong>                                                                                                                                               http:\/\/www.europe1.fr\/emissions\/l-interview-politique\/economie-europeenne-zone-euro-croissance-benoit-coeure-repond-aux-questions-de-jean-pierre-elkabbach-2922800<\/p>\n<p><strong>-&#8220;Ce qui se passe \u00e0 Alep et en Syrie est un des plus grands crimes de l&#8217;Histoire. La nomination de Scott Pruitt \u00e0 l&#8217;Agence am\u00e9ricaine de protection de l&#8217;environnement est de tr\u00e8s, tr\u00e8s mauvaise augure. La lutte contre le r\u00e9chauffement climatique est \u00e0 fois la plus grande source de cr\u00e9ations d&#8217;emplois possibles dans ce si\u00e8cle et  le plus grand risque pour ce si\u00e8cle&#8221; (Laurent Fabius, ancien ministre des Affaires \u00e9trang\u00e8res; invit\u00e9 de la matinale de Franceinfo; vid\u00e9o) :   <\/strong>                                                                                                                                                                                 http:\/\/www.dailymotion.com\/video\/x54s05i_pour-laurent-fabius-ce-qui-se-passe-a-alep-et-en-syrie-est-un-des-plus-grands-crimes-de-l-histoire_news<\/p>\n<p>-&#8220;Fillon et la Syrie&#8221; (Thomas Legrand; son) : https:\/\/www.franceinter.fr\/emissions\/l-edito-politique\/l-edito-politique-09-decembre-2016<\/p>\n<p><strong>-La R\u00e9publique D\u00e9mocratique du Congo scrut\u00e9e par les espions britanniques et am\u00e9ricains (Simon Piel et Joan Tilouine) :     <\/strong>                                                                                                               http:\/\/www.lemonde.fr\/afrique\/article\/2016\/12\/08\/la-rdc-etroitement-scrutee-par-les-espions-britanniques-et-americains_5045622_3212.html<\/p>\n<p>-La girafe, un animal en voie de disparition (vid\u00e9o) : http:\/\/www.francetvinfo.fr\/monde\/afrique\/la-girafe-un-animal-en-voie-de-disparition_1961369.html<\/p>\n<p>-La mort de John Glenn \u00e0 95 ans (Jean-Fran\u00e7ois Augereau) :                                                                                                                                                                                                                   http:\/\/www.lemonde.fr\/disparitions\/article\/2016\/12\/08\/john-glenn-premier-americain-a-effectuer-un-vol-en-orbite-autour-de-la-terre-est-mort_5045987_3382.html<\/p>\n<p>-Premier Am\u00e9ricain a effectu\u00e9 un vol orbital autour de la terre (vid\u00e9o) : http:\/\/www.francetvinfo.fr\/monde\/usa\/john-glenn-mort-d-un-pionnier_1961791.html<\/p>\n<p><strong>-La c\u00e9l\u00e8bre universit\u00e9 californienne de Stanford accus\u00e9e d&#8217;avoir ferm\u00e9 les yeux sur des viols commis sur le campus (Val\u00e9rie de Graffenried) : <\/strong>                             https:\/\/www.letemps.ch\/monde\/2016\/12\/09\/viols-campus-stanford-accusee-davoir-ferme-yeux?utm_source<\/p>\n<p><strong>-En Chine, des mesures de restriction tr\u00e8s s\u00e9v\u00e8res face \u00e0 la pollution (vid\u00e9o) :  <\/strong> http:\/\/www.francetvinfo.fr\/monde\/asie\/pollution-en-chine\/pollution-situation-dramatique-en-chine_1961003.html<\/p>\n<p>-En Cor\u00e9e du Sud, les d\u00e9put\u00e9s se prononcent sur la destitution de la pr\u00e9sidente :                                                                                                                                                                                          http:\/\/www.lemonde.fr\/asie-pacifique\/article\/2016\/12\/08\/coree-du-sud-depot-d-une-motion-de-destitution-de-la-presidente-park-geun-hye_5045308_3216.html<\/p>\n<p>-Sous la pression des manifestants (vid\u00e9o) : http:\/\/nr.news-republic.com\/Web\/ArticleWeb.aspx?regionid=2&#038;articleid=79676192<\/p>\n<p>-&#8220;Destitu\u00e9e mais pas encore renvers\u00e9e&#8221; (Yann Rousseau) :                                                                                                                                                                                                                        http:\/\/www.lesechos.fr\/monde\/asie-pacifique\/0211579205951-la-presidente-sud-coreenne-destituee-mais-pas-encore-renversee-2049360.php#xtor<\/p>\n<p>-Visages de Cor\u00e9e du Nord (vid\u00e9o) : http:\/\/nr.news-republic.com\/Web\/ArticleWeb.aspx?regionid=2&#038;articleid=79678761<\/p>\n<p>-Dans les rues d&#8217;Hano\u00ef, les incroyables acrobaties des adeptes de da cau (vid\u00e9o) : http:\/\/nr.news-republic.com\/Web\/ArticleWeb.aspx?regionid=2&#038;articleid=79666813<\/p>\n<p><strong>-&#8220;2016 a \u00e9t\u00e9 une des pires ann\u00e9es de l&#8217;histoire pour les enfants&#8221; selon l&#8217;UNICEF (Matthew Tempest) : <\/strong>                                                                                                                                                              http:\/\/www.euractiv.fr\/section\/aide-au-developpement\/interview\/thurs-unicef-chief-2016-was-one-of-worst-years-in-history-for-children\/?nl_ref=26699439<\/p>\n<p><strong>-32 ans de transformations humaines de la terre (vid\u00e9os) : <\/strong>                             http:\/\/www.lexpress.fr\/actualite\/societe\/environnement\/videos-32-ans-de-transformation-humaine-de-la-terre-en-12-secondes_1856096.html?PMSRC_CAMPAIGN<\/p>\n<p><strong>CULTURE-MEDIAS<\/strong><\/p>\n<p><strong>-&#8220;Les d\u00e9mocraties sont p\u00e9rissables. L&#8217;Europe, au XXe si\u00e8cle, aura \u00e9t\u00e9 le continent de leurs pires perversions. Il faut couper \u00e0 la racine ce qui nourrit le populisme. Il faut rendre nos soci\u00e9t\u00e9s plus \u00e9galitaires&#8221; (l&#8217;historien Pierre Rosanvallon; interrog\u00e9 par Ali Baddou; vid\u00e9o) :<\/strong> http:\/\/www.dailymotion.com\/video\/x54rrka_pierre-rosanvallon-repond-aux-questions-d-ali-baddou_news<\/p>\n<p>-A l&#8217;occasion de la Journ\u00e9e nationale de la la\u00efcit\u00e9 et de la condition de la femme, l&#8217;\u00e9crivaine Djemila Behabib \u00e9tait l&#8217;invit\u00e9e de Fr\u00e9d\u00e9ric Rivi\u00e8re (vid\u00e9o) :                                                                         http:\/\/www.rfi.fr\/video\/20161209-djemila-benhabib-ecrivaine-militante-politique-0<\/p>\n<p><strong>-La restitution de la troisi\u00e8me s\u00e9ance des &#8220;Etats g\u00e9n\u00e9reux de la Culture&#8221; qui s&#8217;est tenue \u00e0 Paris (vid\u00e9os) :<\/strong>                                                                                                                                  http:\/\/www.telerama.fr\/etats-genereux\/revivez-les-etats-genereux-de-la-culture-a-paris-en-video,151228.php#xtor<\/p>\n<p>-&#8220;Les Emma\u00fcs rec\u00e8lent des librairies fantastiques&#8221; (Marie Desplechin; propos recueillis par Emmanuel Tellier) :                                                                                                                                 http:\/\/www.telerama.fr\/etats-genereux\/marie-desplechin-marraine-des-etats-genereux-de-la-culture-les-emmaus-recelent-des-librairies-fantastiques,151205.php#xtor<\/p>\n<p>-Le programme de Jean-Luc M\u00e9lenchon parmi les dix meilleures ventes de livres : http:\/\/www.lexpress.fr\/actualites\/1\/politique\/le-programme-de-jean-luc-melenchon-parmi-les-dix-meilleures-ventes-de-livres_1858861.html<\/p>\n<p>-Val\u00e9rie P\u00e9cresse veut liquider le Festival d&#8217;Ile-de-France (Anne Berthod) : http:\/\/www.telerama.fr\/musique\/le-festival-d-ile-de-france-menace,151222.php#xtor<\/p>\n<p>-&#8220;Les Ateliers de Paris&#8221; c\u00e9l\u00e8brent dix ann\u00e9es de soutien \u00e0 la cr\u00e9ation&#8221; (Capucine Madelaine) :                                                                                                                                                                     http:\/\/www.telerama.fr\/sortir\/les-ateliers-de-paris-celebrent-dix-ans-de-soutien-a-la-creation,151216.php#xtor<\/p>\n<p>-&#8220;Les Jours heureux&#8221;, le mouvement fond\u00e9 par 100 chercheurs avance 120 propositions (Yolaine de la Bigne; son) :                                                                                                                          http:\/\/www.sudradio.fr\/Podcasts\/Quelle-epoque-ethique\/LES-JOURS-HEUREUX-120-actions-pour-resister-et-pour-creer<\/p>\n<p><strong>-&#8220;Pour une nouvelle r\u00e9sistance&#8221; :     <\/strong>                                                                                                                                                                                                                                                                       http:\/\/comite-pour-une-nouvelle-resistance.over-blog.com\/pages\/_LES_JOURS_HEUREUX_par_le_CNR_Programme_du_conseil_national_de_la_resistance-6427660.html<\/p>\n<p>-Jusqu&#8217;\u00e0 dimanche au Centre dramatique national des Amandiers de Nanterre (92), &#8220;Vent de boue contre la tyrannie&#8221;, avec la troupe estonienne N099 qui joue un vigoureux pamphlet contre les populismes (Anne Diatkine) : http:\/\/next.liberation.fr\/theatre\/2016\/12\/08\/vent-de-boue-contre-la-tyrannie_1533929<\/p>\n<p><strong>-&#8220;Au th\u00e9\u00e2tre de Gennevilliers (92), je n&#8217;ai pas fait de d\u00e9magogie&#8221; (Pascal Rambert; propos recueillis par Eve Beauvallet) :      <\/strong>                                                       http:\/\/next.liberation.fr\/theatre\/2016\/12\/08\/pascal-rambert-au-theatre-de-gennevilliers-je-n-ai-pas-fait-de-demagogie_1533935<\/p>\n<p><strong>-Le danseur Nicolas Le Riche invit\u00e9 de &#8220;Passion classique&#8221; d&#8217;Olivier Bellamy (son) <\/strong> :                                                                                                                                                                         http:\/\/www.radioclassique.fr\/player\/progaction\/initPlayer\/podcast\/pour-podcast-important-fcache-2016-12-08-18-03-33.html<\/p>\n<p>-Inauguration ce samedi matin de la r\u00e9plique Lascaux 4, &#8220;c&#8217;est remarquablement bien fait&#8221; (son) :                                                                                       http:\/\/www.sudradio.fr\/Podcasts\/Les-reportages-de-la-matinee\/Les-grottes-de-Lascaux<\/p>\n<p><strong>-Kirk Douglas a cent ans. Dix de ses r\u00f4les marquants (Samuel Douhaire; vid\u00e9os) :  <\/strong> http:\/\/www.telerama.fr\/cinema\/dix-roles-marquants-pour-feter-les-100-ans-de-kirk-douglas,151049.php#xtor<\/p>\n<p>-L&#8217;hommage du &#8220;20 heures&#8221; de France 2 (vid\u00e9o) :                                        http:\/\/www.francetvinfo.fr\/culture\/cinema\/cinema-un-hommage-a-kirk-douglas_1961727.html<\/p>\n<p>-&#8220;100 ans et snob \u00e0 l&#8217;envers&#8221; (Patrick Cohen; vid\u00e9o) : https:\/\/www.franceinter.fr\/emissions\/le-7h43\/le-7h43-09-decembre-2016<\/p>\n<p>-&#8220;Manille&#8221; du r\u00e9alisateur philippin Lino Brocka (1975), ressort en copie restaur\u00e9e (Samuel Douhaire; vid\u00e9o) :                                                                                                                                                  http:\/\/www.telerama.fr\/cinema\/manille-de-lino-brocka-melo-mythologique-dans-les-bas-fonds,151206.php#xtor                                                                                                          <\/p>\n<p><strong>-&#8220;Wolf and Sheep&#8221;, le film d&#8217;une jeune r\u00e9alisatrice afghane (entretien r\u00e9alis\u00e9 par Charlotte Mongibeaux et Caroline Flepp; vid\u00e9o) :  <\/strong>                                                                                  https:\/\/www.50-50magazine.fr\/2016\/12\/08\/wolf-and-sheep-un-film-dune-realisatrice-afghane-de-26-ans-12\/<\/p>\n<p>-Disparue en avril dernier, &#8220;Ronit Elkabetz, la diva sans caprice&#8221; (C\u00e9cile Mury; vid\u00e9os) :                                                                                                                                                                       http:\/\/television.telerama.fr\/television\/ronit-elkabetz-la-diva-sans-caprice,150315.php                                                                                                                                                                      http:\/\/television.telerama.fr\/tele\/films\/le-proces-de-viviane-amsalem,77552925.php<\/p>\n<p>-MK2 ouvre \u00e0 Paris la premi\u00e8re salle d\u00e9di\u00e9e \u00e0 la r\u00e9alit\u00e9 virtuelle (son) : https:\/\/www.franceinter.fr\/emissions\/grand-angle\/grand-angle-09-decembre-2016<\/p>\n<p><strong>-Le trompettiste franco-libanais Ibrahim Maalouf \u00e9tait l&#8217;invit\u00e9 de la matinale de France Inter. Il r\u00e9pondait aux questions de Patrick Cohen et des auditeurs (vid\u00e9os) <\/strong> :                                 http:\/\/www.dailymotion.com\/video\/x54rszh_ibrahim-maalouf-repond-aux-questions-de-patrick-cohen_news                                                                                                                                              http:\/\/www.dailymotion.com\/video\/x54rwku_ibrahim-maalouf-repond-aux-auditeurs-de-france-inter_news<\/p>\n<p>-&#8220;La pop de Barbagallo ne manque pas de chien&#8221; (propos recueillis par Julien Bordier; vid\u00e9os) :                                                                                                                                                               http:\/\/www.lexpress.fr\/culture\/musique\/la-pop-de-barbagallo-ne-manque-pas-de-chien_1858295.html?PMSRC_CAMPAIGN<\/p>\n<p><strong>-David Bowie et Freddie Mercurie (Rebecca Manzoni; vid\u00e9o) : <\/strong> https:\/\/www.franceinter.fr\/emissions\/tubes-co\/tubes-co-09-decembre-2016<\/p>\n<p>-B\u00e9reng\u00e8re Krief sort son spectacle du Trianon en DVD (son) : http:\/\/www.sudradio.fr\/Podcasts\/L-invite-pour-comprendre\/Berengere-Krief-comedienne<\/p>\n<p>-&#8220;Adult Swiim&#8221;, &#8220;la petite cha\u00eene am\u00e9ricaine qui provoque un gros malaise&#8221; (J\u00e9r\u00e9mie Maire; vid\u00e9os) :                                                                                                                                                      http:\/\/www.telerama.fr\/medias\/adult-swim-la-petite-chaine-americaine-qui-provoque-un-gros-malaise,151190.php#xtor<\/p>\n<p>-La webradio &#8220;Phaune&#8221; pour auditeurs curieux (Ir\u00e8ne Verlaque) : http:\/\/www.telerama.fr\/radio\/phaune-box-un-etrange-objet-sonore-pour-auditeurs-curieux,151004.php#xtor<\/p>\n<p>-Ecouter six variations sonores dans la &#8220;Phaune Box&#8221; (sons) :  http:\/\/phauneradio.com\/<\/p>\n<p>-&#8220;Cannabis&#8221; de Lucie Borleteau, la nouvelle s\u00e9rie d&#8217;Arte sur les m\u00e9andres du trafic en Europe (Emilie Gavoile; vid\u00e9o) :                                                                                                                               http:\/\/www.telerama.fr\/series-tv\/la-serie-cannabis-explore-les-meandres-du-trafic-en-europe,150642.php<\/p>\n<p>-Revoir le premier \u00e9pisode ici (vid\u00e9o pendant six jours) : http:\/\/www.arte.tv\/guide\/fr\/060764-001-A\/cannabis-1-6<\/p>\n<p>-&#8220;Orange int\u00e9ress\u00e9 par un rachat de Canal +&#8221; (Fabienne Schmitt) :                                                                                                                                                                                                           http:\/\/www.lesechos.fr\/tech-medias\/medias\/0211577541211-orange-interesse-par-un-rachat-de-canal-si-la-chaine-etait-a-vendre-2049111.php<\/p>\n<p><strong>-Caroline Sinz, la journaliste de France 2 qui a r\u00e9alis\u00e9 le reportage sur les territoires interdits aux femmes en banlieue (propos recueillis par Sol; vid\u00e9o) :<\/strong>                                                                  http:\/\/bellica.fr\/sexisme-en-banlieues-caroline-sinz-journaliste-a-france-2-veut-briser-la-loi-du-silence<\/p>\n<p>-Les salari\u00e9s d&#8217;Euronews ont vot\u00e9 la d\u00e9fiance contre leur direction et \u00e0 i-T\u00e9l\u00e9, situation tr\u00e8s difficile avec plus de 70 d\u00e9parts (Marc Baudriller; son) :                                                                                 http:\/\/www.radioclassique.fr\/player\/progaction\/iniPlayer\/podcast\/la-vie-des-medias-2016-12-09-07-40-40.html<\/p>\n<p>-&#8220;Mieux vaut supprimer la pub dans les \u00e9missions jeunesse&#8221; (la p\u00e9diatre Edwige Antier; interrog\u00e9e par Julien Sellier; son) :                                                                                                             http:\/\/www.rtl.fr\/actu\/societe-faits-divers\/television-il-vaut-mieux-supprimer-la-pub-dans-les-emissions-jeunesse-selon-une-pediatre-7786196721<\/p>\n<p><strong>-&#8220;Fallait-il la supprimer ?&#8221; (Sonia Devillers re\u00e7oit le s\u00e9nateur \u00e9cologiste Andr\u00e9 Gattolin qui en a fait la proposition et que le S\u00e9nat a adopt\u00e9e; vid\u00e9o, amener le curseur sur 8:07) :<\/strong>                http:\/\/www.dailymotion.com\/video\/x54s4jc_fallait-il-supprimer-la-pub-dans-les-programmes-pour-enfants_news<\/p>\n<p>-&#8220;Quand les humains deviennent des choses&#8221; (Philippe Vandel; vid\u00e9o) : http:\/\/www.dailymotion.com\/video\/x54rzza_quand-les-humains-deviennent-des-choses-l-humeur-de-philippe-vandel_news<\/p>\n<p><strong>-Les Simpson s&#8217;invitent dans la campagne pr\u00e9sidentielle (vid\u00e9o)<\/strong> : http:\/\/nr.news-republic.com\/Web\/ArticleWeb.aspx?regionid=2&#038;articleid=79606572<\/p>\n<p>-&#8220;Et tu red\u00e9marras&#8230;&#8221;(Fr\u00e9d\u00e9ric Fromet; vid\u00e9o) : http:\/\/www.dailymotion.com\/video\/x54t9ks_et-tu-redemarras-la-chanson-de-frederic-fromet_fun<\/p>\n<p>-&#8220;Et pendant ce temps au PS&#8221; (vid\u00e9o) : http:\/\/www.dailymotion.com\/video\/x54pjrd_et-pendant-ce-temps-au-ps-le-meilleur-de-l-humour-d-inter-09-12-16_fun<\/p>\n<p><strong>-&#8220;Le nouveau cabinet de Donald Trump ou casting du prochain Tarantino&#8221; (Charline Vanhoenacker; vid\u00e9o) :  <\/strong>                                                                                                                                         http:\/\/www.dailymotion.com\/video\/x54rpki_le-nouveau-cabinet-de-donald-trump-ou-casting-du-prochain-tarantino-le-billet-de-charline_fun<\/p>\n<p><strong>-&#8220;De Ibrahim Maalouf \u00e0 Fidel Castro&#8221; (Fran\u00e7ois Morel; vid\u00e9o) : <\/strong> http:\/\/www.dailymotion.com\/video\/x54run3_de-fidel-castro-a-ibrahim-maalouf-la-liberte-de-la-trompette-s-arrete-la-ou-celle-des-autres-commenc_fun<\/p>\n","protected":false},"excerpt":{"rendered":"<p>ACTUALITE -&#8220;L&#8217;indemnisation (des usagers), cela permet de renforcer le lien de confiance avec nos clients. Les bonnes d\u00e9cisions ont \u00e9t\u00e9 prises mais il faudra des ann\u00e9e pour arriver \u00e0 la normale. Il y a une trentaine d&#8217;ann\u00e9es, toute la France, \u00e0 gauche et \u00e0 droite, r\u00e9clamait des TGV&#8221; (Guillaume P\u00e9py, PDG de la SNCF; face [&hellip;]<\/p>\n","protected":false},"author":1042,"featured_media":0,"comment_status":"open","ping_status":"open","sticky":false,"template":"","format":"standard","meta":{"_themeisle_gutenberg_block_has_review":false,"footnotes":""},"categories":[151],"tags":[],"class_list":["post-10068","post","type-post","status-publish","format-standard","hentry","category-la-revue-de-presse-de-lulu"],"_links":{"self":[{"href":"https:\/\/archives.regards.fr\/index.php?rest_route=\/wp\/v2\/posts\/10068","targetHints":{"allow":["GET"]}}],"collection":[{"href":"https:\/\/archives.regards.fr\/index.php?rest_route=\/wp\/v2\/posts"}],"about":[{"href":"https:\/\/archives.regards.fr\/index.php?rest_route=\/wp\/v2\/types\/post"}],"author":[{"embeddable":true,"href":"https:\/\/archives.regards.fr\/index.php?rest_route=\/wp\/v2\/users\/1042"}],"replies":[{"embeddable":true,"href":"https:\/\/archives.regards.fr\/index.php?rest_route=%2Fwp%2Fv2%2Fcomments&post=10068"}],"version-history":[{"count":0,"href":"https:\/\/archives.regards.fr\/index.php?rest_route=\/wp\/v2\/posts\/10068\/revisions"}],"wp:attachment":[{"href":"https:\/\/archives.regards.fr\/index.php?rest_route=%2Fwp%2Fv2%2Fmedia&parent=10068"}],"wp:term":[{"taxonomy":"category","embeddable":true,"href":"https:\/\/archives.regards.fr\/index.php?rest_route=%2Fwp%2Fv2%2Fcategories&post=10068"},{"taxonomy":"post_tag","embeddable":true,"href":"https:\/\/archives.regards.fr\/index.php?rest_route=%2Fwp%2Fv2%2Ftags&post=10068"}],"curies":[{"name":"wp","href":"https:\/\/api.w.org\/{rel}","templated":true}]}}