{"id":10066,"date":"2016-12-09T07:32:26","date_gmt":"2016-12-09T06:32:26","guid":{"rendered":"https:\/\/wp.muchomaas.com\/article-la-revue-du-9-decembre-2016\/"},"modified":"2023-06-23T23:23:39","modified_gmt":"2023-06-23T21:23:39","slug":"article-la-revue-du-9-decembre-2016","status":"publish","type":"post","link":"https:\/\/archives.regards.fr\/?p=10066","title":{"rendered":"La Revue du 9 d\u00e9cembre 2016"},"content":{"rendered":"<strong>ACTUALITE<\/strong>\n\n<strong>-Le cauchemar des usagers de la SNCF (Jean-Claude Delarue, pr\u00e9sident de SOS Usagers; face \u00e0 Boris Pavlenko; son) :<\/strong>                                                                                                                  http:\/\/www.sudradio.fr\/Podcasts\/L-invite-pour-comprendre\/Jean-Claude-Delarue-president-de-SOS-Usagers\n\n-&#8220;On manque cruellement de moyens. Depuis 30 ans, les engagements ont \u00e9t\u00e9 principalement ax\u00e9s sur les lignes TGV&#8221; (Roger Dillenseger, du syndicat UNSA cheminots; face \u00e0 Marc-Olivier Fogiel; vid\u00e9o) :                                   http:\/\/www.rtl.fr\/actu\/societe-faits-divers\/rer-b-on-manque-cruellement-de-moyens-regrette-un-cheminot-7786176535\n\n-&#8220;Il faut r\u00e9inventer un mod\u00e8le de d\u00e9veloppement et mettre en oeuvre la transition \u00e9cologique. On ne peut pas avoir une sant\u00e9 \u00e0 deux vitesses. Il faut arr\u00eater de taper sur les fonctionnaires&#8221; (Laurent Berger, secr\u00e9taire de la CFDT; face \u00e0 Jean-Pierre Elkabbach; vid\u00e9o) : http:\/\/www.europe1.fr\/emissions\/l-interview-politique\/pollution-transition-ecologique-programme-de-francois-fillon-emmploi-inegalites-etat-de-la-gauche-et-extreme-droite-laurent-berger-repond-aux-questions-de-jean-pierre-elkabbach-2921807\n\n-Une enqu\u00eate est ouverte sur les anomalies de l&#8217;usine Areva du Creusot : http:\/\/www.europe1.fr\/economie\/nucleaire-la-justice-va-enqueter-sur-les-anomalies-dans-lusine-areva-du-creusot-2922104\n\n<strong>&#8220;La bataille pour pr\u00e9server la biodiversit\u00e9 perdue ?&#8221; (Guillaume Sainteny, ma\u00eetre de conf\u00e9rences \u00e0 l&#8217;\u00e9cole Polytechnique; son) :   <\/strong>                                                                                                         http:\/\/www.sudradio.fr\/Podcasts\/L-invite-pour-comprendre\/Guillaume-Sainteny-specialiste-de-l-environnement\n\n<br \/>&mdash;&nbsp;Les effets de la pollution sur les femmes enceintes (Barbara Demeneix, chercheuse du CNRS; interrog\u00e9e par David Pavlenko; son) :                                                                                           http:\/\/www.sudradio.fr\/Podcasts\/L-invite-pour-comprendre\/Barbara-Demeneix-chercheuse-et-endocrinologue-du-CNRS\n\n-Les premi\u00e8res Assises du commerce \u00e9quitable (Yolaine de la Bigne; son) : http:\/\/www.sudradio.fr\/Podcasts\/Quelle-epoque-ethique\/1eres-assises-commerce-equitable-la-France-aussi\n\n-Paris d\u00e9clare la guerre aux rats (vid\u00e9o) : http:\/\/www.francetvinfo.fr\/sante\/environnement-et-sante\/paris-declare-la-guerre-aux-rats_1959387.html\n\n-Les bidonvilles en Ile-de-France. Un reportage \u00e0 Pierrefitte (93; son) :  http:\/\/www.sudradio.fr\/Podcasts\/Les-reportages-de-la-matinee\/Les-bidonvilles-en-Ile-de-France\n\n<strong>-Dans le 16e arrondissement de Paris, un centre d&#8217;h\u00e9bergement d&#8217;urgence durable, modulable et discret (Luc Le Chatelier) :         <\/strong>                                                                                                      http:\/\/www.telerama.fr\/scenes\/dans-le-16e-un-centre-d-hebergement-d-urgence-durable-modulable-et-discret,151204.php#xtor\n\n-L&#8217;explosion des fraudes \u00e0 la carte bancaire (vid\u00e9o) : http:\/\/www.francetvinfo.fr\/economie\/fraude\/consommation-explosion-des-fraudes-a-la-carte-bancaire_1959547.html\n\n-&#8220;Pour nous, c&#8217;est un  sujet au quotidien&#8221; (C\u00e9dric Mignon des Caisses d&#8217;\u00e9pargne; interrog\u00e9 par Nicolas Pierron; vid\u00e9o) :                                                                                                        http:\/\/www.dailymotion.com\/video\/x54omp0_la-fraude-a-la-carte-bancaire-est-un-sujet-que-nous-traitons-au-quotidien-cedric-mignon-08-12-2016_news\n\n<strong>-Avec les autoroutes, &#8220;le gouvernement pris en flagrant d\u00e9lit de dissimulation&#8221; (Fran\u00e7ois Lenglet; vid\u00e9o) <\/strong> : http:\/\/www.rtl.fr\/actu\/societe-faits-divers\/autoroutes-le-gouvernement-pris-en-flagrant-delit-de-dissimulation-7786181443\n\n-J\u00e9r\u00f4me Cahuzac condamn\u00e9 \u00e0 trois ans de prison ferme pour fraude fiscale :                                                                                                                                                                                           http:\/\/www.lemonde.fr\/societe\/article\/2016\/12\/08\/fraude-fiscale-jerome-cahuzac-condamne-a-trois-ans-de-prison-ferme_5045553_3224.html#xtor\n\n-La peine est &#8220;logique et normale&#8221; (l&#8217;avocat de l&#8217;Etat; vid\u00e9o) : http:\/\/www.bfmtv.com\/mediaplayer\/video\/cahuzac-condamne-pour-l-avocat-de-l-etat-la-peine-prononcee-est-logique-892859.html\n\n-&#8220;Elle est pour l&#8217;exemple&#8221; (Sophie Neumayer; vid\u00e9o) : http:\/\/www.francetvinfo.fr\/politique\/affaire\/cahuzac\/condamnation-de-jerome-cahuzac-un-jugement-severe-pour-l-exemple_1959445.html\n\n-&#8220;La justice fran\u00e7aise fait un exemple&#8221; (Richard Werly) : https:\/\/www.letemps.ch\/economie\/2016\/12\/08\/affaire-cahuzac-justice-francaise-un-exemple?utm_source\n\n-&#8220;Il fait appel&#8221; (Dominique Verdeilhan; vid\u00e9o) : http:\/\/www.francetvinfo.fr\/politique\/affaire\/cahuzac\/fraude-fiscale-jerome-cahuzac-fait-appel-de-la-decision-du-tribunal_1959463.html\n\n-Deux stars du PSG sur la sellette (vid\u00e9o) : http:\/\/www.francetvinfo.fr\/economie\/impots\/paradis-fiscaux\/football-leaks-les-stars-du-psg-di-maria-et-pastore-ont-dissimule-des-revenus-au-fisc-francais-via-des-paradis-fiscaux-selon-complement-d-enquete-et-mediapart_1959923.html                 \n\n<strong>POLITIQUE<\/strong>\n\n<strong>-&#8220;La primaire socialiste est d&#8217;une extr\u00eame confusion. On n&#8217;y reconnait pas grand chose. Nous, on avance avec Jean-Luc M\u00e9lenchon; Valls prend les Fran\u00e7ais pour des imb\u00e9ciles&#8221; (Pierre Laurent, invit\u00e9 de Caroline Roux; vid\u00e9o) <\/strong> : http:\/\/www.france2.fr\/emissions\/telematin\/actu\/les-4-verites-pierre-laurent_531215\n\n-Les communiste normands avec Jean-Luc M\u00e9lenchon : http:\/\/www.paris-normandie.fr\/actualites\/politique\/les-communistes-normands-derriere-jean-luc-melenchon-EF7667204#\n\n<strong>-&#8220;Une trag\u00e9die en trois actes&#8221; (Andr\u00e9 Chassaigne, d\u00e9put\u00e9 communiste du Puy-de-D\u00f4me et la r\u00e9ponse du premier ministre Bernard Cazeneuve; vid\u00e9o) :<\/strong>                                                                  http:\/\/www.lcp.fr\/la-politique-en-video\/bernard-cazeneuve-oui-nous-sommes-de-gauche\n\n-&#8220;Il faut mettre en place un plan de relance des transports en commun&#8221; (Yannick Jadot, candidat \u00e9cologiste \u00e0 l&#8217;\u00e9lection pr\u00e9sidentielle; face \u00e0 Renaud Blanc; vid\u00e9o) :                              http:\/\/www.dailymotion.com\/video\/x54onn5_il-faut-mettre-en-place-un-plan-de-relance-des-transports-en-commun-yannick-jadot-08-12-2016_news\n\n-&#8220;Le diesel propre, c&#8217;est comme le nucl\u00e9aire propre; \u00e7a n&#8217;existe pas&#8221; (la ministre Emmanuelle Cosse; face \u00e0 L\u00e9a Salam\u00e9; vid\u00e9o) : http:\/\/www.dailymotion.com\/video\/x54obq1_emmanuelle-cosse-repond-aux-questions-de-lea-salame_news \n\n-Beno\u00eet Hamon, candidat \u00e0 la primaire socialiste, \u00e9tait l&#8217;invit\u00e9 de &#8220;L&#8217;Emission politique&#8221; sur France 2 (vid\u00e9o pendant 6 jours) :                                           http:\/\/www.france2.fr\/emission\/lemission-politique\/diffusion-du-08-12-2016-21h00\n\n<em>-Les Fran\u00e7ais et la loi Hamon (ODOXA) <\/em> : http:\/\/www.odoxa.fr\/sondage\/loi-hamon-desormais-bien-connue-utilisee\/\n\n-&#8220;Je me f\u00e9licite que Manuel Valls soit candidat dans le cadre de la primaire. La r\u00e9conciliation aura lieu \u00e0 l&#8217;issue de cette primaire. Manuel Valls a chang\u00e9 son discours&#8221; (Aur\u00e9lie Filippetti, ancienne ministre de la Culture; face \u00e0 Laurence Ferrari; vid\u00e9o) : http:\/\/www.itele.fr\/politique\/video\/candidature-de-valls-la-reconciliation-ca-sera-a-lissue-de-la-primaire-171898\n\n-&#8220;Peillon comme d&#8217;autres sont les bienvenus \u00e0 la primaire. Manuel Valls veut occuper un espace central entre Arnaud Montebourg et Fran\u00e7ois Fillon&#8221; (Didier Guillaume, directeur de campagne de Manuel Valls; interrog\u00e9 par Myriam Encaoua; vid\u00e9o) :                                                                                                                                                                                                                                          http:\/\/www.itele.fr\/chroniques\/invite-michael-darmon\/linvite-de-myriam-encaoua-du-08122016-171944\n\n-L&#8217;\u00e9quipe de campagne de Manuel Valls (vid\u00e9o) : http:\/\/www.itele.fr\/politique\/video\/qui-constitue-lequipe-de-campagne-de-manuel-valls-171934\n\n-La conf\u00e9rence de presse de Jean-Christophe Cambad\u00e9lis au cours de laquelle il annonce les candidatures qui n&#8217;ont pas \u00e9t\u00e9 retenues pour la primaire (vid\u00e9o) : http:\/\/www.parti-socialiste.fr\/conference-de-presse-de-jean-christophe-cambadelis-primaires-citoyennes\/\n\n-La r\u00e9action du MdP de Robert Hue :                                                     http:\/\/www.md-progressistes.fr\/jean-christophe-cambadelis-refuse-douvrir-les-primaires-citoyennes-aux-partenaires-de-la-gauche-une-faute-politique-grave-un-coup-de-poignard-porte-a-la-gauche-la-revelation-dun\/\n\n-&#8220;Des gauches qui se concilient plut\u00f4t que des gauches irr\u00e9conciliables. La gauche a perdu son candidat naturel, Fran\u00e7ois Hollande, il y a \u00e0 peine une semaine. C&#8217;est \u00e0 lui (Manuel Valls) de montrer s&#8217;il peut rassembler&#8221; (Pierre Moscovici, commissaire europ\u00e9en PS; invit\u00e9 de &#8220;Territoires d&#8217;Infos&#8221;; vid\u00e9o, amener le curseur sur 33:23) :                                                                              http:\/\/www.sudradio.fr\/Politique\/L-interview-politique\/P.-Moscovici-Il-ne-peut-pas-y-avoir-de-gauches-irreconciliables\n\n<strong>-&#8220;Je ne suis pas candidate et je n&#8217;y serai pas. Pourquoi \u00eatre candidat ? Pour \u00eatre au second tour . J&#8217;esp\u00e8re que la candidature de Vincent Peillon n&#8217;est pas dans le coup d&#8217;apr\u00e8s ou de ceux qui sont dans les r\u00e8glements de compte du coup d&#8217;avant. On n&#8217;est pas tous d&#8217;accord sur ce qu&#8217;est la gauche&#8221; (la ministre Laurence Rossignol; interrog\u00e9e par Audrey Crespo-Mara; vid\u00e9o) :     <\/strong>                        http:\/\/www.lci.fr\/replay\/replay-l-invitee-politique-du-jeudi-8-decembre-laurence-rossignol-2016374.html%3Ftype=content\n\n-Emmanuel Macron rejette les appels de Jean-Christophe Cambad\u00e9lis \u00e0 y participer (vid\u00e9o) :                                                                                                                                                             http:\/\/www.bfmtv.com\/politique\/primaire-a-gauche-emmanuel-macron-rejette-les-appels-de-valls-et-cambadelis-1068229.html#?xtor\n\n<strong>-Il \u00e9tait l&#8217;invit\u00e9 de Jean-Jacques Bourdin sur BFMTV (vid\u00e9o) : <\/strong> http:\/\/www.bfmtv.com\/mediaplayer\/video\/emmanuel-macron-face&#8211;jeanjacques-bourdin-en-direct-892785.html\n\n-&#8220;Jean-Christophe Cambad\u00e9lis ne veut pas de certains candidats et en r\u00e9clame d&#8217;autres. C&#8217;est bien confus tout cela. La primaire, c&#8217;est un congr\u00e8s du PS&#8221; (Richard Ferrand, secr\u00e9taire g\u00e9n\u00e9ral du mouvement &#8220;En Marche&#8221;; face \u00e0 Olivier Galzi; vid\u00e9o) : http:\/\/www.itele.fr\/chroniques\/invite-galzi-jusqua-minuit\/linvite-politique-dolivier-galzi-du-08122016-171960\n\n-&#8220;Pour eux, c&#8217;est un concours familial cette primaire. C&#8217;est assez stup\u00e9fiant de voir Vincent Peillon se trouver soudainement une envie de pr\u00e9sidentielle. En v\u00e9rit\u00e9, c&#8217;est une manoeuvre anti-Valls. C&#8217;est la premi\u00e8re \u00e9tape de la primaire de 2022&#8221; (Philippe Tesson et Bruno Jeudy; vid\u00e9o) :                                                                                                                                                                                 http:\/\/www.dailymotion.com\/video\/x54opc8_il-y-a-un-probleme-de-transports-alternatifs-les-politiques-n-ont-pas-assez-pris-de-decisions-b-jeu_news\n\n-&#8220;Vincent Peillon, le revenant&#8221; (Renaud D\u00e9ly de &#8220;l&#8217;Obs&#8221;; son) :                             https:\/\/www.franceinter.fr\/emissions\/histoires-politiques\/histoires-politiques-08-decembre-2016\n\n-&#8220;C&#8217;est le peuple fran\u00e7ais qui choisit son pr\u00e9sident, pas un morceau de la droite&#8221; (Henri Guaino, candidat LR \u00e0 l&#8217;\u00e9lection pr\u00e9sidentielle; invit\u00e9 de la matinale de Franceinfo; vid\u00e9o) :                                  http:\/\/www.dailymotion.com\/video\/x54op8o_pour-henri-guaino-le-peuple-francais-choisit-son-president-pas-un-morceau-de-la-droite_news   \n\n-&#8220;Sur l&#8217;IVG, &#8220;le texte adopt\u00e9 est clairement liberticide&#8221;. Sur Notre-Dame-des-Landes, j&#8217;esp\u00e8re que Bernard Cazeneuve &#8220;suivra la  voix du peuple&#8221;   (Bruno Retailleau, pr\u00e9sident du groupe LR au S\u00e9nat; face \u00e0 Elizabeth Martichoux; vid\u00e9os) :                                                                        http:\/\/www.rtl.fr\/actu\/politique\/ivg-le-texte-adopte-est-clairement-liberticide-juge-bruno-retailleau-7786181487     \n\n-&#8220;S\u00e9gol\u00e8ne Royal est bien silencieuse sur la pollution, bien plus que sur Castro. Je voudrais aussi entendre Anne Hidalgo&#8221; (J\u00e9r\u00f4me Chartier, d\u00e9put\u00e9 LR des Hauts-de-Seine; face \u00e0 Laurence Ferrrari; vid\u00e9o) : http:\/\/www.itele.fr\/chroniques\/invite-politique-ferrari-tirs-croises\/linvite-de-laurence-ferrari-du-08122016-171953\n\n-&#8220;Le made in France, c&#8217;est mon programme \u00e9conomique. Il n&#8217;y a pas 500 000 fonctionnaires de trop en France, c&#8217;est n&#8217;importe quoi. Si on cr\u00e9e un million d&#8217;emplois, il n&#8217;y aura plus probl\u00e8me de protection sociale&#8221; (Nicolas Dupont-Aignan; candidat \u00e0 l&#8217;\u00e9lection pr\u00e9sidentielle; vid\u00e9o) :  http:\/\/www.lcp.fr\/la-politique-en-video\/nicolas-dupont-aignan-le-made-france-cest-mon-programme-economique\n\n-Il \u00e9tait l&#8217;invit\u00e9 de &#8220;Politique Matin&#8221; sur la cha\u00eene parlementaire (vid\u00e9o, amener le curseur sur 29:20) :  http:\/\/www.lcp.fr\/emissions\/politique-matin\/279008-la-matinale-du-8-decembre-2016               \n\n-&#8220;Fillon pr\u00e9sente sa candidature au nom du Medef, de la Commission europ\u00e9enne, des banques. Il y a des primaires \u00e0 droite et \u00e0 gauche parce qu&#8217;il n&#8217;y a pas de candidat naturel&#8221; (Marine Le Pen, invit\u00e9e du JT de TF1; vid\u00e9o, amener le curseur sur 14:40) : http:\/\/www.tf1.fr\/tf1\/jt-20h\/videos\/20-heures-7-decembre-2016.html\n\n-&#8220;Fran\u00e7ois Hollande a encore dans le dos le poignard de Manuel Valls. Marion sur l&#8217;avortement tient un propos qui n&#8217;est pas le programme du FN&#8221;  (Gilbert Collard, d\u00e9put\u00e9 &#8220;Bleu marine&#8221; du Gard; face \u00e0 Jean-Jacques Bourdin; vid\u00e9o) : http:\/\/www.bfmtv.com\/mediaplayer\/video\/gilbert-collard-face-a-jean-jacques-bourdin-en-direct-892407.html\n\n-&#8220;Pas un jour sans que la tante recadre la ni\u00e8ce&#8221; (Alba Ventura; vid\u00e9o) :      http:\/\/www.rtl.fr\/actu\/politique\/front-national-pas-un-jour-sans-que-la-tante-recadre-la-niece-note-alba-ventura-7786181217\n\n-&#8220;Le FN face \u00e0 la candidature Fillon&#8221; (Thomas Legrand; son) :                https:\/\/www.franceinter.fr\/emissions\/l-edito-politique\/l-edito-politique-08-decembre-2016\n\n-&#8220;\u00c7a craque au FN&#8221; (Yves Thr\u00e9ard du &#8220;Figaro&#8221;; vid\u00e9o) :                              http:\/\/www.europe1.fr\/emissions\/ledito-politique-dyves-threard\/ca-craque-au-fn-2921654\n\n<strong>EUROPE-MONDE<\/strong>\n\n<strong>-La mobilisation contre les trait\u00e9s transatlantiques reste vive (Aline Robert) :   <\/strong>                                                                                                                                                                                           http:\/\/www.euractiv.fr\/section\/innovation-entreprises\/news\/la-mobilisation-contre-les-accords-transatlantiques-reste-vive\/?nl_ref=26607641\n\n-La Commission europ\u00e9enne refuse de modifier les lois sur la conservation de la nature (Marine Jobert) :                                                                                                                                    http:\/\/www.euractiv.fr\/section\/climat-environnement\/news\/bruxelles-renonce-a-reecrire-les-lois-sur-la-conservation-de-la-nature\/?nl_ref=26607641\n\n-&#8220;Les Verts imaginent des ressources propres \u00e9cologiques pour l&#8217;Union europ\u00e9enne&#8221; (Georgi Gotev) :                                                                                                                                                   http:\/\/www.euractiv.fr\/section\/euro-finances\/news\/greens-pre-empt-monti-group-report-with-alternative-paper\/?nl_ref=26607641\n\n-&#8220;Horizon toujours bouch\u00e9 pour la r\u00e9forme des travailleurs d\u00e9tach\u00e9s&#8221; (C\u00e9cile Barbi\u00e8re) :                                                                                                                                                                         http:\/\/www.euractiv.fr\/section\/europe-sociale-emploi\/news\/lhorizon-demeure-bouche-pour-la-reforme-des-travailleurs-detaches\/?nl_ref=26607641\n\n<strong>-&#8220;Les sc\u00e9narios restent nombreux pour l&#8217;Italie post-Renzi&#8221; (Italia Oggi) :    <\/strong>                                                                                                                                                                                               http:\/\/www.euractiv.fr\/section\/politique\/news\/renzi-on-ice-what-happens-next\/?nl_ref=26607641\n\n-&#8220;Les implications europ\u00e9ennes du r\u00e9f\u00e9rendum italien&#8221; (Manon Flausch) :                                                                                                                                                                                                 http:\/\/www.euractiv.fr\/section\/politique\/opinion\/le-referendum-italien-et-ses-implications-europeennes\/?nl_ref=26607641                                                                                                                                    \n\n-L&#8217;Allemagne propose un &#8220;plan Marshall&#8221; controvers\u00e9 pour l&#8217;Afrique (Bob Koigi) :                                                                                                                                                                                  http:\/\/www.euractiv.fr\/section\/aide-au-developpement\/news\/africa-has-mixed-reaction-to-germanys-marshall-plan-proposal\/?nl_ref=26607641\n\n-Les d\u00e9put\u00e9s britanniques adoptent le calendrier du Brexit de Theresa May (vid\u00e9o) : http:\/\/nr.news-republic.com\/Web\/ArticleWeb.aspx?regionid=2&#038;articleid=79537695\n\n<strong>-&#8220;Un Lord d\u00e9nonce les crit\u00e8res d&#8217;accueil des r\u00e9fugi\u00e9s mineurs au Royaume-Uni&#8221; :    <\/strong>                                                                                                                                                                                            http:\/\/www.euractiv.fr\/section\/l-europe-dans-le-monde\/news\/un-lord-denonce-les-criteres-daccueil-des-refugies-mineurs-au-royaume-uni\/?nl_ref=26607641\n\n-Hier, les Grecs \u00e9taient appel\u00e9s \u00e0 la gr\u00e8ve contre de nouvelles mesures d&#8217;aust\u00e9rit\u00e9 :                                                                                                                                                                              http:\/\/www.lemonde.fr\/europe\/article\/2016\/12\/08\/les-grecs-appeles-a-la-greve-generale-contre-de-nouvelles-mesures-d-austerite_5045587_3214.html#xtor\n\n<strong>-Malte promet une pr\u00e9sidence forte sur les libert\u00e9s civiles (Samuel Morgan) :<\/strong>                                                                                                                                                                                          http:\/\/www.euractiv.fr\/section\/europe-sociale-emploi\/news\/malta-looks-to-guide-europe-on-social-issues-in-upcoming-eu-presidency\/?nl_ref=26607641\n\n-&#8220;Alerte rouge en Estonie&#8221; (Alexandre L\u00e9vy) : https:\/\/www.letemps.ch\/monde\/2016\/12\/08\/alerte-rouge-estonie?utm_source\n\n-Le procureur du Tribunal p\u00e9nal international a requis la prison \u00e0 perp\u00e9tuit\u00e9 contre l&#8217;ancien chef des militaires serbes de Bosnie Ratko Mladic (vid\u00e9o) :                                                                           http:\/\/nr.news-republic.com\/Web\/ArticleWeb.aspx?regionid=2&#038;articleid=79527577\n\n<strong>-&#8220;Le nouveau pr\u00e9sident Moldave se distancie de l&#8217;OTAN&#8221; : <\/strong> http:\/\/www.euractiv.fr\/section\/l-europe-dans-le-monde\/news\/moldovan-president-elect-opposes-planned-nato-office\/?nl_ref=26607641\n\n-&#8220;La purge s&#8217;\u00e9tend aux associations turques&#8221; (vid\u00e9o) : http:\/\/nr.news-republic.com\/Web\/ArticleWeb.aspx?regionid=2&#038;articleid=79564811\n\n-&#8220;Au Ghana, les r\u00e9sultats de l&#8217;\u00e9lection pr\u00e9sidentielle sont en retard&#8221; :           http:\/\/www.la-croix.com\/Monde\/Ghana-premiers-resultats-presidentielle-tres-serres-2016-12-08-1300808917  \n\n<strong>-En Afrique, les organisations internationales observ\u00e9es de toutes parts (Simon Piel et Johan Tilouine) :   <\/strong>                                                                                                                                               http:\/\/www.lemonde.fr\/afrique\/article\/2016\/12\/08\/en-afrique-les-organisations-internationales-surveillees-de-toutes-parts_5045493_3212.html#xto\n\n<strong>-Le d\u00e9tail des \u00e9coutes britanniques :<\/strong>                                                                                                                                                                                                                                                              http:\/\/www.lemonde.fr\/afrique\/article\/2016\/12\/08\/chefs-d-etat-diplomates-hommes-d-affaires-le-who-s-who-des-ecoutes-britanniques-en-afrique_5045620_3212.html#xtor\n\n-Un climatosceptique \u00e0 l&#8217;environnement, un g\u00e9n\u00e9ral \u00e0 l&#8217;Int\u00e9rieur dans l&#8217;administration Trump (vid\u00e9o) :  http:\/\/nr.news-republic.com\/Web\/ArticleWeb.aspx?regionid=2&#038;articleid=79556813\n\n-&#8220;Il mise \u00e0 fond sur le gaz de schiste&#8221; (Claude Guibal; son) :                         https:\/\/www.franceinter.fr\/emissions\/le-zoom-de-la-redaction\/le-zoom-de-la-redaction-08-decembre-2016\n\n<strong>-Une premi\u00e8re victoire historique des Sioux (Val\u00e9rie de Graffenried; vid\u00e9o) : <\/strong> https:\/\/www.letemps.ch\/monde\/2016\/12\/08\/combat-dun-chef-sioux-nom-amerindiens?utm_source\n\n-L&#8217;\u00e9pouse de Pinochet vis\u00e9e par un scandale (son) :                                      https:\/\/www.franceinter.fr\/emissions\/grand-angle\/grand-angle-08-decembre-2016\n\n-Les chiffres du commerce de la Chine bien meilleurs que pr\u00e9vu :                                                                                                                                                                                                                  http:\/\/www.lemonde.fr\/economie-mondiale\/article\/2016\/12\/08\/chine-les-chiffres-du-commerce-bien-meilleurs-que-prevu_5045407_1656941.html#xtor\n\n-Au Cambodge, faire du sport, une \u00e9preuve pour les femmes (vid\u00e9o) : http:\/\/nr.news-republic.com\/Web\/ArticleWeb.aspx?regionid=2&#038;articleid=79564809\n\n<strong>CULTURE-MEDIAS<\/strong>\n\n-&#8220;Je vais voter pour un moindre mal, car jusqu&#8217;\u00e0 pr\u00e9sent je n&#8217;ai pas vu le champion du bien&#8221; (le sociologue et philosophe Edgar Morin; vid\u00e9o) :                              http:\/\/www.europe1.fr\/societe\/edgar-morin-je-vais-voter-pour-un-moindre-mal-car-jusqua-present-je-nai-pas-vu-le-champion-du-bien-2921480\n\n<strong>-Il \u00e9tait l&#8217;invit\u00e9 du &#8220;Club de la presse&#8221; d&#8217;Europe 1 (son) : <\/strong> http:\/\/www.europe1.fr\/emissions\/le-club-de-la-presse\/europe-soir-le-club-de-la-presse-edgar-morin-et-richard-ferrand-07122016-2921498\n\n-Le mardi 13 d\u00e9cembre, \u00e0 partir de 19 H, &#8220;Qu&#8217;est-ce qui nous rassemble ?&#8221; (casse-cro\u00fbte d\u00e9bat au Th\u00e9\u00e2tre Antoine Vitez d&#8217;Ivry-sur-Seine (94); pi\u00e8ce jointe);  \n\n<strong>-&#8220;Sur l&#8217;autisme, la situation en France est compl\u00e8tement bloqu\u00e9e depuis 40 ans&#8221; (Florent Chapel, vice-pr\u00e9sident de la Maison de l&#8217;autisme et le psychiatre  Patrick Landman; invit\u00e9s de la matinale de France Inter (vid\u00e9os) :  <\/strong>                            https:\/\/www.franceinter.fr\/emissions\/l-invite-de-8h20\/l-invite-de-8h20-08-decembre-2016\n\n-Ils ont r\u00e9pondu aux questions des auditeurs (vid\u00e9o) :                            http:\/\/www.dailymotion.com\/video\/x54okfx_florent-chapel-vice-president-de-la-maison-de-l-autisme-et-patrick-landman-psychiatre-et-psychanalys_news\n\n<strong>-Aux &#8220;Etats g\u00e9n\u00e9reux de la Culture&#8221; \u00e0 Marseille, le musicien Alain Aubin, interrog\u00e9 par  Fabienne Pascaud (vid\u00e9o) : <\/strong> https:\/\/www.youtube.com\/watch?v=q08xpXcKQfk&#038;app=desktop\n\n-&#8220;Je n&#8217;ai pas peur de la fin, j&#8217;ai eu une tr\u00e8s belle vie&#8221; (Jean-Paul Belmondo, interrog\u00e9 par Thomas Sotto; son) :                                                                                  http:\/\/www.europe1.fr\/emissions\/l-interview-verite\/jean-paul-belmondo-je-nai-pas-peur-de-la-fin-jai-eu-une-tres-belle-vie-2921828\n\n-Dix films dans lesquels les femmes se vengent (Anne Dessuant) :   http:\/\/www.telerama.fr\/cinema\/dix-films-ou-les-femmes-se-vengent,150997.php#xtor       \n\n<strong>-Le r\u00e9alisateur portugais de &#8220;L&#8217;Ornithologue&#8221;, Joao Pedro Rodrigues \u00e9tait l&#8217;invit\u00e9 d&#8217;Augustin Trapenard. Le Centre Pompidou lui consacre une r\u00e9trospective (son) : <\/strong>  https:\/\/www.franceinter.fr\/emissions\/boomerang\/boomerang-08-decembre-2016\n\n-&#8220;Que valent les com\u00e9dies musicales actuellement \u00e0 l&#8217;affiche \u00e0 Paris ?&#8221;  :                                                                                                                                                                                                   http:\/\/www.telerama.fr\/sortir\/comedies-musicales-que-valent-les-spectacles-a-l-affiche-a-paris-en-decembre-2016,151169.php#xtor\n\n<strong>-Retrouver Pete Wilie avec Fran\u00e7ois Gorin (son) : <\/strong> http:\/\/www.telerama.fr\/musique\/wah-l-espoir-n-a-pas-sauve-wylie,151188.php#xtor\n\n<strong>-Le nouvel album de Neil Young avec cinq de ses titres \u00e0 \u00e9couter (Rebecca Manzoni; sons) <\/strong> : https:\/\/www.franceinter.fr\/emissions\/pop-co\/pop-co-08-decembre-2016\n\n-&#8220;Journal d&#8217;un photographe de mariage&#8221;, le film du r\u00e9alisateur isra\u00e9lien Nadav Lapid (Samuel Doulhaire) :                                                                                                                                        http:\/\/www.telerama.fr\/cinema\/journal-d-un-photographe-de-mariage-zoom-sur-la-societe-israelienne,151052.php#xtor\n\n-J\u00e9r\u00e9mie Couston n&#8217;a pas aim\u00e9 &#8221; Demain tout commence&#8221; de Hugo G\u00e9lin, avec Omar Sy (vid\u00e9o) :                                                                                                                                                      http:\/\/www.telerama.fr\/cinema\/demain-tout-commence-avec-omar-sy-pas-etonnant-qu-on-n-ait-pas-eu-le-droit-le-voir-avant-sa-sortie,151217.php\n\n<strong>-Depuis le mois de juin, &#8220;sur internet, tout le monde pense que vous \u00eates un terroriste&#8221; (Olivier Tesquet) :         <\/strong>                                                                                                                          http:\/\/www.telerama.fr\/medias\/delit-de-consultation-de-sites-terroristes-le-danger-du-pre-terrorisme,151208.php#xtor\n\n<strong>-Le reporter d&#8217;images grec Will Vassilopoulos laur\u00e9at du prix &#8220;Rory Peck&#8221; (vid\u00e9o) : <\/strong>  http:\/\/nr.news-republic.com\/Web\/ArticleWeb.aspx?regionid=2&#038;articleid=79535883\n\n<strong>-&#8220;12 jours dans la vie d&#8217;un r\u00e9fugi\u00e9&#8221; (le journaliste de Radio France Omar Ouahmane a suivi une famille de r\u00e9fugi\u00e9s syriens (son reportage dans &#8220;Interception&#8221; sur France Inter; son) :       <\/strong>         https:\/\/www.franceinter.fr\/emissions\/interception\/interception-18-octobre-2015\n\n-Les photos de la semaine (EPIC) :  http:\/\/www.oai13.com\/featured\/la-selection-du-jeudi-depic-stories-65\/     \n\n<strong>-&#8220;Jean-Luc M\u00e9lenchon r\u00e9ussit sa campagne sur le Net&#8221; (S\u00e9bastien Maillard) :   <\/strong>                   \nhttp:\/\/www.la-croix.com\/France\/Politique\/Jean-Luc-Melenchon-reussit-campagne-Net-2016-12-08-1200808945\n\n-&#8220;France 2 est la cha\u00eene de r\u00e9f\u00e9rence pour la politique&#8221; (David Pujadas, interrog\u00e9 par Thomas Joubert; son) : http:\/\/www.europe1.fr\/emissions\/l-invite-medias\/david-pujadas-france-2-est-la-chaine-de-reference-pour-la-politique-2921891\n\n-Hugo Cl\u00e9ment, journaliste de l&#8217;\u00e9mission &#8220;Quotidien&#8221; de Yann Barth\u00e8s, bouscul\u00e9 pendant le meeting de Manuel Valls (vid\u00e9o) :                                              http:\/\/www.europe1.fr\/emissions\/le-fait-medias-du-jour\/quotidien-le-journaliste-hugo-clement-bouscule-durant-un-meeting-de-manuel-valls-2921885\n\n<strong>-&#8220;Molotov&#8221;, une nouvelle fa\u00e7on de zapper&#8221; (le cr\u00e9ateur de l&#8217;application Jean-David Blanc, invit\u00e9 de Sonia Devillers; vid\u00e9o, amener le curseur sur 7:48) : <\/strong>   http:\/\/www.dailymotion.com\/video\/x54orm2_molotov-nouvelle-facon-de-zapper_news\n\n-Le tome 2 de &#8220;Totalitaire&#8221; la BD co\u00e9crite  par Fran\u00e7ois Durpaire (interrog\u00e9 par Dimitri Pavlenko; son) :  http:\/\/www.sudradio.fr\/Podcasts\/L-invite-pour-comprendre\/Francois-Durpaire-ecrivain-historien                                                                                                                                          \n\n<strong>-&#8220;Chromo SO1 EO1&#8243;, une s\u00e9rie argentine qui s&#8217;inspire de scandales \u00e9cologiques bien r\u00e9els&#8221; (Lucia Puenzo, une des trois coauteurs; propos recueillis par H\u00e9l\u00e8ne Marzolf; vid\u00e9o) :  <\/strong>        http:\/\/television.telerama.fr\/television\/cromo-une-serie-argentine-qui-s-inspire-de-desastres-ecologiques-bien-reels,150644.php#xto\n\n-La saison 4 de &#8220;Rectify&#8221; de Ray McKinnon a d\u00e9but\u00e9 sur &#8220;Sundance TV&#8221;. La s\u00e9rie est centr\u00e9e sur le retour \u00e0 la vie d&#8217;un prisonnier r\u00e9chapp\u00e9 du couloir de la mort. L&#8217;interview de son r\u00e9alisateur et de son interpr\u00e8te principal Aden Young par Pierre Langlais (vid\u00e9o) : http:\/\/www.telerama.fr\/series-tv\/rectify-saison-4-une-porte-s-entrouvre-sur-un-futur-plus-lumineux,150532.php#xtor\n\n-&#8220;Baupin et Cahuzac&#8221; (Guillaume Meurice; vid\u00e9o) :  http:\/\/www.dailymotion.com\/video\/x54pthe_football-leaks-baupin-et-cahuzac-le-journal-de-17h17_fun\n\n-&#8220;Face \u00e0 Fillon, Marine Le Pen est d\u00e9sormais la gauche&#8221; (Charline Vanhoenacker; vid\u00e9o) : http:\/\/www.dailymotion.com\/video\/x54obou_face-a-fillon-marine-le-pen-est-dorenavant-de-gauche-le-billet-de-charline_fun\n<h2 class=\"wp-block-heading\">Documents joints<\/h2>\n\n\n\n<div class=\"wp-block-file\"><a href=\"https:\/\/wp.muchomaas.com\/wp-content\/uploads\/2016\/12\/rappel-invitation_2e_debat_peuple_071216-d98.pdf\">rappel-invitation_2e_debat_peuple_071216.pdf<\/a><\/div>\n\n\n","protected":false},"excerpt":{"rendered":"<p>ACTUALITE -Le cauchemar des usagers de la SNCF (Jean-Claude Delarue, pr\u00e9sident de SOS Usagers; face \u00e0 Boris Pavlenko; son) : http:\/\/www.sudradio.fr\/Podcasts\/L-invite-pour-comprendre\/Jean-Claude-Delarue-president-de-SOS-Usagers -&#8220;On manque cruellement de moyens. Depuis 30 ans, les engagements ont \u00e9t\u00e9 principalement ax\u00e9s sur les lignes TGV&#8221; (Roger Dillenseger, du syndicat UNSA cheminots; face \u00e0 Marc-Olivier Fogiel; vid\u00e9o) : http:\/\/www.rtl.fr\/actu\/societe-faits-divers\/rer-b-on-manque-cruellement-de-moyens-regrette-un-cheminot-7786176535 -&#8220;Il faut r\u00e9inventer [&hellip;]<\/p>\n","protected":false},"author":1042,"featured_media":0,"comment_status":"open","ping_status":"open","sticky":false,"template":"","format":"standard","meta":{"_themeisle_gutenberg_block_has_review":false,"footnotes":""},"categories":[151],"tags":[],"class_list":["post-10066","post","type-post","status-publish","format-standard","hentry","category-la-revue-de-presse-de-lulu"],"_links":{"self":[{"href":"https:\/\/archives.regards.fr\/index.php?rest_route=\/wp\/v2\/posts\/10066","targetHints":{"allow":["GET"]}}],"collection":[{"href":"https:\/\/archives.regards.fr\/index.php?rest_route=\/wp\/v2\/posts"}],"about":[{"href":"https:\/\/archives.regards.fr\/index.php?rest_route=\/wp\/v2\/types\/post"}],"author":[{"embeddable":true,"href":"https:\/\/archives.regards.fr\/index.php?rest_route=\/wp\/v2\/users\/1042"}],"replies":[{"embeddable":true,"href":"https:\/\/archives.regards.fr\/index.php?rest_route=%2Fwp%2Fv2%2Fcomments&post=10066"}],"version-history":[{"count":0,"href":"https:\/\/archives.regards.fr\/index.php?rest_route=\/wp\/v2\/posts\/10066\/revisions"}],"wp:attachment":[{"href":"https:\/\/archives.regards.fr\/index.php?rest_route=%2Fwp%2Fv2%2Fmedia&parent=10066"}],"wp:term":[{"taxonomy":"category","embeddable":true,"href":"https:\/\/archives.regards.fr\/index.php?rest_route=%2Fwp%2Fv2%2Fcategories&post=10066"},{"taxonomy":"post_tag","embeddable":true,"href":"https:\/\/archives.regards.fr\/index.php?rest_route=%2Fwp%2Fv2%2Ftags&post=10066"}],"curies":[{"name":"wp","href":"https:\/\/api.w.org\/{rel}","templated":true}]}}