{"id":10063,"date":"2016-12-08T08:01:28","date_gmt":"2016-12-08T07:01:28","guid":{"rendered":"https:\/\/wp.muchomaas.com\/article-la-revue-du-8-decembre-2016\/"},"modified":"2023-06-23T23:23:39","modified_gmt":"2023-06-23T21:23:39","slug":"article-la-revue-du-8-decembre-2016","status":"publish","type":"post","link":"https:\/\/archives.regards.fr\/?p=10063","title":{"rendered":"La Revue du 8 d\u00e9cembre 2016"},"content":{"rendered":"<strong>ACTUALITE<\/strong>\n\n<strong>-A la Poste, malaise g\u00e9n\u00e9ral et gr\u00e8ve nationale&#8221; <\/strong> :                                       http:\/\/lexpansion.lexpress.fr\/entreprises\/a-la-poste-malaise-general-et-greve-nationale_1858055.html?PMSRC_CAMPAIGN\n\n-&#8220;J&#8217;attends du prochain pr\u00e9sident de la R\u00e9publique qu&#8217;il simplifie la vie des entreprises&#8221; (Pierre Gattaz, pr\u00e9sident du Medef; face \u00e0 Fr\u00e9d\u00e9ric Rivi\u00e8re; vid\u00e9o) :                                                                 http:\/\/www.rfi.fr\/video\/20161207-p-gattaz-j-attends-prochain-president-republique-il-simplifie-vie-entreprises\n\n-&#8220;Les jeunes doivent se pr\u00e9parer \u00e0 avoir des transitions professionnelles beaucoup plus nombreuses et rapides&#8221; (Christophe Catoir, pr\u00e9sident d&#8217;Adecco France; face \u00e0 Nicolas Pierron; vid\u00e9o) :            http:\/\/www.dailymotion.com\/video\/x54l1la_les-jeunes-doivent-se-preparer-a-avoir-des-transitions-professionnelles-beaucoup-plus-rapides-c-cat_news\n\n<strong>-&#8220;Une r\u00e9forme de gribouille&#8221; (Pascal Charvet, Inspecteur g\u00e9n\u00e9ral de l&#8217;Education nationale; cit\u00e9 par Lucie Martin; vid\u00e9o \u00e0 voir jusqu&#8217;\u00e0 mardi) : <\/strong>                                                                            http:\/\/www.telerama.fr\/monde\/une-reforme-de-gribouille-1-2,151005.php#xtor\n\n-La circulation altern\u00e9e est-elle vraiment efficace ? (vid\u00e9o) :                                                                                                                                                                                                                      http:\/\/www.lemonde.fr\/pollution\/video\/2016\/12\/06\/pollution-de-l-air-la-circulation-alternee-est-elle-vraiment-efficace_5044512_1652666.html\n\n-&#8220;Les particules fines sont encore plus dangereuses qu&#8217;avant&#8221; (le docteur Gilles Dixsaut; vid\u00e9o) :                                                                                                                                                                http:\/\/rmc.bfmtv.com\/mediaplayer\/video\/pics-de-pollution-les-particules-fines-sont-encore-plus-dangereuses-qu-avant-891641.html\n\n<strong>-Ce qu&#8217;en pense Oliver Blond, pr\u00e9sident de l&#8217;association &#8220;Respire&#8221;; interrog\u00e9 par Dimitri Pavlov (son) :  <\/strong>                                                                                                                                              http:\/\/www.sudradio.fr\/Podcasts\/L-invite-pour-comprendre\/Olivier-Blond-president-de-l-Association-Respire2\n\n-&#8220;La voiture-\u00e9missaire&#8221; (en d\u00e9bat chez Olivier Galzi sur i-T\u00e9l\u00e9; vid\u00e9o) :          http:\/\/www.itele.fr\/chroniques\/grand-decryptage-olivier-galzi\/le-grand-decryptage-du-07122016-171938\n\n-Renault se pr\u00e9pare \u00e0 \u00e9largir sa gamme \u00e9lectrique (Maxime Amiot) :                                                                                                                                                                                                  http:\/\/www.lesechos.fr\/industrie-services\/automobile\/0211568662050-renault-se-prepare-a-elargir-sa-gamme-electrique-2048479.php#xtor\n\n<strong>-&#8220;Ce que nous montre l&#8217;enqu\u00eate Pisa de l&#8217;OCDE, c&#8217;est que notre syst\u00e8me \u00e9ducatif est  bon mais pas pour tous les enfants&#8221; (Laurent Bigorgne de l&#8217;institut Montaigne; son) <\/strong> :                                    http:\/\/www.radioclassique.fr\/player\/progaction\/iniPlayer\/podcast\/linvite-du-matin-2016-12-07-07-49-05.html\n\n<strong>-L&#8217;extinction des abeilles (Yolaine de la Bigne; son) : <\/strong> http:\/\/www.sudradio.fr\/Podcasts\/Quelle-epoque-ethique\/L-extinction-des-abeilles\n\n-&#8220;Le hamster d&#8217;Alsace ne fait pas le poids face au Grand contournement de Strasbourg&#8221; (Marine Jobert) :                                                                                                                                            http:\/\/www.euractiv.fr\/section\/climat-environnement\/news\/le-hamster-dalsace-ne-fait-pas-le-poids-face-au-grand-contournement-de-strasbourg\/?nl_ref=26509199\n\n-Le probl\u00e8me du stationnement dans les grandes villes (Baptiste Gaborit; son) : http:\/\/www.radioclassique.fr\/player\/progaction\/iniPlayer\/podcast\/3-minutes-pour-la-planete-2016-12-07-06-45-33.html\n\n-Reportage au march\u00e9 de Rungis qui pr\u00e9pare les f\u00eates (son) : http:\/\/www.sudradio.fr\/Podcasts\/Les-reportages-de-la-matinee\/Marche-de-Rungis\n\n-Les solitudes en France (une \u00e9tude de la Fondation de France) : http:\/\/www.fondationdefrance.org\/sites\/default\/files\/atoms\/files\/les_solitudes_en_france_2016_-_synthese.pdf\n\n<strong>-&#8220;Les chiffres-cl\u00e9s de la pr\u00e9carit\u00e9 \u00e9nerg\u00e9tique&#8221; (une \u00e9tude de l&#8217;Observatoire national de la pr\u00e9carit\u00e9 \u00e9nerg\u00e9tique) :   <\/strong>                                                                                                                          http:\/\/www.onpe.org\/sites\/default\/files\/pdf\/tableau_de_bord\/chiffres-cles-precarite-energetique-novembre2016.pdf\n\n<strong>-Les effets des attentats sur les discriminations (Francis Lecompte) : <\/strong> https:\/\/lejournal.cnrs.fr\/nos-blogs\/face-au-terrorisme-la-recherche-en-action\/quels-sont-les-effets-des-attentats-sur-les\n\n-Le Conseil d&#8217;Etat rejette le recours d\u00e9pos\u00e9 par la mosqu\u00e9e salafiste d&#8217;Ecquevilly dans les Yvelines (Elise Vincent) :                                                                                                                   http:\/\/www.lemonde.fr\/police-justice\/article\/2016\/12\/06\/le-conseil-d-etat-rejette-le-recours-depose-par-la-mosquee-salafiste-d-ecquevilly_5044433_1653578.html\n\n-&#8220;La baisse du sentiment d&#8217;ins\u00e9curit\u00e9&#8221; (Sylvain Mouillard) : http:\/\/www.liberation.fr\/france\/2016\/12\/07\/insecurite-un-tableau-pas-si-noir-et-ce-sont-les-francais-qui-le-disent_1533442\n\n<strong>-L&#8217;opinion de Cyril Rizk, responsable des statistiques \u00e0 l&#8217;Observatoire national (ONDRP; son) :   <\/strong>                                                                                                                                                 http:\/\/www.sudradio.fr\/Podcasts\/L-invite-pour-comprendre\/Cyril-Rizk-Responsable-des-statistiques-a-ONDRP\n\n<em>-Le rapport annuel 2016 de l&#8217;ONRDP  (documents \u00e0 t\u00e9l\u00e9charger) :<\/em>                          https:\/\/inhesj.fr\/fr\/content\/rapport-annuel-2016\n\n-L&#8217;expulsion de familles de trafiquants de drogue (le point de vue de Jean-Baptiste Eyraud du DAL; son) :                                                                                                                                         http:\/\/www.sudradio.fr\/Podcasts\/L-invite-pour-comprendre\/Jean-Baptiste-Eyraud-porte-parole-du-DAL-Droit-au-Logement2\n\n-D\u00e9mocratie participative, &#8220;le sommet de Paris s&#8217;ouvre sur fond de pol\u00e9miques&#8221; (Sandrine Cassini et Claire Legros) :                                                                                                                 http:\/\/www.lemonde.fr\/pixels\/article\/2016\/12\/05\/democratie-participative-le-sommet-de-paris-s-ouvre-sur-fond-de-polemiques_5043813_4408996.html\n\n<strong>-La directrice &#8220;d&#8217;Etalab&#8221;, Laure Lucchesi, en difficult\u00e9 sur le sujet face \u00e0 Eric Delvaux sur France Inter (son)<\/strong> : https:\/\/www.franceinter.fr\/emissions\/l-invite-du-5-7\/l-invite-du-5-7-07-decembre-2016\n\n<strong>-&#8220;Quand les femmes sont ind\u00e9sirables dans certains quartiers&#8221; (vid\u00e9o) :      <\/strong>       http:\/\/www.francetvinfo.fr\/societe\/societe-quand-les-femmes-sont-indesirables-dans-les-lieux-publics_1958225.html\n\n<strong>POLITIQUE<\/strong>\n\n<strong>-&#8220;Les citoyens ont les clefs d&#8217;un nouveau sc\u00e9nario&#8221; (Patrick Le Hyaric; pi\u00e8ce jointe);<\/strong>\n\n<strong>-&#8220;Gare du Nord et RER B, l&#8217;aust\u00e9rit\u00e9 prend en otage un million d&#8217;usagers&#8221; (le PCF) : <\/strong> http:\/\/www.pcf.fr\/94457\n\n-&#8220;Cl\u00e9mentine Autain face au moteur de recherche&#8221; (vid\u00e9o) :                              http:\/\/www.francetvinfo.fr\/politique\/video-clementine-autain-face-au-moteur-de-recherche_1956419.html\n\n<em>-Christiane Taubira a r\u00e9pondu aux signataires de la p\u00e9tition lui demandant d&#8217;\u00eatre candidate (document) : <\/em> https:\/\/m.facebook.com\/ChristianeTaubira\/posts\/1280678305338649\n\n<strong>-&#8220;Je ne crois pas qu&#8217;on puisse \u00eatre trop d\u00e9port\u00e9s sur la droite (avec Manuel Valls), ni sur la gauche, avec Jean-Luc M\u00e9lenchon. Il faut rassembler&#8221;  (Marie-No\u00eblle Lienemann qui r\u00e9fl\u00e9chit \u00e0 retirer sa candidature; face \u00e0 Jean-Jacques Bourdin; vid\u00e9o) <\/strong> : http:\/\/rmc.bfmtv.com\/emission\/primaire-a-gauche-marie-noelle-lienemann-reflechit-a-retirer-sa-candidature-1067352.html\n\n-&#8220;Il est criminel de ne pas agir apr\u00e8s 6 jours de pics de pollution. Tous ces politiques,  ils adorent le diesel&#8221; (Yannick Jadot, candidat \u00e9cologiste \u00e0 l&#8217;\u00e9lection pr\u00e9sidentielle; face \u00e0 Caroline Roux; vid\u00e9o) :                                            http:\/\/www.france2.fr\/emissions\/telematin\/actu\/les-4-verites-yannick-jadot_530867\n\n-Il \u00e9tait face \u00e0 la r\u00e9daction de Mediapart (vid\u00e9o) : https:\/\/www.youtube.com\/watch?v=3o9mQDsfABg&#038;feature=youtu.be\n\n<strong>-Son face \u00e0 face avec Corinne Morel-Darleux, coordinatrice du Parti de gauche (vid\u00e9o <\/strong> : https:\/\/www.youtube.com\/watch?v=l-F6W3YORJg&#038;feature=youtu.be\n\n-&#8220;Demain, j&#8217;\u00e9cris \u00e0 Jean-Luc M\u00e9lenchon et \u00e0 Emmanuel Macron pour leur proposer de rejoindre la primaire&#8221; (Jean-Christophe Cambad\u00e9lis, face \u00e0 Ruth Elkrief; vid\u00e9o) : http:\/\/www.bfmtv.com\/mediaplayer\/video\/jean-christophe-cambadelis-demain-j-ecrirai-a-jean-luc-melenchon-et-emmanuel-macron-pour-leur-proposer-de-rejoindre-la-primaire-892665.html\n\n-&#8220;Manuel Valls a des postions tr\u00e8s tranch\u00e9es. Sur la question europ\u00e9enne, Jean-Luc M\u00e9l\u00e9nchon dit qu&#8217;il veut sortir du trait\u00e9, je n&#8217;approuve pas cette id\u00e9e. La question n&#8217;est pas de sortir du trait\u00e9 mais de construire les trait\u00e9s suivants&#8221;                                    (Arnaud Montebourg, invit\u00e9 de la matinale de Franceinfo; vid\u00e9o) :                          http:\/\/www.dailymotion.com\/video\/x54lei5_pour-arnaud-montebourg-manuel-valls-a-des-positions-tres-tranchees_news\n\n-&#8220;On ne gouverne pas la gauche avec un 49.3. Il (Manuel Valls) a de l&#8217;autorit\u00e9 naturelle, elle ne doit pas se transformer en autoritarisme&#8221; (Fran\u00e7ois Rebsamen, ancien ministre du Travail qui attend de voir; interrog\u00e9 par Elizabeth Martichoux; vid\u00e9o) : http:\/\/www.rtl.fr\/actu\/politique\/francois-rebsamen-on-ne-gouverne-pas-la-gauche-avec-le-49-3-7786162615\n\n-&#8220;En 2012, je m&#8217;\u00e9tais pr\u00e9par\u00e9 \u00e0 \u00eatre ministre de l&#8217;Int\u00e9rieur, cette fois, j&#8217;ai r\u00e9pondu, non merci&#8221; (il \u00e9tait invit\u00e9 de &#8220;Mardi Politique&#8221;; vid\u00e9o) :                                   http:\/\/www.rfi.fr\/video\/20161206-francois-rebsamen-maire-ps-dijon-president-grand-dijon\n\n<strong>-&#8220;Depuis 2008, ces sites anti-IVG se sont d\u00e9velopp\u00e9s. Ce sont des sites militants qui se dissimulent derri\u00e8re des sites d&#8217;information pour dissuader les femmes de recourir \u00e0 l&#8217;IVG&#8221;(La ministre Laurence Rossignol, invit\u00e9e de Laurence Salam\u00e9; vid\u00e9o) <\/strong> : http:\/\/www.dailymotion.com\/video\/x54kw9c_laurence-rossignol-invitee-de-lea-salame_news\n\n-&#8220;Il n&#8217;y a pas d&#8217;autre chemin qu&#8217;une primaire&#8221; (Christophe Borgel, pr\u00e9sident du Comit\u00e9 d&#8217;organisation de la primaire; vid\u00e9o) :                                                                                                          http:\/\/rmc.bfmtv.com\/emission\/christophe-borgel-il-n-y-a-pas-d-autre-chemin-qu-une-primaire-1067385.html\n\n-C&#8217;est ce que semble avoir compris Sylvia Pinel du PRG qui renonce \u00e0 la pr\u00e9sidentielle (Laurent Dubois) :                                                                                                                                                     http:\/\/france3-regions.blog.francetvinfo.fr\/midi-pyrenees-politiques-france3\/2016\/12\/07\/sylvia-pinel-renonce-a-sa-candidature-presidentielle-et-va-rejoindre-la-primaire-du-ps.html\n\n-Elle \u00e9tait au &#8220;Club de la Presse&#8221; d&#8217;Europe 1 (son) :                                      http:\/\/www.europe1.fr\/emissions\/le-club-de-la-presse\/europe-soir-le-club-de-la-presse-sylvia-pinel-et-thierry-solere-06122016-2920535\n\n-&#8220;Peillon, c&#8217;est la candidature logique du Parti socialiste, une candidature pour tous&#8221; (Patrick Mennucci, d\u00e9put\u00e9 PS des Bouches-du-Rh\u00f4ne; vid\u00e9o) :  http:\/\/www.bfmtv.com\/mediaplayer\/video\/mennucci-peillon-c-est-la-candidature-logique-du-parti-socialiste-892507.html\n\n-&#8220;Il se saisit de l&#8217;occasion par calcul ou par revanche&#8221; (Nathalie Saint-Cricq; vid\u00e9o) : http:\/\/www.francetvinfo.fr\/politique\/ps\/primaire-a-gauche\/primaire-de-la-gauche-vincent-peillon-se-saisit-de-l-occasion-par-calcul-et-par-revanche_1958201.html\n\n-&#8220;Bernard Cazeneuve est un excellent choix pour mener ce gouvernement. Mon coeur politique va \u00e0 l&#8217;\u00e9cologie, mon candidat est donc Fran\u00e7ois de Rugy&#8221; (la secr\u00e9taire d&#8217;Etat Barbara Pompili; face \u00e0 Guillaume Durand; vid\u00e9o) : http:\/\/www.dailymotion.com\/video\/x54l26j\n\n-&#8220;Le discours de Manuel Valls m&#8217;a laiss\u00e9 une forte impression. Je n&#8217;ai jamais appr\u00e9ci\u00e9 les primaires&#8221; (le secr\u00e9taire d&#8217;Etat Jean-Vincent Plac\u00e9; interrog\u00e9 par Jean-Pierre Elkabbach; vid\u00e9o) : http:\/\/www.europe1.fr\/emissions\/l-interview-politique\/renoncement-de-francois-hollande-candidature-de-manuel-valls-bernard-cazeneuve-a-matignon-et-necessite-de-rassembler-la-gauche-jean-vincent-place-repond-aux-questions-de-jean-pierre-elkabbach-2920856\n\n<em>-Les candidats potentiels de gauche (ELABE) :<\/em> http:\/\/elabe.fr\/candidats-potentiels-de-gauche\/\n\n-&#8220;Bernard Cazeneuve, pour Fran\u00e7ois Hollande, c&#8217;est la s\u00e9curit\u00e9&#8221; (Guillaume Tabard du &#8220;Figaro&#8221;; son) :                                                                                                                                        http:\/\/www.radioclassique.fr\/player\/progaction\/initPlayer\/podcast\/ledito-politique-de-guillaume-tabard-2016-12-07-08-13-38.html\n\n-&#8220;On va avoir un premier ministre ultra-populaire pendant cinq mois. Le discours de Valls \u00e9tait tr\u00e8s sarkozyste&#8221; (Maurice Szafran; vid\u00e9o) :                                                                             http:\/\/www.dailymotion.com\/video\/x54l2rl_le-discours-de-valls-etait-tres-sarkozyste-maurice-szafran-07-12-2016_news\n\n-D\u00e9termin\u00e9 &#8220;\u00e0 \u00e9laborer un projet qui r\u00e9ponde aux attentes des Fran\u00e7ais&#8221; pour le faire d\u00e9fendre par les candidats \u00e0 l&#8217;\u00e9lection pr\u00e9sidentielle&#8230;\u00e0 moins qu&#8217;il ne le d\u00e9fende lui-m\u00eame (Fran\u00e7ois Bayrou, pr\u00e9sident du MoDem, invit\u00e9 de la matinale de France Inter; vid\u00e9o) :                                                                                    https:\/\/www.franceinter.fr\/emissions\/l-invite-de-8h20\/l-invite-de-8h20-07-decembre-2016\n\n-Il a r\u00e9pondu aux questions des auditeurs (son) :                    https:\/\/www.franceinter.fr\/emissions\/interactiv\/interactiv-07-decembre-2016\n\n-Vif \u00e9change entre Bernard Cazeneuve et Christian Jacob, pr\u00e9sident du groupe LR (vid\u00e9o) : http:\/\/www.francetvinfo.fr\/politique\/remaniement\/video-vif-echange-entre-christian-jacob-et-le-nouveau-premier-ministre-bernard-cazeneuve_1957701.html\n\n-&#8220;Valls pris dans l&#8217;\u00e9touffant quatre-quart de la gauche&#8221; (Yves Thr\u00e9ard du &#8220;Figaro&#8221;; vid\u00e9o) :  http:\/\/www.europe1.fr\/emissions\/ledito-politique-dyves-threard\/valls-dans-letouffant-quatre-quarts-de-la-gauche-2920715\n\n-&#8220;Manuel Valls, la gauche d\u00e9sincarn\u00e9e&#8221; (Richard Werly, du quotidien suisse &#8220;Le Temps&#8221;) : https:\/\/www.letemps.ch\/opinions\/2016\/12\/07\/manuel-valls-gauche-francaise-desincarnee?utm_source\n\n-Quand Jean-Christophe Cambad\u00e9lis raillait le trop-plein de candidats \u00e0 la primaire&#8230;de la droite (Louis Hausalter; vid\u00e9o) :                                                                                             http:\/\/www.marianne.net\/primaire-gauche-quand-cambadelis-raillait-trop-plein-candidats-droite-100248417.html\n\n-&#8220;Le programme de Fillon est compatible avec le centre&#8221; (Maurice Leroy, d\u00e9put\u00e9 &#8220;Nouveau Centre&#8221; du Loir-et-Cher, qui veut &#8220;en finir avec les zig et les zag de Christophe Lagarde&#8221;, le pr\u00e9sident de l&#8217;UDI; invit\u00e9 de &#8220;Territoires d&#8217;Infos&#8221;; vid\u00e9o, amener le curseur sur 34:20) :  http:\/\/www.sudradio.fr\/Politique\/L-interview-politique\/Maurice-Leroy-Le-programme-de-Fillon-est-compatible-avec-le-centre\n\n-&#8220;Tous ont en t\u00eate que Manuel Valls a fait un mauvais score \u00e0 la primaire de 2011 pour finir premier ministre. Bien s\u00fbr qu&#8217;il faut continuer l&#8217;\u00e9tat d&#8217;urgence. Je souhaite que le centre ait un cap, que nous proposions \u00e0 Fran\u00e7ois Fillon un certain nombre d&#8217;infl\u00e9chissements. Nous d\u00e9ciderons dimanche&#8221; (Herv\u00e9 Morin, pr\u00e9sident UDI de la r\u00e9gion Normandie; face \u00e0 Olivier Galzi; vid\u00e9o) :     http:\/\/www.itele.fr\/chroniques\/invite-galzi-jusqua-minuit\/linvite-politique-dolivier-galzi-du-07122016-171936\n\n-Certains points du programme sant\u00e9 de Fran\u00e7ois Fillon &#8220;n\u00e9cessitent une clarification&#8221; (Bernard Accoyer, secr\u00e9taire g\u00e9n\u00e9ral des R\u00e9publicains; vid\u00e9o) :\nhttp:\/\/www.lcp.fr\/la-politique-en-video\/programme-sante-de-fillon-certains-points-necessitent-une-clarification\n\n-&#8220;Changer de ministre de l&#8217;Int\u00e9rieur maintenant, je ne suis pas convaincu. Manuel Valls est totalement comptable du bilan&#8221;  (Benoist Apparu, d\u00e9put\u00e9 LR de la Marne, invit\u00e9 de la matinale d&#8217;i-T\u00e9l\u00e9; vid\u00e9o) :http:\/\/www.itele.fr\/chroniques\/invite-michael-darmon\/linvite-de-michael-darmon-du-07122016-171927\n\n-&#8220;Fran\u00e7ois Fillon, un conservateur du 19e si\u00e8cle&#8221; (Romaric Godin) : http:\/\/www.latribune.fr\/economie\/france\/francois-fillon-un-conservateur-du-19e-siecle-620428.html\n\n-&#8220;Bernard Cazeneuve, c&#8217;est un ministre de l&#8217;Int\u00e9rieur qui a \u00e9chou\u00e9. Nous allons probablement voter la prolongation de l&#8217;\u00e9tat d&#8217;urgence. Tous les candidats de la primaire vont devoir rendre compte de leur bilan. Les patriote d&#8217;un c\u00f4t\u00e9, les mondialistes de l&#8217;autre&#8221; (David Rachline, directeur de campagne de Marine Le Pen; face \u00e0 Laurence Ferrari; vid\u00e9o) :                     http:\/\/www.itele.fr\/chroniques\/invite-politique-ferrari-tirs-croises\/linvite-de-laurence-ferrari-du-07122016-171933\n\n<em>-Les enjeux prioritaires aux yeux des Fran\u00e7ais (IFOP) :<\/em> http:\/\/www.ifop.com\/?option=com_publication&#038;type=poll&#038;id=3579\n\n<strong>EUROPE-MONDE<\/strong>\n\n<strong>-&#8220;Les n\u00e9gociations sur la taxe sur les transactions financi\u00e8res n&#8217;aboutiront pas en 2016&#8221; (C\u00e9cile Barbi\u00e8re) :   <\/strong>                                                                                                                                          http:\/\/www.euractiv.fr\/section\/euro-finances\/news\/les-negociations-sur-la-ttf-naboutiront-pas-en-2016\/?nl_ref=26509199\n\n-Taxis, VTC, le Parlement europ\u00e9en adopte un rapport en faveur des plateformes (Mounia Van de Casteele) :                                                                                                                                  http:\/\/www.latribune.fr\/entreprises-finance\/services\/transport-logistique\/taxis-vtc-le-parlement-europeen-adopte-un-rapport-en-faveur-des-plateformes-622697.html\n\n-Selon Eurodad, il y aurait actuellement 1444 rescrits fiscaux en Europe (James Crisp) :                                                                                                                                                                           http:\/\/www.euractiv.fr\/section\/euro-finances\/news\/luxembourg-made-172-secret-tax-deals-with-companies-in-year-after-luxleaks\/?nl_ref=26509199\n\n-L&#8217;agence Europol au centre d&#8217;une fuite de donn\u00e9es sensibles (Christoph Zeiher) : http:\/\/www.euractiv.fr\/section\/justice-affaires-interieures\/news\/europol-in-shocking-data-leak\/?nl_ref=26509199\n\n-&#8220;L&#8217;Union europ\u00e9enne devrait avoir un pr\u00e9sident \u00e9lu&#8221; (Henri Malosse, ancien pr\u00e9sident du Comit\u00e9 \u00e9conomique et social europ\u00e9en; propos recueillis par Hannah Illing) :                                       http:\/\/www.euractiv.fr\/section\/europe-sociale-emploi\/interview\/former-eesc-president-we-need-an-eu-president\/?nl_ref=26509199\n\n-Des procureurs de plusieurs pays veulent un parquet europ\u00e9en :                                                                                                                                                                                                               http:\/\/www.euractiv.fr\/section\/justice-affaires-interieures\/opinion\/wed-onlynational-officials-in-support-of-european-public-prosecutor-office\/?nl_ref=26509199\n\n<strong>-&#8220;R\u00e9f\u00e9rendum italien, les trois raisons d&#8217;un \u00e9chec&#8221; (Marc Lazar, directeur du Centre d&#8217;histoire de Sciences Po) : <\/strong>                                                                                                                                  http:\/\/www.telos-eu.com\/fr\/referendum-italien-les-trois-raisons-dun-echec.html\n\n-&#8220;Quel bilan pour Matteo Renzi ?&#8221; : http:\/\/www.lemonde.fr\/international\/article\/2016\/12\/06\/italie-quel-bilan-pour-matteo-renzi_5044472_3210.html\n\n<strong>-&#8220;Non, l&#8217;Italie n&#8217;est pas gagn\u00e9e par le populisme&#8221; (Salvatore Palidda) : <\/strong>                    https:\/\/blogs.mediapart.fr\/salvatore-palidda\/blog\/071216\/non-litalie-nest-pas-gagnee-par-le-populisme?utm_source\n\n-&#8220;Un socialiste espagnol reconna\u00eet les erreurs de son groupe&#8221; (Gustavo Monge) :                                                                                                                                                                                      http:\/\/www.euractiv.fr\/section\/politique\/news\/socialists-and-democrats-vp-socialist-errors-contributed-to-populisms-rise\/?nl_ref=26509199\n\n-Apple et Dublin divis\u00e9s sur le remboursement des 13 milliards d&#8217;euros (Simon Van Dorpe) :                                                                                                                                                               http:\/\/www.euractiv.fr\/section\/euro-finances\/news\/apple-ireland-lines-of-defence-diverge-in-state-aid-case\/?nl_ref=26509199\n\n<strong>-&#8220;Vers la r\u00e9\u00e9lection d&#8217;Angela Merkel ?&#8221; (l&#8217;\u00e9conomiste Enrik Uterwedde; son et vid\u00e9os) :    <\/strong>                                                                                                                                                                   https:\/\/www.franceculture.fr\/emissions\/les-enjeux-internationaux\/allemagne-quelle-perspective-pour-la-reelection-possible-de-mme\n\n-En Autriche, &#8220;Norbert Hofert est un constricteur de la d\u00e9mocratie&#8221; (l&#8217;\u00e9crivain Joseph Winkler; propos recueillis par Marine Landrot) :                                                                                               http:\/\/www.telerama.fr\/livre\/l-ecrivain-josef-winkler-apres-les-elections-autrichiennes-norbert-hofer-est-un-constricteur-de-la-democratie,151180.php#xtor\n\n-Affrontements \u00e0 Ath\u00e8nes apr\u00e8s une marche \u00e0 la m\u00e9moire d&#8217;un adolescent tu\u00e9 par la police (vid\u00e9o) :                                                                                                                                         http:\/\/www.francetvinfo.fr\/monde\/grece\/video-affrontements-a-athenes-apres-une-marche-a-la-memoire-d-un-jeune-tue-par-la-police_1957219.html\n\n-&#8220;L&#8217;Union europ\u00e9enne se demande o\u00f9 sont pass\u00e9es les aides \u00e0 l&#8217;Ukraine&#8221; (Georgi Gotev) :                                                                                                                                                                       http:\/\/www.euractiv.fr\/section\/l-europe-dans-le-monde\/news\/court-of-auditors-unable-to-say-how-eu-money-was-spent-in-ukraine\/?nl_ref=26509199\n\n<strong>-Netanyahou rejette la proposition fran\u00e7aise de rencontrer Abbas \u00e0 Paris     <\/strong>                                                           http:\/\/www.lemonde.fr\/proche-orient\/article\/2016\/12\/08\/netanyahou-ecarte-la-possibilite-de-rencontrer-abbas-en-marge-d-une-conference-a-paris_5045247_3218.html#xtor=AL-32280270\n\n-L&#8217;arm\u00e9e syrienne en passe de reconqu\u00e9rir Alep (vid\u00e9o) : http:\/\/www.francetvinfo.fr\/monde\/revolte-en-syrie\/syrie-l-armee-en-passe-de-reconquerir-alep_1957325.html\n\n<strong>-&#8220;On est devant un occident totalement impuissant&#8221; (le professeur Rapha\u00ebl Pitti, sp\u00e9cialiste de la chirurgie de guerre, de retour de Syrie; interrog\u00e9 par Thomas Sotto; son) <\/strong> :  http:\/\/www.europe1.fr\/emissions\/l-interview-verite\/pr-raphael-pitti-on-est-devant-un-occident-completement-impuissant-2920814\n\n-&#8220;La Tunisie r\u00e9habilite son patrimoine&#8221; (Raoul Mbog) : http:\/\/www.telerama.fr\/scenes\/pour-regarder-vers-l-avenir-la-tunisie-rehabilite-son-patrimoine,151000.php#xtor\n\n-Scrutin serr\u00e9 au Ghana (vid\u00e9o) : http:\/\/nr.news-republic.com\/Web\/ArticleWeb.aspx?regionid=2&#038;articleid=79503093\n\n<strong>-&#8220;Un Sioux, c&#8217;est un Sioux !&#8221; (la Dame du bois joli) <\/strong> : https:\/\/blogs.mediapart.fr\/la-dame-du-bois-joli\/blog\/051216\/un-sioux-c-est-un-sioux?utm_source\n\n<strong>-&#8220;Fidel Castro a donn\u00e9 \u00e0 Cuba une place hors norme dans le monde&#8221; (Jean Mendelson, ambassadeur de France \u00e0 Cuba de 2010 \u00e0 2015) :<\/strong>                                                                                           http:\/\/www.huffingtonpost.fr\/jean-mendelson\/mort-fidel-castro-cuba-place-hors-norme-dans-le-monde\/?utm_hp_ref=fr-homepage\n\n<strong>-S\u00e9gol\u00e8ne Royal \u00e0 l&#8217;Assembl\u00e9e nationale hier (vid\u00e9o, amener le curseur sur 33:30) : <\/strong> http:\/\/www.lcp.fr\/emissions\/questions-au-gouvernement\/279985-questions-au-gouvernement\n\n-Apr\u00e8s le crash de l&#8217;avion en Colombie, le directeur de la compagnie Lamia arr\u00eat\u00e9 :                                                                                                                                                                                      http:\/\/www.lemonde.fr\/ameriques\/article\/2016\/12\/07\/des-procureurs-boliviens-bresiliens-et-colombiens-vont-enqueter-sur-le-crash-en-colombie_5044540_3222.html\n\n-Sc\u00e8nes de gu\u00e9rilla urbaine \u00e0 Rio (vid\u00e9o) : http:\/\/www.francetvinfo.fr\/monde\/bresil\/video-bresil-guerilla-urbaine-a-rio_1957169.html\n\n-La justice br\u00e9silienne revient sur sa suspension du pr\u00e9sident du S\u00e9nat pour &#8220;maintenir la stabilit\u00e9&#8221; (Claire Gatinois) :                                                            http:\/\/www.lemonde.fr\/ameriques\/article\/2016\/12\/08\/la-justice-bresilienne-piegee-par-son-devoir-de-garantir-la-stabilite_5045250_3222.html#xtor=AL-32280270\n\n<strong>-&#8220;Espionnage d&#8217;Air France, d&#8217;Isra\u00ebl, de l&#8217;Autorit\u00e9 palestinienne, les nouvelles r\u00e9v\u00e9lations de Snowden (Martin Untersinger et Jacques Follorou) :    <\/strong>                                                                          http:\/\/www.lemonde.fr\/pixels\/article\/2016\/12\/07\/espionnage-d-air-france-d-israel-et-de-l-autorite-palestinienne-ce-qu-apportent-les-nouvelles-revelations-snowden_5044727_4408996.html#xtor\n\n<strong>-&#8220;Les passagers d&#8217;Air France \u00e9cout\u00e9s par les espions am\u00e9ricains et britanniques&#8221; (Jacques Follorou) <\/strong> : http:\/\/www.lemonde.fr\/pixels\/article\/2016\/12\/07\/les-services-americains-et-britanniques-ont-espionne-les-appels-passes-a-bord-des-vols-air-france_5044732_4408996.html#xtor\n\n<strong>-Pour 196 pays r\u00e9unis \u00e0 Cancun, &#8220;tous les indicateurs de la  bio-diversit\u00e9 sont au rouge&#8221; (Pierre Le Hir) :<\/strong>                                                                                                                                                   http:\/\/www.lemonde.fr\/planete\/article\/2016\/12\/07\/biodiversite-tous-les-indicateurs-sont-au-rouge_5044585_3244.html#DhXLtHVAQgOECsJM.99\n\n<strong>CULTURE-MEDIAS<\/strong>\n\n<strong>-&#8220;Les contradictions de la d\u00e9mocratisation culturelle&#8221; (la sociologue Gis\u00e8le Sapiro) :  <\/strong>                                                                                                                                                                                   http:\/\/www.telerama.fr\/etats-genereux\/les-contradictions-de-la-democratisation-culturelle-par-gisele-sapiro,151044.php#xtor\n\n-&#8220;L&#8217;Art, nostalgie de l&#8217;id\u00e9al&#8221; (extrait de &#8220;Le Temps scell\u00e9&#8221; d&#8217;Andre\u00ef Tarkovski) : http:\/\/www.cnc-asso.fr\/lart-nostalgie-de-lideal-texte-dandrei-tarkovski\/\n\n<strong>-&#8220;Fin du monde ou fin d&#8217;un monde ?&#8221; (l&#8217;anthropologue et sociologue Paul Jorion, le philosophe et chercheur en sociologie Alain Deneault; invit\u00e9s &#8220;Des Matins&#8221; de Guillaume Erner sur France Culture; sons) : <\/strong> https:\/\/www.franceculture.fr\/emissions\/linvite-des-matins\/fin-du-monde-ou-fin-dun-monde#xtor                                                                                                                                                    https:\/\/www.franceculture.fr\/emissions\/linvite-des-matins-2eme-partie\/fin-du-monde-ou-fin-dun-monde-2eme-partie\n\n-&#8220;Un retour de la politisation des Fran\u00e7ais&#8221; (Anne Muxel, directrice de recherches au Cevipof) : http:\/\/www.liberation.fr\/debats\/2016\/11\/28\/un-retour-de-la-politisation-des-francais_1531522\n\n-&#8220;A droite, j&#8217;aurais vot\u00e9 Fran\u00e7ois Fillon et \u00e0 gauche Manuel Valls&#8221; (le philosophe Pascal Bruckner, interrog\u00e9 par Audrey Crespo-Mara; vid\u00e9o) :                                                                                                 http:\/\/www.lci.fr\/replay\/replay-l-invite-de-8h45-de-lci-matin-du-7-decembre-2016-pascal-bruckner-2016210.html%3Ftype=content\n\n-&#8220;On parle du probl\u00e8me du niveau des \u00e9l\u00e8ves mais y-a-t-il un probl\u00e8me du niveau des profs ?&#8221; (Xavier Sorbe, inspecteur g\u00e9n\u00e9ral de l&#8217;Education nationale, Alexandra Raedecker, responsable du master de formation de l&#8217;Universit\u00e9 Paris Nanterre et Catherine Nave-Bekhti, secr\u00e9taire g\u00e9n\u00e9rale du SGEN-CFDT; anim\u00e9 par Herv\u00e9 Gardette; son) :                                                                                                      https:\/\/www.franceculture.fr\/emissions\/du-grain-moudre\/y-t-il-un-probleme-de-niveau-des-profs#xtor\n\n-Cinq expos d&#8217;art contemporain (Ingrid Luquet-Gad) : http:\/\/www.lesinrocks.com\/2016\/12\/03\/arts\/5-expos-a-ne-rater-cette-semaine-11-11884475\/\n\n<strong>&#8220;American Gothic&#8221;, le tableau de Grant Wood, au mus\u00e9e de l&#8217;Orangerie \u00e0 Paris (vid\u00e9o) :<\/strong> http:\/\/www.francetvinfo.fr\/economie\/emploi\/metiers\/art-culture-edition\/american-gothic-l-histoire-de-cette-peinture-americaine-mythique-des-annees-30_1958127.html\n\n-L&#8217;auteur et metteur en sc\u00e8ne Bruno Bayen est mort \u00e0 l&#8217;\u00e2ge de 66 ans (Jean-Pierre Thibaudat) :                                                                                                                                                     https:\/\/blogs.mediapart.fr\/jean-pierre-thibaudat\/blog\/071216\/dernier-aller-simple-pour-l-auteur-et-metteur-en-scene-bruno-bayen?utm_source\n\n-Jusqu&#8217;au 23 d\u00e9cembre \u00e0 l&#8217;Op\u00e9ra Bastille, &#8220;Cavalleria Rusticana&#8221; de Pietro Mascagni, associ\u00e9 \u00e0 &#8220;Sancta Susanna&#8221; de Paul Hindemith (Sophie Bourdais) :                                                                     http:\/\/www.telerama.fr\/musique\/en-associant-mascagni-et-hindemith-bastille-concilie-verisme-et-expressionnisme,150938.php#xtor\n\n-&#8220;Premier contact&#8221; de Denis Villeneuve, un thriller SF (Jacques Morice; vid\u00e9o) : http:\/\/www.telerama.fr\/cinema\/laissez-vous-envouter-par-premier-contact-de-denis-villeneuve,151183.php#xtor\n\n-L&#8217;avis des critiques du &#8220;Monde&#8221; (vid\u00e9o) : http:\/\/www.lemonde.fr\/cinema\/video\/2016\/12\/06\/premier-contact-de-denis-villeneuve-l-avis-des-critiques-du-monde_5044504_3476.html\n\n<strong>-&#8220;Baccalaur\u00e9at&#8221;, le film du r\u00e9alisateur roumain Christian Mungiu (interview r\u00e9alis\u00e9e par Pierrick Allain; vid\u00e9o) :  <\/strong>                                                                                                                                       http:\/\/www.telerama.fr\/cinema\/le-film-de-la-semaine-cristian-mungiu-nous-parle-de-baccalaureat,151142.php#xtor\n\n-&#8220;De l&#8217;importance des toilettes dans &#8220;Pulp Fiction&#8221; de Quentin Tarantino (Romain Capelle; vid\u00e9o) : http:\/\/www.telerama.fr\/cinema\/de-l-importance-des-toilettes-dans-pulp-fiction,150999.php#xtor\n\n-&#8220;Papa ou maman 2&#8221; avec Laurent Lafitte (son) : http:\/\/www.sudradio.fr\/Podcasts\/L-invite-pour-comprendre\/Laurent-Laffite-acteur\n\n<strong>-&#8220;Bienvenus !&#8221;, le film norv\u00e9gien sur l&#8217;accueil des r\u00e9fugi\u00e9s (vid\u00e9o) : <\/strong> http:\/\/www.francetvinfo.fr\/monde\/europe\/migrants\/bienvenus-une-comedie-sur-l-accueil-des-refugies_1957361.html\n\n-&#8220;La r\u00e9alisatrice Amandine Gay, porte-voix afro-f\u00e9ministe&#8221; (S\u00e9verine Kodjo-Grandvaux) : http:\/\/www.lemonde.fr\/afrique\/article\/2016\/12\/07\/amandine-gay-porte-voix-afro-feministe_5045147_3212.html\n\n-Jusqu&#8217;au 15 janvier 2017, au &#8220;Multiple&#8221; de Toulouse, le photographe Mick Rock expose 40 clich\u00e9s de son ami David Bowie (Philippe Gagnebet) :                                                                                   http:\/\/www.telerama.fr\/musique\/mick-rock-a-toulouse-40-photos-et-40-annees-aux-cotes-de-david-bowie,150928.php#xtor\n\n-&#8220;The Circle&#8221;, le nouveau thriller de James Ponsold, avec Emma Watson et Tom Hanks (vid\u00e9o) :                                                                                                                                                                       http:\/\/www.rtl.fr\/culture\/cine-series-jeux-video\/video-the-circle-emma-watson-piegee-par-tom-hanks-dans-un-trailer-haletant-7786165236?utm_campaign\n\n<strong>-&#8220;Mansetlandia&#8221;, une int\u00e9grale du chanteur G\u00e9rard Manset (propos recueillis par Laurent Rigoulet; vid\u00e9o et son) :   <\/strong>                                                                                                                          http:\/\/www.telerama.fr\/musique\/gerard-manset-sort-son-integrale-tout-le-manset-qui-me-parait-presentable,150930.php#xtor\n\n-Retrouver &#8220;Les Rythmeurs&#8221; avec Fran\u00e7ois Gorin (son) : http:\/\/www.telerama.fr\/musique\/les-rythmeurs-fuite-et-fin,151141.php#xtor\n\n<strong>-&#8220;Le plus dur, chez moi, n&#8217;est pas le pardon, mais l&#8217;absence de col\u00e8re&#8221; (Luz, le dessinateur de &#8220;Charlie Hebdo&#8221;; propos recueillis par Jean-Jacques Le Gall) : <\/strong>                                                          http:\/\/www.telerama.fr\/sortir\/luz-le-plus-dur-chez-moi-n-est-pas-le-pardon-mais-l-absence-de-colere,151154.php#xtor\n\n-&#8220;Facebook, Microsoft, YouTube et Twitter veulent faire le m\u00e9nage dans les contenus pro-terroristes&#8221; (J\u00e9r\u00e9mie Maire) :                                                                                                         http:\/\/www.telerama.fr\/medias\/facebook-microsoft-youtube-et-twitter-veulent-faire-le-menage-dans-les-contenus-pro-terroristes,151170.php#xtor \n\n-Ivg.net&#8221;, le site tr\u00e8s orient\u00e9 d&#8217;un couple de militants catholiques (Laura Motet et Samuel Laurent) :                                                                                                                                                  http:\/\/www.lemonde.fr\/les-decodeurs\/article\/2016\/12\/07\/ivg-net-le-site-tres-oriente-d-un-couple-de-militants-catholiques_5044551_4355770.html\n\n-Delphine Ernotte a d\u00e9fendu son bilan \u00e0 France T\u00e9l\u00e9visions (vid\u00e9o) :               http:\/\/www.lcp.fr\/la-politique-en-video\/audiences-sante-financiere-et-goldorak-delphine-ernotte-defend-son-bilan\n\n-A Montpellier, S\u00e9bastien Nadot, candidat \u00e0 l&#8217;\u00e9lection pr\u00e9sidentielle soutenu par Robert Hue, s&#8217;affiche &#8220;en r\u00e9alit\u00e9 augment\u00e9e&#8221; :                                                                                                                http:\/\/www.md-progressistes.fr\/toc-toc-sebastien-nadot-saffiche-en-realite-augmentee\/?utm_source\n\n-&#8220;Playboy&#8221; revient en France, &#8220;sans nudit\u00e9 frontale&#8221; (Olivier Ubertalli) :                                                                                                                                                                                                             http:\/\/www.lepoint.fr\/medias\/playboy-revient-en-france-sans-nudite-frontale-07-12-2016-2088548_260.php?M_BT=98926856290&#038;m_i\n\n<strong>-&#8220;Que reste-t-il de la transgression et de l&#8217;\u00e9rotisme ?&#8221; (son r\u00e9dacteur en chef Rapha\u00ebl Turcat, invit\u00e9 de Sonia Devillers; vid\u00e9o, amener le curseur sur 6:10) : <\/strong> http:\/\/www.dailymotion.com\/video\/x54lajh_playboy-que-reste-t-il-de-la-transgression-et-de-l-erotisme_news\n\n-Sur Canal +, la quatri\u00e8me saison de &#8220;WorkingGirls&#8221; (revoir le premier \u00e9pisode ici; vid\u00e9o) :                                                                                                                                                            http:\/\/television.telerama.fr\/television\/workingirls-regardez-en-replay-le-premier-episode-de-la-saison-4,151054.php#xtor\n\n<strong>-&#8220;Manuel Valls annonce sa candidature pour 2022. Jean-Pierre Pernaut est vert de rage&#8221; (Samuel Gontier) : <\/strong>                                                                                                                      http:\/\/television.telerama.fr\/television\/manuel-valls-annonce-sa-candidature-pour-2022-jean-pierre-pernaut-est-vert-de-rage,151181.php#xtor\n\n<strong>-&#8220;De la servitude des m\u00e9dias&#8221;. Un entretien avec Aude Lancelin, prix Renaudot de l&#8217;essai 2016, r\u00e9alis\u00e9 par Daniel Salvatore Schiffer :   <\/strong>                                                                                                         https:\/\/blogs.mediapart.fr\/daniel-salvatore-schiffer\/blog\/071216\/entretien-avec-aude-lancelin-prix-renaudot-de-lessai-de-la-servitude-des-medias?utm_source\n\n-&#8220;Les Fran\u00e7ais demandent la nouveaut\u00e9 et d\u00e9testent le changement&#8221; (Alain Duhamel \u00e9tait l&#8217;invit\u00e9 d&#8217;Audrey Crespo-Mara pour la sortie de son libre &#8220;Les pathologies politiques fran\u00e7aise&#8221; (vid\u00e9o) :   http:\/\/www.lci.fr\/replay\/replay-audrey-crespo-mara-recoit-le-journaliste-politique-et-essayiste-alain-duhamel-2016133.html%3Ftype=content\n\n-Donald Trump d\u00e9sign\u00e9 personnalit\u00e9 de l&#8217;ann\u00e9e 2016 par le magazine &#8220;Time&#8221; :                                                                                                                                                                                           http:\/\/www.lemonde.fr\/elections-americaines\/article\/2016\/12\/07\/donald-trump-designe-personnalite-de-l-annee-2016-par-le-magazine-time_5044947_829254.html#xtor\n\n-Pub espagnole sans tabou (vid\u00e9o) : https:\/\/www.youtube.com\/watch?v=6om5nTVyQlg&#038;app=desktop\n\n-&#8220;Une rentr\u00e9e solide pour France 5&#8221; (Marc Baudriller; son) : http:\/\/www.radioclassique.fr\/player\/progaction\/iniPlayer\/podcast\/la-vie-des-medias-2016-12-07-07-40-50.html\n\n-Amelle Chabi, au cin\u00e9ma ou sur sc\u00e8ne joue avec les clich\u00e9s (invit\u00e9e de Francis Letellier; vid\u00e9o) : http:\/\/www.francetvinfo.fr\/culture\/spectacles\/sur-scene-ou-au-cinema-amelle-chahbi-joue-avec-les-cliches_1957357.html\n\n<strong>-&#8220;Le vote blanc&#8221; (Guillaume Meurice; vid\u00e9o) : <\/strong> http:\/\/www.dailymotion.com\/video\/x54mgor_le-vote-blanc-le-moment-meurice_fun\n\n<strong>-&#8220;Fran\u00e7ois Bayrou a d\u00e9cid\u00e9; il h\u00e9site&#8221; (Charline Vanhoenacker; vid\u00e9o) :<\/strong>              http:\/\/www.dailymotion.com\/video\/x54kvlq_francois-bayrou-a-decide-il-hesite-le-billet-de-charline_fun\n\n<h2 class=\"wp-block-heading\">Documents joints<\/h2>\n\n\n\n<div class=\"wp-block-file\"><a href=\"https:\/\/wp.muchomaas.com\/wp-content\/uploads\/2016\/12\/edito-29-3a6.pdf\">edito-29.pdf<\/a><\/div>\n\n\n","protected":false},"excerpt":{"rendered":"<p>ACTUALITE -A la Poste, malaise g\u00e9n\u00e9ral et gr\u00e8ve nationale&#8221; : http:\/\/lexpansion.lexpress.fr\/entreprises\/a-la-poste-malaise-general-et-greve-nationale_1858055.html?PMSRC_CAMPAIGN -&#8220;J&#8217;attends du prochain pr\u00e9sident de la R\u00e9publique qu&#8217;il simplifie la vie des entreprises&#8221; (Pierre Gattaz, pr\u00e9sident du Medef; face \u00e0 Fr\u00e9d\u00e9ric Rivi\u00e8re; vid\u00e9o) : http:\/\/www.rfi.fr\/video\/20161207-p-gattaz-j-attends-prochain-president-republique-il-simplifie-vie-entreprises -&#8220;Les jeunes doivent se pr\u00e9parer \u00e0 avoir des transitions professionnelles beaucoup plus nombreuses et rapides&#8221; (Christophe Catoir, pr\u00e9sident d&#8217;Adecco [&hellip;]<\/p>\n","protected":false},"author":1042,"featured_media":0,"comment_status":"open","ping_status":"open","sticky":false,"template":"","format":"standard","meta":{"_themeisle_gutenberg_block_has_review":false,"footnotes":""},"categories":[151],"tags":[],"class_list":["post-10063","post","type-post","status-publish","format-standard","hentry","category-la-revue-de-presse-de-lulu"],"_links":{"self":[{"href":"https:\/\/archives.regards.fr\/index.php?rest_route=\/wp\/v2\/posts\/10063","targetHints":{"allow":["GET"]}}],"collection":[{"href":"https:\/\/archives.regards.fr\/index.php?rest_route=\/wp\/v2\/posts"}],"about":[{"href":"https:\/\/archives.regards.fr\/index.php?rest_route=\/wp\/v2\/types\/post"}],"author":[{"embeddable":true,"href":"https:\/\/archives.regards.fr\/index.php?rest_route=\/wp\/v2\/users\/1042"}],"replies":[{"embeddable":true,"href":"https:\/\/archives.regards.fr\/index.php?rest_route=%2Fwp%2Fv2%2Fcomments&post=10063"}],"version-history":[{"count":0,"href":"https:\/\/archives.regards.fr\/index.php?rest_route=\/wp\/v2\/posts\/10063\/revisions"}],"wp:attachment":[{"href":"https:\/\/archives.regards.fr\/index.php?rest_route=%2Fwp%2Fv2%2Fmedia&parent=10063"}],"wp:term":[{"taxonomy":"category","embeddable":true,"href":"https:\/\/archives.regards.fr\/index.php?rest_route=%2Fwp%2Fv2%2Fcategories&post=10063"},{"taxonomy":"post_tag","embeddable":true,"href":"https:\/\/archives.regards.fr\/index.php?rest_route=%2Fwp%2Fv2%2Ftags&post=10063"}],"curies":[{"name":"wp","href":"https:\/\/api.w.org\/{rel}","templated":true}]}}