{"id":10061,"date":"2016-12-07T07:36:01","date_gmt":"2016-12-07T06:36:01","guid":{"rendered":"https:\/\/wp.muchomaas.com\/article-la-revue-du-7-decembre-2016\/"},"modified":"2016-12-07T07:36:01","modified_gmt":"2016-12-07T06:36:01","slug":"article-la-revue-du-7-decembre-2016","status":"publish","type":"post","link":"https:\/\/archives.regards.fr\/?p=10061","title":{"rendered":"La Revue du 7 d\u00e9cembre 2016"},"content":{"rendered":"<p><strong>ACTUALITE<\/strong><\/p>\n<p><em>-&#8220;Uni-e-s contre l&#8217;extr\u00eame-droite, ses id\u00e9es et ses pratiques&#8221; (communiqu\u00e9 commun CGT, FSU, Solidaires, UNEF, UNL, Fidl) :<\/em>  http:\/\/www.cgt.fr\/Communique-commun-des-43975.html<\/p>\n<p>-Il y a un an, le passage aux 39 heures chez Smart (vid\u00e9o) : http:\/\/www.francetvinfo.fr\/economie\/automobile\/un-an-apres-le-passage-aux-39-heures-chez-smart_1955807.html<\/p>\n<p><strong>-&#8220;Les r\u00e9formes des retraites ont des effets plus forts que pr\u00e9vu (Solveig Godeluck)<\/strong> :                                                                                                                                                                                http:\/\/www.lesechos.fr\/economie-france\/social\/0211563757389-retraites-les-reformes-ont-des-effets-plus-forts-que-prevu-2048248.php<\/p>\n<p><em>-L&#8217;\u00e9tude de la Drees (document \u00e0 t\u00e9l\u00e9charger) :<\/em>                                                                                                                                                                                                                                                 http:\/\/drees.social-sante.gouv.fr\/etudes-et-statistiques\/publications\/etudes-et-resultats\/article\/les-reformes-des-retraites-menees-entre-2010-et-2015-effets-sur-la-situation<\/p>\n<p>-L&#8217;OCDE part en guerre contre les r\u00e9gimes sp\u00e9ciaux (Christian Menanteau; vid\u00e9o) : http:\/\/www.rtl.fr\/actu\/societe-faits-divers\/retraites-l-ocde-prone-une-fusion-des-regimes-public-et-prive-7786144764<\/p>\n<p><strong>-Les conduites addictives en milieu professionnel (le psychologue addictologue Jean-Pierre Couteron, interrog\u00e9 par Dimitri Pavlenko; son) :   <\/strong>                                                                      http:\/\/www.sudradio.fr\/Podcasts\/L-invite-pour-comprendre\/Jean-Pierre-Couteron-psychologue-clinicien-addictologue<\/p>\n<p>-Le Conseil d&#8217;Etat intime au gouvernement d&#8217;appliquer l&#8217;\u00e9cotaxe :                                                                                                                                                                                                             http:\/\/www.lesechos.fr\/industrie-services\/tourisme-transport\/0211563380915-le-conseil-detat-intime-au-gouvernement-dappliquer-lecotaxe-2048066.php<\/p>\n<p>-Feu vert de principe pour le red\u00e9marrage de six r\u00e9acteurs d&#8217;EDF (V\u00e9ronique Le Billon) :                                                                                                                                                                               http:\/\/www.lesechos.fr\/industrie-services\/energie-environnement\/0211564912665-feu-vert-de-principe-pour-le-redemarrage-de-six-reacteurs-dedf-2048095.php<\/p>\n<p>-La circulation altern\u00e9e \u00e0 Paris et dans 22 communes limitrophes (Yves Contassot, conseiller de Paris \u00e9cologiste, face \u00e0 Dimitri Pavlenko; son) :                                                                                http:\/\/www.sudradio.fr\/Podcasts\/L-invite-pour-comprendre\/Yves-Contassot-Conseiller-EELV-de-Paris-elu-du-13eme<\/p>\n<p><strong>-Pour la quatri\u00e8me fois en 20 ans (Baptiste Gaborit; son) : <\/strong> http:\/\/www.radioclassique.fr\/player\/progaction\/iniPlayer\/podcast\/3-minutes-pour-la-planete-2016-12-06-06-45-48.html<\/p>\n<p>-&#8220;Le syst\u00e8me des vignettes antipollution est plus juste et plus efficace&#8221; (Christophe Najddovski, adjoint \u00e9cologiste charg\u00e9 des transports \u00e0 la marie de Paris; son) :                                                      http:\/\/www.rtl.fr\/actu\/environnement\/la-circulation-alternee-un-systeme-pas-tres-satisfaisant-selon-christophe-najdovski-7786144558<\/p>\n<p>-Comment les particules fines ont envahi la France ces dix derniers jours (Bastien Hugues; infographie) : http:\/\/www.francetvinfo.fr\/meteo\/particules-fines\/circulation-alternee\/carte-pollution-regardez-comment-les-particules-fines-ont-envahi-la-france-ces-dixderniers-jours_1956131.html#xtor<\/p>\n<p>-&#8220;Avec nos balises, vous pourrez communiquer dans la ville avec vos smartphones&#8221; (Laetitia Gazel Anthoine, fondatrice de &#8220;Connecthings&#8221;; invit\u00e9e de Nicolas Pierron; vid\u00e9o) :                        http:\/\/www.dailymotion.com\/video\/x54ihoy_avec-nos-balises-l-interet-est-de-pouvoir-communiquer-avec-nos-smartphones-laetitia-gazel-anthoine_news<\/p>\n<p>-Dans un coll\u00e8ge d&#8217;Argenteuil, avec des moyens suppl\u00e9mentaires (95; vid\u00e9o) : http:\/\/www.francetvinfo.fr\/replay-radio\/question-d-education\/reussite-scolaire-des-mesures-efficaces-a-argenteuil_1956115.html<\/p>\n<p>-&#8220;La pr\u00e9sence d&#8217;un britannique aux avant-postes du Vend\u00e9e Globe fait jaser ?&#8221; (Isabelle Musy) : https:\/\/www.letemps.ch\/sport\/2016\/12\/06\/presence-dun-britannique-aux-avantpostes-vendee-globe-jaser?utm_source<\/p>\n<p><strong>-Il y a trente ans mourrait Malik Oussekine (Patrick Cohen; vid\u00e9o) :      <\/strong>        https:\/\/www.franceinter.fr\/emissions\/le-7h43\/le-7h43-06-decembre-2016<\/p>\n<p><strong>-&#8220;Sa mort illustrait les techniques polici\u00e8res de l&#8217;\u00e9poque&#8221; (Antoine Guerrier; vid\u00e9os et sons) : <\/strong> https:\/\/www.franceculture.fr\/societe\/il-y-30-ans-la-mort-de-malik-oussekine-illustrait-les-techniques-policieres-de-lepoque#xtor=EPR-2<\/p>\n<p>-Le &#8220;syndrome Malik Oussekine&#8221; existe-t-il encore ? (Isma\u00ebl Halissat) :                                                                                                                                                                                                   http:\/\/www.liberation.fr\/france\/2016\/12\/05\/le-syndrome-malik-oussekine-existe-t-il-encore_1533123?xtor=EPR-450206&#038;utm_source<\/p>\n<p><strong>-Un rapport parlementaire propose d&#8217;encadrer davantage l&#8217;\u00e9tat d&#8217;urgence (vid\u00e9os) : <\/strong>   http:\/\/www.lcp.fr\/actualites\/un-rapport-parlementaire-propose-dencadrer-davantage-letat-durgence <\/p>\n<p>-&#8220;Bernard Cazeneuve n&#8217;est pas imperm\u00e9able \u00e0 la critique&#8221; (Patrice Ribeiro, secr\u00e9taire du syndicat Alliance-officiers; son) :                                                                                                                          http:\/\/www.rtl.fr\/actu\/politique\/bernard-cazeneuve-n-est-pas-impermeable-a-la-critique-souligne-patrice-ribeiro-7786150853<\/p>\n<p><strong>POLITIQUE<\/strong><\/p>\n<p><strong>-&#8220;Une alternative est indispensable par rapport \u00e0 la ligne d\u00e9fendue par Fran\u00e7ois Hollande et Manuel Valls&#8221;. La cr\u00e9dibilit\u00e9 de Manuel Valls &#8220;est nulle&#8221;.&#8221;Depuis le mois de septembre, j&#8217;appelle \u00e0 des convergences. Je n&#8217;ai pas \u00e9t\u00e9 entendue et aujourd&#8217;hui je m&#8217;interroge sur l&#8217;utilit\u00e9 de ma candidature&#8221; (Marie-No\u00eblle Lienemann, s\u00e9natrice PS de Paris, candidate \u00e0 la primaire; face \u00e0 Caroline Roux; vid\u00e9o) : <\/strong> http:\/\/www.france2.fr\/emissions\/telematin\/actu\/les-4-verites-marie-noelle-lienemann_530543<\/p>\n<p><strong>-&#8220;La candidature de Manuel Valls est la plus clivante qui soit&#8221; (Beno\u00eft Hamon, d\u00e9put\u00e9 PS des Yvelines, candidat \u00e0 la primaire; face \u00e0 Patrick Cohen; vid\u00e9os) : <\/strong> https:\/\/www.franceinter.fr\/emissions\/l-invite-de-8h20\/l-invite-de-8h20-06-decembre-2016<\/p>\n<p>-Il a r\u00e9pondu aux questions des auditeurs de France Inter (vid\u00e9o) :                http:\/\/www.dailymotion.com\/video\/x54ihoi_benoit-hamon-repond-aux-questions-des-auditeurs-de-france-inter_news<\/p>\n<p>-Le n\u00b0 829 de &#8220;ReSPUBLICA&#8221; : http:\/\/www.gaucherepublicaine.org\/wp-content\/uploads\/lettres\/20161205_respublica-lettre-sommaire_lettre-829.htm<\/p>\n<p>-&#8220;Un remaniement cosm\u00e9tique&#8221; (Jeff Wittenberg; vid\u00e9o) : http:\/\/www.francetvinfo.fr\/politique\/francois-hollande\/gouvernement-cazeneuve-un-remaniement-cosmetique_1955933.html<\/p>\n<p>-Le gouvernement Cazeneuve (diaporama) : http:\/\/www.lesechos.fr\/politique-societe\/diaporamas\/DIAP2508141483_061EF8-le-gouvernement-cazeneuve-1036173.php?id_photo=2<\/p>\n<p>-La nomination de Bernard Cazeneuve &#8220;est une bonne d\u00e9cision&#8221; (Jean-Christophe Cambad\u00e9lis, face \u00e0 Laurence Ferrari; vid\u00e9o) :                                           http:\/\/www.itele.fr\/chroniques\/invite-politique-ferrari-tirs-croises\/jean-christophe-cambadelis-la-nomination-de-cazeneuve-est-une-bonne-decision-171918<\/p>\n<p>-Bruno Le Roux, le nouveau ministre de l&#8217;Int\u00e9rieur (vid\u00e9o) :                            http:\/\/www.francetvinfo.fr\/politique\/ps\/bruno-le-roux-le-nouveau-ministre-de-l-interieur_1956473.html<\/p>\n<p><strong>-&#8220;Je suis convaincu que rien n&#8217;est \u00e9crit&#8221; (Manuel Valls au &#8220;20 heures&#8221; de France 2 face \u00e0 David Pujadas; vid\u00e9o) :<\/strong> http:\/\/www.francetvinfo.fr\/politique\/manuel-valls\/video-je-suis-convaincu-que-rien-n-est-ecrit-retrouvez-l-integralite-de-l-interview-de-manuel-valls_1956449.html<\/p>\n<p><strong>-&#8220;Martine Aubry et moi, nous ne nous retrouvons pas dans les valeurs de Manuel Valls, il faut attendre. Il faudra qu&#8217;il ait un premier ministre qui s&#8217;engage \u00e0 ne pas utiliser le 49.3. Il n&#8217;a pas voulu nous \u00e9couter sur la loi travail. Je n&#8217;ai toujours pas dig\u00e9r\u00e9 ce qui a \u00e9t\u00e9 fait \u00e0 Jean-Marc Ayrault. Je regrette que Martine Aubry ne participe pas \u00e0 la primaire&#8221; (Marylise Lebranchu, ancienne ministre de la Fonction publique; face \u00e0 Yves Calvi; vid\u00e9o, amener le curseur sur 1:24:45) :   <\/strong>                                                                                                                                                   http:\/\/www.lci.fr\/replay\/replay-calvi-24-heures-en-questions-du-5-decembre-2016-l-elysee-le-pari-de-valls-2015989.html<\/p>\n<p><strong>-&#8220;Manuel Valls y songeait sans doute depuis longtemps&#8221; (le ministre des Affaires \u00e9trang\u00e8res Jean-Marc Ayrault; face \u00e0 Fr\u00e9d\u00e9ric Rivi\u00e8re; vid\u00e9o) :  <\/strong>                                                                             http:\/\/www.rfi.fr\/video\/20161206-jean-marc-ayrault-manuel-valls-y-songeait-doute-depuis-longtemps<\/p>\n<p>-&#8220;Manuel Valls va d\u00e9fendre la gauche de gouvernement&#8221; (le secr\u00e9taire d&#8217;Etat Jean-Marie Le Guen; face \u00e0 Elizabeth Martichoux; vid\u00e9o) :                                                                                                  http:\/\/www.rtl.fr\/actu\/politique\/jean-marie-le-guen-est-l-invite-de-rtl-ce-mardi-6-decembre-7786144163<\/p>\n<p>-&#8220;C&#8217;est un v\u00e9ritable d\u00e9fi que Manuel Valls lance \u00e0 toute la gauche devant la France, avec comme ma\u00eetre-mot, le rassemblement&#8221; (Francis Chouat, maire PS d&#8217;Evry; face \u00e0 Guillaume Durand; son) :     http:\/\/www.radioclassique.fr\/player\/progaction\/initPlayer\/podcast\/linvite-du-matin-2016-12-06-07-49-45.html<\/p>\n<p>-&#8220;Son choix provoque d\u00e9j\u00e0 du rassemblement&#8221; (Luc Carvounas, s\u00e9nateur PS du Val-de-Marne, qui estime qu&#8217;avec Jean-Luc M\u00e9lenchon, il y a des positions irr\u00e9conciliables, pas avec Pierre Laurent et C\u00e9cile Duflot; invit\u00e9 de la matinale de Franceinfo; vid\u00e9o) :                                                                                                                                                                                                               http:\/\/www.dailymotion.com\/video\/x54im8n_primaire-de-la-gauche-pour-luc-carvounas-le-choix-de-valls-provoque-deja-du-rassemblement_news<\/p>\n<p>-&#8220;Il a chang\u00e9 parce qu&#8217;il est dans une autre fonction. Il a eu raison sur beaucoup de points. Il veut gagner la primaire sur son identit\u00e9. Il est au centre du Parti socialiste&#8221; (Carlos Da Silva,                           d\u00e9put\u00e9 PS de l&#8217;Essonne, invit\u00e9 de la matinale d&#8217;i-T\u00e9l\u00e9; vid\u00e9o) :                                                                                                                                                                                                                                         http:\/\/www.itele.fr\/chroniques\/invite-michael-darmon\/linvite-de-michael-darmon-du-06122016-171907<\/p>\n<p>-&#8220;Il a profond\u00e9ment mu\u00e9 dans l&#8217;exercice du pouvoir&#8221; (interrog\u00e9 par Thomas Sotto; vid\u00e9o) :                                                                                                                                                                      http:\/\/www.europe1.fr\/emissions\/l-interview-verite\/carlos-da-silva-manuel-valls-a-profondement-mue-dans-lexercice-du-pouvoir-2919893<\/p>\n<p>-&#8220;Sa diff\u00e9rence, c&#8217;est l&#8217;exp\u00e9rience&#8221; (Philippe Doucet, d\u00e9put\u00e9 PS du Val-d&#8217;Oise; face \u00e0 Eric Delvaux; son) : https:\/\/www.franceinter.fr\/emissions\/l-invite-du-5-7\/l-invite-du-5-7-06-decembre-2016<\/p>\n<p>-&#8220;Evidemment, je choisis Manuel Valls. Si Fran\u00e7ois Hollande avait \u00e9t\u00e9 candidat, je l&#8217;aurais soutenu&#8221; (Didier Guillaume, pr\u00e9sident du groupe PS au S\u00e9nat; face \u00e0 Jean-Pierre Elkabbach; vid\u00e9o) :      http:\/\/www.europe1.fr\/emissions\/l-interview-politique\/candidature-de-manuel-valls-bilan-du-quinquennat-de-francois-hollande-necessite-de-rassembler-la-majorite-et-nouveau-premier-ministre-didier-guillaume-repond-aux-questions-de-jean-pierre-elkabbach-2919956<\/p>\n<p>-&#8220;La bande \u00e0 Valls&#8221; (Marcelo Wesfreid; son) : https:\/\/www.franceinter.fr\/emissions\/histoires-politiques\/histoires-politiques-06-decembre-2016<\/p>\n<p>-Face \u00e0 face Fran\u00e7ois Kalfon, directeur de campagne d&#8217;Arnaud Montebourg\/Geoffroy Didier; conseiller r\u00e9gional LR (son) :                                                                                                             http:\/\/www.radioclassique.fr\/player\/progaction\/iniPlayer\/podcast\/2016-12-05-19-14-00.html<\/p>\n<p>-&#8220;Le d\u00e9fi de Manuel Valls est de recr\u00e9er un centre de gravit\u00e9 \u00e0 gauche&#8221; (la ministre Laurence Rossignol, face \u00e0 Ruyh Elkrief; vid\u00e9o) :                                    http:\/\/www.bfmtv.com\/mediaplayer\/video\/laurence-rossignol-le-defi-de-manuel-valls-est-de-recreer-un-centre-de-gravite-a-gauche-892277.html <\/p>\n<p>-&#8220;C&#8217;est une candidature logique. J&#8217;attends de voir ce qui sera propos\u00e9&#8221; (le secr\u00e9taire d&#8217;Etat Thierry Mandon, face \u00e0 Brigitte Boucher; vid\u00e9o, amener le curseur sur 30:33) : http:\/\/www.lcp.fr\/emissions\/politique-matin\/279006-la-matinale-du-6-decembre-2016<\/p>\n<p>-&#8220;Manuel Valls joue la carte de la r\u00e9conciliation&#8221; (Lilian Alemagna) : http:\/\/www.liberation.fr\/france\/2016\/12\/05\/candidat-a-la-presidentielle-valls-joue-la-carte-de-la-reconciliation_1533217?xtor<\/p>\n<p>-&#8220;Des doutes sur sa capacit\u00e9 \u00e0 rassembler&#8221; (vid\u00e9o) :                                                                                                                                                                                                                                       http:\/\/www.lemonde.fr\/politique\/article\/2016\/12\/05\/apres-la-candidature-de-manuel-valls-des-doutes-sur-sa-capacite-de-rassembler-et-son-bilan_5043847_823448.html<\/p>\n<p><strong>-&#8220;Mission impossible ?&#8221; (Christophe Borgel, d\u00e9put\u00e9 PS, charg\u00e9 de l&#8217;organisation de la primaire et Dominique Reyni\u00e9, directeur LR de la Fondation pour l&#8217;innovation politique, qui estime qu&#8217;il est le mieux plac\u00e9 pour rassembler; vid\u00e9o) : <\/strong> http:\/\/www.rtl.fr\/actu\/politique\/primaire-de-la-gauche-manuel-valls-rassembleur-mission-impossible-7786145666<\/p>\n<p>-&#8220;Emmanuel Macron lui a tout vol\u00e9. Le discours de candidature de Manuel Valls, le lyrisme au service du cynisme&#8221; (Bruno Roger-Petit et Philippe Tesson; vid\u00e9o) :                                                          http:\/\/www.dailymotion.com\/video\/x54ii3n_emmanuel-macron-lui-a-tout-vole-bruno-roger-petit-06-12-2016_news<\/p>\n<p>-Manuel Valls, &#8220;un changement de pied spectaculaire. Il risque de perdre sa sp\u00e9cificit\u00e9. Ce qui va le plus le handicaper, ce ne sont pas les critiques de Montebourg mais le silence des hollandais&#8221;&#8221; (Guillaume Tabard du &#8220;Figaro&#8221;; son) : http:\/\/www.radioclassique.fr\/player\/progaction\/iniPlayer\/podcast\/ledito-politique-de-guillaume-tabard-2016-12-06-08-13-42.html<\/p>\n<p>-&#8220;Imposture et amn\u00e9sie&#8221; (Yves Thr\u00e9ard du &#8220;Figaro&#8221;; vid\u00e9o) : http:\/\/www.europe1.fr\/emissions\/ledito-politique-dyves-threard\/valls-imposture-et-amnesie-2919794<\/p>\n<p>-&#8220;Pour Valls, c&#8217;est compliqu\u00e9 de se pr\u00e9senter en rassembleur&#8221; (Alba Ventura; vid\u00e9o) :                                                                                                                                                                                       http:\/\/www.rtl.fr\/actu\/politique\/pour-manuel-valls-c-est-complique-de-se-poser-en-rassembleur-analyse-alba-ventura-7786144953<\/p>\n<p>-&#8220;Vals ? Pour quoi faire?&#8221; (Thomas Legrand; son) : https:\/\/www.franceinter.fr\/emissions\/l-edito-politique\/l-edito-politique-06-decembre-2016<\/p>\n<p>-&#8220;Un coup de barre \u00e9conomique \u00e0 gauche risqu\u00e9&#8221; (Fran\u00e7ois Lenglet; vid\u00e9o) : http:\/\/www.rtl.fr\/actu\/societe-faits-divers\/manuel-valls-un-coup-de-barre-economique-a-gauche-risque-7786145196<\/p>\n<p>-&#8220;Une bataille pour l&#8217;honneur ?&#8221; (en d\u00e9bat dans &#8220;\u00c7a vous regarde&#8221; sur la cha\u00eene parlementaire; vid\u00e9o) : http:\/\/www.lcp.fr\/emissions\/ca-vous-regarde\/279273-manuel-valls-une-bataille-pour-lhonneur<\/p>\n<p>-&#8220;Je souhaite du courage \u00e0 Manuel Valls car la gauche est un champ de ruines&#8221; (Dominique de Villepin; vid\u00e9o) :                                                                                                                                         http:\/\/www.lci.fr\/primaire-gauche\/dominique-de-villepin-souhaite-du-courage-a-manuel-valls-car-la-gauche-est-un-champ-de-ruines-2016011.html%3Ftype=content<\/p>\n<p>-L&#8217;interview int\u00e9grale (Face \u00e0 Audrey Crespo-Mara; vid\u00e9o) :<br \/>\nhttp:\/\/www.lci.fr\/replay\/replay-l-invite-politique-du-6-decembre-2016-dominique-de-villepin-ancien-premier-ministre-2016132.html%3Ftype=content<\/p>\n<p>-&#8220;Fran\u00e7ois Hollande n&#8217;a jamais r\u00e9ussi \u00e0 \u00eatre pr\u00e9sident de la R\u00e9publique. Quelle id\u00e9e de faire une primaire avec un pr\u00e9sident de la R\u00e9publique sortant ! Manuel Valls n&#8217;\u00e9chappera pas au fait qu&#8217;il a cliv\u00e9 la gauche&#8221; (Eric Woerth, d\u00e9put\u00e9 LR de l&#8217;Oise; face \u00e0 Guillaume Durand; vid\u00e9o) : http:\/\/www.dailymotion.com\/video\/x54ih4h<\/p>\n<p>-&#8220;La gauche n&#8217;est pas en mesure d&#8217;incarner une alternative. Marine Le Pen est le seul rempart face \u00e0 Fillon&#8221; (Florian Philippot, vice-pr\u00e9sident du FN; invit\u00e9 de &#8220;Territoires d&#8217;Infos&#8221;; vid\u00e9o, amener le curseur sur 33:19) :                                                                                                                                                                                                                                                                                             http:\/\/www.sudradio.fr\/Politique\/L-interview-politique\/Florian-Philippot-Marine-Le-Pen-est-le-seul-rempart-face-a-Fillon                                                                                                             <\/p>\n<p><em>-Les intentions de vote \u00e0 l&#8217;\u00e9lection pr\u00e9sidentielle 2017 (IFOP) : <\/em> http:\/\/www.sudradio.fr\/Politique\/Sondage-presidentielle-Manuel-Valls-credite-de-10-au-premier-tour<\/p>\n<p><em>-Le m\u00eame (BVA) : <\/em> http:\/\/www.bva.fr\/fr\/sondages\/intentions_de_vote_a_moins_de_5_mois_de_l_election_presidentielle.html<\/p>\n<p><strong>EUROPE-MONDE<\/strong><\/p>\n<p>-L&#8217;Eurogroupe n&#8217;est pas favorable \u00e0 la politique de relance sugg\u00e9r\u00e9e par la Commission europ\u00e9enne (Jorge Valero) :                                                                                                                     http:\/\/www.euractiv.fr\/section\/euro-finances\/news\/eurogroup-ignores-commissions-expansionary-fiscal-target\/?nl_ref=26398658<\/p>\n<p>&#8220;Ce fut unanimement non !&#8221; (Bernard Guetta; son) : https:\/\/www.franceinter.fr\/emissions\/geopolitique\/geopolitique-06-decembre-2016<\/p>\n<p><strong>-&#8220;La militarisation progresse en Europe pour contrer la Russie&#8221; (Nicole Sagener) :<\/strong>                                                                                                                                                                                                 http:\/\/www.euractiv.fr\/section\/europe-de-l-est\/news\/militarisation-on-the-rise-to-counter-russia-new-study-finds\/?nl_ref=26398658    <\/p>\n<p>-&#8220;La Commission europ\u00e9enne durcit le ton face \u00e0 l&#8217;Ethiopie&#8221; (Matthew Tempest) :                                                                                                                                                                                 http:\/\/www.euractiv.fr\/section\/l-europe-dans-le-monde\/news\/commission-to-ethiopia-start-addressing-legitimate-grievances-of-your-people\/?nl_ref=26398658 <\/p>\n<p>-&#8220;Des universitaires r\u00e9clament une autre politique commerciale \u00e0 l&#8217;Union europ\u00e9enne&#8221; :                                                                                                                                                                        http:\/\/www.euractiv.fr\/section\/innovation-entreprises\/news\/des-universitaires-reclament-une-autre-politique-commerciale-a-lue\/?nl_ref=26398658<\/p>\n<p><em>-&#8220;La d\u00e9claration de Namur&#8221; (document) :  <\/em>                                                                                                                                                                                                                                                   https:\/\/www.rtbf.be\/info\/belgique\/detail_magnette-et-la-declaration-de-namur-une-nouvelle-maniere-de-negocier-les-traites-europeens?id=9472147<\/p>\n<p><strong>-En Italie, &#8220;un regain de d\u00e9mocratie&#8221; (le professeur de linguistique Raffaele Simone; propos recueillis par Juliette B\u00e9nabent) :  <\/strong>                                                                                                                   http:\/\/www.telerama.fr\/monde\/victoire-du-non-en-italie-un-regain-de-democratie-pour-raffaele-simone-universitaire,150941.php#xtor<\/p>\n<p>-Les banques italiennes secou\u00e9es (Delphine Cuny) : http:\/\/www.latribune.fr\/entreprises-finance\/banques-finance\/les-banques-italiennes-secouees-apres-le-non-au-referendum-622369.html<\/p>\n<p>-&#8220;La crainte d&#8217;une nouvelle crise bancaire europ\u00e9enne et la Commission qui menace les r\u00e9seaux sociaux&#8221; (Hughes Beaudoin; son) :                                                                                     http:\/\/www.radioclassique.fr\/player\/progaction\/iniPlayer\/podcast\/2016-12-05-19-08-00.html<\/p>\n<p>-La visite du roi d&#8217;Espagne au Portugal a r\u00e9veill\u00e9 de vieilles tensions (Ana Navarro Pedro; son) : https:\/\/www.franceinter.fr\/emissions\/meridien-d-europe\/meridien-d-europe-06-decembre-2016<\/p>\n<p>-&#8220;Angela Merkel, candidate et populaire&#8221; (vid\u00e9o) :                                         http:\/\/www.francetvinfo.fr\/monde\/europe\/elections-en-allemagne\/allemagne-angela-merkel-candidate-et-populaire_1956471.html<\/p>\n<p>-&#8220;Un accord sur le Brexit avant octobre 2018&#8221; (Michel Barnier; vid\u00e9o) :               http:\/\/nr.news-republic.com\/Web\/ArticleWeb.aspx?regionid=2&#038;articleid=79402040                <\/p>\n<p>-Manifestation des pro et des anti-Brexit devant la Cour supr\u00eame britannique (vid\u00e9o) : http:\/\/nr.news-republic.com\/Web\/ArticleWeb.aspx?regionid=2&#038;articleid=79394982<\/p>\n<p>-La Cour supr\u00eame polonaise refuse l&#8217;extradition de Roman Polanski vers les USA (vid\u00e9o) : http:\/\/nr.news-republic.com\/Web\/ArticleWeb.aspx?regionid=2&#038;articleid=79396136<\/p>\n<p>-Le processus d&#8217;adh\u00e9sion de la Serbie se poursuit (Smiljana Vukojcic) : http:\/\/www.euractiv.fr\/section\/l-europe-dans-le-monde\/news\/hahn-new-serbian-accession-chapters-imminent\/?nl_ref=26398658<\/p>\n<p>-&#8220;La Suisse se r\u00e9volte contre l&#8217;enqu\u00eate PISA&#8221; (Catherine Dubouloz) :           https:\/\/www.letemps.ch\/suisse\/2016\/12\/06\/suisse-se-revolte-contre-lenquete-pisa?utm_source<\/p>\n<p><strong>-&#8220;Le nettoyage ethnique n&#8217;\u00e9tait pas la cons\u00e9quence de la guerre (en Bosnie), mais son objectif&#8221; (le procureur Alan Tieger, au proc\u00e8s de Ratko Mladic, devant le Tribunal p\u00e9nal international; cit\u00e9 par St\u00e9phanie Maupas) :  <\/strong>                                                                                                                                                                                                                                                                             http:\/\/www.lemonde.fr\/europe\/article\/2016\/12\/06\/bosnie-le-nettoyage-ethnique-n-etait-pas-la-consequence-de-la-guerre-mais-son-objectif_5043887_3214.html<\/p>\n<p>-Amnesty international presse Ankara de permettre le retour de milliers de r\u00e9fugi\u00e9s :                                                                                                                                                                      http:\/\/www.lemonde.fr\/europe\/article\/2016\/12\/06\/amnesty-international-presse-ankara-de-permettre-le-retour-de-milliers-de-deplaces_5043892_3214.html<\/p>\n<p><strong>-Au Valda\u00ef 2017, Vladimir Poutine s&#8217;exprime sur l&#8217;\u00e9mergence du nouvel ordre mondial multipolaire (vid\u00e9o, en Fran\u00e7ais)<\/strong> : https:\/\/www.youtube.com\/watch?v=ll7Y9VCLZsg<\/p>\n<p>-A l&#8217;ONU, Moscou et P\u00e9kin mettent leur veto \u00e0 une tr\u00eave \u00e0 Alep :                                                                                                                                                                                                             http:\/\/www.lemonde.fr\/proche-orient\/article\/2016\/12\/05\/syrie-veto-de-moscou-et-pekin-a-une-resolution-de-l-onu-demandant-une-treve-a-alep_5043852_3218.html<\/p>\n<p><strong>-Brita Hagi Hasan, maire d&#8217;Alep-Est, invit\u00e9 de L\u00e9a Salam\u00e9 (vid\u00e9o) : <\/strong>             http:\/\/www.dailymotion.com\/video\/x54i9y4_brita-hagi-hasan-maire-d-alep-est-repond-aux-questions-de-lea-salame_news<\/p>\n<p>-Les anglophones du Cameroun revendiquent le f\u00e9d\u00e9ralisme (vid\u00e9o) : http:\/\/nr.news-republic.com\/Web\/ArticleWeb.aspx?regionid=2&#038;articleid=79333889<\/p>\n<p>-&#8220;Les profils hors normes du futur gouvernement Trump&#8221; (Virginie Robert) :                                                                                                                                                                                           http:\/\/www.lesechos.fr\/idees-debats\/editos-analyses\/0211563897964-les-profils-hors-normes-du-futur-gouvernement-trump-2048070.php<\/p>\n<p>-Pour la coupe du Monde de football 2014 au Br\u00e9sil, des truquages dans l&#8217;attribution de la construction des stades :                                                                                                                                     http:\/\/www.lemonde.fr\/football\/article\/2016\/12\/05\/stades-du-mondial-2014-de-football-un-groupe-de-btp-bresilien-dit-avoir-participe-a-un-cartel-pour-truquer-des-appels-d-offres_5043862_1616938.html<\/p>\n<p>-Au Canada, &#8220;l&#8217;empoisonnement au mercure, l&#8217;effet cach\u00e9 des barrages&#8221; (Nathalie Jollien) : https:\/\/www.letemps.ch\/sciences\/2016\/12\/05\/lempoisonnement-mercure-leffet-cache-barrages?utm_source<\/p>\n<p>-&#8220;L&#8217;incompr\u00e9hensible hara-kiri du premier ministre n\u00e9o-z\u00e9landais&#8221; (Charlotte Chabas; vid\u00e9o) :                                                                                                                                                           http:\/\/www.lemonde.fr\/international\/article\/2016\/12\/06\/en-nouvelle-zelande-l-incomprehensible-hara-kiri-du-premier-ministre-le-plus-populaire-de-l-histoire_5043963_3210.html<\/p>\n<p><strong>-Empoisonn\u00e9, le plus grand lac du Pakistan se meurt (vid\u00e9o) :  <\/strong>                    http:\/\/nr.news-republic.com\/Web\/ArticleWeb.aspx?regionid=2&#038;articleid=79368113<\/p>\n<p>-Le premier ministre japonais ne pr\u00e9sentera pas d&#8217;excuses quand il se rendra \u00e0 Pearl Harbor (vid\u00e9o) : http:\/\/nr.news-republic.com\/Web\/ArticleWeb.aspx?regionid=2&#038;articleid=79354247<\/p>\n<p><strong>-&#8220;Les dessous de l&#8217;accord historique de l&#8217;OPEP&#8221; (Adria Budry Carbo) : <\/strong> https:\/\/www.letemps.ch\/economie\/2016\/12\/05\/opep-dessous-laccord-historique?utm_source<\/p>\n<p>-&#8220;La d\u00e9claration universelle des droits de l&#8217;humanit\u00e9&#8221; du 3 novembre 2016 (Yolaine de la Bigne; son) :                                                                                                                                      http:\/\/www.sudradio.fr\/Podcasts\/Quelle-epoque-ethique\/La-Declaration-des-droits-de-l-humanite<\/p>\n<p><em>-La d\u00e9claration <\/em> : http:\/\/droitshumanite.fr\/DU\/#<\/p>\n<p><strong>-Le sommet de l&#8217;ONU sur la biodiversit\u00e9 est r\u00e9uni pour 15 jours (Nathalie Fontrel; son) <\/strong> : https:\/\/www.franceinter.fr\/emissions\/planete-environnement\/planete-environnement-06-decembre-2016<\/p>\n<p><strong>CULTURE-MEDIAS<\/strong><\/p>\n<p><strong>-&#8220;La 3e guerre mondiale est sociale&#8221; (Bernard Thibault, ancien secr\u00e9taire g\u00e9n\u00e9ral de la CGT, invit\u00e9 d la Fondation Jean-Jaur\u00e8s; vid\u00e9o) :   <\/strong>                                                                       https:\/\/www.youtube.com\/watch?v=rmI5Y5ky-_8<\/p>\n<p><strong>-&#8220;Identit\u00e9s en partage&#8221; (une conf\u00e9rence avec Christiane Taubira, l&#8217;historien Patrick Boucheron et le philosophe Mathieu Potte-Monneville; vid\u00e9o) :  <\/strong>                  https:\/\/www.franceculture.fr\/conferences\/forum-des-images\/christiane-taubira-identites-en-partage-ou-la-difficulte-faire#xtor<\/p>\n<p>-Pourquoi le classement Pisa fait tant de bruit (Marie Piquemal) : http:\/\/www.liberation.fr\/france\/2016\/12\/05\/education-pourquoi-le-classement-pisa-fait-tant-de-bruit_1532250?xtor<\/p>\n<p><strong>-&#8220;Il concerne 70 pays ou m\u00e9galopoles. On \u00e9tudie essentiellement des comp\u00e9tences \u00e0 la fin de la scolarit\u00e9 obligatoire. Il ne faut pas tomber dans la phobie du palmar\u00e8s. La France se distingue par l&#8217;importance des in\u00e9galit\u00e9s d&#8217;origine sociale&#8221; (Philippe Watrelot, pr\u00e9sident du Conseil national de l&#8217;innovation pour la r\u00e9ussite scolaire; son)<\/strong> :                                                                             http:\/\/www.sudradio.fr\/Podcasts\/L-invite-pour-comprendre\/P-Watrelot-president-du-CN-de-l-innovation-pour-la-reussite-scolaire<\/p>\n<p>-Les caract\u00e9ristiques de l&#8217;\u00e9tude 2015 (document) : http:\/\/www.men.public.lu\/catalogue-publications\/secondaire\/etudes-internationales\/pisa-2015\/150203-brochure-pisa-fr.pdf<\/p>\n<p><strong>-Les principale donn\u00e9es du classement 2015 de la France (Anne Brigaudeau) : <\/strong>                                                                                                                                                                                           http:\/\/www.francetvinfo.fr\/societe\/education\/classement-pisa\/sciences-maths-egalite-des-chances-decouvrez-le-niveau-des-eleves-francais-selon-la-nouvelle-enquete-pisa_1954149.html#xtor<\/p>\n<p><em>-L&#8217;int\u00e9grale (documents \u00e0 t\u00e9l\u00e9charger)<\/em> : http:\/\/www.oecd-ilibrary.org\/education\/pisa-2015-results-volume-i_9789264266490-en;jsessionid=m670fynrcg5j.x-oecd-live-03<\/p>\n<p>-Comment la lire ? (Marie Duru-Bellat, Sciences Po) : https:\/\/theconversation.com\/comment-lire-la-prochaine-enquete-pisa-69430<\/p>\n<p><strong>-Le point de vue de Nathalie Mons, pr\u00e9sidente du Conseil d&#8217;\u00e9valuation du syst\u00e8me scolaire (vid\u00e9o) <\/strong> : http:\/\/www.dailymotion.com\/video\/x54iuro_nathalie-mons-presidente-du-conseil-national-d-evaluation-du-systeme-scolaire_news<\/p>\n<p>-Celui de la CGT : http:\/\/www.cgt.fr\/Avec-PISA-l-OCDE-exprime-son.html<\/p>\n<p>-Jusqu&#8217;au 23 avril 2017, \u00e0 la Grande Halle de La Villette, le chor\u00e9graphe d&#8217;origine blangladeshi Akram Khan (Rosita Boisseau; vid\u00e9o) :                                                                                          http:\/\/www.telerama.fr\/sortir\/les-fulgurances-d-akram-khan-aux-origines-de-la-danse-indienne,150998.php#xtor<\/p>\n<p><strong>-Martin Scorsese, &#8220;le r\u00e9alisateur qui aimait filmer en plong\u00e9e&#8221; (Romain Capelle; vid\u00e9os) :    <\/strong>                                                                                                                                                               http:\/\/www.telerama.fr\/cinema\/martin-scorsese-l-homme-qui-aimait-filmer-en-plongee,150993.php#xtor<\/p>\n<p>-L&#8217;acteur britannique Peter Vaughan est d\u00e9c\u00e9d\u00e9 \u00e0 l&#8217;\u00e2ge de 93 ans (vid\u00e9o) : http:\/\/culturebox.francetvinfo.fr\/cinema\/l-acteur-peter-vaughan-de-game-of-throne-et-brazil-est-mort-249815#xtor<\/p>\n<p><strong>-A l&#8217;occasion de la sortie de &#8220;Carole Matthieu&#8221; de Louis Julien Petit,  Isabelle Adjani, invit\u00e9e de l&#8217;\u00e9mission &#8220;Un dimanche au cin\u00e9ma&#8221; de Bruno Cras et Matthieu Charrier (son, amener le curseur sur 4:00) :<\/strong>  http:\/\/www.europe1.fr\/emissions\/un-dimanche-de-cinema\/un-dimanche-de-cinema-avec-isabelle-adjani-2918408<\/p>\n<p><strong>-Isabelle Aubret, invit\u00e9e de &#8220;Passion classique&#8221; d&#8217;Olivier Bellamy (son) :          <\/strong>                                                                                                                                                                          http:\/\/www.radioclassique.fr\/player\/progaction\/iniPlayer\/podcast\/pour-podcast-important-fcache-2016-12-05-18-03-37.html                                          <\/p>\n<p>-&#8220;Mouvement perp\u00e9tuel&#8221;, le 3e album de Christophe Ernault, alias Alister (Charline Lecarpentier) :                                                                                                                                                          http:\/\/next.liberation.fr\/musique\/2016\/12\/05\/alister-detours-de-france_1533165?xtor=EPR-450206&#038;utm_source<\/p>\n<p>-&#8220;Qu&#8217;est-ce qu&#8217;on va faire de toi&#8221; (vid\u00e9o) : https:\/\/www.youtube.com\/watch?v=-FSR27aTy6U<\/p>\n<p>-Retrouver Curtis Mayfield avec Fran\u00e7ois Gorin (son) : http:\/\/www.telerama.fr\/musique\/curtis-mayfield-2-rhaaa-lovely,150994.php#xtor<\/p>\n<p><strong>-&#8220;El&#8217;Blaszczyk, objet sonore non identifi\u00e9&#8221; (Rebecca Manzoni; vid\u00e9o) :  <\/strong>            https:\/\/www.franceinter.fr\/emissions\/pop-co\/pop-co-06-decembre-2016 <\/p>\n<p>-A l&#8217;H\u00f4tel de la Monnaie \u00e0 Paris, l&#8217;exposition Maurizio Cattelan (vid\u00e9o) :                                                                                                                                                                                                   http:\/\/www.francetvinfo.fr\/economie\/emploi\/metiers\/art-culture-edition\/paris-la-folle-expo-cattelan-a-l-hotel-de-la-monnaie_1955823.html<\/p>\n<p><strong>-Jusqu&#8217;au 10 avril 2017, \u00e0 la Biblioth\u00e8que publique d&#8217;information du Centre Pompidou, l&#8217;exposition &#8220;Gaston au-del\u00e0 de Lagaffe&#8221; (Laurence Houot; vid\u00e9o) :<\/strong> http:\/\/culturebox.francetvinfo.fr\/livres\/bande-dessinee\/exposition-gaston-lagaffe-a-beaubourg-culte-249817#xtor<\/p>\n<p>-La disparition de Pascal B\u00e9jean, figure du graphisme contemporain (Xavier de Jarcy) :                                                                                                                                                                                       http:\/\/www.telerama.fr\/scenes\/disparition-de-pascal-bejean-figure-du-graphisme-contemporain,151017.php#xtor<\/p>\n<p>-Retour en images sur l&#8217;\u00e9dition 2016 du &#8220;T\u00e9l\u00e9rama Dub Festival&#8221; (Fr\u00e9d\u00e9ric P\u00e9guillan; diaporama) :                                                                                                                                                            http:\/\/www.telerama.fr\/musique\/telerama-dub-festival-retour-en-images-sur-l-edition-2016,150923.php#xtor<\/p>\n<p>-Sur Netflix, &#8220;13e&#8221;, le documentaire d&#8217;Ava DuVernay montre une Am\u00e9rique malade de son racisme (H\u00e9l\u00e8ne Marzolf; vid\u00e9o) :                                                                                                                     http:\/\/television.telerama.fr\/television\/13e-ou-comment-la-segregation-ronge-le-coeur-de-l-amerique,150648.php#xtor<\/p>\n<p><strong>-Cheikh Fall, blogueur s\u00e9n\u00e9galais, invit\u00e9 de Sonia Devillers (vid\u00e9o, amener le curseur sur 5:20) :<\/strong>  http:\/\/www.dailymotion.com\/video\/x54iml1_rendre-la-politique-aux-citoyens-cheikh-fall-blogueur-star-africain_news<\/p>\n<p><strong>-&#8220;Contrairement \u00e0 Internet, la radio num\u00e9rique terrestre est gratuite et anonyme&#8221; (Patrice G\u00e9linet, qui va quitter son fauteuil au Conseil sup\u00e9rieur de l&#8217;audiovisuel; propos recueillis par Aude Dassonville) <\/strong> : http:\/\/www.telerama.fr\/radio\/patrice-gelinet-contrairement-a-internet-la-radio-numerique-terrestre-est-gratuite-et-anonyme,150992.php#xtor<\/p>\n<p>-La fin de la pub dans les programmes jeunesse de France T\u00e9l\u00e9visions ? (Andr\u00e9 Gattolin interrog\u00e9 par Marc Belpois) :                                                                                                                                   http:\/\/television.telerama.fr\/television\/la-fin-de-la-pub-dans-les-programmes-jeunesse-de-france-tele-c-est-pour-bientot,150926.php#xtor<\/p>\n<p>-&#8220;En direct devant l&#8217;Elys\u00e9e&#8221; (Bruno Donnet; vid\u00e9o) : http:\/\/www.dailymotion.com\/video\/x54iisp_en-direct-devant-l-elysee-l-apres-coup-de-bruno-donnet_news<\/p>\n<p>-&#8220;A France 24, on forme les gens et on se fait aussi piquer nos journalistes&#8221; (Marie-Christine Saragosse, PDG de France M\u00e9dias Monde; interrog\u00e9e par Thomas Joubert; vid\u00e9o) :               http:\/\/www.europe1.fr\/emissions\/l-invite-medias\/france-24-on-forme-les-gens-et-on-se-fait-aussi-piquer-nos-journalistes-2920067<\/p>\n<p>-Ruquier, &#8220;un millionnaire qui travaille pour le service public&#8221; (Benjamin Biolay; vid\u00e9o) : http:\/\/www.huffingtonpost.fr\/2016\/12\/01\/ruquier-est-un-millionaire-qui-travaille-pour-le-service-public\/<\/p>\n<p>-&#8220;Une minute pour conclure&#8221; (Yvan Leva\u00ef, invit\u00e9 de Dimitri Pavlenko; son) : http:\/\/www.sudradio.fr\/Podcasts\/L-invite-pour-comprendre\/Ivan-Levai-journaliste-ecrivain<\/p>\n<p>-&#8220;Le groupe &#8220;Figaro&#8221; prosp\u00e8re sous la gauche, Cyril Hanouna aussi&#8221; (Marc Baudriller; son) :                                                                                                                                                         http:\/\/www.radioclassique.fr\/player\/progaction\/iniPlayer\/podcast\/la-vie-des-medias-2016-12-06-07-40-19.html<\/p>\n<p>-La une du &#8220;Canard encha\u00een\u00e9&#8221; : http:\/\/www.lecanardenchaine.fr\/la-une-du-7-decembre-2016\/<\/p>\n<p><strong>-&#8220;L&#8217;affaire Fran\u00e7ois Hollande&#8221; (quand Nicolas Canteloup parodie Christophe Hondelatte; son) :<\/strong>                                                                                                                                                                 http:\/\/www.europe1.fr\/emissions\/la-revue-de-presque\/hondelatte-raconte-laffaire-francois-hollande-2919008<\/p>\n<p><strong>-&#8220;Passion primaire \u00e0 gauche&#8221; (Alex Vizorek; vid\u00e9o) : <\/strong> http:\/\/www.dailymotion.com\/video\/x54ig5d_passion-primaires-a-gauche-le-billet-d-alex-vizorek_fun<\/p>\n<p><strong>-&#8220;Manuel Valls, le candidats des gauches irr\u00e9conciliables r\u00e9unies&#8221; (Charline Vanhoenacker; vid\u00e9o) <\/strong> : https:\/\/www.franceinter.fr\/emissions\/le-billet-de-charline-vanhoenacker\/le-billet-de-charline-vanhoenacker-06-decembre-2016<\/p>\n<p>-&#8220;J&#8217;en ai marre de cette gauche honteuse&#8221; (St\u00e9phane Guillon; vid\u00e9o) :             https:\/\/www.youtube.com\/watch?v=hkUBi0BqbaM<\/p>\n","protected":false},"excerpt":{"rendered":"<p>ACTUALITE -&#8220;Uni-e-s contre l&#8217;extr\u00eame-droite, ses id\u00e9es et ses pratiques&#8221; (communiqu\u00e9 commun CGT, FSU, Solidaires, UNEF, UNL, Fidl) : http:\/\/www.cgt.fr\/Communique-commun-des-43975.html -Il y a un an, le passage aux 39 heures chez Smart (vid\u00e9o) : http:\/\/www.francetvinfo.fr\/economie\/automobile\/un-an-apres-le-passage-aux-39-heures-chez-smart_1955807.html -&#8220;Les r\u00e9formes des retraites ont des effets plus forts que pr\u00e9vu (Solveig Godeluck) : http:\/\/www.lesechos.fr\/economie-france\/social\/0211563757389-retraites-les-reformes-ont-des-effets-plus-forts-que-prevu-2048248.php -L&#8217;\u00e9tude de la Drees (document \u00e0 [&hellip;]<\/p>\n","protected":false},"author":1042,"featured_media":0,"comment_status":"open","ping_status":"open","sticky":false,"template":"","format":"standard","meta":{"_themeisle_gutenberg_block_has_review":false,"footnotes":""},"categories":[151],"tags":[],"class_list":["post-10061","post","type-post","status-publish","format-standard","hentry","category-la-revue-de-presse-de-lulu"],"_links":{"self":[{"href":"https:\/\/archives.regards.fr\/index.php?rest_route=\/wp\/v2\/posts\/10061","targetHints":{"allow":["GET"]}}],"collection":[{"href":"https:\/\/archives.regards.fr\/index.php?rest_route=\/wp\/v2\/posts"}],"about":[{"href":"https:\/\/archives.regards.fr\/index.php?rest_route=\/wp\/v2\/types\/post"}],"author":[{"embeddable":true,"href":"https:\/\/archives.regards.fr\/index.php?rest_route=\/wp\/v2\/users\/1042"}],"replies":[{"embeddable":true,"href":"https:\/\/archives.regards.fr\/index.php?rest_route=%2Fwp%2Fv2%2Fcomments&post=10061"}],"version-history":[{"count":0,"href":"https:\/\/archives.regards.fr\/index.php?rest_route=\/wp\/v2\/posts\/10061\/revisions"}],"wp:attachment":[{"href":"https:\/\/archives.regards.fr\/index.php?rest_route=%2Fwp%2Fv2%2Fmedia&parent=10061"}],"wp:term":[{"taxonomy":"category","embeddable":true,"href":"https:\/\/archives.regards.fr\/index.php?rest_route=%2Fwp%2Fv2%2Fcategories&post=10061"},{"taxonomy":"post_tag","embeddable":true,"href":"https:\/\/archives.regards.fr\/index.php?rest_route=%2Fwp%2Fv2%2Ftags&post=10061"}],"curies":[{"name":"wp","href":"https:\/\/api.w.org\/{rel}","templated":true}]}}