{"id":10059,"date":"2016-12-06T07:08:21","date_gmt":"2016-12-06T06:08:21","guid":{"rendered":"https:\/\/wp.muchomaas.com\/article-la-revue-du-6-decembre-2016\/"},"modified":"2023-06-23T23:23:38","modified_gmt":"2023-06-23T21:23:38","slug":"article-la-revue-du-6-decembre-2016","status":"publish","type":"post","link":"https:\/\/archives.regards.fr\/?p=10059","title":{"rendered":"La Revue du 6 d\u00e9cembre 2016"},"content":{"rendered":"<strong>ACTUALITE<\/strong>\n\n<strong>-&#8220;Le jour o\u00f9 j&#8217;ai perdu mon logement, je me suis assis sur un banc et j&#8217;ai pleur\u00e9 comme un enfant&#8221; (St\u00e9phane Klipfel, SDF; vid\u00e9o) :<\/strong>                                                                                                              http:\/\/www.francetvinfo.fr\/replay-jt\/france-3\/12-13\/sans-abris-le-jour-ou-j-ai-perdu-mon-logement-je-me-suis-assis-sur-un-banc-et-j-ai-pleure-comme-un-gamin_1951487.html#xtor\n\n<em>-En 2015, le taux de pauvret\u00e9 et les in\u00e9galit\u00e9s de niveau de vie augmenteraient l\u00e9g\u00e8rement (INSEE) <\/em> : https:\/\/www.insee.fr\/fr\/statistiques\/2512042#titre-bloc-1\n\n-En Moselle, \u00e0 Hayange, &#8220;le bras de fer s&#8217;intensifie entre le Secours populaire et le maire FN&#8221; (Brice Laemle) :                                                                                                                                        http:\/\/www.bfmtv.com\/politique\/hayange-le-bras-de-fer-entre-le-secours-populaire-et-le-maire-fn-s-intensifie-avant-noel-1067124.html#?xtor\n\n-La seconde vie des fruits et l\u00e9gumes ab\u00eem\u00e9s (vid\u00e9o) : http:\/\/www.francetvinfo.fr\/sante\/alimentation\/gaspillage-alimentaire-la-seconde-vie-des-fruits-et-legumes-abimes_1954769.html\n\n<strong>-La journ\u00e9e mondiale du b\u00e9n\u00e9volat, &#8220;par essence, le b\u00e9n\u00e9volat est une logique libre et volontaire&#8221; (Hubert P\u00e9nicaud, vice-pr\u00e9sident de &#8220;France B\u00e9n\u00e9volat&#8221;; son) :<\/strong>                                                   http:\/\/www.sudradio.fr\/Podcasts\/L-invite-pour-comprendre\/Hubert-Penicaud-vice-president-de-France-benevolat\n\n-4 Fran\u00e7ais sur 10 donnent de leur temps (son) : http:\/\/www.sudradio.fr\/Podcasts\/Les-reportages-de-la-matinee\/Benevolat\n\n-&#8220;La fr\u00e9quentation dans les magasins de jouets en berne&#8221; (Alain Bourgeois-Muller, PDG de &#8220;Jou\u00e9Club&#8221;, interrog\u00e9 par St\u00e9phane Carpentier; son) :                                                                              http:\/\/www.rtl.fr\/actu\/conso\/noel-la-frequentation-dans-les-magasins-de-jouets-en-berne-7786127249\n\n-Le sapin de l&#8217;Elys\u00e9e transport\u00e9 depuis la Ni\u00e8vre en bateau (vid\u00e9o) : http:\/\/france3-regions.francetvinfo.fr\/bourgogne\/yonne\/auxerre\/sapin-elysee-coupe-morvan-part-bateau-paris-1147839.html#xtor\n\n-La contre-COP 22 des &#8220;climator\u00e9alistes&#8221; (Marie-Ad\u00e9la\u00efde Scigacz) :                                                                                                                                                                                                                http:\/\/www.francetvinfo.fr\/politique\/conference-environnementale\/a-la-contre-cop22-les-climatorealistes-rejouent-une-version-bien-a-eux-de-la-conference-sur-le-climat_1948521.html#xtor\n\n<strong>-Un label pour les villes qui prot\u00e8gent les abeilles (Baptiste Gaborit; son) :<\/strong> http:\/\/www.radioclassique.fr\/player\/progaction\/iniPlayer\/podcast\/3-minutes-pour-la-planete-2016-12-05-06-46-20.html\n\n-Plusieurs multinationales accus\u00e9es de &#8220;bio-piraterie&#8221; (Yolaine de la Bigne; son) : http:\/\/www.sudradio.fr\/Podcasts\/Quelle-epoque-ethique\/STEVIA-SUS-AUX-PIRATES-BIO\n\n-Pour se faire \u00e9lire \u00e0 la t\u00eate de la F\u00e9d\u00e9ration fran\u00e7aise de rugby, Bernard Laporte a jou\u00e9 le supporter des petits clubs (Rams\u00e8s Kefi) :                                                                                            http:\/\/www.liberation.fr\/sports\/2016\/12\/04\/bernard-laporte-sur-un-air-populaire_1532951?xto\n\n<strong>-&#8220;Pendant trois semaines, les r\u00e9v\u00e9lations sur la fraude fiscale dans le monde du football vont se succ\u00e9der&#8221; (J\u00e9r\u00f4me Jessel, auteur de &#8220;La face cach\u00e9e du foot business&#8221;; son) : <\/strong>                                   http:\/\/www.sudradio.fr\/Podcasts\/L-invite-pour-comprendre\/Jerome-Jessel-journaliste-sportif\n\n<strong>-&#8220;Un juge demande la censure des &#8220;Football Leaks&#8221; dans toute l&#8217;Europe&#8221; (Fabrice Arfi; pi\u00e8ce jointe);\n<\/strong>\n\n-&#8220;Nous allons publier des informations&#8221; (Fabrice Arfi, face \u00e0 Jean-Jacques Bourdin; vid\u00e9o) : http:\/\/rmc.bfmtv.com\/mediaplayer\/video\/football-leaks-mediapart-va-publier-dans-les-prochains-jours-des-informations-concernant-des-footballers-891635.html\n\n-Les 4e Assises de la s\u00e9curit\u00e9 priv\u00e9e (Jean-Pierre Tripet, pr\u00e9sident du syndicat des entreprises de s\u00e9curit\u00e9; interrog\u00e9 par Dimitri Pavlenko; son) :                                                                                      http:\/\/www.sudradio.fr\/Podcasts\/L-invite-pour-comprendre\/Jean-Pierre-Tripet-President-du-Syndicat-des-Entreprises-de-Securite2\n\n<em>-Enqu\u00eate d&#8217;opinion aupr\u00e8s des gendarmes (IFOP) <\/em> : http:\/\/www.ifop.com\/?option=com_publication&#038;type=poll&#038;id=3574\n\n<strong>-&#8220;O\u00f9 dorment les enfants de r\u00e9fugi\u00e9s ?&#8221; (les d\u00e9chirantes photos du su\u00e9dois Magnus Wennman) :    <\/strong>                                                                                                                                                                https:\/\/www.buzzfeed.com\/lynzybilling\/ces-photos-dechirantes-montrent-ou-dorment-les-enfants-refug?utm_term\n\n<strong>-&#8220;Sida, moins de morts, plus de discriminations ?&#8221; (&#8220;\u00c7a vous regarde&#8221; sur la cha\u00eene parlementaire; vid\u00e9o) <\/strong> : http:\/\/www.lcp.fr\/emissions\/ca-vous-regarde\/279272-sida-moins-de-morts-plus-de-discriminations\n\n<strong>POLITIQUE<\/strong>\n\n<strong>-&#8220;Alors oui, je suis candidat \u00e0 la pr\u00e9sidence de la R\u00e9publique&#8221; (Manuel Valls; vid\u00e9os)  <\/strong> : http:\/\/www.publicsenat.fr\/lcp\/politique\/candidat-presidentielle-valls-sort-costume-candidat-gauche-1590615\n\n-&#8220;Ce qu&#8217;il raconte, c&#8217;est \u00e0 peu pr\u00e8s le contraire de ce qu&#8217;il a fait au gouvernement. Je suis \u00e9cologiste avant d&#8217;\u00eatre de gauche&#8221; (Yannick Jadot, candidat \u00e9cologiste \u00e0 l&#8217;\u00e9lection pr\u00e9sidentielle; face \u00e0 Olivier Galzi; vid\u00e9o) : http:\/\/www.itele.fr\/chroniques\/invite-galzi-jusqua-minuit\/linvite-politique-dolivier-galzi-du-05122016-171900\n\n-Soutenir Manuel Valls, &#8220;pas \u00e9vident, on va voir&#8221; (Martine Aubry) :                        http:\/\/www.lexpress.fr\/actualite\/politique\/primaire-a-gauche-pas-evident-de-soutenir-valls-tacle-aubry_1857276.html \n\n-La r\u00e9action de Pierre Laurent : http:\/\/www.pcf.fr\/94392\n\n-Celle de G\u00e9rard Filoche, membre du Bureau national du PS (vid\u00e9o) :         http:\/\/www.bfmtv.com\/mediaplayer\/video\/c-est-a-gerber-gerard-filoche-reagit-a-l-annonce-de-la-candidature-de-manuel-valls-891897.html\n\n-D&#8217;autres r\u00e9actions dans l&#8217;\u00e9mission sp\u00e9ciale de BFMTV, anim\u00e9e par Ruth Elkrief (vid\u00e9os) : http:\/\/www.bfmtv.com\/mediaplayer\/video\/presidentielle-2017-manuel-valls-se-pose-en-candidat-de-la-reconciliation-891871.html\nhttp:\/\/www.bfmtv.com\/mediaplayer\/video\/manuel-valls-se-lance-dans-la-course-a-l-elysee-891861.html\n\n-Hugues Fourage, d\u00e9put\u00e9 PS de Vend\u00e9e, proche de Manuel Valls et Laurent Baumel, d\u00e9put\u00e9 PS d&#8217;Indre-et-Loire, invit\u00e9s du &#8220;Club de la Presse&#8221; d&#8217;Europe 1, apr\u00e8s la r\u00e9action au discours de Manuel de Valls d&#8217;Arlette Chabot, Natacha Polony et Robert Namias; son) : http:\/\/www.europe1.fr\/emissions\/le-club-de-la-presse\/europe-soir-le-club-de-la-presse-hugues-fourage-et-laurent-baumel-05122016-2919629\n\n<strong>-&#8220;Difficile pour Manuel Valls de rassembler les gauches. Macron est dangereux pour la France. Je pense qu&#8217;en 2012, j&#8217;ai commis une erreur en faisant un choix difficile entre Martine Aubry et Fran\u00e7ois Hollande. J&#8217;ai reconnu cette erreur d&#8217;appr\u00e9ciation que des millions de Fran\u00e7ais ont commise&#8221;(Arnaud Montebourg, invit\u00e9 d&#8217;une \u00e9dition sp\u00e9ciale de &#8220;Territoires d&#8217;Infos&#8221;; vid\u00e9o) :<\/strong>  http:\/\/www.sudradio.fr\/Politique\/L-interview-politique\/A.-Montebourg-Difficile-pour-M.-Valls-de-rassembler-les-gauches\n\n-&#8220;Je suis pr\u00eate \u00e0 prendre mes responsabilit\u00e9 pour que tout le monde se mette d&#8217;accord sur une candidature unique. Fran\u00e7ois Hollande a tout int\u00e9r\u00eat \u00e0 rester \u00e0 l&#8217;\u00e9cart. Emmanuel Macron est l&#8217;homme de la zizanie g\u00e9n\u00e9rale&#8221; (Marie-No\u00eblle Lienemann, s\u00e9natrice PS de Paris, candidate \u00e0 la primaire; invit\u00e9e de la matinale de i-T\u00e9l\u00e9; vid\u00e9o) :                                                                                                          http:\/\/www.itele.fr\/chroniques\/invite-michael-darmon\/marie-noelle-lienemann-emmanuel-macron-a-ete-lhomme-de-la-zizanie-171887\n\n<strong>-Que Manuel Valls soit candidat &#8220;n&#8217;est pas une surprise. Il va faire figure de celui qui incarne cette gauche de gouvernement, celle qui a gouvern\u00e9 depuis cinq ans bient\u00f4t. Mais au del\u00e0 de ce qu&#8217;il incarne, il y aura les pistes et les projets \u00e0 mettre sur la table. Je n&#8217;ai pas beaucoup de go\u00fbt pour ce que peut proposer Arnaud Montebourg&#8230;qui a appel\u00e9 les \u00e9lecteurs de droite \u00e0 venir voter dans la primaire. J&#8217;ai regrett\u00e9 avoir \u00e9t\u00e9 le seul \u00e0 le d\u00e9noncer et qu&#8217;il n&#8217;y ait pas eu plus de lignes directrices de la part du premier secr\u00e9taire du PS. J&#8217;ai dit que je prendrai du temps et du recul. Cuba n&#8217;est pas une d\u00e9mocratie&#8221; (St\u00e9phane Le Foll, qui &#8220;se sent pr\u00eat&#8221; \u00e0 prendre la succession de Manuel Valls; invit\u00e9 de la matinale de Franceinfo; vid\u00e9o) :<\/strong>                                                  http:\/\/www.dailymotion.com\/video\/x54f8px_stephane-le-foll-veut-se-donner-du-temps-et-du-recul-avant-de-faire-son-choix-pour-la-primaire-de-la_news\n\n-&#8220;Manuel Valls va \u00eatre amen\u00e9 \u00e0 se d\u00e9passer pour  rassembler. Quand Arnaud Montebourg, Beno\u00eet Hamon et Manuel Valls \u00e9taient \u00e0 la m\u00eame table du Conseil des ministres, je n&#8217;ai pas l&#8217;impression qu&#8217;ils appartenaient \u00e0 deux gauches irr\u00e9conciliables&#8221; (Razzi Hammadi, d\u00e9put\u00e9 PS de Seine-Saint-Denis, porte-parole du PS; interrog\u00e9 par Vincent Parizot et Christophe Rebi\u00e8re; son) : http:\/\/www.rtl.fr\/actu\/politique\/parti-socialiste-pour-razzi-hammadi-manuel-valls-veut-rassembler-son-camp-7786132131\n\n-&#8220;Valls attendu au tournant&#8221; (Lilian Alemagna) : http:\/\/www.liberation.fr\/france\/2016\/12\/04\/valls-attendu-au-tournant_1532961?xtor\n\n-&#8220;Pas forc\u00e9ment un cadeau pour lui&#8221; (Christophe Caresche, d\u00e9put\u00e9 PS de Paris; vid\u00e9o) : http:\/\/www.lcp.fr\/la-politique-en-video\/valls-candidat-pas-forcement-un-cadeau-pour-lui-juge-caresche-ps\n\n-Peut-il rassembler la gauche ? (en d\u00e9bat chez Olivier Galzi sur i-T\u00e9l\u00e9; vid\u00e9o) : http:\/\/www.itele.fr\/chroniques\/grand-decryptage-olivier-galzi\/le-grand-decryptage-du-05122016-171901\n\n-&#8220;On est \u00e9lu sur un projet, pas sur un bilan. Quel est le projet de Manuel Valls ?&#8221; (Fran\u00e7ois Kalfon, directeur de campagne d&#8217;Arnaud Montebourg; vid\u00e9o : http:\/\/www.lcp.fr\/la-politique-en-video\/primaire-gauche-est-elu-sur-un-projet-pas-sur-un-bilan-quel-est-le-projet-de\n\n-Il \u00e9tait l&#8217;invit\u00e9 de &#8220;Politique Matin&#8221; et r\u00e9pondait aux questions de Brigitte Boucher (vid\u00e9o, amener le curseur sur 33:05) : http:\/\/www.lcp.fr\/emissions\/politique-matin\/279005-la-matinale-du-5-decembre-2016\n\n-&#8220;J&#8217;en veux \u00e0 ceux qui, mis en place par le pr\u00e9sident, prennent des distances&#8221; (Jean-Pierre Bel, ancien pr\u00e9sident socialiste du S\u00e9nat; interrog\u00e9 par Fr\u00e9d\u00e9ric Rivi\u00e8re; vid\u00e9o) :                                          http:\/\/www.rfi.fr\/video\/20161205-jean-pierre-bel-ps-j-veux-ceux-mis-place-le-president-prennent-distances\n\n-&#8220;Le programme de Fillon fait peur et il fera peur aux Fran\u00e7ais&#8221; (la secr\u00e9taire d&#8217;Etat Juliette M\u00e9adel; face \u00e0 Guillaume Durand; vid\u00e9o) : http:\/\/www.dailymotion.com\/video\/x54f5xf\n\n-&#8220;C&#8217;est un non \u00e0 Renzi qui a fait un tr\u00e8s bon travail. Je souhaite une r\u00e9volution. Ceux qui se sont acharn\u00e9s contre Hollande seront-ils \u00e0 la hauteur ?&#8221; (Jack Lang face \u00e0 L\u00e9a Salam\u00e9; vid\u00e9o) : http:\/\/www.dailymotion.com\/video\/x54euxf_jack-lang-repond-aux-questions-de-lea-salame_news\n\n-&#8220;Les primaires marquent le recul de l&#8217;\u00e9narchie&#8221; (Nicolas Domenach; vid\u00e9o) :                                                                                                                                                                                                      http:\/\/www.rtl.fr\/actu\/societe-faits-divers\/les-primaires-marquent-le-recul-de-l-enarchie-note-nicolas-domenach-7786128308\n\n<strong>-&#8220;Le risque de leur inutilit\u00e9&#8221; (Thomas Legrand; son) : <\/strong> https:\/\/www.franceinter.fr\/emissions\/l-edito-politique\/l-edito-politique-05-decembre-2016\n\n<em>-Les Fran\u00e7ais et la primaire organis\u00e9e par le parti socialiste (IFOP) :     <\/em>       http:\/\/www.ifop.com\/?option=com_publication&#038;type=poll&#038;id=3573\n\n<em>-Le barom\u00e8tre de confiance dans l&#8217;ex\u00e9cutif (HARRIS) :<\/em>                                    http:\/\/harris-interactive.fr\/opinion_polls\/barometre-de-confiance-dans-lexecutif-harris-interactive-delits-dopinion-6\/\n\n-&#8220;Manuel Valls va d\u00e9sormais parler au Parti socialiste. Avec Emmanuel Macron, c&#8217;est le combat des traitres, de ceux qui doivent tout \u00e0 Fran\u00e7ois Hollande. Fran\u00e7ois Fillon ne changera pas son projet. Fran\u00e7ois Bayrou n&#8217;a pas d&#8217;espace politique&#8221; (J\u00e9r\u00f4me Chartier, d\u00e9put\u00e9 LR, porte-parole de Fran\u00e7ois Fillon; face \u00e0 Jean-Pierre Elkabbach; vid\u00e9o) :                                                                  http:\/\/www.europe1.fr\/emissions\/l-interview-politique\/discussion-entre-francois-fillon-et-francois-bayrou-demission-de-renzi-en-italie-dialogue-social-et-mise-en-place-des-reformes-jerome-chartier-repond-aux-questions-de-jean-pierre-elkabbach-2918963\n\n-&#8220;Matt\u00e9o Renzi a pris un risque extraordinaire. Je suis favorable au droit de vote d\u00e8s 16 ans (Thierry Sol\u00e8re, d\u00e9put\u00e9 LR des Hauts-de-Seine qui va devenir porte-parole de Fran\u00e7ois Fillon; face \u00e0 Jean-Jacques Bourdin; vid\u00e9o) :                              http:\/\/www.bfmtv.com\/mediaplayer\/video\/thierry-solere-face-a-jean-jacques-bourdin-en-direct-891611.html\n\n-&#8220;La victoire de Fran\u00e7ois Fillon n&#8217;est pas une d\u00e9faite. Mme Royal, c&#8217;est une faute. Elle doit \u00eatre recadr\u00e9e&#8221; (Jean-Pierre Raffarin, s\u00e9nateur LR de La Vienne; invit\u00e9 de la matinale de RTL, interrog\u00e9 par Elizabeth Martichoux; vid\u00e9os) :   http:\/\/www.rtl.fr\/actu\/politique\/cuba-jean-pierre-raffarin-reclame-la-demission-de-segolene-royal-7786127767  \n\n-&#8220;Les voies de S\u00e9gol\u00e8ne Royal restent imp\u00e9n\u00e9trables&#8221; (Alba Ventura; vid\u00e9o) :   http:\/\/www.rtl.fr\/actu\/politique\/les-voies-de-segolene-royal-restent-impenetrables-decrypte-alba-ventura-7786127714\n\n-M\u00e9lenchon l&#8217;a remerci\u00e9e &#8220;de r\u00e9tablir un peu d&#8217;\u00e9quilibre&#8221; (vid\u00e9os) :                                                                                                                                                                                                              http:\/\/www.leparisien.fr\/politique\/propos-de-royal-sur-la-democratie-cubaine-les-responsables-politiques-consternes-04-12-2016-6411687.php\n\n-&#8220;Avait-elle bu un peu trop de rhum en arrivant \u00e0 la Havane ?&#8221; (Jack Lang; vid\u00e9o) :                                                                                                                                                                                      http:\/\/actu.orange.fr\/politique\/propos-sur-fidel-castro-jack-lang-se-demande-si-segolene-royal-n-a-pas-bu-un-peu-trop-de-rhum-magic-CNT000000yvv28.html\n\n-&#8220;Elle est atteinte du syndrome de Stockholm ?&#8221; (Yves Thr\u00e9ard; vid\u00e9o) : http:\/\/www.europe1.fr\/emissions\/ledito-politique-dyves-threard\/segolene-royal-atteinte-du-syndrome-de-stockholm-2918792\n\n-&#8220;Le premier obstacle pour Valls, c&#8217;est le bilan. Le deuxi\u00e8me viendra des hollandais les plus fid\u00e8les. Il peut gagner en faisant revenir dans la primaire des \u00e9lecteurs de Macron pour trancher une orientation dans le PS qui ne l&#8217;a jamais \u00e9t\u00e9&#8221; (Guillaume Tabard du &#8220;Figaro&#8221;; son) : http:\/\/www.radioclassique.fr\/player\/progaction\/iniPlayer\/podcast\/ledito-politique-de-guillaume-tabard-2016-12-05-08-14-25.html\n\n-&#8220;La pr\u00e9sidentielle se jouera entre Fran\u00e7ois Fillon et Marine Le Pen. Manuel Valls ne joue que la premi\u00e8re place \u00e0 la primaire pour l&#8217;apr\u00e8s, m\u00eame pas une place au second tour de la pr\u00e9sidentielle et encore moins la gagne&#8221; (Luc Ferry, ancien ministre LR de l&#8217;Education nationale, avec Guillaume Durand; vid\u00e9o) :                                                                                                                            http:\/\/www.dailymotion.com\/video\/x54f6kx_la-presidentielle-se-jouera-entre-marine-le-pen-et-francois-fillon-luc-ferry-05-12-2016_news\n\n-&#8220;Marine Marchais face \u00e0 Fran\u00e7ois Giscard&#8221; (Nathalie Schuck; son) : https:\/\/www.franceinter.fr\/emissions\/histoires-politiques\/histoires-politiques-05-decembre-2016\n\n<strong>EUROPE-MONDE<\/strong>\n\n<strong>-&#8220;Une d\u00e9faite cuisante pour Matteo Renzi. Il y est all\u00e9 la fleur au fusil. L&#8217;hypoth\u00e8se du mouvement &#8220;Cinq \u00e9toiles&#8221; au pouvoir est absurde&#8221; (Marc Lazar, professeur \u00e0 Sciences Po, sp\u00e9cialiste de l&#8217;Italie; interrog\u00e9 par Yves Calvi; vid\u00e9o et son) :    <\/strong>                                                                                                                                                                                                                                             http:\/\/www.rtl.fr\/actu\/international\/italie-renzi-est-alle-au-referendum-la-fleur-au-fusil-selon-un-specialiste-7786127713\n\n-&#8220;Quand on perd en politique, on assume. C&#8217;est clair qu&#8217;il y a une tr\u00e8s forte r\u00e9sistance au changement&#8221; (le secr\u00e9taire d&#8217;Etat italien Sandro Gozi; interrog\u00e9 par Thomas Sotto; son) :                                 http:\/\/www.europe1.fr\/emissions\/l-interview-verite\/sandro-gozi-quand-on-perd-en-politique-on-assume-2918915\n\n-Les unes des quotidiens transalpins (Nicolas Doze; vid\u00e9o) : http:\/\/www.bfmtv.com\/international\/demission-de-renzi-bello-ciao-en-une-des-medias-transalpins-1066910.html#?xtor\n\n-&#8220;L&#8217;Italie dans l&#8217;incertitude&#8221; (Daniela Vincenti) : http:\/\/www.euractiv.fr\/section\/politique\/news\/renzi-to-resign-after-italians-reject-constitutional-reform\/?nl_ref=26301074\n\n-L&#8217;euro d\u00e9croche apr\u00e8s le rejet du r\u00e9f\u00e9rendum constitutionnel en Italie :                                                                                                                                                                                             http:\/\/www.francetvinfo.fr\/monde\/italie\/elections-italiennes\/l-euro-decroche-apres-le-rejet-du-referendum-constitutionnel-de-matteo-renzi_1953849.html#xtor\n\n-&#8220;Le syst\u00e8me financier italien est en danger&#8221; (la d\u00e9put\u00e9e socialiste Karine Berger; face \u00e0 Nicolas Pierron; vid\u00e9o) :                                                                                                                    http:\/\/www.dailymotion.com\/video\/x54f5h5_le-systeme-financier-italien-est-en-danger-karine-berger-05-12-2016_news\n\n-&#8220;Le spectre de la crise financi\u00e8re&#8221; (vid\u00e9o) : http:\/\/www.dailymotion.com\/video\/x54f6js_l-italie-et-le-spectre-de-la-crise-financiere_news\n\n<strong>-&#8220;L&#8217;Autriche opte pour un pr\u00e9sident Vert&#8221; <\/strong> : http:\/\/www.euractiv.fr\/section\/europe-de-l-est\/news\/lautriche-opte-pour-un-president-vert\/?nl_ref=26301074\n\n-&#8220;Il y a eu un sursaut dans une partie de l&#8217;\u00e9lectorat autrichien&#8221; (Philippe Ricard; vid\u00e9o) :                                                                                                                                                                                            http:\/\/www.lemonde.fr\/europe\/article\/2016\/12\/04\/il-y-a-eu-un-sursaut-dans-une-partie-de-l-electorat-autrichien_5043181_3214.html\n\n<em>-&#8220;Un foss\u00e9 \u00e9lectoral entre dipl\u00f4m\u00e9s et non dipl\u00f4m\u00e9s et entre hommes et femmes&#8221; : <\/em> http:\/\/www.lemonde.fr\/les-decodeurs\/article\/2016\/12\/05\/autriche-un-fosse-electoral-entre-plus-et-moins-diplomes-et-entre-hommes-et-femmes_5043831_4355770.html#xtor\n\n<strong>-&#8220;Apr\u00e8s le soulagement, il ne faut pas baisser la garde&#8221; (Pierre Laurent) : <\/strong> http:\/\/www.pcf.fr\/94378\n\n-&#8220;Mme Le Pen devrait regarder vers l&#8217;Autriche plut\u00f4t que vers l&#8217;Italie. Fran\u00e7ois Hollande \u00e9tait le point d&#8217;\u00e9quilibre de la gauche. J&#8217;attends de voir le candidat Manuel Valls&#8221; (Pierre Moscovici, commissaire europ\u00e9en; face \u00e0 Caroline Roux; vid\u00e9o) : http:\/\/www.france2.fr\/emissions\/telematin\/actu\/pierre-moscovici_529891\n\n-&#8220;Personne n&#8217;y croyait en la victoire des Verts !&#8221; (Daniel Cohn-Bendit; vid\u00e9o) : http:\/\/www.europe1.fr\/emissions\/l-humeur\/autriche-personne-ne-croyait-en-la-victoire-des-verts-2918924\n\n<strong>-&#8220;Manuel Valls devrait regarder ce qui est arriv\u00e9 \u00e0 Matteo Renzi en Italie. Je comprends que M\u00e9lenchon et Macron ne veuillent pas aller dans cet espace cr\u00e9\u00e9 par le parti socialiste (la primaire)&#8221; (Il \u00e9tait l&#8217;invit\u00e9 de la matinale de France Inter et r\u00e9pondait aux questions de Patrick Cohen (vid\u00e9o) :    <\/strong>                      http:\/\/www.dailymotion.com\/video\/x54exdm_daniel-cohn-bendit-repond-aux-questions-de-patrick-cohen_news\n\n-Il a r\u00e9pondu aux questions des auditeurs (vid\u00e9o) : http:\/\/www.dailymotion.com\/video\/x54f0s2_daniel-cohn-bendit-repond-aux-questions-des-auditeurs-de-france-inter_news\n\n-&#8220;L&#8217;Espagne est dans la confusion&#8221; (Jose Luis Rubio Rojo, ancien conseiller \u00e9conomique du gouvernement autonome de Castille; son) :                                                                                         https:\/\/www.franceinter.fr\/emissions\/meridien-d-europe\/meridien-d-europe-05-decembre-2016\n\n-A Madrid, un restaurant gratuit pour les sans-abris (vid\u00e9o) : http:\/\/nr.news-republic.com\/Web\/ArticleWeb.aspx?regionid=2&#038;articleid=79308660\n\n-Apr\u00e8s le Brexit, &#8220;bras de fer entre le gouvernement et la Haute Cour de Londres (vid\u00e9o) : http:\/\/nr.news-republic.com\/Web\/ArticleWeb.aspx?regionid=2&#038;articleid=79277018\n\n<strong>-&#8220;La polycrise de l&#8217;Union europ\u00e9enne&#8221; (l&#8217;eurod\u00e9put\u00e9e Sylvie Goulard, Jean-Yves Camus, chercheur associ\u00e9 \u00e0 l&#8217;Iris et Patrick Moreau, chercheur au CNRS; invit\u00e9s &#8220;des Matins&#8221; de Guillaume Erner sur France Culture; sons) : <\/strong> https:\/\/www.franceculture.fr\/emissions\/linvite-des-matins\/europe-annee-zero#xtor                                                                                                                                                                                                                                                                                                       https:\/\/www.franceculture.fr\/emissions\/linvite-des-matins-2eme-partie\/europe-annee-zero-2eme-partie\n\n-L&#8217;extr\u00eame-droite en Europe (vid\u00e9o) : http:\/\/nr.news-republic.com\/Web\/ArticleWeb.aspx?regionid=2&#038;articleid=79293231\n\n<strong>-&#8220;Encore un dirigeant politique d\u00e9savou\u00e9&#8221; (le politologue Marc Lazar et l&#8217;ancien conseiller de Matteo Renzi; interrog\u00e9s par Micka\u00ebl Th\u00e9bault; son) :<\/strong>                                                                                 https:\/\/www.franceinter.fr\/emissions\/un-jour-dans-le-monde\/un-jour-dans-le-monde-05-decembre-2016 \n\n-&#8220;L&#8217;Union europ\u00e9enne doit se r\u00e9former mais ce n&#8217;est pas une raison pour perdre son sang froid&#8221; (Sylvie Goulard, eurod\u00e9put\u00e9e MoDem; interrog\u00e9e par Eric Delvaux; son) :                                            https:\/\/www.franceinter.fr\/emissions\/l-invite-du-5-7\/l-invite-du-5-7-05-decembre-2016\n\n-&#8220;L&#8217;Europe entre chaud et froid&#8221; (Bernard Guetta; son) : https:\/\/www.franceinter.fr\/emissions\/geopolitique\/geopolitique-05-decembre-2016\n\n-Plus de dix milliards d&#8217;euros pour des programmes spatiaux europ\u00e9ens (Michel Cabirol) :                                                                                                                                                                     http:\/\/www.euractiv.fr\/section\/innovation-entreprises\/news\/plus-de-10-milliards-deuros-pour-des-programmes-spatiaux-europeens\/?nl_ref=26301074\n\n-La commissaire europ\u00e9enne au Transport, Violeta Bulc, veut uniformiser les p\u00e9ages (Catherine Stupp) :                                                                                                                                                     http:\/\/www.euractiv.fr\/section\/transport\/news\/german-deal-paves-way-for-eu-wide-road-tolling-scheme\/?nl_ref=26301074\n\n<strong>-La Commission soumise aux pressions des lobbys des armes \u00e0 feu (Aline Robert) :                                                                                                                                                                                  <\/strong> http:\/\/www.euractiv.fr\/section\/priorites-ue-2020\/news\/la-commission-ferraille-contre-des-lobbys-virulents-sur-les-armes-a-feu\/?nl_ref=26301074\n\n-&#8220;Th\u00e9r\u00e9sa May priv\u00e9e de d\u00eener au prochain Conseil europ\u00e9en&#8221; (Georgi Gotev) :                                                                                                                                                                                        http:\/\/www.euractiv.fr\/section\/royaume-uni-en-europe\/news\/december-eu-summit-to-last-one-day-only\/?nl_ref=26301074\n\n-55 clubs de football concern\u00e9s par le scandale de la p\u00e9dophilie en Angleterre :                                                                                                                                                                                                http:\/\/www.lemonde.fr\/football\/article\/2016\/12\/04\/cinquante-cinq-clubs-de-football-concernes-par-le-scandale-de-pedophilie-en-angleterre_5043158_1616938.html\n\n-En Ouzb\u00e9kistan, l&#8217;ancien premier ministre remporte l&#8217;\u00e9lection pr\u00e9sidentielle avec 88,61 % des voix et une participation de 87,83% (Isabelle Mandraud) :                                                                             http:\/\/www.lemonde.fr\/asie-pacifique\/article\/2016\/12\/05\/ouzbekistan-chavkat-mirziyoyev-a-largement-remporte-la-presidentielle_5043503_3216.html#xtor\n\n<strong>-&#8220;Marwan Barghouthi, le d\u00e9tenu qui sort vainqueur du congr\u00e8s du Fatah&#8221; : <\/strong> http:\/\/5minutes.rtl.lu\/laune\/actu\/983001.html\n\n-Au Ghana, une fausse ambassade am\u00e9ricaine a d\u00e9livr\u00e9 des visas pendant dix ans :                                                                                                                                                                         http:\/\/www.francetvinfo.fr\/monde\/usa\/ghana-une-fausse-ambassade-americaine-a-delivre-des-visas-pendant-10-ans_1953049.html#xtor\n\n<strong>-Au sommet de Nairobi, l&#8217;aide au d\u00e9veloppement en question (Bob Koigi) :     <\/strong>                                                                                                                                                                                           http:\/\/www.euractiv.fr\/section\/aide-au-developpement\/news\/sdg-implementation-tops-kenyan-development-meeting\/?nl_ref=26301074\n\n-Le policier qui a abattu un Noir \u00e0 Charlotte ne sera pas poursuivi (vid\u00e9o) :                                                                                                                                                                                               http:\/\/www.lemonde.fr\/ameriques\/video\/2016\/12\/01\/etats-unis-le-policier-qui-a-abattu-un-noir-a-charlotte-ne-sera-pas-poursuivi_5041483_3222.html\n\n<strong>-Victoire des Sioux face au projet d&#8217;ol\u00e9oduc (Sophie Chapelle) :<\/strong>                          https:\/\/www.bastamag.net\/Etats-Unis-victoire-des-Sioux-face-au-projet-d-oleoduc-qui-menace-leurs-terres\n\n-Le regard de Fran\u00e7ais qui vivent \u00e0 Cuba (vid\u00e9o) : http:\/\/www.francetvinfo.fr\/monde\/cuba\/mort-de-fidel-castro\/cuba-le-regard-des-francais-qui-vivent-sur-l-ile_1954373.html\n\n<strong>-Proche du pr\u00e9sident Michel Temer, le pr\u00e9sident du S\u00e9nat br\u00e9silien est d\u00e9mis de ses fonctions par la justice :<\/strong>                                                                                     http:\/\/www.lemonde.fr\/ameriques\/article\/2016\/12\/05\/le-president-du-senat-bresilien-a-ete-demis-de-ses-fonctions-par-la-justice_5043874_3222.html#xtor\n\n-Pour la premi\u00e8re fois, un premier ministre japonais se rendra \u00e0 Pearl Harbor :                                                                                                                                                                                       http:\/\/www.lemonde.fr\/asie-pacifique\/article\/2016\/12\/05\/le-premier-ministre-japonais-shinzo-abe-se-rendra-a-pearl-harbor_5043512_3216.html#xtor\n\n-D\u00e9mission surprise du premier ministre n\u00e9o-z\u00e9landais (vid\u00e9o) :                                                                                                                                                                                                    http:\/\/www.lemonde.fr\/asie-pacifique\/article\/2016\/12\/05\/le-premier-ministre-neo-zelandais-john-key-demissionne_5043212_3216.html\n\n<strong>CULTURES-MEDIAS<\/strong>\n\n<strong>-Le philosophe et historien des sciences Michel Serres \u00e9tait l&#8217;invit\u00e9 d&#8217;Augustin Trapenard (son) <\/strong> : https:\/\/www.franceinter.fr\/emissions\/boomerang\/boomerang-05-decembre-2016\n\n&#8216;Six oeuvres cultes et m\u00e9connues du Mus\u00e9e d&#8217;Orsay : http:\/\/www.telerama.fr\/sortir\/le-musee-d-orsay-en-6-oeuvres-cultes-et-meconnues,150924.php#xtor\n\n-Jusqu&#8221;au 24 avril 2017 au Centre Pompidou, la r\u00e9trospective du peintre am\u00e9ricain Cy Twombly (Judica\u00ebl Lavrador) :                                                                                                                         http:\/\/next.liberation.fr\/arts\/2016\/12\/04\/cy-twombly-nous-etait-conte_1532911?xtor\n\n-Deux mois apr\u00e8s, Bob Dylan dit merci pour son prix Nobel (Fabien Morin; vid\u00e9o) : http:\/\/people.bfmtv.com\/musique\/deux-mois-apres-bob-dylan-dit-merci-pour-son-prix-nobel-1067046.html#?xtor\n\n<strong>-France 3 Nord-Pas-de-Calais a consacr\u00e9 un magazine sp\u00e9cial au chef d&#8217;orchestre Jean-Claude Casadesus, &#8220;Sur la route du maestro&#8221; (vid\u00e9os) :        <\/strong>                                                                     http:\/\/france3-regions.francetvinfo.fr\/nord-pas-de-calais\/jean-claude-casadesus-honneur-france-3-nord-pas-calais-dimanche-4-lundi-5-decembre-1145459.html\n\n-&#8220;Trust&#8221; se reforme et met le feu \u00e0 Clamecy dans la Ni\u00e8vre (vid\u00e9o) :                                                                                                                                                                                                      http:\/\/france3-regions.francetvinfo.fr\/bourgogne\/nievre\/nevers\/nevers-trust-se-reforme-signe-son-retour-scene-clamecy-1146263.html\n\n-&#8220;The Dizzy Brains&#8221; font &#8220;Boom&#8221; (vid\u00e9o) :  http:\/\/www.rfi.fr\/video\/20161205-the-dizzy-brains-font-boom\n\n<strong>-&#8220;Le monument Gaisbourg&#8221; (Rebecca Manzoni; vid\u00e9o) : <\/strong> https:\/\/www.franceinter.fr\/emissions\/pop-co\/pop-co-05-decembre-2016\n\n-Isabelle Huppert en route pour les Oscars ? (vid\u00e9o) : http:\/\/people.bfmtv.com\/cinema\/isabelle-huppert-en-route-pour-les-oscars-1066990.html#?xtor\n\n-Plus de 40 ans apr\u00e8s, la sc\u00e8ne du viol du &#8220;Dernier tango \u00e0 Paris&#8221; de Bernardo Bertolucci continue de faire pol\u00e9mique (Fabien Morin; vid\u00e9o) :                                                                                http:\/\/people.bfmtv.com\/cinema\/dernier-tango-a-paris-les-revelations-sur-la-scene-de-viol-avec-marlon-brando-scandalisent-hollywood-1067005.html#?xtor\n\n<strong>-&#8220;Pierre Richard l&#8217;incompris&#8221; (&#8220;Un jour, un destin&#8221; de Laurent Delahousse; vid\u00e9o) : <\/strong> http:\/\/www.france2.fr\/emissions\/un-jour-un-destin\/videos\/pierre_richard_lincompris_04-12-2016_1412667\n\n-Jusqu&#8217;au 11 d\u00e9cembre \u00e0 Paris, &#8220;Varekai&#8221;, le nouveau spectacle du &#8220;Cirque du Soleil&#8221; (St\u00e9phanie Barios) :                                                                                                                                                            http:\/\/www.telerama.fr\/sortir\/cirque-du-soleil-ce-qu-il-faut-savoir-de-varekai-leur-show-inedit-a-paris,150887.php#xtor\n\n-Jusqu&#8217;au 1er avril 2017, la famille Semianyki, clowns d\u00e9jant\u00e9s  venus de Saint-P\u00e9tersbourg, est \u00e0 &#8220;La Cigale&#8221; (Thierry Voisin) :                                                                                                                       http:\/\/www.telerama.fr\/sortir\/le-saint-petersbourg-underground-des-semianyki-famille-de-clowns-dejantes,150807.php#xtor\n\n<strong>-L&#8217;univers de Gotlib en trois planches embl\u00e9matiques (propos recueillis par Fran\u00e7ois Gorin) :   <\/strong>                                                                                                                                                                 http:\/\/www.telerama.fr\/livre\/gotlib-on-me-demandait-souvent-si-je-n-etais-pas-en-train-de-me-marrer-quand-je-dessinais-mais-non,109832.php\n\n<strong>-Cinq de ses personnages cultes (Laurence Houot) :<\/strong> http:\/\/culturebox.francetvinfo.fr\/livres\/bande-dessinee\/gotlib-en-5-personnages-cultes-249741#xtor\n\n-&#8220;Ce n&#8217;est plus possible de dessiner Zeus, J\u00e9sus, Mahomet, Bouddha, J\u00e9hovah en train de se bourrer la gueule&#8221; (propos recueillis par St\u00e9phane Jarno) :                                                              http:\/\/www.telerama.fr\/livre\/16248-imaginez_les_reactions_aujourd_hui_si_je_dessinais_zeus_et_ses_potes_jesus_mahomet_bouddha_jehovah_en_train_de_se_bourrer_la_gueule.php\n\n-Les hommages d&#8217;autres dessinateurs : http:\/\/www.francetvinfo.fr\/replay-radio\/bd-bande-dessinee\/en-images-les-hommages-des-dessinateurs-a-gotlib_1953007.html#xtor\n\n<strong>-&#8220;Enfin p\u00e9p\u00e8re&#8221; (Pierre Carrey, Guillaume Gendron et Johanna Luyssen) : <\/strong> http:\/\/next.liberation.fr\/arts\/2016\/12\/04\/gotblib-enfin-pepere_1532975?xtor=EPR-450206&#038;utm_source\n\n-&#8220;Pereira pr\u00e9tend&#8221;, la BD de Pierre-Henry Gomont sur le Portugal des ann\u00e9es 30 et de l&#8217;arriv\u00e9e de Salazar au pouvoir (Benjamin Roure) :                                                                                                  http:\/\/www.telerama.fr\/livre\/la-bedetheque-ideale-141-pereira-pretend-un-avant-gout-de-salazar,150891.php#xtor\n\n<strong>-Le concours d&#8217;\u00e9loquence en Seine-Saint-Denis (St\u00e9phane de Freitas et Bertrand Perier sont les invit\u00e9s de Sonia Devillers; vid\u00e9o, amener le curseur sur 4:25) :   <\/strong>                                                 http:\/\/www.dailymotion.com\/video\/x54fkq7_concours-d-eloquence-dans-le-93-la-parole-comme-une-arme_news\n\n<strong>-&#8220;Quand le youtuber Mister JDay analyse les strat\u00e9gies Youtube des politiques&#8221; (Lucas Armati; vid\u00e9o) : <\/strong>                                                                                                                                        http:\/\/television.telerama.fr\/television\/quand-un-youtubeur-analyse-les-strategies-youtube-des-politiques,150884.php#xtor\n\n-Les fermetures de sites n&#8217;emp\u00eacheront pas le t\u00e9l\u00e9chargement ill\u00e9gal (l&#8217;universitaire Sylvain Dejean; propos recueillis par J\u00e9r\u00e9mie Maire) :                                                                                                http:\/\/www.telerama.fr\/medias\/les-fermetures-de-sites-pirates-sonnent-elles-le-glas-du-telechargement-illegal,150917.php#xtor\n\n-&#8220;Il faut faire entendre la voix de la France&#8221; (Marie-Christine Saragosse, PDG de &#8220;France M\u00e9dias Monde&#8221;, \u00e0 l&#8217;occasion des dix ans de &#8220;France 24&#8221;; propos recueillis par Olivier Ubertalli) :             http:\/\/www.lepoint.fr\/medias\/medias-il-faut-faire-entendre-la-voix-de-la-france-05-12-2016-2087999_260.php?M_BT\n\n-Leila Bekhti, interpr\u00e8te de la s\u00e9rie &#8220;Jour polaire&#8221; sur Canal + (son) : http:\/\/www.sudradio.fr\/Podcasts\/L-invite-pour-comprendre\/Leila-Bekhti-actrice\n\n<strong>-Sur France 3, &#8220;avec &#8220;Crime et ch\u00e2timent&#8221;, je renoue avec ma vie de reporter&#8221; (Christophe Hondelatte; vid\u00e9o) :  <\/strong>                                                                                                                      http:\/\/www.dailymotion.com\/video\/x54fdb0_christophe-hondelatte-avec-crime-et-chatiment-je-renoue-avec-ma-vie-de-reporter_news\n\n-De la nouvelle g\u00e9n\u00e9ration d&#8217;humoristes, B\u00e9reng\u00e8re Krief chez Michel Drucker (vid\u00e9o, amener le curseur sur 53:45) :                                                                                                                              http:\/\/www.france2.fr\/emissions\/vivement-dimanche\/videos\/replay_-_vivement_dimanche_prochain_04-12-2016_1412767\n\n-Ben et Arnaud en font aussi partie (vid\u00e9o, amener le curseur sur 1:01:14) : http:\/\/www.france2.fr\/emissions\/vivement-dimanche\/videos\/replay_-_vivement_dimanche_prochain_04-12-2016_1412767\n\n<strong>-&#8220;La Belle alliance populaire&#8221; (Guillaume Meurice; vid\u00e9o) : <\/strong> http:\/\/www.dailymotion.com\/video\/x54gcuk_la-belle-alliance-populaire-le-moment-meurice_fun\n\n<strong>-&#8220;M. le Pr\u00e9sident, vous avez 150 jours pour mettre les gaz !&#8221; (Sophia Aram; vid\u00e9o) :                                                                                                                                                            <\/strong> http:\/\/www.dailymotion.com\/video\/x54f0ja_monsieur-le-president-vous-avez-150-jours-devant-vous-pour-mettre-les-gaz-le-billet-de-sophia-aram_fun\n\n-&#8220;L&#8217;hommage de S\u00e9gol\u00e8ne Royal \u00e0 Fidel Castro&#8221; (Charline Vanhoenacker; vid\u00e9o) :                                                                                                                                                                        http:\/\/www.dailymotion.com\/video\/x54euu4_l-hommage-prisonnier-politico-sceptique-de-segolene-royal-a-fidel-castro-le-billet-de-charline_fun\n<h2 class=\"wp-block-heading\">Documents joints<\/h2>\n\n\n\n<div class=\"wp-block-file\"><a href=\"https:\/\/wp.muchomaas.com\/wp-content\/uploads\/2016\/12\/football_leaks-9b4.pdf\">football_leaks.pdf<\/a><\/div>\n\n\n","protected":false},"excerpt":{"rendered":"<p>ACTUALITE -&#8220;Le jour o\u00f9 j&#8217;ai perdu mon logement, je me suis assis sur un banc et j&#8217;ai pleur\u00e9 comme un enfant&#8221; (St\u00e9phane Klipfel, SDF; vid\u00e9o) : http:\/\/www.francetvinfo.fr\/replay-jt\/france-3\/12-13\/sans-abris-le-jour-ou-j-ai-perdu-mon-logement-je-me-suis-assis-sur-un-banc-et-j-ai-pleure-comme-un-gamin_1951487.html#xtor -En 2015, le taux de pauvret\u00e9 et les in\u00e9galit\u00e9s de niveau de vie augmenteraient l\u00e9g\u00e8rement (INSEE) : https:\/\/www.insee.fr\/fr\/statistiques\/2512042#titre-bloc-1 -En Moselle, \u00e0 Hayange, &#8220;le bras de fer s&#8217;intensifie entre [&hellip;]<\/p>\n","protected":false},"author":1042,"featured_media":0,"comment_status":"open","ping_status":"open","sticky":false,"template":"","format":"standard","meta":{"_themeisle_gutenberg_block_has_review":false,"footnotes":""},"categories":[151],"tags":[],"class_list":["post-10059","post","type-post","status-publish","format-standard","hentry","category-la-revue-de-presse-de-lulu"],"_links":{"self":[{"href":"https:\/\/archives.regards.fr\/index.php?rest_route=\/wp\/v2\/posts\/10059","targetHints":{"allow":["GET"]}}],"collection":[{"href":"https:\/\/archives.regards.fr\/index.php?rest_route=\/wp\/v2\/posts"}],"about":[{"href":"https:\/\/archives.regards.fr\/index.php?rest_route=\/wp\/v2\/types\/post"}],"author":[{"embeddable":true,"href":"https:\/\/archives.regards.fr\/index.php?rest_route=\/wp\/v2\/users\/1042"}],"replies":[{"embeddable":true,"href":"https:\/\/archives.regards.fr\/index.php?rest_route=%2Fwp%2Fv2%2Fcomments&post=10059"}],"version-history":[{"count":0,"href":"https:\/\/archives.regards.fr\/index.php?rest_route=\/wp\/v2\/posts\/10059\/revisions"}],"wp:attachment":[{"href":"https:\/\/archives.regards.fr\/index.php?rest_route=%2Fwp%2Fv2%2Fmedia&parent=10059"}],"wp:term":[{"taxonomy":"category","embeddable":true,"href":"https:\/\/archives.regards.fr\/index.php?rest_route=%2Fwp%2Fv2%2Fcategories&post=10059"},{"taxonomy":"post_tag","embeddable":true,"href":"https:\/\/archives.regards.fr\/index.php?rest_route=%2Fwp%2Fv2%2Ftags&post=10059"}],"curies":[{"name":"wp","href":"https:\/\/api.w.org\/{rel}","templated":true}]}}