{"id":10056,"date":"2016-12-05T08:02:43","date_gmt":"2016-12-05T07:02:43","guid":{"rendered":"https:\/\/wp.muchomaas.com\/article-la-revue-du-5-decembre-2016\/"},"modified":"2023-06-23T23:23:38","modified_gmt":"2023-06-23T21:23:38","slug":"article-la-revue-du-5-decembre-2016","status":"publish","type":"post","link":"https:\/\/archives.regards.fr\/?p=10056","title":{"rendered":"La Revue du 5 d\u00e9cembre 2016"},"content":{"rendered":"<strong>ACTUALITE<\/strong>\n\n-Auto, habitation, les tarifs de l&#8217;assurance vont augmenter en 2017 (Laurent Thevenin) :                                                                                                                                                                           http:\/\/www.lesechos.fr\/finance-marches\/banque-assurances\/0211528771998-auto-habitation-les-tarifs-de-lassurance-vont-augmenter-en-2017-2046764.php#xtor\n\n<strong>-&#8220;Pour les maladies courantes, la S\u00e9curit\u00e9 sociale ne rembourse plus qu&#8217;un euro sur deux. Une certaine id\u00e9e de l&#8217;universalit\u00e9 a recul\u00e9&#8221; (Thierry Baudet, pr\u00e9sident de la Mutualit\u00e9 fran\u00e7aise; interrog\u00e9 par  Alexandra Bensaid; son, amener le curseur sur 35:24) :<\/strong> https:\/\/www.franceinter.fr\/emissions\/on-n-arrete-pas-l-eco\/on-n-arrete-pas-l-eco-03-decembre-2016\n\n<em>-Les Fran\u00e7ais et l&#8217;assurance maladie (ODOXA) <\/em> :  http:\/\/www.odoxa.fr\/assurance-maladie-les-francais-demandent-quelle-soit-reformee-pour-garantir-sa-perennite\/\n\n<strong>-Apollo, 9 ans, est atteint de myopathie (&#8220;13H15 le samedi&#8221;; vid\u00e9o) :  <\/strong> http:\/\/www.francetvinfo.fr\/replay-magazine\/france-2\/13h15\/13h15-du-samedi-3-decembre-2016_1940355.html\n\n-Selon une enqu\u00eate ind\u00e9pendante, les chauffeurs de taxi travaillent 66 heures par semaine pour un SMIC (B\u00e9n\u00e9dicte Tassart; son) :                                                                                                    http:\/\/www.rtl.fr\/actu\/conso\/l-info-eco-du-jour-du-01-decembre-2016-7786080356\n\n-Plusieurs \u00e9levages du sud-ouest touch\u00e9s par la grippe aviaire (vid\u00e9o) :                                                                                                                                                                                            http:\/\/www.francetvinfo.fr\/sante\/maladie\/grippe-aviaire\/grippe-aviaire-plusieurs-elevages-touches-dans-le-sud-ouest_1950407.html\n\n-A Wattrelos (59), des enfants enferm\u00e9s dans des lits-cages et surveill\u00e9s avec Skipe depuis l&#8217;Alg\u00e9rie :                                                                                                                                                              http:\/\/www.francetvinfo.fr\/faits-divers\/justice-proces\/nord-des-enfants-retrouves-enfermes-dans-des-lits-cages-et-surveilles-par-skype-depuis-l-algerie_1946753.html#xtor\n\n-&#8220;La France anti-IVG est-elle condamn\u00e9e au silence ?&#8221;  (le philosophe Jean-Fran\u00e7ois Colosimo, sociologue des religions; son, amener le curseur sur 18:07) :                                                             http:\/\/www.europe1.fr\/emissions\/c-est-arrive-cette-semaine\/cest-arrive-cette-semaine-031216-2917649\n\n-&#8220;A Notre-Dame-des-Landes, les opposants pr\u00e9parent leur plan d&#8217;action&#8221; (vid\u00e9o) : http:\/\/nr.news-republic.com\/Web\/ArticleWeb.aspx?regionid=2&#038;articleid=79152799\n\n<strong>-&#8220;Les nouvelles menaces de Daech en Europe&#8221; (Thomas Liabot) : <\/strong> http:\/\/www.lejdd.fr\/Societe\/Voitures-piegees-retour-des-djihadistes-les-nouvelles-menaces-de-l-Etat-islamique-en-Europe-829240\n\n<em>-Le rapport d&#8217;Europol (document en anglais \u00e0 t\u00e9l\u00e9charger) : <\/em> https:\/\/www.europol.europa.eu\/sites\/default\/files\/documents\/modus_operandi_is_revisited.pdf\n\n-Une mine d&#8217;or attaqu\u00e9e en Guyane : http:\/\/www.lemonde.fr\/police-justice\/article\/2016\/12\/03\/une-mine-d-or-attaquee-en-guyane_5042668_1653578.html\n\n-Salim Ejnaini, cavalier hors-norme non-voyant (invit\u00e9 de David Abiker; son, amener le curseur sur 25:08) :                                                                                                                                               http:\/\/www.europe1.fr\/emissions\/c-est-arrive-cette-semaine\/cest-arrive-cette-semaine-031216-2917649\n\n-Gilles Jay, responsable du damage des pistes \u00e0 Val Thorens, cit\u00e9 par Didier Arnaud) :                                                                                                                                                                       http:\/\/www.liberation.fr\/saison-en-hiver\/2016\/12\/01\/sans-damage-collateral_1531709?xtor\n\n<strong>-L&#8217;ami Dominique Bucchini, officier de l&#8217;ordre de la L\u00e9gion d&#8217;honneur (Ghjaseppu Poggioli) :<\/strong> http:\/\/www.corsenetinfos.corsica\/Dominique-Bucchini-Officier-de-l-ordre-la-Legion-d-honneur_a24615.html\n\n<strong>POLITIQUE<\/strong>\n\n<strong>-&#8220;Cela fait un an que je dis que Fran\u00e7ois Hollande n&#8217;\u00e9tait pas en \u00e9tat de rassembler la gauche. Il en a lui m\u00eame fait le constat. C&#8217;est lui qui a ouvert la porte \u00e0 la r\u00e9duction de la d\u00e9pense publique, la droite s&#8217;y engouffre avec une violence inou\u00efe. Si Montebourg gagnait la primaire, ce ne serait pas la m\u00eame chose. Mon candidat id\u00e9al, ce serait (celui qui porterait) un projet qui serait commun \u00e0 l&#8217;un et \u00e0 l&#8217;autre (Jean-Luc M\u00e9lenchon et Arnaud Montebourg) et \u00e0 nous-m\u00eames&#8221;\n(Pierre Laurent \u00e9tait l&#8217;invit\u00e9 de &#8220;Punchline&#8221;, l&#8217;\u00e9mission de Laurence Ferrari sur C8; vid\u00e9o) :<\/strong> <\/strong>  http:\/\/replay.c8.fr\/video\/1426838\n\n-L&#8217;\u00e9mission int\u00e9grale (vid\u00e9o) : http:\/\/replay.c8.fr\/video\/1426828\n\n<strong>-&#8220;C&#8217;est la primaire du Parti socialiste. Pourquoi devrais-je aller dans cette primaire ? Pour emp\u00eacher le PS d&#8217;avoir son candidat ? Ils ont expuls\u00e9 Fran\u00e7ois Hollande. Mon  probl\u00e8me, c&#8217;est M. Fillon. Heureusement que je suis l\u00e0 pour le combattre&#8221; (Jean-Luc M\u00e9lenchon \u00e9tait  invit\u00e9 de &#8220;Dimanche Politique&#8221;, interrog\u00e9 par Francis Letellier; vid\u00e9o pendant 6 jours) :<\/strong> http:\/\/pluzz.francetv.fr\/videos\/dimanche_en_politique.html\n\n-&#8220;Sa revue de la semaine num\u00e9ro 9&#8221; (vid\u00e9o) : https:\/\/www.youtube.com\/watch?v=ekBMfrb14xA\n\n-Danielle Simonnet, conseill\u00e8re de Paris et coordinatrice du Parti de gauche \u00e9tait l&#8217;invit\u00e9e de &#8220;Bureau Politique&#8221; (vid\u00e9o) : http:\/\/www.lci.fr\/replay\/replay-bureau-politique-du-4-decembre-2016-avec-danielle-simonnet-2015755.html%3Ftype=content\n\n-&#8220;Avec M\u00e9lenchon, on aurait encore un homme providentiel, un moi je&#8221; (Philippe Poutou, candidat du NPA \u00e0 l&#8217;\u00e9lection pr\u00e9sidentielle; vid\u00e9o) :                                                                         http:\/\/www.dailymotion.com\/video\/x5450eb_video-poutou-melenchon-c-est-moi-je-on-ne-peut-pas-discuter_news\n\n-&#8220;Je dis \u00e0 tous les camarades du PS, ne nous dispersons pas. Il faut qu&#8217;il sorte de la primaire une alternative \u00e0 la ligne lib\u00e9rale. Il faut aller \u00e0 des convergences pour une candidature unique porteuse de la ligne antilib\u00e9rale. La d\u00e9cision de Fran\u00e7ois Hollande est une forme de d\u00e9passement de sa personne pour l&#8217;int\u00e9r\u00eat g\u00e9n\u00e9ral. Nous devrions nous en inspirer&#8221; (Marie-No\u00eblle Lienemann, s\u00e9natrice PS de Paris, candidate \u00e0 la primaire; interrog\u00e9e par Bernard Poirette; son) :  http:\/\/www.rtl.fr\/actu\/politique\/primaire-ps-lienemann-appelle-la-gauche-a-presenter-une-candidature-unique-7786101445\n\n-&#8220;Ce n&#8217;est pas moi qui ait chang\u00e9, c&#8217;est le monde. Il n&#8217;y a actuellement aucun candidat de gauche capable de l&#8217;emporter face \u00e0 Fran\u00e7ois Fillon ou Marine Le Pen&#8221; (Arnaud Montebourg, invit\u00e9 de &#8220;Questions Politiques&#8221; sur France Inter; vid\u00e9o, amener le curseur sur 17:03) :                                                                      http:\/\/www.dailymotion.com\/video\/x54dev2_arnaud-montebourg-invite-de-questions-politiques_news\n\n-Il a r\u00e9pondu aux questions des auditeurs (vid\u00e9o) :                                      http:\/\/www.dailymotion.com\/video\/x54dg6f_arnaud-montebourg-repond-aux-auditeurs-de-questions-politiques_news\n  \n-&#8220;Valls a tous les d\u00e9fauts de Hollande sans aucune de ses qualit\u00e9s&#8221; (Pascal Cherki, d\u00e9put\u00e9 PS de Paris, soutien de Beno\u00eet Hamon; interrog\u00e9 par Sandrine Aramon; vid\u00e9o) :                                 http:\/\/www.francetvinfo.fr\/elections\/pascal-cherki-valls-a-tous-les-defauts-de-hollande-sans-aucune-de-ses-qualites_1951197.html\n\n-&#8220;Si Manuel Valls veut se pr\u00e9senter, il faut qu&#8217;il le dise rapidement. Il n&#8217;y a pas de candidat naturel. Les Fran\u00e7ais sont en col\u00e8re contre un syst\u00e8me politique fran\u00e7ais qui est incapable de se r\u00e9former. Je veux un d\u00e9bat cartes sur table et j&#8217;entends pousser les candidats dans leurs retranchements. Emmanuel Macron devrait y venir&#8221; (Fran\u00e7ois de Rugy, d\u00e9put\u00e9 de Loire-Atlantique,  candidat \u00e9cologiste \u00e0 la primaire; interrog\u00e9 par Wendy Bouchard; vid\u00e9o) : http:\/\/www.europe1.fr\/emissions\/l-interview-politique-du-week-end\/francois-de-rugy-si-manuel-valls-veut-se-presenter-il-faut-quil-le-dise-rapidement-2917646\n\n-&#8220;Si Fran\u00e7ois Hollande ne pouvait pas gagner la primaire, il ne pouvait pas gagner l&#8217;\u00e9lection pr\u00e9sidentielle. Je pensais que l&#8217;arriv\u00e9e de M. Fillon modifiait la donne parce qu&#8217;avec Alain Jupp\u00e9, \u00e7a aurait \u00e9t\u00e9 tr\u00e8s difficile. Fran\u00e7ois Hollande a fait passer l&#8217;int\u00e9r\u00eat national avant l&#8217;int\u00e9r\u00eat de la gauche. Pour nous, le bilan est bon. Son impopularit\u00e9 est due \u00e0 la politique de redressement qu&#8217;il a men\u00e9e. La primaire de 2011 a \u00e9t\u00e9 construite sur une confusion. J&#8217;ai envie de dire \u00e0 Emmanuel (Macron), n&#8217;aie pas peur, on ne peut pas devenir pr\u00e9sident sans d\u00e9bat et sans combat. Jean-Luc M\u00e9lenchon, je l&#8217;invite \u00e0 clarifier sa position, plus proche de Beppe Grillo que de Podemos ? &#8221; (Jean-Christophe Cambad\u00e9lis; invit\u00e9 du &#8220;Grand Jury RTL&#8221;; son) :  http:\/\/www.rtl.fr\/actu\/politique\/l-origine-de-l-impopularite-de-francois-hollande-selon-jean-christophe-cambadelis-7786120530\n\n-&#8220;Je pense avec Fran\u00e7ois Hollande que le bilan est bon. Je ne con\u00e7ois pas la politique sans vote, tout doit se faire d\u00e9mocratiquement. Nous serons \u00e0 la fin du quinquennat \u00e0 un niveau de d\u00e9ficit qui est le m\u00eame qu&#8217;en 2007, avant que Nicolas Sarkozy n&#8217;arrive au pouvoir&#8221; (la secr\u00e9taire d&#8217;Etat Juliette M\u00e9adel; invit\u00e9e de &#8220;BFM Politique&#8221;; vid\u00e9os) :                                             http:\/\/www.bfmtv.com\/mediaplayer\/video\/je-pense-avec-francois-hollande-que-le-bilan-est-bon-juliette-meadel-891457.html                                                         http:\/\/www.bfmtv.com\/mediaplayer\/video\/politiques-au-quotidien-je-ne-concois-pas-la-politique-sans-vote-tout-doit-se-faire-democratiquement-juliette-meadel-891459.html                                                                                       http:\/\/www.bfmtv.com\/mediaplayer\/video\/politiques-au-quotidien-je-ne-concois-pas-la-politique-sans-vote-tout-doit-se-faire-democratiquement-juliette-meadel-891459.html\n\n-Le premier ministre \u00e9tait absent du meeting de &#8220;La Belle alliance populaire&#8221; (vid\u00e9o) :                                                                                                                                                                          http:\/\/www.francetvinfo.fr\/politique\/ps\/primaire-a-gauche\/belle-alliance-populaire-manuels-valls-absent-au-meeting-de-la-villette_1951749.html\n\n-D&#8217;autres absences remarqu\u00e9es (vid\u00e9o) : http:\/\/www.itele.fr\/politique\/video\/belle-alliance-populaire-du-ps-des-absences-remarquees-171863\n\n<strong>-&#8220;Il sera candidat d&#8217;ici mardi&#8221; (David Revault d&#8217;Allonnes dans le JDD) :  <\/strong>           http:\/\/www.lejdd.fr\/Politique\/Manuel-Valls-sera-candidat-d-ici-a-mardi-829735\n\n<strong>-&#8220;Valls, c&#8217;est pas gagn\u00e9&#8221; (&#8220;C dans l&#8217;air&#8221; du 3 d\u00e9cembre; vid\u00e9o pendant 5 jours) : <\/strong>  http:\/\/pluzz.francetv.fr\/videos\/c_dans_lair.html\n\n-&#8220;Il y avait tout un \u00e9tau qui se resserrait autour de Hollande&#8221; (Dominique Villemot, ami du Pr\u00e9sident qu&#8217;il a rencontr\u00e9 \u00e0 l&#8217;ENA; propos recueillis par Anne-Charlotte Dusseaulx) :                                 http:\/\/www.lejdd.fr\/Politique\/Dominique-Villemot-Il-y-avait-tout-un-etau-qui-se-resserrait-autour-de-Hollande-829213\n\n<strong>-&#8220;Quand il n&#8217;y a plus de fonctionnaires, il n&#8217;y a plus d&#8217;Etat, quand il n&#8217;y a plus d&#8217;Etat, il n&#8217;y a plus de France&#8221; (Fran\u00e7ois Hollande, devant la communaut\u00e9 fran\u00e7aise des Emirats arabes unis; vid\u00e9o, amener le curseur sur 16:49. L&#8217;ensemble du discours peut \u00eatre consid\u00e9r\u00e9 comme un bilan du quinquennat) :     <\/strong>                                                                                                                        http:\/\/www.elysee.fr\/videos\/discours-devant-la-communaute-francaise-des-emirats-arabes-unis\/\n\n<em>-Les Fran\u00e7ais et le bilan du quinquennat (OPINION-WAY) : <\/em> http:\/\/www.youscribe.com\/catalogue\/tous\/sondage-hollande-2779727\n\n<em>-94% des Fran\u00e7ais approuvent son choix (IFOP) : <\/em> http:\/\/www.lejdd.fr\/Politique\/SONDAGE-94-des-Francais-approuvent-la-decision-de-Hollande-829492\n\n<strong>-&#8220;Le renoncement de Hollande peut-il encore sauver le PS ?&#8221;. &#8220;Fran\u00e7ois Hollande ne pouvait rassembler ni la gauche, ni son Parti, ni m\u00eame ses amis. Pour la premi\u00e8re fois, ce ne sont plus les partis qui m\u00e8nent le jeu, ce sont les hommes. Ainsi, Jean-Luc M\u00e9lenchon vient de tuer le Parti communiste. Pour l&#8217;instant, il y a des chances pour que le candidat du PS arrive 5e \u00e0 l&#8217;\u00e9lection pr\u00e9sidentielle. Cela s&#8217;inscrit dans une crise g\u00e9n\u00e9rale de la social-d\u00e9mocratie&#8221; (G\u00e9rard Grunberg, directeur \u00e9m\u00e9rite de recherches CNRS \u00e0 Sciences Po; interrog\u00e9 par David Abiker; son, amener le curseur sur 1:09) :<\/strong>   http:\/\/www.europe1.fr\/emissions\/c-est-arrive-cette-semaine\/cest-arrive-cette-semaine-031216-2917649\n\n-&#8220;D\u00e9sormais orphelins, les hollandais s&#8217;interrogent&#8221; (Bastien Bonnefous et C\u00e9dric Pietralunga) :                                                                                                                                                                http:\/\/www.lemonde.fr\/election-presidentielle-2017\/article\/2016\/12\/03\/desormais-orphelins-les-hollandais-s-interrogent_5042711_4854003.html\n\n-&#8220;Fran\u00e7ois Hollande devra se faire extr\u00eamement discret&#8221; (Alain Duhamel; vid\u00e9o) :                                                                                                                                                                                           http:\/\/www.rtl.fr\/actu\/politique\/video-primaire-de-la-gauche-francois-hollande-devra-se-faire-extremement-discret-analyse-alain-duhamel-7786096378?utm_campaign\n\n<strong>-Mathieu Hanotin, d\u00e9put\u00e9 PS de Seine-Saint-Denis, directeur de campagne de Beno\u00eet Hamon, face \u00e0 Jean-Fran\u00e7ois Lamour, d\u00e9put\u00e9 LR de Paris, proche de Fran\u00e7ois Fillon (d\u00e9bat anim\u00e9 par Da\u00efc Audouit; vid\u00e9o pendant 6 jours) :     <\/strong>                                                                              http:\/\/pluzz.francetv.fr\/videos\/dimanche_en_politique_paris_ile_de_france_,149817435.html\n\n<strong>-&#8220;En 1962, les gauches commencent une histoire d&#8217;union et de reconqu\u00eate&#8221; (Claude Askolovitch; son) :<\/strong> https:\/\/www.franceinter.fr\/emissions\/histoire-et-politique\/histoire-et-politique-04-decembre-2016\n\n<strong>-&#8220;Fa\u00e7on puzzle&#8230;&#8221; (&#8220;13H15 le dimanche&#8221;; vid\u00e9o)<\/strong> : \nhttp:\/\/www.francetvinfo.fr\/replay-magazine\/france-2\/13h15\/13h15-du-dimanche-4-decembre-2016_1941649.html\n\n-Alexandre Jardin annonce sa candidature \u00e0 l&#8217;\u00e9lection pr\u00e9sidentielle (vid\u00e9o) :                                                                                                                                                                                     http:\/\/www.francetvinfo.fr\/elections\/presidentielle\/alexandre-jardin-annonce-sur-franceinfo-sa-candidature-a-l-election-presidentielle_1951131.html                                                                          http:\/\/culturebox.francetvinfo.fr\/livres\/romans\/alexandre-jardin-candidat-a-la-presidentielle-249685#xtor\n\n<strong>-&#8220;J&#8217;en appelle \u00e0 tous les progressistes&#8221; (Emmanuel Macron au JDD; entretien r\u00e9alis\u00e9 par Anna Cabana) :<\/strong> http:\/\/www.lejdd.fr\/Politique\/Presidentielle-2017-Macron-en-appelle-a-tous-les-progressistes-829624\n\n-Il a tacl\u00e9 la primaire du PS (vid\u00e9o) : http:\/\/www.francetvinfo.fr\/politique\/ps\/primaire-a-gauche\/presidentielle-2017-macron-tacle-la-primaire-de-la-gauche_1953085.html\n\n-Marlyse Lebranchu, ancienne ministre de la Fonction publique, le sociologue Michel Wieviorka et Daniel Cohn-Bendit \u00e9taient les invit\u00e9s de &#8220;C Pol\u00e9mique&#8221;, l&#8217;\u00e9mission anim\u00e9e par Bruce Toussaint (vid\u00e9o) : http:\/\/www.france5.fr\/emissions\/c-politique\/videos\/replay_-_c_polemique_04-12-2016_1412639\n\n-&#8220;Ce que S\u00e9gol\u00e8ne Royal a dit de Castro est \u00e9norme. Si toutes les victimes d\u00e9filaient devant elle, elle en rougirait. Il faut que le renouveau exprime des positions justes. La politique a besoin de contenus et de sens. Si j&#8217;\u00e9tais Fran\u00e7ois Fillon, je regarderais les questions que je pose. Son projet menace jusqu&#8217;\u00e0 l&#8217;alternance&#8221; (Fran\u00e7ois Bayrou, pr\u00e9sident du MoDem qui se donne deux mois pour d\u00e9cider s&#8217;il est candidat; invit\u00e9 du &#8220;Grand-rendez-vous&#8221; d&#8217;Europe 1; vid\u00e9o) :                                                    http:\/\/www.itele.fr\/magazines\/grand-rendez-vous-politique-darmon\/le-grand-rendez-vous-partie-1-du-04122016-171867\n\n-&#8220;Staline aussi est un monument de l&#8217;histoire. Je laisse Mme Royal face \u00e0 sa conscience. Je ne crois pas un instant que la loi EL Khomri am\u00e9liorera l&#8217;emploi. Ce n&#8217;est pas en pr\u00e9carisant l&#8217;emploi qu&#8217;on r\u00e9duira le ch\u00f4mage&#8221; (Henri Guaino, d\u00e9put\u00e9 LR des Yvelines, candidat \u00e0 l&#8217;\u00e9lection pr\u00e9sidentielle; invit\u00e9 du &#8220;Brunch Politique&#8221; de Louis Morin; son) : http:\/\/www.sudradio.fr\/Podcasts\/Le-Brunch-Politique\/Henri-Guaino3\n\n<strong>-La d\u00e9cision de Fran\u00e7ois Hollande &#8220;est contrainte mais assum\u00e9e. Il faut la saluer&#8221; (Dominique de Villepin; interrog\u00e9 par Apolline de Malherbe; vid\u00e9o) :    <\/strong> http:\/\/www.bfmtv.com\/mediaplayer\/video\/renoncement-de-hollande-c-est-une-decision-contrainte-mais-assumee-il-faut-la-saluer-dominique-de-villepin-891515.html\n\n-&#8220;Fran\u00e7ois Fillon mise sur le nucl\u00e9aire et veut mettre fin au principe de pr\u00e9caution&#8221; (Anne-Laure Barral) :                                                                                                                                         http:\/\/www.francetvinfo.fr\/politique\/les-republicains\/primaire-de-la-droite\/environnement-fillon-mise-sur-le-nucleaire-et-veut-mettre-fin-au-principe-de-precaution_1943081.html#xtor\n\n<strong>-&#8220;Le pedigree de certains de ses proches&#8221; (Paul Aveline) : <\/strong> https:\/\/www.buzzfeed.com\/paulaveline\/ex-gud-ex-fn-ex-mpf-le-pedigree-tres-reac-de-proches-de-fill\n\n-Sur les 35 H, les approximation de Bruno Retailleau, pr\u00e9sident LR de la r\u00e9gion Pays-de-Loire (Fr\u00e9d\u00e9ric M\u00e9t\u00e9zeau; son) :                                                                                                          https:\/\/www.franceinter.fr\/emissions\/le-vrai-faux-de-la-campagne\/le-vrai-faux-de-la-campagne-03-decembre-2016\n\n-&#8220;Les propos de S\u00e9gol\u00e8ne Royal sont ind\u00e9cents. On nous oppose les doublures des pr\u00e9sidents d\u00e9chus. Macron, Valls, Montebourg, ils ont tous le m\u00eame bilan. Le d\u00e9bat Valls-Fillon, c&#8217;est le d\u00e9bat des premiers ministres qui ont accept\u00e9 que le pouvoir soit \u00e0 Bruxelles&#8221; (Florian Philippot, vice-pr\u00e9sident du FN; interrog\u00e9 par Pierre Weill; son) : https:\/\/www.franceinter.fr\/emissions\/l-interview-politique\/l-interview-politique-04-decembre-2016\n\n-&#8220;Quelle honte que S\u00e9gol\u00e8ne Royal fasse l&#8217;apologie du dictateur Fidel Castro !  Le Front National a toujours \u00e9t\u00e9 coh\u00e9rent sur les grands sujets de soci\u00e9t\u00e9. La question de l&#8217;euro n&#8217;est pas le seul probl\u00e8me \u00e9conomique de la France. Sur les grandes orientations du programme pr\u00e9sidentiel, in n&#8217;y a pas entre nous d&#8217;oppositions&#8221;      \n(Marion Mar\u00e9chal-Le Pen, d\u00e9put\u00e9e FN du Vaucluse; invit\u00e9e de &#8220;BFM Politique&#8221;; vid\u00e9os) :                                                        http:\/\/www.bfmtv.com\/mediaplayer\/video\/quelle-honte-que-segolene-royal-fasse-l-apologie-du-dictateur-fidel-castro-marion-marechal-le-pen-891467.html          http:\/\/www.bfmtv.com\/mediaplayer\/video\/politiques-au-quotidien-le-front-national-a-toujours-ete-coherent-sur-les-grands-sujets-de-societe-marion-marechal-le-pen-891497.html                                        http:\/\/www.bfmtv.com\/mediaplayer\/video\/questions-d-eco-la-question-de-l-euro-n-est-pas-le-seul-probleme-economique-de-la-france-marion-marechal-le-pen-891499.html                                                                                             http:\/\/www.bfmtv.com\/mediaplayer\/video\/comptes-de-campagne-marion-marechal-le-pen-estime-qu-il-n-y-a-pas-d-antagonisme-sur-les-grandes-orientations-du-programme-presidentiel-du-fn-891503.html\n\n-&#8220;Le programme environnemental de Marine Le Pen&#8221; (Val\u00e9y Laram\u00e9e de Tannenberg) :                                                                                                                                         http:\/\/www.journaldelenvironnement.net\/article\/marine-le-pen-presente-son-programme-environnemental,77205\n\n<strong>-&#8220;Les jeunes militantes du Front national&#8221; (un documentaire sonore d&#8217;Arnaud Contreras et Jean-Philippe Navarre) :     <\/strong>                                                                                                            https:\/\/www.franceculture.fr\/emissions\/lsd-la-serie-documentaire\/militants-24-les-jeunes-militantes-du-front-national\n\n<strong>EUROPE-EUROPE<\/strong>\n\n<strong>-En Autriche, le candidat \u00e9cologiste remporte l&#8217;\u00e9lection pr\u00e9sidentielle :   <\/strong>     http:\/\/www.lemonde.fr\/europe\/article\/2016\/12\/04\/election-en-autriche-l-ecologiste-van-der-bellen-s-impose-face-a-son-rival-d-extreme-droite_5043185_3214.html#xtor=AL-32280270\n\n-Qui est Alexander Van der Bellen ? (Quentin Vasseur) :                                    http:\/\/www.francetvinfo.fr\/monde\/europe\/qui-est-alexander-van-der-bellen-lenouveau-president-autrichien_1463919.html\n\n<strong>-Les Italiens rejettent massivement la r\u00e9forme constitutionnelle de Matteo Renzi :<\/strong> http:\/\/www.francetvinfo.fr\/monde\/italie\/direct-les-italiens-votent-sur-une-reforme-constitutionnelle-cruciale-pour-le-chef-du-gouvernement_1952855.html\n\n-Dans la nuit, il a annonc\u00e9 sa d\u00e9mission (vid\u00e9o) :                                              http:\/\/www.lci.fr\/international\/italie-matteo-renzi-demissionne-poste-premier-ministre-apres-la-claque-du-referendum-2015806.html\n\n-A Barcelone, les anti-touristes passent \u00e0 l&#8217;offensive (C\u00e9cile Thibaud) :                                                                                                                                                                                                       http:\/\/www.lesechos.fr\/monde\/europe\/0211536919228-ca-se-passe-en-europe-a-barcelone-les-anti-touristes-passent-a-loffensive-2046151.php#xtor\n\n-En Islande, le Parti pirate charg\u00e9 de former un gouvernement : http:\/\/www.lemonde.fr\/europe\/article\/2016\/12\/03\/islande-les-pirates-charges-de-former-un-gouvernement_5042716_3214.html\n\n<strong>-Au coeur de la fraude fiscale dans le football, l&#8217;agent le plus influent de la plan\u00e8te Jorge Mendes (Micha\u00ebl Hajdenberg, Yann Philippin et Michel Henry de &#8220;Mediapart&#8221;; pi\u00e8ce jointe); <\/strong> \n\n<strong>-&#8220;La France ne sera pas exclue du champ des r\u00e9v\u00e9lations&#8221; (Fabrice Arfi; interrog\u00e9 par Pascal Praud et Julien Pasquet; vid\u00e9o) :<\/strong> http:\/\/www.itele.fr\/magazines\/13h-foot\/football-leaks-la-france-ne-sera-pas-exclue-du-champ-des-revelations-171854\n\n-&#8220;La Russie peut-elle pirater nos d\u00e9mocraties ?&#8221; (Nicolas Arpagian de l&#8217;Institut des Hautes Etudes de la S\u00e9curit\u00e9 et de la Justice; face \u00e0 David Abiker; son, amener le curseur sur 9:59) :                    http:\/\/www.europe1.fr\/emissions\/c-est-arrive-cette-semaine\/cest-arrive-cette-semaine-031216-2917649\n\n-&#8220;La popularit\u00e9 de Poutine repose sur le sentiment d&#8217;humiliation&#8221; (H\u00e9l\u00e8ne Carr\u00e8re d&#8217;Encausse; extrait) :                                                                                                                                         http:\/\/www.marianne.net\/helene-carrere-encausse-popularite-poutine-repose-sentiment-humiliation-100248362.html\n\n<strong>-&#8220;En Cisjordanie, Abbas r\u00e9\u00e9lu \u00e0 la t\u00eate du Fatah, dans un congr\u00e8s de crise&#8221; (Piotr Smolar) : <\/strong>                                                                                                                                                                       http:\/\/www.lemonde.fr\/proche-orient\/article\/2016\/11\/29\/en-cisjordanie-abbas-reelu-a-la-tete-du-fatah-dans-un-congres-de-crise_5040234_3218.html?xtmc\n\n<strong>-&#8220;Isra\u00ebl-Palestine, le fiasco de l&#8217;initiative fran\u00e7aise&#8221; (Ren\u00e9 Backmann; pi\u00e8ce jointe);\n<\/strong>\n\n<strong> -Au Liban, les r\u00e9fugi\u00e9s syriens repr\u00e9sentent d\u00e9sormais 18% de la population (Christian Lochon, membre de l&#8217;Acad\u00e9mie des sciences d&#8217;Outremer; son et vid\u00e9os) :<\/strong>                                                 https:\/\/www.franceculture.fr\/emissions\/les-enjeux-internationaux\/liban-laccueil-des-refugies-syriens#\n\n-&#8220;97% de la guerre contre Daech sont achev\u00e9s&#8221; (le g\u00e9n\u00e9ral kurde Sirwan Barzani; propos recueillis par Antoine Malo) :                                                                                                              http:\/\/www.lejdd.fr\/International\/Moyen-Orient\/Le-general-kurde-Sirwan-Barzani-97-de-la-guerre-contre-Daech-est-achevee-829003\n\n-&#8220;Le maire d&#8217;Alep implore la communaut\u00e9 internationale&#8221; (cit\u00e9 par Nicolas Delesalle) : http:\/\/www.telerama.fr\/monde\/le-maire-d-alep-implore-la-communaute-internationale-le-conseil-de-securite-c-est-un-conseil-de-tueries,150921.php#xtor\n\n-B\u00e9ji Ca\u00efd Essebsi, pr\u00e9sident de la R\u00e9publique tunipr\u00e9sienne, pr\u00e9sente  un livre d&#8217;entretiens avec Arlette Chabot (interrog\u00e9 par Roland Weill; son) :                                                                         https:\/\/www.franceinter.fr\/emissions\/l-interview-politique\/l-interview-politique-03-decembre-2016\n\n-Il \u00e9tait aussi l&#8217;invit\u00e9 de Wendy Bouchard sur Europe 1 (son) : https:\/\/www.europol.europa.eu\/sites\/default\/files\/documents\/modus_operandi_is_revisited.pdf\n\n<strong>-L&#8217;\u00e9conomie de l&#8217;Afrique (la chercheuse Sylviane Guillaumont Jeanneney; vid\u00e9os) :  <\/strong> http:\/\/www.rfi.fr\/video\/20161203-sylviane-guillaumont-jeanneney-grande-invitee-economie                                                                            http:\/\/www.rfi.fr\/video\/20161203-sylviane-guillaumont-jeanneney-grande-invitee-economie-2\n\n-En Gambie, Yayah Jammeh perd l&#8217;\u00e9lection et reconnait sa d\u00e9faite (C\u00e9lian Mac\u00e9) : http:\/\/www.liberation.fr\/planete\/2016\/12\/02\/yahya-jammeh-un-regne-baroque-et-une-chute-surprise_1532562?xtor\n\n-&#8220;Son r\u00e9gime \u00e9tait fragilis\u00e9 \u00e0 tous les niveaux&#8221; (Ebrima Sall; son) : http:\/\/www.rfi.fr\/emission\/20161203-gambie-jammeh-ejecte-presidentielle-ebrima-sall-codesria\n\n-&#8220;C&#8217;est une nouvelle Gambie&#8221; (Adama Barrow; vid\u00e9o) : http:\/\/nr.news-republic.com\/Web\/ArticleWeb.aspx?regionid=2&#038;articleid=79134491\n\n-Donald Trump va nommer le g\u00e9n\u00e9ral en retraite James Mattis, &#8220;le chien enrag\u00e9&#8221;, \u00e0 la D\u00e9fense (vid\u00e9o) :                                                                                                                                                   http:\/\/nr.news-republic.com\/Web\/ArticleWeb.aspx?regionid=2&#038;articleid=79082271\n\n<strong>-&#8220;Cinq choses \u00e0 savoir sur lui&#8221; (Bruno Ripoche) <\/strong> : http:\/\/www.ouest-france.fr\/monde\/cinq-choses-savoir-sur-james-mattis-le-chien-enrage-de-trump-4652345\n\n<strong>-&#8220;Fidel Castro, flamme et cendre&#8221; (R\u00e9gis Debray; pi\u00e8ce jointe);  \n<\/strong>\n\n-&#8220;Je me sens Cubain&#8221; (Diego Maradona; vid\u00e9o) : http:\/\/nr.news-republic.com\/Web\/ArticleWeb.aspx?regionid=2&#038;articleid=79155408\n\n<strong>-&#8220;A Cuba, S\u00e9gol\u00e8ne Royal d\u00e9fend Fidel Castro et son bilan en mati\u00e8re de droits de l&#8217;Homme&#8221; :<\/strong>                                                                                                                                                      http:\/\/www.lejdd.fr\/International\/A-Cuba-Segolene-Royal-defend-Fidel-Castro-et-son-bilan-en-matiere-de-droits-de-l-Homme-829777\n\n-Apr\u00e8s ses propos, la pol\u00e9mique enfle (vid\u00e9o) : http:\/\/www.francetvinfo.fr\/monde\/cuba\/mort-de-fidel-castro\/segolene-royal-apres-ses-propos-sur-fidel-castro-la-polemique-enfle_1953045.html\n\n-&#8220;Pourquoi tant de haine ?&#8221; (Ma\u00eft\u00e9 Pinero, ancienne correspondante de &#8220;l&#8221;Humanit\u00e9&#8221; \u00e0 Cuba) : http:\/\/www.humanite.fr\/deuil-et-hommage-cuba-et-dans-le-monde-mais-pourquoi-tant-de-haine-627702\n\n<strong>-Des milliers de personnes sur le parcours des cendres (vid\u00e9os) :   <\/strong>                                                                                                                                                                                                http:\/\/www.francetvinfo.fr\/monde\/cuba\/mort-de-fidel-castro\/fidel-castro-arrivee-des-cendres-a-santiago-de-cuba_1951739.html                                    http:\/\/nr.news-republic.com\/Web\/ArticleWeb.aspx?regionid=2&#038;articleid=79147333  \n\n<strong>-&#8220;Su nombre es pueblo&#8221; (Annie Garces; vid\u00e9o) : <\/strong>                                        https:\/\/www.youtube.com\/watch?v=_zz_ZPRYvuE&#038;feature=share&#038;app=desktop\n\n-&#8220;A Ha\u00efti, l&#8217;interminable crise \u00e9lectorale se prolonge&#8221; (vid\u00e9o) : http:\/\/nr.news-republic.com\/Web\/ArticleWeb.aspx?regionid=2&#038;articleid=79095025\n\n-En Indon\u00e9sie, manifestation contre un gouverneur chr\u00e9tien (vid\u00e9o) : http:\/\/nr.news-republic.com\/Web\/ArticleWeb.aspx?regionid=2&#038;articleid=79086172\n\n<strong>-&#8220;Kyoto, une geisha chignon rien&#8221; (Rafa\u00eble Brillaud) : <\/strong> http:\/\/www.liberation.fr\/voyages\/2016\/11\/25\/kyoto-une-geisha-chignon-rien_1530967?xtor\n\n<strong>CULTURE-MEDIAS<\/strong>\n\n<strong>-&#8220;L&#8217;origine des N\u00e9andertaliens&#8221;, au Coll\u00e8ge de France, le cours du professeur Jean-Jacques Hublin (vid\u00e9o) :<\/strong>                                                                                                                                https:\/\/www.college-de-france.fr\/site\/jean-jacques-hublin\/course-2015-10-13-17h00.htm\n\n-&#8220;Quitter la politique ?&#8221; (l&#8217;historien des m\u00e9dias Christian Delporte, le directeur de l&#8217;Observatoire politique de l&#8217;Am\u00e9rique latine Gaspard Estrada et le d\u00e9put\u00e9 socialiste des Hauts-de-Seine S\u00e9bastien Pi\u00e9trasanta; son) : https:\/\/www.franceculture.fr\/emissions\/latelier-du-pouvoir\/quitter-la-politique\n\n<strong>-&#8220;On a le droit de vote, mais pas le droit \u00e0 la parole&#8221; (l&#8217;historien belge  David Van Reybrouk, interrog\u00e9 par Lorraine Rossignol; vid\u00e9o) : <\/strong>                                http:\/\/www.telerama.fr\/idees\/on-a-le-droit-de-vote-mais-on-n-a-pas-le-droit-a-la-parole-david-van-reybrouk-historien,150894.php#xto\n\n<strong>-Au Centquatre \u00e0 Paris, dans le cadre des &#8220;Etats g\u00e9n\u00e9reux de la Culture&#8221;, la rencontre avec la com\u00e9dienne Rachida Brakni et l&#8217;auteur de BD Berthet One, qui a con\u00e7u sa premi\u00e8re en prison ; anim\u00e9e par Yasmine Youssi (vid\u00e9o int\u00e9grale) : <\/strong> http:\/\/www.telerama.fr\/etats-genereux\/reinventons-la-culture-suivez-en-direct-le-premier-debat-des-etats-genereux-a-paris,150929.php\n\n-A l&#8217;Op\u00e9ra de Paris, le sacre du chor\u00e9graphe Jiri Kylian (vid\u00e9o) :                                                                                                                                                                                                             http:\/\/www.francetvinfo.fr\/economie\/emploi\/metiers\/art-culture-edition\/opera-de-paris-le-sacre-du-choregraphe-jiri-kylian_1951753.html\n\n<strong>-Le discours de Fran\u00e7ois Hollande \u00e0 l&#8217;issue de la Conf\u00e9rence internationale d&#8217;Abou Dabi sur le patrimoine en p\u00e9ril (vid\u00e9o)<\/strong> : http:\/\/www.elysee.fr\/videos\/new-video-71\/\n\n-Celui au Louvre Abou Dabi (vid\u00e9o) : http:\/\/www.elysee.fr\/videos\/discours-au-louvre-abou-dabi\/\n\n<strong>-Visiter le Mus\u00e9e (vid\u00e9os) : <\/strong> http:\/\/culturebox.francetvinfo.fr\/expositions\/evenements\/francois-hollande-visite-le-louvre-d-abou-dhabi-oeuvre-exceptionnelle-249693#xtor\n\n-Jos\u00e9 Montalvo en toute libert\u00e9 pour les trente ans du Mus\u00e9e d&#8217;Orsay (Chrystel Chabert; vid\u00e9o) :                                                                                                                                                http:\/\/culturebox.francetvinfo.fr\/expositions\/evenements\/jose-montalvo-fete-les-30-ans-du-musee-d-orsay-en-toute-liberte-249689#xto\n\n<strong>-Immersion au coeur du mus\u00e9e (vid\u00e9o) :<\/strong>                                                 http:\/\/www.francetvinfo.fr\/culture\/immersion-au-coeur-du-musee-d-orsay_1951737.html\n\n<strong>-La fabuleuse collection Sergue\u00ef Chtchoukine en r\u00e9alit\u00e9 virtuelle (vid\u00e9o) :<\/strong>                                            http:\/\/creative.arte.tv\/fr\/vrchtchoukine\n\n-&#8220;Ousmane Sow, un mod\u00e8le de pers\u00e9v\u00e9rance pour les artistes africains contemporains&#8221; (Raoul Mbog) :                                                                     http:\/\/www.telerama.fr\/scenes\/ousmane-sow-un-modele-de-perseverance-pour-les-artistes-africains-contemporains,150918.php#xtor\n\n-&#8220;Les archives Disney&#8221; et un coffret Almodovar (Laurent Delmas; son) :                                                                                                                                                                                             https:\/\/www.franceinter.fr\/emissions\/la-prescription-cinema-de-laurent-delmas\/la-prescription-cinema-de-laurent-delmas-03-decembre-2016\n\n-Depuis Bucarest, avec Christine Masson, ils ont explor\u00e9 la nouvelle vague du cin\u00e9ma roumain (son et vid\u00e9o) :                                                                                                                     https:\/\/www.franceinter.fr\/emissions\/on-aura-tout-vu\/on-aura-tout-vu-03-decembre-2016\n\n<strong>-&#8220;Nelly Kaplan, la flibusti\u00e8re de l&#8217;\u00e9cran&#8221; (Anne Dessuant; vid\u00e9o) : <\/strong> http:\/\/television.telerama.fr\/television\/nelly-kaplan-la-flibustiere-de-l-ecran,150646.php\n\n-&#8220;Dix films pour envoyer votre psy se faire soigner&#8221; (Guillemette Odicino) : http:\/\/www.telerama.fr\/cinema\/dix-films-pour-envoyer-votre-psy-se-faire-soigner,150893.php\n\n<strong>-&#8220;Ma&#8217;Rosa&#8221; n&#8217;est pas un film sur la drogue mais sur son impact sur la vie des pauvres&#8221; (son r\u00e9alisateur de Manille Brillante Mendoza; propos recueillis par Samuel Douhaire; vid\u00e9o) : <\/strong>              http:\/\/www.telerama.fr\/cinema\/ma-rosa-n-est-pas-un-film-sur-la-drogue-mais-sur-son-impact-sur-la-vie-des-pauvres-brillante-mendoza,150869.php\n\n-Dans &#8220;A Jamais&#8221;, Beno\u00eet Jacquot a ressuscit\u00e9 Mathieu Amalric (Pierre-Yves Grenu; vid\u00e9o) :  http:\/\/culturebox.francetvinfo.fr\/musique\/jazz-blues\/les-rolling-stones-le-blues-dans-la-peau-249683#xtor\n\n-Du 10 au 17 d\u00e9cembre, le festival de cin\u00e9ma europ\u00e9en des Arcs (Florence Donnarel) : http:\/\/www.liberation.fr\/saison-en-hiver\/2016\/12\/02\/ecrans-noirs-sur-toiles-blanches-aux-arcs_1531434?xtor\n\n-Jon Favreau va utiliser la r\u00e9alit\u00e9 virtuelle pour tourner son remake du &#8220;Roi Lion&#8221; (Caroline Besse) :                                                         http:\/\/www.telerama.fr\/cinema\/jon-favreau-va-s-aider-de-la-realite-virtuelle-pour-realiser-son-remake-du-roi-lion,150906.php#xtor\n\n<strong>-&#8220;La m\u00e9lancolie, c&#8217;est dans mon ADN, c&#8217;est comme une maison d&#8217;enfance&#8221; (Rebecca Zlotowski, r\u00e9alisatrice de &#8220;Plan\u00e9tarium&#8221;; invit\u00e9e d&#8217;Eva Bester; son) : <\/strong> https:\/\/www.franceinter.fr\/emissions\/remede-a-la-melancolie\/remede-a-la-melancolie-04-decembre-2016\n\n<strong>-&#8220;La musique classique n&#8217;a rien de raisonnable&#8221; (Rapha\u00ebl Pichon de l&#8217;ensemble &#8220;Pygmalion&#8221; qui, jusqu&#8217;au 10 d\u00e9cembre, referme l&#8217;ann\u00e9e de ses dix ans avec &#8220;Elias&#8221;, oratorio de Felix Mendelssohn; cit\u00e9 par Sophie Bourdais) : <\/strong> http:\/\/www.telerama.fr\/musique\/raphael-pichon-la-musique-classique-n-a-rien-de-raisonnable,150914.php\n\n<strong>-L&#8217;ensemble &#8220;Pygmalion&#8221; (vid\u00e9os) : <\/strong> https:\/\/www.youtube.com\/user\/ensemblepygmalion?feature=watch\n\n<strong>-&#8220;David Bowie, l&#8217;homme aux cheveux rouges&#8221; (Nicolas Martin; son et vid\u00e9os) : <\/strong> https:\/\/www.franceculture.fr\/emissions\/grande-traversee-david-bowie\/lhomme-aux-cheveux-rouges-19671974\n\n-&#8220;James Brown fait p\u00e9ter l&#8217;Apollo&#8221; (Laurent Rigoulet; sons) : http:\/\/www.telerama.fr\/musique\/james-brown-fait-peter-l-apollo,150823.php\n\n-Les Rolling Stones se replongent dans le blues de leurs d\u00e9buts (Hugo Cassavetti; vid\u00e9o) :                                                                                                                                                                      http:\/\/www.telerama.fr\/musique\/les-rolling-stones-se-reapproprient-avec-modestie-et-sincerite-le-blues-de-leurs-debuts,150911.php\n\n-&#8220;Un joli coup de blues&#8221; (Crystel Chabert; vid\u00e9o) : http:\/\/culturebox.francetvinfo.fr\/musique\/jazz-blues\/les-rolling-stones-le-blues-dans-la-peau-249683#xtor\n\n<strong>-&#8220;Les Trans Musicales&#8221; de Rennes se sont achev\u00e9es dimanche. Revoir tous les moments forts (vid\u00e9os) <\/strong> : http:\/\/culturebox.francetvinfo.fr\/trans-musicales-de-rennes\/lives\/\n\n<strong>-L&#8217;exposition Ben au Mus\u00e9e Maillol (visite guid\u00e9e par l&#8217;artiste et Jos\u00e9fa Lopez; vid\u00e9o) <\/strong> :                                                                                                                                                                             http:\/\/www.lemonde.fr\/arts\/video\/2016\/12\/01\/l-artiste-ben-vous-fait-visiter-son-exposition-au-musee-maillol_5041564_1655012.html\n\n-Gotlib, le p\u00e8re de Gai Luron et de Superdupont, est mort (Laurence Houot) : http:\/\/culturebox.francetvinfo.fr\/livres\/bande-dessinee\/gotlib-le-pere-de-gai-luron-et-de-superdupont-est-mort-249735\n\n<strong>-&#8220;Le dieu de notre enfance est mort&#8221; (Fabrice Pliskin) :<\/strong>                                 http:\/\/bibliobs.nouvelobs.com\/bd\/20161204.OBS2146\/gotlib-le-dieu-de-notre-enfance-est-mort.html\n\n-Avec ses faux tracts annon\u00e7ant le retour de Nicolas Sarkozy, le collectif d&#8217;artistes Boijeot.Renauld a r\u00e9ussi son coup (Jos\u00e9phine Bind\u00e9) :   \nhttp:\/\/www.telerama.fr\/scenes\/les-artistes-a-l-origine-des-faux-tracts-sarokzystes-veulent-bousculer-l-espace-public,150919.php#xtor         \n              \n-A 62 ans, R\u00e9my Pfimlin est mort d&#8217;un cancer (vid\u00e9o) :                                                                                                                                                                                                                                       http:\/\/www.francetvinfo.fr\/economie\/medias\/remy-pfimlin-l-ancien-patron-de-france-televisions-emporte-par-un-cancer_1951757.html\n\n-L&#8217;hommage de Delphine Ernotte qui lui a succ\u00e9d\u00e9 \u00e0 la t\u00eate de France T\u00e9l\u00e9visions (vid\u00e9o) :                                                                                                                                                            http:\/\/www.francetvinfo.fr\/economie\/medias\/delphine-ernotte-salue-la-memoire-de-remy-pfimlin_1951743.html  \n\n<strong>-Le prix du journalisme des radios francophones de service public (tous les reportages en comp\u00e9tition \u00e0 \u00e9couter ici; Philippe Bardonnaud; sons) :  <\/strong>                https:\/\/www.franceinter.fr\/emissions\/les-reportages-radio-des-media-francophones-publiques\/les-reportages-radio-des-media-francophones-publiques-04-decembre-2016\n                                                  \n<strong>-BFM TV atteint des sommets apr\u00e8s la gr\u00e8ve d&#8217;i-T\u00e9l\u00e9 (Alexandra Ackoun; son) : <\/strong> https:\/\/www.franceinter.fr\/emissions\/regard-sur-les-medias\/regard-sur-les-medias-03-decembre-2016\n\n<strong>-&#8220;France 2 bat le record de duplex depuis le trottoir de l&#8217;Elys\u00e9e&#8221; (Samuel Gontier) :<\/strong> http:\/\/television.telerama.fr\/television\/france-2-bat-le-record-de-duplex-depuis-le-trottoir-de-l-elysee,150920.php#xtor\n\n<strong>-&#8220;Comment le candidat M\u00e9lenchon est devenu le champion de Youtube en deux mois&#8221; (Vincent Matalon; vid\u00e9os) :<\/strong>                                                                                                                            http:\/\/www.francetvinfo.fr\/politique\/melenchon\/jean-luc-fait-des-videos-comment-le-candidat-melenchon-est-devenu-le-champion-de-youtube-en-deux-mois_1946521.html\n\n-Sur Europe 1, Christophe Hondelatte raconte (ici,&#8221; H\u00e9l\u00e8ne J\u00e9dago l&#8217;empoisonneuse&#8221;; Ir\u00e8ne Verlaque; son) :                                                                                                                                         http:\/\/www.telerama.fr\/radio\/helene-jedago-l-empoisonneuse-racontee-par-christophe-hondelatte,150333.php\n\n-&#8220;Guillon 2017&#8221; (vid\u00e9o) : http:\/\/www.c8.fr\/c8-divertissement\/ms-salut-les-terriens\/pid8294-stephane-guillon.html?vid=1426792\n<h2 class=\"wp-block-heading\">Documents joints<\/h2>\n\n\n\n<div class=\"wp-block-file\"><a href=\"https:\/\/wp.muchomaas.com\/wp-content\/uploads\/2016\/12\/jorge_mendes-15c.pdf\">jorge_mendes.pdf<\/a><\/div>\n\n\n\n<div class=\"wp-block-file\"><a href=\"https:\/\/wp.muchomaas.com\/wp-content\/uploads\/2016\/12\/article_657722_fiasco_initiative_francaise-a23.pdf\">article_657722_fiasco_initiative_francaise.pdf<\/a><\/div>\n\n\n\n<div class=\"wp-block-file\"><a href=\"https:\/\/wp.muchomaas.com\/wp-content\/uploads\/2016\/12\/fidel_castr1-0c3.pdf\">fidel_castr1.pdf<\/a><\/div>\n\n\n","protected":false},"excerpt":{"rendered":"<p>ACTUALITE -Auto, habitation, les tarifs de l&#8217;assurance vont augmenter en 2017 (Laurent Thevenin) : http:\/\/www.lesechos.fr\/finance-marches\/banque-assurances\/0211528771998-auto-habitation-les-tarifs-de-lassurance-vont-augmenter-en-2017-2046764.php#xtor -&#8220;Pour les maladies courantes, la S\u00e9curit\u00e9 sociale ne rembourse plus qu&#8217;un euro sur deux. Une certaine id\u00e9e de l&#8217;universalit\u00e9 a recul\u00e9&#8221; (Thierry Baudet, pr\u00e9sident de la Mutualit\u00e9 fran\u00e7aise; interrog\u00e9 par Alexandra Bensaid; son, amener le curseur sur 35:24) : https:\/\/www.franceinter.fr\/emissions\/on-n-arrete-pas-l-eco\/on-n-arrete-pas-l-eco-03-decembre-2016 [&hellip;]<\/p>\n","protected":false},"author":1042,"featured_media":0,"comment_status":"open","ping_status":"open","sticky":false,"template":"","format":"standard","meta":{"_themeisle_gutenberg_block_has_review":false,"footnotes":""},"categories":[151],"tags":[],"class_list":["post-10056","post","type-post","status-publish","format-standard","hentry","category-la-revue-de-presse-de-lulu"],"_links":{"self":[{"href":"https:\/\/archives.regards.fr\/index.php?rest_route=\/wp\/v2\/posts\/10056","targetHints":{"allow":["GET"]}}],"collection":[{"href":"https:\/\/archives.regards.fr\/index.php?rest_route=\/wp\/v2\/posts"}],"about":[{"href":"https:\/\/archives.regards.fr\/index.php?rest_route=\/wp\/v2\/types\/post"}],"author":[{"embeddable":true,"href":"https:\/\/archives.regards.fr\/index.php?rest_route=\/wp\/v2\/users\/1042"}],"replies":[{"embeddable":true,"href":"https:\/\/archives.regards.fr\/index.php?rest_route=%2Fwp%2Fv2%2Fcomments&post=10056"}],"version-history":[{"count":0,"href":"https:\/\/archives.regards.fr\/index.php?rest_route=\/wp\/v2\/posts\/10056\/revisions"}],"wp:attachment":[{"href":"https:\/\/archives.regards.fr\/index.php?rest_route=%2Fwp%2Fv2%2Fmedia&parent=10056"}],"wp:term":[{"taxonomy":"category","embeddable":true,"href":"https:\/\/archives.regards.fr\/index.php?rest_route=%2Fwp%2Fv2%2Fcategories&post=10056"},{"taxonomy":"post_tag","embeddable":true,"href":"https:\/\/archives.regards.fr\/index.php?rest_route=%2Fwp%2Fv2%2Ftags&post=10056"}],"curies":[{"name":"wp","href":"https:\/\/api.w.org\/{rel}","templated":true}]}}