{"id":10055,"date":"2016-12-03T06:51:44","date_gmt":"2016-12-03T05:51:44","guid":{"rendered":"https:\/\/wp.muchomaas.com\/article-la-revue-du-3-decembre-2016\/"},"modified":"2016-12-03T06:51:44","modified_gmt":"2016-12-03T05:51:44","slug":"article-la-revue-du-3-decembre-2016","status":"publish","type":"post","link":"https:\/\/archives.regards.fr\/?p=10055","title":{"rendered":"La Revue du 3 d\u00e9cembre 2016"},"content":{"rendered":"<p><strong>ACTUALITE<\/strong><\/p>\n<p>-&#8220;L&#8217;ISF a tu\u00e9 plus de 5 000 entreprises de tailles interm\u00e9diaires&#8221;. Mettre un terme au monopole syndical lors des \u00e9lections professionnelles &#8220;est une bonne chose&#8221;. &#8220;L&#8217;engagement syndical est tr\u00e8s stigmatisant&#8221; (Thibault Lanxade, vice-pr\u00e9sident du Medef; interrog\u00e9 par Olivier Harmant; vid\u00e9os) :                                                                                                                                            http:\/\/www.lesechos.fr\/economie-france\/social\/0211551228410-lisf-a-tue-plus-de-5000-entreprises-de-tailles-intermediaires-selon-thibault-lanxade-medef-2047216.php<\/p>\n<p><strong>-Plus de 140 000 personnes sont sans abri en France. Un reportage avec la maraude de nuit (son)  <\/strong> : http:\/\/www.sudradio.fr\/Podcasts\/Les-reportages-de-la-matinee\/Les-maraudes-de-nuit-pour-les-SDF<\/p>\n<p><strong>-Dans la sant\u00e9, &#8220;la prise en charge par le priv\u00e9 co\u00fbte plus cher que par le public&#8221; (Christophe Ramaux, des &#8220;Economistes atterr\u00e9s&#8221; face \u00e0 Etienne Lefebvre des &#8220;Echos&#8221;; vid\u00e9o) : <\/strong>                                http:\/\/www.francetvinfo.fr\/economie\/emploi\/carriere\/vie-professionnelle\/droit-du-travail\/sante-la-prise-en-charge-par-le-prive-coute-plus-cher-que-par-le-public_1946285.html#xtor<\/p>\n<p><strong>-Avec le projet Fillon, ce qui changerait dans le budget sant\u00e9 de chacun (Anne Brigaudeau) :    <\/strong>                                                                                                                                                          http:\/\/www.francetvinfo.fr\/politique\/francois-fillon\/malade-assure-comment-votre-budget-sante-va-changer-si-francois-fillon-est-elu-president_1944593.html#xtor<\/p>\n<p>-&#8220;Le silence des b\u00eates&#8221; (Yolaine de la Bigne; son) : http:\/\/www.sudradio.fr\/Podcasts\/Quelle-epoque-ethique\/ANIMALEMENT-VOTRE-quelle-dictature-des-animaux<\/p>\n<p>-Virage \u00e0 360\u00b0 pour la voiture \u00e9lectrique (Nabil Bourassi) :                                                                                                                                                                                                                           http:\/\/www.latribune.fr\/entreprises-finance\/industrie\/automobile\/voiture-electrique-la-bataille-des-chiffres-qui-rehabilite-une-technologie-620902.html#xtor<\/p>\n<p>-Apr\u00e8s les Alpes, la saison de ski ouvre dans les Pyr\u00e9n\u00e9es (Francis Guiard, directeur de la station  de Cauterets; son) :                                                                                                                       http:\/\/www.sudradio.fr\/Podcasts\/L-invite-pour-comprendre\/Francis-Guiard-directeur-de-la-station-de-ski-de-Cauterets<\/p>\n<p>-&#8220;L&#8217;Ile-de-France acc\u00e9l\u00e8re son plan d&#8217;\u00e9conomies&#8221; (Dominique Malecot) : http:\/\/www.lesechos.fr\/journal20161130\/lec1_france\/0211542824776-lile-de-france-accelere-son-plan-deconomies-2046662.php<\/p>\n<p><em>-Les Fran\u00e7ais et le r\u00e9tablissement du service militaire (CSA) : <\/em> https:\/\/www.csa.eu\/fr\/survey\/les-fran%C3%A7ais-et-le-retablissement-du-service-militaire<\/p>\n<p><strong>POLITIQUE<\/strong><\/p>\n<p><strong>-&#8220;La gauche ne pourra pas se rassembler autour de Manuel Valls&#8221; (Pierre Laurent, invit\u00e9 de &#8220;Parlement Hebdo&#8221;; vid\u00e9o) :<\/strong> http:\/\/www.publicsenat.fr\/lcp\/politique\/pierre-laurent-gauche-pourra-pas-se-rassembler-autour-manuel-valls-1586915<\/p>\n<p><strong>-L&#8217;\u00e9mission int\u00e9grale (vid\u00e9o)<\/strong> : http:\/\/www.lcp.fr\/emissions\/parlement-hebdo\/280376-parlement-hebdo<\/p>\n<p><strong>-Marie-George Buffet, d\u00e9put\u00e9e Front de gauche de Seine-Saint-Denis, invit\u00e9e de &#8220;Politique Matin&#8221; (vid\u00e9o, amener le curseur sur 17:53) :    <\/strong>                                            http:\/\/www.lcp.fr\/emissions\/politique-matin\/279004-la-matinale-du-2-decembre-2016<\/p>\n<p>-Le bilan de Fran\u00e7ois Hollande &#8220;collera \u00e0 la peau de tout candidat socialiste quel qu&#8217;il soit, comme du sparadrap&#8221; (Cl\u00e9mentine Autain, porte-parole &#8220;d&#8217;Ensemble&#8221;: https:\/\/m.youtube.com\/watch?v=eT-P4EGk2DE  <\/p>\n<p><strong>-&#8220;Apr\u00e8s Hollande, l&#8217;heure de la responsabilit\u00e9 pour la gauche&#8221; (Roger Martelli) : <\/strong> https:\/\/wp.muchomaas.com\/web\/article\/apres-hollande-l-heure-de-la-responsabilite-pour-la-gauche<\/p>\n<p><strong>-&#8220;L&#8217;esprit du Colonel Fabien&#8221; (Tatia) :     <\/strong>                                                      https:\/\/blogs.mediapart.fr\/tatia\/blog\/011216\/lesprit-du-colonel-fabien<\/p>\n<p>-Mardi 6 d\u00e9cembre \u00e0 Bercy (l&#8217;\u00e9cole \u00e9l\u00e9mentaire), &#8220;Sans domicile Fisc&#8221;, avec les fr\u00e8res Bocquet :  http:\/\/www.humanite.fr\/sans-domicile-fisc-reunion-publique-des-freres-bocquet-sur-levasion-fiscale-le-6-decembre-627685<\/p>\n<p>-&#8220;Le parti de Pierre Laurent doit r\u00e9ussir le tour de force de mener campagne de mani\u00e8re autonome tout en soutenant Jean-Luc M\u00e9lenchon&#8221; (Marc de Boni) : http:\/\/www.lefigaro.fr\/elections\/presidentielles\/2016\/12\/01\/35003-20161201ARTFIG00340-le-pcf-dessine-sa-campagne-a-la-fois-autonome-et-en-soutien-a-melenchon.php<\/p>\n<p>-Le n\u00b0 306 de &#8220;Cerises&#8221; : http:\/\/www.cerisesenligne.fr\/file\/archive\/cerises-306.pdf<\/p>\n<p>-&#8220;La politique qu&#8217;il a men\u00e9e ne lui permettait pas de se pr\u00e9senter&#8221; (Yannick Jadot, candidat \u00e9cologiste \u00e0 l&#8217;\u00e9lection pr\u00e9sidentielle; vid\u00e9o) :                                                                             http:\/\/www.bfmtv.com\/mediaplayer\/video\/hollande-renonce-a-2017-la-politique-qu-il-a-menee-ne-lui-permettait-pas-de-se-presenter-yannick-jadot-890837.html<\/p>\n<p>-&#8220;Des \u00e9cologistes rejoignent l&#8217;insoumission&#8221; : https:\/\/blogs.mediapart.fr\/les-invites-de-mediapart\/blog\/021216\/le-choix-de-l-insoumission<\/p>\n<p>-&#8220;Manuel Valls est le rempla\u00e7ant de Fran\u00e7ois Hollande dans cette \u00e9lection pr\u00e9sidentielle&#8221; (Fran\u00e7ois Kalfon, directeur de campagne d&#8217;Arnaud Montebourg; vid\u00e9o) :                                                         http:\/\/www.bfmtv.com\/mediaplayer\/video\/hollande-renonce-a-2017-manuel-valls-est-le-remplacant-de-francois-hollande-dans-cette-election-presidentielle-francois-kalfon-890829.html<\/p>\n<p>-&#8220;Beaucoup de rendez-vous manqu\u00e9s&#8221; (Il \u00e9tait l&#8217;invit\u00e9 de &#8220;Territoires d&#8217;Infos&#8221; (vid\u00e9o, amener le curseur sur 33:30) :                                                                                                                                http:\/\/www.sudradio.fr\/Politique\/L-interview-politique\/Hollande-renonce-Beaucoup-de-rendez-vous-manques-pour-F.-Kalfon<\/p>\n<p>-&#8220;J&#8217;ai trouv\u00e9 son plaidoyer \u00e9mouvant. Il nous faut nous tourner vers l&#8217;avenir. On ne peut pas opposer \u00e0 un candidat ultralib\u00e9ral un candidat social-lib\u00e9ral. Je suis pour le protectionnisme \u00e9conomique. Il aurait d\u00fb ajouter la loi Travail \u00e0 la d\u00e9ch\u00e9ance de nationalit\u00e9&#8221; (Arnaud Montebourg, face \u00e0 L\u00e9a Salam\u00e9; son) : http:\/\/www.dailymotion.com\/video\/x5477fw_arnaud-montebourg-repond-aux-questions-de-lea-salame_news<\/p>\n<p>-&#8220;Valls n&#8217;a rien \u00e0 voir avec Hollande&#8221; (Beno\u00eet Hamon, interrog\u00e9 par Elizabeth Martichoux; vid\u00e9o) : http:\/\/www.rtl.fr\/actu\/politique\/primaire-de-la-gauche-valls-n-a-rien-a-voir-avec-hollande-selon-hamon-7786081811<\/p>\n<p>-&#8220;C&#8217;est l&#8217;aveu d&#8217;\u00e9chec d&#8217;une politique qui n&#8217;\u00e9tait pas celle de 2012&#8221; (Aur\u00e9lie Filippetti, ancienne ministre de la Culture de Fran\u00e7ois Hollande; vid\u00e9o) :                                                                          http:\/\/rmc.bfmtv.com\/mediaplayer\/video\/renoncement-de-hollande-c-est-l-aveu-d-echec-d-une-ligne-politique-qui-n-etait-pas-celle-de-2012-890875.html<\/p>\n<p><strong>-&#8220;J&#8217;avais senti qu&#8217;il y avait chez lui quelque chose qui \u00e9tait install\u00e9, une cassure. Quelque chose qui \u00e9teint une flamme que je connaissais&#8221; (St\u00e9phane Le Foll, interrog\u00e9 par Laurent Delahousse; vid\u00e9o) :            <\/strong>                     http:\/\/www.francetvinfo.fr\/politique\/francois-hollande\/stephane-le-foll-le-fidele-lieutenant-de-francois-hollande_1950393.html<\/p>\n<p><strong>-&#8220;Surpris, comme tout le monde. Sa d\u00e9mission est un effet induit de la primaire et de  l&#8217;\u00e9clatement de son camp. Autour des personnes, le rassemblement ne se fera pas. Il faut chercher les orientations qui rapprochent les uns et les autres. Arnaud Montebourg a contribu\u00e9 \u00e0 faire premier ministre Manuel Valls, il ne faudrait pas l&#8217;oublier. C&#8217;est donc que le rassemblement entre eux deux doit \u00eatre possible&#8221; (le secr\u00e9taire d&#8217;Etat Thierry Mandon, face \u00e0 Dimitri Pavlenko; son) :   <\/strong>                                                                                                                                                             http:\/\/www.sudradio.fr\/Podcasts\/L-invite-pour-comprendre\/Thierry-Mandon-Secretaire-d-Etat-en-charge-de-l-Enseignement<\/p>\n<p><strong>-&#8220;Un choix qui force le respect par sa dignit\u00e9. Celui d&#8217;un homme d&#8217;Etat. Nous devons d\u00e9fendre le bilan, je le ferai, inlassablement&#8221; (Manuel Valls; vid\u00e9o) :         <\/strong>                                                           http:\/\/www.lci.fr\/primaire-gauche\/manuel-valls-defendra-le-bilan-de-hollande-je-le-ferai-2015480.html<\/p>\n<p>-&#8220;Le Hollande bashing frise le harc\u00e8lement politique. L&#8217;attitude des frondeurs a \u00e9t\u00e9 irresponsable&#8221; (la secr\u00e9taire d&#8217;Etat Juliette M\u00e9hadel; vid\u00e9o) :                                                                                     http:\/\/www.europe1.fr\/emissions\/l-interview-verite\/juliette-meadel-le-hollande-bashing-frise-au-harcement-politique-2916770<\/p>\n<p>-&#8220;Une d\u00e9cision douloureuse et courageuse&#8221; (Pierre Moscovici, commissaire europ\u00e9en PS; face \u00e0 Guillaume Durand; vid\u00e9o) : http:\/\/www.dailymotion.com\/video\/x547rj8<\/p>\n<p>-&#8220;Je n&#8217;\u00e9tais absolument pas dans la confidence. Il est difficile d&#8217;\u00eatre en m\u00eame temps premier ministre et candidat de la primaire. Divis\u00e9e, la gauche est \u00e9limin\u00e9e. On fait confiance aux \u00e9lecteurs. Il y a ceux qui pensent que l&#8217;avenir de la gauche passe par le nous et ceux qui pensent qu&#8217;il passe par le je&#8221; (Christophe Borgel, organisateur de la primaire, face \u00e0 Marc Fauvel; vid\u00e9o) :                                             http:\/\/www.dailymotion.com\/video\/x547bzr_christophe-borgel-repond-aux-questions-de-marc-fauvelle_news  <\/p>\n<p>-&#8220;C&#8217;est la meilleure d\u00e9cision qu&#8217;il ait prise depuis longtemps&#8221; (l&#8217;\u00e9conomiste Thomas Piketty, interrog\u00e9 par Marc Fauvel; vid\u00e9o) : http:\/\/www.dailymotion.com\/video\/x547asc_thomas-piketty-repond-aux-questions-de-marc-fauvelle_news<\/p>\n<p>-&#8220;Le Pr\u00e9sident se rend compte du bilan de son quinquennat et de l&#8217;\u00e9tat de sa majorit\u00e9&#8221; (Thierry Sol\u00e8re, organisateur de la primaire de la droite; vid\u00e9o) :                                                           http:\/\/www.bfmtv.com\/mediaplayer\/video\/hollande-renonce-a-etre-candidat-le-president-se-rend-compte-du-bilan-de-son-quinquennat-et-de-l-etat-de-sa-propre-majorite-thierry-solere-890819.html<\/p>\n<p>-Avec Pascal Cherki (PS) et Florian Philippot (FN), ils \u00e9taient invit\u00e9s de la matinale de Franceinfo (vid\u00e9o) : https:\/\/www.youtube.com\/watch?v=bDR4Sk9NAow<\/p>\n<p>-&#8220;Je ne veux pas qu&#8217;on s&#8217;acharne sur l&#8217;homme&#8221; (Pascal Cherki, d\u00e9put\u00e9 PS de Paris; face \u00e0 Fr\u00e9d\u00e9ric Rivi\u00e8re; vid\u00e9o) :                                                                                                                                           http:\/\/www.rfi.fr\/video\/20161202-pascal-cherki-depute-ps-francois-hollande-je-veux-pas-on-s-acharne-homme<\/p>\n<p>-&#8220;Je l&#8217;ai trouv\u00e9 digne et responsable. J&#8217;en prends acte. Son premier ministre portera la ligne de d\u00e9fense du bilan du quinquennat. Je me r\u00e9jouis de parler avec lui dans la primaire. Tout n&#8217;est pas mauvais. Il y a eu effectivement du mieux dans certains domaines. Je ne me tournerai pas vers le centre comme il le fera. J&#8217;investirai la question sociale&#8221;  (Beno\u00eet Hamon, candidat \u00e0 la primaire; vid\u00e9o) :               http:\/\/www.itele.fr\/chroniques\/invite-michael-darmon\/linvite-de-michael-darmon-du-02122016-171836<\/p>\n<p><strong>-&#8220;Je ne connaissais pas sa d\u00e9cision. Il a consid\u00e9r\u00e9 qu&#8217;il ne pouvait pas rassembler sa famille politique. Quand j&#8217;ai vu Montebourg appeler la droite \u00e0 venir battre Fran\u00e7ois Hollande, quand j&#8217;ai entendu Claude Bartolone demander \u00e0 Fran\u00e7ois Hollande et \u00e0 Manuel Valls de se confronter dans la primaire, quand j&#8217;ai lu l&#8217;interview de Manuel Valls dans le JDD, j&#8217;ai trouv\u00e9 que la coupe \u00e9tait pleine. Il renonce \u00e0 la pr\u00e9sidentielle, pas \u00e0 la politique&#8221; (Bernard Poignant, conseiller et ami de Fran\u00e7ois Hollande, face \u00e0 Jeff Wittenberg; vid\u00e9o) :     <\/strong>                                                                     http:\/\/www.france2.fr\/emissions\/telematin\/actu\/les-4-verites-bernard-poignant_529479<\/p>\n<p>-&#8220;Je ne savais pas. Il n&#8217;est pas assoiff\u00e9 de pouvoir. Il a renonc\u00e9 compte tenu de la division de la gauche et de sa famille politique. Toute une partie de la gauche a consid\u00e9r\u00e9 qu&#8217;il avait trop c\u00e9d\u00e9 aux march\u00e9s financiers et \u00e0 l&#8217;Europe. La primaire sera celle du Parti socialiste, pas une autre. Les droites et les gauches pro-europ\u00e9ennes doivent s&#8217;entendre, sinon cela va mal finir. Si je peux aider Emmanuel Macron, je le ferai&#8221; (Jean-Pierre Mignard, avocat et ami de Fran\u00e7ois Hollande; face \u00e0 Jean-Pierre Elkabbach; vid\u00e9o) : http:\/\/www.europe1.fr\/emissions\/l-interview-politique\/renoncenment-de-francois-hollande-nouvelle-situation-politique-jean-pierre-mignard-repond-aux-questions-de-jean-pierre-elkabbach-2916797<\/p>\n<p>-&#8220;\u00c7a avait de la classe. Il m&#8217;a touch\u00e9. Il allait dans le mur. Il laisse aux autres une situation tr\u00e8s compliqu\u00e9e. \u00c7a va tanguer en Europe, il faut qu&#8217;il s&#8217;y investisse&#8221; (Daniel Cohn-Bendit; vid\u00e9o) :  http:\/\/www.europe1.fr\/emissions\/l-humeur\/le-renoncement-de-francois-hollande-un-tournnt-dans-la-vie-politique-francaise-2916839<\/p>\n<p><strong>-&#8220;Quel avenir pour la gauche ?&#8221; (au &#8220;T\u00e9l\u00e9phone sonne&#8221; de France Inter, avec la sociologue Anne Muxel, directrice de recherches CNRS au CEVIPOF; l&#8217;historien Jean Garrigues et Ga\u00ebl Sliman, pr\u00e9sident de l&#8217;institut ODOXA; d\u00e9bat anim\u00e9 par Claire Servajean; son)<\/strong> : https:\/\/www.franceinter.fr\/emissions\/le-telephone-sonne\/le-telephone-sonne-02-decembre-2016<\/p>\n<p>-&#8220;C&#8217;est un aveu de lucidit\u00e9, pas de courage puis qu&#8217;il n&#8217;y va pas. Il avait le choix entre trois humiliations. Ils sont tous les h\u00e9ritiers et les complices de ce triste bilan&#8221; (Florence Portelli, conseill\u00e8re r\u00e9gionale LR d&#8217;Ile-de-France; face \u00e0 Dimitri Pavlenko; son) : http:\/\/www.sudradio.fr\/Podcasts\/L-invite-pour-comprendre\/Florence-Portelli-Maire-de-Taverny-Conseillere-regionale<\/p>\n<p>-&#8220;C&#8217;\u00e9tait le seul choix qu&#8217;il pouvait faire&#8221; (Nicolas Bay, secr\u00e9taire g\u00e9n\u00e9ral du FN; vid\u00e9o) :                                                                                                                                                                    http:\/\/www.bfmtv.com\/mediaplayer\/video\/hollande-renonce-a-etre-candidat-c-etait-le-seul-choix-qu-il-pouvait-faire-nicolas-bay-890827.html<\/p>\n<p>-&#8220;Il s&#8217;est livr\u00e9 \u00e0 un  \u00e9ni\u00e8me exercice d&#8217;autosatisfaction. C&#8217;est l&#8217;\u00e9chec du Parti socialiste et de tous les anciens ministres qui vont essayer, \u00e0 gauche comme \u00e0 droite, d&#8217;appara\u00eetre comme des hommes nouveaux. Dans les sondages, Fran\u00e7ois Fillon est aujourd&#8217;hui dans la situation dans laquelle Alain Jupp\u00e9 \u00e9tait il y a six mois&#8221; (face \u00e0 Guillaume Durand; son) :                                                              http:\/\/www.radioclassique.fr\/player\/progaction\/iniPlayer\/podcast\/2016-12-02-07-47-00.html<\/p>\n<p>-&#8220;Je me r\u00e9jouis que nous n&#8217;assistions pas au spectacle d&#8217;un Pr\u00e9sident dans la primaire d&#8217;un parti politique&#8221; (Florian Philippot, vice-pr\u00e9sident du FN; interrog\u00e9 par Audrey Cr\u00e9po-Mara; vid\u00e9o) : http:\/\/www.lci.fr\/replay\/replay-l-invite-politique-du-2-decembre-2016-florian-philippot-2015434.html<\/p>\n<p>-&#8220;Je vais avoir contre moi les doublures mais bien souvent elles ont les d\u00e9fauts des premiers r\u00f4les&#8221; (Marine Le Pen; vid\u00e9o) :    http:\/\/www.francetvinfo.fr\/politique\/ps\/primaire-a-gauche\/les-politiques-reagissent-apres-l-annonce-de-francois-hollande_1949993.html                                                                                                                          <\/p>\n<p>-Les r\u00e9actions \u00e0 chaud d&#8217;\u00e9ditorialistes et de journalistes (vid\u00e9o) : http:\/\/www.bfmtv.com\/mediaplayer\/video\/francois-hollande-ne-sera-pas-candidat-a-l-election-presidentielle-55-890849.html<\/p>\n<p>-&#8220;Il pensait que la croissance allait venir de toute fa\u00e7on&#8221; (l&#8217;\u00e9conomiste Philippe Aghion; face \u00e0 Nicolas Pierron; vid\u00e9o) :                                                                                                         http:\/\/www.dailymotion.com\/video\/x547r59_francois-hollande-pensait-que-la-croissance-allait-venir-de-toutes-facon-philippe-aghion-02-12-2016_news<\/p>\n<p>-&#8220;Il aura tout rat\u00e9. Il faudra des ann\u00e9es avant que la gauche ne revive&#8221; (Luc Ferry et Philippe Tesson; vid\u00e9o) :                                                                                                                           http:\/\/www.dailymotion.com\/video\/x547rsp_il-faudra-des-annees-avant-que-la-gauche-ne-revive-philippe-tesson-02-12-2016_news<\/p>\n<p>-&#8220;Je l&#8217;ai trouv\u00e9 \u00e9mouvant et juste. J&#8217;\u00e9tais soulag\u00e9 pour la gauche et pour la France. La politique est passionnante&#8221; (le philosophe Andr\u00e9 Comte-Sponville, interrog\u00e9 par Audrey Crespo-Mara; vid\u00e9o) : http:\/\/www.lci.fr\/replay\/replay-audrey-crespo-mara-recoit-le-philosophe-andre-comte-sponville-2015440.html<\/p>\n<p><strong>-&#8220;Une entr\u00e9e dans l&#8217;histoire en sortant de la course politique&#8221; (Guillaume Erner recevait Marc Lazar, professeur \u00e0 Sciences Po; son) : <\/strong> https:\/\/www.franceculture.fr\/emissions\/linvite-des-matins\/francois-hollande-une-entree-dans-lhistoire-en-sortant-de-la-course#xtor<\/p>\n<p>-&#8220;Hollande ferme la porte pour ouvrir le jeu&#8221; (Jonathan Bouchet-Petersen) :                                                                                                                                                                                         http:\/\/www.liberation.fr\/france\/2016\/12\/01\/hollande-ferme-la-porte-pour-ouvrir-le-jeu_1532353?xtor<\/p>\n<p>-&#8220;L&#8217;aveu d&#8217;\u00e9chec&#8221; (Patrick Apel-Muller de &#8220;l&#8217;Humanit\u00e9&#8221;) : http:\/\/www.humanite.fr\/francois-hollande-renonce-laveu-dechec-627680<\/p>\n<p>-&#8220;El\u00e9gance&#8221; (Laurent Joffrin de &#8220;Lib\u00e9ration&#8221;) : http:\/\/www.liberation.fr\/france\/2016\/12\/01\/elegance_1532374?xtor<\/p>\n<p>-&#8220;Le Pr\u00e9sident qui ne l&#8217;\u00e9tait pas&#8221; (Alexis Br\u00e9zet du &#8220;Figaro&#8221;) : http:\/\/www.lefigaro.fr\/vox\/politique\/2016\/12\/02\/31001-20161202ARTFIG00001-editorial-le-president-qui-ne-l-etait-pas.php<\/p>\n<p>-&#8220;Sans Hollande&#8221; (Thomas Legrand; son) : https:\/\/www.franceinter.fr\/emissions\/l-edito-politique\/l-edito-politique-02-decembre-2016<\/p>\n<p><strong>-&#8220;Le renoncement politique qui rebat les cartes&#8221; (C\u00e9cile Amar de &#8220;l&#8217;Obs&#8221; et Christophe Barbier; vid\u00e9o) <\/strong> : http:\/\/www.francetvinfo.fr\/politique\/francois-hollande\/francois-hollande-le-renoncement-qui-rebat-les-cartes-de-la-presidentielle_1950403.html<\/p>\n<p>-&#8220;Ce n&#8217;est pas un renoncement, c&#8217;est un emp\u00eachement. Fran\u00e7ois Hollande pleurait plus sur lui-m\u00eame que sur le champ de ruines qu&#8217;il laisse. Si son bilan \u00e9tait aussi bon qu&#8217;il ne  l&#8217;a dit, il l&#8217;aurait emport\u00e9 haut la main \u00e0 la pr\u00e9sidentielle&#8221; (Guillaume Tabard du &#8220;Figaro&#8221;; son) : http:\/\/www.radioclassique.fr\/player\/progaction\/initPlayer\/podcast\/2016-12-02-08-13-00.html<\/p>\n<p>-&#8220;Il est emp\u00each\u00e9. Tout ce qu&#8217;il a entrepris, il l&#8217;a rat\u00e9. Il a perdu toute l\u00e9gitimit\u00e9 depuis longtemps&#8221; (Yves Thr\u00e9ard; vid\u00e9o) :                                                                                                                      http:\/\/www.europe1.fr\/emissions\/ledito-politique-dyves-threard\/francois-hollande-un-president-empeche-2916641     <\/p>\n<p>-&#8220;Quelles cons\u00e9quences pour les autres candidats ?&#8221; (Eric Mandonnet, du service politique de &#8220;l&#8217;Express&#8221;; vid\u00e9o, amener le curseur sur 2:14; vid\u00e9o) :                                                                     http:\/\/rmc.bfmtv.com\/mediaplayer\/video\/qg-bourdin-2017-francois-hollande-renonce-quelles-consequences-pour-les-autres-candidats-0212-890877.html<\/p>\n<p><em>-Qu&#8217;en pensent les Fran\u00e7ais ? (HARRIS) : http:\/\/harris-<\/em>interactive.fr\/opinion_polls\/la-non-candidature-de-francois-hollande-a-lelection-presidentielle-de-2017\/<\/p>\n<p>-&#8220;82% des Fran\u00e7ais approuvent son choix&#8221; (Jean-Daniel L\u00e9vy, directeur de l&#8217;institut; vid\u00e9o) :                                                                                                                                                                 http:\/\/rmc.bfmtv.com\/mediaplayer\/video\/renoncement-de-francois-hollande-82percent-des-francais-approuvent-son-choix-de-ne-pas-se-representer-890855.html<\/p>\n<p>-&#8220;Dans les coulisses d&#8217;une d\u00e9cision historique&#8221; (Les &#8220;Echos&#8221; et Sophie Brunn pour &#8220;FranceTVinfo&#8221;) :                                                                                                                                                                http:\/\/www.lesechos.fr\/elections\/presidentielle-2017\/0211555346401-francois-hollande-dans-les-coulisses-dune-decision-historique-2047531.php#xtor                                                                      http:\/\/www.francetvinfo.fr\/politique\/francois-hollande\/presidentielle-dans-les-coulisses-de-la-decision-de-francois-hollande_1948795.html#xtor<\/p>\n<p><strong>-G\u00e9rard Davet et Fabrice Lhomme, les deux journalistes auteurs de &#8220;Un Pr\u00e9sident ne devrait pas dire \u00e7a&#8221;, \u00e9taient les invit\u00e9s de Jean-Jacques Bourdin (vid\u00e9o) :  <\/strong>                                         http:\/\/www.bfmtv.com\/mediaplayer\/video\/gerard-davet-et-fabrice-lhomme-face-a-jean-jacques-bourdin-en-direct-890923.html<\/p>\n<p>-Une auditrice les accuse &#8220;d&#8217;avoir cr\u00e9er du d\u00e9sordre&#8221; avec leur livre (son) :                                                                                                                                                                                                      http:\/\/rmc.bfmtv.com\/mediaplayer\/video\/renoncement-de-hollande-davet-et-lhomme-repondent-a-une-auditrice-qui-les-accusent-d-avoir-cree-du-desordre-avec-leur-livre-890889.html<\/p>\n<p><strong>-&#8220;Jamais sans doute un pr\u00e9sident aura \u00e9t\u00e9 si peu capable de parler aux Fran\u00e7ais&#8221; (Ils \u00e9taient aussi les invit\u00e9s du &#8220;13 heures&#8221; de France 2 (vid\u00e9o) :  <\/strong> http:\/\/www.francetvinfo.fr\/politique\/ps\/primaire-socialiste\/renoncement-de-francois-hollande-les-journalistes-du-monde-fabrice-lhomme-et-gerard-davet-surpris_1949939.html<\/p>\n<p><strong>-Fran\u00e7ois Fillon, &#8220;les coulisses d&#8217;une victoire&#8221; (&#8220;Envoy\u00e9 sp\u00e9cial&#8221;; vid\u00e9o) :     <\/strong>                                                                                                                                                                                          http:\/\/www.francetvinfo.fr\/replay-magazine\/france-2\/envoye-special\/envoye-special-du-jeudi-1-decembre-2016_1937363.html#xtor<\/p>\n<p>-&#8220;Il pense que le salut s&#8217;acquiert par la souffrance (Henry Guaino, d\u00e9put\u00e9 LR des Yvelines; vid\u00e9o) :  http:\/\/www.publicsenat.fr\/node\/1585174<\/p>\n<p><strong>-L&#8217;\u00e9mission int\u00e9grale <\/strong> : http:\/\/replay.publicsenat.fr\/vod\/deshabillons-less\/henri-guaino-les-indignations-d-un-gaulliste\/helene-risser,jerome-sainte-marie,jean-pierre-winter,mich\/223764<\/p>\n<p><em>-L&#8217;observatoire de la politique nationale (BVA)<\/em> :http:\/\/www.bva.fr\/fr\/sondages\/observatoire_de_la_politique_nationale\/observatoire_de_la_politique_nationale_-_novembre_2016.html<\/p>\n<p><em>-Le barom\u00e8tre de l&#8217;\u00e9conomie (ODOXA) :<\/em> http:\/\/www.odoxa.fr\/baro-eco-les-mesures-economiques-de-fillon-creent-un-puissant-clivage-gauche-droite\/<\/p>\n<p><strong>EUROPE-MONDE<\/strong><\/p>\n<p>-Bruxelles propose un taux de TVA r\u00e9duit pour les e-books (Catherine Stupp) :                                                                                                                                                                                         http:\/\/www.euractiv.fr\/section\/euro-finances\/news\/under-pressure-from-national-governments-commission-will-allow-lower-vat-rates-for-e-books\/?nl_ref=26177656<\/p>\n<p><strong>-La Commission europ\u00e9enne met un coup d&#8217;arr\u00eat aux biocarburants (Sarantis Michalopoulos) :     <\/strong>                                                                                                                                      http:\/\/www.euractiv.fr\/section\/agriculture-alimentation\/news\/commission-under-fire-over-post-2020-biofuels-targets\/?nl_ref=26177656<\/p>\n<p>-&#8220;Pour une strat\u00e9gie nucl\u00e9aire europ\u00e9enne&#8221; (Laurence Daziano, ma\u00eetre de conf\u00e9rences \u00e0 Sciences Po, membre de &#8220;la Fondation pour l&#8217;innovation politique&#8221; dont le directeur est Dominique Reyni\u00e9, candidat LR aux derni\u00e8res \u00e9lections r\u00e9gionales) : http:\/\/www.euractiv.fr\/section\/energie\/opinion\/pour-une-strategie-nucleaire-europeenne\/?nl_ref=26177656<\/p>\n<p>-Pour la premi\u00e8re fois depuis 2011, &#8220;le ch\u00f4mage sous la barre des 10% dans la zone euro&#8221; :                                                                                                                                                            http:\/\/www.francetvinfo.fr\/economie\/emploi\/chomage\/le-taux-de-chomage-dans-la-zone-euro-passe-sous-la-barre-des-10-pour-la-premiere-fois-depuis-cinq-ans-et-demi_1947923.html#xtor<\/p>\n<p><strong>-Les femmes occupent le podium des personnalit\u00e9s les plus influentes du Brexit (Matthew Tempest) : <\/strong>                                                                                                                                                  http:\/\/www.euractiv.fr\/section\/royaume-uni-en-europe\/news\/women-top-euractivs-power-list-of-top-50-brexit-influencers\/?nl_ref=26177656<\/p>\n<p><strong>-Pour 27 % des Europ\u00e9ens, le viol serait&#8221; acceptable&#8221; \u00e0 certaines conditions :<\/strong>                                                                                                                                                                          http:\/\/www.francetvinfo.fr\/societe\/droits-des-femmes\/le-viol-juge-acceptable-a-certaines-conditions-pour-27-des-europeens-selon-un-sondage_1946553.html#xtor<\/p>\n<p>-&#8220;Si le non l&#8217;emporte en Italie, le premier ministre Matteo Renzi  a annonc\u00e9 qu&#8217;il d\u00e9missionnerait et on s&#8217;attend \u00e0 une \u00e9ventuelle panique sur les march\u00e9s financiers&#8221; (l&#8217;\u00e9conomiste Christopher Dembik de la Saxo Bank qui rejoue une partition connue chaque fois qu&#8217;un r\u00e9f\u00e9rendum est organis\u00e9 ! Shana Loustau; vid\u00e9o) :                                                                                                                                        http:\/\/www.francetvinfo.fr\/monde\/italie\/video-referendum-italien-panique-sur-le-marche-financier-si-le-non-l-emporte-selon-l-economiste-christopher-dembik_1949623.html<\/p>\n<p><strong>-&#8220;En Islande, les banquiers voyous ont leur prison&#8221; (Jean-Baptiste Chastand) :  <\/strong> http:\/\/www.lemonde.fr\/m-le-mag\/article\/2016\/12\/02\/en-islande-les-banquiers-voyous-ont-leur-prison_5041888_4500055.html<\/p>\n<p>-&#8220;Comment les millions de Cristiano Ronaldo sont pass\u00e9s par Gen\u00e8ve&#8221; (S\u00e9bastien Ruche) : https:\/\/www.letemps.ch\/economie\/2016\/12\/02\/millions-cristiano-ronaldo-passes-geneve?utm_source<\/p>\n<p>-Le groupe russe Gazprom obtient un meilleur acc\u00e8s au gazoduc allemand Opal (Fr\u00e9d\u00e9ric Simon) :                                                                                                                                                   http:\/\/www.euractiv.fr\/section\/energie\/news\/gazprom-gets-greater-access-to-germanys-opal-gas-pipeline\/?nl_ref=26177656<\/p>\n<p><strong>-Les bombardements d&#8217;Alep film\u00e9s de l&#8217;int\u00e9rieur (&#8220;Envoy\u00e9 sp\u00e9cial&#8221;; vid\u00e9o) : <\/strong> http:\/\/www.francetvinfo.fr\/monde\/revolte-en-syrie\/video-les-bombardements-d-alep-filmes-de-l-interieur_1948469.html<\/p>\n<p><strong>-Un orphelinat souterrain (vid\u00e9o) :     <\/strong>                                                      http:\/\/www.francetvinfo.fr\/monde\/revolte-en-syrie\/video-a-alep-un-orphelinat-souterrain_1949289.html<\/p>\n<p>&#8211;<strong>Au S\u00e9n\u00e9gal, la plus grande centrale solaire d&#8217;Afrique de l&#8217;Ouest (vid\u00e9o) :<\/strong>                                                                                                                                                                               http:\/\/www.francetvinfo.fr\/monde\/senegal\/senegal-la-plus-grande-centrale-solaire-d-afrique-de-l-ouest_1946953.html#xtor<\/p>\n<p>-&#8220;Combats de coqs, passion secr\u00e8te des Cubains&#8221; (Juliette Branciard) :<br \/>\nhttp:\/\/www.lemonde.fr\/m-actu\/article\/2016\/12\/02\/combats-de-coqs-passion-clandestine-des-cubains_5042371_4497186.html<\/p>\n<p><strong>-En direct de Port-au Prince avec Patrick Cohen et ses invit\u00e9s (son) :    <\/strong>          https:\/\/www.franceinter.fr\/emissions\/interactiv\/interactiv-02-decembre-2016<\/p>\n<p><strong>-&#8220;Ha\u00efti, l&#8217;oubli\u00e9e du bonheur&#8221; (Bernard Guetta; son) : <\/strong>                                   https:\/\/www.franceinter.fr\/emissions\/geopolitique\/geopolitique-02-decembre-2016<\/p>\n<p><strong>CULTURE-MEDIAS<\/strong><\/p>\n<p>-Si le coeur vous en dit ce week-end \u00e0 Paris :  http:\/\/www.telerama.fr\/sortir\/nos-idees-de-sorties-pour-se-rechauffer-le-week-end-du-3-decembre,150875.php#xtor<\/p>\n<p><strong>-&#8220;Ma sculpture est destin\u00e9e au public, je n&#8217;oublie jamais \u00e7a&#8221; (Ousmane Sow; entretien r\u00e9alis\u00e9 \u00e0 Dakar en 1999; Olivier Cena) : <\/strong>                                                                                                         http:\/\/www.telerama.fr\/scenes\/a-dakar-avec-ousmane-sow-ma-sculpture-est-destinee-au-public-je-n-oublie-jamais-ca,150889.php#xtor<\/p>\n<p><strong>-&#8220;Mes profs ont \u00e9t\u00e9 des passeurs merveilleux. Si j&#8217;\u00e9tais un lieu, je serais un espace culturel comme le &#8220;Centquatre&#8221; (Rachida Brakni; propos recueillis par Emmanuel Tellier) : <\/strong>                        http:\/\/www.telerama.fr\/etats-genereux\/rachida-brakni-mes-profs-ont-ete-des-passeurs-merveilleux,150881.php#xtor<\/p>\n<p><strong>-Jusqu&#8217;au 6 d\u00e9cembre, revoir &#8220;Tom \u00e0 la ferme&#8221;, un thriller sentimental de Xavier Dolan <\/strong> :  http:\/\/television.telerama.fr\/television\/regardez-tom-a-la-ferme-en-replay,150882.php#xtor                                            http:\/\/www.arte.tv\/guide\/fr\/056799-000-A\/tom-a-la-ferme           <\/p>\n<p>-La bande-annonce du film que Thierry Fr\u00e9maux consacre aux fr\u00e8res Lumi\u00e8re :                                                                                                                                                                                     http:\/\/www.telerama.fr\/cinema\/a-voir-sur-telerama-fr-la-bande-annonce-du-doc-de-thierry-fremaux-sur-les-freres-lumiere,150871.php#xtor    <\/p>\n<p>-Fran\u00e7ois Ruffin, r\u00e9alisateur du film &#8220;Merci Patron&#8221;, candidat aux \u00e9lections l\u00e9gislative dans la Somme ? :    http:\/\/culturebox.francetvinfo.fr\/cinema\/francois-ruffin-l-auteur-de-merci-patron-en-piste-pour-les-legislatives-249623#xtor                                                                            <\/p>\n<p>-&#8220;La Manif pour Tous&#8221; demande l&#8217;interdiction du dessin anim\u00e9 &#8220;Sausage Party&#8221; de Greg Tiernan et Conrad Vernon  (J\u00e9r\u00e9mie Couston; vid\u00e9o) :                                                                                    http:\/\/www.telerama.fr\/cinema\/sausage-party-comment-la-manif-pour-tous-fait-tout-un-plat-avec-une-saucisse,150892.php#xtor<\/p>\n<p><strong>-Une nouvelle formule pour la revue &#8220;Bref&#8221; qui, depuis des ann\u00e9es, d\u00e9fend le court-m\u00e9trage (Fran\u00e7ois Ekchajzer) : <\/strong>                                                                                                                                     http:\/\/television.telerama.fr\/television\/la-revue-bref-de-longues-annees-a-defendre-le-format-court,150688.php#xtor<\/p>\n<p><strong>-La BD Jeunesse au Salon du livre et de la presse de jeunesse de Montreuil (Laurence Houot) :<\/strong> http:\/\/culturebox.francetvinfo.fr\/livres\/jeunesse\/salon-de-montreuil-la-bd-est-elle-un-genre-litteraire-comme-les-autres-249637#xtor<\/p>\n<p>-Pour se refaire une sant\u00e9, le domaine de Vaux-le Vicomte (77) fait appel au m\u00e9c\u00e9nat, notamment populaire (Capucine Madelaine) :                                                                                                   http:\/\/www.telerama.fr\/scenes\/vaux-le-vicomte-en-travaux-objectif-mecenat,150880.php#xtor   <\/p>\n<p>-Jusqu&#8217;au 17 d\u00e9cembre, le photographe-dessinateur Marcel Bascoulard, un &#8220;Unique en son genre&#8221; de l&#8217;exposition \u00e0 visiter \u00e0 la Galerie Christophe Gaillard \u00e0 Paris (Fr\u00e9d\u00e9rique Chapuis) :                    http:\/\/www.telerama.fr\/sortir\/le-destin-chaotique-de-marcel-bascoulard-artiste-clochard-deguise-en-femme,150872.php#xtor                                                                                                          <\/p>\n<p>-Fishbach secoue &#8220;les Trans Musicales&#8221; de Rennes (Val\u00e9rie Lehoux) : http:\/\/www.telerama.fr\/musique\/fishbach-secoue-les-trans-musicales,150873.php#xtor<\/p>\n<p><strong>-Y passer une nuit (Pierre-Yves Grenu; vid\u00e9os) : <\/strong> http:\/\/culturebox.francetvinfo.fr\/trans-musicales-de-rennes\/notre-nuit-aux-trans-musicales-2016-249629#xtor<\/p>\n<p><strong>-&#8220;B\u00e9ton mouill\u00e9&#8221; (vid\u00e9o)<\/strong> : https:\/\/www.youtube.com\/watch?v=2G0nAtU72HM           <\/p>\n<p>-Avec Fran\u00e7ois Gorin, retrouver les &#8220;Stray Cats&#8221; (son) :      http:\/\/www.telerama.fr\/musique\/stray-cats-la-griffe-du-passe,150878.php#xtor  <\/p>\n<p>-&#8220;Charlie Hebdo&#8221; d\u00e9clin\u00e9 en Allemagne (Minka Schneider, la r\u00e9dactrice en chef de la version allemande; propos recueillis par J\u00e9r\u00e9mie Maire) :                                                                                        http:\/\/www.telerama.fr\/medias\/charlie-hebdo-decline-en-allemagne-ca-reste-l-humour-charlie,150895.php#xtor<\/p>\n<p><strong>-&#8220;Premye Okazion&#8221;, la matinale qui r\u00e9veille Ha\u00efti en musique (Rebecca Manzoni; vid\u00e9o) <\/strong>  : https:\/\/www.franceinter.fr\/emissions\/pop-co\/pop-co-02-decembre-2016<\/p>\n<p>-&#8220;Quatre dr\u00f4les de dames \u00e0 la t\u00e9l\u00e9 britannique (S\u00e9bastien Mauge) : http:\/\/www.telerama.fr\/series-tv\/les-quatre-droles-de-dames-de-la-tele-british,150683.php#xtor<\/p>\n<p><strong>-&#8220;Le T\u00e9l\u00e9thon, c&#8217;est un \u00e9v\u00e8nement qui cr\u00e9e du lien social&#8221; (Sophie Davant, Nagui et Garou; son) :    <\/strong>                                                                                                                                                              http:\/\/www.europe1.fr\/emissions\/l-invite-medias\/le-telethon-au-dela-dune-emission-de-television-cest-un-evenement-qui-cree-du-lien-social-2916971<\/p>\n<p>-La saison 2 de &#8220;Murder&#8221; a commenc\u00e9 sur M6. Son interpr\u00e8te Jack Falahee reconnait &#8220;qu&#8217;il ment tout le temps&#8221; (propos recueillis par Pierre Langlais; vid\u00e9o)  :                                                                 http:\/\/www.telerama.fr\/series-tv\/jack-falahee-je-mens-tout-le-temps-et-je-ne-vois-pas-ce-qu-il-y-a-de-mal-a-ca,150363.php#xtor<\/p>\n<p>-&#8220;La motion de d\u00e9fiance \u00e0 mon \u00e9gard a \u00e9t\u00e9 difficile \u00e0 vivre personnellement&#8221; (Michel Field, face \u00e0 Thomas Joubert; vid\u00e9o) :                                                                                                             http:\/\/www.europe1.fr\/emissions\/l-invite-medias\/michel-field-la-motion-de-defiance-a-mon-egard-a-ete-difficile-a-vivre-personnellement-2915915<\/p>\n<p><em>-Les Fran\u00e7ais et l&#8217;esprit critique (OPINION-WAY)<\/em> : http:\/\/www.opinion-way.com\/pdf\/opinionway_pour_tedxchampselyseessalon_-_les_francais_et_l_esprit_critique_-_novembre_2016.pdf<\/p>\n<p><em>-Ce qu&#8217;ils pensent des r\u00e9seaux sociaux (VIAVOICE) <\/em> : http:\/\/www.institut-viavoice.com\/viavoice-paris\/publications\/sondages-publies\/542-francais-et-reseaux-sociaux-le-grand-desenchantement<\/p>\n<p>-L&#8217;adh\u00e9sion des Balkans \u00e0 l&#8217;Union europ\u00e9enne caricatur\u00e9e : http:\/\/www.euractiv.fr\/section\/l-europe-dans-le-monde\/news\/cartoon-a-setback-for-balkan-accession\/?nl_ref=26177656<\/p>\n<p>-&#8220;\u00c7a me fait marrer&#8221; (Fran\u00e7ois Fillon se d\u00e9couvrant travesti en Margaret Thatcher en &#8220;une&#8221; de &#8220;Lib\u00e9ration&#8221; (vid\u00e9o) :                                                                                                                          http:\/\/www.francetvinfo.fr\/politique\/les-republicains\/primaire-de-la-droite\/video-quand-francois-fillon-se-marre-en-se-voyant-travesti-en-margaret-thatcher_1948253.html<\/p>\n<p>-Les 4Q de &#8220;Quotidien&#8221; de Yann Barthes, avec Jean-Luc M\u00e9lenchon (vid\u00e9o) : http:\/\/www.tf1.fr\/tmc\/quotidien-avec-yann-barthes\/videos\/4q-on-baba.html<\/p>\n<p>-Les interviews politiques de Haroun (vid\u00e9o) :                                             http:\/\/www.lci.fr\/insolite\/video-haroun-l-humoriste-qui-casse-la-tele-ses-interviews-politiques-valent-le-detour-nement-2015594.html%3Ftype=content<\/p>\n<p><strong>-&#8220;Fran\u00e7ois, si tu reviens, j&#8217;annule tout&#8221; (Charline Vanhoenacker; vid\u00e9o) :<\/strong>         https:\/\/www.franceinter.fr\/emissions\/le-billet-de-charline-vanhoenacker\/le-billet-de-charline-vanhoenacker-02-decembre-2016<\/p>\n<p><strong>-&#8220;Uchronie&#8221; (Fran\u00e7ois Morel; vid\u00e9o) : <\/strong> http:\/\/www.dailymotion.com\/video\/x547c6m_uchronie-le-billet-de-francois-morel_fun<\/p>\n","protected":false},"excerpt":{"rendered":"<p>ACTUALITE -&#8220;L&#8217;ISF a tu\u00e9 plus de 5 000 entreprises de tailles interm\u00e9diaires&#8221;. Mettre un terme au monopole syndical lors des \u00e9lections professionnelles &#8220;est une bonne chose&#8221;. &#8220;L&#8217;engagement syndical est tr\u00e8s stigmatisant&#8221; (Thibault Lanxade, vice-pr\u00e9sident du Medef; interrog\u00e9 par Olivier Harmant; vid\u00e9os) : http:\/\/www.lesechos.fr\/economie-france\/social\/0211551228410-lisf-a-tue-plus-de-5000-entreprises-de-tailles-intermediaires-selon-thibault-lanxade-medef-2047216.php -Plus de 140 000 personnes sont sans abri en France. Un reportage [&hellip;]<\/p>\n","protected":false},"author":1042,"featured_media":0,"comment_status":"open","ping_status":"open","sticky":false,"template":"","format":"standard","meta":{"_themeisle_gutenberg_block_has_review":false,"footnotes":""},"categories":[151],"tags":[],"class_list":["post-10055","post","type-post","status-publish","format-standard","hentry","category-la-revue-de-presse-de-lulu"],"_links":{"self":[{"href":"https:\/\/archives.regards.fr\/index.php?rest_route=\/wp\/v2\/posts\/10055","targetHints":{"allow":["GET"]}}],"collection":[{"href":"https:\/\/archives.regards.fr\/index.php?rest_route=\/wp\/v2\/posts"}],"about":[{"href":"https:\/\/archives.regards.fr\/index.php?rest_route=\/wp\/v2\/types\/post"}],"author":[{"embeddable":true,"href":"https:\/\/archives.regards.fr\/index.php?rest_route=\/wp\/v2\/users\/1042"}],"replies":[{"embeddable":true,"href":"https:\/\/archives.regards.fr\/index.php?rest_route=%2Fwp%2Fv2%2Fcomments&post=10055"}],"version-history":[{"count":0,"href":"https:\/\/archives.regards.fr\/index.php?rest_route=\/wp\/v2\/posts\/10055\/revisions"}],"wp:attachment":[{"href":"https:\/\/archives.regards.fr\/index.php?rest_route=%2Fwp%2Fv2%2Fmedia&parent=10055"}],"wp:term":[{"taxonomy":"category","embeddable":true,"href":"https:\/\/archives.regards.fr\/index.php?rest_route=%2Fwp%2Fv2%2Fcategories&post=10055"},{"taxonomy":"post_tag","embeddable":true,"href":"https:\/\/archives.regards.fr\/index.php?rest_route=%2Fwp%2Fv2%2Ftags&post=10055"}],"curies":[{"name":"wp","href":"https:\/\/api.w.org\/{rel}","templated":true}]}}