{"id":10051,"date":"2016-12-02T07:14:41","date_gmt":"2016-12-02T06:14:41","guid":{"rendered":"https:\/\/wp.muchomaas.com\/article-la-revue-du-2-decembre-2016\/"},"modified":"2023-06-23T23:23:37","modified_gmt":"2023-06-23T21:23:37","slug":"article-la-revue-du-2-decembre-2016","status":"publish","type":"post","link":"https:\/\/archives.regards.fr\/?p=10051","title":{"rendered":"La Revue du 2 d\u00e9cembre 2016"},"content":{"rendered":"<strong>ACTUALITE<\/strong>\n\n-&#8220;Fran\u00e7ois Hollande fait partie de l&#8217;orthodoxie lib\u00e9rale&#8221; (Jean-Claude Mailly, secr\u00e9taire de FO; interrog\u00e9 par Nicolas Pierron; vid\u00e9o) :                                                                           http:\/\/www.dailymotion.com\/video\/x544dw4_francois-hollande-fait-partie-de-l-orthodoxie-liberale-jean-claude-mailly-01-12-2016_news\n\n-&#8220;Le programme \u00e9conomique de Fran\u00e7ois Fillon est tr\u00e8s lib\u00e9ral&#8221; (interrog\u00e9 par Fr\u00e9d\u00e9ric Rivi\u00e8re; vid\u00e9o) : http:\/\/www.rfi.fr\/video\/20161130-jean-claude-mailly-le-programme-economique-francois-fillon-est-projet-tres-liberal\n\n-&#8220;Il est inqui\u00e9tant. Le FN s&#8217;ancre l\u00e0 o\u00f9 les citoyens se sentent abandonn\u00e9s par le service public&#8221; (Laurent Berger, secr\u00e9taire de la CFDT, qui d\u00e9fend l&#8217;article 67 de la loi Travail sur les licenciements collectifs; interrog\u00e9 par Elizabeth Martichoux; vid\u00e9o) : http:\/\/www.rtl.fr\/actu\/politique\/licenciements-economiques-a-ne-change-rien-pour-les-salaries-dit-la-cfdt-7786066217\n\n<strong>-&#8220;Des enfants meurent de maltraitances&#8221; (Me Marie Grimaud, avocate de l&#8217;association &#8220;Innocence en danger&#8221;; interrog\u00e9e par Dimitri Pavlenko; son) :    <\/strong>                                                                  http:\/\/www.sudradio.fr\/Podcasts\/L-invite-pour-comprendre\/Maitre-Marie-Grimaud-avocat-de-l-association-Innocence-en-danger\n\n-Avec les perturbateurs endocriniens, nous sommes pris au pi\u00e8ge d&#8217;une soupe chimique&#8221; (St\u00e9phane Horel; propos recueillis par Virginie F\u00e9lix) :                                                                                  http:\/\/www.telerama.fr\/monde\/stephane-horel-avec-les-perturbateurs-endocriniens-nous-sommes-pris-au-piege-d-une-soupe-chimique,150856.php#xtor\n\n<strong>-&#8220;Les effets des perturbateurs endocriniens ont \u00e9t\u00e9 prouv\u00e9s&#8221;  (Marie-Monique Robin, invit\u00e9e de L\u00e9a Salam\u00e9 (vid\u00e9o) :     <\/strong>                                                                                                                           https:\/\/mobile.twitter.com\/franceinter\/status\/804234657780748288\/video\/1\n\n<strong>-&#8220;Nos abeilles en danger&#8221; au &#8220;T\u00e9l\u00e9phone sonne&#8221; de France Inter, pr\u00e9sent\u00e9 par Nicolas Demorand (son) :<\/strong>                                                                                                                                      https:\/\/www.franceinter.fr\/emissions\/le-telephone-sonne\/le-telephone-sonne-01-decembre-2016\n\n-&#8220;En France, le sida reste une maladie discriminante&#8221; (Jean-Fran\u00e7ois Delfraissy, directeur de l&#8217;Agence nationale de recherche sur le sida; interrog\u00e9 par St\u00e9phane Leneuf; son) :               https:\/\/www.franceinter.fr\/emissions\/l-invite-du-5-7\/l-invite-du-5-7-01-decembre-2016\n\n-&#8220;La garantie 30 minutes de la SNCF&#8221; (Christian Broucaret de la FNAUT Aquitaine; son) :                                                                                                                                                                        http:\/\/www.sudradio.fr\/Podcasts\/L-invite-pour-comprendre\/Christian-Broucaret-President-de-la-FNAUT-Aquitaine\n\n-&#8220;L&#8217;absent\u00e9isme en forte hausse chez les fonctionnaires territoriaux&#8221; (Fran\u00e7ois Lenglet; vid\u00e9o) :                                                                                                                                                                       http:\/\/www.rtl.fr\/actu\/societe-faits-divers\/l-absenteisme-en-forte-hausse-chez-les-fonctionnaires-territoriaux-7786065940\n\n-&#8220;Il ne faut pas r\u00e9tablir le jour de carence&#8221; (Marylise Lebranchu, ancienne ministre de la Fonction publique; vid\u00e9o) :                                                                                                                   http:\/\/rmc.bfmtv.com\/mediaplayer\/video\/faut-il-retablir-le-jour-de-carence-des-fonctionnaires-non-repond-l-ancienne-ministre-de-la-fonction-publique-890505.html                                                              \n\n-Elargir le d\u00e9lit d&#8217;entrave au num\u00e9rique, la Fondation J\u00e9r\u00f4me Lejeune s&#8217;y oppose (son pr\u00e9sident Jean-Marie M\u00e9n\u00e9, face \u00e0 Dimitri Pavlenko; son) :                                                                            http:\/\/www.sudradio.fr\/Podcasts\/L-invite-pour-comprendre\/Jean-Marie-Le-Mene-president-de-la-Fondation-Jerome-Lejeune\n\n-&#8220;La libert\u00e9 d&#8217;expression n&#8217;inclut pas le mensonge&#8221; (la ministre Laurence Rossignol, invit\u00e9e de la matinale de Franceinfo; vid\u00e9o) :                                                                                                       http:\/\/www.francetvinfo.fr\/replay-radio\/8h30-aphatie\/ivg-pour-laurence-rossignol-la-liberte-dexpression-ninclut-pas-le-droit-au-mensonge_1937403.html\n\n-L&#8217;Assembl\u00e9e nationale a adopt\u00e9 la proposition :                                                                                                                                                                                                                                                 http:\/\/www.lemonde.fr\/politique\/article\/2016\/12\/01\/delit-d-entrave-a-l-ivg-retailleau-votera-contre-un-texte-contraire-a-la-liberte-d-expression_5041419_823448.html\n\n<strong>-Retrouver les migrants dans un centre d&#8217;accueil (un reportage de Steven Boyer; son) :<\/strong> http:\/\/www.sudradio.fr\/Podcasts\/Les-reportages-de-la-matinee\/Les-Migrants-dans-un-centre-d-accueil\n\n<strong>-Enrayer le suicide de jeunes Am\u00e9rindiens en Guyane fran\u00e7aise (Florence Sturm; sons) :      <\/strong>                                                                                                                                                                              https:\/\/www.franceculture.fr\/emissions\/le-choix-de-la-redaction\/comment-enrayer-le-suicide-des-jeunes-amerindiens-en-guyane#\n\n-&#8220;La part du religieux dans l&#8217;engagement djihadiste est ind\u00e9niable&#8221; (David Thomson, interrog\u00e9 par Fr\u00e9d\u00e9ric Rivi\u00e8re; vid\u00e9o) :                                                                                                                      http:\/\/www.rfi.fr\/video\/20161201-david-thomson-part-religiosite-engagement-jihadiste-est-indeniable\n\n<strong>-Dans &#8220;les Revenants&#8221;, il publie une s\u00e9rie d&#8217;entretiens avec des djihadistes rentr\u00e9s en France. David Thomson \u00e9tait l&#8217;invit\u00e9 de la matinale de France Inter. Il r\u00e9pondait aux questions de Marc Fauvelle (vid\u00e9o) :   <\/strong> http:\/\/www.dailymotion.com\/video\/x5449ye_david-thomson-repond-aux-questions-de-marc-fauvelle_news\n\n-Il a r\u00e9pondu aux questions des auditeurs (vid\u00e9o) : http:\/\/www.dailymotion.com\/video\/x544ebq_david-thomson-repond-aux-questions-des-auditeurs-de-france-inter_news\n\n<strong>-Le Vend\u00e9e Globe film\u00e9 par la Marine nationale (vid\u00e9o) :   <\/strong>                               https:\/\/www.dailymotion.com\/video\/x542qr7_incroyable-la-marine-nationale-nous-a-envoye-de-superbes-images-d-armel-le-cleac-h-et-d-alex-thomson_sport\n\n<strong>POLITIQUE<\/strong>\n\n<strong>-&#8220;J&#8217;ai d\u00e9cid\u00e9 de ne pas \u00eatre candidat \u00e0 l&#8217;\u00e9lection pr\u00e9sidentielle&#8221; (Fran\u00e7ois Hollande; vid\u00e9o) :        <\/strong>                                                                                                                                                               http:\/\/www.francetvinfo.fr\/politique\/francois-hollande\/j-ai-decide-de-ne-pas-etre-candidat-a-l-election-presidentielle-revivez-l-allocution-de-francois-hollande-en-integralite_1948633.html\n\n-Les r\u00e9actions : http:\/\/www.lesechos.fr\/elections\/presidentielle-2017\/0211553866219-en-direct-les-reactions-au-renoncement-de-hollande-2047299.php                                                                                     http:\/\/www.liberation.fr\/france\/2016\/12\/01\/hollande-valls-salue-le-choix-d-un-homme-d-etat_1532321\n\n-Celle de Jean-Luc M\u00e9lenchon, invit\u00e9 du &#8220;20 heures&#8221; de TF1 (vid\u00e9o, amener le curseur sur 19:27) :                                                                     http:\/\/www.tf1.fr\/tf1\/jt-20h\/videos\/20-heures-1-decembre-2016.html\n\n<em>-Son projet <\/em> : http:\/\/www.jlm2017.fr\/le_projet\n\n<strong>-Il r\u00e9pond aux questions des internautes (vid\u00e9o) : <\/strong>  https:\/\/www.youtube.com\/watch?v=GkPZ3sIhMPg&#038;feature=youtu.be\n\n<em>-Sa lettre aux communistes (document) : <\/em> http:\/\/www.reveilcommuniste.fr\/2016\/11\/lettre-de-jean-luc-melenchon-aux-militants-communistes.html\n\n-&#8220;Je tends la main aux \u00e9lecteurs socialistes&#8221; (dans la livraison de &#8220;l&#8217;Obs&#8221; de la semaine; extraits) :                                                                                   http:\/\/tempsreel.nouvelobs.com\/politique\/election-presidentielle-2017\/20161129.OBS1933\/jean-luc-melenchon-je-tends-la-main-aux-electeurs-socialistes.html\n\n-&#8220;Sa popularit\u00e9 le hisse sur la premi\u00e8re marche du podium&#8221; (Geoffroy Clavel) :         http:\/\/www.huffingtonpost.fr\/2016\/11\/30\/exclusif-la-popularite-de-jean-luc-melenchon-le-hisse-sur-la-1\/\n\n<strong>-&#8220;Cr\u00e9er une autre dynamique&#8221; (Patrick Le Hyaric; pi\u00e8ce jointe); <\/strong> \n\n-&#8220;Si M\u00e9lenchon pense qu&#8217;il est le meilleur, qu&#8217;il vienne \u00e0 la primaire, il la gagnera. Je ne con\u00e7ois pas une primaire de la gauche sans Hollande&#8221; (Beno\u00eet Hamon, d\u00e9put\u00e9 PS des Yvelines; invit\u00e9 de Caroline Roux; vid\u00e9o) : http:\/\/www.francetvinfo.fr\/politique\/ps\/primaire-a-gauche\/4-verites-primaire-si-melenchon-pense-etre-le-meilleur-qu-il-participe-et-il-gagnera-affirme-hamon_1947817.html\n\n-&#8220;Tr\u00e8s t\u00f4t dans le quinquennat, il (Montebourg) a vu que les choses n&#8217;allaient pas. Les Fran\u00e7ais veulent qu&#8217;on leur trace un chemin. Tout ce qui est assimil\u00e9 au PS est rejet\u00e9. Si Fran\u00e7ois Hollande ne passait pas par le primaire, cela ferait un peu r\u00e9publique banani\u00e8re&#8221;  (Fran\u00e7ois Kalfon, directeur de campagne d&#8217;Arnaud Montebourg; invit\u00e9 d&#8217;Audrey Crespo-Mara; vid\u00e9o) :                                                                    http:\/\/www.lci.fr\/replay\/replay-l-invite-politique-du-1er-decembre-2016-francois-kalfon-directeur-de-campagne-d-arnaud-montebourg-2015274.html\n\n-&#8220;Certain responsables de gauche ont comme pris acte d&#8217;une d\u00e9faite annonc\u00e9e&#8230;alors que la primaire de la droite montre que rien n&#8217;est jou\u00e9 d&#8217;avance&#8221; (Christophe Borgel, d\u00e9put\u00e9 PS de Haute-Garonne, pr\u00e9sident du Comit\u00e9 d&#8217;organisation de la primaire; face \u00e0 Olivier Harmant; vid\u00e9o) :                                                                                                                                                                               http:\/\/videos.lesechos.fr\/lesechos\/invite-des-echos\/la-gauche-eliminee-la-primaire-de-droite-a-demontre-que-rien-nest-joue-davance-repond-christophe-borgel\/8xmpf3\n\n-&#8220;Les \u00e9lecteurs seront au rendez-vous&#8221; (interrog\u00e9 par Francis Letellier; vid\u00e9o) : http:\/\/www.francetvinfo.fr\/politique\/ps\/primaire-socialiste\/primaire-de-la-gauche-les-electeurs-seront-au-rendez-vous-assure-christophe-borgel_1947813.html\n\n-&#8220;Fran\u00e7ois Hollande est tr\u00e8s impopulaire depuis plusieurs ann\u00e9es. S&#8217;il \u00e9tait un candidat de rassemblement, il n&#8217;y aurait pas besoin de primaire&#8221; (Fran\u00e7ois de Rugy, candidat \u00e9cologiste \u00e0 la primaire; invit\u00e9 de la matinale d&#8217;i-T\u00e9l\u00e9; vid\u00e9o) : http:\/\/www.itele.fr\/chroniques\/invite-michael-darmon\/linvite-de-michael-darmon-du-01122016-171813\n\n-Pierre Larrouturou (&#8220;Nouvelle donne&#8221;) annonce sa participation \u00e0 la primaire (son) :                                                                                                                                                                                                http:\/\/www.francetvinfo.fr\/politique\/ps\/primaire-a-gauche\/pierre-larrouturou-est-candidat-a-la-primaire-de-la-gauche_1947791.html\n\n-&#8220;Manuel Valls assumera le bilan de ce quinquennat&#8221; (Didier Guillaume, pr\u00e9sident du groupe PS au S\u00e9nat; face \u00e0 Guillaume Durand; vid\u00e9o) :                                                                             http:\/\/www.dailymotion.com\/video\/x540wft_manuel-valls-assumera-le-bilan-de-ce-quinquennat-didier-guillaume-30-11-2016_news\n\n-&#8220;La popularit\u00e9 de Macron t\u00e9moigne de l&#8217;app\u00e9tence pour un renouvellement politique. Les intentions de vote placent les socialistes en 5e position. Au deuxi\u00e8me tour, face \u00e0 Marine Le Pen, Fillon l&#8217;emporterait largement&#8221; (Yves-Marie Cann, de l&#8217;institut ELABE, interrog\u00e9 par Mich\u00e8le Warnet; vid\u00e9os) :                                                                                                                                                                      http:\/\/videos.lesechos.fr\/lesechos\/interviews\/la-popularite-de-macron-temoigne-de-lappetence-pour-un-renouvellement-politique\/8xp83q?xtor                                                                                  http:\/\/videos.lesechos.fr\/lesechos\/interviews\/les-intentions-de-vote-placent-les-socialistes-en-cinquieme-position-pour-le-second-tour-de-la-presidentielle\/8xp8qf                                                  http:\/\/videos.lesechos.fr\/lesechos\/interviews\/fillon-lemporte-largement-dans-lhypothese-dun-face-a-face-avec-le-pen-au-second-tour-de-la-presidentielle\/8xp8lv\n\n-&#8220;Fran\u00e7ois Hollande est devant l&#8217;humiliation d&#8217;\u00eatre battu \u00e0 la primaire&#8221; (G\u00e9rard Davet et Bruno Jeudy; vid\u00e9o) :                                                                                                                          http:\/\/www.dailymotion.com\/video\/x540xeb_francois-hollande-est-devant-l-humiliation-d-etre-battu-a-la-primaire-bruno-jeudy-30-11-2016_news\n\n-&#8220;En se repr\u00e9sentant, il veut la confirmation de la fin du socialisme. A Alep, Poutine a gagn\u00e9. Sur le sujet, Jean-Pierre Chev\u00e8nement pense comme Fran\u00e7ois Fillon &#8221; (Philippe Tesson; vid\u00e9o) :            http:\/\/www.dailymotion.com\/video\/x544ilz_francois-hollande-en-se-representant-veut-la-confirmation-de-la-fin-du-socialisme-philippe-tesson-0_news\n\n<strong>-&#8220;Fran\u00e7ois Hollande et la primaire&#8221; (Thomas Legrand; son) : <\/strong> https:\/\/www.franceinter.fr\/emissions\/l-edito-politique\/l-edito-politique-01-decembre-2016\n\n-&#8220;Il n&#8217;y a pas de concurrence entre les SDF et les r\u00e9fugi\u00e9s. Il y a des personnes qui travaillent et qui sont dans la rue. Fran\u00e7ois Hollande, avec le bilan qu&#8217;il a, il faut qu&#8217;il se pr\u00e9sente&#8221; (la ministre du Logement Emmanuelle Cosse; face \u00e0 Thomas Sotto; vid\u00e9o) : http:\/\/www.europe1.fr\/emissions\/l-interview-verite\/emmanuelle-cosse-il-ny-a-pas-de-concurrence-entre-les-sdf-et-les-refugies-2915792\n\n<strong>-Jacques Attali est d&#8217;accord avec de nombreux points du programme de Fran\u00e7ois Fillon (interrog\u00e9 par Yves Calvi; vid\u00e9o) :     <\/strong>                                                       http:\/\/www.lci.fr\/elections\/francois-hollande-renonce-son-ex-conseiller-explique-a-yves-calvi-pourquoi-fillon-est-un-bon-candidat-2015417.html%3Ftype=content\n\n<strong>-&#8220;Je lance un travail par \u00e9tapes. Le candidat de la droite est estimable mais son projet,  sur des points essentiels, ne correspond pas \u00e0 ce que la France a besoin. Je vais en construire un qui corresponde aux attentes. Fin janvier, d\u00e9but f\u00e9vrier, je dirai oui ou non&#8221; (Fran\u00e7ois Bayrou, pr\u00e9sident du MoDem; face \u00e0 Jean-Jacques Bourdin; vid\u00e9o) :      <\/strong>                                                                                            http:\/\/www.bfmtv.com\/mediaplayer\/video\/francois-bayrou-face-a-jean-jacques-bourdin-en-direct-890487.html\n\n-&#8220;Mais il va o\u00f9 Bayrou ?&#8221; (Yves Thr\u00e9ard; vid\u00e9o) :  http:\/\/www.europe1.fr\/emissions\/ledito-politique-dyves-threard\/mais-il-va-ou-bayrou-2915666 \n\n-&#8220;Il ne peut pas se r\u00e9soudre \u00e0 sortir du jeu&#8221; (Alba Ventura; vid\u00e9o) :                                                                                                                                                                                                                    http:\/\/www.rtl.fr\/actu\/politique\/presidentielle-2017-francois-bayrou-ne-peut-pas-se-resoudre-a-sortir-du-jeu-decrypte-alba-ventura-7786065729\n\n-&#8220;En d\u00e9mocratie, personne n&#8217;est invincible. A gauche, je suis incapable de d\u00e9m\u00ealer un d\u00e9p\u00f4t de bilan. J&#8217;ai entendu que Fran\u00e7ois Bayrou \u00e9tait pour l&#8217;alternance&#8221; (G\u00e9rard Larcher, pr\u00e9sident LR du S\u00e9nat; face \u00e0 Jean-Pierre Elkabbach; vid\u00e9o) :  http:\/\/www.europe1.fr\/emissions\/l-interview-politique\/domination-politique-de-francois-fillon-hypothetique-candidature-de-francois-bayrou-conservatisme-et-loi-veil-gerard-larcher-repond-aux-questions-de-jean-pierre-elkabbach-2915831                                                                                                                                                                                                                                                                                                                 \n\n-&#8220;La droite fran\u00e7aise veut une rupture profonde et radicale&#8221; (Benoist Apparu, d\u00e9put\u00e9 LR de la Marne; face \u00e0 Olivier Harmant; vid\u00e9o) :                                                                                         http:\/\/videos.lesechos.fr\/lesechos\/invite-des-echos\/la-droite-francaise-veut-une-rupture-profonde-et-radicale-selon-benoist-apparu\/8x3zrs\n\n-&#8220;Il n&#8217;y a pas d&#8217;incompatibilit\u00e9 entre Bayrou et Fillon&#8221; (Bruno Retailleau, pr\u00e9sident du groupe LR au S\u00e9nat; invit\u00e9 de &#8220;Territoires d&#8217;Infos&#8221;; vid\u00e9o, amener le curseur sur 33:37) :                                                http:\/\/www.sudradio.fr\/Politique\/L-interview-politique\/Bruno-Retailleau-Pas-d-incompatibilite-entre-Bayrou-et-Fillon\n\n-&#8220;Il est exclu de diminuer les remboursements de la S\u00e9cu. Je m&#8217;interroge sur le r\u00f4le destructeur de Fran\u00e7ois Beyrou. Laurent Wauquiez reste vice-pr\u00e9sident, il garde bien entendu son bureau&#8221; (Bernard Accoyer, secr\u00e9taire g\u00e9n\u00e9ral de LR; face \u00e0 Guillaume Durand; vid\u00e9o) :  http:\/\/www.dailymotion.com\/video\/x544ek1\n\n-&#8220;Le pays va mal, je pense que nous avons besoin de r\u00e9formes&#8221; (Karine Charbonnier, chef d&#8217;entreprise, vice-pr\u00e9sidente LR de la r\u00e9gion Hauts-de-France; face \u00e0 Nicolas Pierron; vid\u00e9o) :                  http:\/\/www.dailymotion.com\/video\/x540v6m_je-pense-que-le-pays-va-mal-et-que-nous-avons-besoin-de-reformes-karine-charbonnier-30-11-2016_news\n\n-&#8220;Les nouveaux amis de Fillon&#8221; (Renaud D\u00e9ly; son) : https:\/\/www.franceinter.fr\/emissions\/histoires-politiques\/histoires-politiques-01-decembre-2016\n\n<strong>EUROPE-MONDE<\/strong>\n\n-Le pr\u00e9sident de l&#8217;Eurogroupe rappelle \u00e0 la Commission son r\u00f4le de gendarme budg\u00e9taire (Jorge Valero) :                                                                                                                                   http:\/\/www.euractiv.fr\/section\/euro-finances\/news\/dijsselbloem-tells-commission-to-focus-on-budget-discipline\/?nl_ref=26086569\n\n-Le Parlement europ\u00e9en veut r\u00e9concilier l&#8217;Est et L&#8217;Ouest sur les travailleurs d\u00e9tach\u00e9s (C\u00e9cile Barbi\u00e8re) :                                                                                                                                                http:\/\/www.euractiv.fr\/section\/europe-sociale-emploi\/news\/le-parlement-veut-reconcilier-lest-et-ouest-sur-les-travailleurs-detaches\/?nl_ref=26086569\n\n<strong>-&#8220;L&#8217;incroyable r\u00e9volution de Bruxelles dans la d\u00e9fense&#8221; (Michel Cabirol) :   <\/strong>                                                                                                                                                                                                  http:\/\/www.latribune.fr\/entreprises-finance\/industrie\/aeronautique-defense\/l-incroyable-revolution-de-bruxelles-dans-la-defense-621416.html\n\n-&#8220;Les failles dans la directive antiterroriste inqui\u00e8tent la soci\u00e9t\u00e9 civile&#8221; (Georgi Gotev) :                                                                                                                                                                           http:\/\/www.euractiv.fr\/section\/politique\/news\/rights-groups-expose-flaws-in-counterterrorism-directive\/?nl_ref=26086569\n\n<strong>-&#8220;Nous devons mieux prot\u00e9ger les Europ\u00e9ens&#8221; (Jean-Claude Juncker dans une interview \u00e0 &#8220;Ouest France&#8221;) :     <\/strong>                                                                                                                     http:\/\/www.euractiv.fr\/section\/l-europe-dans-le-monde\/news\/juncker-nous-devons-mieux-proteger-les-europeens\/?nl_ref=26086569\n\n-&#8220;La m\u00e9diatrice europ\u00e9enne demande des mesures contre le populisme&#8221; :                                                                                                                                                                                            http:\/\/www.euractiv.fr\/section\/politique\/news\/la-mediatrice-europeenne-reclame-des-mesures-contre-le-populisme\/?nl_ref=26086569\n\n-Seuls 20% des v\u00e9hicules diesel &#8220;sales&#8221; seront rappel\u00e9s en Europe (Romain Loury) :                                                                                                                                                                                           http:\/\/www.euractiv.fr\/section\/transport\/news\/diesel-seuls-20-de-vehicules-sales-seront-rappeles-en-europe\/?nl_ref=26086569\n\n-L&#8217;Union europ\u00e9enne peine \u00e0 se donner les moyens &#8220;d&#8217;une \u00e9lectricit\u00e9 citoyenne&#8221; (Robert Hodgson) :                                                                                                                                                            http:\/\/www.euractiv.fr\/section\/energie\/news\/eu-champions-people-power-but-devil-lies-in-the-detail\/?nl_ref=26086569\n\n-&#8220;Le vice-pr\u00e9sident de la Commission europ\u00e9enne temp\u00e8re l&#8217;importance du r\u00e9f\u00e9rendum italien&#8221; (Francesca Gerosa) :                                                                                                                       http:\/\/www.euractiv.fr\/section\/euro-finances\/news\/dombrovskis-tempere-limportance-du-referendum-leconomie-italienne\/?nl_ref=26086569\n\n<strong>-A quelques jours du r\u00e9f\u00e9rendum, un reportage \u00e0 Florence (Mathilde Imbery; son) :<\/strong>                                                                                                                                                                  https:\/\/www.franceinter.fr\/emissions\/grand-angle\/grand-angle-01-decembre-2016\n\n<strong>-Deux fronts in\u00e9dits face au r\u00e9f\u00e9rendum (Salvatore Palidda) :   <\/strong>                           https:\/\/blogs.mediapart.fr\/salvatore-palidda\/blog\/301116\/deux-fronts-inedits-face-au-referendum-en-italie?utm_source           \n\n-Venise se r\u00e9volte contre le tourisme de masse (Yolaine de la Bigne; son) : http:\/\/www.sudradio.fr\/Podcasts\/Quelle-epoque-ethique\/Venise-se-revolte-contre-le-tourisme-de-masse\n\n-&#8220;Le Brexit, un processus \u00e9pineux et tr\u00e8s long&#8217; (Lo\u00efc de la Mornais; vid\u00e9o) : http:\/\/www.francetvinfo.fr\/monde\/europe\/la-grande-bretagne-et-l-ue\/brexit-un-processus-epineux-et-tres-long_1947827.html\n\n-&#8220;Il y a 60 ans, Budapest se soulevait contre la mainmise sovi\u00e9tique&#8221; (Henri-Christian Giraud, auteur de &#8220;Une histoire de la r\u00e9volution hongroise&#8221;; son) :                                                         https:\/\/www.franceinter.fr\/emissions\/meridien-d-europe\/meridien-d-europe-01-decembre-2016\n\n<strong>-&#8220;Alep, allons nous laisser faire ?&#8221; (Jean-Pierre Filiu, professeur \u00e0 Sciences-Po Paris et Mario Bettati, professeur \u00e0 l&#8217;Universit\u00e9 de Paris 2; invit\u00e9s des &#8220;Matins&#8221; de France Culture de Guillaume Erner (sons) :<\/strong>                                                                                                                                                                                                                                                                                         https:\/\/www.franceculture.fr\/emissions\/linvite-des-matins\/alep-allons-nous-laisser-faire#xtor                                                                                                                                                                             https:\/\/www.franceculture.fr\/emissions\/linvite-des-matins-2eme-partie\/alep-allons-nous-laisser-faire-2eme-partie\n\n<strong>-&#8220;Bachar al-Assad n&#8217;a pas envie de discuter&#8221; (Jean-Marc Ayrault, ministre des Affaires \u00e9trang\u00e8res; interrog\u00e9 par Marc-Olivier Fogiel; son) : <\/strong>                                                                                  http:\/\/www.rtl.fr\/actu\/international\/alep-bachar-al-assad-n-a-pas-envie-de-discuter-assure-jean-marc-ayrault-7786060741\n\n<strong>-&#8220;Ch\u00e9 et Fidel, deux fr\u00e8res de combat&#8221; (Jos\u00e9 Fort) : <\/strong>                                                                                                                                                                                                                                          http:\/\/josefort.over-blog.com\/2016\/12\/che-et-fidel-deux-freres-de-combat-j-entends-tellement-d-aneries-en-ce-moment-sur-les-relations-entre-fidel-castro-et-che-guevara-qu\n\n-L&#8217;hommage de Jean-Luc M\u00e9lenchon (vid\u00e9o) :                                              https:\/\/www.youtube.com\/watch?v=O6Q48L6JMtA\n\n-&#8220;Les march\u00e9s du p\u00e9trole s&#8217;emballent apr\u00e8s l&#8217;accord historique de l&#8217;OPEP&#8221; (Anne Feitz) :                                                                                                                                                                          http:\/\/www.lesechos.fr\/finance-marches\/marches-financiers\/0211548013090-petrole-les-marches-semballent-apres-laccord-historique-de-lopep-2047112.php#xtor\n\n<strong>CULTURE-MEDIAS<\/strong>\n\n<strong>-Le lundi 5 d\u00e9cembre \u00e0 18 heures, Auditorium de l&#8217;H\u00f4tel de Ville de Paris, &#8220;Louis Aragon et la guerre 14-18&#8221;. Une conf\u00e9rence de l&#8217;ami Bernard Vasseur (pi\u00e8ce jointe);\n<\/strong>\n\n-Quand l&#8217;Assembl\u00e9 nationale remballe Noam Chomsky : http:\/\/www.philomag.com\/lactu\/breves\/quand-lassemblee-nationale-remballe-noam-chomsky-19228\n\n<strong>-Pourquoi r\u00e9habiliter les victimes de la Commune de Paris ? (Eric Fournier, ma\u00eetre de conf\u00e9rences \u00e0 l&#8217;universit\u00e9 Paris I; son) <\/strong> :                                                                                                              https:\/\/www.franceculture.fr\/emissions\/la-question-du-jour\/pourquoi-rehabiliter-les-victimes-de-la-commune-de-paris#xtor\n\n-Jusqu&#8217;\u00e0 samedi \u00e0 Chaillot, &#8220;le Cantique des Cantiques&#8221; engag\u00e9 de Abou Lagraa (vid\u00e9os) :                                                                                                                                                                        http:\/\/culturebox.francetvinfo.fr\/scenes\/danse\/le-cantique-des-cantiques-engage-d-abou-lagraa-arrive-a-chaillot-249515#xtor\n\n-Le palmar\u00e8s des &#8220;p\u00e9pites&#8221; du Salon du livre et de la presse de jeunesse de Montreuil (Laurence Houot) :                                                                                                                                                  http:\/\/culturebox.francetvinfo.fr\/livres\/jeunesse\/pepites-du-salon-jeunesse-de-montreuil-le-palmares-249505#xtor\n\n-Jusqu&#8217;au 14 d\u00e9cembre, la 34e \u00e9dition du Festival du th\u00e9\u00e2tre du Val-d&#8217;Oise (Elizabeth Philibert; vid\u00e9os) :                                                                                                                            http:\/\/culturebox.francetvinfo.fr\/scenes\/theatre\/festival-du-val-d-oise-le-theatre-partout-et-pour-tous-249501#xtor\n\n<strong>-Jusqu&#8217;au 6 mars 2017, Matisse au mus\u00e9e des Beaux-arts de Lyon (Odile Morain; vid\u00e9os) :       <\/strong>                                                                                                                                                              http:\/\/culturebox.francetvinfo.fr\/expositions\/peinture\/matisse-au-musee-des-beaux-arts-de-lyon-histoire-d-une-renaissance-249511#xtor\n\n<strong>-&#8220;Piq\u00fbre de rappel&#8221; pour &#8220;La Sociale&#8221; de Gilles Perret (Sylvain Nandan; vid\u00e9o) :<\/strong>   https:\/\/blogs.mediapart.fr\/sylvain-nandan\/blog\/011216\/piqure-de-rappel?utm_source\n\n-La mort d&#8217;Ousmane Sow, &#8220;le sculpteur s\u00e9n\u00e9galais de l&#8217;esprit et de la mati\u00e8re&#8221; (Olivier Rogez; sons) :                                                                                                                                                             http:\/\/www.rfi.fr\/culture\/20161201-mort-ousmane-sow-senegal-sculpteur-esprit-matiere-art\n\n<strong>-Il a \u00e9t\u00e9 le premier Africain \u00e0 rejoindre en 2013 l&#8217;Acad\u00e9mie des Beaux-arts en tant que membre associ\u00e9 (vid\u00e9os) :<\/strong>                                                                                                           http:\/\/culturebox.francetvinfo.fr\/expositions\/sculpture\/le-sculpteur-senegalais-ousmane-sow-est-mort-a-dakar-249577\n\n<strong>-&#8220;Dans mon esprit, je ne peux m&#8217;imaginer un homme parfait&#8221; (l&#8217;hommage de France Culture; sons) :      <\/strong>                                                                                                                                                         https:\/\/www.franceculture.fr\/sculpture\/ousmane-sow-dans-mon-esprit-je-ne-peux-mimaginer-un-homme-parfait#xtor\n\n-Jusqu&#8217;au 23 avril 2017, au mus\u00e9e des Arts D\u00e9coratifs de Paris, &#8220;Quand le v\u00eatement fait scandale&#8221; (Corinne Jeammet; vid\u00e9os) :                                                                                                                http:\/\/culturebox.francetvinfo.fr\/tendances\/mode\/le-vetement-tape-son-scandale-aux-arts-decoratifs-249393#xtor\n\n-Le mus\u00e9e normand de Jacques Pr\u00e9vert vid\u00e9 de ses meubles par sa petite-fille :                                                                                                                                                                      http:\/\/culturebox.francetvinfo.fr\/tendances\/le-musee-normand-de-jacques-prevert-vide-de-ses-meubles-par-sa-petite-fille-249523#xtor\n\n<strong>-&#8220;Iggy Pop&#8221; au Festival &#8220;Rock en Seine 2016&#8221; (vid\u00e9o int\u00e9grale) : <\/strong> http:\/\/culturebox.francetvinfo.fr\/festival-rock-en-seine\/iggy-pop-au-festival-rock-en-seine-2016-244877\n\n<strong>-&#8220;Trad.Attak, &#8220;Marta Ren \u00a7 The Groovelvets&#8221; et &#8220;Rejjie Snow&#8221; aux &#8220;Trans Musicales&#8221; de Rennes (vid\u00e9os int\u00e9grales) :    <\/strong>                                                                                                                             http:\/\/culturebox.francetvinfo.fr\/trans-musicales-de-rennes\/tradattack-aux-trans-musicales-de-rennes-2016-248563                                                                                                                        http:\/\/culturebox.francetvinfo.fr\/trans-musicales-de-rennes\/marta-ren-the-groovelvets-aux-trans-musicales-2016-248589                                                                                                                         http:\/\/culturebox.francetvinfo.fr\/trans-musicales-de-rennes\/lives-0\/rejjie-snow-aux-trans-musicales-de-rennes-2016-248915\n\n-&#8220;Max-Arthur, 12 ans, le plus jeune DJ star fran\u00e7ais&#8221; (Marion Gadea; vid\u00e9os) :                                                                                                                                                                                                http:\/\/culturebox.francetvinfo.fr\/musique\/electro\/sur-les-pas-de-david-guetta-max-arthur-12-ans-le-plus-jeune-dj-star-francais-249569\n\n-&#8220;Avec Lee Fields, la nuit sp\u00e9ciale commence \u00e0 7H22&#8221; (Rebecca Manzoni; vid\u00e9o) : https:\/\/www.franceinter.fr\/emissions\/pop-co\/pop-co-01-decembre-2016\n\n<strong>-&#8220;Mouhammad Ali&#8221;, le nouvel album de Kery James qu&#8217;il pr\u00e9sente avec Khalilah Camacho Ali, la premi\u00e8re femme de Mohamed Ali, progressiste comme l&#8217;\u00e9tait le champion (vid\u00e9o) : <\/strong>                        http:\/\/www.rfi.fr\/video\/20161130-khalilah-camacho-ali-premiere-femme-mohamed-ali-repond-claudy-siar\n\n<strong>-Le d\u00e9c\u00e8s d&#8217;Amar Ezzahi, la plus grande figure du ch\u00e2abi, la musique alg\u00e9roise d\u00e9riv\u00e9e de l&#8217;andalouse (vid\u00e9o) : <\/strong>                                                                                                                                         http:\/\/culturebox.francetvinfo.fr\/musique\/musiques-du-monde\/deces-d-amar-ezzahi-figure-la-plus-populaire-de-la-chanson-algeroise-249563\n\n&#8220;L&#8217;Enfer de Dante&#8221;, une cr\u00e9ation musicale de Syd Matters, avec  Marie-Sophie Ferdane et les solistes de la Ma\u00eetrise de Radio France (Blandine Masson; son) :                                                                https:\/\/www.franceculture.fr\/emissions\/latelier-fiction\/lenfer-de-dante#xtor\n\n<strong>-&#8220;La pianiste Yuja Wang p\u00e8te un plomb avec Mozart&#8221; (vid\u00e9o visionn\u00e9e plus de 10 millions de foix sur les r\u00e9seaux sociaux)<\/strong> : http:\/\/positivr.fr\/yuja-wang-piano-marche-turque-mozart\/\n\n-Les photos de la semaine (EPIC) : http:\/\/www.oai13.com\/featured\/la-selection-du-jeudi-depic-stories-65\/\n\n-Maurice Baquet, &#8220;le geste musical et comique en haut des cimes&#8221; (Fran\u00e7ois Angeller; son) :                                                                                                                                                                          https:\/\/www.franceculture.fr\/emissions\/les-emois\/larchet-des-cimes-ou-la-gloire-de-maurice-baquet#xtor\n\n<strong>-Elice Ducet, &#8220;la dame blanche de l&#8217;information&#8221;, invit\u00e9e de Yann Barthes dans &#8220;Quotidien&#8221; (vid\u00e9o) :   <\/strong>                                                                                                                                                  http:\/\/www.tf1.fr\/tmc\/quotidien-avec-yann-barthes\/videos\/l-interview-d-elise-lucet-madame-information.html\n\n-&#8220;C&#8217;est la premi\u00e8re fois que j&#8217;ai un contact aussi intime avec une accus\u00e9e&#8221; (Christophe Hondelatte, invit\u00e9 de Sonia Devillers; vid\u00e9o, amener le curseur sur 4:10) :                                                            http:\/\/www.dailymotion.com\/video\/x544lax_christophe-hondelatte-c-est-la-premiere-fois-que-j-ai-un-contact-aussi-intime-avec-une-accusee_news\n\n<strong>-&#8220;Quotidien&#8221; a suivi Jean-Luc M\u00e9lenchon \u00e0 Bordeaux (vid\u00e9o) : <\/strong> http:\/\/www.tf1.fr\/tmc\/quotidien-avec-yann-barthes\/videos\/melenchon-futur-champion-de-gauche.html\n\n-&#8220;Les bobos sont morts, vive les babas&#8221; (Fr\u00e9d\u00e9ric Beigbeder; vid\u00e9o) :                                                            \n<iframe loading=\"lazy\" title=\"Les bobos sont morts, vive les babas ! - le billet de Fr\u00e9d\u00e9ric Beigbeder\" frameborder=\"0\" width=\"500\" height=\"283\" src=\"https:\/\/geo.dailymotion.com\/player.html?video=x544e9k&#038;\" allowfullscreen allow=\"autoplay; fullscreen; picture-in-picture; web-share\"><\/iframe>\n\n<strong>-&#8220;Les nouveaux gal\u00e9riens&#8221; (Charline Vanhoenacker; vid\u00e9o) :<\/strong> http:\/\/www.dailymotion.com\/video\/x5446qs_livreurs-a-velo-auto-entrepreneurs-les-nouveaux-galeriens-le-billet-de-charline_fun \n<h2 class=\"wp-block-heading\">Documents joints<\/h2>\n\n\n\n<div class=\"wp-block-file\"><a href=\"https:\/\/wp.muchomaas.com\/wp-content\/uploads\/2016\/12\/lundi_28_novembre_-_creer_une_autre_dynamique-e41.pdf\">lundi_28_novembre_-_creer_une_autre_dynamique.pdf<\/a><\/div>\n\n\n\n<div class=\"wp-block-file\"><a href=\"https:\/\/wp.muchomaas.com\/wp-content\/uploads\/2016\/12\/2016_12_05_-_louis_aragon_et_la_guerre_1914-1918-03f._invitation.pdf\">2016_12_05_-_louis_aragon_et_la_guerre_1914-1918._invitation.pdf<\/a><\/div>\n\n\n","protected":false},"excerpt":{"rendered":"<p>ACTUALITE -&#8220;Fran\u00e7ois Hollande fait partie de l&#8217;orthodoxie lib\u00e9rale&#8221; (Jean-Claude Mailly, secr\u00e9taire de FO; interrog\u00e9 par Nicolas Pierron; vid\u00e9o) : http:\/\/www.dailymotion.com\/video\/x544dw4_francois-hollande-fait-partie-de-l-orthodoxie-liberale-jean-claude-mailly-01-12-2016_news -&#8220;Le programme \u00e9conomique de Fran\u00e7ois Fillon est tr\u00e8s lib\u00e9ral&#8221; (interrog\u00e9 par Fr\u00e9d\u00e9ric Rivi\u00e8re; vid\u00e9o) : http:\/\/www.rfi.fr\/video\/20161130-jean-claude-mailly-le-programme-economique-francois-fillon-est-projet-tres-liberal -&#8220;Il est inqui\u00e9tant. Le FN s&#8217;ancre l\u00e0 o\u00f9 les citoyens se sentent abandonn\u00e9s par le service public&#8221; (Laurent Berger, [&hellip;]<\/p>\n","protected":false},"author":1042,"featured_media":0,"comment_status":"open","ping_status":"open","sticky":false,"template":"","format":"standard","meta":{"_themeisle_gutenberg_block_has_review":false,"footnotes":""},"categories":[151],"tags":[],"class_list":["post-10051","post","type-post","status-publish","format-standard","hentry","category-la-revue-de-presse-de-lulu"],"_links":{"self":[{"href":"https:\/\/archives.regards.fr\/index.php?rest_route=\/wp\/v2\/posts\/10051","targetHints":{"allow":["GET"]}}],"collection":[{"href":"https:\/\/archives.regards.fr\/index.php?rest_route=\/wp\/v2\/posts"}],"about":[{"href":"https:\/\/archives.regards.fr\/index.php?rest_route=\/wp\/v2\/types\/post"}],"author":[{"embeddable":true,"href":"https:\/\/archives.regards.fr\/index.php?rest_route=\/wp\/v2\/users\/1042"}],"replies":[{"embeddable":true,"href":"https:\/\/archives.regards.fr\/index.php?rest_route=%2Fwp%2Fv2%2Fcomments&post=10051"}],"version-history":[{"count":0,"href":"https:\/\/archives.regards.fr\/index.php?rest_route=\/wp\/v2\/posts\/10051\/revisions"}],"wp:attachment":[{"href":"https:\/\/archives.regards.fr\/index.php?rest_route=%2Fwp%2Fv2%2Fmedia&parent=10051"}],"wp:term":[{"taxonomy":"category","embeddable":true,"href":"https:\/\/archives.regards.fr\/index.php?rest_route=%2Fwp%2Fv2%2Fcategories&post=10051"},{"taxonomy":"post_tag","embeddable":true,"href":"https:\/\/archives.regards.fr\/index.php?rest_route=%2Fwp%2Fv2%2Ftags&post=10051"}],"curies":[{"name":"wp","href":"https:\/\/api.w.org\/{rel}","templated":true}]}}