{"id":10046,"date":"2016-12-01T07:55:35","date_gmt":"2016-12-01T06:55:35","guid":{"rendered":"https:\/\/wp.muchomaas.com\/article-la-revue-du-1er-decembre-2016\/"},"modified":"2023-06-23T23:23:36","modified_gmt":"2023-06-23T21:23:36","slug":"article-la-revue-du-1er-decembre-2016","status":"publish","type":"post","link":"https:\/\/archives.regards.fr\/?p=10046","title":{"rendered":"La Revue du 1er d\u00e9cembre 2016"},"content":{"rendered":"ACTUALITE\n\n-Dans le proc\u00e8s de &#8220;la chemise arrach\u00e9e &#8221; \u00e0 Air France, trois ex-salari\u00e9s de l&#8217;entreprise condamn\u00e9s \u00e0 trois et quatre mois de prison avec sursis, deux autres relax\u00e9s et onze \u00e0 une amende de 500 euros (Thomas Ba\u00efetto) : http:\/\/www.francetvinfo.fr\/economie\/transports\/greve-a-air-france\/direct-proces-de-la-chemise-arrachee-les-15-d-air-france-attendent-le-verdict_1946079.html#xtor\n\n<strong>-&#8220;C&#8217;est une condamnation que le gouvernement souhaitait. Nous ferons appel&#8221; (Mehdi Kemoune de la CGT Air France; vid\u00e9o, amener le curseur sur 1:12) :<\/strong>\nhttp:\/\/www.francetvinfo.fr\/economie\/transports\/greve-a-air-france\/proces-de-la-chemise-arrachee-3-a-4-mois-de-prison-avec-sursis-pour-trois-anciens-salaries-dair-france_1946623.html\n\n<strong>-Sur le programme \u00e9conomique et social de Fran\u00e7ois Fillon, le face \u00e0 face Jean-Claude Mailly-l&#8217;\u00e9conomiste Marc Touati (vid\u00e9o) :       <\/strong>                          http:\/\/www.bfmtv.com\/mediaplayer\/video\/marc-touati-face-a-jean-claude-mailly-le-programme-economique-de-francois-fillon-suscite-l-inquietude-des-syndicats-890353.html\n\n-Sur la S\u00e9curit\u00e9 sociale, &#8220;la r\u00e9volution Fillon&#8221; (en d\u00e9bat chez Olivier Galzi sur i-T\u00e9l\u00e9; vid\u00e9o) : http:\/\/www.itele.fr\/chroniques\/grand-decryptage-olivier-galzi\/le-grand-decryptage-du-30112016-171812\n\n<strong>-Les trop petites retraites agricoles (vid\u00e9o) : <\/strong> http:\/\/www.francetvinfo.fr\/economie\/emploi\/carriere\/vie-professionnelle\/retraite\/petites-retraites-agricoles-temoignage-d-un-couple-d-anciens-eleveurs-de-porcs-d-ile-et-vilaine_1946691.html\n\n-&#8220;Le choc de simplification des bulletins scolaires trimestriels&#8221; (Lucie Martin, qui est &#8220;une vraie prof&#8221;) :                                                                                                                                                  http:\/\/www.telerama.fr\/monde\/le-choc-de-simplification-des-bulletins-trimestriels,150662.php#xtor\n\n<strong>-&#8220;Les professeurs des \u00e9coles sont trop mal \u00e0 l&#8217;aise avec les math\u00e9matiques&#8221; (Stella Baruk, chercheuse en p\u00e9dagogie des math\u00e9matiques; propos recueillis par Philippe Douroux)<\/strong> : http:\/\/www.liberation.fr\/france\/2016\/11\/29\/les-professeurs-des-ecoles-sont-trop-mal-a-l-aise-avec-les-mathematiques_1531714?xtor                     \n\n<em>-L&#8217;\u00e9tude, telle que la pr\u00e9sente le site du minist\u00e8re de l&#8217;Education nationale (document; cherchez le loup !) :   <\/em>                                                                                                                           http:\/\/www.education.gouv.fr\/cid110041\/mathematiques-et-sciences-resultats-de-l-etude-timss-2015.html\n\n-&#8220;Les \u00e9l\u00e8ves ont un mauvais niveau en sciences \u00e0 cause de&#8230;Fran\u00e7ois Fillon&#8221; (Najat Vallaud-Belkacem; vid\u00e9o. Il fallait oser !) :                                                                                                                       http:\/\/www.francetvinfo.fr\/politique\/ps\/najat-vallaud-belkacem\/video-les-eleves-ont-un-mauvais-niveau-en-sciences-a-cause-du-gouvernement-fillon-selon-la-ministre-de-l-education_1945013.html#xtor\n\n-Thomas Pesquet a commenc\u00e9 ses exp\u00e9riences dans l&#8217;espace (vid\u00e9o) : http:\/\/www.francetvinfo.fr\/replay-radio\/info-sciences\/thomas-pesquet-a-commence-ses-experiences-dans-l-espace_1946647.html\n\n-&#8220;Chez Bartolo&#8221;, la premi\u00e8re pizzeria napolitaine de Paris (El\u00e9onore Colin) :                                                                                                                                                                                            http:\/\/www.telerama.fr\/sortir\/chez-bartolo-l-histoire-romanesque-de-la-premiere-pizzeria-napolitaine-de-paris,150694.php#xtor\n\n-Dans la capitale, pour la premi\u00e8re fois, le d\u00e9fil\u00e9 de la marque am\u00e9ricaine  &#8220;Victoria &#8216;s Secret&#8221; pour la f\u00eate du slip (Sabrina Champenois) :                                                                                                   http:\/\/next.liberation.fr\/mode\/2016\/11\/29\/victoria-s-secret-a-paris-la-fete-du-slip_1531771?xtor\n\n<strong>-La recherche porteuse d&#8217;espoir contre la mucoviscidose (vid\u00e9o)<\/strong> : http:\/\/nr.news-republic.com\/Web\/ArticleWeb.aspx?regionid=2&#038;articleid=78849140\n\n<strong>-&#8220;Les Fran\u00e7ais ne voient plus aujourd&#8217;hui l&#8217;int\u00e9r\u00eat des vaccins&#8221; (le professeur Odile Launay, infectiologue \u00e0 l&#8217;h\u00f4pital Cochin \u00e0 Paris; invit\u00e9e d&#8217;Yves Calvi; vid\u00e9o) :  <\/strong>                                                          http:\/\/www.rtl.fr\/actu\/societe-faits-divers\/les-francais-ne-voient-plus-l-interet-des-vaccins-regrette-une-infectiologue-7786047538\n\n-Les discriminations dont sont victimes les personnes s\u00e9ropositives (Alice Maruani) :                                                                                                                                                                                      http:\/\/www.francetvinfo.fr\/sante\/sida\/vie-privee-sante-travail-trois-chiffres-qui-montrent-l-ampleur-des-discriminations-dont-sont-victimes-les-seropositifs_1945105.html\n\n<strong>-&#8220;SurVivant&#8221;, Jean-Luc Romero vit depuis trente ans avec la maladie. Il \u00e9tait l&#8217;invit\u00e9 de Marie-Sophie Lacarrau; vid\u00e9o) :  <\/strong>                                                              http:\/\/www.francetvinfo.fr\/culture\/livres\/survivant-jean-luc-romero-raconte-ses-30-ans-de-vie-avec-le-sida_1946717.html\n\n-Les policiers municipaux peuvent d\u00e9sormais porter des pistolets 9 mm (Fran\u00e7ois Didier, s\u00e9nateur LR de Moselle; son) :                                                                                                                     http:\/\/www.sudradio.fr\/Podcasts\/L-invite-pour-comprendre\/Francois-Grosdidier-president-de-la-CCPM\n\n-&#8220;En Seine-et-Marne, nous avons 2 000 tonnes de sel en stock&#8221; (Jean-Jacques Barbaux, pr\u00e9sident du Conseil d\u00e9partemental; son) :                                                                                                              http:\/\/www.rtl.fr\/actu\/societe-faits-divers\/froid-nous-avons-2-000-tonnes-de-sel-en-stock-en-seine-et-marne-7786047307\n\n-Les habitants du sud de l&#8217;Essonne ont d\u00e9cid\u00e9 de traquer les avions qui d\u00e9collent d&#8217;Orly ou s&#8217;y posent (Nathalie Fontrel; son) :                      https:\/\/www.franceinter.fr\/emissions\/planete-environnement\/planete-environnement-30-novembre-2016\n\n-De nouvelles vignettes pour circuler \u00e0 Paris (vid\u00e9o) :                                  http:\/\/www.francetvinfo.fr\/meteo\/particules-fines\/pollution-a-paris-de-nouvelles-vignettes-pour-les-vehicules_1946789.html\n\n-A Marseille, ils revendent des tickets de file d&#8217;attente \u00e0 la Caf (Hugo Hamelin; son) :                                                                                                                                                                                        http:\/\/www.rtl.fr\/actu\/societe-faits-divers\/marseille-ils-revendent-des-tickets-de-file-d-attente-a-la-caf-7786048211?utm_campaign\n\n-A Sens, les religieuse vendent leur propre bi\u00e8re pour entretenir le couvent (vid\u00e9o) : \nhttp:\/\/www.francetvinfo.fr\/sante\/alimentation\/sens-les-religieuses-vendent-leur-propre-biere-pour-financer-l-entretien-du-couvent_1946811.html\n\n<strong>POLITIQUE<\/strong>\n\n<strong>-&#8220;Le Smic n&#8217;aura augment\u00e9 que de 40 euros sur toute la dur\u00e9e du quinquennat&#8221; (Jean-Jacques Candelier, d\u00e9put\u00e9 communiste du Nord et la r\u00e9ponse de la ministre Myriam El Khomri; vid\u00e9o) <\/strong> :  http:\/\/www.lcp.fr\/la-politique-en-video\/aucun-gouvernement-naura-fait-autant-pour-ameliorer-le-pouvoir-dachat-assure-0\n\n-&#8220;Fillon pr\u00e9pare un coup d&#8217;Etat social&#8221; (Jean-Luc M\u00e9lenchon, cit\u00e9 par Rachid La\u00efreche) : http:\/\/www.liberation.fr\/france\/2016\/11\/30\/melenchon-fillon-prepare-un-coup-d-etat-social_1531862?xtor\n\n-&#8220;R\u00e9unir les trois visages du PCF&#8221; (Denis Durand) : https:\/\/blogs.mediapart.fr\/denis-durand\/blog\/291116\/reunir-les-trois-visages-du-pcf\n\n<strong>-&#8220;Il y a une offensive des proches du chef de l&#8217;Etat pour supprimer la primaire. Une primaire ne concerne pas un bilan, elle concerne un projet. Si Fran\u00e7ois Hollande refusait de passer par la primaire, ce serait un coup de force intol\u00e9rable. Je voudrais que la puissance de la primaire permette de se tourner vers ceux qui n&#8217;en sont pas aujourd&#8217;hui&#8221; (Arnaud Montebourg, face \u00e0 Jean-Jacques Bourdin; vid\u00e9o) : <\/strong> http:\/\/www.bfmtv.com\/mediaplayer\/video\/arnaud-montebourg-face-a-jean-jacques-bourdin-en-direct-890073.html\n\n-La primaire de la gauche &#8220;est inadapt\u00e9e et incongrue, c&#8217;est une anomalie&#8221; (Sylvia Pinel, candidate \u00e0 l&#8217;\u00e9lection pr\u00e9sidentielle du PRG; invit\u00e9e de la matinale de Franceinfo; vid\u00e9o) :                   http:\/\/www.dailymotion.com\/video\/x540xhi_pour-sylvia-pinel-du-prg-la-primaire-de-la-gauche-inadaptee-et-incongrue-est-une-anomalie_news \n\n<strong>-&#8220;A quoi servent les primaires ?&#8221; (Paul Quil\u00e8s; ao\u00fbt 2016) : <\/strong> \nhttp:\/\/paul.quiles.over-blog.com\/2016\/08\/a-quoi-donc-servent-les-primaires.html\n\n-&#8220;Impensable de supprimer la primaire. Il (Fran\u00e7ois Hollande) doit en passer par l\u00e0&#8221; (Christophe Barbier; vid\u00e9o) :                                                                                                                                   http:\/\/www.bfmtv.com\/mediaplayer\/video\/l-edito-de-christophe-barbier-la-primaire-de-la-gauche-est-elle-menacee-890063.html\n\n<br \/>&mdash;&nbsp;&#8220;Le meilleur porteur du bilan, c&#8217;est le Pr\u00e9sident de la R\u00e9publique. Le meilleur porteur en second, c&#8217;est le premier ministre. Manuel Valls peut faire un excellent candidat \u00e0 la pr\u00e9sidence d la R\u00e9publique&#8221; (Michel Sapin; vid\u00e9o) :                 http:\/\/www.lcp.fr\/la-politique-en-video\/un-premier-ministre-comme-manuel-valls-peut-faire-un-excellent-candidat-la \n\n-&#8220;Si, Si, le parti socialiste a un programme&#8221; (Lilian Alemagna) : http:\/\/www.liberation.fr\/france\/2016\/11\/29\/si-si-le-parti-socialiste-a-un-programme_1531762?xtor=EPR\n\n-&#8220;Terra Nova&#8221; pr\u00e9conise &#8220;un revenu minimum d\u00e9cent&#8221; pour remplacer les minima sociaux (Tonino Serafini) :                                                                                                                                                 http:\/\/www.liberation.fr\/france\/2016\/11\/29\/un-revenu-minimum-decent-pour-remplacer-les-minima-sociaux_1531788?xtor\n\n-&#8220;Il faut que la gauche se ressaisisse. Le d\u00e9saccord Hollande-Valls est de la mise en sc\u00e8ne. Que chacun soit \u00e0 son poste. Emmanuel Macron s&#8217;inscrit dans le p\u00e9rim\u00e8tre des progressistes, de la gauche. J&#8217;appelle \u00e0 une primaire de toute la gauche et du centre -gauche tourn\u00e9e vers l&#8217;avenir&#8221; (Bruno Le Roux, pr\u00e9sident du groupe socialiste, face \u00e0 Laurence Ferrari; vid\u00e9o) : http:\/\/www.itele.fr\/chroniques\/invite-politique-ferrari-tirs-croises\/linvite-de-laurence-ferrari-du-30112016-171808\n\n-&#8220;Je crois vraiment qu&#8217;on peut gagner&#8221; (la secr\u00e9taire d&#8217;Etat Juliette M\u00e9adel face \u00e0 Ruth Elkrief; vid\u00e9o) : http:\/\/www.bfmtv.com\/mediaplayer\/video\/juliette-meadel-je-crois-vraiment-qu-on-peut-gagner-en-2017-890343.html\n\n<strong>-&#8220;On a le droit d&#8217;\u00eatre contre l&#8217;avortement, on n&#8217;a pas le droit, sur un site,  de tromper les femmes pour les dissuader d&#8217;y recourir. Ce que propose Fran\u00e7ois Fillon revient \u00e0 donner les cl\u00e9s de l&#8217;Assurance maladie aux assurances priv\u00e9es&#8221; (Marisol Touraine, ministre de la sant\u00e9, face \u00e0 Caroline Roux; vid\u00e9o) :  <\/strong>                                                                                                                              http:\/\/www.francetvinfo.fr\/societe\/ivg\/4-verites-ivg-touraine-repond-au-president-de-la-conference-des-eveques-de-france_1946369.html         \n\n<strong>-Le co\u00fbt de la sant\u00e9 en hausse (vid\u00e9o) :<\/strong>                                                                                                                                                                                                                                                   http:\/\/www.francetvinfo.fr\/economie\/emploi\/carriere\/vie-professionnelle\/sante-au-travail\/cout-de-la-sante-en-hausse-les-mutuelles-pointees-du-doigt_1946275.html\n\n-&#8220;Sur l&#8217;avortement, qu&#8217;est-ce que c&#8217;est qu&#8217;une information biais\u00e9e ? Ce site donne des informations utiles aux femme. L&#8217;\u00e9glise ne fera pas campagne et ne donnera pas de consignes de vote&#8221; (Mgr Olivier Ribadeau-Dumas, porte-parole de la Conf\u00e9rence des \u00e9v\u00eaques de France; interrog\u00e9 par Thomas Sotto; vid\u00e9o) :                                                                                                                                         http:\/\/www.europe1.fr\/emissions\/l-interview-verite\/mgr-olivier-ribadeau-dumas-leglise-ne-donnera-pas-de-consigne-de-vote-2914856\n\n-Faut-il \u00e9tendre le d\u00e9lit d&#8217;entrave au num\u00e9rique ? (Catherine Courcelle, d\u00e9put\u00e9e PS de la Vienne, face \u00e0 Dominique Tian, d\u00e9put\u00e9 LR des Bouches-du-Rh\u00f4ne; vid\u00e9o) :                                                  http:\/\/www.rtl.fr\/actu\/societe-faits-divers\/delit-d-entrave-a-l-ivg-faut-il-l-etendre-au-numerique-7786048312\n\n-&#8220;L&#8217;AG&#8221;, un collectif pour sauver&#8230;Hollande&#8221; (Margaud Duguet) :                                                                                                                                                                                                             http:\/\/www.francetvinfo.fr\/politique\/ps\/presidentielle-2017-des-personnalites-lancent-un-collectif-pour-sauver-la-gauche-et-hollande_1943523.html#xtor\n\n<em>-La lettre des \u00e9lus socialistes de V\u00e9nissieux (69) aux participants \u00e0 la primaire de la droite (document; pi\u00e8ce jointe);<\/em>\n\n<strong>-&#8220;Primaires et d\u00e9mocratie&#8221; (Thomas Legrand; son) : <\/strong> https:\/\/www.franceinter.fr\/emissions\/l-edito-politique\/l-edito-politique-30-novembre-2016\n\n-L&#8217;Assembl\u00e9e r\u00e9habilite les communards victimes de la r\u00e9pression :                                                                                                                                                                                                       http:\/\/www.lemonde.fr\/societe\/article\/2016\/11\/30\/l-assemblee-rehabilite-les-communards-victimes-de-la-repression_5040565_3224.html\n\n-&#8220;J&#8217;appelle Fran\u00e7ois Bayrou \u00e0 nous rejoindre&#8221; (Emmanuel Macron; vid\u00e9o) : http:\/\/www.bfmtv.com\/politique\/primaire-a-droite-macron-appelle-bayrou-a-le-rejoindre-1064266.html\n\n<strong>-&#8220;Le programme de Fran\u00e7ois Fillon est dangereux pour l&#8217;alternance. Je n&#8217;exclus rien&#8221; (Fran\u00e7ois Bayrou au JT de France 2; face \u00e0 David Pujadas; vid\u00e9o) :       <\/strong>     \nhttp:\/\/www.francetvinfo.fr\/politique\/francois-fillon\/francois-bayrou-negocier-ou-se-presenter_1947017.html\n\n-&#8220;Nous voulons une alliance claire et loyale avec Fran\u00e7ois Fillon&#8221; (Herv\u00e9 Morin, pr\u00e9sident UDI de la r\u00e9gion Normandie; invit\u00e9 de la matinale d&#8217;i-T\u00e9l\u00e9; vid\u00e9o) :                                                               http:\/\/www.itele.fr\/chroniques\/invite-michael-darmon\/linvite-de-michael-darmon-du-30112016-171799\n\n-&#8220;Le Nouveau Centre veut quitter l&#8217;UDI pour se rapprocher de Fran\u00e7ois Fillon&#8221; (Maurice Leroy, d\u00e9put\u00e9 du Loir-et-Cher; vid\u00e9o) :                                 http:\/\/www.lcp.fr\/la-politique-en-video\/2017-le-nouveau-centre-veut-quitter-ludi-pour-se-rapprocher-de-fillon\n\n-&#8220;Il n&#8217;y a pas besoin de casque bleu, il n&#8217;y a plus de probl\u00e8mes chez les R\u00e9publicains. La France est parmi les pays d\u00e9velopp\u00e9s celui qui travaille le moins. Sans un changement important, nous n&#8217;y arriverons pas. Les axes du programme resteront ce qu&#8217;ils sont&#8221; (Bernard Accoyer, secr\u00e9taire g\u00e9n\u00e9ral des R\u00e9publicains; face \u00e0 Audrey Crespo-Mara; vid\u00e9o) : http:\/\/www.lci.fr\/replay\/replay-l-invite-politique-du-30-novembre-bernard-accoyer-2015094.html \n\n-&#8220;La droite n&#8217;a jamais \u00e9t\u00e9 aussi pr\u00eate&#8221; (Thierry Sol\u00e8re, d\u00e9put\u00e9 LR des Hauts-de-Seine; invit\u00e9 de L\u00e9a Salam\u00e9; vid\u00e9os) : https:\/\/www.franceinter.fr\/emissions\/l-invite-de-7h50\/l-invite-de-7h50-30-novembre-2016\n\n<strong>-&#8220;L&#8217;absence de vote populaire affaiblit Fran\u00e7ois Fillon&#8221; (G\u00e9rald Darmanin, ex porte-parole de Nicolas Sarkozy; cit\u00e9 par Matthieu Goar; pi\u00e8ce jointe); \n<\/strong>\n\n<strong>-&#8220;Je ne me retrouve pas derri\u00e8re le programme \u00e9conomique et social de Fran\u00e7ois Fillon. Je ne suis pas d&#8217;accord d&#8217;aller dans cette direction. Le but n&#8217;est pas de gagner l&#8217;\u00e9lection mais de savoir ce que l&#8217;on fait apr\u00e8s. Je suis gaulliste&#8221; (Henri Guaino, candidat \u00e0 l&#8217;\u00e9lection pr\u00e9sidentielle; invit\u00e9 de &#8220;Politique Matin&#8221;; vid\u00e9o, amener le curseur sur 29:27) :<\/strong>\nhttp:\/\/www.lcp.fr\/emissions\/politique-matin\/279002-la-matinale-du-30-novembre-2016\n\n-&#8220;L&#8217;\u00e9cologie sans d\u00e9magogie&#8221; (Aude Fontenoy, vice-pr\u00e9sidente LR de la r\u00e9gion PACA; son) :                                                                                                                                                                  http:\/\/www.sudradio.fr\/Podcasts\/L-invite-pour-comprendre\/Maud-Fontenoy-Navigatrice-Vice-Presidente-LR-de-la-Region-PACA\n\n<strong>-Le syst\u00e8me de sant\u00e9 selon Fran\u00e7ois Fillon, en d\u00e9bat au &#8220;T\u00e9l\u00e9phone sonne&#8221; de France Inter. Avec le professeur \u00e9m\u00e9rite Andr\u00e9 Grimaldi; Serge Grouard, d\u00e9put\u00e9 LR du Loiret et Fr\u00e9d\u00e9ric Bizard, \u00e9conomiste, sp\u00e9cialis\u00e9 sur les questions sociales et de sant\u00e9. D\u00e9bat anim\u00e9 par Nicolas Demorand (son) :   <\/strong>                            https:\/\/www.franceinter.fr\/emissions\/le-telephone-sonne\/le-telephone-sonne-30-novembre-2016\n\n-&#8220;Fillon a un programme pour les gens sans probl\u00e8mes&#8221; (Nicolas Dupont-Aignan, invit\u00e9 de &#8220;Territoires d&#8217;Infos&#8221;; vid\u00e9o, amener le curseur sur 33:50) :                                                                          http:\/\/www.sudradio.fr\/Politique\/L-interview-politique\/Dupont-Aignan-Fillon-a-un-programme-pour-les-gens-sans-problemes\n\n-&#8220;Son programme est fou&#8221; (vid\u00e9o) : http:\/\/www.europe1.fr\/politique\/nicolas-dupont-aignan-le-programme-de-francois-fillon-est-fou-2914568\n\n-&#8220;Fillon veut casser notre mod\u00e8le social. le Front national ne reviendra pas sur la loi Veil&#8221; (David Rachline, directeur de campagne de Marine Le Pen, \u00e9tait l&#8217;invit\u00e9 de la matinale de RTL. Il \u00e9tait interrog\u00e9 par Elizabeth Martichoux; vid\u00e9os) : http:\/\/www.rtl.fr\/actu\/politique\/presidentielle-2017-fillon-veut-casser-notre-modele-social-dit-rachline-le-pen-7786047812?utm_campaign\n\n-&#8220;Marine Le Pen va faire une campagne anti Fillon&#8221; (Alba Ventura; vid\u00e9o) :                                                                                                                                                                                                          http:\/\/www.rtl.fr\/actu\/politique\/presidentielle-2017-marine-le-pen-va-faire-une-campagne-anti-fillon-analyse-alba-ventura-7786047539\n\n-&#8220;Fran\u00e7ois Fillon fait le m\u00e9nage chez les R\u00e9publicains&#8221; (Geoffroy Lejeune de &#8220;Valeurs actuelles&#8221;; vid\u00e9o) :                                                                                                                                                   http:\/\/rmc.bfmtv.com\/mediaplayer\/video\/qg-bourdin-2017-francois-fillon-fait-le-menage-chez-les-republicains-et-place-ses-hommes-3011-890055.html\n\n-&#8220;Bernard Accoyer, un n\u00e9gociateur rompu aux missions d\u00e9licates&#8221; (Patrick Roger) :                                                                                                                                                                             http:\/\/www.lemonde.fr\/election-presidentielle-2017\/article\/2016\/11\/30\/bernard-accoyer-un-negociateur-rompu-aux-missions-delicates_5040556_4854003.html\n\n-&#8220;Les chiffres qui donnent raison \u00e0 Fillon&#8221; (Yves Thr\u00e9ard; vid\u00e9o) :  http:\/\/www.europe1.fr\/emissions\/ledito-politique-dyves-threard\/fonctionnaires-les-chiffres-qui-donnent-raison-a-fillon-2914763\n\n<strong>-&#8220;Le pire adversaire pour le FN ?&#8221; (en d\u00e9bat sur &#8220;\u00c7a vous regarde&#8221; sur la cha\u00eene parlementaire; vid\u00e9o) <\/strong> : http:\/\/www.lcp.fr\/emissions\/ca-vous-regarde\/279269-f-fillon-le-pire-adversaire-pour-le-fn\n\n<em>-Le barom\u00e8tre politique (ODOXA) <\/em> :  http:\/\/www.odoxa.fr\/barometre-politique-fillon-senvole-hollande-toujours-au-plus-bas\/\n\n-&#8220;Valls pr\u00e9f\u00e9r\u00e9 \u00e0 Hollande&#8221; (en d\u00e9bat chez Ruth Elkrief; vid\u00e9o) :    http:\/\/www.bfmtv.com\/mediaplayer\/video\/primaire-de-la-gauche-valls-prefere-a-hollande-890345.html\n\n<em>-Les intentions de vote \u00e0 l&#8217;\u00e9lection pr\u00e9sidentielle 2017 (ELABE) : <\/em> http:\/\/elabe.fr\/presidentielle-2017-intentions-de-vote-a-5-mois-scrutin\/\n\n<em>-Le regard des Fran\u00e7ais sur Fran\u00e7ois Fillon (IFOP) <\/em> : http:\/\/www.ifop.com\/?option=com_publication&#038;type=poll&#038;id=3570\n\n<strong>EUROPE-MONDE<\/strong>\n\n-&#8220;L&#8217;\u00e9quipe pressentie de Donald Trump a de quoi inqui\u00e9t\u00e9 l&#8217;Europe&#8221; (le journaliste am\u00e9ricain Harold Hyman; son) :                                                                  https:\/\/www.franceinter.fr\/emissions\/meridien-d-europe\/meridien-d-europe-30-novembre-2016\n\n<strong>-L&#8217;accord post-Cotonou entre l&#8217;Union europ\u00e9enne et les pays d&#8217;Afrique, des Cara\u00efbes et du Pacifique, confront\u00e9 \u00e0 la crise migratoire (C\u00e9cile Barbi\u00e8re) :  <\/strong>                                                         http:\/\/www.euractiv.fr\/section\/aide-au-developpement\/news\/laccord-post-cotonou-confronte-a-la-crise-migratoire\/?nl_ref=25987423\n\n-L&#8217;Union europ\u00e9enne reconnait son \u00e9chec dans la lutte contre la discrimination des Roms :                                                                                                                                                                        http:\/\/www.euractiv.fr\/section\/politique\/news\/lue-reconnait-son-echec-dans-la-lutte-contre-la-discrimination-des-roms\/?nl_ref=25987423\n\n<strong>-Les cinq enjeux du sommet spatial europ\u00e9en de Lucerne (Olivier Dessiboug) :   <\/strong> https:\/\/www.letemps.ch\/sciences\/2016\/11\/30\/cinq-enjeux-sommet-spatial-europeen-lucerne?utm_source\n\n<strong>-&#8220;Les \u00e9tats membres craignent de froisser l&#8217;industrie automobile en mettant en place un syst\u00e8me ind\u00e9pendant de contr\u00f4le des \u00e9missions des v\u00e9hicules&#8221;  (Arthur Neslen) <\/strong> :                                   http:\/\/www.euractiv.fr\/section\/transport\/news\/eu-stalls-pledge-to-carry-out-independent-checks-on-car-emissions\/?nl_ref=25987423\n\n-&#8220;Dans l&#8217;\u00e9nergie, les startups \u00e0 la rescousse des op\u00e9rateurs historiques fragilis\u00e9s&#8221;  (Dominique Pialot) :                                                                                                                                                       http:\/\/www.latribune.fr\/entreprises-finance\/industrie\/energie-environnement\/energie-les-startups-des-services-a-la-rescousse-d-operateurs-historiques-fragilises-620972.html\n\n-Des entreprises europ\u00e9ennes r\u00e9clament des objectifs nationaux pour les renouvelables (Aline Robert) :                                                                                                                                            http:\/\/www.euractiv.fr\/section\/climat-environnement\/news\/des-entreprises-europeennes-reclament-des-objectifs-nationaux-pour-les-renouvelables\/?nl_ref=25987423\n\n-Le syndrome des &#8220;Tanguy&#8221; perdure, surtout en Europe du Sud (Samuel Morgan) :                                                                                                                                                                                         http:\/\/www.euractiv.fr\/section\/europe-sociale-emploi\/news\/young-europeans-continue-to-find-it-difficult-to-fly-the-nest\/?nl_ref=25987423\n\n-Apr\u00e8s le d\u00e9part de Martin Schulz, les socialistes veulent un nouveau poste europ\u00e9en de haut niveau (Sarantis Michalopoulos) :                                                                                                            http:\/\/www.euractiv.fr\/section\/politique\/news\/sources-sd-ready-counterattack-against-epp\/?nl_ref=25987423\n\n-Le Danemark en pointe dans la lutte contre le gaspillage alimentaire (St\u00e9phanie Senet) :                                                                                                                                                                           http:\/\/www.euractiv.fr\/section\/agriculture-alimentation\/news\/le-danemark-a-la-pointe-contre-le-gaspillage-alimentaire\/?nl_ref=25987423\n\n-Vers une interdiction de la burqa aux Pays-Bas (vid\u00e9o) : http:\/\/nr.news-republic.com\/Web\/ArticleWeb.aspx?regionid=2&#038;articleid=78822519\n\n<strong>-En Autriche, une survivante de l&#8217;Holocauste appelle \u00e0 ne pas voter dimanche pour le candidat de l&#8217;extr\u00eame-droite (vid\u00e9o) :  <\/strong>                                                                                                            http:\/\/www.francetvinfo.fr\/monde\/europe\/migrants\/video-autriche-une-survivante-de-l-holocauste-appelle-a-ne-pas-voter-pour-le-candidat-d-extreme-droite_1943655.html#xtor\n\n<strong>-&#8220;En Italie, en Autriche, le dimanche de tous les dangers&#8221; (Bernard Guetta; son) :<\/strong> https:\/\/www.franceinter.fr\/emissions\/geopolitique\/geopolitique-30-novembre-2016\n\n-&#8220;Les Balkans r\u00eavent d&#8217;un nouvel \u00e9lan pour leur candidature \u00e0 l&#8217;Union europ\u00e9enne&#8221; (Samuel Morgan) :                                                                                                                                                     http:\/\/www.euractiv.fr\/section\/l-europe-dans-le-monde\/news\/balkan-candidates-hope-to-reinvigorate-eu-bids\/?nl_ref=25987423\n\n-&#8220;Il existe de tr\u00e8s nombreuses alternatives \u00e0 l&#8217;Union europ\u00e9enne&#8221; (Erdogan; vid\u00e9o) : http:\/\/nr.news-republic.com\/Web\/ArticleWeb.aspx?regionid=2&#038;articleid=78765919\n\n<strong>-&#8220;Les Etats-Unis ont laiss\u00e9 le champ libre \u00e0 la Russie devenue incontournable&#8221; (le politologue Bruno Tertrais; propos recueillis par Faustine Vincent) : <\/strong>                  http:\/\/www.lemonde.fr\/syrie\/article\/2016\/11\/30\/syrie-les-etats-unis-ont-laisse-le-champ-libre-a-la-russie-devenue-incontournable_5041084_1618247.html#xtor\n\n<strong>-&#8220;Le Rwanda annonce l&#8217;ouverture d&#8217;une enqu\u00eate sur le r\u00f4le de vingt responsables fran\u00e7ais dans le g\u00e9nocide de 1994&#8221; (Maria Malagardis) :     <\/strong>                                                                   http:\/\/www.liberation.fr\/planete\/2016\/11\/25\/rwanda-paris-rouvre-le-dossier-kigali-menace_1531039?xtor\n\n<strong>-La pr\u00e9vention du sida au S\u00e9n\u00e9gal (V\u00e9ronique Julia; son) : <\/strong>                           https:\/\/www.franceinter.fr\/emissions\/le-zoom-de-la-redaction\/le-zoom-de-la-redaction-30-novembre-2016\n\n-Le S\u00e9nat colombien approuve le nouvel accord avec les Farc :                                                                                                                                                                                                                   http:\/\/www.lemonde.fr\/ameriques\/article\/2016\/11\/30\/le-senat-colombien-approuve-le-nouvel-accord-de-paix-avec-les-farc_5040580_3222.html\n\n-Le Br\u00e9sil en deuil apr\u00e8s la disparition d&#8217;une \u00e9quipe de football dans le crash de l&#8217;avion en Colombie (vid\u00e9o) :                                                                                                                                    http:\/\/www.francetvinfo.fr\/monde\/bresil\/colombie-le-bresil-en-deuil-apres-le-crash-d-une-equipe-de-football_1946301.html\n\n-&#8220;Il ne s&#8217;agit pas de porter un jugement sur l&#8217;histoire de cet homme. Il s&#8217;agit de reconna\u00eetre \u00e0 Cuba la place qui est la sienne aujourd&#8217;hui&#8221; (Jean-Pierre Bel, repr\u00e9sentant de Fran\u00e7ois Hollande aux obs\u00e8ques de Fidel Castro; interrog\u00e9 par Marc-Olivier Fogiel; son) : http:\/\/www.rtl.fr\/actu\/societe-faits-divers\/jean-pierre-bel-je-ne-crois-pas-qu-il-y-ait-une-gene-7786043219\n\n<strong>-&#8220;Cuba apr\u00e8s la mort de Fidel Castro&#8221; (sur Mediapart; vid\u00e9o) :   <\/strong>             https:\/\/www.youtube.com\/watch?v=RTAFY0Asd1o\n\n-Au centre de la Chine, une mer de nuages recouvre les monts Tianzi (vid\u00e9o) :                                                                                                                                                                                http:\/\/www.francetvinfo.fr\/monde\/chine\/video-une-mer-de-nuages-recouvre-les-monts-tianzi-au-centre-de-la-chine_1943347.html#xtor\n\n-En Indon\u00e9sie, des enfants au travail dans les plantations :                                                                                                                                                                                                                           http:\/\/www.lemonde.fr\/planete\/article\/2016\/11\/30\/travaux-forces-exploitation-d-enfants-des-abus-dans-la-production-d-huile-de-palme_5040568_3244.html\n\n<strong>-Neuf multinationales en cause (Amnesty International; vid\u00e9o) : <\/strong> https:\/\/www.amnesty.fr\/responsabilite-des-entreprises\/actualites\/huile-de-palme-travail-des-enfants-et-travail-force\n\n-L&#8217;Inde retire ses grosses coupures pour lutter contre la corruption&#8221; (Fran\u00e7ois Lenglet; vid\u00e9o) :                                                                                                                                                                      http:\/\/www.rtl.fr\/actu\/international\/l-inde-retire-ses-grosses-coupures-pour-lutter-contre-la-corruption-7786047727\n\n-&#8220;L&#8217;ONU met en garde contre l&#8217;\u00e9rosion de la communaut\u00e9 internationale&#8221; (Fr\u00e9d\u00e9ric Koller) : https:\/\/www.letemps.ch\/monde\/2016\/11\/30\/lonu-met-garde-contre-lerosion-communaute-internationale?utm_source\n\n<strong>CULTURE-MEDIAS<\/strong>\n\n<strong>-&#8220;L&#8217;obscurantisme qui se r\u00e9pand est tr\u00e8s troublant&#8221; (le Nobel de physique Serge Haroche et la g\u00e9n\u00e9ticienne Catherine Bourgain \u00e9taient les invit\u00e9s de la matinale de France Inter (vid\u00e9os) :<\/strong>  https:\/\/www.franceinter.fr\/emissions\/l-invite-de-8h20\/l-invite-de-8h20-30-novembre-2016\n\n-Le vendredi 9 d\u00e9cembre \u00e0 &#8220;L&#8217;Huma-Caf\u00e9&#8221; de Nantes, &#8220;Robespierre, le mythe et la r\u00e9alit\u00e9&#8221;, avec l&#8217;historien Jean-Cl\u00e9ment Martin (pi\u00e8ce jointe);\n\n<strong>-&#8220;Ce qu&#8217;est la droite de Fran\u00e7ois Fillon&#8221; (Mediapart a consacr\u00e9 une soir\u00e9e au sujet; vid\u00e9os) :<\/strong>  https:\/\/www.youtube.com\/watch?v=e80pkzCl9lU                             https:\/\/www.youtube.com\/watch?v=-5Md33l1r-E                                          https:\/\/www.youtube.com\/watch?v=mWEZte6lHEM                                            https:\/\/www.youtube.com\/watch?v=zhJyx6UOluA\n\n<strong>-&#8220;Un livre sur cinq vendu vient du secteur jeunesse. Nous allons recevoir 2 000 auteurs au salon. La tablette et le livre sont compl\u00e9mentaires. Le livre audio se d\u00e9veloppe aussi. Il y a des auteurs reconnus par leurs jeunes lecteurs&#8221; (Sylvie Vassalo, directrice du salon du livre et de la presse jeunesse de Montreuil (93); interrog\u00e9e par Dimitri Pavlenko; son) :  <\/strong>                                      http:\/\/www.sudradio.fr\/Podcasts\/L-invite-pour-comprendre\/Sylvie-Vassallo-directrice-du-salon-du-livre-et-de-la-presse-jeunesse\n\n-&#8220;Le march\u00e9 du livre jeunesse se porte bien&#8221; (Servane Guiho, \u00e9ditrice d&#8217;Albin Michel Jeunesse; interrog\u00e9e par Eric Delvaux; son) :                              https:\/\/www.franceinter.fr\/emissions\/l-invite-du-5-7\/l-invite-du-5-7-30-novembre-2016\n\n-&#8220;Dans le dos d&#8217;Ariane Mnouchkine&#8221; (Marine Landrot) : http:\/\/www.telerama.fr\/livre\/sur-le-fil-insoumis-d-ariane-mnouchkine,150672.php#xtor\n\n-Jiri Kylian, grand ma\u00eetre de la danse europ\u00e9enne d&#8217;origine tch\u00e8que, \u00e0 l&#8217;Op\u00e9ra de Paris jusqu&#8217;au 31 d\u00e9cembre (propos recueillis par Emmanuelle Bouchez; vid\u00e9o) :                                            http:\/\/www.telerama.fr\/sortir\/jiri-kylian-mes-choregraphies-sont-le-fruit-de-ma-propre-fantaisie,150782.php#xtor\n\n-Jusqu&#8217;au 3 d\u00e9cembre au Mouffetard, &#8220;Maniacs&#8221;. Ulrike Quade met en sc\u00e8ne l&#8217;histoire d&#8217;amour entre un danseur et une marionnette (Belinda Mathieu; vid\u00e9o) :                                                         http:\/\/www.telerama.fr\/sortir\/au-mouffetard-l-histoire-d-amour-troublante-entre-un-danseur-et-une-poupee-en-silicone,150777.php#xtor                                                                  http:\/\/www.lemouffetard.com\/spectacle\/maniacs\n\n-&#8220;Les saints bizarres de Bretagne&#8221; (Agni\u00e8s Giard) : http:\/\/sexes.blogs.liberation.fr\/2016\/11\/29\/sainte-trois-seins-vive-la-bretagne\/\n\n<strong>-&#8220;Dix artistes \u00e0 d\u00e9couvrir aux &#8220;Bars en Trans&#8221; et aux &#8220;Trans Musicales&#8221; de Rennes (Erwan Perron et Jean-Baptiste Roch; vid\u00e9os et sons) :  <\/strong>                                                                                     http:\/\/www.telerama.fr\/musique\/10-artistes-a-decouvrir-aux-bars-en-trans-et-aux-trans-musicales-de-rennes,150696.php#xtor\n\n-Retrouver Robert Wyatt avec Fran\u00e7ois Gorin (son) : http:\/\/www.telerama.fr\/musique\/robert-wyatt-4-passion-du-fruit-etrange,150778.php#xtor\n\n<strong>-Jim Jarmusch en m\u00e9lomane (Rebecca Manzoni; vid\u00e9o) <\/strong> :                          https:\/\/www.franceinter.fr\/emissions\/pop-co\/pop-co-30-novembre-2016\n\n<strong>-Tom Hanks nous parle de &#8220;Sully&#8221;, le film de Clint Eastwood (entretien r\u00e9alis\u00e9 par Caroline Besse; vid\u00e9o) :  <\/strong>                                                                                                                                http:\/\/www.telerama.fr\/cinema\/le-film-de-la-semaine-tom-hanks-nous-parle-de-sully-de-clint-eastwood,150781.php#xtor\n\n-&#8220;Un amerrissage am\u00e9ricain&#8221; (Jacques Mandelbaum; vid\u00e9o) : http:\/\/www.lemonde.fr\/cinema\/article\/2016\/11\/29\/sully-un-amerrissage-americain_5039937_3476.html\n\n-L&#8217;avis des critiques du &#8220;Monde&#8221; (vid\u00e9o) : http:\/\/www.lemonde.fr\/cinema\/video\/2016\/11\/29\/critique-de-sully-entre-prouesse-narrative-et-conjuration-du-11-septembre_5040284_3476.html\n\n-&#8220;Dix films que vous ne verrez jamais en avion&#8221; (Jacques Morice) : http:\/\/www.telerama.fr\/cinema\/10-films-que-vous-ne-verrez-jamais-en-avion-ou-alors-tronques,150602.php#xtor\n\n<strong>-&#8220;Dune&#8221;, le film impossible de Jodorowsky (J\u00e9r\u00e9mie Couston; vid\u00e9o) : <\/strong> http:\/\/www.telerama.fr\/sortir\/la-folle-histoire-de-dune-le-film-impossible-de-jodorowsky,150677.php#xtor\n\n-&#8220;Je ne veux pas r\u00e9p\u00e9ter ce qui a \u00e9t\u00e9 fait&#8221; (entretien avec le cin\u00e9aste, r\u00e9alis\u00e9 par J\u00e9r\u00e9mie Couston; vid\u00e9o) :                                                                                                                                      http:\/\/www.telerama.fr\/cinema\/alejandro-jodorowsky-je-ne-veux-pas-repeter-ce-qui-a-ete-fait,148388.php\n\n-Wes Andersen vient de r\u00e9aliser la publicit\u00e9 des magasins H\u00a7M comme David O. Russell l&#8217;avait fait pour Prada (Romain Capelle; vid\u00e9os) :                                                                                                http:\/\/www.telerama.fr\/cinema\/le-nouveau-court-metrage-wes-anderson-est-une-pub-et-elle-ne-manque-pas-de-charme,150783.php#xtor\n\n<strong>-Amelle Chahbi, r\u00e9alisatrice du documentaire &#8220;Pourquoi nous d\u00e9testent-ils&#8221;, invit\u00e9e d&#8217;Audrey Crespo-Mara; vid\u00e9o) :    <\/strong>                                                              http:\/\/www.lci.fr\/replay\/replay-audrey-crespo-mara-recoit-amelle-chahbi-comedienne-et-corealisatrice-de-pourquoi-nous-detestent-ils-2015100.html\n\n-Le nouveau projet de &#8220;la Marseillaise&#8221; (Pierre Dharreville) : http:\/\/www.lamarseillaise.fr\/promotion-et-ventes\/evenements\/40358-soutenez-le-nouveau-projet-de-la-marseillaise\n\n<strong>-De nouveaux jeunes regards pour le journalisme dans &#8220;Le Monde Acad\u00e9mie&#8221;. D\u00e9couvrir leurs articles ici  :     <\/strong>                                                                                                                                            http:\/\/www.lemonde.fr\/monde-academie\/article\/2016\/11\/29\/le-monde-academie-de-nouveaux-regards-pour-le-journalisme_5040374_1752655.html\n\n-&#8220;Le volet Carolis de l&#8217;affaire Bygmalion&#8221; (Richard S\u00e9n\u00e9joux) : http:\/\/television.telerama.fr\/television\/affaire-bygmalion-volet-carolis-le-proces-des-renvois-d-ascenseurs,150780.php#xtor\n\n<strong>-Apr\u00e8s 14 ans de luttes, Radio France de retour sur la bande FM \u00e0 Bagnolet (93) : <\/strong> \nhttp:\/\/www.ville-bagnolet.fr\/index.php\/lire-actualite\/items\/radio-france-de-retour-sur-la-bande-fm-a-bagnolet-1597.html\n\n-Sur France Inter, &#8220;La T\u00eate au carr\u00e9&#8221; de Mathieu Vidard f\u00eate son dixi\u00e8me anniversaire (Aude Dassonville) :                                                                                                                                               http:\/\/www.telerama.fr\/radio\/la-tete-au-carre-puissance-dix,150328.php#xtor\n\n<strong>-La derni\u00e8re livraison avait pour th\u00e8me : &#8220;Le Sahara, le plus grand mus\u00e9e pr\u00e9historique au monde&#8221; (son) :    <\/strong>                                                                                                                           https:\/\/www.franceinter.fr\/emissions\/la-tete-au-carre\/la-tete-au-carre-29-novembre-2016\n\n-Une prestation qui fait scandale \u00e0 la t\u00e9l\u00e9vision russe (vid\u00e9o) :                                                                                                                                                                                                           http:\/\/www.francetvinfo.fr\/monde\/russie\/video-shoah-sur-glace-une-prestation-de-patinage-en-habit-de-deportes-fait-scandale_1943623.html#xtor\n\n-&#8220;Je serai de retour pour la campagne pr\u00e9sidentielle de 2017&#8221; (L\u00e9a Salam\u00e9, interrog\u00e9e par Thomas Joubert; vid\u00e9o) :                                                                                                                            http:\/\/www.europe1.fr\/emissions\/l-invite-medias\/lea-salame-je-serai-de-retour-pour-la-campagne-presidentielle-de-2017-2915042\n\n-Quand Manuel Valls appelle le pr\u00e9sident tunisien &#8220;p\u00e9nis&#8221; (vid\u00e9o) :                                                                                                                                                                                                                     http:\/\/www.francetvinfo.fr\/politique\/manuel-valls\/video-manuel-valls-appelle-le-president-tunisien-beji-caid-ezzebi-ce-qui-signifie-penis-en-tunisien_1944723.html#xtor\n\n<strong>-&#8220;Le grand remplacement a commenc\u00e9 \u00e0 LR&#8221; (Charline Vanhoenacker; vid\u00e9o) : <\/strong> https:\/\/www.franceinter.fr\/emissions\/le-billet-de-charline-vanhoenacker\/le-billet-de-charline-vanhoenacker-30-novembre-2016\n\n<strong>-&#8220;Nous sommes un sac de vieux, vieux, vieux atomes&#8221; (Nicole Ferroni; vid\u00e9o) : <\/strong> https:\/\/www.franceinter.fr\/emissions\/le-billet-de-nicole-ferroni\/le-billet-de-nicole-ferroni-30-novembre-2016\n\n<h2 class=\"wp-block-heading\">Documents joints<\/h2>\n\n\n\n<div class=\"wp-block-file\"><a href=\"https:\/\/wp.muchomaas.com\/wp-content\/uploads\/2016\/12\/lettre_du_ps_aux_800_votants_du_ps_la_primaire_droite_27-0ed.11.2016.pdf\">lettre_du_ps_aux_800_votants_du_ps_la_primaire_droite_27.11.2016.pdf<\/a><\/div>\n\n\n\n<div class=\"wp-block-file\"><a href=\"https:\/\/wp.muchomaas.com\/wp-content\/uploads\/2016\/12\/vote_populaire-76e.pdf\">vote_populaire.pdf<\/a><\/div>\n\n\n\n<div class=\"wp-block-file\"><a href=\"https:\/\/wp.muchomaas.com\/wp-content\/uploads\/2016\/12\/2016_12_9_robespierre_le_mythe_et_l_histoire_diff-369.pdf\">2016_12_9_robespierre_le_mythe_et_l_histoire_diff.pdf<\/a><\/div>\n\n\n","protected":false},"excerpt":{"rendered":"<p>ACTUALITE -Dans le proc\u00e8s de &#8220;la chemise arrach\u00e9e &#8221; \u00e0 Air France, trois ex-salari\u00e9s de l&#8217;entreprise condamn\u00e9s \u00e0 trois et quatre mois de prison avec sursis, deux autres relax\u00e9s et onze \u00e0 une amende de 500 euros (Thomas Ba\u00efetto) : http:\/\/www.francetvinfo.fr\/economie\/transports\/greve-a-air-france\/direct-proces-de-la-chemise-arrachee-les-15-d-air-france-attendent-le-verdict_1946079.html#xtor -&#8220;C&#8217;est une condamnation que le gouvernement souhaitait. Nous ferons appel&#8221; (Mehdi Kemoune de la [&hellip;]<\/p>\n","protected":false},"author":1042,"featured_media":0,"comment_status":"open","ping_status":"open","sticky":false,"template":"","format":"standard","meta":{"_themeisle_gutenberg_block_has_review":false,"footnotes":""},"categories":[151],"tags":[],"class_list":["post-10046","post","type-post","status-publish","format-standard","hentry","category-la-revue-de-presse-de-lulu"],"_links":{"self":[{"href":"https:\/\/archives.regards.fr\/index.php?rest_route=\/wp\/v2\/posts\/10046","targetHints":{"allow":["GET"]}}],"collection":[{"href":"https:\/\/archives.regards.fr\/index.php?rest_route=\/wp\/v2\/posts"}],"about":[{"href":"https:\/\/archives.regards.fr\/index.php?rest_route=\/wp\/v2\/types\/post"}],"author":[{"embeddable":true,"href":"https:\/\/archives.regards.fr\/index.php?rest_route=\/wp\/v2\/users\/1042"}],"replies":[{"embeddable":true,"href":"https:\/\/archives.regards.fr\/index.php?rest_route=%2Fwp%2Fv2%2Fcomments&post=10046"}],"version-history":[{"count":0,"href":"https:\/\/archives.regards.fr\/index.php?rest_route=\/wp\/v2\/posts\/10046\/revisions"}],"wp:attachment":[{"href":"https:\/\/archives.regards.fr\/index.php?rest_route=%2Fwp%2Fv2%2Fmedia&parent=10046"}],"wp:term":[{"taxonomy":"category","embeddable":true,"href":"https:\/\/archives.regards.fr\/index.php?rest_route=%2Fwp%2Fv2%2Fcategories&post=10046"},{"taxonomy":"post_tag","embeddable":true,"href":"https:\/\/archives.regards.fr\/index.php?rest_route=%2Fwp%2Fv2%2Ftags&post=10046"}],"curies":[{"name":"wp","href":"https:\/\/api.w.org\/{rel}","templated":true}]}}