{"id":10044,"date":"2016-11-30T07:32:25","date_gmt":"2016-11-30T06:32:25","guid":{"rendered":"https:\/\/wp.muchomaas.com\/article-la-revue-du-30-novembre-2016\/"},"modified":"2023-06-23T23:23:35","modified_gmt":"2023-06-23T21:23:35","slug":"article-la-revue-du-30-novembre-2016","status":"publish","type":"post","link":"https:\/\/archives.regards.fr\/?p=10044","title":{"rendered":"La Revue du 30 novembre 2016"},"content":{"rendered":"ACTUALITE\n\n<strong>-Journ\u00e9e de mobilisation dans la Fonction publique (Bernadette Groison, secr\u00e9taire de la FSU, invit\u00e9e d&#8217;Eric Delvaux; son) :               <\/strong>                                                                               https:\/\/www.franceinter.fr\/emissions\/l-invite-du-5-7\/l-invite-du-5-7-29-novembre-2016\n\n-Rassembl\u00e9s devant le mus\u00e9e d&#8217;Orsay (vid\u00e9o) : http:\/\/www.francetvinfo.fr\/economie\/greve\/greve-des-fonctionnaires\/fonctionnaires-manifestation-des-agents-de-la-fonction-publique-a-paris_1945033.html\n\n<strong>-L&#8217;inqui\u00e9tude des fonctionnaires (chez Olivier Galzi sur i-T\u00e9l\u00e9, apr\u00e8s l&#8217;analyse du sondage SOFRES sur la pr\u00e9sidentielle; vid\u00e9o) :<\/strong>          http:\/\/www.itele.fr\/chroniques\/grand-decryptage-olivier-galzi\/le-grand-decryptage-du-29112016-171793 \n\n-&#8220;Airbus d\u00e9taille son plan de licenciements&#8221; (vid\u00e9o) : http:\/\/www.francetvinfo.fr\/economie\/emploi\/plans-sociaux\/airbus-detaille-son-plan-de-licenciements_1944817.html\n\n<strong>-Toutes les fonctions support touch\u00e9es. Plus de 2 000 salari\u00e9s impact\u00e9s. Le site de Suresnes ferm\u00e9  (Bruno Tr\u00e9vidic) : <\/strong>                                                                                                                               http:\/\/www.lesechos.fr\/industrie-services\/air-defense\/0211543060738-la-reorganisation-dairbus-entrainera-1165-suppressions-de-postes-2046549.php\n\n-Des r\u00e9actions \u00e0 Suresnes (92; vid\u00e9o) : http:\/\/france3-regions.francetvinfo.fr\/paris-ile-de-france\/hauts-de-seine\/suresnes-92-redoute-restructuration-airbus-1143279.html#xtor\n\n-&#8220;Bient\u00f4t, des n\u00e9gociations compliqu\u00e9es&#8221; (Jean-Marc Janaillac, le nouveau PDG d&#8217;Air France; vid\u00e9o) : http:\/\/www.lcp.fr\/la-politique-en-video\/air-france-bientot-des-negociations-compliquees-en-vue-prevoit-son-pdg\n\n<strong>-&#8220;Hollande est celui qui parle le plus de dialogue social et qui l&#8217;a le moins pratiqu\u00e9&#8221; (Jean-Claude Mailly, secr\u00e9taire g\u00e9n\u00e9ral de FO; invit\u00e9 de la r\u00e9daction des &#8220;Echos&#8221;; vid\u00e9os) :  <\/strong>                http:\/\/www.lesechos.fr\/economie-france\/social\/0211542842706-hollande-est-celui-qui-parle-le-plus-de-dialogue-sociale-et-qui-la-le-moins-pratique-deplore-j-c-mailly-2046519.php\n\n-&#8220;Le programme \u00e9conomique de Fran\u00e7ois Fillon, c&#8217;est la loi Travail puissance 10&#8221; (il \u00e9tait interrog\u00e9 par Thomas Sotto sur Europe 1; vid\u00e9o) :                                                           http:\/\/www.europe1.fr\/emissions\/l-interview-verite\/jean-claude-mailly-le-programme-economique-de-francois-fillon-cest-la-loi-travail-puissance-10-2913896\n\n-Il \u00e9tait aussi l&#8217;invit\u00e9 de Laurence Ferrari sur i-T\u00e9l\u00e9 (vid\u00e9o) : http:\/\/www.itele.fr\/chroniques\/invite-politique-ferrari-tirs-croises\/linvite-de-laurence-ferrari-du-29112016-171789\n\n<strong>-&#8220;Le projet \u00e9conomique de Fran\u00e7ois Fillon est porteur d&#8217;espoir&#8221; (Laurence Parisot, ancienne pr\u00e9sidente du Medef; interrog\u00e9e par Fr\u00e9d\u00e9ric Rivi\u00e8re; vid\u00e9o) :   <\/strong>                                                                http:\/\/www.rfi.fr\/video\/20161129-laurence-parisot-le-projet-economique-francois-fillon-est-porteur-espoir\n\n<strong>-&#8220;Fillon, c&#8217;est du Schr\u00f6der, pas du Thatcher&#8221; (Pierre Gattaz, pr\u00e9sident du Medef; entretien r\u00e9alis\u00e9 par Claire Bauchard, Le\u00efla de Comarmond et Etienne Lefebvre) :  <\/strong>                                     http:\/\/www.lesechos.fr\/economie-france\/social\/0211540245299-pierre-gattaz-fillon-cest-du-schroder-pas-du-thatcher-2046254.php\n\n-&#8220;Le Medef ne fait pas de politique&#8221; (il \u00e9tait l&#8217;invit\u00e9 d&#8217;Yves Calvi et a avou\u00e9 pr\u00e9f\u00e9rer Fran\u00e7ois Fillon \u00e0 Jean-Luc M\u00e9lenchon; vid\u00e9o, amener le curseur sur 1:12:10) : http:\/\/www.lci.fr\/replay\/replay-24-heures-en-questions-du-lundi-28-novembre-2016-2014892.html\n\n-Pour la premi\u00e8re fois, la Fage devance l&#8217;Unef lors des \u00e9lections du Crous :          http:\/\/mobile.lemonde.fr\/campus\/article\/2016\/11\/29\/le-syndicat-fage-remporte-pour-la-premiere-fois-les-elections-du-crous-face-a-l-unef_5040195_4401467.html?xtref\n\n-Dans les quartiers prioritaires, les jeunes estiment ne pas avoir les m\u00eames chances que les autres :                                                                                                                                                                       http:\/\/www.lemonde.fr\/societe\/article\/2016\/11\/29\/dans-les-quartiers-prioritaires-les-jeunes-estiment-ne-pas-avoir-les-memes-chances-que-les-autres_5039804_3224.html\n\n<strong>-L&#8217;enqu\u00eate de l&#8217;Unicef, r\u00e9alis\u00e9e en France aupr\u00e8s de 22 000 jeunes \u00e2g\u00e9s de  6 \u00e0 18 ans (vid\u00e9o et rapport \u00e0 t\u00e9l\u00e9charger) :    <\/strong>                                                                                                                          https:\/\/www.unicef.fr\/contenu\/espace-medias\/grandir-en-france-un-defi-pour-les-6-18-ans-des-quartiers-prioritaires       \n\n -&#8220;Pas de coup de pouce en vue pour le Smic&#8221; (Fran\u00e7ois Lenglet; vid\u00e9o) : http:\/\/www.rtl.fr\/actu\/societe-faits-divers\/smic-pas-de-coup-de-pouce-en-vue-en-2017-7786031170                                                                                                        \n\n<em>-Les salaires dans les r\u00e9gions en 2012 (documents de l&#8217;INSEE) : <\/em> https:\/\/www.insee.fr\/fr\/statistiques\/2508166\n\n<strong>-En Ile-de-France, le salaire horaire d\u00e9passait de 41% celui des autres r\u00e9gions (Anne A\u00ebl Durand) :        <\/strong>                                                                                                                                                 http:\/\/www.lemonde.fr\/les-decodeurs\/article\/2016\/11\/28\/en-ile-de-france-le-salaire-horaire-depasse-de-41-celui-des-autres-regions_5039717_4355770.html\n\n<em>-Le PIB augmente de 0,2% au troisi\u00e8me trimestre 2016 (INSEE) : <\/em> https:\/\/www.insee.fr\/fr\/statistiques\/2510668\n\n<strong>-&#8220;L&#8217;inqui\u00e9tant niveau des \u00e9l\u00e8ves fran\u00e7ais en maths et sciences&#8221; (Mattea Battaglia et Aur\u00e9lie Collas) :     <\/strong>                                                                                                                                                         http:\/\/www.lemonde.fr\/education\/article\/2016\/11\/29\/l-inquietant-niveau-des-eleves-en-maths-et-sciences_5039968_1473685.html#xtor\n\n<strong>-&#8220;Des r\u00e9sultats tragiques pour la France&#8221; (Louise Cueno) : <\/strong>                               http:\/\/www.lepoint.fr\/societe\/timss-2015-la-france-n-est-pas-bonne-en-maths-29-11-2016-2086494_23.php\n\n-&#8220;Notre syst\u00e8me scolaire est tellement in\u00e9galitaire que cela affecte obligatoirement les math\u00e9matiques&#8221; (Bernard Egger, pr\u00e9sident de l&#8217;Association des professeurs de math\u00e9matiques de l&#8217;enseignement public; son) :     http:\/\/www.sudradio.fr\/Podcasts\/L-invite-pour-comprendre\/Bernard-Egger-president-de-l-APMEP2\n\n<strong>-Le num\u00e9rique \u00e0 l&#8217;\u00e9cole au &#8220;T\u00e9l\u00e9phone sonne&#8221; de France Inter avec Anne Cordier, ma\u00eetre de conf\u00e9rences \u00e0 l&#8217;universit\u00e9 de Rouen; J\u00e9r\u00f4me Lagaillarde, professeur de lettres au coll\u00e8ge Georges M\u00e9li\u00e8s \u00e0 Paris et Philippe Bihouix, ing\u00e9nieur centralien, r\u00e9unis par Nicolas Demorand (son) :<\/strong> https:\/\/www.franceinter.fr\/emissions\/le-telephone-sonne\/le-telephone-sonne-29-novembre-2016\n\n-L&#8217;intelligence artificielle va-t-elle supprimer des emplois ? (Yolaine de la Bigne; son) :  http:\/\/www.sudradio.fr\/Podcasts\/Quelle-epoque-ethique\/L-IA-va-t-elle-aussi-nous-prendre-nos-jobs\n\n-L&#8217;hiver arrive (Jean-Paul Hamon, pr\u00e9sident de la F\u00e9d\u00e9ration des m\u00e9decins de France; interrog\u00e9 par Dimitri Pavlenko; son) :                                                                                                                       http:\/\/www.sudradio.fr\/Podcasts\/L-invite-pour-comprendre\/Jean-Paul-Hamon-President-de-la-Federation-des-Medecins-de-France2\n\n-&#8220;Devialet souhaite devenir le n\u00b01 mondial du son&#8221; (son directeur g\u00e9n\u00e9ral Quentin Sanni\u00e9; invit\u00e9 de Nicolas Pierron; vid\u00e9o) :                                                                                       http:\/\/www.dailymotion.com\/video\/x53xhrt_on-a-beaucoup-de-francais-a-notre-capital-devialet-a-surtout-ete-finance-par-des-fonds-francais-q-s_news\n\n-Les normes d&#8217;acc\u00e8s des handicap\u00e9s aux cabinets m\u00e9dicaux (son) :                                                                                                                                                                                                             http:\/\/www.sudradio.fr\/Podcasts\/Les-reportages-de-la-matinee\/Les-normes-pour-l-acces-aux-handicapes-dans-les-cabinets-medicaux\n\n-La mairie de Paris lance une campagne d&#8217;affiches contre le harc\u00e8lement de rue (Margaud Collet, responsables des \u00e9tudes au Haut conseil de l&#8217;\u00e9galit\u00e9 entre les hommes et les femmes; invit\u00e9e de Dimitri Pavlenko; son) : http:\/\/www.sudradio.fr\/Podcasts\/L-invite-pour-comprendre\/Margaux-Collet-responsable-des-etudes-au-HCEfh\n\n<strong>-&#8220;A terme, tous les v\u00e9hicules diesel seront bannis de Paris&#8221; (Christophe Najdovski, adjoint \u00e9cologiste \u00e0 la maire de Paris; face \u00e0 Jean-Jacques Bourdin; vid\u00e9o) :    <\/strong>                                                       http:\/\/rmc.bfmtv.com\/mediaplayer\/video\/vignette-automobile-a-terme-tous-les-vehicules-diesel-seront-bannis-de-paris-889651.html\n\n<strong>-Nicolas Hulot &#8220;d\u00e9sol\u00e9&#8221; par les id\u00e9es sur l&#8217;\u00e9cologie de Fran\u00e7ois Fillon. Il \u00e9tait l&#8217;invit\u00e9 de la matinale  de RTL, interrog\u00e9 par Elizabeth Martichoux (vid\u00e9os) :  <\/strong>                                                  http:\/\/www.rtl.fr\/actu\/politique\/presidentielle-2017-les-idees-de-fillon-sur-l-ecologie-desolent-hulot-7786031112\n\n-La p\u00eache durable (Nathalie Fontrel; son) : https:\/\/www.franceinter.fr\/emissions\/planete-environnement\/planete-environnement-29-novembre-2016\n\n-&#8220;25 agents de la SNCF fich\u00e9s et insult\u00e9s dans un document interne&#8221; :                                                                                                                                                                                                    http:\/\/www.latribune.fr\/entreprises-finance\/services\/transport-logistique\/sncf-25-agents-fiches-et-insultes-dans-un-document-interne-620760.html\n\n-&#8220;Comment les stups ont enfum\u00e9 la justice&#8221; (Emmanuel Fansten) :                  http:\/\/www.liberation.fr\/france\/2016\/11\/29\/comment-les-stups-ont-enfume-la-justice_1531800\n\n<strong>-En Dordogne, un jeune migrant pakistanais va recevoir la m\u00e9daille de meilleur apprenti de France (Marie-Sylvie Prudhomme) :<\/strong>                                                                                      https:\/\/www.francebleu.fr\/infos\/education\/dordogne-un-jeune-migrant-pakistanais-va-recevoir-la-medaille-de-meilleur-apprenti-de-france-1479922701\n\n<strong>POLITIQUE<\/strong>\n\n<strong>-&#8220;La gauche est dans un \u00e9tat inqui\u00e9tant. Ni Hollande, ni Valls ne pourront la conduire \u00e0 la victoire.  Ils ont fait la loi Macron, ils ont fait la loi Travail, ils ont essay\u00e9 de faire la d\u00e9ch\u00e9ance de nationalit\u00e9 et cela contre la gauche. Nous aurons des candidats pour les \u00e9lections l\u00e9gislatives&#8221;  (Pierre Laurent, invit\u00e9 d&#8217;Audrey Crespo-Mara sur LCI; vid\u00e9o) :     <\/strong>                                            http:\/\/www.lci.fr\/replay\/replay-l-invite-politique-du-29-novembre-2016-pierre-laurent-2014924.html\n\n<strong>-La r\u00e9union publique de Jean-Luc M\u00e9lenchon \u00e0 Bordeaux (vid\u00e9o int\u00e9grale) :<\/strong>            https:\/\/www.youtube.com\/watch?v=boAJ1tTpW0s \n\n-La radiographie du vote des communistes, mise \u00e0 jour apr\u00e8s la publication officielle des r\u00e9sultats (Roger Martelli) : https:\/\/wp.muchomaas.com\/web\/article\/pcf-radiographie-d-un-vote-militant\n\n-&#8220;Sur le terrain des luttes sociales, je ne croise pratiquement pas de militants de &#8220;la France insoumise&#8221;. Je suis interrogatif sur la volont\u00e9 de Pierre Laurent et de la quasi totalit\u00e9 des hauts cadres communistes qui ont tout mis en oeuvre pour qu&#8217;on puisse se rallier \u00e0 Jean-Luc M\u00e9lenchon&#8221; (Andr\u00e9 Chassaigne, pr\u00e9sident du groupe des d\u00e9put\u00e9s communistes et du Front de gauche; propos recueillis par C\u00e9dric Gourin.  Comme l&#8217;expression &#8220;hauts cadres&#8221; fleure bon le populisme ambiant que l&#8217;on pr\u00e9tend combattre !) :                                                                                                                                                                                                                                                                                                                      http:\/\/www.lamontagne.fr\/clermont-ferrand\/politique\/2016\/11\/28\/le-depute-andre-chassaigne-deplore-le-ralliement-du-pcf-a-jean-luc-melenchon_12186292.html\n\n<strong>-&#8220;Manuel Valls se retrouvait dans la m\u00eame situation que Macron qu&#8217;il qualifiait de &#8220;Brutus&#8221;. Arnaud Montebourg propose un autre chemin \u00e0 la gauche apr\u00e8s l&#8217;\u00e9chec du quinquennat. Fran\u00e7ois Hollande craint peut-\u00eatre qu&#8217;il lui arrive ce qui est arriv\u00e9 \u00e0 Sarkozy dans la primaire de la droite. Ce serait tr\u00e8s grave qu&#8217;il veuille contourner la primaire. Le Parti communiste a pr\u00e9vu un cycle de revoyure si Fran\u00e7ois Hollande perd la primaire. Cuba a \u00e9t\u00e9 un grand espoir qui s&#8217;est transform\u00e9 en un r\u00e9gime liberticide qu&#8217;il faut absolument d\u00e9passer. Raul Castro a commenc\u00e9 \u00e0 le faire &#8221; (Fran\u00e7ois Kalfon, directeur de campagne d&#8217;Arnaud Montebourg; invit\u00e9 de la matinale d&#8217;i-T\u00e9l\u00e9; vid\u00e9o) :      <\/strong>                                                                                                                                           http:\/\/www.itele.fr\/chroniques\/invite-michael-darmon\/linvite-de-michael-darmon-du-29112016-171777\n\n-Son face \u00e0 face avec Geoffroy Didier, vice-pr\u00e9sident LR du Conseil r\u00e9gional d&#8217;Ile-de-France (son) : http:\/\/www.radioclassique.fr\/player\/progaction\/iniPlayer\/podcast\/2016-11-28-19-14-00.html\n\n-&#8220;La primaire ne doit pas \u00eatre un commentaire du bilan du quinquennat mais une projection dans l&#8217;avenir&#8221; (Christophe Borgel, d\u00e9put\u00e9 PS de Haute-Garonne, responsable de son organisation; face \u00e0 Guillaume Durand; vid\u00e9o. &#8220;Cachez ce bilan que je  ne saurais voir !&#8221;) : http:\/\/www.dailymotion.com\/video\/x53xien\n\n<strong>-&#8220;Aura-t-on une gauche rassembl\u00e9e face \u00e0 Fran\u00e7ois Fillon ? (les soutiens de Jean-Luc M\u00e9lenchon, Arnaud Montebourg, Emmanuel Macron et du PS, rassembl\u00e9s par Ruth Elkrief; vid\u00e9o) :       <\/strong>                                                                                     http:\/\/www.bfmtv.com\/mediaplayer\/video\/presidentielle-2017-aura-t-on-une-gauche-rassemblee-face-a-francois-fillon-889971.html \n\n-&#8220;Le programme de Fillon cache des r\u00e9alit\u00e9s cruelles pour la plupart des Fran\u00e7ais&#8221; (Michel Sapin, face \u00e0 Caroline Roux; vid\u00e9o) :                                                                                                   http:\/\/www.francetvinfo.fr\/politique\/ps\/primaire-socialiste\/4-verites-sapin-le-programme-de-fillon-cache-des-realites-cruelles-pour-la-plupart-des-francais_1944625.html\n\n-&#8220;La S\u00e9curit\u00e9 sociale est quasiment \u00e0 l&#8217;\u00e9quilibre. Le Pr\u00e9sident, pour ceux qui le connaissent, rien ne l&#8217;emp\u00eache d&#8217;\u00eatre candidat&#8221; (le secr\u00e9taire d&#8217;Etat Christian Eckert; invit\u00e9 de &#8220;Territoires d&#8217;Infos&#8221;; vid\u00e9o, amener le curseur sur 33:31) : http:\/\/www.sudradio.fr\/Politique\/L-interview-politique\/Christian-Eckert-La-securite-sociale-est-quasiment-a-l-equilibre\n\n<strong>-&#8220;J&#8217;appelle l&#8217;ensemble des \u00e9lecteurs de gauche \u00e0 mettre de l&#8217;ordre dans la gauche en participant \u00e0 la primaire. On cherche \u00e0 atteindre deux millions de participants. J&#8217;exclus que Fran\u00e7ois Hollande ne passe pas par la primaire&#8221; (Jean-Christophe Cambad\u00e9lis, face \u00e0 Jean-Pierre Elkabbach; vid\u00e9o) :   <\/strong>                                                                                                                                                     http:\/\/www.europe1.fr\/emissions\/l-interview-politique\/dejeuner-valls-hollande-primaire-de-la-gauche-candidature-de-manuel-valls-decision-attendue-de-francois-hollande-et-victoire-de-fillon-a-la-primaire-de-la-droite-jean-christophe-cambadelis-repond-aux-questions-de-jean-pierre-elkabbach-2913932  \n\n-&#8220;C&#8217;est plus jouable contre Fillon&#8221; (Didier Guillaume, pr\u00e9sident du groupe socialiste au S\u00e9nat; vid\u00e9o) :                                                                                                                                                           http:\/\/www.europe1.fr\/politique\/presidentielle-didier-guillaume-ps-cest-plus-jouable-contre-fillon-2913608\n\n-&#8220;Il n&#8217;y a pas de crise institutionnelle. ma conception des institutions, c&#8217;est l&#8217;engagement et la loyaut\u00e9&#8221; (Manuel Valls; vid\u00e9o) :                                                                                                                  http:\/\/www.lci.fr\/primaire-gauche\/video-manuel-valls-affirme-qu-il-y-a-un-rapport-de-respect-confiance-loyaute-et-franchise-entre-lui-et-francois-hollande-2015006.html\n\n-&#8220;On se fout de nous !&#8221; (Daniel Cohn-Bendit; vid\u00e9o) : http:\/\/www.europe1.fr\/emissions\/l-humeur\/ambiance-studieuse-et-cordiale-entre-valls-et-hollande-on-se-fout-de-nous-repond-dany-2913902\n\n-&#8220;Pourquoi ne peut-il plus tutoyer Jean-Luc M\u00e9lenchon ?&#8221; (Yohan Cecere et Bruno Rieth; vid\u00e9os) : http:\/\/www.marianne.net\/pourquoi-cohn-bendit-ne-peut-plus-tutoyer-melenchon-100248228.html\n\n-&#8220;Valls a fait un pas en arri\u00e8re. Aucun des deux n&#8217;est en mesure de battre l&#8217;autre. Hollande a l&#8217;avantage du calendrier. Il est tr\u00e8s fort pour bloquer les autres mais cela ne suffit pas pour susciter l&#8217;envie&#8221; (Guillaume Tabard; son) : http:\/\/www.radioclassique.fr\/player\/progaction\/iniPlayer\/podcast\/ledito-politique-de-guillaume-tabard-2016-11-29-08-15-36.html\n\n-&#8220;A-t-il vraiment c\u00e9d\u00e9 ?&#8221; (Thomas Legrand; son) : https:\/\/www.franceinter.fr\/emissions\/l-edito-politique\/l-edito-politique-29-novembre-2016\n\n<strong>-&#8220;La s\u00e9r\u00e9nit\u00e9 est revenue. Dans une semaine, nous conna\u00eetrons  la d\u00e9cision de Fran\u00e7ois Hollande. Si il ne reste que des socialistes, il faudra peut-\u00eatre revoir cette primaire&#8221; (Fran\u00e7ois Rebsamen, maire PS de Dijon, invit\u00e9 de &#8220;Politique Matin&#8221;; vid\u00e9o, amener le curseur sur 30:14) : <\/strong> \nhttp:\/\/www.lcp.fr\/emissions\/politique-matin\/279001-la-matinale-du-29-novembre-2016\n\n<strong>-&#8220;Manuel Valls est une synth\u00e8se miraculeuse pour la gauche&#8221; (Malek Boutih, d\u00e9put\u00e9 PS de l&#8217;Essonne; invit\u00e9 de L\u00e9a Salam\u00e9; vid\u00e9o) <\/strong> :                                                                                                         https:\/\/www.franceinter.fr\/emissions\/l-invite-de-7h50\/l-invite-de-7h50-29-novembre-2016\n\n-&#8220;On a envie de dire \u00e0 Fran\u00e7ois Hollande de se ressaisir&#8221; (Alba Ventura; vid\u00e9o) : http:\/\/www.rtl.fr\/actu\/politique\/on-a-envie-de-dire-a-francois-hollande-de-se-ressaisir-lance-alba-ventura-7786031010\n\n-&#8220;Dray, l&#8217;ami des temps difficiles&#8221; (Marcelo Wesfreid; son) : https:\/\/www.franceinter.fr\/emissions\/histoires-politiques\/histoires-politiques-29-novembre-2016\n\n-&#8220;Que cache l&#8217;affrontement Hollande-Valls ?&#8221; (Yves Thr\u00e9ard; vid\u00e9o) : http:\/\/www.europe1.fr\/emissions\/ledito-politique-dyves-threard\/que-cache-laffrontement-hollande-valls-2913809\n\n<strong>-&#8220;Fran\u00e7ois Fillon n&#8217;est pas mon candidat. Ce syst\u00e8me des primaires est verrouill\u00e9, v\u00e9rol\u00e9 et un peu pourri. Fran\u00e7ois Fillon propose une purge avec une politique d&#8217;aust\u00e9rit\u00e9 comme on n&#8217;en a jamais vu et un d\u00e9mant\u00e8lement de la S\u00e9curit\u00e9 sociale. Casser l&#8217;assurance maladie serait contraire \u00e0 tous mes engagements politiques et moraux. Chez Smart, c&#8217;est du chantage&#8221;  (Henry Guaino, d\u00e9put\u00e9 LR des Yvelines, candidat \u00e0 la pr\u00e9sidence de la R\u00e9publique; interrog\u00e9 par Jean-Jacques Bourdin; vid\u00e9o) :   <\/strong>                                                                                                                      http:\/\/www.bfmtv.com\/mediaplayer\/video\/henri-guaino-face-a-jean-jacques-bourdin-en-direct-889629.html\n\n-&#8220;L&#8217;enjeu pour Fran\u00e7ois Fillon est de rassembler, notamment au centre&#8221; (NKM, d\u00e9put\u00e9e LR de l&#8217;Essonne; invit\u00e9e de la matinale de Franceinfo) :                                                                                   http:\/\/www.dailymotion.com\/video\/x53xnhb_pour-nathalie-kosciusko-morizet-l-enjeu-de-francois-fillon-est-de-rassembler-et-notamment-au-centre_news\n\n-&#8220;Fran\u00e7ois Fillon a su r\u00e9cup\u00e9rer l&#8217;atout de &#8220;la rupture&#8221; (Fran\u00e7oise Fressoz, \u00e9ditorialiste au &#8220;Monde&#8221;; interrog\u00e9e par Anna Moreau; vid\u00e9o) :                                                                              http:\/\/www.lemonde.fr\/politique\/video\/2016\/11\/28\/primaire-de-la-droite-fillon-a-su-recuperer-l-atout-de-la-rupture_5039603_823448.html\n\n<em>-La nouvelle organisation des R\u00e9publicains :<\/em>                                          http:\/\/www.francetvinfo.fr\/politique\/francois-fillon\/apres-la-victoire-de-francois-fillon-a-la-primaire-bernard-accoyer-est-nomme-secretaire-general-des-republicains-laurent-wauquiez-devient-vice-president_1945187.html#xtor\n\n<strong>-&#8220;La primaire est une r\u00e9gression d\u00e9mocratique. Fran\u00e7ois Fillon est coinc\u00e9 dans la contradiction entre conservatisme et lib\u00e9ralisme. Croire que son programme \u00e9conomique est l&#8217;explication de son succ\u00e8s serait un contresens. Il risque de se faire enfermer dans l&#8217;image du candidat du patronat&#8221; (Patrick Buisson \u00e9tait l&#8217;invit\u00e9 de la matinale de France Inter. Il r\u00e9pondait aux questions de Patrick Cohen et des auditeurs; vid\u00e9os) :<\/strong>  https:\/\/www.franceinter.fr\/emissions\/l-invite-de-8h20\/l-invite-de-8h20-29-novembre-2016                                                                           http:\/\/www.dailymotion.com\/video\/x53xg8h_patrick-buisson-il-faut-demander-aux-francais-leur-assentiment-sur-les-questions-de-fond_news\n\n<em>-Intentions de vote pour l&#8217;\u00e9lection pr\u00e9sidentielle (SOFRES) : <\/em>                    http:\/\/www.lefigaro.fr\/elections\/presidentielles\/2016\/11\/29\/35003-20161129ARTFIG00275-presidentielle-2017-fillon-distance-le-fn-hollande-hors-course-selon-notre-sondage.php\n\n-&#8220;L&#8217;espace politique s&#8217;ouvre pour Macron et M\u00e9lenchon&#8221; (S\u00e9bastien Maillard) :    http:\/\/www.la-croix.com\/France\/Politique\/Lespace-politique-souvre-pour-Macron-Melenchon-2016-11-28-1200806451\n\n<strong>EUROPE-MONDE<\/strong>\n\n-&#8220;La g\u00e9opolitique est la principale source d&#8217;incertitude pour l&#8217;\u00e9conomie&#8221; (Mario Draghi, patron de la BCE) :                                                                                                                                       http:\/\/www.euractiv.fr\/section\/all\/news\/draghi-estime-que-la-geopolitique-est-la-principale-source-dincertitude-pour-leconomie\/?nl_ref=25877206\n\n<strong>-&#8220;Il ne faut pas \u00eatre na\u00eff dans les relations internationales et discuter avec tout le monde&#8221; (Laurent Fabius, ancien ministre des Affaires \u00e9trang\u00e8res; interrog\u00e9 par Ruth Elkrief; vid\u00e9o) :  <\/strong>                                                                                          http:\/\/www.bfmtv.com\/mediaplayer\/video\/laurent-fabius-il-ne-faut-pas-etre-naif-dans-les-relations-internationales-et-discuter-avec-tout-le-monde-889973.html\n\n<strong>-&#8220;L&#8217;Union europ\u00e9enne et le paradoxe du grille-pain&#8221; (Ingrid Holmes, directrice &#8220;d&#8217;E3G&#8221; \u00e0 Londres) :     <\/strong>                                                                                                                                  http:\/\/www.euractiv.fr\/section\/energie\/opinion\/lue-et-le-paradoxe-du-grille-pain\/?nl_ref=25877206\n\n-&#8220;Elle doit mettre la main \u00e0 la p\u00e2te pour r\u00e9ussir l&#8217;union de l&#8217;\u00e9nergie&#8221; (Javier Solana, ancien secr\u00e9taire g\u00e9n\u00e9ral de l&#8217;OTAN; cit\u00e9 par Catalina Guerrero) :                                                            http:\/\/www.euractiv.fr\/section\/energie\/news\/solana-brexit-could-boost-european-defence\/?nl_ref=25877206\n\n-Le programme europ\u00e9en &#8220;Copernicus&#8221; permet de mesurer la part des \u00e9missions frontali\u00e8res dans la pollution atmosph\u00e9rique (Romain Loury) :                                                                        http:\/\/www.euractiv.fr\/section\/climat-environnement\/news\/copernicus-mesure-la-pollution-de-lair-transfrontaliere\/?nl_ref=25877206\n\n<strong>-&#8220;Chaque ann\u00e9e, la pollution atmosph\u00e9rique tue presque 500 000 europ\u00e9ens&#8221; (Baptiste Gaborit; son) :  <\/strong>                                                                                                                         http:\/\/www.radioclassique.fr\/player\/progaction\/iniPlayer\/podcast\/3-minutes-pour-la-planete-2016-11-29-06-47-28.html\n\n-&#8220;La bataille pour le perchoir europ\u00e9en&#8221; (Hughes Beaudoin; son) : http:\/\/www.radioclassique.fr\/player\/progaction\/iniPlayer\/podcast\/2016-11-28-19-08-00.html\n\n-La justice europ\u00e9enne appel\u00e9e \u00e0 trancher sur le statut d&#8217;Uber (Jorge Valero) :                                                                                                                                                                                         http:\/\/www.euractiv.fr\/section\/euro-finances\/news\/uber-gains-key-support-from-member-states-before-eu-court-hearing\/?nl_ref=25877206\n\n-&#8220;Fran\u00e7ois Fillon, souverainiste et europ\u00e9en ?&#8221; (C\u00e9cile Barbi\u00e8re) : http:\/\/www.euractiv.fr\/section\/elections\/news\/francois-fillon-peut-on-etre-souverainiste-et-europeen\/?nl_ref=25877206\n\n-En Grande-Bretagne, Paul Nuttall prend les r\u00eanes de l&#8217;UKIP (Matthew Tempest) :  http:\/\/www.euractiv.fr\/section\/politique\/news\/ukip-elects-paul-nuttall-as-new-leader\/?nl_ref=25877206\n\n-&#8220;L&#8217;imbroglio institutionnel de la Belgique&#8221; (Luc Beyer; son) : https:\/\/www.franceinter.fr\/emissions\/meridien-d-europe\/meridien-d-europe-29-novembre-2016\n\n<strong>-&#8220;En Italie, &#8220;le spectre d&#8217;un nouvel exit&#8221;  (Vincent Giret; son) : <\/strong> https:\/\/www.franceinter.fr\/emissions\/l-edito\/l-edito-29-novembre-2016\n\n<strong>-&#8220;La Russie voit d\u00e9j\u00e0 la France se tourner vers Moscou&#8221; (Emmanuel Grynszpan) :                                                                                                                                                                                    <\/strong> http:\/\/www.euractiv.fr\/section\/l-europe-dans-le-monde\/news\/la-russie-voit-deja-la-france-se-tourner-vers-moscou\/?nl_ref=25877206\n\n-Trente ans apr\u00e8s la catastrophe, l&#8217;arche confinant le r\u00e9acteur enfin en place \u00e0 Tchernobyl (Myriam Chauvot) :                                                                                                                                  http:\/\/www.lesechos.fr\/industrie-services\/immobilier-btp\/0211541860463-a-tchernobyl-larche-confinant-le-reacteur-est-enfin-en-place-30-ans-apres-la-catastrophe-2046468.php\n\n-Le nouveau d\u00f4me (vid\u00e9o) : http:\/\/nr.news-republic.com\/Web\/ArticleWeb.aspx?regionid=2&#038;articleid=78746054\n\n<strong>-En Cisjordanie, le septi\u00e8me congr\u00e8s du Fatah est en cours (Etienne Monin; son) : <\/strong> https:\/\/www.franceinter.fr\/emissions\/grand-angle\/grand-angle-29-novembre-2016\n\n-L&#8217;agonie d&#8217;Alep (Bernard Guetta; son) : https:\/\/www.franceinter.fr\/emissions\/geopolitique\/geopolitique-29-novembre-2016\n\n-L&#8217;OMC juge ill\u00e9gales les subventions que Washington verse \u00e0 Boeing (Jorge Valero) : http:\/\/www.euractiv.fr\/section\/all\/news\/wto-us-provided-illegal-subsidies-to-boeing\/?nl_ref=25877206\n\n-L&#8217;hommage de Raul Castro devant l&#8217;urne contenant les cendres de Fidel Castro (vid\u00e9o) : http:\/\/nr.news-republic.com\/Web\/ArticleWeb.aspx?regionid=2&#038;articleid=78737692\n\n<strong>-Celui de milliers d&#8217;anonymes (vid\u00e9o)<\/strong> : http:\/\/nr.news-republic.com\/Web\/ArticleWeb.aspx?regionid=2&#038;articleid=78716616\n\n-&#8220;Obama, Hollande et Merkel n&#8217;assisteront pas \u00e0 l&#8217;hommage \u00e0 Fidel Castro.  Alexis Tsipras, lui, sera pr\u00e9sent :                                                                                                                             http:\/\/www.lemonde.fr\/ameriques\/article\/2016\/11\/29\/obama-hollande-et-merkel-n-assisteront-pas-a-l-hommage-a-fidel-castro_5039800_3222.html\n\n-&#8220;Des divergences d&#8217;opinions en Europe&#8221; (Matthew Tempest) : http:\/\/www.euractiv.fr\/section\/l-europe-dans-le-monde\/news\/commissioners-at-odds-over-castro-legacy\/?nl_ref=25877206\n\n-&#8220;La presse internationale partag\u00e9e&#8221; (son) : http:\/\/www.radioclassique.fr\/player\/progaction\/iniPlayer\/podcast\/linvite-du-matin-2016-11-29-07-49-23.html\n\n<strong>-&#8220;Un grand deuil venu d&#8217;une petite \u00eele&#8221; (Patrick Le Hyaric)<\/strong> : http:\/\/patrick-le-hyaric.fr\/un-grand-deuil-venu-dune-petite-ile\/\n\n<strong>-La r\u00e9sistance des Sioux du Dakota du Nord qui refusent la construction d&#8217;un pipeline (Romain Capelle, avec un documentaire de Lucian Read; vid\u00e9o) :     <\/strong>                                                      http:\/\/www.telerama.fr\/monde\/video-comprendre-ce-qui-se-passe-a-standing-rock-du-point-de-vue-des-natifs,150667.php#xtor\n\n<strong>-L&#8217;intervention de Justin Trudeau, premier ministre du Canada, au XVIe sommet de la francophonie de Madagascar, a fait du bruit (Nathalie Amar; vid\u00e9o) :  <\/strong>                                                     http:\/\/www.rfi.fr\/video\/20161128-xvie-sommet-francophonie-intervention-premier-ministre-canadien-martin-trudeau\n\n-&#8220;N&#8217;a-t-il pas choqu\u00e9 certains chefs d&#8217;Etats ?&#8221; (la r\u00e9ponse de Philippe Couillard, premier ministre du Qu\u00e9bec; vid\u00e9o) :                                                                                                                                 http:\/\/www.rfi.fr\/video\/20161128-xvie-sommet-francophonie-madagascar\n\n-&#8220;Le Canada a d\u00e9cid\u00e9 de miser sur l&#8217;Afrique&#8221; (la ministre Marie-Claude Bibeau; vid\u00e9o) : http:\/\/www.rfi.fr\/video\/20161128-xvie-sommet-francophonie-madagascar-rfi\n\n-En Cor\u00e9e du Sud, la pr\u00e9sidente se dit pr\u00eate \u00e0 quitter le pouvoir (vid\u00e9o) :                                                                                                                                                                                                    http:\/\/www.lefigaro.fr\/international\/2016\/11\/29\/01003-20161129ARTFIG00051-en-coree-du-sud-la-presidente-se-dit-prete-a-quitter-le-pouvoir.php?een\n\n-La grande barri\u00e8re de corail australienne plus que jamais menac\u00e9e (vid\u00e9o) : http:\/\/nr.news-republic.com\/Web\/ArticleWeb.aspx?regionid=2&#038;articleid=78759518\n\nCULTURE-MEDIAS\n\n<strong>-&#8220;Perturbateurs endocriniens, non \u00e0 la manipulation de la science&#8221; (un appel de scientifiques internationaux; pi\u00e8ce jointe);<\/strong>\n\n-&#8220;Le poujadisme est de retour. C&#8217;\u00e9tait quoi au fait ?&#8221; (Gilles Heur\u00e9) : http:\/\/www.telerama.fr\/idees\/le-poujadisme-est-de-retour-mais-c-etait-quoi-au-fait,150668.php#xtor\n\n<strong>-&#8220;La Marche de l&#8217;Histoire&#8221; de Jean Lebrun \u00e9tait consacr\u00e9e \u00e0 Jack London. Philippe Jaworski, professeur de litt\u00e9rature am\u00e9ricaine \u00e0 l&#8217;universit\u00e9 Paris-Diderot, en \u00e9tait l&#8217;invit\u00e9 (son) : <\/strong>                  https:\/\/www.franceinter.fr\/emissions\/la-marche-de-l-histoire\/la-marche-de-l-histoire-29-novembre-2016\n\n-Contributions re\u00e7ues par &#8220;Les \u00e9tats g\u00e9n\u00e9reux de la Culture&#8221; (Emmanuel Tellier) :                                                                                                                                                                                   http:\/\/www.telerama.fr\/etats-genereux\/etats-genereux-de-la-culture-vous-ne-manquez-pas-d-idees-suite,150664.php#xtor\n\n-Avec Philippe Quesne et Mohamed El Khatib, &#8220;la n\u00e9gation du travail d&#8217;acteur&#8221; (Jean-Pierre Thibaudat) : https:\/\/blogs.mediapart.fr\/jean-pierre-thibaudat\/blog\/271116\/de-la-negation-du-travail-d-acteur-etudes-de-cas-les-taupes-la-femme-de-menage\n\n<strong>-Costa Gavras et Olivier Babinet \u00e9taient les invit\u00e9s de Laure Adler (son) :  <\/strong> https:\/\/www.franceinter.fr\/emissions\/l-heure-bleue\/l-heure-bleue-29-novembre-2016\n\n-Avec &#8220;Silence&#8221;, Martin Scorsese s&#8217;invite au Vatican (Caroline Besse; vid\u00e9o) : http:\/\/www.telerama.fr\/cinema\/avec-silence-martin-scorsese-s-invite-au-vatican,150666.php#xtor\n\n<strong>-Revoir ici &#8220;Diplomatie&#8221; de Volker Schl\u00f6ndorff, avec Andr\u00e9 Dussolier et Niels Arestrup (vid\u00e9o) :<\/strong>                                                                                                                                                          http:\/\/television.telerama.fr\/television\/regardez-en-replay-diplomatie-duel-au-sommet-entre-andre-dussollier-et-niels-arestrup,150671.php#xtor\n\n-G\u00e9rard Jugnot se raconte dans &#8220;Une \u00e9poque formidable&#8221; (son) : http:\/\/www.sudradio.fr\/Podcasts\/L-invite-pour-comprendre\/Gerard-Jugnot-acteur-realisateur\n\n<strong>-Jean-Pierre Mocky \u00e9tait l&#8217;invit\u00e9 d&#8217;Augustin Trapenard (son) : <\/strong> https:\/\/www.franceinter.fr\/emissions\/boomerang\/boomerang-29-novembre-2016\n\n-Howe Gelb, v\u00e9t\u00e9ran du rock ind\u00e9pendant. Ce mercredi soir, il sera en concert au &#8220;Pop up du Label&#8221; \u00e0 Paris (propos recueillis par Fran\u00e7ois Gorin; vid\u00e9o) :                                                    http:\/\/www.telerama.fr\/musique\/howe-gelb-veteran-du-rock-inde-tente-par-les-standards,150612.php#xtor\n\n-la disparition de l&#8217;accord\u00e9oniste am\u00e9ricaine Pauline Oliveros (S\u00e9bastien Porte) :                                                                                                                                                                            http:\/\/www.telerama.fr\/musique\/pauline-oliveros-une-accordeoniste-dans-le-noir,150663.php#xtor\n\n-L&#8217;\u00e9couter (vid\u00e9o) : https:\/\/www.youtube.com\/watch?v=8rdnXFXrUhE\n\n-Retrouver Tal Farlow avec Fran\u00e7ois Gorin  (sons) :                                                                                                                                                                                                                                                        http:\/\/www.telerama.fr\/musique\/tal-farlow-1-au-jardin-secret-de-l-octopus,150586.php                                                                                                                                                                                http:\/\/www.telerama.fr\/musique\/tal-farlow-2-a-la-meme-enseigne-que-bill-evans,150669.php#xtor\n\n<strong>-&#8220;O\u00f9 sont les femmes ?&#8221; (Rebecca Manzoni; vid\u00e9o) : <\/strong> http:\/\/www.dailymotion.com\/video\/x53x5cc_ou-sont-les-femmes-pop-co_news\n\n<strong>-A la t\u00e9l\u00e9, &#8220;la France est bleue Fillon&#8221; (Samuel Gontier) :<\/strong> http:\/\/television.telerama.fr\/television\/la-france-est-bleue-fillon,150685.php#xtor\n\n-&#8220;Je r\u00eave d&#8217;\u00e9missions sur le toit de la Maison de la radio&#8221; (le producteur Arnaud Contreras; entretien r\u00e9alis\u00e9 par Aude Dassonville) :                                                                                                 http:\/\/www.telerama.fr\/radio\/arnaud-contreras-je-reve-d-emissions-sur-le-toit-de-la-maison-de-la-radio,148996.php#xtor\n\n<strong>-La s\u00e9rie de documentaires qu&#8217;il a consacr\u00e9e aux militants sur France Culture (sons) <\/strong> : https:\/\/www.franceculture.fr\/emissions\/lsd-la-serie-documentaire\/militants\n\n-Le grand remue-m\u00e9nage continue au sein du groupe SFR (Marc Baudriller; son) : http:\/\/www.radioclassique.fr\/player\/progaction\/initPlayer\/podcast\/la-vie-des-medias-2016-11-29-07-40-47.html\n\n<strong>-&#8220;On vit sur la m\u00eame plan\u00e8te que ces gens mais pas dans le m\u00eame monde&#8221; (Fr\u00e9d\u00e9ric Lopez et M\u00e9lanie Doutey, venus parler avec Thomas Joubert de l&#8217;\u00e9mission phare de France 2 &#8220;Rendez-vous en terre inconnue&#8221;; vid\u00e9o) : <\/strong> http:\/\/www.europe1.fr\/emissions\/l-invite-medias\/rendez-vous-en-terre-inconnue-on-vit-sur-la-planete-que-ces-gens-mais-pas-dans-le-meme-monde-2914109\n\n-Enorme bug au cours de l&#8217;\u00e9mission de M6 &#8220;Mari\u00e9s au premier regard&#8221; (vid\u00e9o) :                                                                                                                                                                                         http:\/\/www.europe1.fr\/emissions\/le-fait-medias-du-jour\/maries-au-premier-regard-enorme-bug-pendant-le-denouement-de-lemission-2914043\n\n<strong>-Le n\u00b0 8 de &#8220;La Revue de la semaine&#8221; de Jean-Luc M\u00e9lenchon (vid\u00e9o) :       <\/strong>   https:\/\/www.youtube.com\/watch?v=4zZ0rOIMOPs&#038;app=desktop\n\n-La une du &#8220;Canard encha\u00een\u00e9&#8221; : http:\/\/www.lecanardenchaine.fr\/la-une-du-30-novembre-2016\/\n\nCelle de &#8220;Charlie Hebdo&#8221; (la version allemande dont c&#8217;est le num\u00e9ro 1) :                       \nhttp:\/\/www.lefigaro.fr\/culture\/2016\/11\/29\/03004-20161129ARTFIG00254-le-charlie-hebdo-allemand-fait-deja-polemique.php\n\n<strong>-&#8220;Valls contre Hollande&#8221; (Charline Vanhoenacker; vid\u00e9o) : <\/strong> https:\/\/www.franceinter.fr\/emissions\/le-billet-de-charline-vanhoenacker\/le-billet-de-charline-vanhoenacker-29-novembre-2016\n\n&#8211;<strong>Guillaume Meurice est all\u00e9 \u00e0 un colloque sur l&#8217;industrie du luxe (vid\u00e9o) : <\/strong> https:\/\/www.franceinter.fr\/emissions\/le-moment-meurice\/le-moment-meurice-29-novembre-2016\n<h2 class=\"wp-block-heading\">Documents joints<\/h2>\n\n\n\n<div class=\"wp-block-file\"><a href=\"https:\/\/wp.muchomaas.com\/wp-content\/uploads\/2016\/11\/perturbateurs_endocriniens-aa6.pdf\">perturbateurs_endocriniens.pdf<\/a><\/div>\n\n\n","protected":false},"excerpt":{"rendered":"<p>ACTUALITE -Journ\u00e9e de mobilisation dans la Fonction publique (Bernadette Groison, secr\u00e9taire de la FSU, invit\u00e9e d&#8217;Eric Delvaux; son) : https:\/\/www.franceinter.fr\/emissions\/l-invite-du-5-7\/l-invite-du-5-7-29-novembre-2016 -Rassembl\u00e9s devant le mus\u00e9e d&#8217;Orsay (vid\u00e9o) : http:\/\/www.francetvinfo.fr\/economie\/greve\/greve-des-fonctionnaires\/fonctionnaires-manifestation-des-agents-de-la-fonction-publique-a-paris_1945033.html -L&#8217;inqui\u00e9tude des fonctionnaires (chez Olivier Galzi sur i-T\u00e9l\u00e9, apr\u00e8s l&#8217;analyse du sondage SOFRES sur la pr\u00e9sidentielle; vid\u00e9o) : http:\/\/www.itele.fr\/chroniques\/grand-decryptage-olivier-galzi\/le-grand-decryptage-du-29112016-171793 -&#8220;Airbus d\u00e9taille son plan de licenciements&#8221; (vid\u00e9o) : [&hellip;]<\/p>\n","protected":false},"author":1042,"featured_media":0,"comment_status":"open","ping_status":"open","sticky":false,"template":"","format":"standard","meta":{"_themeisle_gutenberg_block_has_review":false,"footnotes":""},"categories":[151],"tags":[],"class_list":["post-10044","post","type-post","status-publish","format-standard","hentry","category-la-revue-de-presse-de-lulu"],"_links":{"self":[{"href":"https:\/\/archives.regards.fr\/index.php?rest_route=\/wp\/v2\/posts\/10044","targetHints":{"allow":["GET"]}}],"collection":[{"href":"https:\/\/archives.regards.fr\/index.php?rest_route=\/wp\/v2\/posts"}],"about":[{"href":"https:\/\/archives.regards.fr\/index.php?rest_route=\/wp\/v2\/types\/post"}],"author":[{"embeddable":true,"href":"https:\/\/archives.regards.fr\/index.php?rest_route=\/wp\/v2\/users\/1042"}],"replies":[{"embeddable":true,"href":"https:\/\/archives.regards.fr\/index.php?rest_route=%2Fwp%2Fv2%2Fcomments&post=10044"}],"version-history":[{"count":0,"href":"https:\/\/archives.regards.fr\/index.php?rest_route=\/wp\/v2\/posts\/10044\/revisions"}],"wp:attachment":[{"href":"https:\/\/archives.regards.fr\/index.php?rest_route=%2Fwp%2Fv2%2Fmedia&parent=10044"}],"wp:term":[{"taxonomy":"category","embeddable":true,"href":"https:\/\/archives.regards.fr\/index.php?rest_route=%2Fwp%2Fv2%2Fcategories&post=10044"},{"taxonomy":"post_tag","embeddable":true,"href":"https:\/\/archives.regards.fr\/index.php?rest_route=%2Fwp%2Fv2%2Ftags&post=10044"}],"curies":[{"name":"wp","href":"https:\/\/api.w.org\/{rel}","templated":true}]}}