{"id":10041,"date":"2016-11-29T08:03:45","date_gmt":"2016-11-29T07:03:45","guid":{"rendered":"https:\/\/wp.muchomaas.com\/article-la-revue-du-29-novembre-2016\/"},"modified":"2016-11-29T08:03:45","modified_gmt":"2016-11-29T07:03:45","slug":"article-la-revue-du-29-novembre-2016","status":"publish","type":"post","link":"https:\/\/archives.regards.fr\/?p=10041","title":{"rendered":"La Revue du 29 novembre 2016"},"content":{"rendered":"<p><strong>ACTUALITE<\/strong><\/p>\n<p><strong>-De plus en plus de Fran\u00e7ais incapables de payer leur facture \u00e9nerg\u00e9tique (Nathalie Fontrel; son) :  <\/strong>                                                                                                                                                       https:\/\/www.franceinter.fr\/emissions\/planete-environnement\/planete-environnement-28-novembre-2016<\/p>\n<p><strong>-&#8220;Les riches estiment qu&#8217;ils ont tous les droits&#8221; (Monique Pin\u00e7on-Charlot et Michel Pin\u00e7on)<\/strong> : http:\/\/www.humanite.fr\/les-riches-estiment-quils-ont-tous-les-droits-604453<\/p>\n<p>-Airbus annonce aujourd&#8217;hui son plan de suppressions d&#8217;emplois :              http:\/\/www.latribune.fr\/entreprises-finance\/services\/transport-logistique\/restructuration-airbus-annonce-mardi-son-plan-de-suppressions-d-emplois-620255.html#xtor<\/p>\n<p><em>-Les salari\u00e9s et le droit du travail (BVA)  : <\/em> http:\/\/www.bva.fr\/data\/sondage\/sondage_fiche\/1924\/fichier_bva_-_mediarh_com_le_droit_du_travail_novembre2016aabcf.pdf<\/p>\n<p>-Easyjet va ouvrir une vingtaine de nouvelles routes en France en 2017 (Fabrice Gliszczynski) :                                                                       http:\/\/www.latribune.fr\/entreprises-finance\/services\/transport-logistique\/easyjet-va-ouvrir-une-vingtaine-de-nouvelles-routes-en-france-en-2017-620302.html#xtor<\/p>\n<p>-Le pruneau d&#8217;Agen ne conna\u00eet pas la crise (vid\u00e9o) :                                                                                                                                                                                                                        http:\/\/www.francetvinfo.fr\/economie\/emploi\/metiers\/agriculture\/pruneau-d-agen-une-filiere-dynamique-qui-ne-connait-pas-la-crise_1943457.html<\/p>\n<p>-Le Vend\u00e9e Globe sous haute surveillance satellitaire (Corinne Cutilla; son) : https:\/\/www.franceinter.fr\/emissions\/grand-angle\/grand-angle-28-novembre-2016<\/p>\n<p><strong>-&#8220;Les gestes qui sauvent&#8221; (l&#8217;urgentiste G\u00e9rald Kierzek, invit\u00e9 de Marie-Sophie Lacarrau; vid\u00e9o) :   <\/strong>                                                                                                                                                     http:\/\/www.francetvinfo.fr\/replay-radio\/info-sante\/docteur-gerald-kierzek-un-livre-pour-sauver-des-vies_1943473.html<\/p>\n<p>-Des progr\u00e8s fulgurants dans l&#8217;intelligence artificielle (Yolaine de la Bigne; son) :                                                                                                                                                                                      http:\/\/www.sudradio.fr\/Podcasts\/Quelle-epoque-ethique\/Intelligence-Artificielle-peut-on-la-contenir-Doit-on-s-en-servir<\/p>\n<p><strong>-&#8220;M\u00e9dicaments sous influence&#8221; (un documentaire de Bernard Dalbergue sur le laboratoire pharmaceutique Merck; vid\u00e9o) :        <\/strong>                                                                                                                http:\/\/www.lcp.fr\/emissions\/278561-medicaments-sous-influence<\/p>\n<p>-40 000 euros d&#8217;amende requis contre les fr\u00e8res Karabatic dans l&#8217;affaire des paris truqu\u00e9s : http:\/\/www.lemonde.fr\/handball\/article\/2016\/11\/28\/handball-40-000-euros-d-amende-requis-contre-nikola-et-luka-karabatic-dans-l-affaire-des-paris-truques_5039482_1616660.html#xtor<\/p>\n<p>-Le site &#8220;Zone T\u00e9l\u00e9chargement&#8221; ferm\u00e9 par la gendarmerie nationale :                     http:\/\/www.lemonde.fr\/pixels\/article\/2016\/11\/28\/le-site-zone-telechargement-ferme-par-la-gendarmerie-nationale_5039764_4408996.html<\/p>\n<p>-Serge Dassault \u00e0 nouveau convoqu\u00e9 devant la justice :                      http:\/\/www.lemonde.fr\/police-justice\/article\/2016\/11\/28\/comptes-caches-serge-dassault-convoque-devant-la-justice-le-16-janvier_5039630_1653578.html#xtor<\/p>\n<p>-Ouverture du proc\u00e8s en appel de Claude Gu\u00e9ant, poursuivi pour &#8220;complicit\u00e9 de d\u00e9tournement de fonds publics et recel&#8221; :                                     http:\/\/www.lemonde.fr\/police-justice\/article\/2016\/11\/28\/primes-en-liquide-ouverture-du-proces-en-appel-de-claude-gueant_5039661_1653578.html#xtor=AL-32280270<\/p>\n<p>-D\u00e9lit d&#8217;entrave \u00e0 l&#8217;avortement, l&#8217;archev\u00eaque de Marseille en appelle au pr\u00e9sident (C\u00e9cile Chambraud) :                                                              http:\/\/www.lemonde.fr\/famille-vie-privee\/article\/2016\/11\/29\/delit-d-entrave-a-l-ivg-mgr-pontier-en-appelle-directement-au-president_5039809_1654468.html#xtor<\/p>\n<p><strong>POLITIQUE<\/strong><\/p>\n<p><strong>-&#8220;La reconstruction d&#8217;une force de gauche doit avoir lieu maintenant, pas apr\u00e8s 2017, pas apr\u00e8s le d\u00e9sastre&#8221; (Pierre Laurent dans &#8220;Lib\u00e9ration&#8221;; propos recueillis par Gr\u00e9goire Biseau et Rachid La\u00efreche) :       <\/strong>                            http:\/\/www.liberation.fr\/france\/2016\/11\/28\/la-reconstruction-d-une-force-de-gauche-doit-avoir-lieu-maintenant-pas-apres-2017-pas-apres-le-desas_1531544<\/p>\n<p><em>-&#8220;Son adresse aux communistes&#8221; <em><\/strong> : http:\/\/13.pcf.fr\/94194<\/p>\n<p><strong>-&#8220;Radiographie d&#8217;un vote militant&#8221; (Roger Martelli) : <\/strong> https:\/\/wp.muchomaas.com\/web\/article\/pcf-radiographie-d-un-vote-militant<\/p>\n<p>-&#8220;Face \u00e0 une droite tr\u00e8s dure, il faut une gauche forte&#8221; (Aur\u00e9lie Filippetti; d\u00e9put\u00e9e PS de Moselle, ancienne ministre de la Culture; face \u00e0 L\u00e9a Salam\u00e9; vid\u00e9o) :                                                                                                                              http:\/\/www.dailymotion.com\/video\/x53tdvf_aurelie-filippetti-face-a-une-droite-tres-dure-il-faut-une-gauche-forte_news<\/p>\n<p><strong>-&#8220;Il \u00e9tait temps que cela cesse au sommet de l&#8217;ex\u00e9cutif. Cet \u00e9pisode n&#8217;\u00e9tait pas tr\u00e8s sain. L&#8217;essentiel, qu&#8217;ont-ils \u00e0 dire pour les cinq ans \u00e0 venir ? Je ne veux pas croire que le d\u00e9jeuner  Hollande-Valls ait abord\u00e9 la question de la suppression de la primaire. Je ne comprends pas ceux qui refusent la primaire des gauches. Evidemment que Jean-Luc M\u00e9lenchon est renforc\u00e9 par le vote des communistes&#8221;  <\/strong> (Beno\u00eet Hamon, d\u00e9put\u00e9 PS des Yvelines, candidat \u00e0 la primaire; face \u00e0 Laurence Ferrari; vid\u00e9o) :  http:\/\/www.itele.fr\/chroniques\/invite-politique-ferrari-tirs-croises\/linvite-de-laurence-ferrari-du-28112016-171769                        <\/p>\n<p><strong>-Fran\u00e7ois Fillon, &#8220;c&#8217;est le candidat des gens ais\u00e9s. Il ne camoufle pas son projet, il l&#8217;assume. \u00c7a rebat les cartes. \u00c7a suffit la rage de fragmentation ! Il n&#8217;est pas anormal que le premier ministre, le Pr\u00e9sident r\u00e9fl\u00e9chissent \u00e0 la meilleure \u00e9quation pour gagner l&#8217;\u00e9lection pr\u00e9sidentielle, \u00e0 condition de ne pas provoquer une crise dans l&#8217;ex\u00e9cutif&#8221; (Jean-Christophe Cambad\u00e9lis; interrog\u00e9 par Caroline Roux; vid\u00e9o) :  <\/strong> http:\/\/www.france2.fr\/emissions\/telematin\/actu\/les-4-verites-jean-christophe-cambadelis_527967<\/p>\n<p><strong>-Fran\u00e7ois Fillon, &#8220;son projet est un traitement de cheval pour les Fran\u00e7ais qui ne le m\u00e9ritent pas. Il n&#8217;y aura pas de primaire entre Manuel Valls et Fran\u00e7ois Hollande. Si Valls est candidat, ce qui est son droit, il n&#8217;est plus premier ministre. Fran\u00e7ois Fillon l&#8217;a emport\u00e9 contre les sondages. Dans la primaire, on se projette, on ne parle pas du bilan&#8221; (St\u00e9phane Le Foll; face \u00e0 Jean-Pierre Elkabbach; vid\u00e9o) : <\/strong>  http:\/\/www.europe1.fr\/emissions\/l-interview-politique\/victoire-de-fillon-a-la-primaire-de-la-droite-primaire-de-la-gauche-candidature-eventuelle-de-manuel-valls-et-decision-de-francois-hollande-stephane-le-foll-repond-aux-questions-de-jean-pierre-elkabbach-2913116<\/p>\n<p>-&#8220;Son programme fait le lit de Marine Le Pen. Claude Bartolone propose la pluralit\u00e9 de candidatures  pour aller au fond des choses. Nous sommes fiers du bilan&#8221; (Le secr\u00e9taire d&#8217;Etat Jean-Marie Le Guen, interrog\u00e9 par Audrey Crespo-Mara; vid\u00e9o) : http:\/\/www.lci.fr\/replay\/replay-l-invite-politique-du-28-novembre-2016-jean-marie-le-guen-2014809.html%3Ftype=content<\/p>\n<p>-Vers une mini-primaire ? (vid\u00e9o) : http:\/\/www.francetvinfo.fr\/politique\/ps\/primaire-socialiste\/primaire-de-la-gauche-manuel-valls-pourrait-se-presenter-face-a-francois-hollande_1943421.html<\/p>\n<p>-&#8220;La fonction de Claude Bartolone lui impose \u00e0 minima un minimum de r\u00e9serve. Pinel n&#8217;a aucune chance de l&#8217;emporter&#8221; (Olivier Faure, d\u00e9put\u00e9 PS de Seine-et-Marne, porte-parole du PS; invit\u00e9 de la cha\u00eene LCP (vid\u00e9os) : http:\/\/www.lcp.fr\/la-politique-en-video\/la-fonction-de-claude-bartolone-lui-impose-minima-un-minimum-de-reserve                                                                             http:\/\/www.lcp.fr\/la-politique-en-video\/2017-pinel-prg-na-aucune-chance-de-lemporter-tacle-faure-ps<\/p>\n<p>-&#8220;Il n&#8217;y aura pas d&#8217;affiche Valls\/Hollande. Il ne peut y avoir deux candidats issus de l&#8217;ex\u00e9cutif \u00e0 la primaire. Il nous faut d\u00e9fendre notre projet. Il n&#8217;y a pas de meilleur adversaire que M.Fillon; (Rachid Temal,secr\u00e9taire national du PS; face \u00e0 Dimitri Pavlenko; son) : http:\/\/www.sudradio.fr\/Podcasts\/L-invite-pour-comprendre\/Rachid-Temal-Secretaire-national-a-la-coordination-du-Parti-Socialiste<\/p>\n<p>-&#8220;La droite nous lance un d\u00e9fi politique. Dans la primaire, toute la gauche doit \u00eatre l\u00e0, de M\u00e9lenchon \u00e0 Macron. Je pousse Valls \u00e0 y aller&#8221; (Philippe Doucet, d\u00e9put\u00e9 PS du Val-d&#8217;Oise; face \u00e0 Jean-Jacques Bourdin; vid\u00e9o) :  http:\/\/rmc.bfmtv.com\/mediaplayer\/video\/philippe-doucet-la-droite-nous-lance-un-defi-politique-889323.html<\/p>\n<p><strong>-&#8220;Et maintenant la gauche&#8221; (Brice Teinturier de l&#8217;institut IPSOS; Laurent Bouvet, professeur de science politique \u00e0 l&#8217;universit\u00e9 de Versailles-Saint-Quentin-en-Yvelines et Laurent Baumel, d\u00e9put\u00e9 PS d&#8217;Indre-et Loire; invit\u00e9s du &#8220;T\u00e9l\u00e9phone sonne&#8221; de France Inter, anim\u00e9 par Nicolas Demorand; son) :    <\/strong>                                                                                                                                            https:\/\/www.franceinter.fr\/emissions\/le-telephone-sonne\/le-telephone-sonne-28-novembre-2016<\/p>\n<p>-&#8220;Encercl\u00e9, Fran\u00e7ois Hollande refuse de c\u00e9der \u00e0 la pression&#8221; (Bastien Bonnefous) :                                                                                                                                                                                         http:\/\/www.lemonde.fr\/\/election-presidentielle-2017\/article\/2016\/11\/28\/presidentielle-encercle-francois-hollande-refuse-de-ceder-a-la-pression_5039182_4854003.html<\/p>\n<p><strong>-&#8220;Je veux redresser le pays&#8221; (Fran\u00e7ois Fillon, invit\u00e9 du &#8220;20 Heures&#8221; de France 2 qui d\u00e9ment le remplacement de Laurent Wauquiez; face \u00e0 David Pujadas; vid\u00e9o)<\/strong> : http:\/\/www.francetvinfo.fr\/politique\/les-republicains\/primaire-de-la-droite\/francois-fillon-je-veux-redresser-le-pays_1943789.html<\/p>\n<p>-&#8220;J&#8217;ai toujours consid\u00e9r\u00e9 que le centre a vocation \u00e0 faire partie de la majorit\u00e9 gouvernementale&#8221; (G\u00e9rard Larcher, pr\u00e9sident LR du S\u00e9nat; interrog\u00e9 par Guillaume Durand; vid\u00e9o) :                   http:\/\/www.dailymotion.com\/video\/x53tsor<\/p>\n<p>-&#8220;&#8221;La victoire de Fran\u00e7ois Fillon est une tr\u00e8s, tr\u00e8s mauvaise nouvelle pour Marine Le Pen&#8221;  (Bruno Retailleau, pr\u00e9sident du groupe LR au S\u00e9nat; invit\u00e9 de la matinale de Franceinfo; vid\u00e9o) : http:\/\/www.radioclassique.fr\/player\/progaction\/initPlayer\/podcast\/2016-11-28-07-45-12.html<\/p>\n<p>-&#8220;Fran\u00e7ois Fillon dit la v\u00e9rit\u00e9 aux Fran\u00e7ais. Tout reste \u00e0 faire, pendant cinq mois&#8221; (Bernard Accoyer, d\u00e9put\u00e9 LR de Haute-Savoie; invit\u00e9 de &#8220;Territoires d&#8217;Infos&#8221;; vid\u00e9o, amener le curseur sur 33:22) :                 http:\/\/www.sudradio.fr\/Politique\/L-interview-politique\/Bernard-Accoyer-Francois-Fillon-dit-la-verite-aux-Francais<\/p>\n<p>-&#8220;M\u00eame la droite, qui pourtant a la culture du chef, a adopt\u00e9 la primaire. La droite populaire va avoir besoin de p\u00e9dagogie sur le programme lib\u00e9ral de Fran\u00e7ois Fillon&#8221; (Geoffroy Didier, vice-pr\u00e9sident LR du Conseil r\u00e9gional d&#8217;Ile-de-France; face \u00e0 Dimitri Pavlenko; son) :                                                                                                                                                                                                                http:\/\/www.sudradio.fr\/Podcasts\/L-invite-pour-comprendre\/Geoffroy-Didier-vice-president-de-la-region-IDF-soutien-d-Alain-Juppe<\/p>\n<p>-&#8220;Chez nous, il n&#8217;y a pas de schisme comme \u00e0 gauche. J&#8217;esp\u00e8re que Fran\u00e7ois Bayrou ne se pr\u00e9sentera pas&#8221; (Benoist Apparu, d\u00e9put\u00e9 LR de la Marne; son) :                                                                       http:\/\/www.radioclassique.fr\/player\/progaction\/initPlayer\/podcast\/2016-11-28-07-45-12.html<\/p>\n<p><strong>-&#8220;Fran\u00e7ois Fillon est le nouveau point de gravit\u00e9 de la droite et du centre. Si vous n&#8217;aimez pas perdre, il ne faut pas faire de politique&#8221; (G\u00e9rard Darmanin, ex-directeur de campagne de Nicolas Sarkozy et Edouard Philippe, ex-porte-parole d&#8217;Alain Jupp\u00e9, \u00e9taient les invit\u00e9s de la matinale de France Inter. Ils ont r\u00e9pondu aux questions de Patrick Cohen et des auditeurs; vid\u00e9os) :<\/strong> https:\/\/www.franceinter.fr\/emissions\/l-invite-de-8h20\/l-invite-de-8h20-28-novembre-2016<\/p>\n<p>-&#8220;L&#8217;\u00e9picentre de l&#8217;\u00e9lection pr\u00e9sidentielle ?&#8221; (en d\u00e9bat sur i-T\u00e9l\u00e9 chez Olivier Galzi; vid\u00e9o) : http:\/\/www.itele.fr\/chroniques\/grand-decryptage-olivier-galzi\/le-grand-decryptage-du-28112016-171771<\/p>\n<p>-&#8220;Fran\u00e7ois Fillon veut que le parti soit au service de sa campagne \u00e9lectorale&#8221; (Bruno Retailleau, pr\u00e9sident du groupe des R\u00e9publicains au S\u00e9nat; face \u00e0 Ruth Elkrief; vid\u00e9o) : http:\/\/elabe.fr\/comprendre-le-vote-2\/<\/p>\n<p>-&#8220;Il faut garder la m\u00eame partition&#8221; (Laurent Wauquiez, pr\u00e9sident par int\u00e9rim des R\u00e9publicains; invit\u00e9 de la matinale de RTL; vid\u00e9os) :                                                                                                             http:\/\/www.rtl.fr\/actu\/politique\/victoire-de-fillon-il-faut-garder-la-meme-partition-previent-wauquiez-7786012057 <\/p>\n<p>-&#8220;Il faut remplacer Laurent Wauquiez \u00e0 la t\u00eate du Parti&#8221; (Bernard Debr\u00e9, d\u00e9put\u00e9 LR de Paris; vid\u00e9o) :                                                                                                                                                                 http:\/\/www.rtl.fr\/actu\/politique\/il-faut-remplacer-laurent-wauquiez-insiste-bernard-debre-7786018619<\/p>\n<p>&#8220;Une dynamique a \u00e9t\u00e9 cr\u00e9\u00e9e . Il y aura un avant et un apr\u00e8s primaire pour la droite&#8221; (Luc Chatel, d\u00e9put\u00e9 LR de Haute Marne, invit\u00e9 de la  matinale de i-T\u00e9l\u00e9; vid\u00e9o) :                                           http:\/\/www.itele.fr\/chroniques\/invite-michael-darmon\/linvite-de-michael-darmon-du-28112016-171759<\/p>\n<p>-&#8220;Ce score de Fran\u00e7ois Fillon montre une adh\u00e9sion \u00e0 son projet. Il doit \u00e9largir son socle sans affadir son programme. Alors qu&#8217;il \u00e9tait prot\u00e9g\u00e9, il sera maintenant expos\u00e9&#8221; (Guillaume Tabard; son) :      http:\/\/www.radioclassique.fr\/player\/progaction\/iniPlayer\/podcast\/2016-11-28-08-13-00.html<\/p>\n<p><strong>-Daniel Simonet (PG), Razzi Hammadi, d\u00e9put\u00e9 PS de Seine-Saint-Denis, Herv\u00e9 Mariton, d\u00e9put\u00e9 LR de la Dr\u00f4me, Nadine Morano, eurod\u00e9put\u00e9e LR,  Nicolas Bay, secr\u00e9taire g\u00e9n\u00e9ral du FN; invit\u00e9s du &#8220;Grand Soir 3&#8221; (vid\u00e9o) : <\/strong> http:\/\/www.francetvinfo.fr\/politique\/les-republicains\/primaire-de-la-droite\/presidentielle-francois-fillon-veut-casser-la-france-affirme-hammadi-ps_1943193.html<\/p>\n<p>-&#8220;Un candidat en phase avec son parti, pas avec le pays&#8221; (Gr\u00e9goire Biseau) : http:\/\/www.liberation.fr\/france\/2016\/11\/27\/fillon-un-candidat-en-phase-avec-son-parti-pas-avec-le-pays_1531327?xtor<\/p>\n<p><strong>-&#8220;Son programme, je le combattrai avec toute mon \u00e9nergie, jusqu&#8217;au bout&#8221; (Henri Guaino, d\u00e9put\u00e9 LR des Yvelines; vid\u00e9o) <\/strong> :                                                                                         http:\/\/www.europe1.fr\/politique\/primaire-de-la-droite-guaino-je-combattrai-le-programme-de-fillon-avec-toute-mon-energie-2912795#xtor=CS1-15<\/p>\n<p>-&#8220;Son programme offre des angles d&#8217;attaque \u00e0 la gauche&#8221; (Rama Yade qui est toujours candidate \u00e0 l&#8217;\u00e9lection pr\u00e9sidentielle; face \u00e0 Olivier Galzi; vid\u00e9o) :           http:\/\/www.itele.fr\/chroniques\/invite-galzi-jusqua-minuit\/linvite-politique-dolivier-galzi-du-28112016-171772<\/p>\n<p>-&#8220;Son score lui laisse les coud\u00e9es franches mais la question centriste reste enti\u00e8re&#8221; (St\u00e9phane Roz\u00e8s, pr\u00e9sident de Cap; interrog\u00e9 par Eric Delvaux; son) :                                                                       https:\/\/www.franceinter.fr\/emissions\/l-invite-du-5-7\/l-invite-du-5-7-28-novembre-2016<\/p>\n<p>-&#8220;Candidat solide d&#8217;une droite trop classique ?&#8221; (Thomas Legrand; son) : https:\/\/www.franceinter.fr\/emissions\/l-edito-politique\/l-edito-politique-28-novembre-2016<\/p>\n<p>-&#8220;Fillon a les coud\u00e9es franches, la gauche est \u00e9parpill\u00e9e fa\u00e7on puzzle&#8221; (Alba Ventura; vid\u00e9o) :                                                                                                                                                                        http:\/\/www.rtl.fr\/actu\/politique\/fillon-a-les-coudees-franches-a-droite-la-gauche-est-eparpillee-facon-puzzle-decrypte-alba-ventura-7786011635<\/p>\n<p>-&#8220;L&#8217;outsider devient le favori de 2017&#8221; (Yves Thr\u00e9ard; vid\u00e9o) : http:\/\/www.europe1.fr\/emissions\/ledito-politique-dyves-threard\/francois-fillon-loutsider-devient-le-favori-de-2017-2912993<\/p>\n<p><strong>-&#8220;L&#8217;autoroute vers une victoire \u00e0 l&#8217;\u00e9lection pr\u00e9sidentielle ?&#8221; (Alain Duhamel et Nicolas Domenach; vid\u00e9o) :     <\/strong>                                                                                                                                                http:\/\/www.rtl.fr\/actu\/politique\/victoire-de-fillon-l-autoroute-vers-une-victoire-a-l-election-presidentielle-7786012626<\/p>\n<p>-&#8220;Apr\u00e8s la liesse, les premi\u00e8res larmes ?&#8221; (Nathalie Schuck; son) : https:\/\/www.franceinter.fr\/emissions\/histoires-politiques\/histoires-politiques-28-novembre-2016<\/p>\n<p>-&#8220;Une r\u00e9volution conservatrice \u00e0 la fran\u00e7aise&#8221; (Laurent Joffrin) : http:\/\/www.liberation.fr\/france\/2016\/11\/27\/virage_1531354?xtor<\/p>\n<p><em>-Compredre le vote du 2e tour de la primaire (ELABE) :  <\/em>                                      http:\/\/elabe.fr\/comprendre-le-vote-2\/<\/p>\n<p>-&#8220;Les \u00e9lecteurs fran\u00e7ais vont stopper Fran\u00e7ois Fillon et sa saign\u00e9e. Il est le candidat de la mondialisation sauvage&#8221; (Florian Philippot, vice-pr\u00e9sident du FN, interrog\u00e9 par Jean-Jacques Bourdin; vid\u00e9o) : http:\/\/www.bfmtv.com\/mediaplayer\/video\/florian-philippot-face-a-jean-jacques-bourdin-en-direct-889319.html<\/p>\n<p>-Il \u00e9tait l&#8217;invit\u00e9 de &#8220;C \u00e0 vous&#8221; sur la 5 (vid\u00e9o, amener le curseur sur 3:12) : http:\/\/www.france5.fr\/emissions\/c-a-vous\/videos\/replay_-_c_a_vous_28-11-2016_1405775?onglet=tous&#038;page=1<\/p>\n<p>-&#8220;Il est partisan de l&#8217;ultra-lib\u00e9ralisme&#8221; (David Rachline, directeur d campagne de Marine Le Pen; face \u00e0 Thomas Sotto; vid\u00e9o) :                                                                                                   http:\/\/www.europe1.fr\/emissions\/l-interview-verite\/david-rachline-monsieur-fillon-est-le-partisan-de-lultra-liberalisme-2913083<\/p>\n<p>-&#8220;Les r\u00e9actions d&#8217;hommage qui encensent Castro sont une abomination La France a besoin d&#8217;un rem\u00e8de de cheval &#8221; (Luc Ferry, ancien ministre de l&#8217;Education nationale; vid\u00e9o) :                                            http:\/\/www.dailymotion.com\/video\/x53trmd_les-reactions-d-hommage-qui-encensent-castro-sont-une-abomination-luc-ferry-28-11-2016_news                                                                                      <\/p>\n<p><strong>EUROPE-MONDE<br \/>\n<\/strong><\/p>\n<p><strong>-&#8220;Pour la BCE, Trump multiplie les risques \u00e9conomiques pour l&#8217;Union europ\u00e9enne&#8221; (Arantxa I\u00f1iguez) : <\/strong>                                                                                                                                         http:\/\/www.euractiv.fr\/section\/euro-finances\/news\/pour-la-bce-trump-multiplie-les-risques-economiques-pour-lue\/?nl_ref=25780072<\/p>\n<p>-La Commission europ\u00e9enne veut revoir \u00e0 la hausse les objectifs d&#8217;efficacit\u00e9 \u00e9nerg\u00e9tique (James Crisp) :                                                                                                                                    http:\/\/www.euractiv.fr\/section\/energie\/news\/commission-sets-up-energy-efficiency-battle-between-meps-and-member-states\/?nl_ref=25780072<\/p>\n<p>-&#8220;Les objectifs d&#8217;\u00e9nergie renouvelable menaceraient les for\u00eats&#8221; (Arthur Neslen) :                                                                                                                                                                               http:\/\/www.euractiv.fr\/section\/energie\/news\/protected-forests-in-europe-felled-to-meet-eu-renewable-targets-report\/?nl_ref=25780072<\/p>\n<p>-&#8220;Le n\u00e9onicotino\u00efdes menac\u00e9s d&#8217;une interdiction totale en Europe&#8221; (Romain Loury) :                                                                                                                                                                             http:\/\/www.euractiv.fr\/section\/climat-environnement\/news\/les-neonicotinoides-menaces-par-une-interdiction-totale-en-europe\/?nl_ref=25780072<\/p>\n<p><strong>-L&#8217;extinction des animaux pollinisateurs menacerait 1,4 milliards d&#8217;emplois dans le monde :     <\/strong>                                                                                       http:\/\/www.lemonde.fr\/biodiversite\/article\/2016\/11\/28\/l-extinction-des-pollinisateurs-menace-1-4-milliard-d-emplois-selon-un-rapport_5039767_1652692.html#xtor<\/p>\n<p>-L&#8217;eurod\u00e9put\u00e9e centriste Sylvie Goulard candidate \u00e0 la pr\u00e9sidence du Parlement europ\u00e9en (Aline Robert) :                                                                                                                                                     http:\/\/www.euractiv.fr\/section\/politique\/news\/sylvie-goulard-candidate-a-la-presidence-du-parlement-europeen\/?nl_ref=25780072<\/p>\n<p><strong>-&#8220;Michel Barnier acc\u00e9l\u00e8re la pr\u00e9paration des n\u00e9gociations sur le Brexit&#8221; (Georgi Gotev) :      <\/strong>                                                                                                                                                                 http:\/\/www.euractiv.fr\/section\/royaume-uni-en-europe\/news\/barnier-steps-up-brexit-talk-preparations\/?nl_ref=25780072 <\/p>\n<p>-&#8220;En Allemagne, le succ\u00e8s de Fran\u00e7ois Fillon suscite de l&#8217;espoir et quelques inqui\u00e9tudes&#8221; (Thomas Wieder) :                                                                                                                                                      http:\/\/www.lemonde.fr\/international\/article\/2016\/11\/22\/en-allemagne-le-succes-de-francois-fillon-suscite-de-l-espoir-et-quelques-inquietudes_5036112_3210.html<\/p>\n<p>-Comme il l&#8217;avait fait pour le Brexit, avec le succ\u00e8s que l&#8217;ont sait, &#8220;Junker met en garde contre une victoire du &#8220;non&#8221; le 4 d\u00e9cembre en Italie&#8221; :                                                                                           http:\/\/www.euractiv.fr\/section\/politique\/news\/juncker-met-en-garde-contre-une-victoire-du-non-en-italie\/?nl_ref=25780072<\/p>\n<p>-&#8220;Vous reprendrez bien un peu d&#8217;aust\u00e9rit\u00e9 ?&#8221; (Pierre Moscovici, commissaire europ\u00e9en, s&#8217;adressant \u00e0 la Gr\u00e8ce, selon &#8220;Marianne) :                                                                                                                                      http:\/\/www.marianne.net\/moscovici-aux-grecs-vous-reprendrez-bien-peu-austerite-100248222.html<\/p>\n<p>-&#8220;L&#8217;effet Trump va-t-il gagner l&#8217;Autriche ?&#8221; (Fr\u00e9d\u00e9ric Koller) :                                   https:\/\/www.letemps.ch\/monde\/2016\/11\/28\/leffet-trump-vatil-gagner-lautriche?utm_source<\/p>\n<p><strong>-En Finlande, les aurores bor\u00e9ales ont leur circuit (vid\u00e9o) : <\/strong> http:\/\/www.francetvinfo.fr\/replay-radio\/voyage-et-decouvertes\/decouverte-le-circuit-touristique-des-aurores-boreales_1943841.html#xtor<\/p>\n<p>-&#8220;L&#8217;Union europ\u00e9enne esp\u00e8re trouver une solution \u00e0 l&#8217;accord d&#8217;association avec l&#8217;Ukraine&#8221; :                                                                                                                                                                             http:\/\/www.euractiv.fr\/section\/l-europe-dans-le-monde\/news\/lue-espere-trouver-une-solution-a-laccord-dassociation-avec-lukraine\/?nl_ref=25780072<\/p>\n<p><strong>-&#8220;Les pays des Balkans ne seront pas pr\u00eats \u00e0 l&#8217;adh\u00e9sion avant plusieurs ann\u00e9es&#8221;  (Ditmir Bushati, ministre des Affaires \u00e9trang\u00e8res d&#8217;Albanie; propos recueillis par Christoph Zeiher) : <\/strong>                http:\/\/www.euractiv.fr\/section\/l-europe-dans-le-monde\/news\/albanian-foreign-minister-eu-enlargement-lacks-soul\/?nl_ref=25780072<\/p>\n<p>-&#8220;La politique \u00e9nerg\u00e9tique suisse du futur reste controvers\u00e9e&#8221; (Bernard Wuthrich) :             https:\/\/www.letemps.ch\/suisse\/2016\/11\/28\/politique-energetique-futur-reste-controversee?utm_source<\/p>\n<p>-L&#8217;arm\u00e9e syrienne reprend l&#8217;est d&#8217;Alep (vid\u00e9o) : http:\/\/www.francetvinfo.fr\/monde\/revolte-en-syrie\/syrie-le-regime-de-bachar-al-assad-reprend-l-est-de-la-ville-d-alep_1943435.html<\/p>\n<p><strong>-En Afrique du Sud, la guerre contre le braconnage, nouveau front des v\u00e9t\u00e9rans (vid\u00e9o) <\/strong> : http:\/\/nr.news-republic.com\/Web\/ArticleWeb.aspx?regionid=2&#038;articleid=78581408<\/p>\n<p>-En Guin\u00e9e Bissau, beaucoup de serpents et peu de traitements (vid\u00e9o) : http:\/\/nr.news-republic.com\/Web\/ArticleWeb.aspx?regionid=2&#038;articleid=78646422<\/p>\n<p><strong>-&#8220;La transition \u00e0 Cuba \u00e9tait pr\u00e9par\u00e9e depuis longtemps&#8221; (Christophe Ventura, chercheur \u00e0 l&#8217;Iris; invit\u00e9 d&#8217;Yves Decaens; vid\u00e9o) :<\/strong>                                                                                                                 http:\/\/www.dailymotion.com\/video\/x53mzty_christophe-ventura-la-transition-a-cuba-etait-preparee-depuis-longtemps_news<\/p>\n<p><strong>-&#8220;Ce jour l\u00e0 de 1995, Fidel Castro a d\u00een\u00e9 chez Georges Marchais \u00e0 Champigny (Laurence Mauriaucourt; vid\u00e9o de l&#8217;Ina) :     <\/strong>                                                                                               https:\/\/www.franceinter.fr\/emissions\/very-good-trip\/very-good-trip-28-novembre-2016<\/p>\n<p>-&#8220;Les deux visages de Castro&#8221; (Bernard Guetta; son) : https:\/\/www.franceinter.fr\/emissions\/geopolitique\/geopolitique-28-novembre-2016<\/p>\n<p><strong>-&#8220;Il \u00e9tait un embl\u00e8me de r\u00e9sistance pour l&#8217;Am\u00e9rique latine&#8221; (le dessinateur italien Stefano Casini, auteur des BD &#8220;Hasta la victoria !&#8221;: vid\u00e9o) :   <\/strong>             http:\/\/culturebox.francetvinfo.fr\/livres\/bande-dessinee\/stefano-casini-castro-etait-un-embleme-de-resistance-pour-l-amerique-latine-249379#xtor<\/p>\n<p>-A la rencontre de jeunes Cubains (vid\u00e9o) : http:\/\/www.francetvinfo.fr\/monde\/cuba\/mort-de-fidel-castro\/cuba-comment-les-jeunes-voient-l-avenir-apres-fidel-castro_1943413.html<\/p>\n<p>-Manifestations contre le pr\u00e9sident br\u00e9silien Michel Temer (vid\u00e9o) : http:\/\/nr.news-republic.com\/Web\/ArticleWeb.aspx?regionid=2&#038;articleid=78610399<\/p>\n<p>-A Ha\u00efti, Jovenel Mo\u00efse remporte la pr\u00e9sidentielle au premier tour :          http:\/\/www.lemonde.fr\/ameriques\/article\/2016\/11\/29\/jovenel-moise-remporte-l-election-presidentielle-haitienne-au-premier-tour_5039818_3222.html<\/p>\n<p>-Bill Wurtz, &#8220;l&#8217;homme qui savait raconter l&#8217;histoire du Japon&#8221; (Romain Capelle; vid\u00e9o en anglais) :                                                                                                                                                                 http:\/\/www.telerama.fr\/medias\/bill-wurtz-l-homme-qui-savait-raconter-l-histoire-du-japon,150531.php<\/p>\n<p><strong>-La facture de Fukushima doubl\u00e9e pour la deuxi\u00e8me fois :       <\/strong>                http:\/\/www.latribune.fr\/entreprises-finance\/industrie\/energie-environnement\/nucleaire-la-facture-de-fukushima-doublee-pour-la-deuxieme-fois-620327.html#xtor<\/p>\n<p><strong>-&#8220;Les glaces de l&#8217;Arctique en bavent de plus en plus&#8221; (Axel Villard et ses invit\u00e9s, la glaciologue Catherine Ritz et la journaliste Laurenne Lavocat; son) :  <\/strong>                                                                          https:\/\/www.franceinter.fr\/emissions\/la-une-de-la-science\/la-une-de-la-science-28-novembre-2016<\/p>\n<p>-A nouveau, l&#8217;OCDE pr\u00f4ne la relance (Marie Dancer) :                                http:\/\/www.la-croix.com\/Economie\/Monde\/Contre-la-croissance-molle-l-OCDE-prone-la-relance-2016-11-28-1200806407?utm_source<\/p>\n<p><strong>CULTURE-MEDIAS<\/strong><\/p>\n<p><strong>-&#8220;La France catholique&#8221; \u00e0 &#8220;La marche de l&#8217;histoire&#8221; de Jean Lebrun. Son invit\u00e9 \u00e9tait l&#8217;historien Guillaume Cuchet (son) :  <\/strong>                                                                                                                   https:\/\/www.franceinter.fr\/emissions\/la-marche-de-l-histoire\/la-marche-de-l-histoire-28-novembre-2016<\/p>\n<p>-Le Prix Pierre Daix a \u00e9t\u00e9 attribu\u00e9 \u00e0 Maurice Fr\u00e9churet (Harry Bellet) :      http:\/\/www.lemonde.fr\/livres\/article\/2016\/11\/29\/maurice-frechuret-recompense-par-le-prix-pierre-daix_5039796_3260.html#xtor=AL-32280270<\/p>\n<p><strong>-&#8220;Je suis venue au th\u00e9\u00e2tre parce que je voulais \u00eatre Robert Badinter&#8221; (Rachida Brakni; entretien r\u00e9alis\u00e9 par Yasmine Youssi) :    <\/strong>                                                                                                  http:\/\/www.telerama.fr\/etats-genereux\/rachida-brakni-je-suis-venue-au-theatre-parce-que-je-voulais-etre-robert-badinter,150299.php<\/p>\n<p><strong>-Costa-Gavras commente un extrait de son film &#8220;Missing&#8221; (1982), dans lequel &#8220;il fallait sugg\u00e9rer sans montrer les choses \u00e9pouvantables&#8221; (propos recueillis par Samuel Douhaire; vd\u00e9o) :  <\/strong>             http:\/\/www.telerama.fr\/cinema\/costa-gavras-au-fil-de-ses-films-missing-1982-il-fallait-suggerer-sans-montrer-des-choses-epouvantables,150581.php<\/p>\n<p><strong>-Pour &#8220;Section sp\u00e9ciale&#8221; (1975), &#8220;on m&#8217;a reproch\u00e9 d&#8217;avoir engag\u00e9 tous les cabots du cin\u00e9ma&#8221; (vid\u00e9o) :   <\/strong>                                                                                                                                     http:\/\/www.telerama.fr\/cinema\/costa-gavras-au-fil-de-ses-films-section-speciale-1975,150575.php<\/p>\n<p>-Le chanteur Cali \u00e9tait l&#8217;invit\u00e9 d&#8217;Augustin Trapenard (vid\u00e9o) : https:\/\/www.franceinter.fr\/emissions\/boomerang\/boomerang-28-novembre-2016<\/p>\n<p><strong>-&#8220;Regarder le petit \u00e9cran avec les oreilles&#8221; (Rebecca Manzoni; vid\u00e9o) : <\/strong> http:\/\/www.dailymotion.com\/video\/x53t9ha_tele-music-regarder-le-petit-ecran-avec-les-oreilles-pop-co_music<\/p>\n<p><strong>-Hommage \u00e0 Sharon Jones, le renouveau de la soul f\u00e9minine (Michka Assayas; son) <\/strong> : https:\/\/www.franceinter.fr\/emissions\/very-good-trip\/very-good-trip-28-novembre-2016<\/p>\n<p><strong>-Brigitte Fontaine et les Musiques \u00e0 Ou\u00efr en concert \u00e0 Saint-Quentin-en-Yvelines (vid\u00e9o int\u00e9grale) :   <\/strong>                                                      http:\/\/culturebox.francetvinfo.fr\/live\/musique\/chanson-francaise\/brigitte-fontaine-au-grand-theatre-de-st-quentin-en-yvelynes-247861#xtor=EREC-15<\/p>\n<p>-Le d\u00e9fi de Fran\u00e7ois Fillon dans la presse fran\u00e7aise (diaporama) :                                                                                                                                                                                                           http:\/\/www.lemonde.fr\/politique\/article\/2016\/11\/28\/comment-rassembler-avec-un-projet-conservateur-le-defi-de-francois-fillon-pour-la-presse-francaise_5039186_823448.html<\/p>\n<p>-Comment le voit la presse internationale :                                                                                                                                                                                                                                                http:\/\/www.lemonde.fr\/politique\/article\/2016\/11\/28\/austere-conservateur-favori-le-portrait-de-francois-fillon-par-la-presse-internationale_5039176_823448.html<\/p>\n<p><strong>-&#8220;Strip-tease&#8221;, l&#8217;\u00e9mission culte de la t\u00e9l\u00e9vision belge a d\u00e9sormais sa cha\u00eene sur Youtube (Sonia Devillers; vid\u00e9os) <\/strong> : https:\/\/www.franceinter.fr\/emissions\/l-instant-tele\/l-instant-tele-28-novembre-2016<\/p>\n<p><em>-La cha\u00eene officielle : <\/em> https:\/\/www.youtube.com\/channel\/UCTljLU4Tb2jcW9n23APDwZg<\/p>\n<p>-En Birmanie, apr\u00e8s 50 ans de dictature, les effets d&#8217;une r\u00e9volution num\u00e9rique (la r\u00e9alisatrice Julia Monfort; propos recueillis par Christine Chaumeau; vid\u00e9os) :                                               http:\/\/television.telerama.fr\/television\/naissance-d-une-democratie-a-l-heure-d-internet-cocktail-explosif-en-birmanie,150568.php<\/p>\n<p>-&#8220;Jour polaire&#8221; sur Canal +, la s\u00e9rie qu&#8217;illumine Le\u00efla Bekhti (Pierre Langlais; vid\u00e9o) : http:\/\/www.telerama.fr\/series-tv\/jour-polaire-une-serie-arctique-eblouie-par-leila-bekhti,150319.php<\/p>\n<p>-&#8220;Rendez-vous en terre inconnue&#8221; en Mongolie (Fr\u00e9d\u00e9ric Lopez; son) : http:\/\/www.sudradio.fr\/Podcasts\/L-invite-pour-comprendre\/Frederic-Lopez-animateur-producteur<\/p>\n<p><strong>-&#8220;Les profs, l&#8217;histoire et les m\u00e9dias&#8221; (Fran\u00e7ois Jarraud, fondateur du site &#8220;Caf\u00e9 p\u00e9dagogique&#8221;; invit\u00e9 de Sonia Devillers; vid\u00e9o, amener le curseur sur 3:30) :      <\/strong>                                                  http:\/\/www.dailymotion.com\/video\/x53u6al_francois-jarraud-les-profs-l-histoire-et-les-medias_news<\/p>\n<p>-Le journaliste d&#8217;i-T\u00e9l\u00e9 Antoine Genton a pr\u00e9sent\u00e9 sa derni\u00e8re \u00e9dition du soir. Ils sont 75 \u00e0 avoir quitt\u00e9 la chaine (vid\u00e9o) :                                                                                                                 http:\/\/www.francetvinfo.fr\/economie\/medias\/crise-a-i-tele\/video-crise-a-i-tele-le-journaliste-antoine-genton-a-presente-sa-derniere-edition-du-soir_1943403.html<\/p>\n<p><strong>-Avec les partisans de Fran\u00e7ois Fillon (Guillaume Meurice; son) :<\/strong> https:\/\/www.franceinter.fr\/emissions\/le-moment-meurice\/le-moment-meurice-28-novembre-2016<\/p>\n<p><strong>-&#8220;Fillon, l&#8217;anti-syst\u00e8me&#8221; (Sophia Aram; vid\u00e9o) : <\/strong> http:\/\/www.dailymotion.com\/video\/x53tnli_fillon-l-anti-systeme-le-billet-de-sophia-aram_fun<\/p>\n<p>-&#8220;Pour sortir la France de la d\u00e9pression ?&#8221; (Charline Vanhoenacker et Guillaume Meurice; vid\u00e9o) :                                                                                                                                               https:\/\/www.franceinter.fr\/emissions\/le-billet-de-charline-vanhoenacker\/le-billet-de-charline-vanhoenacker-28-novembre-2016<\/p>\n","protected":false},"excerpt":{"rendered":"<p>ACTUALITE -De plus en plus de Fran\u00e7ais incapables de payer leur facture \u00e9nerg\u00e9tique (Nathalie Fontrel; son) : https:\/\/www.franceinter.fr\/emissions\/planete-environnement\/planete-environnement-28-novembre-2016 -&#8220;Les riches estiment qu&#8217;ils ont tous les droits&#8221; (Monique Pin\u00e7on-Charlot et Michel Pin\u00e7on) : http:\/\/www.humanite.fr\/les-riches-estiment-quils-ont-tous-les-droits-604453 -Airbus annonce aujourd&#8217;hui son plan de suppressions d&#8217;emplois : http:\/\/www.latribune.fr\/entreprises-finance\/services\/transport-logistique\/restructuration-airbus-annonce-mardi-son-plan-de-suppressions-d-emplois-620255.html#xtor -Les salari\u00e9s et le droit du travail (BVA) : http:\/\/www.bva.fr\/data\/sondage\/sondage_fiche\/1924\/fichier_bva_-_mediarh_com_le_droit_du_travail_novembre2016aabcf.pdf -Easyjet va [&hellip;]<\/p>\n","protected":false},"author":1042,"featured_media":0,"comment_status":"open","ping_status":"open","sticky":false,"template":"","format":"standard","meta":{"_themeisle_gutenberg_block_has_review":false,"footnotes":""},"categories":[151],"tags":[],"class_list":["post-10041","post","type-post","status-publish","format-standard","hentry","category-la-revue-de-presse-de-lulu"],"_links":{"self":[{"href":"https:\/\/archives.regards.fr\/index.php?rest_route=\/wp\/v2\/posts\/10041","targetHints":{"allow":["GET"]}}],"collection":[{"href":"https:\/\/archives.regards.fr\/index.php?rest_route=\/wp\/v2\/posts"}],"about":[{"href":"https:\/\/archives.regards.fr\/index.php?rest_route=\/wp\/v2\/types\/post"}],"author":[{"embeddable":true,"href":"https:\/\/archives.regards.fr\/index.php?rest_route=\/wp\/v2\/users\/1042"}],"replies":[{"embeddable":true,"href":"https:\/\/archives.regards.fr\/index.php?rest_route=%2Fwp%2Fv2%2Fcomments&post=10041"}],"version-history":[{"count":0,"href":"https:\/\/archives.regards.fr\/index.php?rest_route=\/wp\/v2\/posts\/10041\/revisions"}],"wp:attachment":[{"href":"https:\/\/archives.regards.fr\/index.php?rest_route=%2Fwp%2Fv2%2Fmedia&parent=10041"}],"wp:term":[{"taxonomy":"category","embeddable":true,"href":"https:\/\/archives.regards.fr\/index.php?rest_route=%2Fwp%2Fv2%2Fcategories&post=10041"},{"taxonomy":"post_tag","embeddable":true,"href":"https:\/\/archives.regards.fr\/index.php?rest_route=%2Fwp%2Fv2%2Ftags&post=10041"}],"curies":[{"name":"wp","href":"https:\/\/api.w.org\/{rel}","templated":true}]}}