{"id":10036,"date":"2016-11-28T07:46:58","date_gmt":"2016-11-28T06:46:58","guid":{"rendered":"https:\/\/wp.muchomaas.com\/article-la-revue-du-28-novembre-2016\/"},"modified":"2023-06-23T23:23:34","modified_gmt":"2023-06-23T21:23:34","slug":"article-la-revue-du-28-novembre-2016","status":"publish","type":"post","link":"https:\/\/archives.regards.fr\/?p=10036","title":{"rendered":"La Revue du 28 novembre 2016"},"content":{"rendered":"<strong>ACTUALITE<\/strong>\n\n<strong>-&#8220;On s&#8217;attarde plus sur les contestations que sur les propositions de la CGT. La petite musique anti-fonctionnaires ne vient pas que de la droite, Macron et Manuel Valls la jouent aussi&#8221;. Un pr\u00e9sident de la R\u00e9publique reste l\u00e9gitime &#8220;s&#8217;il respecte ses promesses&#8221; et s&#8217;il n&#8217;engage pas, durant son mandat, de grandes mesures qu&#8217;il n&#8217;a pas port\u00e9es dans son programme de campagne.  La CGT &#8220;ne soutiendra pas forc\u00e9ment un candidat, plut\u00f4t  un programme. En 2012, notre rejet de Nicolas Sarkozy a \u00e9t\u00e9 compris comme un soutien \u00e0 Fran\u00e7ois Hollande. Cette fois, on portera plus les critiques sur les programmes, sur les propositions. Si la droite gagne en 2017, la mobilisation sera d&#8217;actualit\u00e9. Nous somme pour un mix \u00e9nerg\u00e9tique, en investissant dans les \u00e9nergies renouvelables et pour l&#8217;instant en utilisant l&#8217;\u00e9nergie nucl\u00e9aire. Sa s\u00e9curit\u00e9 nous inqui\u00e8te, pas du fait des salari\u00e9s qui partagent notre inqui\u00e9tude mais du fait des choix des directions et de la place prise par les sous-traitants&#8221; (Philippe Martinez, secr\u00e9taire de la CGT, \u00e9tait l&#8217;invit\u00e9 de l&#8217;\u00e9mission &#8220;Questions politiques&#8221; de Nicolas Demorand, sur France Inter;son et vid\u00e9os) :<\/strong> https:\/\/www.franceinter.fr\/emissions\/questions-politiques\/questions-politiques-27-novembre-2016\n\n-&#8220;Engie se met au vert&#8221; (Val\u00e8re Corr\u00e9ard; son) : https:\/\/www.franceinter.fr\/emissions\/social-lab\/social-lab-27-novembre-2016\n\n-&#8220;Comment la grande distribution tire profit de la guerre des prix&#8221; (Sylvain Tronchet) :                                                                                                                                                                                       http:\/\/www.francetvinfo.fr\/economie\/commerce\/des-prix-bas-mais-a-quel-prix-comment-la-grande-distribution-tire-profit-de-la-guerre-des-prix_1937057.html\n\n-Les ouvri\u00e8res de Samsonite sont mont\u00e9es sur les planches pour raconter leur lutte (portfolio) :                                                                                                                                                          http:\/\/www.lemonde.fr\/societe\/portfolio\/2016\/11\/25\/dans-les-coulisses-avec-d-ex-ouvrieres-de-samsonite_5038181_3224.html#xtor=AL-32280270\n\n-Un CRS condamn\u00e9 \u00e0 onze ans de prison pour des viols et des agressions sexuelles sur dix femmes :                                                                                                                                                                  http:\/\/www.francetvinfo.fr\/faits-divers\/justice-proces\/un-crs-condamne-a-11-ans-de-prison-pour-des-viols-et-agressions-sexuelles-sur-dix-femmes_1939199.html#xtor\n\n-Chaque ann\u00e9e en France, 84 000 femmes sont officiellement victimes d&#8217;agressions sexuelles (Margaux Duguet) :                                                                                                                        http:\/\/www.francetvinfo.fr\/societe\/droits-des-femmes\/info-france-info-comment-le-gouvernement-veut-lutter-contre-les-violences-faites-aux-femmes_1931423.html\n\n-&#8220;La mort (de David Hamilton) n&#8217;est pas un non-lieu&#8221; (Flavie Flament, interrog\u00e9e par Ludovic Perrin) : http:\/\/www.lejdd.fr\/Societe\/Flavie-Flament-sur-le-deces-de-David-Hamilton-La-mort-n-est-pas-un-non-lieu-827743\n\n<strong>-Janine Bonaggiunta et Nathalie Tomasini, les avocates de Jacqueline Sauvage (&#8220;13H15 le samedi&#8221;; vid\u00e9o) :   <\/strong>                                                                                                                                               http:\/\/www.francetvinfo.fr\/replay-magazine\/france-2\/13h15\/13h15-du-samedi-26-novembre-2016_1928801.html\n\n-&#8220;Le proc\u00e8s du flash-ball&#8221; (un reportage de Charlotte Perry et  Antoine Chao; son) :                                                                                                                                                                              https:\/\/www.franceinter.fr\/emissions\/comme-un-bruit-qui-court\/comme-un-bruit-qui-court-26-novembre-2016\n\n-Des tags islamophobes sur la mosqu\u00e9e de M\u00e9rignac en Gironde :                  http:\/\/www.lci.fr\/societe\/merignac-gironde-des-tags-islamophobes-sur-la-mosquee-2014722.html\n\n<strong>POLITIQUE<\/strong>\n\n<strong>-&#8220;Fidel Castro fait partie de mon histoire personnelle. D\u00e8s les premi\u00e8res heures, les communistes ont soutenu la r\u00e9volution cubaine. L&#8217;embargo est un anachronisme. Trump risque d&#8217;avoir une plus grande agressivit\u00e9. Vous allez voir l&#8217;\u00e9motion populaire \u00e0 Cuba et dans l&#8217;Am\u00e9rique latine. Si on suit Fran\u00e7ois Fillon, c&#8217;est la mort de la S\u00e9curit\u00e9 sociale. Les gens de gauche qui ont vot\u00e9 \u00e0 la primaire de droite voulaient intervenir, ne pas se laisser pi\u00e9ger, jouer un r\u00f4le. Je suis satisfait que le vote des communistes aille dans le sens de ce que je souhaitais. Nous allons utiliser ce choix pour aller au del\u00e0 de ce que nous rassemblons avec Jean-Luc M\u00e9lenchon. Ce sera un premier palier pour continuer \u00e0 porter les deux options, soutien \u00e0 Jean-Luc M\u00e9lenchon et propositions communistes. Fran\u00e7ois Hollande ne peut pas rassembler la gauche&#8221; (Pierre Laurent, face \u00e0 Francis  Letellier et Renaud D\u00e9ly; vid\u00e9o, avec un reportage dans ma section, Bagnolet, en amenant le curseur sur 14:18) :   <\/strong> http:\/\/www.francetvinfo.fr\/replay-magazine\/france-3\/dimanche-en-politique\/dimanche-en-politique-du-dimanche-27-novembre-2016_1930103.html\n\n-&#8220;Fidel Castro n&#8217;est pas un mod\u00e8le. C&#8217;est une grande figure du 20e si\u00e8cle avec ses ombres et ses lumi\u00e8res. Je ne pense pas qu&#8217;il y ait une envie de droite en France, les gens ne sont pas d&#8217;accord avec ce que propose Fran\u00e7ois Fillon. Il y a une sur-mobilisation de la droite et une d\u00e9mobilisation de la gauche. J&#8217;\u00e9tais favorable au soutien \u00e0 Jean-Luc M\u00e9lenchon. Je consid\u00e8re que la question essentielle est celle de la r\u00e9partition des richesses. Je souhaite que Jean-Luc M\u00e9lenchon la mette au coeur de sa campagne. Hollande et Valls sont les Dupont-Dupont de la m\u00eame politique&#8221; (Ian Brossat, adjoint communiste \u00e0 la mairie de Paris; interrog\u00e9 par Da\u00eft Audouit; vid\u00e9o) : \nhttp:\/\/pluzz.francetv.fr\/videos\/dimanche_en_politique_paris_ile_de_france_,149445174.html\n\n<em>-La d\u00e9claration du Comit\u00e9 ex\u00e9cutif national du PCF<\/em> : http:\/\/www.pcf.fr\/94143\n\n<strong>-&#8220;Un scrutin serr\u00e9 pour un choix d\u00e9cisif&#8221; (Roger Martelli) : <\/strong> https:\/\/wp.muchomaas.com\/web\/article\/le-pcf-derriere-melenchon-un-scrutin-serre-pour-un-choix-decisif\n\n<strong>-Fidel Castro, &#8220;comme l&#8217;a dit Christiane Taubira : c&#8217;\u00e9tait un g\u00e9ant&#8221;. Le vote des communistes est une bonne nouvelle, juste, il est vrai. Maintenant, il est temps d&#8217;entrer en campagne quand on voit le programme de la droite. Je ne refais pas la gauche avec ceux qui depuis cinq ans s&#8217;acharnent \u00e0 la tuer. On ne peut gagner qu&#8217;avec une gauche franche. Manuel Valls, le capitaine du radeau de la M\u00e9duse, est le plus mal plac\u00e9 pour nous expliquer ce qu&#8217;est une politique de gauche&#8221; (Cl\u00e9mentine Autain, conseill\u00e8re r\u00e9gionale Front de gauche d&#8217;Ile-de-France, porte-parole &#8220;d&#8217;Ensemble&#8221;; invit\u00e9e de Pierre Weill; son) :<\/strong>  \nhttps:\/\/www.franceinter.fr\/emissions\/l-interview-politique\/l-interview-politique-27-novembre-2016\n\n-&#8220;Les militants communistes votent d&#8217;une courte t\u00eate pour le soutien \u00e0 Jean-Luc M\u00e9lenchon&#8221; (Rapha\u00eblle Besse Desmouli\u00e8res) :                                                                                                              http:\/\/www.lemonde.fr\/election-presidentielle-2017\/article\/2016\/11\/26\/presidentielle-les-militants-communistes-votent-d-une-courte-tete-pour-le-soutien-a-melenchon_5038751_4854003.html#xtor\n\n-&#8220;Finalement, les communistes soutiennent&#8230;M\u00e9lenchon&#8221; (Lilian Alemagna) : http:\/\/www.liberation.fr\/france\/2016\/11\/26\/finalement-les-communistes-soutiennent-melenchon_1531164\n\n-&#8220;La caste, les primaires et la souverainet\u00e9 du peuple&#8221; (Jean-Luc M\u00e9lenchon, interrog\u00e9 par Natacha Polony; vid\u00e9o) :  http:\/\/melenchon.fr\/2016\/11\/20\/caste-primaires-souverainete-peuple\/         \n\n<strong>-Sa r\u00e9action apr\u00e8s la d\u00e9signation de Fran\u00e7ois Fillon (face \u00e0 Laurent Delahousse; vid\u00e9o; amener le curseur sur 1:13:10) <\/strong> : http:\/\/www.france2.fr\/emission\/primaire-le-second-tour\/diffusion-du-27-11-2016-20h30          \n\n-Son \u00e9change tendu avec Daniel Cohn-Bendit (vid\u00e9o) :                                       http:\/\/www.francetvinfo.fr\/politique\/les-republicains\/primaire-de-la-droite\/video-echange-tendu-entre-jean-luc-melenchon-et-daniel-cohn-bendit-sur-le-plateau-de-france-2_1942021.html\n\n-Dans le Pas-de-Calais, face au FN, &#8220;la mairie de Rouvroy reste communiste&#8221; :   http:\/\/www.lemonde.fr\/politique\/article\/2016\/11\/28\/la-mairie-de-rouvroy-62-reste-communiste_5039125_823448.html#xtor                                     \n \n-&#8220;Une belle victoire&#8221; (Pierre Laurent) : http:\/\/www.pcf.fr\/94216\n         \n-&#8220;Fidel Castro, c&#8217;est la mort d&#8217;un paradoxe. Il ne faut jamais oublier le r\u00f4le des Etats-Unis et de leur imp\u00e9rialisme contre un petit pays. J&#8217;ai toujours pr\u00e9f\u00e9r\u00e9 Salvador Allende et sa voie d\u00e9mocratique. Cuba est toujours sous embargo. Comment nourrir le projet du candidat de la gauche, c&#8217;est \u00e0 cela que nous travaillons. On va se reparler. Je n&#8217;ai pas l&#8217;impression qu&#8217;il y a un d\u00e9sir de droite dans le pays&#8221; (Fran\u00e7ois Lamy, d\u00e9put\u00e9 PS de l&#8217;Essone, \u00e0 l&#8217;occasion du &#8220;Carrefour citoyen  des gauches et de l&#8217;\u00e9cologie&#8221;, initi\u00e9 par Martine Aubry, dont il est proche; interrog\u00e9 par Pierre Weill; son) :                                   https:\/\/www.franceinter.fr\/emissions\/l-interview-politique\/l-interview-politique-26-novembre-2016\n\n<em>-Le site du Carrefour :<\/em> http:\/\/carrefourdesgauches.fr\/\n\n-Fillon, &#8220;profond\u00e9ment archa\u00efque et r\u00e9actionnaire&#8221; (Martine Aubry \u00e0 Bondy; vid\u00e9o) : http:\/\/nr.news-republic.com\/Web\/ArticleWeb.aspx?regionid=2&#038;articleid=78534764\n\n-&#8220;Un carrefour des gauches en qu\u00eate de direction&#8221; (Lilian Alemagna) : http:\/\/www.liberation.fr\/france\/2016\/11\/26\/a-bondy-un-carrefour-des-gauches-en-quete-de-direction_1531156\n\n-Fran\u00e7ois Hollande et Manuel Valls, &#8220;ils ne se pr\u00e9senteront pas l&#8217;un contre l&#8217;autre parce qu&#8217;ils ont le m\u00eame projet et le m\u00eame bilan. Il faut qu&#8217;ils se parlent, ils trouveront la solution&#8221; (Najat Vallaud-Belkacem, invit\u00e9e du &#8220;Grand Jury&#8221; RTL; vid\u00e9o) : http:\/\/www.rtl.fr\/actu\/politique\/primaire-de-la-gauche-najat-vallaud-belkacem-tacle-arnaud-montebourg-7786003217\n\n-&#8220;Hollande brouille les pistes de sa possible candidature&#8221; (David Revault d&#8217;Allonnes) : http:\/\/www.lejdd.fr\/Politique\/Hollande-brouille-les-pistes-de-sa-possible-candidature-827722\n\n<strong>-&#8220;Je veux casser cette m\u00e9canique qui conduirait (la gauche) \u00e0 la d\u00e9faite&#8221; (Manuel Valls dans le JDD; propos recueillis par Anna Cabana, Herv\u00e9 Gattegno et David Revault d&#8217;Allonnes)<\/strong> :                                                                              http:\/\/www.lejdd.fr\/Politique\/Valls-Je-prendrai-ma-decision-en-conscience-827632 \n\n-Manuel Valls &#8220;est d\u00e9j\u00e0 all\u00e9 trop loin&#8221; dans sa contestation (Emmanuel Macron sur France 2; vid\u00e9o) :  http:\/\/www.francetvinfo.fr\/politique\/manuel-valls\/video-manuel-valls-est-deja-alle-trop-loin-dans-sa-contestation-de-francois-hollande-selon-emmanuel-macron_1942107.html\n\n-&#8220;Contre Hollande \u00e0 la primaire ?&#8221; (Herv\u00e9 Gattegno du JDD; son) :                  http:\/\/www.europe1.fr\/emissions\/ledito-du-jdd\/valls-contre-hollande-a-la-primaire-le-premier-ministre-y-pense-2912114\n\n-&#8220;Il n&#8217;est pas trop tard pour que  Macron s&#8217;inscrive&#8221; dans la primaire. &#8220;Je suis pr\u00eat \u00e0 affronter Hollande, mais je lui conseille de ne pas se pr\u00e9senter&#8221; (Fran\u00e7ois de Rugy, d\u00e9put\u00e9 de Loire-Atlantique, candidat \u00e9cologiste \u00e0 la primaire; invit\u00e9 de la matinale de Franceinfo; son et vid\u00e9os) :                                                                                                                                                                                              http:\/\/www.francetvinfo.fr\/replay-radio\/8h30-politique\/primaire-a-gauche-pour-francois-de-rugy-il-n-est-pas-trop-tard-pour-qu-emmanuel-macron-s-inscrive_1917805.html\n\n-Le Parti radical de gauche investit Sylvia Pinel, vice-pr\u00e9sidente de la r\u00e9gion Occitanie, pour \u00eatre sa candidate \u00e0 l&#8217;\u00e9lection pr\u00e9sidentielle, sans passer par la primaire :                                           http:\/\/www.francetvinfo.fr\/elections\/presidentielle\/le-parti-radical-de-gauche-investit-sylvia-pinel-pour-l-election-presidentielle-sans-passer-par-la-primaire-de-la-gauche_1940561.html#xtor\n\n<strong>-&#8220;Non \u00e0 l&#8217;instrumentalisation de l&#8217;histoire par les politiques&#8221; (l&#8217;Association des professeurs d&#8217;histoire-g\u00e9o; Christine Guimonnet et Hubert Tison, pour leurs coll\u00e8gues) :   <\/strong>                                      http:\/\/www.francetvinfo.fr\/politique\/les-republicains\/primaire-de-la-droite\/tribune-non-a-l-instrumentalisation-de-l-histoirepar-les-politiques-l-association-des-professeurs-d-histoire-geo-replique-a-francois-fillon_1938327.html#xtor\n\n<strong>-Pour le sociologue Michel Wieviorka, &#8220;les primaires sont un garde-fou d\u00e9mocratique. A gauche, on sera tr\u00e8s loin de l&#8217;impact qu&#8217;a eu la primaire de la droite et c&#8217;est dommage&#8221; (interrog\u00e9 par David Abiker; son, amener le curseur sur 18:18) <\/strong> : http:\/\/www.europe1.fr\/emissions\/c-est-arrive-cette-semaine\/cest-arrive-cette-semaine-261116-2911577\n\n-&#8220;Apr\u00e8s la primaire, demain l&#8217;union et du centre ?&#8221; (Thierry Sol\u00e8re, d\u00e9put\u00e9 LR des Hauts-de-Seine, son organisateur; face \u00e0 David Abiker; son, amener le curseur sur 0:58) :\nhttp:\/\/www.europe1.fr\/emissions\/c-est-arrive-demain\/cest-arrive-demain-david-abiker-271116-2912198\n\n<em>-Les r\u00e9sultats officiels du second tour : <\/em> https:\/\/resultats.primaire2016.org\/index.html#\/total\n\n<em>-Sondage du jour du vote (OPINION-WAY) <\/em> :                                http:\/\/www.opinion-way.com\/pdf\/opinionway_-_sondage_jour_du_vote_-_tour_2_primaire_de_la_droite_et_du_centre_-_novembre_2016.pdf\n\n<em>-Le m\u00eame (HARRIS) :          <\/em>                                                                            http:\/\/harris-interactive.fr\/opinion_polls\/sondage-jour-du-vote-2eme-tour-de-la-primaire-de-la-droite-et-du-centre\/ \n\n<em>-Les d\u00e9partements o\u00f9 Fran\u00e7ois Fillon r\u00e9alise ses meilleurs scores (carte) :  <\/em> http:\/\/www.francetvinfo.fr\/politique\/les-republicains\/primaire-de-la-droite\/carte-primaire-de-la-droite-les-departements-ou-fillon-a-enregistre-ses-meilleurs-scores-au-second-tour_1942135.html\n             \n<em>-Ceux o\u00f9 c&#8217;est Alain Jupp\u00e9 :  <\/em>                                                                        http:\/\/www.francetvinfo.fr\/politique\/les-republicains\/primaire-de-la-droite\/carte-primaire-de-la-droite-les-departements-ou-juppe-a-enregistre-ses-meilleurs-scores-au-second-tour_1942617.html\n\n<em>-Le vote au second tour des sympathisants de droite selon leur proximit\u00e9 avec &#8220;la Manif pour tous&#8221; (IFOP) :   <\/em>                                                                              http:\/\/www.ifop.com\/?option=com_publication&#038;type=poll&#038;id=3569\n\n-La r\u00e9action de Fran\u00e7ois Fillon (vid\u00e9o) :                                                         http:\/\/www.francetvinfo.fr\/politique\/les-republicains\/primaire-de-la-droite\/video-c-est-une-victoire-de-fond-batie-sur-des-convictions-regardez-en-integralite-la-reaction-de-francois-fillon-apres-sa-victoire-a-la-primaire-de-la-droite_1941987.html\n\n-Celle d&#8217;Alain Jupp\u00e9 (vid\u00e9o) :                                                                       http:\/\/www.francetvinfo.fr\/politique\/les-republicains\/primaire-de-la-droite\/video-je-felicite-francois-fillon-pour-sa-large-victoire-regardez-en-integralite-le-discours-d-alain-juppe-apres-sa-defaite-a-la-primaire-de-la-droite_1941977.html\n\n-&#8220;Des gr\u00e8ves de 1995 \u00e0 la primaire, une carri\u00e8re politique parsem\u00e9e d&#8217;\u00e9checs&#8221; (Rapha\u00ebl Godet; vid\u00e9os) :                                                                                  http:\/\/www.francetvinfo.fr\/politique\/les-republicains\/primaire-de-la-droite\/1995-1997-2004-2007-2016-alain-juppe-une-carriere-politique-parsemee-d-echecs_1938851.html#xtor\n\n-Fran\u00e7ois Fillon \u00e9tait l&#8217;invit\u00e9 de &#8220;Bureau politique&#8221; sur LCI (vid\u00e9o) :                 http:\/\/www.lci.fr\/replay\/bureau-politique-du-27-novembre-2016-2014720.html%3Ftype=content\n\n-Les &#8220;Lettres \u00e0 la Nouvelle France&#8221; de MAM : http:\/\/www.lejdd.fr\/Politique\/Presidentielle-Alliot-Marie-publie-son-livre-programme-Lettres-a-la-Nouvelle-France-827524\n\n<strong>-&#8220;La droite contamin\u00e9e par le thatch\u00e9risme ?&#8221; (Pauline Schnapper, professeure de civilisation britannique contemporaine \u00e0 l&#8217;universit\u00e9 Paris 3; interrog\u00e9e par David Abiker; son, amener le curseur sur 10:10) :<\/strong> http:\/\/www.europe1.fr\/emissions\/c-est-arrive-demain\/cest-arrive-demain-david-abiker-271116-2912198\n\n<strong>-&#8220;Quelle droite pour gouverner la France ?&#8221; (en d\u00e9bat dans &#8220;C pol\u00e9mique&#8221; de Bruce Toussaint; vid\u00e9o) :<\/strong> http:\/\/www.france5.fr\/emissions\/c-politique\/videos\/quelle_droite_pour_gouverner_la_france__27-11-2016_1404099\n\n-&#8220;Je n&#8217;ai aucune sympathie pour Fidel Castro mais j&#8217;essaie de comprendre, il appartient aux Cubains d&#8217;en juger. Il y a eu des choses effroyables mais aussi une r\u00e9volution qui a chass\u00e9 le r\u00e9gime du dictateur Batista, soutenu par l&#8217;imp\u00e9rialisme am\u00e9ricain. Nous demandons \u00e9videmment la lev\u00e9e de l&#8217;embargo. Les derniers mois du quinquennat risquent d&#8217;\u00eatre une p\u00e9riode d&#8217;affrontements entre les deux t\u00eates de l&#8217;ex\u00e9cutif. Il ne faut pas que le pr\u00e9sident de la R\u00e9publique aille dans une primaire&#8221; (Florian Philippot, vice-pr\u00e9sident du FN, invit\u00e9 de Laurence Ferrari sur C8; vid\u00e9o, amener le curseur sur 10:23) :  http:\/\/replay.c8.fr\/video\/1425769\n\n<em>-Intentions de vote \u00e0 l&#8217;\u00e9lection pr\u00e9sidentielle 2017 (ODOXA) <\/em> :                        http:\/\/www.odoxa.fr\/presidentielle-fillon-en-position-de-force\/\n\n<em>-Le m\u00eame (HARRIS)<\/em> : http:\/\/www.publicsenat.fr\/lcp\/politique\/sondage-francois-fillon-donne-tete-premier-tour-presidentielle-devant-marine-pen-15804\n\n<em>-L&#8217;environnement et la primaire de 2017 (IFOP) : <\/em>                                             http:\/\/www.ifop.com\/?option=com_publication&#038;type=poll&#038;id=3566\n\n<strong>EUROPE-MONDE<\/strong>\n\n<strong>-Hubert V\u00e9drine et Dominique de Villepin \u00e9taient les invit\u00e9s exceptionnels du&#8221; Grand Rendez-vous&#8221; d&#8217;Europe 1. Ils ont commenc\u00e9 par r\u00e9agir \u00e0 la mort de Fidel Castro (vid\u00e9o) <\/strong> : http:\/\/www.itele.fr\/magazines\/grand-rendez-vous-politique-darmon\/le-grand-rendez-vous-partie-1-du-27112016-171750\n\n-&#8220;L&#8217;Union europ\u00e9enne menace la d\u00e9mocratie&#8221; (Jean-Luc M\u00e9lenchon lors de &#8220;la Conf\u00e9rence pour un plan B&#8221; de Copenhague; vid\u00e9o) :                                                                                                        http:\/\/melenchon.fr\/2016\/11\/19\/lunion-europeenne-menace-democratie-conference-plan-b-europe-a-copenhague\/\n\n-Les Suisses disent &#8220;non&#8221; \u00e0 une sortie rapide du nucl\u00e9aire (Marie Maurisse) :      http:\/\/www.lemonde.fr\/planete\/article\/2016\/11\/27\/pourquoi-les-suisses-ont-dit-non-a-une-sortie-rapide-du-nucleaire_5039091_3244.html#xtor\n\n<strong>-&#8220;Un ultime sursis pour les centrales nucl\u00e9aires&#8221; (Bernard Wuthrich) :  <\/strong>      https:\/\/www.letemps.ch\/suisse\/2016\/11\/27\/un-ultime-sursis-centrales-nucleaires-suisses?utm_source\n\n-Le bilan du 16e sommet de la francophonie (Nathalie Amar; vid\u00e9o) : http:\/\/www.rfi.fr\/video\/20161127-bilan-16eme-sommet-francophonie-madagascar\n\n-En Turquie, &#8220;avis de temp\u00eate sur l&#8217;\u00e9conomie&#8221; (vid\u00e9o) : http:\/\/nr.news-republic.com\/Web\/ArticleWeb.aspx?regionid=2&#038;articleid=78534789\n\n-Manifestations de femmes \u00e0 Istanbul pour leurs droits (vid\u00e9o) :                    http:\/\/nr.news-republic.com\/Web\/ArticleWeb.aspx?regionid=2&#038;articleid=78589798\n\n<strong>-Deux reportages, l&#8217;un sur la guerre totale qu&#8217;Erdogan m\u00e8ne au PKK kurde; l&#8217;autre sur les raisons de la col\u00e8re \u00e0 Porto Rico (vid\u00e9o) :<\/strong>  http:\/\/www.arte.tv\/guide\/fr\/030273-594-A\/arte-reportage\n\n<strong>-&#8220;La Cisjordanie sous la pression des colons&#8221; (Piotr Smolar; pi\u00e8ce jointe);<\/strong>\n\n-Des groupes d&#8217;extr\u00eame-droite encourag\u00e9s par la victoire de Trump (vid\u00e9o) : http:\/\/nr.news-republic.com\/Web\/ArticleWeb.aspx?regionid=2&#038;articleid=78509933\n\n-Nouveau d\u00e9compte des voix dans le Wisconsin :                                                                                                                                                                                                                               http:\/\/www.lexpress.fr\/actualite\/monde\/amerique-nord\/presidentielle-americaine-l-equipe-clinton-participera-au-nouveau-decompte_1854423.html?PMSRC_CAMPAIGN\n\n<strong>-L&#8217;annonce de la mort de Fidel Castro par son fr\u00e8re Raul Castro (vid\u00e9o en espagnol, sous-titr\u00e9e) :<\/strong> http:\/\/www.lci.fr\/international\/video-22h29-a-cuba-raul-castro-annonce-la-mort-de-fidel-castro-2014494.html\n\n-La musique s&#8217;est arr\u00eat\u00e9e et les Cubains pleurent &#8220;leur p\u00e8re&#8221; (vid\u00e9o) : http:\/\/nr.news-republic.com\/Web\/ArticleWeb.aspx?regionid=2&#038;articleid=78520676\n\n-Pr\u00eats \u00e0 participer \u00e0 une vague d&#8217;hommages (vid\u00e9o) : http:\/\/nr.news-republic.com\/Web\/ArticleWeb.aspx?regionid=2&#038;articleid=78552225\n\n<strong>-Au commencement, il y eut la Sierra Mestra (vid\u00e9o)<\/strong> : http:\/\/nr.news-republic.com\/Web\/ArticleWeb.aspx?regionid=2&#038;articleid=78516954\n\n<strong>-Douze photos embl\u00e9matiques :    <\/strong>                                                                                                                                                                                                                                                          http:\/\/www.francetvinfo.fr\/monde\/cuba\/mort-de-fidel-castro\/en-images-comment-fidel-castro-a-marque-l-histoire-en-11-photos-emblematiques_1940127.html\n\n<strong>-Dans l&#8217;oeil des photographes de l&#8217;agence Magnum :   <\/strong>                                                                                                                                                                                                                               http:\/\/www.liberation.fr\/planete\/2016\/11\/26\/fidel-castro-dans-l-oeil-des-photographes-de-l-agence-magnum_1531152\n\n-Le 8 janvier 1959, le jour o\u00f9 &#8220;le Comandante&#8221; est entr\u00e9 \u00e0 la Havane (vid\u00e9o) :                                                                                                                                                                                 http:\/\/www.francetvinfo.fr\/monde\/cuba\/video-retour-en-janvier-1959-le-jour-ou-fidel-castro-entre-dans-la-havane_1940137.html\n\n-Un parcours hors du commun (vid\u00e9o) : http:\/\/www.dailymotion.com\/video\/x4omy4a_fidel-castro-90-secondes_news\n\n<strong>-&#8220;Comprendre avant de juger&#8221; (Franck Girardot) <\/strong> : https:\/\/blogs.mediapart.fr\/franck-girardot\/blog\/261116\/mort-de-castro-comprendre-avant-de-juger?utm_source\n\n<strong>-&#8220;Nous finirons tous comme un grain de ma\u00efs dans l&#8217;univers&#8221; (Fidel Cartro, cit\u00e9 par St\u00e9phane Witkowski, de l&#8217;Institut des Hautes Etudes d&#8217;Am\u00e9rique Latine; son, amener le curseur sur 10:27) :<\/strong>  http:\/\/www.europe1.fr\/emissions\/c-est-arrive-cette-semaine\/cest-arrive-cette-semaine-261116-2911577\n\n-&#8220;Fidel Castro avait plus d&#8217;une raison de se plaindre des Etats-Unis&#8221; (Fran\u00e7ois Cl\u00e9menceau, r\u00e9dacteur du JDD; interrog\u00e9 par Wendy Bouchard; son) :                                                                   http:\/\/www.europe1.fr\/emissions\/linterview-verite-du-week-end\/francois-clemenceau-fidel-castro-avait-une-revanche-a-prendre-2911589\n\n-&#8220;C&#8217;\u00e9tait un charmeur, un magicien. Un avocat, homme de la rh\u00e9torique. C&#8217;est la page du XXe si\u00e8cle qui se tourne d\u00e9finitivement&#8221;   (Serge Raffi, son biographe; interrog\u00e9 par David Abiker; son, amener le curseur sur 1:04) : http:\/\/www.europe1.fr\/emissions\/c-est-arrive-cette-semaine\/cest-arrive-cette-semaine-261116-2911577\n\n-&#8220;Un dictateur reste un dictateur, quels que soient les buts qu&#8217;il propose. Sale temps pour la d\u00e9mocratie, sale temps pour la libert\u00e9&#8221; (le philosophe Michel Onfray; vid\u00e9o) : http:\/\/www.lepoint.fr\/monde\/onfray-mort-de-fidel-castro-melenchon-a-t-il-fume-la-moquette-27-11-2016-2086030_24.php\n\n<strong>-&#8220;Une \u00e9motion mondiale&#8221; (Portfolio) : <\/strong> http:\/\/www.lemonde.fr\/international\/portfolio\/2016\/11\/27\/emotion-mondiale-apres-la-mort-de-fidel-castro_5038826_3210.html\n\n<strong>-Des r\u00e9actions venues de partout :   <\/strong>                                                                                                                                                                                                                                                          http:\/\/www.lemonde.fr\/ameriques\/article\/2016\/11\/26\/de-trump-a-maradona-et-bachar-al-assad-la-mort-de-fidel-castro-fait-reagir-le-monde-entier_5038784_3222.html\n\n-Celles des pr\u00e9sidents v\u00e9n\u00e9zu\u00e9lien Nicolas Maduro et bolivien Evo Morales (vid\u00e9o) : http:\/\/nr.news-republic.com\/Web\/ArticleWeb.aspx?regionid=2&#038;articleid=78586226\n\n<em>-Le communiqu\u00e9 de Fran\u00e7ois Hollande <\/em> : http:\/\/www.elysee.fr\/communiques-de-presse\/article\/deces-de-fidel-castro\/\n\n<strong>-&#8220;Je veux encore insister pour que l&#8217;embargo qui p\u00e9nalise Cuba puisse \u00eatre lev\u00e9, d\u00e9finitivement lev\u00e9&#8221; (le pr\u00e9sident de la R\u00e9publique; vid\u00e9o) : <\/strong>                                                                                     http:\/\/nr.news-republic.com\/Web\/ArticleWeb.aspx?regionid=2&#038;articleid=78515215\n\n-Fran\u00e7ois Hollande, Manuel Valls et dans le monde (vid\u00e9o) : http:\/\/www.francetvinfo.fr\/monde\/cuba\/mort-de-fidel-castro\/mort-de-fidel-castro-les-reactions-dans-le-monde_1940717.html\n\n<strong>-&#8220;L&#8217;Histoire jugera l&#8217;impact \u00e9norme de Fidel Castro&#8221; (Barack Obama; vid\u00e9o) : <\/strong> http:\/\/www.francetvinfo.fr\/monde\/cuba\/mort-de-fidel-castro\/fidel-castro-la-reaction-des-etats-unis_1940715.html\n\n-&#8220;Il \u00e9tait un alli\u00e9 sinc\u00e8re et fiable de la Russie, un homme d&#8217;Etat \u00e9m\u00e9rite&#8221; (Vladimir Poutine; vid\u00e9o) :                                                                                                                                                  http:\/\/www.francetvinfo.fr\/monde\/cuba\/mort-de-fidel-castro\/mort-de-fidel-castro-la-reaction-de-vladimir-poutine_1940701.html\n\n-La r\u00e9action de Michel Laurent : http:\/\/www.pcf.fr\/94135\n\n-&#8220;L&#8217;\u00e9mancipation en deuil&#8221; (Patrick Le Hyaric) : http:\/\/patrick-le-hyaric.fr\/lemancipation-en-deuil\/\n\n-&#8220;Fidel ! Fidel ! Mais qu&#8217;est-ce qui s&#8217;est pass\u00e9 avec Fidel ! ?&#8230;&#8221; (Jean-Luc M\u00e9lenchon) :                                                                                                                                                                         http:\/\/www.huffingtonpost.fr\/2016\/11\/26\/le-message-subliminal-et-poetique-de-jean-luc-melenchon-en-hommage-fidel-castro\/\n\n-Celle de Robert Hue : http:\/\/www.md-progressistes.fr\/a-propos-de-la-mort-de-fidel-castro\/\n\n-D&#8217;autres r\u00e9actions :  http:\/\/www.non-stop-politique.fr\/actu\/pas-vu-a-tele\/mort-fidel-castro-pierre-laurent-jean-luc-melenchon-francois-hollande-reactions \n\n<strong>-&#8220;Mes rencontres avec Fidel Castro&#8221; (Jos\u00e9 Fort) :     <\/strong>                                           http:\/\/www.humanite.fr\/jose-fort-mes-rencontre-avec-fidel-castro-627194\n\n<strong>-&#8220;La fid\u00e9lit\u00e9 de Fidel&#8221;  (un po\u00e8me de Francis Combes) :  <\/strong>                                      http:\/\/franciscombes.unblog.fr\/2016\/11\/26\/la-fidelite-de-fidel\/\n\n<strong>-&#8220;Cuba si&#8221; , revoir ici le documentaire de Chris Marker (vid\u00e9o) : <\/strong>                      \nhttp:\/\/blogs.mediapart.fr\/la-dame-du-bois-joli\/blog\/271116\/cuba-si-chris-marker-1961?utm_source\n\n<strong>-Au Groenland, &#8220;l&#8217;invisible des glaces&#8221; (&#8220;13H15 le dimanche&#8221;; vid\u00e9o) :   <\/strong>         http:\/\/www.francetvinfo.fr\/replay-magazine\/france-2\/13h15\/\n\n<strong>CULTURE-MEDIAS <\/strong>                                                                                                                                                                                                                                                                                                                   \n\n<strong>-Revivre les &#8220;Etats g\u00e9n\u00e9reux de la culture&#8221; \u00e0 Lyon&#8221; (vid\u00e9os en cliquant sur les lignes de couleur) :   <\/strong>                                                                                                                                                       http:\/\/www.telerama.fr\/etats-genereux\/revivez-les-etats-genereux-de-la-culture-a-lyon-en-video,149302.php#xtor\n\n-&#8220;Il serait temps de remettre &#8220;demain&#8221; au programme&#8221; (Philippe Pujol, ancien journaliste de &#8220;La Marseillaise&#8221;, prix Albert-Londres 2014, parrain des &#8220;Etats g\u00e9n\u00e9reux&#8221; \u00e0 Marseille; entretien r\u00e9alis\u00e9 par Emmanuel Tellier) :  http:\/\/www.telerama.fr\/etats-genereux\/philippe-pujol-parrain-des-etats-genereux-il-serait-temps-de-remettre-demain-au-programme,150573.php#xtor\n\n<strong>-&#8220;Le Conseil d&#8217;Etat, un acteur politique ?&#8221; (son vice-pr\u00e9sident Jean-Marc Sauv\u00e9, invit\u00e9 de Guillaume Erner sur France Culture; son et vid\u00e9o de son point de vue sur l&#8217;\u00e9tat d&#8217;urgence) :<\/strong>                https:\/\/www.franceculture.fr\/emissions\/linvite-des-matins\/le-conseil-detat-un-acteur-politique#xtor=EPR-3\n\n-&#8220;Pour qui vote la finance ?&#8221; (Marc Lenglet, docteur en science de gestion, l&#8217;\u00e9conomiste J\u00e9zabel Couppey-Soubeyran et David Le Bris, professeur associ\u00e9 \u00e0 la &#8220;Toulouse Business School&#8221;; invit\u00e9s d&#8217;Herv\u00e9 Gardette; son) : https:\/\/www.franceculture.fr\/emissions\/du-grain-moudre\/pour-qui-vote-la-finance#xtor=EPR-3\n\n<strong>-&#8220;De la jungle au th\u00e9\u00e2tre, des r\u00e9fugi\u00e9s rejouent leur exil vers l&#8217;Europe&#8221; (St\u00e9phane Hilarion; vid\u00e9o) :  <\/strong>                                                                                                                                      http:\/\/culturebox.francetvinfo.fr\/scenes\/theatre\/de-la-jungle-au-theatre-des-refugies-rejouent-leur-exil-vers-l-europe-249359#xtor\n\n<strong>-&#8220;La fascination pour Fidel Castro du Saint-Germain-des-Pr\u00e9s des ann\u00e9es 60&#8221; (vid\u00e9o) :                                                                                                                     <\/strong>                                        http:\/\/culturebox.francetvinfo.fr\/livres\/la-fascination-pour-fidel-castro-du-saint-germain-des-pres-des-annees-60-249361\n\n-&#8220;St\u00e9phane Zweig, une passion fran\u00e7aise&#8221; (l&#8217;\u00e9crivain et m\u00e9decin Laurent Seksik; son, amener le curseur sur 25:00) :                                                                                                                                    http:\/\/www.europe1.fr\/emissions\/c-est-arrive-cette-semaine\/cest-arrive-cette-semaine-261116-2911577 \n                                                                                                                 \n-Dix films pour saluer les lanceurs d&#8217;alerte (Fr\u00e9d\u00e9ric Strauss) : http:\/\/www.telerama.fr\/cinema\/envers-et-contre-tous-dix-films-pour-saluer-les-lanceurs-d-alerte,150566.php#xtor\n\n<strong>-&#8220;L&#8217;Ultima spiaggia&#8221; du r\u00e9alisateur grec Thanos Anastopoulos, film tourn\u00e9 \u00e0 Trieste en Italie, sur une plage qui s\u00e9pare les hommes des femmes par un mur (propos recueillis par Nicolas Didier; vid\u00e9o) : <\/strong> http:\/\/www.telerama.fr\/cinema\/l-ultima-spiaggia-devait-etre-une-comedie-absurde-sur-le-dernier-mur-de-l-europe,150580.php#xtor\n\n<strong>-&#8220;Comment m&#8217;est venue l&#8217;id\u00e9e du film &#8220;Un homme et une femme&#8221; (Claude Lelouch; vid\u00e9o de l&#8217;Ina) :    <\/strong>                                                                                                                                                            http:\/\/www.ina.fr\/video\/I15335122\/claude-lelouch-sur-l-origine-du-film-un-homme-et-une-femme-video.html\n\n<strong>-&#8220;J&#8217;aimerais rendre le monde meilleur&#8221; (Tom Hanks, invit\u00e9 de Laurent Delahousse au 20 Heures de France 2; vid\u00e9o) :<\/strong>                                                                                                               http:\/\/www.francetvinfo.fr\/culture\/cinema\/tom-hanks-j-aimerais-rendre-le-monde-meilleur_1940695.html\n\n-Une innovation qui am\u00e9liore profondeur et contraste des films projet\u00e9s sur grand \u00e9cran (Caroline Besse) :                                                                                                                                        http:\/\/www.telerama.fr\/cinema\/eclair-color-l-innovation-qui-illumine-les-films,150592.php#xtor\n\n-&#8220;Louis en hiver&#8221;, le nouveau film d&#8217;animation de Fran\u00e7ois Laguionie. &#8220;Un bijou !&#8221; pour Laurent Delmas (son) :                                                                                                                              https:\/\/www.franceinter.fr\/emissions\/la-prescription-cinema-de-laurent-delmas\/la-prescription-cinema-de-laurent-delmas-26-novembre-2016\n\n<strong>-Avec Christine Masson, ils se sont pench\u00e9s sur les rapports de la mode et du cin\u00e9ma (son et vid\u00e9o) :<\/strong>                                                                                                                                                 https:\/\/www.franceinter.fr\/emissions\/on-aura-tout-vu\/on-aura-tout-vu-26-novembre-2016   \n\n-&#8220;Rocco, le diable au corps&#8221; (Boris Courret; vid\u00e9o) :   http:\/\/culturebox.francetvinfo.fr\/cinema\/critiques\/rocco-le-diable-au-corps-249103#xtor                                                                                                         \n\n<strong>-&#8220;Comment Bach a vaincu Mao&#8221; (un documentaire de Paul Smaczny, consacr\u00e9 \u00e0 la pianiste Zhu-Xiao-Mei&#8221; (vid\u00e9o pendant 22 jour) : <\/strong>                                                                                                    http:\/\/www.arte.tv\/guide\/fr\/058395-000-A\/comment-bach-a-vaincu-mao\n\n-Philippe Jordan, directeur musical de l&#8217;Op\u00e9ra de Paris, invit\u00e9 de David Abiker (son, amener le curseur sur 26:57) : http:\/\/www.europe1.fr\/emissions\/c-est-arrive-demain\/cest-arrive-demain-david-abiker-271116-2912198\n\n-&#8220;Vertige de l&#8217;amour&#8221; (Juliette Armanet, Alain Souchon et Voulzy; vid\u00e9o) :                                                                                                                                                                                                     http:\/\/www.france2.fr\/emissions\/taratata\/videos\/l.voulzy_a.souchon_j.armanet_-_vertige_de_lamour_25-11-2016_1403547?onglet=tous&#038;page=1\n\n-Olivia Ruiz et Cali \u00e0 &#8220;Taratata&#8221; (vid\u00e9o) : http:\/\/www.france2.fr\/emissions\/taratata\/videos\/cali_olivia_ruiz_-_london_calling_25-11-2016_1403447?onglet=tous&#038;page=1\n\n<strong>-Interrog\u00e9s par Nagui (vid\u00e9o) :<\/strong> http:\/\/www.france2.fr\/emissions\/taratata\/videos\/interview_dolivia_ruiz_cali_25-11-2016_1403497?onglet\n\n-&#8220;Bons baisers d&#8217;ici&#8221; (Alain Chamfort, 1983; vid\u00e9o de l&#8217;Ina) : http:\/\/www.ina.fr\/video\/I07229157\/alain-chamfort-chante-bons-baisers-d-ici-video.html\n\n-Le groupe de pop funky &#8220;General Elektriks&#8221; en tourn\u00e9e (son clavi\u00e9riste Herv\u00e9 Salters, interrog\u00e9 par Erwan Perron; vid\u00e9o) :                                                                                                                           http:\/\/www.telerama.fr\/sortir\/general-elektriks-les-punks-nous-ont-balance-des-tampax-et-crache-dessus,150493.php#xto\n\n-L&#8217;irr\u00e9sistible ascension de Tim Dup, nouvelle coqueluche de la chanson fran\u00e7aise (St\u00e9phane Hilarion; vid\u00e9os) :                                                                                                                        http:\/\/culturebox.francetvinfo.fr\/musique\/chanson-francaise\/du-ter-au-casino-de-paris-l-irresistible-ascension-de-tim-dup-249349\n\n-A Paris, des com\u00e9dies musicales \u00e0 foison (St\u00e9phane Hilarion; vid\u00e9os) :                                                                                                                                                                                          http:\/\/culturebox.francetvinfo.fr\/scenes\/comedie-musicale\/comedies-musicales-le-nouvel-eldorado-des-salles-de-spectacles-parisiennes-249351#xtor\n\n-Dernier jour ce lundi pour &#8220;Owen Wingrave&#8221;de Benjamin Britten, la nouvelle production de l&#8217;Acad\u00e9mie de l&#8217;Op\u00e9ra national de Paris dans l&#8217;Amphith\u00e9\u00e2tre Bastille (Sophie Bourdais) :                             http:\/\/www.telerama.fr\/musique\/owen-wingrave-a-l-amphitheatre-bastille-huit-voix-a-suivre,150595.php#xtor\n\n<strong>-A Montpellier, le street art s&#8217;apprend sur les bancs de l&#8217;\u00e9cole (Jean-Michel Ogier; vid\u00e9o) :   <\/strong>                                                                                                                                                    http:\/\/culturebox.francetvinfo.fr\/tendances\/a-montpellier-le-street-art-s-apprend-sur-les-bancs-de-l-ecole-249241\n\n<strong>-Sondage, &#8220;\u00e0 l&#8217;issue du dernier d\u00e9bat de la primaire, 100% des Fran\u00e7ais sont de droite&#8221; (Samuel Gontier) : <\/strong>                                                                                                                                                  http:\/\/television.telerama.fr\/television\/sondage-a-l-issue-du-dernier-debat-de-la-primaire-100-des-francais-sont-de-droite,150601.php#xtor\n\n-Fillon, Jupp\u00e9, leur premi\u00e8re t\u00e9l\u00e9 (vid\u00e9o de l&#8217;Ina) : http:\/\/www.ina.fr\/video\/S604127_001\/1981-les-premieres-emissions-tele-de-fillon-et-juppe-video.html\n\n<strong>-Une cha\u00eene de t\u00e9l\u00e9vision marocaine s&#8217;excuse d&#8217;avoir diffus\u00e9 des conseils de maquillage pour femmes battues (vid\u00e9o) :       <\/strong>                                                                                                    http:\/\/www.francetvinfo.fr\/societe\/droits-des-femmes\/maroc-une-chaine-de-television-s-excuse-apres-avoir-diffuse-des-conseils-de-maquillage-pour-femmes-battues_1939229.html#xtor \n\n-Nicolas Domenach tente de justifier son voyage en Afrique aux c\u00f4t\u00e9s de Manuel Valls (interrog\u00e9 par Hugo Cl\u00e9ment pour &#8220;Quotidien&#8221;; vid\u00e9o) :                                                                   http:\/\/www.lexpress.fr\/actualite\/medias\/video-domenach-journaliste-vendu-selon-quotidien-j-etais-chez-les-fous_1846602.html\n\n-Robert M\u00e9nard quitte le plateau de &#8220;Salut les Terriens&#8221; (vid\u00e9o) : http:\/\/www.c8.fr\/c8-divertissement\/ms-salut-les-terriens\/pid7527-emission.html?vid=1425719\n\n<strong>-Bruno Solo et Yvan Le Bolloc&#8217;h, dans la m\u00eame \u00e9mission (vid\u00e9o) : <\/strong> http:\/\/www.c8.fr\/c8-divertissement\/ms-salut-les-terriens\/pid7527-emission.html?vid=1425726\n\n-&#8220;Guillon 2017&#8221; (vid\u00e9o) : http:\/\/www.c8.fr\/c8-divertissement\/ms-salut-les-terriens\/pid8294-stephane-guillon.html?vid=1425742\n<h2 class=\"wp-block-heading\">Documents joints<\/h2>\n\n\n\n<div class=\"wp-block-file\"><a href=\"https:\/\/wp.muchomaas.com\/wp-content\/uploads\/2016\/11\/la_cisjordanie_sous_la_pression_des_colons-7ef.pdf\">la_cisjordanie_sous_la_pression_des_colons.pdf<\/a><\/div>\n\n\n","protected":false},"excerpt":{"rendered":"<p>ACTUALITE -&#8220;On s&#8217;attarde plus sur les contestations que sur les propositions de la CGT. La petite musique anti-fonctionnaires ne vient pas que de la droite, Macron et Manuel Valls la jouent aussi&#8221;. Un pr\u00e9sident de la R\u00e9publique reste l\u00e9gitime &#8220;s&#8217;il respecte ses promesses&#8221; et s&#8217;il n&#8217;engage pas, durant son mandat, de grandes mesures qu&#8217;il n&#8217;a [&hellip;]<\/p>\n","protected":false},"author":1042,"featured_media":0,"comment_status":"open","ping_status":"open","sticky":false,"template":"","format":"standard","meta":{"_themeisle_gutenberg_block_has_review":false,"footnotes":""},"categories":[151],"tags":[],"class_list":["post-10036","post","type-post","status-publish","format-standard","hentry","category-la-revue-de-presse-de-lulu"],"_links":{"self":[{"href":"https:\/\/archives.regards.fr\/index.php?rest_route=\/wp\/v2\/posts\/10036","targetHints":{"allow":["GET"]}}],"collection":[{"href":"https:\/\/archives.regards.fr\/index.php?rest_route=\/wp\/v2\/posts"}],"about":[{"href":"https:\/\/archives.regards.fr\/index.php?rest_route=\/wp\/v2\/types\/post"}],"author":[{"embeddable":true,"href":"https:\/\/archives.regards.fr\/index.php?rest_route=\/wp\/v2\/users\/1042"}],"replies":[{"embeddable":true,"href":"https:\/\/archives.regards.fr\/index.php?rest_route=%2Fwp%2Fv2%2Fcomments&post=10036"}],"version-history":[{"count":0,"href":"https:\/\/archives.regards.fr\/index.php?rest_route=\/wp\/v2\/posts\/10036\/revisions"}],"wp:attachment":[{"href":"https:\/\/archives.regards.fr\/index.php?rest_route=%2Fwp%2Fv2%2Fmedia&parent=10036"}],"wp:term":[{"taxonomy":"category","embeddable":true,"href":"https:\/\/archives.regards.fr\/index.php?rest_route=%2Fwp%2Fv2%2Fcategories&post=10036"},{"taxonomy":"post_tag","embeddable":true,"href":"https:\/\/archives.regards.fr\/index.php?rest_route=%2Fwp%2Fv2%2Ftags&post=10036"}],"curies":[{"name":"wp","href":"https:\/\/api.w.org\/{rel}","templated":true}]}}