{"id":10032,"date":"2016-11-26T07:37:20","date_gmt":"2016-11-26T06:37:20","guid":{"rendered":"https:\/\/wp.muchomaas.com\/article-la-revue-du-26-novembre-2016\/"},"modified":"2016-11-26T07:37:20","modified_gmt":"2016-11-26T06:37:20","slug":"article-la-revue-du-26-novembre-2016","status":"publish","type":"post","link":"https:\/\/archives.regards.fr\/?p=10032","title":{"rendered":"La Revue du 26 novembre 2016"},"content":{"rendered":"<p><strong>ACTUALITE<\/strong><\/p>\n<p><strong>-&#8220;Le dialogue social n&#8217;existe plus, il n&#8217;y a que le monologue. Dans quels services, quelles territorialit\u00e9s on doit diminuer des agents publics ? Le mod\u00e8le social existe, il a permis de mieux de r\u00e9sister \u00e0 la crise. Ils ont le m\u00eame programme. La loi Travail n&#8217;est pas \u00e0 minima, elle ouvre la porte. Il y a trop de syndicats et pas assez de syndiqu\u00e9s&#8221; (Philippe Martinez, secr\u00e9taire de la CGT, face \u00e0 Guillaume Durand; vid\u00e9o <\/strong> : http:\/\/www.dailymotion.com\/video\/x53h6xj<\/p>\n<p>-&#8220;La courbe du ch\u00f4mage n&#8217;est pas encore invers\u00e9e&#8221; (Christian Menanteau; son) : http:\/\/www.rtl.fr\/actu\/conso\/la-courbe-du-chomage-n-est-pas-encore-inversee-7785967489<\/p>\n<p><strong>-556 000 ch\u00f4meurs de plus qu&#8217;en 2012 (Robin Prudent; vid\u00e9o) :   <\/strong>          http:\/\/www.francetvinfo.fr\/economie\/emploi\/chomage\/video-chomage-une-embellie-a-replacer-sur-la-courbe-du-quinquennat_1937033.html#xtor<\/p>\n<p><strong>-Ch\u00f4mage, &#8220;les chiffres \u00e0 c\u00f4t\u00e9 de la plaque&#8221; (Christine Ehrel, ma\u00eetre de conf\u00e9rences en \u00e9conomie \u00e0 Paris I et St\u00e9phane Jugnot, statisticien \u00e0 l&#8217;Ires; vid\u00e9o) :   <\/strong> https:\/\/www.youtube.com\/watch?v=KCbG846EOpE&#038;feature=youtu.be  <\/p>\n<p>-&#8220;Ce qui est important, c&#8217;est la d\u00e9termination de Fran\u00e7ois Fillon \u00e0 r\u00e9duire les d\u00e9ficits. Macron obtient chez les entrepreneurs le b\u00e9n\u00e9fice du doute. Nous sommes pour un contrat de travail pr\u00e9-caus\u00e9&#8221; (Jean-Baptiste Danet, pr\u00e9sident de &#8220;Croissance Plus&#8221;, interrog\u00e9 par Nicolas Pierron; vid\u00e9o) : http:\/\/www.dailymotion.com\/video\/x53h40i<\/p>\n<p>-&#8220;L&#8217;action de groupe environnementale arrive en France&#8221; (St\u00e9phanie Senet) :                                                                                                                                                                                         http:\/\/www.euractiv.fr\/section\/justice-affaires-interieures\/news\/laction-de-groupe-environnementale-arrive-en-france\/?nl_ref=25657054<\/p>\n<p>-&#8220;Le gavage d&#8217;animaux est interdit dans plusieurs pays europ\u00e9ens&#8221; (S\u00e9bastien Arsac, de l&#8217;association L214; interrog\u00e9 par Dimitri Pavlenko; son) :                                                                          http:\/\/www.sudradio.fr\/Podcasts\/L-invite-pour-comprendre\/Sebastien-Arsac-porte-parole-de-l-association-L2143<\/p>\n<p>-Des gestes simples contre le gaspillage alimentaire (Yolaine de la Bigne; son) : http:\/\/www.sudradio.fr\/Podcasts\/Quelle-epoque-ethique\/Gaspillage-alimentaire-des-gestes-simples<\/p>\n<p>-&#8220;8 460 euros, record historique du  prix moyen du m\u00e8tre carr\u00e9 \u00e0 Paris&#8221; (Laurent Vimont, pr\u00e9sident du r\u00e9seau Century 21; interrog\u00e9 par Christelle Rebi\u00e8re et Vincent Parizot; son) :                         http:\/\/www.rtl.fr\/actu\/societe-faits-divers\/8460-euros-record-historique-du-prix-du-metre-carre-a-paris-7785974058<\/p>\n<p><strong>-En Loire-Atlantique, le ch\u00e2teau de Goulaine abrite la m\u00eame famille depuis 1 000 ans (vid\u00e9o) :    <\/strong>                                                                                                                                                      http:\/\/www.francetvinfo.fr\/culture\/loire-atlantique-le-chateau-de-goulaine-abrite-la-meme-famille-depuis-1-000-ans_1938973.html<\/p>\n<p>-&#8220;Jouets, le succ\u00e8s de la nostalgie&#8221; (vid\u00e9o) : http:\/\/www.francetvinfo.fr\/economie\/jouets-le-succes-de-la-nostalgie_1938815.html<\/p>\n<p><strong>-Dans la Ni\u00e8vre, chez le producteur du sapin pr\u00e9sidentiel (vid\u00e9o) :<\/strong> http:\/\/www.francetvinfo.fr\/decouverte\/noel\/nievre-a-la-rencontre-du-producteur-du-sapin-presidentiel_1933585.html<\/p>\n<p><strong>-&#8220;C&#8217;\u00e9tait  un v\u00e9ritable d\u00e9luge  qui s&#8217;est abattu sur nous&#8221; (Michel Simonpietri; maire de Furiani; interrog\u00e9 par St\u00e9phane Carpentier; son) :<\/strong>                                                                                                http:\/\/www.rtl.fr\/actu\/societe-faits-divers\/c-etait-un-veritable-deluge-declare-michel-simonpietri-7785967194<\/p>\n<p>-Fin de l&#8217;alerte (vid\u00e9o) : http:\/\/www.francetvinfo.fr\/meteo\/tempete\/meteo-fin-de-l-alerte-en-corse_1938919.html<\/p>\n<p><strong>-&#8220;L&#8217;\u00e9tat de la menace (terroriste) est et demeure particuli\u00e8rement \u00e9lev\u00e9&#8221; (la conf\u00e9rence de presse du procureur de la R\u00e9publique de Paris Fran\u00e7ois Molins; vid\u00e9o) <\/strong> :                                       http:\/\/www.francetvinfo.fr\/monde\/terrorisme-djihadistes\/direct-attentat-dejoue-regardez-la-conference-de-presse-de-francois-molins-procureur-de-la-republique-de-paris_1938575.html<\/p>\n<p>-Ce qu&#8217;en a dit Fran\u00e7ois Hollande \u00e0 l&#8217;occasion de la c\u00e9r\u00e9monie de fin de scolarit\u00e9 des \u00e9l\u00e8ves de l&#8217;Ecole nationale de Police de N\u00eemes (vid\u00e9o, amener le curseur sur 14:11) : http:\/\/www.elysee.fr\/videos\/ceremonie-de-fin-de-scolarite-des-eleves-de-l-ecole-nationale-de-police-de-nimes\/#content<\/p>\n<p>-Pr\u00e8s de 180 \u00e9lus disent oui \u00e0 l&#8217;accueil des migrants dans une p\u00e9tition de &#8220;la Ligue des Droits de l&#8217;Homme&#8221; :                                                                           http:\/\/www.europe1.fr\/politique\/pres-de-180-elus-disent-oui-a-laccueil-des-migrants-dans-une-petition-de-la-ldh-2910089<\/p>\n<p>-&#8220;Pourquoi cet acharnement contre Jacqueline Sauvage&#8221; (Daniel Cohn-Bendit; son) :                                                                                                                                                                                http:\/\/www.europe1.fr\/emissions\/l-humeur\/pourquoi-cet-acharnement-judiciaire-contre-jacqueline-sauvage-2910632<\/p>\n<p><strong>-&#8220;St\u00e9phanie et la violence conjugale&#8221; (Nicole Ferroni; vid\u00e9o) : <\/strong>                      https:\/\/www.youtube.com\/watch?v=updHWUpMbW4&#038;feature=player_embedded&#038;app=desktop<\/p>\n<p><strong>-&#8220;Comparution imm\u00e9diate, justice efficace ou exp\u00e9ditive ?&#8221; (Abdelhak El Idrissi; son) <\/strong> : https:\/\/www.franceinter.fr\/emissions\/dans-le-pretoire\/dans-le-pretoire-25-novembre-2016<\/p>\n<p><strong>POLITIQUE<\/strong><\/p>\n<p>-Beno\u00eet Hamon, d\u00e9put\u00e9 PS des Yvelines, d\u00e9nonce les tentatives de &#8220;d\u00e9stabilisation&#8221; de Valls contre Fran\u00e7ois Hollande (vid\u00e9o) :  http:\/\/www.lcp.fr\/la-politique-en-video\/hamon-denonce-les-tentatives-de-destabilisation-de-valls-contre-hollande-0 <\/p>\n<p>-L&#8217;interview int\u00e9grale dans &#8220;Parlement Hebdo&#8221; sur la cha\u00eene parlementaire (vid\u00e9o) :  http:\/\/www.lcp.fr\/emissions\/parlement-hebdo\/280375-benoit-hamon-depute-ps-des-yvelines-conseiller-regional-dile-de<\/p>\n<p>-&#8220;J&#8217;ai \u00e9t\u00e9 choqu\u00e9 par la proposition de Fran\u00e7ois Fillon sur la S\u00e9curit\u00e9 sociale. Ils veulent remettre en cause une politique du logement alors qu&#8217;elle marche. Une gauche divis\u00e9e, c&#8217;est une gauche \u00e9limin\u00e9e du second tour. Si Fran\u00e7ois Hollande est candidat de la primaire, je voterai Fran\u00e7ois de Rugy au premier tour, le candidat \u00e9cologiste, et Fran\u00e7ois Hollande au second. Nous avons la chance d&#8217;avoir un grand pr\u00e9sident de la R\u00e9publique et un grand premier ministre&#8221; (la ministre du Logement Emmanuelle Cosse; face \u00e0 Dimitri Pavlenko; son) :                                                                                http:\/\/www.sudradio.fr\/Podcasts\/L-invite-pour-comprendre\/Emmanuelle-Cosse-Ministre-du-Logement<\/p>\n<p>-&#8220;Cela fait moins 100 000 ch\u00f4meurs sur un an. Fran\u00e7ois Hollande avait mis cette condition pour pouvoir se repr\u00e9senter. On est \u00e0 quelques jours d&#8217;une d\u00e9claration du Pr\u00e9sident. Fran\u00e7ois Fillon veut une politique radicale, en rupture avec ce qu&#8217;a \u00e9t\u00e9 la droite jusqu&#8217;ici&#8221; (St\u00e9phane Le Foll, porte-parole du gouvernement; face \u00e0 Marc-Olivier Fogiel; son) :                                                                           http:\/\/www.rtl.fr\/actu\/politique\/presidentielle-2017-on-est-a-quelques-jours-d-une-declaration-de-francois-hollande-a-ce-propos-annonce-stephane-le-foll-7785962179<\/p>\n<p>-&#8220;Je lance un appel solennel \u00e0 Emmanuel Macron et \u00e0 Jean-Luc M\u00e9lenchon pour qu&#8217;ils participent \u00e0 la primaire de la gauche&#8221; (Jean-Christophe Cambad\u00e9lis, invit\u00e9 de &#8220;Face aux Chr\u00e9tiens&#8221;; vid\u00e9os) :                                                                 http:\/\/www.la-croix.com\/France\/Politique\/Jean-Christophe-Cambadelis-Je-lance-appel-solennel-Macron-Melenchon-pour-quils-participent-primaire-gauche-2016-11-24-1200805581<\/p>\n<p>-L&#8217;\u00e9mission int\u00e9grale (vid\u00e9o) : http:\/\/www.ktotv.com\/video\/00119850\/jean-christophe-cambadelis<\/p>\n<p><strong>-&#8220;Il n&#8217;y a pas eu de sang sur les murs. Il y a M. Berg\u00e9 qui m&#8217;a trait\u00e9 de p\u00e9tainiste. Le d\u00e9cha\u00eenement ridicule d&#8217;un petit microcosme. Ces gens l\u00e0 font grandir l&#8217;extr\u00eame-droite. Les syndicats sont faibles, je pr\u00e9f\u00e8rerais avoir deux syndicat beaucoup plus forts. La CGT n&#8217;a jamais bloqu\u00e9 la France. C&#8217;est absurde. L&#8217;Etat est une entreprise en difficult\u00e9, il s&#8217;agit de faire un effort et de passer d&#8217;une r\u00e9f\u00e9rence de 35 heures  \u00e0 39 heures&#8221; (Fran\u00e7ois Fillon, face \u00e0 Elizabeth Martichoux; vid\u00e9o) :  <\/strong>                                                                                                                                                                http:\/\/www.rtl.fr\/actu\/politique\/francois-fillon-blame-le-dechainement-ridicule-d-un-petit-microcosme-7785967720<\/p>\n<p><strong>-&#8220;Ce que je regrette, c&#8217;est de ne pas avoir d\u00e9cortiqu\u00e9 le programme de Fran\u00e7ois Fillon avant le premier tour. Nous avons de profondes diverges sur la gestion de la Fonction publique, sur l&#8217;assurance maladie, sur la S\u00e9curit\u00e9 sociale. Je ne suis pas d&#8217;accord sur le transfert sur les assurances priv\u00e9es. Il ne pourra pas supprimer 500 000 emplois publics. Le courage, ce n&#8217;est pas la brutalit\u00e9&#8221; (Alain Jupp\u00e9, invit\u00e9 de Jean-Jacques Bourdin; vid\u00e9o) :<\/strong> http:\/\/www.bfmtv.com\/mediaplayer\/video\/alain-juppe-face-a-jean-jacques-bourdin-en-direct-888567.html<\/p>\n<p>-&#8220;C&#8217;est un choix entre deux d\u00e9terminations. Fran\u00e7ois Fillon ne se contente pas d&#8217;offrir aux Fran\u00e7ais de continuer \u00e0 vivre comme aujourd&#8217;hui. M. Poutine ne respecte que les forts, c&#8217;est pour cela qu&#8217;il respecte Fran\u00e7ois Fillon&#8221; (J\u00e9r\u00f4me Chartier, d\u00e9put\u00e9 LR des Hauts-de-Seine, porte-parole Fran\u00e7ois Fillon; face \u00e0 Guillaume Daret; vid\u00e9o) : http:\/\/www.france2.fr\/emissions\/telematin\/actu\/les-4-verites-jerome-chartier_527523<\/p>\n<p>-&#8220;Alain Jupp\u00e9 veut modifier, alors que Fran\u00e7ois Fillon veut changer&#8221; (Brice Hortefeux, eurod\u00e9put\u00e9 LR; invit\u00e9 de la matinale de Franceinfo; vid\u00e9o) :                                                                                       http:\/\/www.dailymotion.com\/video\/x53gfra_pour-brice-hortefeux-alain-juppe-veut-modifier-et-francois-fillon-veut-changer_news<\/p>\n<p>-&#8220;Il y a une ligne de fracture tr\u00e8s nette sur le syst\u00e8me de sant\u00e9&#8221; (Virginie Calmels, premi\u00e8re adjointe LR d&#8217;Alain Jupp\u00e9 \u00e0 Bordeaux; interrog\u00e9e par Thomas Sotto; vid\u00e9o) :                                 http:\/\/www.europe1.fr\/emissions\/l-interview-verite\/virginie-calmels-une-ligne-de-fracture-tres-nette-sur-le-systeme-de-sante-2910602<\/p>\n<p>-&#8220;Moi, je ne suis candidat \u00e0 rien. Je soutiens Fran\u00e7ois Fillon parce que je me retrouve dans son programme lib\u00e9ral et qu&#8217;il est ferme dans ses convictions. Est-ce que c&#8217;\u00e9tait le goulag quand on travaillait 39 heures. En 1995, il y avait un million de fonctionnaires de moins et \u00e7a marchait&#8221; (Herv\u00e9 Morin, pr\u00e9sident UDI de la r\u00e9gion Normandie; invit\u00e9 d&#8217;Audrey Crespo-Mara; vid\u00e9o) :  http:\/\/www.lci.fr\/replay\/replay-l-invite-politique-du-25-novembre-2016-herve-morin-2014336.html%3Ftype=content<\/p>\n<p>-&#8220;Non au racisme anti-fonctionnaire !&#8221; (Herv\u00e9 Mariton, d\u00e9put\u00e9 LR de la droite, face \u00e0 Caroline Cayeux, s\u00e9natrice LR de l&#8217;Oise, soutien de Fran\u00e7ois Fillon; invit\u00e9s de &#8220;Territoires d&#8217;Infos&#8221;; vid\u00e9o, amener le curseur sur 33:12) : http:\/\/www.sudradio.fr\/Politique\/L-interview-politique\/Caroline-Cayeux-Francois-Fillon-a-montre-sa-stature-presidentielle<\/p>\n<p>-&#8220;Les Fran\u00e7ais attendent de la libert\u00e9 et de la protection. Ils \u00e9taient bons tous les deux. Fran\u00e7ois Fillon porte un diagnostic tr\u00e8s juste et pr\u00e9cis sur la soci\u00e9t\u00e9 fran\u00e7aise&#8221; (Eric Woerth, d\u00e9put\u00e9 LR de l&#8217;Oise; face \u00e0 Jean-Pierre Elkabbach; vid\u00e9o) : http:\/\/www.europe1.fr\/emissions\/l-interview-politique\/debat-de-lentre-deux-tours-programme-des-candidats-progres-democratique-de-la-primaire-et-soutien-de-francois-fillon-eric-woerth-repond-aux-questions-de-jean-pierre-elkabbach-2910650<\/p>\n<p>-&#8220;Le d\u00e9bat des deux programmes&#8221; (Edouard Philippe, d\u00e9put\u00e9 LR de Seine-Maritime, porte-parole d&#8217;Alain Jupp\u00e9, face \u00e0 Val\u00e9rie Boyer, d\u00e9put\u00e9e LR des Bouches-du-Rh\u00f4ne, porte-parole de Fran\u00e7ois Fillon; vid\u00e9o) :  http:\/\/www.bfmtv.com\/mediaplayer\/video\/debat-de-l-entre-deux-tours-le-match-des-programmes-fillonjuppe-888525.html<\/p>\n<p><strong>-&#8220;Les primaires modifient-elles la nature de notre r\u00e9gime politique ? (le sociologue Michel Wieviorka, le politologue Olivier Duhamel et Pascal Perrineau, professeur \u00e0 Sciences Po; au &#8220;T\u00e9l\u00e9phone sonne&#8221; de France Inter, anim\u00e9 par Claire Servajean; son) <\/strong> : https:\/\/www.franceinter.fr\/emissions\/le-telephone-sonne\/le-telephone-sonne-25-novembre-2016<\/p>\n<p>-&#8220;J&#8217;ai vu une esp\u00e8ce de dissertation entre deux anciens premiers ministres. Pas un mot sur l&#8217;Europe, rien sur l&#8217;immigration. Je ne vois pas en quoi la ligne euro-lib\u00e9rale de Fran\u00e7ois Fillon peut s\u00e9duire qui que ce soit. C&#8217;est la ligne tro\u00efka. Il voterait plut\u00f4t Fran\u00e7ois Hollande contre Marine Le Pen&#8221; (Florian Philippot, eurod\u00e9put\u00e9 FN; vid\u00e9o) : http:\/\/www.dailymotion.com\/video\/x53fqgb_l-invite-de-michael-darmon-du-25-11-2016_news<\/p>\n<p><strong>-&#8220;Pour la premi\u00e8re fois, les candidats de la droite fran\u00e7aise ont un programme tr\u00e8s lib\u00e9ral&#8221; (Alain Minc, face \u00e0 Guillaume Durand; vid\u00e9o) : <\/strong>                                                                              http:\/\/www.dailymotion.com\/video\/x53h5n7_pour-la-1ere-fois-les-candidats-de-la-droite-francaise-ont-tous-un-programme-tres-liberal-alain-min_news   <\/p>\n<p><strong>-&#8220;La droite post-Sarkozy&#8221; (Thomas Legrand; son) : <\/strong>                                https:\/\/www.franceinter.fr\/emissions\/l-edito-politique\/l-edito-politique-25-novembre-2016 <\/p>\n<p>-&#8220;Fran\u00e7ois Fillon, un dominant avec beaucoup d&#8217;orgueil&#8221; (Alba Ventura; vid\u00e9o; vid\u00e9o) :                                                                                                                                                                                    http:\/\/www.rtl.fr\/actu\/politique\/primaire-de-la-droite-francois-fillon-un-dominant-avec-beaucoup-d-orgueil-dit-alba-ventura-7785967590<\/p>\n<p>-&#8220;Alain Jupp\u00e9 s&#8217;est tromp\u00e9 de public&#8221; (Yves Thr\u00e9ard; vid\u00e9o) :                                                                                                                                                                                                                      http:\/\/www.europe1.fr\/emissions\/ledito-politique-dyves-threard\/debat-de-lentre-deux-tours-fillon-a-sa-place-juppe-sest-trompe-de-public-2910509<\/p>\n<p>-&#8220;On a gard\u00e9 les deux meilleurs. A 90%, ils ont le m\u00eame programme. Le probl\u00e8me, c&#8217;est que celui qui arrivera \u00e0 l&#8217;Elys\u00e9e sera soutenu par 20% des Fran\u00e7ais. Le Front de gauche n&#8217;a pas disparu, le Front national non plus. Si on n&#8217;\u00e9largit pas l&#8217;assiette \u00e9lectorale, le pays sera bloqu\u00e9. La bonne nouvelle, c&#8217;est que le populisme de Sarkozy a disparu&#8221; (le philosophe Luc Ferry, ancien ministre de l&#8217;Education nationale; invit\u00e9 d&#8217;Audrey Crespo-Mara; vid\u00e9o) :              http:\/\/www.lci.fr\/replay\/luc-ferry-etait-l-invite-d-audrey-crespo-mara-le-25-novembre-2016-2014340.html<\/p>\n<p><strong>-&#8220;Le r\u00f4le des politiques, c&#8217;est de faire que nos vies ne soient pas plomb\u00e9es d\u00e8s le d\u00e9part&#8221; (il \u00e9tait l&#8217;invit\u00e9 d&#8217;Ali Baddou sur France Inter; vid\u00e9o) : <\/strong> https:\/\/www.franceinter.fr\/emissions\/l-invite-d-ali-baddou\/l-invite-d-ali-baddou-25-novembre-2016<\/p>\n<p><strong>EUROPE-MONDE<\/strong><\/p>\n<p><strong>-Fidel Castro est mort (G\u00e9rard Thomas et Gr\u00e9gory Rozi\u00e8res) :   <\/strong> http:\/\/www.liberation.fr\/planete\/2016\/11\/26\/fidel-castro-mort-du-comandante_852900                                                            http:\/\/www.huffingtonpost.fr\/2016\/11\/26\/fidel-castro-est-mort\/<\/p>\n<p><strong>-&#8220;Un g\u00e9ant du XXe si\u00e8cle&#8221; (Jos\u00e9 Fort) :  <\/strong>                                                         http:\/\/josefort.over-blog.com\/2016\/11\/fidel-castro-un-geant-du-xx-eme-siecle-un-recit-de-jose-fort-dans-la-chambre-212-de-l-hotel-national-a-la-havane-michael-mc-lanay-l<\/p>\n<p>-&#8220;Sales prostitu\u00e9es anti-slovaques&#8221; (c&#8217;est ainsi que Robert Fico, le premier ministre slovaque, \u00e0 la t\u00eate de la pr\u00e9sidence tournante du Conseil de l&#8217;Europe, s&#8217;est adress\u00e9 \u00e0 des journalistes; cit\u00e9 par Georgi Gotev) : http:\/\/www.euractiv.fr\/section\/politique\/news\/fico-overreacts-to-allegations-of-slovak-presidency-accounting-tweaks\/?nl_ref=25657054<\/p>\n<p><strong>-&#8220;Lutter contre la corruption pour combattre le populisme&#8221; (Daniela Vincenti) :   <\/strong>                                                                                                                                                                                               http:\/\/www.euractiv.fr\/section\/justice-affaires-interieures\/news\/transparency-boss-eu-must-fight-corruption-in-order-to-fight-populism\/?nl_ref=25657054<\/p>\n<p>-&#8220;L&#8217;Universit\u00e9 de Gen\u00e8ve renie Jos\u00e9 Manuel Barroso&#8221; (Simon Petite) :             https:\/\/www.letemps.ch\/monde\/2016\/11\/25\/geneve-renie-jose-manuel-barroso-etudiant-prodige?utm_source<\/p>\n<p>-&#8220;Action contre la faim&#8221; interpelle les candidats (Julie Duval, interrog\u00e9 par Dimitri Pavlenko; son) :                                                                                                                                                       http:\/\/www.sudradio.fr\/Podcasts\/L-invite-pour-comprendre\/Julie-Duval-chargee-de-plaidoyer-chez-Action-Contre-la-Faim<\/p>\n<p><strong>-L&#8217;\u00e9tat des r\u00e9serves halieutiques europ\u00e9ennes (Christian Rambaud, de la &#8220;DG Mare&#8221;; son) <\/strong> : https:\/\/www.franceinter.fr\/emissions\/meridien-d-europe\/meridien-d-europe-25-novembre-2016<\/p>\n<p>-Le Parlement europ\u00e9en se dessaisi de la nomination d&#8217;Oettinger (Aline Robert) :                                                                                                                                                                                  http:\/\/www.euractiv.fr\/section\/politique\/news\/le-parlement-europeen-se-dessaisit-de-la-nomination-doettinger\/?nl_ref=25657054<\/p>\n<p>-Il vote le gel des n\u00e9gociations avec la Turquie (vid\u00e9o) : http:\/\/nr.news-republic.com\/Web\/ArticleWeb.aspx?regionid=2&#038;articleid=78366056<\/p>\n<p><strong>-&#8220;La bio-\u00e9conomie, une nouvelle tendance europ\u00e9enne&#8221; (John Bell, directeur de la &#8220;Recherche et innovation&#8221;; propos recueillis par Andrej Furik) :  <\/strong>                                                                             http:\/\/www.euractiv.fr\/section\/developpement-durable\/interview\/commission-official-bioeconomy-is-a-unique-opportunity-to-address-societal-challenges\/?nl_ref=25657054<\/p>\n<p><strong>-&#8220;Revers majeur pour les chimistes face aux ONG environnementales&#8221; : <\/strong>                                                                                                                                                                                                     http:\/\/www.euractiv.fr\/section\/agriculture-alimentation\/news\/revers-majeur-pour-les-chimistes-face-aux-ong-environnementales\/?nl_ref=25657054                                                                                                                                                                                                          <\/p>\n<p>-&#8220;Dialogue de sourds entre S\u00e9gol\u00e8ne Royal et les eurod\u00e9put\u00e9s&#8221; (C\u00e9cile Barbi\u00e8re) :                                                                                                                                                                 http:\/\/www.euractiv.fr\/section\/transport\/news\/dialogue-de-sourds-entre-segolene-royal-et-les-eurodeputes\/?nl_ref=25657054<\/p>\n<p>-Ils ont valid\u00e9 la directive contre la pollution de l&#8217;air (James Crisp) :                                                                                                                                                                                                                http:\/\/www.euractiv.fr\/section\/climat-environnement\/news\/meps-back-pollution-rules-in-bid-to-save-200000-lives-a-year\/?nl_ref=25657054<\/p>\n<p><strong>-&#8220;La Russie plus pr\u00e9sente que l&#8217;Europe dans le d\u00e9bat Fillon-Jupp\u00e9&#8221; (Aline Robert) :  <\/strong>                                                                                                                                                                                  http:\/\/www.euractiv.fr\/section\/politique\/news\/la-russie-plus-presente-que-leurope-dans-le-debat-fillon-juppe\/?nl_ref=25657054<\/p>\n<p>-&#8220;La politique \u00e9trang\u00e8re n&#8217;a occup\u00e9 que 7 minutes, montre en main&#8221; (Bernard Guetta; son) : https:\/\/www.franceinter.fr\/emissions\/geopolitique\/geopolitique-25-novembre-2016<\/p>\n<p>-En Italie, les sondages donnent le &#8220;non&#8221; gagnant au r\u00e9f\u00e9rendum sur la r\u00e9forme de la Constitution du 4 d\u00e9cembre prochain  (Robert Jules) :                                                                                http:\/\/www.latribune.fr\/opinions\/editos\/l-italie-talon-d-achille-de-l-europe-619599.html<\/p>\n<p><strong>-&#8220;Il se pr\u00e9pare une surprise comparable au Brexit britannique&#8221; (Fran\u00e7ois Lenglet; vid\u00e9o) <\/strong> :  http:\/\/www.rtl.fr\/actu\/international\/renzit-vers-un-grand-chamboulement-en-italie-7785968024<\/p>\n<p><strong>-&#8220;Madrid, Barcelone et les mairies rebelles font face \u00e0 la droite de Rajoy&#8221; (Fran\u00e7ois Bonnet) <\/strong> : https:\/\/www.mediapart.fr\/journal\/international\/191116\/espagne-madrid-barcelone-et-les-mairies-rebelles-font-face-la-droite-de-rajoy?utm_source<\/p>\n<p>-Martin Schulz, pr\u00e9sident socialiste du Parlement europ\u00e9en, se lance dans la bataille politique allemande (Hugues Beaudoin; son) :                                                                           http:\/\/www.radioclassique.fr\/player\/progaction\/initPlayer\/podcast\/2016-11-24-19-08-00.html<\/p>\n<p>-Qui est-il ? (Fabien Cazenave; vid\u00e9o) : http:\/\/www.ouest-france.fr\/europe\/allemagne\/qui-est-martin-schulz-le-futur-adversaire-d-angela-merkel-4633629<\/p>\n<p>-50 000 personnes \u00e9vacu\u00e9es \u00e0 Ha\u00effa sous la menace des incendies qui ravagent Isra\u00ebl (vid\u00e9o) : http:\/\/nr.news-republic.com\/Web\/ArticleWeb.aspx?regionid=2&#038;articleid=78380389<\/p>\n<p>-Au Mexique, 32 cadavres exhum\u00e9s de fosses communes clandestines (vid\u00e9) : http:\/\/nr.news-republic.com\/Web\/ArticleWeb.aspx?regionid=2&#038;articleid=78442761<\/p>\n<p>-&#8220;Face \u00e0 la menace Trump, le pays au secours de ses \u00e9migr\u00e9s&#8221; (Fr\u00e9d\u00e9ric Saliba) :<br \/>\nhttp:\/\/www.lemonde.fr\/m-moyen-format\/article\/2016\/11\/25\/face-a-la-menace-trump-le-mexique-au-secours-de-ses-emigres_5038131_4497271.html<\/p>\n<p><strong>-Au coeur du d\u00e9sert australien, &#8220;la route du bout du monde&#8221; (vid\u00e9os) : <\/strong> http:\/\/www.francetvinfo.fr\/monde\/asie\/feuilleton-la-route-du-bout-du-monde-1-5_1931985.html                                          http:\/\/www.francetvinfo.fr\/monde\/asie\/feuilleton-la-route-du-bout-du-monde-2-5_1933609.html                                                                                                                                                          http:\/\/www.francetvinfo.fr\/decouverte\/feuilleton-la-route-du-bout-du-monde-4-5_1936995.html                                                                                                                                                    http:\/\/www.francetvinfo.fr\/monde\/asie\/feuilleton-la-route-du-bout-du-monde-3-5_1935239.html                                                                                                                                                                        http:\/\/www.francetvinfo.fr\/monde\/pacifique\/feuilleton-la-route-du-bout-du-monde-5-5_1938829.html                                                                                                                                              <\/p>\n<p><strong>-Un r\u00e9chauffement de l&#8217;Arctique tr\u00e8s pr\u00e9occupant (vid\u00e9o) : <\/strong> http:\/\/www.francetvinfo.fr\/meteo\/climat\/arctique-un-rechauffement-tres-preoccupant_1938949.html<\/p>\n<p><strong>CULTURE-MEDIAS<br \/>\n<\/strong><\/p>\n<p><strong>-&#8220;Le corps des femmes, quels enjeux politiques ?&#8221; (la sociologue Juliette Rennes et la philosophe Genevi\u00e8ve Fraysse, invit\u00e9es de &#8220;la Grande Table&#8221; d&#8217;Olivia Gesbert; son) : <\/strong>                                      https:\/\/www.franceculture.fr\/emissions\/la-grande-table-2eme-partie\/le-corps-des-femmes-quels-enjeux-politiques<\/p>\n<p>-&#8220;La Culture fait-elle encore lien ?&#8221; (la philosophe Myriam Revault d&#8217;Allonnes) :                                                                                                                                                                                        http:\/\/www.telerama.fr\/etats-genereux\/la-culture-fait-elle-encore-lien-par-myriam-revault-d-allonnes-philosophe,150569.php<\/p>\n<p><strong>-&#8220;Fran\u00e7aise, r\u00e9solument&#8221; (la cin\u00e9aste d&#8217;origine s\u00e9n\u00e9galaise Alice Diop, au micro de Zo\u00e9 Vari\u00e9 (son)<\/strong> : https:\/\/www.franceinter.fr\/emissions\/d-ici-d-ailleurs\/d-ici-d-ailleurs-08-octobre-2016<\/p>\n<p>-Les photos de la semaine (Epic) : http:\/\/epic-stories.com\/selection-du-jeudi-64\/ <\/p>\n<p><strong>-&#8220;Wadjda&#8221; de Haifaa Al-Mansour, sur l&#8217;\u00e9mancipation de la femme en Arabie Saoudite (\u00e0 voir ici jusqu&#8217;au 29 novembre; vid\u00e9o) : <\/strong>                                                                                                         http:\/\/television.telerama.fr\/television\/regardez-wadjda-jolie-fable-qui-parle-d-emancipation-de-la-femme-en-arabie-saoudite,150578.php#xtor<\/p>\n<p><strong>-&#8220;Le Choix d&#8217;Oleg&#8221;, un documentaire de James Keogh et Elena Volochine sur les combats des forces s\u00e9paratistes en Ukraine (\u00e0 voir ici en avant-premi\u00e8re et sur la cha\u00eene parlementaire; vid\u00e9o) <\/strong> : http:\/\/television.telerama.fr\/television\/a-voir-en-avant-premiere-sur-telerama-fr-le-choix-d-oleg,150557.php#xtor<\/p>\n<p>-Ce week-end, la cinqui\u00e8me \u00e9dition du &#8220;Paris Cocktail Festival&#8221; avec 7 films qui font la part belle \u00e0 ce breuvage (Caroline Besse; vid\u00e9os) :                                                                                       http:\/\/www.telerama.fr\/sortir\/du-parrain-au-big-lebowksi-ces-cocktails-mythiques-qui-ont-rafraichi-le-cinema,150567.php#xtor<\/p>\n<p>-Ce week-end \u00e9galement, au Mus\u00e9um national d&#8217;histoire naturelle \u00e0 Paris,  la soci\u00e9t\u00e9 G\u00e9d\u00e9on programmes invite \u00e0 son festival. Avec le documentariste Marc Jampolsky (Fran\u00e7ois Ekchajzer; vid\u00e9o) : http:\/\/television.telerama.fr\/television\/le-documentariste-marc-jampolsky-fete-l-anniversaire-de-gedeon,150390.php#xtor<\/p>\n<p>-Reprise en salles du classique  &#8220;Freaks&#8221; de Tod Browning (Nicolas Didier; vid\u00e9os) :                                                                                                                                                                                             http:\/\/www.telerama.fr\/cinema\/freaks-et-sa-merveilleuse-descendance,150556.php#xtor<\/p>\n<p><strong>-&#8220;Salvador Allende n&#8217;a pas pu voir le film, Pinochet a fait son coup d&#8217;Etat&#8221;. Aujourd&#8217;hui, Costa-Gravas commente un extrait de &#8220;Etat de Si\u00e8ge&#8221;, sorti en 1972 (Samuel Douhaire; vid\u00e9o) :  <\/strong>              http:\/\/www.telerama.fr\/cinema\/costa-gavras-au-fil-de-ses-etat-de-siege-1972-salvador-allende-n-a-pas-pu-voir-le-film-pinochet-a-fait-son-coup-d-etat,150519.php<\/p>\n<p><strong>-&#8220;Au cin\u00e9ma, il faut tenir le spectateur de bout en bout. Il y a de tr\u00e8s grands acteurs en France mais il n&#8217;y a plus de stars&#8221; (il \u00e9tait l&#8217;invit\u00e9 de la matinale de France Inter. Il r\u00e9pondait aux questions de Patrick Cohen et des auditeurs; vid\u00e9os) :  <\/strong>                                                                                               https:\/\/www.franceinter.fr\/emissions\/l-invite-de-8h20\/l-invite-de-8h20-25-novembre-2016                                                                                           https:\/\/www.franceinter.fr\/emissions\/interactiv\/interactiv-25-novembre-2016                   <\/p>\n<p><strong>-&#8220;Le cin\u00e9ma n&#8217;est pas un discours politique mais un spectacle&#8217; (Costa-Gavras, invit\u00e9 de &#8220;La Grande table&#8221; d&#8217;Olivia Gesbert; son) :   <\/strong>                                                                                                          https:\/\/www.franceculture.fr\/emissions\/la-grande-table-1ere-partie\/costa-gavras-le-cinema-nest-pas-un-discours-politique-mais-un<\/p>\n<p><strong>-Le r\u00e9alisateur am\u00e9ricain Abel Ferrara \u00e9tait l&#8217;invit\u00e9 d&#8217;Augustin Trapenard (son) : <\/strong>  https:\/\/www.franceinter.fr\/emissions\/boomerang\/boomerang-25-novembre-2016<\/p>\n<p><strong>-Thierry Fr\u00e9maux, d\u00e9l\u00e9gu\u00e9 g\u00e9n\u00e9ral du Festival de Cannes, et &#8220;T\u00e9l\u00e9rama&#8221; rejouent &#8220;La Sortie des usines Lumi\u00e8re&#8221;, premier film de l&#8217;histoire (vid\u00e9o) :    <\/strong>                                                            http:\/\/www.telerama.fr\/etats-genereux\/thierry-fremaux-et-telerama-rejouent-la-sortie-des-usines-lumiere-premier-film-de-l-histoire,150562.php<\/p>\n<p>-Les modes passent, la danse classique indienne perdure (vid\u00e9o) : http:\/\/nr.news-republic.com\/Web\/ArticleWeb.aspx?regionid=2&#038;articleid=78439210<\/p>\n<p><strong>-La disparition du grand po\u00e8te espagnol Marcos Ana, \u00e0 l&#8217;\u00e2ge de 96 ans. Membre du PCE, il fut emprisonn\u00e9 23 ans sous Franco  :    <\/strong>                                                                                      http:\/\/culturebox.francetvinfo.fr\/livres\/poesie-theatre\/espagne-la-mort-du-poete-marcos-ana-emprisonne-23-ans-sous-franco-249315<\/p>\n<p><strong>-Son interview au journal en ligne &#8220;eldiario-es&#8221; (vid\u00e9o, en espagnol) : <\/strong> https:\/\/www.youtube.com\/watch?v=O-EL9owk-5o<\/p>\n<p>-L&#8217;hommage de Pierre Laurent : http:\/\/www.pcf.fr\/94122<\/p>\n<p>-Le suicide du photographe David Hamilton : http:\/\/www.humanite.fr\/suicide-du-photographe-david-hamilton-627190<\/p>\n<p>-Retrouver le groupe &#8220;The Third Rail&#8221; avec Fran\u00e7ois Gorin (son) : http:\/\/www.telerama.fr\/musique\/the-third-rail-delicieux-tchouk-tchouk-nougat,150560.php<\/p>\n<p>-40 ans apr\u00e8s, la renaissance des Poppys ? (vid\u00e9o) : http:\/\/www.bfmtv.com\/mediaplayer\/video\/poppys-histoire-d-une-renaissance-40-ans-apres-888645.html#?xtor<\/p>\n<p><strong>-&#8220;De Claude Fran\u00e7ois \u00e0 M Pokora, les magnolias sont \u00e9ternels&#8221; (Rebecca Manzoni; vid\u00e9o) :<\/strong> https:\/\/www.franceinter.fr\/emissions\/tubes-co\/tubes-co-25-novembre-2016  <\/p>\n<p>-Jusqu&#8217;au 26 f\u00e9vrier 2017, &#8220;les Machines \u00e0 dessiner&#8221; de Schuiten et Peeters au mus\u00e9e des Arts et M\u00e9tiers (Vincent Brunner) :                                                                                                     http:\/\/www.telerama.fr\/sortir\/schuiten-peeters-quand-les-machines-stimulent-la-creativite-des-auteurs-de-bd,150496.php#xtor<\/p>\n<p>-&#8220;Lucky Luke fait partie de l&#8217;identit\u00e9 nationale&#8221; (le sc\u00e9nariste du denier album &#8220;La Terre promise&#8221;; invit\u00e9 de Nathana\u00ebl de Rincquesen; vid\u00e9o) :                                                                                         http:\/\/www.francetvinfo.fr\/culture\/jul-lucky-luke-fait-partie-de-l-identite-nationale_1938821.html<\/p>\n<p><strong>-&#8220;Le Ballon sur bitume&#8221;, un documentaire de Jesse Adang et Syrine Boulaouar, \u00e0 voir ici (Marie Campistron; vid\u00e9o) <\/strong> : http:\/\/television.telerama.fr\/television\/le-street-football-c-est-le-pied,150554.php#xtor<\/p>\n<p><strong>-&#8220;Pour l&#8217;invetigation, la pers\u00e9v\u00e9rance paie toujours. Garantir la s\u00e9curit\u00e9 des lanceurs d&#8217;alerte&#8221; (le grand reporter Luc Hermann, \u00e0 CNN, puis \u00e0 Canal + pendant 18 ans; propos recueillis par Anne-Sophie Novel) :<\/strong>   http:\/\/www.lemonde.fr\/tant-de-temps\/article\/2016\/11\/25\/luc-hermann-pour-investiguer-la-perseverance-paie-toujours_5037956_4598196.html<\/p>\n<p>-Sur Netflix, le retour de la s\u00e9rie &#8220;Gilmore Girls&#8221; (Pierre Langlais; vid\u00e9o) : http:\/\/www.telerama.fr\/series-tv\/gilmore-girls-un-retour-nostalgique-et-en-douceur-sur-netflix,150351.php#xtor<\/p>\n<p><strong>-&#8220;L&#8217;inceste p\u00e8re-fille est le plus r\u00e9pandu et pourtant, il est le moins repr\u00e9sent\u00e9 dans les s\u00e9ries&#8221; (Iris Brey, sp\u00e9cialiste de la repr\u00e9sentation du genre au cin\u00e9ma et dans les s\u00e9ries; vid\u00e9os)<\/strong> : https:\/\/www.youtube.com\/watch?v=RHNJZUpnqLA                                                               https:\/\/www.youtube.com\/watch?v=oyEvwxk8Jgs<\/p>\n<p>-&#8220;Bienvenue sur Webland&#8221; de Christophe Al\u00e9v\u00eaque (St\u00e9phane Hilarion; vid\u00e9o) :  http:\/\/culturebox.francetvinfo.fr\/livres\/essais-documents\/bienvenue-a-webland-christophe-aleveque-pointe-les-derives-d-internet-249307#xtor <\/p>\n<p>-&#8220;Merci pour les sanctions&#8221; (Cyril Hanouna au CSA; cit\u00e9 par Samuel Gontier) :                                                                                                                                                                                            http:\/\/television.telerama.fr\/television\/grand-seigneur-cyril-hanouna-dit-merci-au-csa-pour-les-sanctions,150574.php#xtor<\/p>\n<p>-Les objets du chroniqueur J\u00e9r\u00f4me Bonaldi (son) : http:\/\/www.sudradio.fr\/Podcasts\/L-invite-pour-comprendre\/Jerome-Bonaldi-journaliste-chroniqueur-radio-et-television<\/p>\n<p>-8 millions de t\u00e9l\u00e9spectateurs ont regard\u00e9 le d\u00e9bat Fillon-Jupp\u00e9 (vid\u00e9o) :            http:\/\/www.europe1.fr\/emissions\/les-audiences\/debat-de-lentre-deux-tours-tf1-et-france-2-se-partage-le-gateau-2910770<\/p>\n<p><strong>-Avant le d\u00e9bat, Mathieu Mad\u00e9nian et Thomas VDB leur avaient adress\u00e9 un message (vid\u00e9o) : <\/strong> http:\/\/www.france2.fr\/emissions\/actuality\/videos\/le_message_de_mathieu_madenian_thomas_vdb_pour_alain_juppe_et_francois_fillon_actuality_24-11-2016_1401401?onglet<\/p>\n<p><strong>-L&#8217;humeur de Philippe Vandel (vid\u00e9o)<\/strong> : https:\/\/www.franceinter.fr\/emissions\/l-humeur-de-philippe-vandel\/l-humeur-de-philippe-vandel-25-novembre-2016<\/p>\n<p>-&#8220;C&#8217;est la facilit\u00e9 de taper sur les journalistes&#8221; (Bruce Toussaint; vid\u00e9o) :            http:\/\/www.europe1.fr\/emissions\/l-invite-medias\/bruce-toussaint-cest-la-facilite-de-taper-sur-les-journalistes-2910791<\/p>\n<p><strong>-&#8220;Ah, ces fonctionnaires&#8221; (Patrick Cohen; son) : <\/strong> https:\/\/www.franceinter.fr\/emissions\/le-7h43\/le-7h43-25-novembre-2016<\/p>\n<p>-&#8220;D\u00e9bat entre un m\u00e9decin l\u00e9giste et un directeur des imp\u00f4ts&#8221; (Charline Vanhoenacker; vid\u00e9o) : https:\/\/www.franceinter.fr\/emissions\/le-billet-de-charline-vanhoenacker\/le-billet-de-charline-vanhoenacker-25-novembre-2016<\/p>\n<p><strong>-&#8220;Demande d&#8217;asile, merci de fournir un certificat de torture&#8221; (Fran\u00e7ois Morel; vid\u00e9o) <\/strong> : https:\/\/www.franceinter.fr\/emissions\/le-billet-de-francois-morel\/le-billet-de-francois-morel-25-novembre-2016<\/p>\n","protected":false},"excerpt":{"rendered":"<p>ACTUALITE -&#8220;Le dialogue social n&#8217;existe plus, il n&#8217;y a que le monologue. Dans quels services, quelles territorialit\u00e9s on doit diminuer des agents publics ? Le mod\u00e8le social existe, il a permis de mieux de r\u00e9sister \u00e0 la crise. Ils ont le m\u00eame programme. La loi Travail n&#8217;est pas \u00e0 minima, elle ouvre la porte. Il [&hellip;]<\/p>\n","protected":false},"author":1042,"featured_media":0,"comment_status":"open","ping_status":"open","sticky":false,"template":"","format":"standard","meta":{"_themeisle_gutenberg_block_has_review":false,"footnotes":""},"categories":[151],"tags":[],"class_list":["post-10032","post","type-post","status-publish","format-standard","hentry","category-la-revue-de-presse-de-lulu"],"_links":{"self":[{"href":"https:\/\/archives.regards.fr\/index.php?rest_route=\/wp\/v2\/posts\/10032","targetHints":{"allow":["GET"]}}],"collection":[{"href":"https:\/\/archives.regards.fr\/index.php?rest_route=\/wp\/v2\/posts"}],"about":[{"href":"https:\/\/archives.regards.fr\/index.php?rest_route=\/wp\/v2\/types\/post"}],"author":[{"embeddable":true,"href":"https:\/\/archives.regards.fr\/index.php?rest_route=\/wp\/v2\/users\/1042"}],"replies":[{"embeddable":true,"href":"https:\/\/archives.regards.fr\/index.php?rest_route=%2Fwp%2Fv2%2Fcomments&post=10032"}],"version-history":[{"count":0,"href":"https:\/\/archives.regards.fr\/index.php?rest_route=\/wp\/v2\/posts\/10032\/revisions"}],"wp:attachment":[{"href":"https:\/\/archives.regards.fr\/index.php?rest_route=%2Fwp%2Fv2%2Fmedia&parent=10032"}],"wp:term":[{"taxonomy":"category","embeddable":true,"href":"https:\/\/archives.regards.fr\/index.php?rest_route=%2Fwp%2Fv2%2Fcategories&post=10032"},{"taxonomy":"post_tag","embeddable":true,"href":"https:\/\/archives.regards.fr\/index.php?rest_route=%2Fwp%2Fv2%2Ftags&post=10032"}],"curies":[{"name":"wp","href":"https:\/\/api.w.org\/{rel}","templated":true}]}}