{"id":10031,"date":"2016-11-25T07:38:44","date_gmt":"2016-11-25T06:38:44","guid":{"rendered":"https:\/\/wp.muchomaas.com\/article-la-revue-du-25-novembre-2016\/"},"modified":"2023-06-23T23:23:31","modified_gmt":"2023-06-23T21:23:31","slug":"article-la-revue-du-25-novembre-2016","status":"publish","type":"post","link":"https:\/\/archives.regards.fr\/?p=10031","title":{"rendered":"La Revue du 25 novembre 2016"},"content":{"rendered":"<strong>ACTUALITE<\/strong>\n\n<strong>-Manon Karnoa, 16 ans, fille d&#8217;un producteur de lait du Finist\u00e8re, interrog\u00e9e par Jean-Jacques Bourdin (son) :   <\/strong>                                                                                                                                      http:\/\/rmc.bfmtv.com\/mediaplayer\/video\/la-lettre-de-la-fille-d-un-producteur-de-lait-il-m-a-dit-qu-il-etait-tres-fier-888169.html\n\n-L\u00e9g\u00e8re baisse des chiffres du ch\u00f4mage au mois d&#8217;octobre (avec la r\u00e9action de la ministre du Travail; vid\u00e9o) :                                                                        http:\/\/bfmbusiness.bfmtv.com\/observatoire\/le-chomage-baisse-pour-le-deuxieme-mois-consecutif-1063157.html\n\n<em>-&#8220;Toujours pas de baisse significative et la pr\u00e9carit\u00e9 de plus en plus grande&#8221; (la CGT) <\/em> : http:\/\/www.cgt.fr\/TOUJOURS-PAS-DE-BAISSE.html\n\n-&#8220;Et sinon, comment \u00e7a va au travail ?&#8221;. Selon &#8216;L&#8217;Usine Nouvelle&#8221;, l&#8217;enqu\u00eate de la CFDT &#8220;connait un succ\u00e8s fulgurant&#8221; (C\u00e9cile Maillard) :                                                                   http:\/\/www.usinenouvelle.com\/article\/et-sinon-comment-ca-va-au-travail.N467168 \n\n<em>-L&#8217;enqu\u00eate en ligne : <\/em>  https:\/\/www.parlonstravail.fr\/                                                                      \n\n<strong>-&#8220;En France, un grand dirigeant gagne 5 millions d&#8217;euros par an&#8221; (C\u00e9dric Soares) :<\/strong>                                                                                                                                                       http:\/\/www.usinenouvelle.com\/editorial\/en-france-un-grand-dirigeant-gagne-5-millions-d-euros-par-an.N464208\n\n-&#8220;Les d\u00e9parts \u00e0 l&#8217;\u00e9tranger des contribuables ais\u00e9s ne faiblissent pas&#8221; (Ingrid Feueurstein) :                                                                                                                                                                         http:\/\/www.lesechos.fr\/economie-france\/budget-fiscalite\/0211524684690-exil-fiscal-les-departs-a-letranger-des-contribuables-aises-ne-faiblissent-pas-2045144.php#xtor\n\n<strong>-&#8220;Dans le XVe arrondissement de Paris, des enfants d\u00e9favoris\u00e9s priv\u00e9s de cantine&#8221; (Sylvain Mouillard) :      <\/strong>                                                                                                                                       http:\/\/www.liberation.fr\/france\/2016\/11\/23\/dans-le-xve-arrondissement-des-enfants-defavorises-prives-de-cantine_1530356\n\n-&#8220;La fraude aux prestations sociales&#8221; (Charles Prats, magistrat \u00e0 la cour d&#8217;appel de Paris; interrog\u00e9 par David Pavlenko; son) :                                                                                                           http:\/\/www.sudradio.fr\/Podcasts\/L-invite-pour-comprendre\/Charles-Prats-magistrat-a-la-cour-d-appel-de-Paris2\n\n-&#8220;L&#8217;autre d\u00e9fi du prochain Pr\u00e9sident pour r\u00e9cup\u00e9rer des milliards&#8221; :                                                                                                                                                                                                     https:\/\/blogs.mediapart.fr\/charles-prats\/blog\/231116\/la-fraude-sociale-lautre-defi-du-prochain-president-pour-recuperer-des-milliards\n\n-&#8220;Les arnaques de la sant\u00e9&#8221; (Michel Cym\u00e8s; son) : http:\/\/www.sudradio.fr\/Podcasts\/L-invite-pour-comprendre\/Michel-Cymes-medecin-animateur-du-Magazine-de-la-Sante\n\n<strong>-Des m\u00e9dicaments, &#8220;nous en payons entre 10 et12 milliards par an absolument pour rien&#8221; (le professeur Philippe Even, invit\u00e9 de Marc-Olivier Fogiel; vid\u00e9o) : <\/strong>     http:\/\/www.rtl.fr\/actu\/societe-faits-divers\/medicaments-nous-payons-entre-10-et-12-milliards-par-an-absolument-pour-rien-7785941956\n\n-Un laboratoire japonais va licencier pr\u00e8s de 300 visiteurs m\u00e9dicaux (vid\u00e9o) :           \nhttp:\/\/www.francetvinfo.fr\/economie\/emploi\/visiteurs-medicaux-pres-de-300-emplois-sur-la-sellette_1936939.html\n\n<strong>-&#8220;Areva s&#8217;appr\u00eate \u00e0 se vendre partiellement&#8221; (Fran\u00e7ois Lenglet; vid\u00e9o) : <\/strong>               http:\/\/www.rtl.fr\/actu\/societe-faits-divers\/nucleaire-areva-s-apprete-a-se-vendre-partiellement-7785948882 \n\n-Premier vol d&#8217;essai de l&#8217;Airbus A350-1000 (Bruno Tr\u00e9vidic) :                                                                                                                                                                                                                       http:\/\/www.lesechos.fr\/industrie-services\/air-defense\/0211523827917-lairbus-a350-1000-senvole-avec-le-boeing-777-pour-cible-2045181.php#xtor\n\n-&#8220;C&#8217;est beaucoup mieux que ce que j&#8217;avais imagin\u00e9&#8221; (Thomas Pesquet \u00e0 bord de la station internationale; vid\u00e9o) :                                                                                                                                    http:\/\/www.lexpress.fr\/actualite\/sciences\/thomas-pesquet-je-suis-super-content-d-etre-la_1853345.html?PMSRC_CAMPAIGN\n\n<strong>-&#8220;Jacqueline Sauvage, symbole de la lutte contre les violences faites aux femmes&#8221; (Yolaine de la Bigne; son) : <\/strong>                                                                                                                                    http:\/\/www.sudradio.fr\/Podcasts\/Quelle-epoque-ethique\/Jacqueline-Sauvage-ou-les-violences-faites-a-une-femme-symbole\n\n-Sa demande de lib\u00e9ration \u00e0 nouveau rejet\u00e9e : http:\/\/www.lemonde.fr\/societe\/article\/2016\/11\/24\/la-demande-de-liberation-de-jacqueline-sauvage-de-nouveau-rejetee_5037332_3224.html\n\n<strong>-Matthieu Bourrette, procureur de la R\u00e9publique de Reims, a d\u00e9cid\u00e9 de consacr\u00e9 toute une audience aux violences faites aux femmes (vid\u00e9o) : <\/strong> http:\/\/www.rtl.fr\/actu\/societe-faits-divers\/les-violences-faites-aux-femmes-une-priorite-de-politique-penale-selon-matthieu-bourrette-7785955230\n\n-&#8220;D\u00e8s la semaine prochaine, on pourra prescrire beaucoup plus de syst\u00e8mes anti-d\u00e9marrage, contre la consommation d&#8217;alcool au volant&#8221; (Emmanuel Barbe, d\u00e9l\u00e9gu\u00e9 interminist\u00e9riel \u00e0 la s\u00e9curit\u00e9 roti\u00e8re; son) : http:\/\/www.sudradio.fr\/Podcasts\/L-invite-pour-comprendre\/Emmanuel-Barbe-delegue-interministeriel-a-la-securite-routiere4\n\n-Beaumont-sur-Oise s&#8217;enflamme \u00e0 nouveau apr\u00e8s l&#8217;arrestation de deux fr\u00e8res d&#8217;Adama Traor\u00e9 (vid\u00e9o) :  http:\/\/www.francetvinfo.fr\/faits-divers\/incendie\/beaumont-sur-oise-nouveaux-incidents_1936965.html\n\n<strong>-&#8220;Chez Veolia, le banquet des fauves&#8221; (Martine Orange; pi\u00e8ce jointe);<\/strong>\n\n-&#8220;Aujourd&#8217;hui, les djihadistes ont un agenda, une m\u00e9thode et un projet. Ben Laden n&#8217;avait pas r\u00e9ussi \u00e0 le faire&#8221; (Jean-Louis Brugui\u00e8re, ancien juge antiterroriste; face \u00e0 Dimitri Pavlenko; son) : http:\/\/www.sudradio.fr\/Podcasts\/L-invite-pour-comprendre\/Jean-Louis-Bruguiere-ancien-juge-antiterroriste\n\n<strong>POLITIQUE<\/strong>\n\n<strong>-&#8220;Le premier diviseur, c&#8217;est Jean-Luc M\u00e9lenchon qui est parti en premier. On n&#8217;est pas des petits soldats aux ordres d&#8217;un homme providentiel. Ce que je porte, avec d&#8217;autres communistes, c&#8217;est la conception d&#8217;un rassemblement, qui fait qu&#8217;au lieu de se replier, on construise un renouveau de la gauche dans son ensemble. Je souhaite que les communistes votent massivement pour qu&#8217;on pr\u00e9sente un candidat avec la volont\u00e9 de rassembler pas d&#8217;isoler&#8221; (Andr\u00e9 Chassaigne, pr\u00e9sident du groupe des d\u00e9put\u00e9s communistes et du Front de gauche; interrog\u00e9 par Eric Delveaux; son) : <\/strong> https:\/\/www.franceinter.fr\/emissions\/l-invite-du-5-7\/l-invite-du-5-7-24-novembre-2016\n\n-&#8220;Andr\u00e9 Chassaigne a peur de perdre son si\u00e8ge&#8221; (Francis Parny) :                \nhttps:\/\/blogs.mediapart.fr\/francis-parny\/blog\/241116\/andre-chassaigne-peur-de-perdre-son-siege\n\n-&#8220;Il y a un risque d&#8217;explosion de la soci\u00e9t\u00e9 fran\u00e7aise avec Fran\u00e7ois Fillon&#8221; (G\u00e9rard Filoche, membre du Bureau national du PS, candidat \u00e0 la primaire; interrog\u00e9 par Audrey Crespo-Mara; vid\u00e9o) :  http:\/\/www.lci.fr\/replay\/replay-l-invite-politique-du-24-novembre-2016-gerard-filoche-2014153.html   \n\n<strong>-&#8220;4 millions de nos concitoyens  se sont saisis d&#8217;un processus d\u00e9mocratique pour choisir des candidats qui ne sont pas ceux des sondages et des m\u00e9dias. Fillon fait des propositions extr\u00eamement dures et brutales. J&#8217;appelle Emmanuel Macron \u00e0 venir pr\u00e9senter son programme dans la primaire. On ne peut pas lever un espoir sur un \u00e9chec. Je propose aux \u00e9lecteurs de droite qui le souhaitent \u00e0 venir et \u00e0 utiliser ma candidature pour battre Fran\u00e7ois Hollande&#8221;  (Arnaud Montebourg, face \u00e0 Elisabeth Martichoux; vid\u00e9o) :        <\/strong>                           http:\/\/www.rtl.fr\/actu\/politique\/montebourg-invite-macron-a-exposer-son-programme-a-la-primaire-socialiste-7785949040           \n\n-&#8220;Si Fran\u00e7ois Hollande est candidat \u00e0 la primaire, il a toutes les chances d&#8217;\u00eatre battu par n&#8217;importe qui. Il a perdu la confiance de ses propres troupes, de ses \u00e9lus, je ne parle m\u00eame pas de l&#8217;opinion publique. Il ne voit plus la France qu&#8217;\u00e0 travers son propre destin, c&#8217;est un tr\u00e8s grand probl\u00e8me&#8221; (Malek Boutih, d\u00e9put\u00e9 PS de l&#8217;Essonne, qui estime que Manuel Valls est la seule personne capable de rassembler la gauche; face \u00e0 Ruth Elkrief) :    http:\/\/www.bfmtv.com\/mediaplayer\/video\/ruth-888449.html                                                                                                                                           \n\n-&#8220;On ne peut pas laisser Fran\u00e7ois Hollande \u00eatre candidat&#8221; (propos recueillis par Solenn de Royer) :                                                            http:\/\/www.lefigaro.fr\/elections\/presidentielles\/2016\/11\/23\/35003-20161123ARTFIG00360-malek-boutih-on-ne-peut-pas-laisser-francois-hollande-etre-candidat.php\n\n-&#8220;Supprimer l&#8217;ISF, ce n&#8217;est pas ce que souhaitent les Fran\u00e7ais&#8221; (le secr\u00e9taire d&#8217;Etat Christian Eckert, interrog\u00e9 par Jean-Paul Chapel; vid\u00e9o) :                                                                                             http:\/\/www.francetvinfo.fr\/economie\/budget\/video-budget-supprimer-lisf-ce-nest-pas-ce-que-souhaitent-les-francais-selon-christian-eckert_1936851.html\n\n-&#8220;La victoire de Fran\u00e7ois Fillon ne ferait que rajouter de la d\u00e9sillusion&#8221; (Arnaud Leroy, d\u00e9put\u00e9 PS,  soutien d&#8217;Emmanuel Macron; face \u00e0 Fr\u00e9d\u00e9ric Rivi\u00e8re; vid\u00e9o) :                                                                  http:\/\/www.rfi.fr\/video\/20161124-leroy-victoire-f-fillon-primaire-ferait-rajouter-desillusion\n\n-&#8220;Emmanuel Macron d\u00e9fend un projet social-lib\u00e9ral, \u00e0 milles lieues de celui de Fran\u00e7ois Fillon&#8221; (Nathalie Raulin) :                                                                                                                         http:\/\/www.liberation.fr\/france\/2016\/11\/23\/macron-glisse-sur-des-pistes-d-esquisses_1530468?xtor\n\n-Des militants de la CGT l&#8217;attendaient (vid\u00e9o) : http:\/\/www.itele.fr\/politique\/video\/la-cgt-fait-irruption-a-la-premiere-seance-de-dedicaces-de-macron-171709\n\n-&#8220;Nous sommes en train de vivre une s\u00e9rie de r\u00e9volutions. La France doit entrer dans le 21e si\u00e8cle. La vraie diff\u00e9rence, c&#8217;est entre les conservateurs et les progressistes. Je n&#8217;ai jamais cach\u00e9 que j&#8217;avais certaines convergences avec Alain Jupp\u00e9&#8221; (il \u00e9tait l&#8217;invit\u00e9 du &#8220;13 heures&#8221; de France 3; interrog\u00e9 par Emilie Tran Nguyen; vid\u00e9o) : http:\/\/www.francetvinfo.fr\/politique\/emmanuel-macron\/emmanuel-macron-la-france-doit-rentrer-dans-le-21e-siecle_1937061.html\n\n<strong>-&#8220;Ce qu&#8217;il faut retenir du d\u00e9bat Fillon-Jupp\u00e9&#8221; (vid\u00e9os) :  <\/strong>                               http:\/\/www.francetvinfo.fr\/politique\/les-republicains\/primaire-de-la-droite\/videos-primaire-de-la-droite-les-sequences-qu-il-ne-fallait-pas-rater-pendant-le-debat-fillon-juppe_1937349.html#xtor                                                http:\/\/www.lemonde.fr\/election-presidentielle-2017\/article\/2016\/11\/25\/ce-qu-il-faut-retenir-du-debat-fillon-juppe_5037604_4854003.html#xtor                       http:\/\/www.bfmtv.com\/politique\/debat-de-la-primaire-a-droite-ce-qu-il-faut-retenir-de-la-derniere-confrontation-1063265.html\n\n<em>-Le sondage \u00e0 l&#8217;issue du d\u00e9bat (ELABE) <\/em> : http:\/\/www.bfmtv.com\/politique\/primaire-a-droite-fillon-juge-le-plus-convaincant-du-debat-face-a-juppe-1063270.html\n\n-&#8220;Il y a eu une petite tension dans les deux premiers jours apr\u00e8s les r\u00e9sultats du premier tour&#8221; (Edouard Philippe, d\u00e9put\u00e9 LR de Seine-Maritime, porte-parole d&#8217;Alain Jupp\u00e9; face \u00e0 Guillaume Durand; vid\u00e9o) : http:\/\/www.dailymotion.com\/video\/x53bx6o\n\n<strong>-&#8220;Pourquoi mon projet est r\u00e9aliste&#8221; (Fran\u00e7ois Fillon dans &#8220;Les Echos&#8221; : <\/strong> http:\/\/www.lesechos.fr\/idees-debats\/cercle\/0211520880427-francois-fillon-pourquoi-mon-projet-realiste-2044821.php\n\n-&#8220;Trois intox sur lui&#8221; (Samuel Laurent et Adrien S\u00e9n\u00e9cat) : http:\/\/www.lemonde.fr\/les-decodeurs\/article\/2016\/11\/24\/femmes-au-foyer-ivg-islamisme-trois-intox-sur-francois-fillon_5036928_4355770.html\n\n-215 parlementaires d\u00e9noncent les attaques contre lui : http:\/\/www.lefigaro.fr\/vox\/politique\/2016\/11\/23\/31001-20161123ARTFIG00388-primaire-ensemble-elevons-le-debat.php\n\n-&#8220;Supprimer 500 000 fonctionnaires, non seulement c&#8217;est r\u00e9aliste mais c&#8217;est n\u00e9cessaire&#8221; (Serge Grouard, d\u00e9put\u00e9 LR du Loiret; face \u00e0 Jean-Paul Chapel; vid\u00e9o) :                                                http:\/\/www.francetvinfo.fr\/politique\/les-republicains\/primaire-de-la-droite\/video-francois-fillon-supprimer-500-000-fonctionnaires-cest-realiste-selon-le-depute-serge-grouard_1933461.html\n\n<strong>-&#8220;Le centre est compatible avec Fran\u00e7ois Fillon&#8221;. Si Fran\u00e7ois Bayrou \u00e9tait candidat, &#8220;je soutiendrai le vainqueur de la primaire et pas du tout&#8221; le patron du Modem.  (Philippe Vigier, pr\u00e9sident du groupe UDI \u00e0 l&#8217;Assembl\u00e9e nationale; vid\u00e9o) :<\/strong> http:\/\/www.itele.fr\/chroniques\/invite-michael-darmon\/philippe-vigier-le-centre-est-compatible-avec-francois-fillon-171688\n\n-&#8220;Une candidature centriste n&#8217;est pas du tout \u00e0 l&#8217;ordre du jour&#8221; (Chantal Jouanno, s\u00e9natrice UDI de Paris et soutien d&#8217;Alain Jupp\u00e9; face \u00e0 Thomas Sotto; vid\u00e9o) :  http:\/\/www.europe1.fr\/emissions\/l-interview-verite\/chantal-jouanno-une-candidature-centriste-nest-pas-du-tout-a-lordre-du-jour-2909594\n\n-&#8220;Fran\u00e7ois Fillon a su cr\u00e9er une dynamique de rassemblement. Il a compris la complexit\u00e9 de la droite fran\u00e7aise. En deux mois, elle a gagn\u00e9 20 ans&#8221; (Luc Chatel, d\u00e9put\u00e9 LR de la Haute-Marne et soutien de Fran\u00e7ois Fillon; face \u00e0 Jean-Pierre Elkabbach; vid\u00e9o) : http:\/\/www.europe1.fr\/emissions\/l-interview-politique\/second-tour-de-la-primaire-dynamique-francois-fillon-dignite-de-nicolas-sarkozy-attaques-de-juppe-et-programmes-des-candidats-luc-chatel-repond-aux-questions-de-jean-pierre-elkabbach-2909624\n\n-&#8220;J&#8217;irai voter pour Fran\u00e7ois Fillon. Il d\u00e9fend des valeurs qui me vont bien. J&#8217;aurais trouv\u00e9 \u00e9l\u00e9gant qu&#8217;Alain Jupp\u00e9 se retire&#8221; (Nadine Morano, eurod\u00e9put\u00e9e LR; face \u00e0 Jean-Jacques Bourdin; vid\u00e9o) :           http:\/\/www.bfmtv.com\/mediaplayer\/video\/nadine-morano-face-a-jean-jacques-bourdin-en-direct-888155.html\n\n-&#8220;Mon choix de soutenir Alain Jupp\u00e9 n&#8217;est pas un choix de carri\u00e8re. C&#8217;est important qu&#8217;il y ait ce d\u00e9bat d&#8217;entre-deux tours entre deux lignes diff\u00e9rentes&#8221; (NKM, d\u00e9put\u00e9e LR de l&#8217;Essonne; face \u00e0 L\u00e9a Salam\u00e9; vid\u00e9o) :                                                        https:\/\/www.franceinter.fr\/emissions\/l-invite-de-7h50\/l-invite-de-7h50-24-novembre-2016\n\n<strong>-&#8220;Cette primaire est dans la logique, caricaturale et destructrice. Des candidats qui sautent sur leur si\u00e8ge pour dire : &#8220;c&#8217;est moi qui suis le plus \u00e0 droite !&#8221;. On va voir si les Fran\u00e7ais vont accepter ces programmes, eux qui sont descendus dans la rue contre la loi Travail qui n&#8217;\u00e9tait pas grand-chose&#8221; (Henry Guaino, d\u00e9put\u00e9 LR des Yvelines; face \u00e0 Caroline Roux; vid\u00e9o) : <\/strong> http:\/\/www.france2.fr\/emissions\/telematin\/actu\/les-4-verites-henri-guaino_527153\n\n-&#8220;La seule vrai diff\u00e9rence entre les deux candidats porte sur la politique \u00e9trang\u00e8re. Au plan \u00e9conomique, il n&#8217;y a aucune diff\u00e9rence de nature, c&#8217;est pour que cela que le d\u00e9bat s&#8217;est d\u00e9plac\u00e9 sur l&#8217;avortement&#8221; (l&#8217;\u00e9conomiste Nicolas Bouzou; vid\u00e9o) : http:\/\/www.dailymotion.com\/video\/x536097_la-seule-vraie-difference-entre-les-deux-candidats-porte-sur-la-politique-etrangere-nicolas-bouzou_news\n\n<strong>-&#8220;Fillon, Jupp\u00e9 et l&#8217;environnement&#8221; (Nathalie Fontrel; son) :    <\/strong>                       https:\/\/www.franceinter.fr\/emissions\/planete-environnement\/planete-environnement-24-novembre-2016\n\n<em>-L&#8217;environnement et la pr\u00e9sidentielle 2017 (IFOP) <\/em>  : http:\/\/www.ifop.com\/?option=com_publication&#038;type=poll&#038;id=3566\n\n-&#8220;Alain Jupp\u00e9 doit continuer ses attaques contre son adversaire&#8221; (Christophe Barbier; vid\u00e9o) :                                                                                                                                                   http:\/\/www.bfmtv.com\/mediaplayer\/video\/l-edito-de-christophe-barbier-alain-juppe-doit-continuer-ses-attaques-contre-son-adversaire-888147.html\n\n-Fillon, au point d&#8217;\u00e9quilibre de la droite, Jupp\u00e9 \u00e0 celui de la soci\u00e9t\u00e9&#8221; (Alain Duhamel; vid\u00e9o) : http:\/\/www.rtl.fr\/actu\/politique\/primaire-de-la-droite-fillon-au-point-d-equilibre-de-la-droite-juppe-a-celui-de-la-societe-juge-alain-duhamel-7785941750\n\n-&#8220;S&#8217;il surmonte ses trois principaux handicaps, Jupp\u00e9 peut l&#8217;emporter&#8221; (Yves Thr\u00e9ard; vid\u00e9o) : http:\/\/www.europe1.fr\/emissions\/ledito-politique-dyves-threard\/juppe-peut-il-encore-gagner-2909489\n\n-&#8220;Fran\u00e7ois Fillon recycle l&#8217;antisyst\u00e8me de Nicolas Sarkozy&#8221; (Thomas Legrand; son) : https:\/\/www.franceinter.fr\/emissions\/l-edito-politique\/l-edito-politique-24-novembre-2016\n\n-Les enjeux du dernier d\u00e9bat pour Alba Ventura (vid\u00e9o) : http:\/\/www.rtl.fr\/actu\/politique\/primaire-de-la-droite-les-enjeux-du-troisieme-debat-decryptes-par-alba-ventura-7785948547\n\n<em>-Les intentions de vote (IFOP) :<\/em> http:\/\/www.ifop.com\/?option=com_publication&#038;type=poll&#038;id=3567\n\n<em>-Le candidat le plus \u00e0 m\u00eame de redresser la situation \u00e9conomique et les propositions de temps de travail (OPINION-WAY) :<\/em> http:\/\/www.opinion-way.com\/pdf\/opinionway_pour_tilder_-_lci_-_la_question_de_l_eco_-_novembre_2016.pdf\n\n-&#8220;L&#8217;hypoth\u00e8se de croissance retenue pour le budget 2007 ne peut pas \u00eatre atteinte. C&#8217;est un budget d&#8217;affichage&#8221;  (le s\u00e9nateur LR Alb\u00e9ric de Montgolfier, rapporteur de la commission des Finances; interrog\u00e9 par Nicolas Pierron; vid\u00e9o) : http:\/\/www.dailymotion.com\/video\/x53btjm_cette-annee-l-hypothese-de-croissance-retenue-ne-peut-etre-atteinte-alberic-de-montgolfier-24-11-20_news\n\n-&#8220;J&#8217;estime Fran\u00e7ois Fillon mais il a vot\u00e9 le trait\u00e9 de Lisbonne et veut mettre en oeuvre un programme qui sera un \u00e9chec total. Je ne veux pas qu&#8217;il se passe \u00e0 droite ce qui s&#8217;est pass\u00e9 avec Fran\u00e7ois Hollande&#8221; (Nicolas Dupont-Aignan, face \u00e0 Ruth Elkrief; vid\u00e9o) : http:\/\/www.bfmtv.com\/mediaplayer\/video\/nicolas-dupont-aignan-face-a-ruth-elkrief-888459.html\n\n-&#8220;Fillon, c&#8217;est Jupp\u00e9 sans l&#8217;exp\u00e9rience et Sarkozy sans l&#8217;\u00e9nergie&#8221; (Nicolas Bay, secr\u00e9taire g\u00e9n\u00e9ral du FN; face \u00e0 Guillaume Durand; vid\u00e9o) :                                                                            http:\/\/www.dailymotion.com\/video\/x536fwx_fillon-c-est-juppe-sans-l-experience-et-sarkozy-sans-l-energie-nicolas-bay-23-11-2016_news\n\n-&#8220;La baisse du ch\u00f4mage est enti\u00e8rement artificielle. Incapable de s&#8217;attaquer au ch\u00f4mage, le gouvernement s&#8217;attaque aux ch\u00f4meurs&#8221; (vid\u00e9o) : http:\/\/www.itele.fr\/chroniques\/invite-galzi-jusqua-minuit\/linvite-politique-dolivier-galzi-du-24112016-171710\n\n-&#8220;C&#8217;est Thatcher, mais avec 30 ans de retard. Il ne me fait absolument pas peur. Je vais regarder le d\u00e9bat&#8221; (Florian Philippot, eurod\u00e9put\u00e9 FN; invit\u00e9 de la matinale de Franceinfo; vid\u00e9o) :                                 http:\/\/www.dailymotion.com\/video\/x53bywl_pour-florian-philippot-francois-fillon-c-est-thatcher-avec-30-ans-de-retard_news\n\n-&#8220;Fran\u00e7ois Fillon est le Ars\u00e8ne Lupin de l&#8217;extr\u00eame-droite. Il nous pique tout&#8221; (Gilbert Collard, d\u00e9put\u00e9 RBM-FM; vid\u00e9o) : http:\/\/www.europe1.fr\/politique\/gilbert-collard-francois-fillon-est-le-arsene-lupin-de-lextreme-droite-2909345\n\n-Il \u00e9tait l&#8217;invit\u00e9 du &#8220;Club de la Pesse&#8221; d&#8217;Europe 1 (son) :                                      http:\/\/www.europe1.fr\/emissions\/le-club-de-la-presse\/europe-soir-le-club-de-la-presse-gilbert-collard-et-augustin-de-romanet-23112016-2909369 \n\n<strong>-&#8220;La dangereuse c\u00e9cit\u00e9 des sondeurs&#8221; (la psychanalyste Genevi\u00e8ve Delaisi de Parseval) :      <\/strong>                                                                                                                                                                   http:\/\/www.liberation.fr\/debats\/2016\/11\/24\/rouge-trump-et-bleu-fillon-la-dangereuse-cecite-des-sondeurs_1530422?xtor\n\n<strong>EUROPE-MONDE<\/strong>\n\n<strong>-&#8220;Les naufrag\u00e9s de la M\u00e9diterran\u00e9es&#8221; (\u00e0 bord de &#8220;L&#8217;Aquarius&#8221;, bateau humanitaire, une \u00e9quipe de BFMTV; vid\u00e9o) :<\/strong>                                                                                                                           http:\/\/www.bfmtv.com\/mediaplayer\/video\/les-naufrages-de-la-mediterranee-888067.html\n\n-&#8220;La plupart viennent de l&#8217;Afrique de l&#8217;Ouest&#8221; (Antoine Bonnetier, reporter qui \u00e9tait \u00e0 bord de &#8220;L&#8217;Aquarius&#8221;; vid\u00e9o) :                                                                                                                          http:\/\/www.bfmtv.com\/mediaplayer\/video\/naufrages-de-la-mediterranee-la-plupart-viennent-d-afrique-de-l-ouest-antoine-bonnetier-888091.html\n\n-Le d\u00e9part du socialiste allemand Martin Schulz devrait laisser la pr\u00e9sidence du Parlement europ\u00e9en \u00e0 la droite (Aline Robert) :                                                                                                              http:\/\/www.euractiv.fr\/section\/politique\/news\/le-retrait-de-schulz-devrait-laisser-la-tete-du-parlement-europeen-a-la-droite\/?nl_ref=25566045\n\n-L&#8217;Union europ\u00e9enne a essuy\u00e9 plus d&#8217;une centaine de cyberattaques en un an (Aline Robert) :                                                                                                                                                    http:\/\/www.euractiv.fr\/section\/justice-affaires-interieures\/news\/lue-a-essuye-plus-dune-centaine-de-cyberattaques-en-un-an\/?nl_ref=25566045\n\n-Elle tente de s&#8217;\u00e9quiper &#8220;contre la propagande russe&#8221; (Catherine Stupp) :                                                                                                                                                                                                   http:\/\/www.euractiv.fr\/section\/l-europe-dans-le-monde\/news\/parliament-votes-to-expand-eu-units-that-debunk-online-propaganda\/?nl_ref=25566045\n\n<strong>-Elle va mettre en place, \u00e0 partir de 2021, un contr\u00f4le sur la cha\u00eene d&#8217;approvisionnement des &#8220;minerais du sang&#8221; (C\u00e9cile Barbi\u00e8re) :<\/strong>                                                                                                http:\/\/www.euractiv.fr\/section\/innovation-entreprises\/news\/leurope-pourrait-controler-les-minerais-de-conflit-dans-5-ans\/?nl_ref=25566045\n\n<strong>-L&#8217;union de l&#8217;\u00e9nergie reste \u00e0 faire <\/strong> : http:\/\/www.euractiv.fr\/section\/energie\/news\/eu-throws-in-the-towel-over-national-energy-support-schemes\/?nl_ref=25566045\n\n-&#8220;Le sommet Union europ\u00e9enne-Ukraine hant\u00e9 par l&#8217;\u00e9lection de Trump&#8221; (Georgi Gotev) :                                                                                                                                                                   http:\/\/www.euractiv.fr\/section\/l-europe-dans-le-monde\/news\/trumps-russia-policy-looms-large-over-eu-ukraine-summit\/?nl_ref=25566045\n\n<strong>-&#8220;Brexit, le gouvernement britannique privil\u00e9gie l&#8217;investissement&#8221; (Romaric Godin) :<\/strong>                                                                                                                                                                                             http:\/\/www.latribune.fr\/economie\/union-europeenne\/brexit-le-gouvernement-britannique-donne-la-priorite-a-l-investissement-619261.html\n\n-Prison \u00e0 vie pour le meurtrier de la d\u00e9put\u00e9e britannique Jo Kox (vid\u00e9o) : http:\/\/nr.news-republic.com\/Web\/ArticleWeb.aspx?regionid=2&#038;articleid=78296542\n\n-En Espagne, pro et anti-corridas s&#8217;affrontent (son) : http:\/\/www.rfi.fr\/video\/20161123-pros-anti-corridas-s-affrontent-espagne\n\n-Vols tr\u00e8s perturb\u00e9s par une gr\u00e8ve des pilotes de la Lufthansa (vid\u00e9o) : http:\/\/nr.news-republic.com\/Web\/ArticleWeb.aspx?regionid=2&#038;articleid=78282816\n\n-&#8220;Le droit \u00e0 l&#8217;eau potable grav\u00e9 dans la constitution slov\u00e8ne&#8221; (St\u00e9phanie Senet) :                                                                                                                                                                                    http:\/\/www.euractiv.fr\/section\/justice-affaires-interieures\/news\/le-droit-a-leau-potable-grave-dans-la-constitution-slovene\/?nl_ref=25566045\n\n<strong>-&#8220;La croissance insoup\u00e7onn\u00e9e des start-up palestinienne&#8221; (Chlo\u00e9 Rouveyrolles) : <\/strong> http:\/\/www.liberation.fr\/planete\/2016\/11\/24\/la-croissance-insoupconnee-des-start-up-palestiniennes_1530447?xtor\n\n-Premi\u00e8res tendances des \u00e9lections municipales au Mali : http:\/\/www.rfi.fr\/afrique\/20161123-municipales-mali-premieres-tendances-quelques-surprises\n\n-Amnesty International accuse le Nigeria d&#8217;avoir tu\u00e9 au moins 170 s\u00e9paratistes :                                                                                                                                                                                       http:\/\/www.lemonde.fr\/afrique\/article\/2016\/11\/24\/amnesty-international-accuse-le-nigeria-d-avoir-tue-au-moins-150-separatistes_5036863_3212.html\n\n-Au Rwanda, les femmes aussi utilisent le v\u00e9lo : http:\/\/www.rfi.fr\/video\/20161123-rwanda-petites-reines-bugesera\n\n<strong>-&#8220;Une famine historique dans le sud de Madagascar&#8221; (un reportage de Thibault Lef\u00e8vre; son) :<\/strong> https:\/\/www.franceinter.fr\/emissions\/grand-angle\/grand-angle-24-novembre-2016\n\n<strong>-&#8220;Les \u00e9quipes de Trump ont cibl\u00e9 les t\u00e9l\u00e9spectateurs de &#8220;The Walkind Dead&#8221; et de &#8220;NCIS&#8221; (J\u00e9r\u00e9mie Maire) :   <\/strong>                                                                                                                                         http:\/\/television.telerama.fr\/television\/les-equipes-de-trump-ont-cible-les-telespectateurs-de-the-walking-dead-et-ncis,150538.php#xtor\n\n-Les choix du nouveau pr\u00e9sident (Bernard Guetta; son) : https:\/\/www.franceinter.fr\/emissions\/geopolitique\/geopolitique-24-novembre-2016\n\n<strong>-Le n\u00b0 393 &#8220;d&#8217;Infos-Paix&#8221; <\/strong> : http:\/\/www.mvtpaix.org\/outils\/infos-paix\/2016\/infospaix393.htm\n\n<strong>CULTURE-MEDIAS<\/strong>\n\n<strong>-&#8220;Nous avons un probl\u00e8me de culture dominante et bien-pensante&#8221; (Sylvie Vassalo, directrice du Salon du livre et de la presse jeunesse de Montreuil (93); dans le cadre des &#8220;Etats g\u00e9n\u00e9reux de la Culture&#8221; <\/strong> : http:\/\/www.telerama.fr\/etats-genereux\/nous-avons-un-probleme-de-culture-dominante-et-bien-pensante-par-sylvie-vassallo,150397.php#xtor\n\n<strong>-&#8220;Le retour aux valeurs conservatrices ?&#8221; (B\u00e9r\u00e9nice Levet, professeure de philosophie \u00e0 l&#8217;Ecole Polytechnique et Caroline M\u00e9cary, avocate; invit\u00e9es de la matinale de France Inter; interrog\u00e9es par Patrick Cohenet par les auditeurs; vid\u00e9os) : <\/strong> https:\/\/www.franceinter.fr\/emissions\/l-invite-de-8h20\/l-invite-de-8h20-24-novembre-2016\n\n<strong>-Ernest Pignon Ernest \u00e9tait l&#8217;invit\u00e9 d&#8217;Augustin Trapenard, \u00e0 l&#8217;occasion de la grande r\u00e9trospective que lui consacre le MAMAC de Nice (son) :      <\/strong>                       \nhttps:\/\/www.franceinter.fr\/emissions\/boomerang\/boomerang-24-novembre-2016\n\n-Raymond Yana quitte la direction du Off d&#8217;Avignon. Pierre Beyfette le remplace (Emmanuelle Bouchez) :                                                                                                                                          http:\/\/www.telerama.fr\/scenes\/raymond-yana-sort-du-off-d-avignon-les-raisons-d-une-demission-surprise,150540.php#xtor\n\n-Grand nom de la nouvelle anglo-saxonne, l&#8217;\u00e9crivain irlandais William Trevor est mort \u00e0 l&#8217;\u00e2ge de 88 ans (Nathalie Crom) :                                                                                                                         http:\/\/www.telerama.fr\/livre\/disparition-de-william-trevor-l-ecrivain-des-desaxes-temporaires,150528.php#xtor\n\n<strong>-&#8220;Le sexe, c&#8217;est comme un bon plat de spaghettis&#8221; (Rocco Siffredi \u00e0 l&#8217;occasion de la sortie en salle du documentaire &#8220;Rocco&#8221;; propos recueillis par Guillemette Odicino; vid\u00e9o) : <\/strong>                    http:\/\/www.telerama.fr\/cinema\/rocco-siffredi-le-sexe-c-est-comme-un-bon-plat-de-spaghettis,150517.php#xtor\n\n-Dix films dans lesquels une femme dispara\u00eet&#8230; et s\u00e8me le trouble (Fr\u00e9d\u00e9ric Strauss) : http:\/\/www.telerama.fr\/cinema\/dix-films-ou-une-femme-disparait-et-seme-le-trouble,150233.php#xtor\n\n<strong>-Aujourd&#8217;hui, Costa-Gavras commente un extrait de &#8220;Z&#8221; tourn\u00e9 en 1969 (propos recueillis par Samuel Douhaire; vid\u00e9o) :    <\/strong>                                                                                                                           http:\/\/www.telerama.fr\/cinema\/costa-gavras-au-fil-de-ses-films-z-1969-je-voulais-montrer-la-stupidite-de-ces-militaires,150353.php#xtor   \n\n-&#8220;Notre amie la Russie&#8221; (Fr\u00e9d\u00e9ric Beigbeder, pr\u00e9sident du Festival du cin\u00e9ma russe d&#8217;Honfleur; son) :  https:\/\/www.franceinter.fr\/emissions\/le-billet-de-frederic-beigbeder\/le-billet-de-frederic-beigbeder-24-novembre-2016           \n\n-&#8220;Le cin\u00e9ma ind\u00e9pendant est devenu ridiculement pr\u00e9visible&#8221; (le cin\u00e9aste am\u00e9ricain Richard Pe\u00f1a, \u00e0 Paris \u00e0 l&#8217;occasion de la pr\u00e9sentation de &#8220;Frange am\u00e9ricaine&#8221; \u00e0 la Cin\u00e9math\u00e8que, jusqu&#8217;au 27 novembre; propos recueillis par J\u00e9r\u00e9mie Couston) :    http:\/\/www.telerama.fr\/sortir\/richard-pena-le-cinema-independant-est-devenu-ridiculement-previsible,150507.php#xtor \n\n-&#8220;Le cadeau peu emballant de Jeff Koons \u00e0 Paris&#8221; (Magali Lesauvage) : http:\/\/next.liberation.fr\/arts\/2016\/11\/23\/le-cadeau-peu-emballant-de-jeff-koons-a-paris_1530418?xtor\n\n<strong>-Jusqu&#8217;\u00e0 samedi, \u00e0 Paris et \u00e0 Vanves, &#8220;Le Marathon&#8221; des musiques technos et plus (Odile de Plas; vid\u00e9os) :    <\/strong>                                                                                                                             http:\/\/www.telerama.fr\/sortir\/marathon-le-festival-qui-depasse-les-limites-de-l-electro,150522.php#xtor\n\n-Retrouver &#8220;The Divine Comedy&#8221; avec Fran\u00e7ois Gorin (son) : http:\/\/www.telerama.fr\/musique\/the-divine-comedy-tristesse-elegante-d-une-viree-en-bagnole,150523.php#xtor\n \n<strong>-Le premier album du duo &#8220;NxWorries&#8221; (Rebecca Manzoni: vid\u00e9o) :<\/strong>                  https:\/\/www.franceinter.fr\/emissions\/pop-co\/pop-co-24-novembre-2016\n\n-La fermeture du site de partage  &#8220;what.cd&#8221; laisse des millions d&#8217;internautes dans le d\u00e9sarroi (Jean-Baptiste Rauch) :                                                                                                                        http:\/\/www.telerama.fr\/medias\/la-fermeture-du-site-de-partage-what-cd-laisse-des-millions-d-internautes-dans-le-desarroi,150508.php#xtor\n\n<strong>-&#8220;Je voulais montrer la violence et la dire, mais sans en rester aux faits&#8221; (Anne Gintzburger, r\u00e9alisatrice du documentaire sur les violences faites aux femmes &#8220;Coups sur coups&#8221; (propos recueillis par Emilie Gavoille; vid\u00e9o) :  <\/strong>  http:\/\/television.telerama.fr\/television\/anne-gintzburger-je-voulais-montrer-la-violence-et-la-dire-mais-sans-en-rester-aux-faits,150527.php#xtor\n\n<strong>-Le documentaire (vid\u00e9o) : <\/strong> http:\/\/www.franceo.fr\/emissions\/investigations\/videos\/speciale_violence_faite_aux_femmes_23-11-2016_\n\n<em>-Une p\u00e9tition pour une enqu\u00eate sur les violences faites aux femmes \u00e0 Djibouti : <\/em> https:\/\/www.change.org\/p\/secr%C3%A9taire-g%C3%A9n%C3%A9ral-des-nations-unies-pour-une-enqu%C3%AAte-internationale-sur-les-violences-faites-aux-femmes-%C3%A0-djibouti\n\n<strong>-&#8220;BFMTV, denier rempart contre la droitisation&#8221; (Samuel Gontier) : <\/strong> http:\/\/television.telerama.fr\/television\/bfmtv-dernier-rempart-contre-ma-droitisation,150537.php#xtor=EPR\n\n-Mediapart re\u00e7oit le troph\u00e9e du &#8220;Titre de la d\u00e9cennie&#8221; : https:\/\/blogs.mediapart.fr\/la-redaction-de-mediapart\/blog\/241116\/mediapart-recoit-le-trophee-du-titre-de-la-decennie\n\n-Le CSA hausse le ton contre C8 (J\u00e9r\u00f4me Ivanichtchenko; vid\u00e9o) :          http:\/\/www.europe1.fr\/emissions\/le-fait-medias-du-jour\/touche-pas-a-mon-poste-le-csa-hausse-le-ton-2909720\n\n<strong>-&#8220;Quelle place pour les journalistes dans le d\u00e9bat&#8221; (Alexandra Bensaid, David Pujadas, Gilles Bouleau; invit\u00e9s de Sonia Devillers; vid\u00e9o) :    <\/strong>                         https:\/\/www.franceinter.fr\/emissions\/l-instant-m\/l-instant-m-24-novembre-2016\n\n-&#8220;Nicolas Sarkozy, candidat \u00e0 l&#8217;\u00e9lection de miss France 2017&#8221; (Nicolas Canteloup; son) : http:\/\/www.europe1.fr\/emissions\/la-revue-de-presque\/nicolas-sarkozy-candidat-a-lelection-de-miss-france-2017-2909657\n\n-&#8220;Le d\u00e9bat de ce soir sans Elkabbach, le risque, c&#8217;est l&#8217;ennui&#8221; (Charline Vanhoenacker; vid\u00e9o) : https:\/\/www.franceinter.fr\/emissions\/le-billet-de-charline-vanhoenacker\/le-billet-de-charline-vanhoenacker-24-novembre-2016\n\n\n<h2 class=\"wp-block-heading\">Documents joints<\/h2>\n\n\n\n<div class=\"wp-block-file\"><a href=\"https:\/\/wp.muchomaas.com\/wp-content\/uploads\/2016\/11\/chez_veolia-4c7.pdf\">chez_veolia.pdf<\/a><\/div>\n\n\n","protected":false},"excerpt":{"rendered":"<p>ACTUALITE -Manon Karnoa, 16 ans, fille d&#8217;un producteur de lait du Finist\u00e8re, interrog\u00e9e par Jean-Jacques Bourdin (son) : http:\/\/rmc.bfmtv.com\/mediaplayer\/video\/la-lettre-de-la-fille-d-un-producteur-de-lait-il-m-a-dit-qu-il-etait-tres-fier-888169.html -L\u00e9g\u00e8re baisse des chiffres du ch\u00f4mage au mois d&#8217;octobre (avec la r\u00e9action de la ministre du Travail; vid\u00e9o) : http:\/\/bfmbusiness.bfmtv.com\/observatoire\/le-chomage-baisse-pour-le-deuxieme-mois-consecutif-1063157.html -&#8220;Toujours pas de baisse significative et la pr\u00e9carit\u00e9 de plus en plus grande&#8221; (la CGT) : [&hellip;]<\/p>\n","protected":false},"author":1042,"featured_media":0,"comment_status":"open","ping_status":"open","sticky":false,"template":"","format":"standard","meta":{"_themeisle_gutenberg_block_has_review":false,"footnotes":""},"categories":[151],"tags":[],"class_list":["post-10031","post","type-post","status-publish","format-standard","hentry","category-la-revue-de-presse-de-lulu"],"_links":{"self":[{"href":"https:\/\/archives.regards.fr\/index.php?rest_route=\/wp\/v2\/posts\/10031","targetHints":{"allow":["GET"]}}],"collection":[{"href":"https:\/\/archives.regards.fr\/index.php?rest_route=\/wp\/v2\/posts"}],"about":[{"href":"https:\/\/archives.regards.fr\/index.php?rest_route=\/wp\/v2\/types\/post"}],"author":[{"embeddable":true,"href":"https:\/\/archives.regards.fr\/index.php?rest_route=\/wp\/v2\/users\/1042"}],"replies":[{"embeddable":true,"href":"https:\/\/archives.regards.fr\/index.php?rest_route=%2Fwp%2Fv2%2Fcomments&post=10031"}],"version-history":[{"count":0,"href":"https:\/\/archives.regards.fr\/index.php?rest_route=\/wp\/v2\/posts\/10031\/revisions"}],"wp:attachment":[{"href":"https:\/\/archives.regards.fr\/index.php?rest_route=%2Fwp%2Fv2%2Fmedia&parent=10031"}],"wp:term":[{"taxonomy":"category","embeddable":true,"href":"https:\/\/archives.regards.fr\/index.php?rest_route=%2Fwp%2Fv2%2Fcategories&post=10031"},{"taxonomy":"post_tag","embeddable":true,"href":"https:\/\/archives.regards.fr\/index.php?rest_route=%2Fwp%2Fv2%2Ftags&post=10031"}],"curies":[{"name":"wp","href":"https:\/\/api.w.org\/{rel}","templated":true}]}}