{"id":10030,"date":"2016-11-24T08:05:51","date_gmt":"2016-11-24T07:05:51","guid":{"rendered":"https:\/\/wp.muchomaas.com\/article-la-revue-du-24-novembre-2016\/"},"modified":"2023-06-23T23:23:31","modified_gmt":"2023-06-23T21:23:31","slug":"article-la-revue-du-24-novembre-2016","status":"publish","type":"post","link":"https:\/\/archives.regards.fr\/?p=10030","title":{"rendered":"La Revue du 24 novembre 2016"},"content":{"rendered":"<strong>ACTUALITE<\/strong>\n\n<strong>-&#8220;Au plan \u00e9conomique, tous deux (Fillon, Jupp\u00e9) sont sur une logique lib\u00e9rale, \u00e0 des dosages diff\u00e9rents. Notamment,  chez Fran\u00e7ois Fillon, il y a un c\u00f4t\u00e9  lib\u00e9ral et autoritaire. C&#8217;est dans le dosage qu&#8217;il y a une diff\u00e9rence entre eux. Le gouvernement actuel a ouvert la porte, eux, il la d\u00e9foncent. Si c&#8217;est \u00e7a, on va acheter des baskets. On ne pourra pas laisser passer cela&#8221; (Jean-Claude Mailly, secr\u00e9taire national de FO; invit\u00e9 de la matinale de France Inter. Il r\u00e9pondait aux questions de Patrick Cohen et des auditeurs; vid\u00e9o et son) :   <\/strong>                                                                              http:\/\/www.dailymotion.com\/video\/x535kxz_jean-claude-mailly-francois-fillon-a-un-projet-liberal-et-autoritaire_news                                                                      https:\/\/www.franceinter.fr\/emissions\/interactiv  \n\n-&#8220;Avec le plafonnement de l&#8217;imp\u00f4t sur la fortune, un milliard d&#8217;euros a \u00e9t\u00e9 rembours\u00e9 aux plus riches&#8221; (Patrick Roger) :                                              http:\/\/www.lemonde.fr\/politique\/article\/2016\/10\/12\/isf-un-milliard-rembourse-aux-plus-riches_5012351_823448.html#xtor=AL-32280270\n\n-Airbus, &#8220;au moins 1 000 postes supprim\u00e9s&#8221; selon les syndicats (vid\u00e9o) :       http:\/\/www.francetvinfo.fr\/economie\/entreprises\/airbus-1-000-suppressions-de-postes-en-europe_1935609.html\n\n<strong>-&#8220;La situation tr\u00e8s pr\u00e9occupante&#8221; des centrales nucl\u00e9aires (vid\u00e9o) :    <\/strong>            http:\/\/www.francetvinfo.fr\/france\/nucleaire-la-situation-des-centrales-preoccupante_1935691.html\n\n-La direction d&#8217;EDF se dit confiante (vid\u00e9o) : http:\/\/www.francetvinfo.fr\/societe\/nucleaire\/centrales-nucleaires-la-direction-d-edf-se-dit-confiante_1935625.html\n\n-&#8220;Il n&#8217;y a jamais eu autant d&#8217;opportunit\u00e9s pour entreprendre&#8221; (Philippe Hayat, fondateur de l&#8217;association &#8220;100 000 entrepreneurs&#8221;; interrog\u00e9 par Nicolas Pierron; vid\u00e9o) :                     http:\/\/www.dailymotion.com\/video\/x535yc0\n\n<strong>-&#8220;La solidarit\u00e9 entre g\u00e9n\u00e9rations op\u00e8re toujours&#8221; (le sociologue Michel Fize; interrog\u00e9 par St\u00e9phane Carpentier; son ) : <\/strong>                                                                                                                                  http:\/\/www.rtl.fr\/actu\/societe-faits-divers\/la-solidarite-entre-generations-opere-encore-souligne-michel-fize-7785927468\n\n<strong>-Une femme sur sept est victime de violences sexuelles au cours de sa vie :  <\/strong> http:\/\/www.lepoint.fr\/societe\/une-femme-sur-sept-est-victime-de-violence-sexuelle-dans-sa-vie-23-11-2016-2085186_23.php\n\n<em>-L&#8217;\u00e9tude de l&#8217;Ined (\u00e0 t\u00e9l\u00e9charger) <\/em> : http:\/\/www.ined.fr\/fr\/publications\/population-et-societes\/viols-agressions-sexuelles-france\/\n\n-Le &#8220;made in France&#8221;, \u00e7a marche pour les chaussures de luxe (vid\u00e9o) :           http:\/\/www.francetvinfo.fr\/economie\/entreprises\/made-in-france-ca-marche-pour-les-chaussures-de-luxe_1935269.html      \n\n&#8211;<strong>Le Haut-Rhin limite le d\u00e9neigement pour faire des \u00e9conomies&#8221; (vid\u00e9o) :  <\/strong>      http:\/\/www.francetvinfo.fr\/meteo\/neige\/routes-le-haut-rhin-limite-le-deneigement-pour-faire-des-economies_1935211.html\n\n<strong>-&#8220;Le scandale, c&#8217;est que le sida repart&#8221; (Bernard Jomier, adjoint \u00e0 la sant\u00e9 \u00e0 Paris; interrog\u00e9 par Dimitri Pavlenko; son) :    <\/strong>                                                                                                                http:\/\/www.sudradio.fr\/Podcasts\/L-invite-pour-comprendre\/Bernard-Jomier-ajdoint-en-charge-de-la-sante-a-la-Mairie-de-Paris\n\n-&#8220;Les affiches du scandale&#8221; (Alison Wheeler; vid\u00e9o) : http:\/\/www.dailymotion.com\/video\/x536gcr_les-affiches-du-scandale-la-drole-d-humeur-d-alison-wheeler_fun\n\n-Le pr\u00e9fet de Seine-Saint-Denis saisit la justice pour faire suspendre l&#8217;arr\u00eat\u00e9 du maire LR d&#8217;Aulnay-sous-Bois :                                   http:\/\/www.francetvinfo.fr\/sante\/sida\/aulnay-sous-bois-le-prefet-saisit-la-justice-pour-faire-suspendre-l-arrete-du-maire-contre-la-campagne-de-prevention-du-sida_1934591.html\n\n<strong>-&#8220;Un nouveau plan pour prot\u00e9ger les femmes victimes de violences conjugales&#8221; (vid\u00e9o) : <\/strong> http:\/\/www.francetvinfo.fr\/societe\/droits-des-femmes\/un-nouveau-plan-pour-les-femmes-victimes-de-violences-conjugales_1935251.html\n\n-Le t\u00e9l\u00e9phone au volant tue de plus en plus (Thibault Lef\u00e8vre; son) : https:\/\/www.franceinter.fr\/emissions\/grand-angle\/grand-angle-23-novembre-2016\n\n-&#8220;Je suis une vraie prof et ce qui se passe dans l&#8217;Education nationale me d\u00e9prime&#8221; (Lucie Martin) :                                                                                                                                             http:\/\/www.telerama.fr\/monde\/je-suis-une-vraie-prof-et-ce-qui-se-passe-dans-l-education-nationale-me-deprime,150349.php#xtor\n\n-Lucille Peget, la porte-parole des 26 associations qui d\u00e9fendent la cause animale, face \u00e0 Jean-Jacques Bourdin (vid\u00e9o) : http:\/\/rmc.bfmtv.com\/mediaplayer\/video\/cause-animale-les-revendications-des-ong-887811.html\n\n-&#8220;Les JO en 2024 et l&#8217;Exposition universelle en 2025, c&#8217;est un atout&#8221; (Pascal Lamy, ancien directeur de l&#8217;OMC; vid\u00e9o) :                                                                                                                                    http:\/\/www.rtl.fr\/actu\/societe-faits-divers\/les-jo-2024-et-de-l-exposition-universelle-2025-c-est-un-atout-assure-pascal-lamy-7785914926\n\n-8 mois de prison avec sursis pour le policier qui avait frapp\u00e9 un lyc\u00e9en lors des manifs anti-loi Travail :                                                                                http:\/\/www.marianne.net\/8-mois-prison-sursis-policier-qui-avait-frappe-lyceen-lors-manifs-anti-loi-travail-100248073.html \n\n<strong>-&#8220;La prison, peine perdue ?&#8221; (d\u00e9bat organis\u00e9 par Mediapart; vid\u00e9o) :  <\/strong>                 https:\/\/www.youtube.com\/watch?v=9_kQiM_RfnY\n\n<strong>POLITIQUE<\/strong>\n\n<strong>-&#8220;Offensifs et unitaires face \u00e0 la contre-attaque r\u00e9actionnaire.&#8221; (Patrick Le Hyaric; pi\u00e8ce jointe);<\/strong>\n\n-Andr\u00e9 Chassaigne d\u00e9nonce les programmes de droite &#8220;pour les nantis et contre les plus modestes&#8221; (vid\u00e9o) : http:\/\/www.lcp.fr\/la-politique-en-video\/chassaigne-pcf-denonce-les-programmes-de-droite-pour-les-nantis-et-contre-les\n\n-Il affirme que &#8220;tous ceux qui s&#8217;\u00e9l\u00e8vent contre le candidat autoproclam\u00e9 M\u00e9lenchon sont consid\u00e9r\u00e9s comme des ennemis \u00e0 abattre. &#8221; (Andr\u00e9 Chassaigne; vid\u00e9o) : http:\/\/www.lcp.fr\/la-politique-en-video\/chassaigne-pcf-tous-ceux-qui-selevent-contre-melenchon-sont-consideres-comme\n\n-Il pr\u00e9cise que le ralliement \u00e0 la candidature M\u00e9lenchon &#8220;porterait un coup mortel au PCF&#8221; (vid\u00e9o) : http:\/\/www.lcp.fr\/la-politique-en-video\/pour-chassaigne-le-ralliement-la-candidature-de-melenchon-porterait-un-coup\n\n<strong>-L&#8217;interview int\u00e9grale dans l&#8217;\u00e9mission &#8220;Questions d&#8217;Info&#8221; sur la cha\u00eene parlementaire (vid\u00e9o) :  <\/strong>                                                              http:\/\/www.lcp.fr\/emissions\/questions-dinfo\/279527-andre-chassaigne-depute-pc-du-puy-de-dome\n\n-&#8220;La primaire a une nouvelle fois \u00e9cart\u00e9 les milieux populaires. Elles confortent les instituts de sondages et les cha\u00eenes d&#8217;information. Je serais pour que les sondages s&#8217;arr\u00eatent un mois avant l&#8217;\u00e9lection. M\u00e9lenchon est en dynamique sans la couverture m\u00e9diatique de Macron. Face \u00e0 cette droite dure, le PS est carbonis\u00e9 parce qu&#8217;il a fait au gouvernement. Alain Jupp\u00e9, c&#8217;\u00e9tait une candidature gonfl\u00e9e \u00e0 l&#8217;h\u00e9lium m\u00e9diatique&#8221; (Alexis Corbi\u00e8re, porte-parole de Jean-Luc M\u00e9lenchon; interrog\u00e9 par Fr\u00e9d\u00e9ric Rivi\u00e8re; vid\u00e9o) :                                                                                                                                   http:\/\/www.rfi.fr\/video\/20161123-corbiere-alain-juppe-etait-une-candidature-gonfle-helium-mediatique\n\n-&#8220;Mortelles Primaires&#8221; dans la maison d&#8217;\u00e9dition de Marie-Pierre Vieu &#8220;Arcane 17&#8221; (Eric Bentahar; vid\u00e9o) : http:\/\/www.toulouseinfo.fr\/actu\/linfo-des-pyrenees-mortelles-primaires-chez-arcane-17\/7844\/\n\n-&#8220;Fillon, Jupp\u00e9, c&#8217;est la m\u00eame chose&#8221; (Jean-No\u00ebl Carpentier, d\u00e9put\u00e9 mdP du Val d&#8217;Oise) :                                                                                                                                                                                  http:\/\/www.md-progressistes.fr\/primaire-de-droite-fillon-juppe-cest-la-meme-chose\/?utm_source=Base+de+contacts+mdP&#038;utm_campaign\n\n<strong>-&#8220;Deux droites diff\u00e9rentes qui se battent, avec une qui s&#8217;assume comme radicalis\u00e9e. C&#8217;est \u00e7a la nouveaut\u00e9. Jusqu&#8217;ici, le seul d\u00e9bat qu&#8217;il y avait depuis quatre ans, c&#8217;\u00e9tait d&#8217;\u00eatre plus la gauche. La primaire remet les choses en place. Si Fran\u00e7ois Hollande est candidat, c&#8217;est lui qui fixera la date. Sarkozy a voulu revenir. Fran\u00e7ois Hollande lui est pr\u00e9sident de la R\u00e9publique. S&#8217;il est candidat, il ne sera pas battu dans la primaire&#8221; (St\u00e9phane Le Foll, invit\u00e9 de Jean-Jacques Bourdin; vid\u00e9o) :  <\/strong> http:\/\/www.bfmtv.com\/mediaplayer\/video\/stephane-le-foll-face-a-jean-jacques-bourdin-en-direct-887759.html\n\n-&#8220;L&#8217;anti-hollandisme ne s&#8217;appuie pas sur la r\u00e9alit\u00e9. Plus le temps avance, moins on lui fait le reproche de ne pas \u00eatre de gauche. La gauche dispara\u00eetra si elle ne se rassemble pas, notamment celle qui prend ses responsabilit\u00e9s. Emmanuel Macron en fait partie&#8221; (Bruno Le Roux, pr\u00e9sident du groupe socialiste \u00e0 l&#8217;Assembl\u00e9e Nationale; interrog\u00e9 par Brigitte Boucher; vid\u00e9o, amener le curseur sur 30:17) :                                  http:\/\/www.lcp.fr\/emissions\/politique-matin\/278997-la-matinale-du-23-novembre-2016\n\n-&#8220;Fillon\/Jupp\u00e9, la guerre des droites ?&#8221; (Olivier Faure, d\u00e9put\u00e9 PS de Seine-et-Marne; Herv\u00e9 Mariton, d\u00e9put\u00e9 LR de la Dr\u00f4me; Mathieu Plane, conseiller \u00e9conomique d&#8217;Emmanuel Macron et Elsa Freyssenet des &#8220;Echos&#8221;; d\u00e9bat anim\u00e9 par Arnaud Ardoin; vid\u00e9o) : http:\/\/www.lcp.fr\/emissions\/ca-vous-regarde\/279264-ca-vous-regarde\n\n-&#8220;Les \u00e9lecteurs n&#8217;agissent plus comme avant. Depuis dimanche, les programmes sont regard\u00e9s. Ce qui me fait peur, c&#8217;est le renvoi aux positions extr\u00eames&#8221; (Le secr\u00e9taire d&#8217;Etat Jean-Marie Le Guen, face \u00e0 Ruth Elkrief; vid\u00e9o) :                  http:\/\/www.bfmtv.com\/mediaplayer\/video\/jean-marie-le-guen-face-a-ruth-elkrief-888041.html\n\n<em>-Les r\u00e9sultats d\u00e9finitifs de la primaire :<\/em> http:\/\/www.lci.fr\/primaire-droite\/primaire-a-droite-les-resultats-definitifs-du-premier-tour-enfin-connus-2013991.html\n\n-&#8220;Une partie des \u00e9lecteurs ne voulaient plus de Sarkozy, une autre ne voulait pas Jupp\u00e9, Fillon en a profit\u00e9. Emmanuel Macron est l&#8217;antith\u00e8se de Fran\u00e7ois Fillon. Peut-\u00eatre qu&#8217;Alain Jupp\u00e9 va appeler \u00e0 voter pour lui. Son livre &#8220;R\u00e9volution&#8221; sort demain&#8221; (G\u00e9rard Collomb, maire PS de Lyon; interrog\u00e9 par Audrey Crespo-Mara; vid\u00e9o) :                                                               http:\/\/www.lci.fr\/replay\/replay-l-invite-politique-du-23-novembre-2016-gerard-collomb-1-2013969.html \n\n-&#8220;Il y avait une incompatibilit\u00e9 avec Nicolas Sarkozy, il n&#8217;y a pas d&#8217;incompatibilit\u00e9 avec Fran\u00e7ois Fillon, seulement des diff\u00e9rences et des divergences&#8221; (Jean-Christophe Lagarde, pr\u00e9sident de l&#8217;UDI; invit\u00e9 de &#8220;Territoires d&#8217;infos&#8221;; vid\u00e9o, amener le curseur sur 33:29) :                                                                                                                                                                                      http:\/\/www.sudradio.fr\/Politique\/L-interview-politique\/Jean-Christophe-Lagarde-Pas-d-incompatibilite-avec-Francois-Fillon         \n\n<strong>-&#8220;Fran\u00e7ois Fillon veut &#8220;casser la baraque&#8221; alors qu&#8217;il y a nos enfants dans la maison. S&#8217;il l&#8217;emporte, je vais essayer de b\u00e2tir un autre projet. Il reste cinq mois, c&#8217;est tr\u00e8s long pour une \u00e9lection pr\u00e9sidentielle&#8221; (Fran\u00e7ois Bayrou, pr\u00e9sident de l&#8217;UDI; invit\u00e9 de la matinale de Franceinfo; vid\u00e9o) :<\/strong>                                        http:\/\/www.dailymotion.com\/video\/x5367mg_primaire-a-droite-si-francois-fillon-l-emporte-francois-bayrou-va-essayer-de-batir-un-autre-projet_news  \n\n-&#8220;Mon comp\u00e9titeur fait partie de ce petit microcosme qui croit tout sa savoir et qui parle au nom des Fran\u00e7ais. Il y a 30 ans que je suis d\u00e9put\u00e9 et j&#8217;ai vot\u00e9 toutes les lois sur l&#8217;avortement et l&#8217;IVG. Sur les affiches, l&#8217;important c&#8217;est le sida&#8221; (Fran\u00e7ois Fillon, face \u00e0  Jean-Pierre Elkabbach et Thomas Sotto; vid\u00e9o) :                          http:\/\/www.europe1.fr\/emissions\/l-interview-politique\/fillon-bashing-droit-a-lavortement-adoption-des-couples-homosexuels-polemique-lancee-par-nkm-islam-politique-familiale-fonctionnaires-et-relation-avec-poutine-francois-fillon-repond-aux-questions-de-jean-pierre-elkabbach-et-de-thomas-sotto-2908595   \n\n-&#8220;Je n&#8217;ai jamais attaqu\u00e9 personne en dessous de la ceinture&#8221; (Alain Jupp\u00e9, invit\u00e9 du 20H de TF1; interrog\u00e9 par Gilles Bouleau; vid\u00e9o) :http:\/\/www.lci.fr\/politique\/jt-20h-alain-juppe-invite-du-20h-de-tf1-je-n-ai-jamais-attaque-personne-en-dessous-de-la-ceinture-2014098.html%3Ftype=content                                                                                                                            \n\n-&#8220;L&#8217;avortement est un droit fondamental pour les femmes&#8221; (Alain Jupp\u00e9, invit\u00e9 de la matinale de RTL, qui a d\u00e9nonc\u00e9 le &#8220;bashing&#8221; dont il \u00e9tait l&#8217;objet. Il \u00e9tait interrog\u00e9 par Elizabeth Martichoux; vid\u00e9os) : http:\/\/www.rtl.fr\/actu\/politique\/alain-juppe-l-avortement-est-un-droit-fondamental-pour-les-femmes-7785927843\n\n-&#8220;Il n&#8217;y aura pas de coups, il n&#8217;y aura pas de guerre. Il n&#8217;a jamais \u00e9t\u00e9 question pour Fran\u00e7ois Fillon de revenir sur l&#8217;avortement. Nous sommes d&#8217;accord \u00e0 90%, comme nous l&#8217;\u00e9tions avec Nicolas Sarkozy et les autres candidats de la primaire&#8221;(Benoist Apparu, d\u00e9put\u00e9 LR de la Marne, porte-parole d&#8217;Alain Jupp\u00e9; invit\u00e9 de &#8220;Mardi Politique&#8221;; vid\u00e9o) :                                                                                            http:\/\/www.rfi.fr\/video\/20161122-benoist-apparu-depute-republicains-marne-porte-parole-alain-juppe\n\n-C&#8217;est aussi le point de vue de Thierry Sol\u00e8re, d\u00e9put\u00e9 LR des Hauts-de-Seine qui organisait la primaire (interrog\u00e9 par Ruth Elkrief; vid\u00e9o) : http:\/\/www.bfmtv.com\/mediaplayer\/video\/thierry-solere-face-a-ruth-elkrief-888037.html\n\n-&#8220;Fran\u00e7ois Fillon ne reviendra jamais sur le droit \u00e0 l&#8217;avortement. Laurent Joffrin, agent \u00e9lectoral d&#8217;Alain Jupp\u00e9, les ministres ne devraient pas interf\u00e9rer sur une primaire qui est celle de la droite et du centre. Fran\u00e7ois Bayrou essaye d&#8217;exister depuis que Fran\u00e7ois Fillon a des chances de l&#8217;emporter, ce qui prouve qu&#8217;il avait un accord avec Alain Jupp\u00e9&#8221; (J\u00e9r\u00f4me Chartier, porte-parole de Fran\u00e7ois Fillon; interrog\u00e9 par Guillaume Durand; vid\u00e9o) : http:\/\/www.dailymotion.com\/video\/x535zit\n\n<strong>-Le duel Fillon\/Jupp\u00e9 sur les questions internationales (Pascal Boniface, directeur de l&#8217;Iris; vid\u00e9o) :<\/strong>                                                         https:\/\/www.youtube.com\/watch?v=tHk1GxQsuME&#038;app=desktop\n\n-&#8220;Les \u00e9lecteurs de droite ont utilis\u00e9 la primaire pour renverser la table&#8221; (Fran\u00e7ois Kalfon, directeur de la campagne d&#8217;Arnaud Montebourg). &#8220;La guerre des droites bat son plein&#8221; (en d\u00e9bat chez Ruth Elkrief; vid\u00e9o) : http:\/\/www.bfmtv.com\/mediaplayer\/video\/juppe-fillon-la-guerre-des-droites-bat-son-plein-888047.html\n\n<strong>-&#8220;Le retour du vote catho en France&#8221; (Paul Ari\u00e8s, r\u00e9dacteur en chef du mensuel &#8220;Les Indign\u00e9(e)s&#8221; et Christian Terras, directeur de la revue catholique critique &#8220;Golias&#8221; : <\/strong> https:\/\/blogs.mediapart.fr\/les-invites-de-mediapart\/blog\/221116\/le-retour-du-vote-catho-en-france?utm_source\n\n-&#8220;L&#8217;ami fran\u00e7ais de M. Poutine&#8221; (Bernard Guetta; son) : https:\/\/www.franceinter.fr\/emissions\/geopolitique\/geopolitique-23-novembre-2016\n\n<strong>-Le Pr\u00e9sident russe le soutient (vid\u00e9o, amener le curseur sur 11:42)<\/strong> :                     http:\/\/www.francetvinfo.fr\/replay-jt\/france-2\/20-heures\/jt-de-20h-du-mercredi-23-novembre-2016_1924005.html\n\n<strong>-&#8220;Le duel Fillon\/Jupp\u00e9 sur les questions internationales&#8221; (Pascal Bonifaces; directeur de l&#8217;Iris; vid\u00e9o) <\/strong> :                                           https:\/\/www.youtube.com\/watch?v=tHk1GxQsuME&#038;app=desktop\n\n-&#8220;Programme contre programme&#8221; chez Olivier Galzi sur i-T\u00e9l\u00e9 (vid\u00e9o) :                  http:\/\/www.itele.fr\/chroniques\/grand-decryptage-olivier-galzi\/le-grand-decryptage-du-23112016-171678\n\n<strong>-&#8220;Qu&#8217;en est-il des imp\u00f4ts et du pouvoir d&#8217;achat ?&#8221; (vid\u00e9o) : <\/strong> http:\/\/www.francetvinfo.fr\/politique\/les-republicains\/primaire-de-la-droite\/impots-et-pouvoir-d-achat-les-programmes-de-francois-fillon-et-alain-juppe_1935647.html\n\n-Bernard Debr\u00e9, d\u00e9put\u00e9 LR de Paris, soutient de Fran\u00e7ois Fillon, face \u00e0 Benoist Apparu, d\u00e9put\u00e9 LR de la Marne, soutien d&#8217;Alain Jupp\u00e9 (Chez Laurence Ferrari sur i-T\u00e9l\u00e9; vid\u00e9o) : http:\/\/www.itele.fr\/chroniques\/invite-politique-ferrari-tirs-croises\/linvite-de-laurence-ferrari-du-23112016-171670\n\n<strong>-Fran\u00e7ois Fillon face aux patrons en mars 2016 et face \u00e0 Eric Zemour (vid\u00e9os) <\/strong> :     http:\/\/www.dailymotion.com\/video\/x3wrwxr_francois-fillon-face-aux-patrons-evenements_tv                                                                                                                                                                                                 https:\/\/www.youtube.com\/watch?v=tRGqziv1Y80&#038;app=desktop\n\n-&#8220;Est-il r\u00e9ac ?&#8221; (Thomas Legrand; son) : https:\/\/www.franceinter.fr\/emissions\/l-edito-politique\/l-edito-politique-23-novembre-2016\n\n-&#8220;Fillon, du premier ministre sympathique \u00e0 l&#8217;incarnation du mal&#8221; (Alba Ventura; vid\u00e9o) :                                                                                                                                                                                http:\/\/www.rtl.fr\/actu\/politique\/fillon-de-l-ancien-premier-ministre-sympathique-a-l-incarnation-du-mal-interroge-alba-ventura-7785927779\n\n-&#8220;Il est la cible d&#8217;un proc\u00e8s en sorcellerie&#8221; instruit par Alain Jupp\u00e9 (Yves Thr\u00e9ard; vid\u00e9o) :  http:\/\/www.europe1.fr\/emissions\/ledito-politique-dyves-threard\/fillon-cible-dun-proces-en-sorcellerie-2908343\n\n-Il a le soutien de Jean-Fr\u00e9d\u00e9ric Poisson (interrog\u00e9 par Olivier Galzi; vid\u00e9o) :    http:\/\/www.itele.fr\/chroniques\/invite-galzi-jusqua-minuit\/linvite-politique-dolivier-galzi-du-23112016-171679\n\n-&#8220;Les programmes de Fillon et Jupp\u00e9 sont anti-familiaux. Ce sont deux anciens premiers ministres qui portent le m\u00eame bilan comme Fran\u00e7ois Fillon porte int\u00e9gralement celui de Nicolas Sarkozy&#8221; (Florian Philippot, eurod\u00e9put\u00e9 FN; face \u00e0 Thomas Sotto; vid\u00e9o) : http:\/\/www.europe1.fr\/emissions\/l-interview-verite\/florian-philippot-les-programmes-de-francois-fillon-et-alain-juppe-sont-anti-familiaux-2908475\n\n<strong>-Le point de vue du philosophe Michel Onfray qui \u00e9tait l&#8217;invit\u00e9 de la matinale de LCI, interrog\u00e9 par Audrey Crespo-Mara (vid\u00e9o) :<\/strong>\nhttp:\/\/www.lci.fr\/replay\/replay-michel-onfray-etait-l-invite-d-audrey-crespo-mara-le-23-novembre-2016-2014002.html\n\n<strong>-&#8220;Les adieux de Mediapart \u00e0 Nicolas Sarkozy&#8221; (vid\u00e9o) : <\/strong> https:\/\/www.youtube.com\/watch?v=cZDbBYtKnms\n\n<em>-Les Fran\u00e7ais et le duel Fillon\/Jupp\u00e9 (ELABE) :<\/em> http:\/\/elabe.fr\/francais-duel-f-fillon-a-juppe\/\n\n<em>-Le regard des habitants des Pays-de-la-Loire sur leur Conseil r\u00e9gional et sur Bruneau Retailleau (IFOP) :   <\/em>                                                              http:\/\/www.ifop.fr\/?option=com_publication&#038;type=poll&#038;id=3564\n\n<em>-Le m\u00eame pour l&#8217;Ile-de-France et Val\u00e9rie P\u00e9cresse (IFOP) :  <\/em>                                http:\/\/www.ifop.fr\/?option=com_publication&#038;type=poll&#038;id=3563\n\nEUROPE-MONDE\n\n<strong>-&#8220;En cette ann\u00e9e \u00e9lectorale, l&#8217;Europe est au point mort&#8221; (Christian Makarian de &#8220;l&#8217;Express&#8221;; interrog\u00e9 par Jose Manuel Lamarque; son) :<\/strong>                                                                                           https:\/\/www.franceinter.fr\/emissions\/meridien-d-europe\/meridien-d-europe-23-novembre-2016\n\n-Les r\u00e8gles de soutien aux \u00e9nergies renouvelables divisent la Commission (Fr\u00e9d\u00e9ric Simon) : http:\/\/www.euractiv.fr\/section\/climat-environnement\/news\/leaked-memo-reveals-eu-infighting-over-renewable-energy-support\/?nl_ref=25467351\n\n<strong>-Les eurod\u00e9put\u00e9s r\u00e9clament un gel des n\u00e9gociations d&#8217;adh\u00e9sion avec la Turquie (Georgi Gotev) :<\/strong> http:\/\/www.euractiv.fr\/section\/l-europe-dans-le-monde\/news\/meps-urge-freezing-turkey-membership-talks\/?nl_ref=25467351\n\n-Le Parlement l\u00e8ve l&#8217;immunit\u00e9 d&#8217;un eurod\u00e9put\u00e9 FN :                                    http:\/\/www.euractiv.fr\/section\/justice-affaires-interieures\/news\/le-parlement-leve-limmunite-dun-eurodepute-fn\/?nl_ref=25467351\n\n-La France veut une agence europ\u00e9enne contre la fraude dans les transports routiers : http:\/\/www.euractiv.fr\/section\/transport\/news\/la-france-veut-une-agence-europeenne-contre-la-fraude-dans-les-transports-routiers\/?nl_ref=25467351\n\n-&#8220;Pour le climat, l&#8217;Europe n&#8217;investit pas assez&#8221; (Val\u00e9ry Laram\u00e9e de Tannenberg&#8221;  : http:\/\/www.euractiv.fr\/section\/climat-environnement\/news\/climat-leurope-ninvestit-pas-assez\/?nl_ref=25467351\n\n<strong>-En Italie aussi la surpopulation carc\u00e9rale :      <\/strong>                                               https:\/\/blogs.mediapart.fr\/observatoire-international-des-prisons-section-francaise\/blog\/231116\/surpopulation-carcerale-la-cour-europeenne-des-droits?utm_source  \n\n<strong>-L&#8217;Espagne s&#8217;indigne de la mort de Rosa, victime de &#8220;pauvret\u00e9 \u00e9nerg\u00e9tique&#8221; (Sandrine Morel) :<\/strong>                                                           http:\/\/www.lemonde.fr\/m-moyen-format\/article\/2016\/11\/23\/l-espagne-s-indigne-de-la-mort-de-rosa-victime-de-pauvrete-energetique_5036323_4497271.html#xtor\n\n<strong>-Ankara bloque la visite d&#8217;eurod\u00e9put\u00e9s \u00e0 un dirigeant kurde emprisonn\u00e9 (Georgi Gotev) <\/strong> : http:\/\/www.euractiv.fr\/section\/l-europe-dans-le-monde\/news\/turkey-blocks-meps-from-visiting-imprisoned-kurdish-leader\/?nl_ref=25467351\n\n<strong>-&#8220;En Syrie, il y a un vide que la France ne peut pas combler \u00e0 elle seule. Il faut trouver une solution politique, y compris avec M. Poutine&#8221; (Elisabeth Guigou, d\u00e9put\u00e9e PS de la Seine-Saint-Denis, pr\u00e9sidente de la commission des affaires \u00e9trang\u00e8res de l&#8217;Assembl\u00e9e nationale; interrog\u00e9e par L\u00e9a Salam\u00e9; vid\u00e9o) :<\/strong>                                                                                                                     http:\/\/www.dailymotion.com\/video\/x535cay_elisabeth-guigou-en-syrie-il-y-a-un-vide-que-la-france-ne-peut-pas-combler-toute-seule_news\n\n-Dans le New York Times, Donald Trump revient sur certains engagements (vid\u00e9o) : http:\/\/nr.news-republic.com\/Web\/ArticleWeb.aspx?regionid=2&#038;articleid=78228504\n\n<strong>-La COP 22 repousse la question des financements \u00e0 2018 (C\u00e9cile Barbi\u00e8re) :   <\/strong> http:\/\/www.euractiv.fr\/section\/climat-environnement\/news\/cop-22-la-question-des-financement-climat-repoussee-a-2018\/?nl_ref=25467351\n\n-Personne ne s&#8217;attendait \u00e0 ce que Hillary Clinton perde le Wisconsin (vid\u00e9o) : http:\/\/nr.news-republic.com\/Web\/ArticleWeb.aspx?regionid=2&#038;articleid=78238427\n\n-&#8220;Deux millions de voix d&#8217;avance pour Hillary Clinton&#8221; (Yohan Cecere) :                 http:\/\/www.marianne.net\/comment-trump-battu-clinton-2-millions-voix-moins-100248077.html \n\n<strong>-&#8220;Obama, comme un pr\u00eatre press\u00e9&#8221; (Jos\u00e9 Fort) :    <\/strong>                                      http:\/\/josefort.over-blog.com\/2016\/11\/obama-comme-un-pretre-presse.html\n\n-A Ha\u00efti, deux partis revendiquent la victoire \u00e0 l&#8217;\u00e9lection pr\u00e9sidentielle (Jean-Michel Caroit) :                                                                                                                                                              http:\/\/www.lemonde.fr\/international\/article\/2016\/11\/22\/haiti-deux-partis-revendiquent-la-victoire-a-l-election-presidentielle_5036091_3210.html\n\n<strong>-Aujourd&#8217;hui en Colombie, signature d&#8217;un nouvel accord de paix avec les Farc (vid\u00e9o) : <\/strong> http:\/\/nr.news-republic.com\/Web\/ArticleWeb.aspx?regionid=2&#038;articleid=78246244\n\n<strong>CULTURE-MEDIAS<\/strong>\n\n<strong>-Les vendredi et samedi 9 et 10 d\u00e9cembre 2016, colloque &#8220;Philosophie, anthropologie, \u00e9mancipation, autour de Lucien S\u00e8ve&#8221; : <\/strong>                                          http:\/\/www.gabrielperi.fr\/philosophie,-anthropologie,-%C3%A9mancipation-autour-de-lucien-s%C3%A8ve.html\n\n-A Ivry (94), la manufacture des Oeillets va se m\u00e9tamorphoser th\u00e9\u00e2tre (Capucine Madelaine; diaporama) :                                                                                                                                                http:\/\/www.telerama.fr\/sortir\/a-ivry-la-manufacture-des-oeillets-va-se-metamorphoser-en-theatre,150393.php#xtor\n\n-L&#8217;artiste am\u00e9ricain Jeff Koons offre un bouquet de tulipes \u00e0 la ville de Paris (Sabrina Silamo) : http:\/\/www.telerama.fr\/sortir\/le-drole-de-cadeau-de-jeff-koons-a-la-ville-de-paris,150481.php#xtor\n\n-&#8220;La Via Ferrata&#8221;, une classe pr\u00e9paratoire \u00e0 l&#8217;Ecole des beaux arts de Paris (Sabrina Silamo) : http:\/\/www.telerama.fr\/scenes\/via-ferrata-l-autre-voie-d-acces-aux-beaux-arts-de-paris,150142.php#xtor\n\n<strong>-&#8220;La romanci\u00e8re turque Asli Erdogan emprisonn\u00e9e mais pas emmur\u00e9e&#8221; (Marine Landrot) :        <\/strong>                                                                                                                                                    http:\/\/www.telerama.fr\/livre\/turquie-la-romanciere-asli-erdogan-emprisonnee-mais-pas-emmuree,150482.php#xtor                                                                                                                                                                                                                                               \n\n-Suzanne Olsten va tourner un sc\u00e9nario in\u00e9dit de Bergman (Fr\u00e9d\u00e9ric Strauss) :                                                                                                                                                                           http:\/\/www.telerama.fr\/cinema\/le-scenario-inedit-de-bergman-tourne-par-suzanne-olsten-sa-grande-rivale,150516.php#xtor\n\n-&#8220;La Fille de Brest&#8221; d&#8217;Emmanuelle Bercot, film coup de poing sur le scandale du Mediator (vid\u00e9o) :                                                                                                                                                    http:\/\/www.telerama.fr\/cinema\/la-fille-de-brest-d-emmanuelle-bercot-film-coup-de-poing-sur-le-scandale-du-mediator,150518.php#xtor\n\n<strong>-Le r\u00f4le de la courageuse Ir\u00e8ne Frachon y est tenu par Sidse Babette Knudsen (Pierrick Allain, Basile Lemaire, Jacques Morice; vid\u00e9o) :         <\/strong>                                                                                           http:\/\/www.telerama.fr\/cinema\/le-film-de-la-semaine-sidse-babett-knudsen-nous-parle-de-la-fille-de-brest-d-emmanuelle-bercot,150345.php#xtor\n\n<strong>-Aujourd&#8217;hui, Costa-Gavras commente un extrait de son film  &#8220;Un Homme de trop&#8221;, r\u00e9alis\u00e9 en 1967 (propos recueillis par Samuel Douhaire; vid\u00e9o) :<\/strong>                                                                              http:\/\/www.telerama.fr\/cinema\/costa-gavras-au-fil-de-ses-films-un-homme-de-trop-1967-un-peu-d-humour-dans-les-scenes-a-forte-tension,150273.php#xtor\n\n-&#8220;Tom Cruise en musique&#8221; (Rebecca Manzoni) : https:\/\/www.franceinter.fr\/emissions\/pop-co\/pop-co-23-novembre-2016\n\n<strong>-Un hommage \u00e0 Sharon Jones, emport\u00e9e \u00e0 l&#8217;\u00e2ge de 60 ans par un cancer, avec l&#8217;int\u00e9grale de son concert \u00e0 l&#8217;Olympia (vid\u00e9os) :         <\/strong>                                                                                         https:\/\/blogs.mediapart.fr\/edition\/cancer-rien-de-courir\/article\/221116\/sharon-jones-leve-toi-et-barre-toi-le-cancer?utm_source\n\n<strong>-L&#8217;exquise Olivia Ruiz \u00e9tait l&#8217;invit\u00e9e d&#8217;Augustin Trapenard pour la sortie de son album &#8220;A nos corps aimants&#8221;. En live dans l&#8217;\u00e9mission, elle chante &#8220;Piensa en mi&#8221;, sans faire oublier l&#8217;incomparable Luz Cazal mais en s&#8217;en approchant (son) :<\/strong> https:\/\/www.franceinter.fr\/emissions\/boomerang\/boomerang-23-novembre-2016\n\n-Le ph\u00e9nom\u00e8ne du groupe d&#8217;enfants des Kids United (vid\u00e9o) : http:\/\/www.francetvinfo.fr\/culture\/musique\/musique-le-phenomene-des-kids-united_1934051.html\n\n-Retrouver &#8220;The Jujus&#8221; avec Fran\u00e7ois Gorin (son) : http:\/\/www.telerama.fr\/musique\/the-jujus-voix-felee-de-garage,150480.php#xtor\n\n-Une nouvelle g\u00e9n\u00e9ration de musiciens au Caire (vid\u00e9o) : http:\/\/nr.news-republic.com\/Web\/ArticleWeb.aspx?regionid=2&#038;articleid=78239445\n\n-Aux Etats-Unis, des stars honor\u00e9es par la plus haute distinction civile (vid\u00e9o) : http:\/\/nr.news-republic.com\/Web\/ArticleWeb.aspx?regionid=2&#038;articleid=78214213\n\n&#8211;<strong>Dans l&#8217;\u00e9mission de Fr\u00e9d\u00e9ric Lopez &#8220;Mille et unes vies&#8221;, Pascal Pap\u00e9, ancien capitaine de l&#8217;\u00e9quipe de France de rugby, livre le secret de son enfance (vid\u00e9o) <\/strong> :                                                  http:\/\/pluzz.francetv.fr\/videos\/mille_et_une_vies_saison1_,149006143.html\n\n-Jusqu&#8217;au 30 d\u00e9cembre, l&#8217;humoriste Olivia Moore est \u00e0 la Nouvelle Seine \u00e0 Paris (Mich\u00e8le Bourcet; vid\u00e9o) :                                                                                                                                         http:\/\/www.telerama.fr\/sortir\/le-reve-completement-fou-de-l-humoriste-olivia-moore,150497.php#xtor\n\n-La mort de Claude Imbert, fondateur du &#8220;Point&#8221; (vid\u00e9o) : http:\/\/www.lepoint.fr\/culture\/en-direct-mort-de-claude-imbert-les-reactions-23-11-2016-2085077_3.php\n\n-&#8220;La Marseillaise&#8221; \u00e0 nouveau en difficult\u00e9s : http:\/\/www.lamarseillaise.fr\/anniversaire-des-70-ans-du-journal-la-marseillaise\/le-blog-des-70-ans\/54722-a-nos-lecteurs\n\n-&#8220;The Affair&#8221; saison 3 revient sur Canal + (Pierre Langlais; vid\u00e9o) : http:\/\/www.telerama.fr\/series-tv\/the-affair-saison-3-l-amour-ne-dure-t-il-que-trois-ans,150277.php#xtor\n\n<strong>-&#8220;Filmer des cuisines, c&#8217;est dans l&#8217;air du temps&#8221; (Clovis Cornillac qui revient dans &#8220;Chefs&#8221;; interrog\u00e9 par Thomas Joubert; vid\u00e9o) :  <\/strong>                                        http:\/\/www.europe1.fr\/emissions\/l-invite-medias\/clovic-cornillac-filmer-les-cuisines-cest-dans-lair-du-temps-2908718\n\n<strong>-Sonia Devillers avait invit\u00e9 Renaud Le Van Kim, cr\u00e9ateur du &#8220;Grand Journal&#8221; de Canal + et d&#8217;i-T\u00e9l\u00e9 (vid\u00e9o, amener le curseur sur 2:29) :<\/strong>                                                                              http:\/\/www.dailymotion.com\/video\/x536g9q_renaud-le-van-kim-je-ne-ferai-plus-jamais-de-television-l-instant-m_news\n\n-Le CSA engage une proc\u00e9dure de sanction contre la cha\u00eene C8 et l&#8217;\u00e9mission &#8220;Touche pas \u00e0 mon pote&#8221; :                                                                              http:\/\/www.francetvinfo.fr\/culture\/tv\/touche-pas-a-mon-poste-le-csa-engage-une-procedure-de-sanction-contre-la-chaine-c8_1935049.html#xtor\n\n-&#8220;A-t-il trouv\u00e9 le moyen de faire taire Hanouna ?&#8221; (Thomas Vampouille) :           http:\/\/www.marianne.net\/tpmp-comment-csa-enfin-trouve-moyen-faire-taire-hanouna-100248078.html\n\n<strong>-&#8220;Au salon de l&#8217;immobilier Floridien&#8221; (Guillaume Meurice; vid\u00e9o) : <\/strong> http:\/\/www.dailymotion.com\/video\/x531yja_au-salon-de-l-immobilier-floridien-le-moment-meurice_fun\n\n-&#8220;Je suis un dur, un vrai, un tatou\u00e9&#8221; (Patrick Cohen; son) : http:\/\/www.dailymotion.com\/video\/x5356j0_je-suis-un-dur-un-vrai-un-tatoue-le-07h43_news\n\n<strong>-&#8220;La gauche devrait s&#8217;inspirer de la primaire \u00e0 droite&#8221; (Charline Vanhoenacker; vid\u00e9o) :    <\/strong>                                                                                                                                                    http:\/\/www.dailymotion.com\/video\/x535620_a-gauche-s-inspirer-de-la-primaire-a-droite-le-billet-de-charline_fun\n\n<strong>-&#8220;On va tous perdre quelque chose&#8221; (Nicole Ferroni; vid\u00e9o) <\/strong> :                                                                                                                                                                                                               http:\/\/www.dailymotion.com\/video\/x535o8m_projet-de-suppression-des-fonctionnaires-on-va-tous-perdre-quelque-chose-le-billet-de-nicole-ferroni_fun\n\n\n<h2 class=\"wp-block-heading\">Documents joints<\/h2>\n\n\n\n<div class=\"wp-block-file\"><a href=\"https:\/\/wp.muchomaas.com\/wp-content\/uploads\/2016\/11\/edito-28-070.pdf\">edito-28.pdf<\/a><\/div>\n\n\n","protected":false},"excerpt":{"rendered":"<p>ACTUALITE -&#8220;Au plan \u00e9conomique, tous deux (Fillon, Jupp\u00e9) sont sur une logique lib\u00e9rale, \u00e0 des dosages diff\u00e9rents. Notamment, chez Fran\u00e7ois Fillon, il y a un c\u00f4t\u00e9 lib\u00e9ral et autoritaire. C&#8217;est dans le dosage qu&#8217;il y a une diff\u00e9rence entre eux. Le gouvernement actuel a ouvert la porte, eux, il la d\u00e9foncent. Si c&#8217;est \u00e7a, on [&hellip;]<\/p>\n","protected":false},"author":1042,"featured_media":0,"comment_status":"open","ping_status":"open","sticky":false,"template":"","format":"standard","meta":{"_themeisle_gutenberg_block_has_review":false,"footnotes":""},"categories":[151],"tags":[],"class_list":["post-10030","post","type-post","status-publish","format-standard","hentry","category-la-revue-de-presse-de-lulu"],"_links":{"self":[{"href":"https:\/\/archives.regards.fr\/index.php?rest_route=\/wp\/v2\/posts\/10030","targetHints":{"allow":["GET"]}}],"collection":[{"href":"https:\/\/archives.regards.fr\/index.php?rest_route=\/wp\/v2\/posts"}],"about":[{"href":"https:\/\/archives.regards.fr\/index.php?rest_route=\/wp\/v2\/types\/post"}],"author":[{"embeddable":true,"href":"https:\/\/archives.regards.fr\/index.php?rest_route=\/wp\/v2\/users\/1042"}],"replies":[{"embeddable":true,"href":"https:\/\/archives.regards.fr\/index.php?rest_route=%2Fwp%2Fv2%2Fcomments&post=10030"}],"version-history":[{"count":0,"href":"https:\/\/archives.regards.fr\/index.php?rest_route=\/wp\/v2\/posts\/10030\/revisions"}],"wp:attachment":[{"href":"https:\/\/archives.regards.fr\/index.php?rest_route=%2Fwp%2Fv2%2Fmedia&parent=10030"}],"wp:term":[{"taxonomy":"category","embeddable":true,"href":"https:\/\/archives.regards.fr\/index.php?rest_route=%2Fwp%2Fv2%2Fcategories&post=10030"},{"taxonomy":"post_tag","embeddable":true,"href":"https:\/\/archives.regards.fr\/index.php?rest_route=%2Fwp%2Fv2%2Ftags&post=10030"}],"curies":[{"name":"wp","href":"https:\/\/api.w.org\/{rel}","templated":true}]}}