{"id":10026,"date":"2016-11-23T07:18:43","date_gmt":"2016-11-23T06:18:43","guid":{"rendered":"https:\/\/wp.muchomaas.com\/article-la-revue-du-23-novembre-2016\/"},"modified":"2023-06-23T23:23:30","modified_gmt":"2023-06-23T21:23:30","slug":"article-la-revue-du-23-novembre-2016","status":"publish","type":"post","link":"https:\/\/archives.regards.fr\/?p=10026","title":{"rendered":"La Revue du 23 novembre 2016"},"content":{"rendered":"<strong>ACTUALITE<\/strong>\n\n<strong>-&#8220;La situation du nucl\u00e9aire est tr\u00e8s pr\u00e9occupante&#8221; (Pierre-Franck Chevet, pr\u00e9sident de l&#8217;Autorit\u00e9 de s\u00fbret\u00e9 nucl\u00e9aire; propos recueillis par Marc Cherki et Fr\u00e9d\u00e9ric de Monicault :   <\/strong>                                                                                                  http:\/\/www.lefigaro.fr\/societes\/2016\/11\/22\/20005-20161122ARTFIG00306-la-situation-du-nucleaire-est-tres-preoccupante.php\n\n<strong>-&#8220;Un Fran\u00e7ais sur 7 vit  sous le seuil de pauvret\u00e9 (9 millions de personnes) et \u00e7a s&#8217;aggrave. Les 18-25 ans, les familles mono-parentales sont les plus touch\u00e9s. Des ph\u00e9nom\u00e8nes de rejet de ces personnes se d\u00e9veloppent&#8221; (Florent Gu\u00e9guen, directeur g\u00e9n\u00e9ral de la FNARS; interrog\u00e9 par Dimitri Pavlenko; son) :  <\/strong>                                                                                                         http:\/\/www.sudradio.fr\/Podcasts\/L-invite-pour-comprendre\/Florent-Gueguen-directeur-general-de-la-FNARS\n\n-Pr\u00e8s d&#8217;un Fran\u00e7ais sur cinq souffre de pr\u00e9carit\u00e9 \u00e9nerg\u00e9tique :                                                                                                                                                                                                               http:\/\/www.lesechos.fr\/industrie-services\/energie-environnement\/0211518583276-pres-dun-francais-sur-cinq-souffre-de-precarite-energetique-2044716.php#xtor\n\n-Le ch\u00e8que \u00e9nergie remis en question (vid\u00e9o) :                                                                                                                                                                                                                                         http:\/\/www.francetvinfo.fr\/economie\/emploi\/carriere\/entreprendre\/aides\/le-cheque-energie-remis-en-question_1933437.html                                                                                                                                                                                                                        \n                                                                                                                                                                                                          \n-La 32e campagne des Restos du coeur a commenc\u00e9 hier (Dans le Nord, une antenne qui accueille des \u00e9tudiants; son):                                                                                                                 http:\/\/www.sudradio.fr\/Podcasts\/Les-reportages-de-la-matinee\/Campagne-des-restos-du-coeur\n\n-Ils attendent &#8220;pr\u00e8s de 9 300 000 b\u00e9n\u00e9ficiaires, dont de nombreux \u00e9tudiants&#8221; (Patrice Blanc, le nouveau pr\u00e9sident de l&#8217;association Patrice Blanc; interrog\u00e9 par Yves Calvi; son) : http:\/\/www.rtl.fr\/actu\/societe-faits-divers\/les-restos-du-coeur-attendent-pres-de-930-000-beneficiaires-cette-saison-7785906971\n\n<em>-Les 10% les plus fortun\u00e9s d\u00e9tiennent 50% du patrimoine (document du Centre d&#8217;observation de la soci\u00e9t\u00e9) :  <\/em>                                                                                                                            http:\/\/www.francetvinfo.fr\/economie\/emploi\/carriere\/entreprendre\/aides\/le-cheque-energie-remis-en-question_1933437.html        \n\n<em>-&#8220;Le portait social de la France. 2016&#8221; (documents de l&#8217;Insee) : <\/em>                    https:\/\/www.insee.fr\/fr\/statistiques\/2492313                                                                                                                                                                                                               \n\n-Le supermarch\u00e9 collaboratif fait des \u00e9mules (Yolaine de la Bigne; son) : http:\/\/www.sudradio.fr\/Podcasts\/Quelle-epoque-ethique\/Bio-solidaire-le-supermarche-collaboratif-fait-des-emules\n\n<strong>-&#8220;10 000 fermes laiti\u00e8res sont en passe de dispara\u00eetre&#8221; (Christian Menanteau; son) <\/strong> : http:\/\/www.rtl.fr\/actu\/societe-faits-divers\/10-000-fermes-laitieres-sur-le-point-de-disparaitre-7785906945\n\n-26 associations de protection des animaux s&#8217;adressent aux candidats \u00e0 l&#8217;\u00e9lection pr\u00e9sidentielle (Nathalie Fontrel; son) : https:\/\/www.franceinter.fr\/emissions\/planete-environnement\/planete-environnement-22-novembre-2016\n\n<strong>-500 000 postes de fonctionnaires en moins ? (face \u00e0 face Baptiste Talbot , de la CGT services publics\/Agn\u00e8s Verdier-Molini\u00e9; vid\u00e9o) :<\/strong>  http:\/\/www.rtl.fr\/actu\/politique\/500-000-postes-de-fonctionnaires-en-moins-la-mesure-de-fillon-est-elle-realisable-7785907722\n\n-Air France veut qu&#8217;A\u00e9roport de Paris baisse ses redevances (Fabrice Gliszczynski) :                                                                                                                                                                                                  http:\/\/www.latribune.fr\/entreprises-finance\/services\/transport-logistique\/air-france-demande-une-baisse-des-redevances-a-adp-618555.html#xtor\n\n<strong>-Violences faites aux femme, &#8220;le budget de l&#8217;Etat est significativement insuffisant&#8221; (Virginie Ballet) :  <\/strong>                                                                                                                                                             http:\/\/www.liberation.fr\/france\/2016\/11\/22\/violences-faites-aux-femmes-le-budget-de-l-etat-est-significativement-insuffisant_1529694?xtor\n\n-&#8220;Le gros hic du fric&#8221; (Virginie Ballet et Catherine Mallaval) : http:\/\/www.liberation.fr\/apps\/2016\/09\/ehf\/\n\n-La situation est toujours difficile dans le Sud-Est (Jean-Marc D\u00e9lia, maire de Saint-Vallier-de-Thiey ans les Alpes-Maritimes; son) :                                                                                             http:\/\/www.sudradio.fr\/Podcasts\/L-invite-pour-comprendre\/Jean-Marc-Delia-maire-de-Saint-Vallier-de-Thiey\n\n-&#8220;Je suis bien plus pauvre mais j&#8217;ai appris beaucoup de choses. Je dispose de plus en plus d&#8217;\u00e9l\u00e9ments qui vont bient\u00f4t sortir&#8221; (J\u00e9r\u00f4me Kerviel, ancien trader de la Soci\u00e9t\u00e9 g\u00e9n\u00e9rale; interrog\u00e9 par Dimitri Pavlenko; son) : http:\/\/www.sudradio.fr\/Podcasts\/L-invite-pour-comprendre\/Jerome-Kerviel-ancien-trader-de-la-Societe-Generale\n\n-&#8220;Ce qui apparait avec cet attentat \u00e9vit\u00e9, c&#8217;est qu&#8217;on est face \u00e0 des actions qu&#8217;on pourrait monter dans nos services&#8221; (Pierre Martinet, ex-agent du service action de la DGSE; son) :                             http:\/\/www.sudradio.fr\/Podcasts\/L-invite-pour-comprendre\/Pierre-Martinet-ex-agent-du-service-action-de-la-DGSE4\n\n-&#8220;Les ph\u00e9nom\u00e8nes de s\u00e9curit\u00e9 ont impact\u00e9 le tourisme chinois&#8221; (Pierre-Fr\u00e9d\u00e9ric Roulot, PDG de &#8220;Louvre H\u00f4tels Group&#8221;; interrog\u00e9 par Nicolas Pierron; vid\u00e9o) :  http:\/\/www.dailymotion.com\/video\/x5308jg\n\n<strong>POLITIQUE<\/strong>\n\n<strong>-&#8220;Les raisons de mon choix pour l&#8217;option 1&#8221; (Daniel Brunel; pi\u00e8ce jointe);\n<\/strong>\n\n<strong>-&#8220;Nous, communistes&#8221; (Andr\u00e9 Chassaigne) : <\/strong> \nhttp:\/\/www.andrechassaigne.fr\/2016\/11\/nous-communistes.html\n\n-&#8220;Le choix de la dynamique populaire&#8221; (Marie-Pierre Vieu) :                         http:\/\/mpvieu.canalblog.com\/archives\/2016\/11\/21\/34592647.html \n\n-&#8220;Ce n&#8217;est pas en s&#8217;isolant que l&#8217;on fera \u00e9lire des d\u00e9put\u00e9s communistes&#8221; (Christian Torrent) : http:\/\/www.humanite.fr\/ce-nest-pas-en-sisolant-quon-fera-elire-des-deputes-communistes-626630\n\n<strong>-&#8220;Notre choix doit se porter avant tout sur ce qui maintiendra le plus ouvert l&#8217;espace politique&#8221; (Nathalie Simonet, secr\u00e9taire d\u00e9partementale du PCF Seine-Saint-Denis)<\/strong> :                                      http:\/\/www.humanite.fr\/notre-choix-doit-se-porter-avant-tout-sur-ce-qui-maintiendra-le-plus-ouvert-lespace-politique-626626\n\n-Une contribution d&#8217;\u00e9conomie politique sur les programmes m\u00e9rite mieux que celle produite par la Commission \u00e9conomique du PCF sur celui de &#8220;la France insoumise&#8221; (Jean-Paul Duparc) :             http:\/\/www.robertinjey.com\/2016\/11\/2017-une-reflexion-d-economie-politique-sur-les-programmes-merite-mieux-que-ca.html?utm_source\n\n-&#8220;Fran\u00e7ois Hollande donnera la r\u00e9ponse sur sa candidature d\u00e9but d\u00e9cembre&#8221; (le secr\u00e9taire d&#8217;Etat Jean-Marie Le Guen, face \u00e0 Guillaume Durand; vid\u00e9o) : http:\/\/www.dailymotion.com\/video\/x53094l\n\n-&#8220;Le programme de Fillon est dangereux pour la France. Il est \u00e0 l&#8217;oppos\u00e9 total de ce qui est mis en oeuvre par le Pr\u00e9sident de la R\u00e9publique. Ne pas aller \u00e0 la primaire (comme le fait Emmanuel Macron), c&#8217;est condamner son camp \u00e0 la division&#8221; (Bruno Le Roux, pr\u00e9sident du groupe PS \u00e0 l&#8217;Assembl\u00e9e nationale; invit\u00e9 de &#8220;Territoires d&#8217;Infos&#8221;; vid\u00e9o, amener le curseur sur 32:59) :                                     http:\/\/www.sudradio.fr\/Politique\/L-interview-politique\/Bruno-Le-Roux-Le-programme-de-Fillon-est-dangereux-pour-la-France\n\n-&#8220;Fillon est plus r\u00e9ac que Jupp\u00e9. Les f\u00e9ministes de droite sont plut\u00f4t derri\u00e8re Alain Jupp\u00e9 que sur Fran\u00e7ois Fillon qui prolonge &#8216;la Manif pour tous&#8221; (la ministre Laurence Rossignol; interrog\u00e9e par Elizabeth Martichoux; vid\u00e9o) :                                                                                                                                                                                                                                                                                 http:\/\/www.rtl.fr\/actu\/politique\/le-plus-reac-est-incontestablement-francois-fillon-juge-laurence-rossignol-7785907083?utm_campaign\n\n-&#8220;Sur le fond, Fran\u00e7ois Fillon est plus \u00e0 droite que Nicolas Sarkozy. Est-ce que la France va rester la\u00efque avec lui&#8221; (Philippe Doucet, d\u00e9put\u00e9 du Val-d&#8217;Oise; vid\u00e9o) :                                             http:\/\/www.itele.fr\/chroniques\/invite-michael-darmon\/linvite-politique-du-221116-171627\n\n-&#8220;Il va permettre de r\u00e9habiliter le clivage gauche-droite. Rien ne se passe jamais comme pr\u00e9vu aux \u00e9lections&#8221; (Olivier Faure, d\u00e9put\u00e9 PS de Seine-et-Marne; interrog\u00e9 par Fr\u00e9d\u00e9ric Rivi\u00e8re; vid\u00e9o) :      http:\/\/www.rfi.fr\/video\/20161122-olivier-faure-rien-passe-jamais-comme-prevu-lors-elections\n\n-&#8220;Une partie de la droite est rest\u00e9e homophobe. Le programme de Fran\u00e7ois Fillon est punitif, c&#8217;est pire que Mme Thatcher&#8221; (Fran\u00e7ois Rebsamen, maire PS de Dijon; vid\u00e9o) : http:\/\/www.europe1.fr\/politique\/francois-rebsamen-une-partie-de-la-droite-est-restee-homophobe-2908163\n\n-&#8220;Le programme de Fran\u00e7ois Fillon est plus radical que celui de Nicolas Sarkozy. La droite int\u00e9griste, religieuse a travaill\u00e9 de fa\u00e7on discr\u00e8te&#8221; (le secr\u00e9taire d&#8217;Etat Jean-Marie Leguen; interrog\u00e9 par Laurence Ferrari; vid\u00e9o) :                                 http:\/\/www.itele.fr\/chroniques\/invite-politique-ferrari-tirs-croises\/linvite-de-laurence-ferrari-du-22112016-171640\n\n-&#8220;Bayrou, coucou, c&#8217;est moi&#8221; (Christophe Forcari) : http:\/\/www.liberation.fr\/france\/2016\/11\/21\/bayrou-coucou-c-est-moi_1530032?xtor\n\n-&#8220;Il est le Arlette Laguiller du centre&#8221; (Maurice Leroy, d\u00e9put\u00e9 UDI du Loir-et-Cher; vid\u00e9o) :  http:\/\/www.lcp.fr\/la-politique-en-video\/leroy-udi-bayrou-larlette-laguiller-du-centre\n\n-Il \u00e9tait l&#8217;invit\u00e9 de &#8220;Politique matin&#8221; sur LCP et a annonc\u00e9 qu&#8217;il voterait Fran\u00e7ois Fillon (vid\u00e9o, amener le curseur sur 13:54) :                                                   http:\/\/www.lcp.fr\/emissions\/politique-matin\/278996-politique-matin\n\n<strong>-&#8220;Le projet de Fran\u00e7ois Fillon est trop dur. Il am\u00e8nerait la France \u00e0 une situation difficile. J&#8217;appelle au rassemblement, comme toujours. En faire trop, c&#8217;est aller dans le mur&#8221; (Alain Jupp\u00e9, interrog\u00e9 par Jean-Pierre Elkabbach et Thomas Sotto; vid\u00e9o) <\/strong> :  http:\/\/www.europe1.fr\/emissions\/l-interview-politique\/surprise-du-premier-tour-passage-aux-39-heures-suppression-de-fonctionnaires-droit-a-lavortement-lutte-contre-le-terrorisme-soutien-a-la-russie-et-situation-en-syrie-alain-juppe-repond-aux-questions-de-jean-pierre-elkabbach-et-de-thomas-sotto-2907572\n\n-Son porte-parole, Edouard Philippe, d\u00e9put\u00e9 LR de Seine-Maritime, a eu beaucoup de mal a critiqu\u00e9 Fran\u00e7ois Fillon sur la cha\u00eene parlementaire (vid\u00e9o, amener le curseur sur 32:50) : http:\/\/www.lcp.fr\/emissions\/politique-matin\/278996-politique-matin\n\n-Il a re\u00e7u le soutien de Franck Riester, d\u00e9put\u00e9 LR de Seine-et-Marne qui \u00e9tait avec Bruno Le Maire au premier tour (interrog\u00e9 par Eric Delvaux; son) :                   https:\/\/www.franceinter.fr\/emissions\/l-invite-du-5-7\/l-invite-du-5-7-22-novembre-2016\n\n-&#8220;Alain Jupp\u00e9 veut d\u00e9montrer que Fran\u00e7ois Fillon n&#8217;est pas le bon candidat&#8221; (Alba Ventura; vid\u00e9o) : http:\/\/www.rtl.fr\/actu\/politique\/primaire-de-la-droite-alain-juppe-veut-demontrer-que-francois-fillon-n-est-pas-le-bon-candidat-analyse-alba-ventura-7785906973\n\n<strong>-&#8220;La politique, c&#8217;est l&#8217;addition. Fran\u00e7ois Fillon est attaqu\u00e9 de toutes parts par le syst\u00e8me m\u00e9diatico-politique. Le clan Jupp\u00e9 le fait avec des mots de la gauche. Oui, la droite revient !&#8221; (Bruno Retailleau, pr\u00e9sident du groupe LR au S\u00e9nat, face \u00e0 Jean-Jacques Bourdin; vid\u00e9o) <\/strong> : http:\/\/www.bfmtv.com\/mediaplayer\/video\/bruno-retailleau-face-a-jean-jacques-bourdin-en-direct-887347.html\n\n-Il \u00e9tait l&#8217;invit\u00e9 de L\u00e9a Salam\u00e9 (vid\u00e9os) : https:\/\/www.franceinter.fr\/emissions\/l-invite-de-7h50\/l-invite-de-7h50-22-novembre-2016\n\n-&#8220;Pour moi, Fran\u00e7ois Fillon, c&#8217;est presque g\u00e9n\u00e9tique. C&#8217;est un vrai renouveau d\u00e9mocratique. Il a labour\u00e9 la France pendant deux ans. C&#8217;est sa d\u00e9termination qui me donne confiance&#8221; (G\u00e9rard Larcher, pr\u00e9sident LR du S\u00e9nat; interrog\u00e9 par Audrey Crespo-Mara; vid\u00e9o) :                                                                                                                                                                                                         http:\/\/www.lci.fr\/replay\/gerard-larchet-etait-l-invite-d-audrey-crespo-mara-le-mardi-22-novembre-2016-2013738.html%3Ftype=content\n\n-Il \u00e9tait aussi l&#8217;invit\u00e9 de Caroline Roux sur France 2 (vid\u00e9o) :                            http:\/\/www.france2.fr\/emissions\/telematin\/actu\/les-4-verites-gerard-larcher_526477\n\n-&#8220;Il est logique que nous continuions \u00e0 soutenir Alain Jupp\u00e9. Nous nous plierons au r\u00e9sultat de la primaire. Fran\u00e7ois Bayrou fait une erreur&#8221; (Louis Giscard d&#8217;Estaing, vice-pr\u00e9sident de l&#8217;UDI; interrog\u00e9 par Olivier Galzi; vid\u00e9o) : http:\/\/www.itele.fr\/chroniques\/invite-galzi-jusqua-minuit\/linvite-politique-dolivier-galzi-du-22112016-171649\n\n-&#8220;La revanche du collaborateur&#8221; (vid\u00e9o) : http:\/\/www.bfmtv.com\/mediaplayer\/video\/francois-fillon-la-revanche-du-collaborateur-887263.html\n\n-&#8220;J&#8217;ai \u00e9t\u00e9 tr\u00e8s d\u00e9\u00e7u par mon score, je ne vais pas vous raconter d&#8217;histoires. Maintenant, je vais souffler un petit peu&#8221; (Jean-Fran\u00e7ois Cop\u00e9, d\u00e9put\u00e9 LR de Seine-et-Marne; vid\u00e9o) :                                     http:\/\/rmc.bfmtv.com\/mediaplayer\/video\/cope-j-ai-ete-tres-decu-par-mon-score-je-ne-vais-pas-vous-raconter-d-histoires-887333.html\n\n-&#8220;Alain Jupp\u00e9 a une vision moins conservatrice de la soci\u00e9t\u00e9&#8221; (NKM, d\u00e9put\u00e9e LR de l&#8217;Essonne; invit\u00e9e de la matinale de Franceinfo; vid\u00e9o) :                                  http:\/\/www.dailymotion.com\/video\/x530af8_pour-nathalie-kosciusko-morizet-alain-juppe-a-une-vision-moins-conservatrice-de-la-societe_news\n\n-&#8220;Le 2e tour est une histoire diff\u00e9rente. Les \u00e9lecteurs bousculent les sc\u00e9narios annonc\u00e9s&#8221; (invit\u00e9e de Marc-Olivier France; vid\u00e9o) :  http:\/\/www.rtl.fr\/actu\/politique\/primaire-de-la-droite-le-2e-tour-est-une-histoire-differente-selon-nkm-7785902103\n\n-&#8220;On ne s&#8217;attendait pas \u00e0 un tel souffle populaire. Il faut que la d\u00e9mocratie aille \u00e0 son terme. Fran\u00e7ois Fillon veut r\u00e9\u00e9crire la loi Taubira sur le mariage pour tous. Son projet \u00e9conomique est radical parce que la France a besoin de cette radicalit\u00e9 pour \u00eatre en t\u00eate en Europe dans dix ans&#8221; (J\u00e9r\u00f4me Chartier, d\u00e9put\u00e9 LR du Val-d&#8217;Oise, porte-parole de Fran\u00e7ois Fillon; face \u00e0 Ruth Elkrief; vid\u00e9o) : http:\/\/www.bfmtv.com\/mediaplayer\/video\/jerome-chartier-face-a-ruth-elkrief-887255.html\n\n-&#8220;Personne ne reviendra en France sur le droit \u00e0 l&#8217;avortement&#8221; (il \u00e9tait l&#8217;invit\u00e9 de Thomas Sotto; vid\u00e9o) : http:\/\/www.europe1.fr\/emissions\/l-interview-verite\/jerome-chartier-personne-ne-reviendra-sur-le-droit-a-lavortement-en-france-2907461\n\n-&#8220;Mon travail, c&#8217;est d&#8217;emp\u00eacher que les lignes rouges soient franchies. Je voterai pour Fran\u00e7ois Fillon,  dont les convictions sont proches des miennes, notamment sur la r\u00e9gularisation de l&#8217;immigration&#8221; (Laurent Wauquiez, pr\u00e9sident de LR, interrog\u00e9 par Ruth Elkrief; vid\u00e9o) : http:\/\/www.bfmtv.com\/mediaplayer\/video\/laurent-wauquiezface-a-ruth-elkrief-887247.html\n\n-&#8220;Alain Jupp\u00e9 est le seul qui puisse \u00eatre \u00e0 coup s\u00fbr au deuxi\u00e8me tour de l&#8217;\u00e9lection pr\u00e9sidentielle parce qu&#8217;il est capable de rassembler les centristes&#8221; (Virginie Calmels, premi\u00e8re-adjointe LR \u00e0 Bordeaux, face \u00e0 Ruth Elkrief; vid\u00e9o) : http:\/\/www.bfmtv.com\/mediaplayer\/video\/virginie-calmelsface-a-ruth-elkrief-887249.html\n\n-&#8220;Ce match est indispensable&#8221; (G\u00e9rard Longuet qui estime que la comparaison Fillon-Thatcher n&#8217;est pas mauvaise parce qu&#8217;elle a r\u00e9ussi; son) :                                                                      http:\/\/www.radioclassique.fr\/player\/progaction\/iniPlayer\/podcast\/linvite-du-matin-2016-11-22-07-49-30.html\n\n<strong>-Comparer leurs programmes (vid\u00e9o) :<\/strong>                                                                                                                                                                                                                                                      http:\/\/www.francetvinfo.fr\/politique\/les-republicains\/primaire-de-la-droite\/video-economie-international-societe-comparez-les-programmes-de-fillon-et-juppe_1931801.html#xtor\n\n-Qu&#8217;en disent les \u00e9conomistes de droite Nicolas Bozou et Robin Rivaton, invit\u00e9s de la matinale de France Inter. Ils ont r\u00e9pondu aux questions de Patrick Cohen et des auditeurs (vid\u00e9os) :                                                                                    https:\/\/www.franceinter.fr\/emissions\/l-invite-de-8h20\/l-invite-de-8h20-22-novembre-2016                                                                                                  https:\/\/www.franceinter.fr\/emissions\/interactiv\/interactiv-22-novembre-2016 \n\n-La question \u00e9tait en d\u00e9bat sur i-T\u00e9l\u00e9 chez Olivier Galzi (vid\u00e9o) :                             http:\/\/www.itele.fr\/chroniques\/grand-decryptage-olivier-galzi\/le-grand-decryptage-du-22112016-171646\n\n-&#8220;Le duel se tend&#8221; (vid\u00e9os) : http:\/\/www.bfmtv.com\/mediaplayer\/video\/fillon-juppe-le-duel-se-tend-12-887271.html                                                                                                                                      http:\/\/www.bfmtv.com\/mediaplayer\/video\/fillon-juppe-le-duel-se-tend-22-887275.html\n\n-&#8220;Difficile pour Alain Jupp\u00e9&#8221; (Christophe Barbier; vid\u00e9o) :                                                                                                                                                                                                                                http:\/\/www.bfmtv.com\/mediaplayer\/video\/l-edito-de-christophe-barbier-alain-juppe-vs-francois-fillon-quelles-strategies-devront-ils-adopter-887329.html\n\n-&#8220;La victoire de Fillon est celle du populisme chr\u00e9tien&#8221; (Bruno Roger Petit; vid\u00e9o) :                                                                                                                                                                    http:\/\/www.dailymotion.com\/video\/x5309if_la-victoire-de-fillon-c-est-celle-du-populisme-chretien-bruno-roger-petit-22-11-2016_news\n\n<strong>-Son portrait par le g\u00e9n\u00e9ticien Axel Kahn qui fut son adversaire \u00e0 Paris aux \u00e9lections l\u00e9gislatives : <\/strong> \nhttp:\/\/axelkahn.fr\/francois-fillon\/\n\n-&#8220;Les deux visages d&#8217;une m\u00eame droite&#8221; (Yves Thr\u00e9ard; vid\u00e9o) :                       http:\/\/www.europe1.fr\/emissions\/ledito-politique-dyves-threard\/fillon-et-juppe-les-deux-visages-dune-meme-droite-2907359\n\n-&#8220;Alain Jupp\u00e9 a fait le choix d&#8217;attaquer de fa\u00e7on pol\u00e9mique mais aussi caricaturale. Il donne un argumentaire \u00e0 la gauche et en droitisant Fran\u00e7ois Fillon, il se place au centre, \u00e0 l&#8217;inverse de ce que souhaitent les \u00e9lecteurs de la droite&#8221; (Guillaume Tabard, du &#8220;Figaro&#8221;; son) :                                                                                                                                                                                            http:\/\/www.radioclassique.fr\/player\/progaction\/iniPlayer\/podcast\/ledito-politique-de-guillaume-tabard-2016-11-22-08-13-55.html\n\n-&#8220;Il est la victime de la peur du &#8220;Chirac bis&#8221; (Bruno Cautr\u00e8s, chercheur en sciences politique) : https:\/\/theconversation.com\/alain-juppe-victime-de-la-peur-du-chirac-bis-69181\n\n<strong>-La g\u00e9ographie du vote Fillon (le g\u00e9ographe Jacques L\u00e9vy, professeur \u00e0 l&#8217;Ecole Polytechnique de Lausanne (son) :<\/strong>                                                                                                                 https:\/\/www.franceculture.fr\/emissions\/la-question-du-jour\/quelle-est-la-geographie-du-vote-fillon\n\n-Fillon, quelle droite ? (Thomas Legrand; son) : https:\/\/www.franceinter.fr\/emissions\/l-edito-politique\/l-edito-politique-22-novembre-2016\n\n-Fran\u00e7ois Fillon et la Russie (le point de vue d&#8217;Alain Deletroz, consultant du Centre de s\u00e9curit\u00e9 de Gen\u00e8ve; propos recueillis par Richard Werly) :                                 https:\/\/www.letemps.ch\/monde\/2016\/11\/22\/francois-fillon-devra-prouver-fermete-face-vladimir-poutine?utm_source  \n\n-&#8220;La France sera toujours d\u00e9cal\u00e9e&#8221; (Bernard Guetta; son) : https:\/\/www.franceinter.fr\/emissions\/geopolitique\/geopolitique-22-novembre-2016\n\n<em>-Les intentions de vote au second tour de la primaire (ODOXA) :<\/em> http:\/\/www.odoxa.fr\/primaire-intention-de-vote-de-second-tour-et-bilan-de-nos-mesures\/\n\n-&#8220;La retraite politique de Nicolas Sarkozy&#8221; (en d\u00e9bat chez Olivier Galzi sur i-T\u00e9l\u00e9; vid\u00e9o) : http:\/\/www.itele.fr\/chroniques\/grand-decryptage-olivier-galzi\/le-grand-decryptage-du-21112016-171618\n\n-&#8220;Les Fran\u00e7ais qui ont vot\u00e9 ne sont pas l&#8217;ensemble des Fran\u00e7ais. Est-ce que le produit vendu par Fran\u00e7ois Fillon sera le m\u00eame que celui mis en oeuvre ? Ma diff\u00e9rence, c&#8217;est la soumission \u00e0 Bruxelles et sa th\u00e9rapie de choc&#8221; (Nicolas Dupont-Aignan, d\u00e9put\u00e9 de l&#8217;Essonne; interrog\u00e9 par Olivier Galzi; vid\u00e9o) : http:\/\/www.itele.fr\/chroniques\/invite-galzi-jusqua-minuit\/linvite-politique-dolivier-galzi-du-21112016-171620\n\n-&#8220;Fran\u00e7ois Fillon, c&#8217;est la loi El-Khomri en pire&#8221; (des militants du FN de Marseille; vid\u00e9o) :                                                                                                                                                                          http:\/\/rmc.bfmtv.com\/mediaplayer\/video\/pour-les-militants-fn-francois-fillon-c-est-la-loi-el-khomri-en-pire-887297.html\n\n<strong>EUROPE-MONDE<\/strong>\n\n-&#8220;L&#8217;Union europ\u00e9enne cherche \u00e0 faire barrage \u00e0 l&#8217;extr\u00e9misme d\u00e8s l&#8217;\u00e9cole&#8221; :  http:\/\/www.euractiv.fr\/section\/politique\/news\/lue-cherche-a-faire-barrage-a-lextremisme-des-les-bancs-de-lecole\/?nl_ref=25356746\n\n<em>-&#8220;L&#8217;Europe de l&#8217;\u00e9ducation en chiffres&#8221; (document du Minist\u00e8re de l&#8217;Education nationale) <\/em> : http:\/\/cache.media.education.gouv.fr\/file\/2016\/94\/4\/depp-EEC-2016_660944.pdf\n\n<strong>-&#8220;La Commission veut s&#8217;attaquer \u00e0 la r\u00e9sistance aux antibiotiques (Vytenis Andriukaitis, commissaire \u00e0 la sant\u00e9; entretien r\u00e9alis\u00e9 par Sarantis Michalopoulos) :                                                        <\/strong> http:\/\/www.euractiv.fr\/section\/sante-modes-de-vie\/interview\/eu-health-chief-commission-is-stepping-up-antimicrobial-resistance-fight\/?nl_ref=25356746\n\n-&#8220;Draghi ne compte pas abandonner le rachat de dette&#8221;  (Elena Dal Maso) : http:\/\/www.euractiv.fr\/section\/euro-finances\/news\/ecb-chief-outlines-risks-still-facing-eurozone-recovery\/?nl_ref=25356746\n\n<strong>-&#8220;L&#8217;avance de Fran\u00e7ois Fillon sur Alain Jupp\u00e9, un revers pour les europhiles&#8221; (Aline Robert) :<\/strong> http:\/\/www.euractiv.fr\/section\/all\/news\/lavance-de-fillon-face-a-juppe-un-revers-pour-les-europhiles\/?nl_ref=25356746\n\n-&#8220;Londres montre patte blanche \u00e0 Bruxelles et aux entreprises&#8221; (Matthew Tempest) : http:\/\/www.euractiv.fr\/section\/royaume-uni-en-europe\/news\/britains-brexit-minister-holds-first-meetings-in-brussels-and-strasbourg\/?nl_ref=25356746\n\n<strong>-A l&#8217;\u00e9lection pr\u00e9sidentielle moldave, &#8220;une victoire du mod\u00e8le Poutine ?&#8221; (Florent Parmentier et Cyril Bret, enseignants \u00e0 Sciences Po) :  <\/strong>                                                                                                     http:\/\/www.telos-eu.com\/fr\/presidentielles-en-moldavie-une-victoire-du-modele.html\n\n-Le Liban c\u00e9l\u00e8bre l&#8217;anniversaire de l&#8217;ind\u00e9pendance (vid\u00e9o) : http:\/\/nr.news-republic.com\/Web\/ArticleWeb.aspx?regionid=2&#038;articleid=78158455\n\n<strong>-Turquie, &#8220;la fabrique d&#8217;un despote&#8221; (Guillaume Perrier et Gilles Cayatte, r\u00e9alisateurs du documentaire &#8220;Erdogan, l&#8217;ivresse du pouvoir&#8221;; propos recueillis par Marie Cailletet; le documentaire ici, vid\u00e9o int\u00e9grale) : <\/strong> http:\/\/television.telerama.fr\/television\/erdogan-l-ivresse-du-pouvoir-la-fabrique-d-un-despote,149992.php#xtor\n\n-&#8220;Nouveaux missiles russes \u00e0 Kaliningrad en r\u00e9ponse au d\u00e9ploiement am\u00e9ricain&#8221; (Geurgi Gotev) : http:\/\/www.euractiv.fr\/section\/all\/news\/new-russia-missiles-in-kaliningrad-are-answer-to-us-shield\/?nl_ref=25356746\n\n-Six mois apr\u00e8s en Libye, EI r\u00e9siste toujours \u00e0 Syrte (vid\u00e9o) : http:\/\/nr.news-republic.com\/Web\/ArticleWeb.aspx?regionid=2&#038;articleid=78114655\n\n<strong>-Les enfants sacrifi\u00e9s d&#8217;Alep (vid\u00e9o) <\/strong> : http:\/\/nr.news-republic.com\/Web\/ArticleWeb.aspx?regionid=2&#038;articleid=78105889\n\n-Alassane Ouattara promet que la C\u00f4te d&#8217;Ivoire ne quittera pas la Cour p\u00e9nale internationale (vid\u00e9o) : http:\/\/nr.news-republic.com\/Web\/ArticleWeb.aspx?regionid=2&#038;articleid=78159368\n\n<strong>-Aux Etats-Unis, les overdoses tuent bien plus que les accidents de la route (Jean-Christophe Catalon) :  <\/strong>                                                                                                                                              http:\/\/www.latribune.fr\/economie\/international\/etats-unis-les-overdoses-tuent-bien-plus-que-les-accidents-de-la-route-618395.html#xtor\n\n-&#8220;A Milwaukee, les Noirs ont laiss\u00e9 tomber Clinton (vid\u00e9o) : http:\/\/nr.news-republic.com\/Web\/ArticleWeb.aspx?regionid=2&#038;articleid=78141415\n\n-D\u00e8s le premier jour de son arriv\u00e9e au pouvoir, Trump engagera le retrait du Trait\u00e9 transpacifique (vid\u00e9o) : http:\/\/nr.news-republic.com\/Web\/ArticleWeb.aspx?regionid=2&#038;articleid=78148215\n\n<strong>-&#8220;Le retour \u00e0 l&#8217;Am\u00e9rique protectionniste, premier acte&#8221; (Fr\u00e9d\u00e9ric Koller) :   <\/strong>          https:\/\/www.letemps.ch\/monde\/2016\/11\/22\/retour-lamerique-protectionniste-premier-acte?utm_source\n\n<strong>CULTURE-MEDIAS<\/strong>\n\n<strong>-Il y a cent ans disparaissait Jack London. L&#8217;hommage de France Culture (sons) :<\/strong>   https:\/\/www.franceculture.fr\/emissions\/la-compagnie-des-auteurs\/jack-london\n \n-&#8220;La R\u00e9publique n&#8217;est pas une forme politique \u00e9puis\u00e9e&#8221; (l&#8217;historien Olivier Christin, directeur du CEDRE; propos recueillis par Juliette Cerf) :                                                                                              http:\/\/www.telerama.fr\/idees\/la-republique-n-est-pas-une-forme-politique-epuisee-olivier-christin-directeur-du-cedre,150348.php#xto\n\n-Salle comble pour la premi\u00e8re s\u00e9ance des &#8220;Etats g\u00e9n\u00e9reux de la Culture&#8221; (Emmanuel Tellier; vid\u00e9o de la pr\u00e9sentation de Sylvie Testud et diaporama) : http:\/\/www.telerama.fr\/etats-genereux\/etats-genereux-de-la-culture-a-lyon-salle-comble-et-beaux-eclats,150347.php#xtor\n\n<strong>-Jack Ralite, fondateur des &#8220;Etats g\u00e9n\u00e9raux de la Culture&#8221; (&#8220;Culture et politique&#8221; dans le cadre des journ\u00e9es Diderot; vid\u00e9o) :   <\/strong>                                                                                                         http:\/\/www.dailymotion.com\/video\/x4xxfww_les-etats-generaux-de-la-culture-crees-par-jack-ralite_creation\n\n<strong>-Au Centre dramatique national Nanterre-Les Amandiers, &#8220;Une Nuit des Taupes&#8221; de Philippe Quesne &#8220;droite dans ses bottes&#8221; (Guillaume Tion) :    <\/strong>                              http:\/\/next.liberation.fr\/culture-next\/2016\/11\/22\/une-nuit-des-taupes-droite-dans-ses-mottes_1530104\n\n<strong>-Jusqu&#8217;au 23 d\u00e9cembre, le napolitain Francesco Clemente, le pionnier du mouvement de la Trans-avant-garde, expose \u00e0 la Galerie Daniel Templon \u00e0 Paris (Olivier Cena) : <\/strong>                                http:\/\/www.telerama.fr\/sortir\/francesco-clemente-superstar-de-l-art-contemporain-devoile-une-serie-inedite,150021.php#xtor\n\n<strong>-Six r\u00f4le marquants de Reda Kateb (Caroline Besse; vid\u00e9os) : <\/strong> http:\/\/www.telerama.fr\/sortir\/de-un-prophete-a-hippocrate-reda-kateb-se-raconte-en-six-roles-marquants,150339.php#xtor\n\n-&#8220;La Supplication&#8221;, Tchernobyl au del\u00e0 du r\u00e9el (Pol Cruchten, le r\u00e9alisateur et Jerzy Palacz, le photographe, commentent leur documentaire dans un diaporama) :                                                      http:\/\/www.telerama.fr\/cinema\/la-supplication-tchernobyl-au-dela-du-reel,150193.php#xtor\n\n<strong>-Apr\u00e8s le scandale du M\u00e9diator, Ir\u00e8ne Frachon se voit dans &#8220;La fille de Brest&#8221; (vid\u00e9o) :   <\/strong>                                                                                                                                                                              http:\/\/rmc.bfmtv.com\/mediaplayer\/video\/apres-le-scandale-du-mediator-irene-frachon-se-voit-dans-la-fille-de-brest-et-c-est-assez-jouissif-887403.html\n\n<strong>-G\u00e9rard Jugnot \u00e9tait l&#8217;invit\u00e9 d&#8217;Augustin Trapenard (son) :    <\/strong>                              https:\/\/www.franceinter.fr\/emissions\/boomerang\/boomerang-22-novembre-2016\n                          \n-La disparition de Paul Tourenne, le dernier des fr\u00e8res Jacques (Sophie Bourdais; son) : http:\/\/www.telerama.fr\/musique\/le-dernier-des-freres-jacques-n-est-plus,150337.php#xtor\n\n-Retrouver la romance pop des Herman&#8217;s Hermits avec Fran\u00e7ois Gorin (son) : http:\/\/www.telerama.fr\/musique\/herman-s-hermits-romance-pop-et-produit-laitier,150344.php#xtor\n\n<strong>-La sortie du deuxi\u00e8me album de Julien Gasc (Rebecca Manzoni; vid\u00e9o) :  <\/strong>         https:\/\/www.franceinter.fr\/emissions\/pop-co\/pop-co-22-novembre-2016\n\n-&#8220;Brut&#8221;, le m\u00e9dia en ligne qui part \u00e0 la recherche des jeunes&#8221; (J\u00e9r\u00e9mie Maire; vid\u00e9os) :                                                                                                                                                            http:\/\/www.telerama.fr\/medias\/brut-le-media-en-ligne-qui-part-a-la-recherche-des-jeunes,150256.php#xtor\n\n<strong>-&#8220;Ces g\u00e9ants de la presse mondiale qui r\u00e9sistent \u00e0 la crise&#8221; (Sonia Devillers recevait le grand reporter Alain Louyot, prix Albert Londres; vid\u00e9o, amener le curseur sur 1:40 et sur 8:46) <\/strong> : \nhttps:\/\/www.franceinter.fr\/emissions\/l-instant-m\/l-instant-m-22-novembre-2016\n\n-La une du &#8220;Canard encha\u00een\u00e9&#8221; :                                      http:\/\/www.lecanardenchaine.fr\/la-une-du-23-novembre-2016\/\n\n<strong>-La primaire de la droite dessin\u00e9e par Joann Sfar, qui a du mal \u00e0 croquer Fran\u00e7ois Fillon (Romain Capelle; dessins) :   <\/strong>                                                                                                                                        http:\/\/www.telerama.fr\/medias\/le-probleme-de-francois-fillon-selon-joann-sfar-c-est-qu-il-est-trop-chiant-a-dessiner,150343.php#xtor\n\n-Le podcast serait-il le nouvel horizon de la radio ? (Aude Dassonville) : http:\/\/www.telerama.fr\/radio\/que-sont-ces-sons-qui-surgissent-hors-des-ondes,150346.php#xtor\n\n<strong>-&#8220;Le syndicalisme, dernier obstacle au &#8220;choc entrepreneurial&#8221; de Fran\u00e7ois Fillon&#8221; (Samuel Gontier) :     <\/strong>                                                                                                                                                           http:\/\/television.telerama.fr\/television\/le-syndicalisme-dernier-obstacle-au-choc-entrepreneurial-de-francois-fillon,150361.php#xtor\n\n<strong>-Olivier Schrameck, pr\u00e9sident du CSA, \u00e9tait l&#8217;invit\u00e9 de Thomas Joubert sur Europe 1 (vid\u00e9o) <\/strong> : http:\/\/www.europe1.fr\/emissions\/l-invite-medias\/olivier-schrameck-nous-avons-recu-des-dizaines-de-plaintes-concernant-super-nanny-2907689\n\n<strong>-Mathieu Gallet, PDG de Radio France, \u00e9tait auditionn\u00e9 par les d\u00e9put\u00e9s (Maxence Kagni; vid\u00e9os) <\/strong> : http:\/\/www.lcp.fr\/actualites\/radio-france-le-satisfecit-de-mathieu-gallet-avant-une-annee-2017-exigeante\n\n-&#8220;Dany Boon prend le risque de remonter sur sc\u00e8ne&#8221; (Mich\u00e8le Bourcet; vid\u00e9o de son sketch &#8220;Choqu\u00e9 par &#8220;les Hauts-de-France&#8221;) :                                                                                                  http:\/\/www.telerama.fr\/sortir\/pourquoi-dany-boon-prend-le-risque-de-remonter-sur-scene,150340.php#xtor\n\n<strong>-La r\u00e9action de Roger Karoutchi, s\u00e9nateur LR des Hauts-de-Seine, quand Thierry Sol\u00e8re, organisateur de la primaire, lui donne les premiers sondages qui annoncent la perc\u00e9e de Fran\u00e7ois Fillon (vid\u00e9o) :<\/strong> http:\/\/www.francetvinfo.fr\/politique\/les-republicains\/primaire-de-la-droite\/video-bon-ben-ecoute-s-il-faut-rallier-fillon-une-camera-capte-un-echange-entre-thierry-solere-et-roger-karoutchi_1931511.html#xtor\n\n<strong>-&#8220;Lendemain de primaire chez Fillon&#8221; (Charline Vanhoenacker; vid\u00e9o) :      <\/strong>            https:\/\/www.franceinter.fr\/emissions\/le-billet-de-charline-vanhoenacker\/le-billet-de-charline-vanhoenacker-22-novembre-2016 \n\n-&#8220;Stop au Cop\u00e9 bashing !&#8221; (Alex Vizorek; vid\u00e9o) : https:\/\/www.franceinter.fr\/emissions\/le-billet-d-alex-vizorek\/le-billet-d-alex-vizorek-22-novembre-2016\n<h2 class=\"wp-block-heading\">Documents joints<\/h2>\n\n\n\n<div class=\"wp-block-file\"><a href=\"https:\/\/wp.muchomaas.com\/wp-content\/uploads\/2016\/11\/pcf_consultation_des_adherents_pour_la_presidentielle-41b.pdf\">pcf_consultation_des_adherents_pour_la_presidentielle.pdf<\/a><\/div>\n\n\n","protected":false},"excerpt":{"rendered":"<p>ACTUALITE -&#8220;La situation du nucl\u00e9aire est tr\u00e8s pr\u00e9occupante&#8221; (Pierre-Franck Chevet, pr\u00e9sident de l&#8217;Autorit\u00e9 de s\u00fbret\u00e9 nucl\u00e9aire; propos recueillis par Marc Cherki et Fr\u00e9d\u00e9ric de Monicault : http:\/\/www.lefigaro.fr\/societes\/2016\/11\/22\/20005-20161122ARTFIG00306-la-situation-du-nucleaire-est-tres-preoccupante.php -&#8220;Un Fran\u00e7ais sur 7 vit sous le seuil de pauvret\u00e9 (9 millions de personnes) et \u00e7a s&#8217;aggrave. Les 18-25 ans, les familles mono-parentales sont les plus touch\u00e9s. Des [&hellip;]<\/p>\n","protected":false},"author":1042,"featured_media":0,"comment_status":"open","ping_status":"open","sticky":false,"template":"","format":"standard","meta":{"_themeisle_gutenberg_block_has_review":false,"footnotes":""},"categories":[151],"tags":[],"class_list":["post-10026","post","type-post","status-publish","format-standard","hentry","category-la-revue-de-presse-de-lulu"],"_links":{"self":[{"href":"https:\/\/archives.regards.fr\/index.php?rest_route=\/wp\/v2\/posts\/10026","targetHints":{"allow":["GET"]}}],"collection":[{"href":"https:\/\/archives.regards.fr\/index.php?rest_route=\/wp\/v2\/posts"}],"about":[{"href":"https:\/\/archives.regards.fr\/index.php?rest_route=\/wp\/v2\/types\/post"}],"author":[{"embeddable":true,"href":"https:\/\/archives.regards.fr\/index.php?rest_route=\/wp\/v2\/users\/1042"}],"replies":[{"embeddable":true,"href":"https:\/\/archives.regards.fr\/index.php?rest_route=%2Fwp%2Fv2%2Fcomments&post=10026"}],"version-history":[{"count":0,"href":"https:\/\/archives.regards.fr\/index.php?rest_route=\/wp\/v2\/posts\/10026\/revisions"}],"wp:attachment":[{"href":"https:\/\/archives.regards.fr\/index.php?rest_route=%2Fwp%2Fv2%2Fmedia&parent=10026"}],"wp:term":[{"taxonomy":"category","embeddable":true,"href":"https:\/\/archives.regards.fr\/index.php?rest_route=%2Fwp%2Fv2%2Fcategories&post=10026"},{"taxonomy":"post_tag","embeddable":true,"href":"https:\/\/archives.regards.fr\/index.php?rest_route=%2Fwp%2Fv2%2Ftags&post=10026"}],"curies":[{"name":"wp","href":"https:\/\/api.w.org\/{rel}","templated":true}]}}