{"id":10023,"date":"2016-11-22T07:00:03","date_gmt":"2016-11-22T06:00:03","guid":{"rendered":"https:\/\/wp.muchomaas.com\/article-la-revue-du-22-novembre-2016\/"},"modified":"2016-11-22T07:00:03","modified_gmt":"2016-11-22T06:00:03","slug":"article-la-revue-du-22-novembre-2016","status":"publish","type":"post","link":"https:\/\/archives.regards.fr\/?p=10023","title":{"rendered":"La Revue du 22 novembre 2016"},"content":{"rendered":"<p><strong>ACTUALITE<\/strong><\/p>\n<p>-Plus de 700 postes pourraient disparaitre en Alsace dans l&#8217;entreprise Sotralentz   (vid\u00e9o) : http:\/\/www.francetvinfo.fr\/economie\/entreprises\/emploi-les-salaries-de-sotralentz-fixes-ce-lundi-sur-leur-sort_1931963.html<\/p>\n<p>-Une nouvelle audience est fix\u00e9e au 6 d\u00e9cembre (la r\u00e9action de l&#8217;avocat du Comit\u00e9 d&#8217;entreprise; vid\u00e9o) : http:\/\/france3-regions.francetvinfo.fr\/alsace\/journee-decisive-avenir-sotralentz-1136719.html<\/p>\n<p><strong>-Aujourd&#8217;hui mardi, le lancement de la 32e campagne des restaurants du coeur (vid\u00e9o) <\/strong> : http:\/\/www.francetvinfo.fr\/societe\/restos-du-coeur-lancement-de-la-32e-campagne-d-hiver-des-mardi-22-novembre_1932117.html<\/p>\n<p>-Discriminations, deux ans de concertation pour rien ? (la CGT) :                           http:\/\/www.cgt.fr\/2-ans-de-concertation-pour-rien.html<\/p>\n<p>-O\u00f9 en est l&#8217;EPR de Flamanville ?  (Delphine Simon; son) : https:\/\/www.franceinter.fr\/emissions\/le-zoom-de-la-redaction\/le-zoom-de-la-redaction-21-novembre-2016<\/p>\n<p><strong>-&#8220;Apr\u00e8s la COP 22, que diront les chefs d&#8217;\u00e9tats en 2050 ?&#8221; (Nathalie Fontrel; son) :<\/strong> https:\/\/www.franceinter.fr\/emissions\/planete-environnement\/planete-environnement-21-novembre-2016<\/p>\n<p>-Quel avenir pour le loup en France en 2025-2030 ? (Martine Jobert) : http:\/\/www.euractiv.fr\/section\/climat-environnement\/news\/quel-avenir-pour-le-loup-en-france-en-2025-2030\/?nl_ref=25259734<\/p>\n<p>-Pour les deux-roues, le port de gants homologu\u00e9s est d\u00e9sormais obligatoire (vid\u00e9o) : http:\/\/www.francetvinfo.fr\/societe\/securite-routiere\/deux-roues-le-port-des-gants-homologues-est-desormais-obligatoire_1932121.html<\/p>\n<p>-Des mesures de s\u00e9curit\u00e9 renforc\u00e9es pour le march\u00e9 de No\u00ebl de Strasbourg (Alain Fontanel, le premier adjoint PS au maire; vid\u00e9os) :                                          http:\/\/france3-regions.francetvinfo.fr\/alsace\/bas-rhin\/strasbourg-0\/strasbourg-toutes-infos-profiter-du-marche-noel-1125653.html<\/p>\n<p><strong>-Au tribunal de Bobigny (93), trois policiers comparaissent pour &#8220;violences volontaires&#8221; (vid\u00e9o) <\/strong> : http:\/\/www.francetvinfo.fr\/faits-divers\/police\/seine-saint-denis-trois-policiers-comparaissent-pour-violences-volontaires_1932119.html<\/p>\n<p>-&#8220;Si c&#8217;\u00e9tait \u00e0 refaire, je le referais&#8221; (un des policier cit\u00e9 par Willy Le Devin) : http:\/\/www.liberation.fr\/france\/2016\/11\/21\/tirs-de-flash-ball-si-c-etait-a-refaire-je-le-referais_1529975<\/p>\n<p>-&#8220;Un nouvel attentat d\u00e9jou\u00e9&#8221; (Bernard Cazeneuve; vid\u00e9o) : http:\/\/www.liberation.fr\/video\/2016\/11\/21\/un-nouvel-attentat-dejoue-annonce-cazeneuve_1529896<\/p>\n<p>-A l&#8217;encontre de Fran\u00e7ois Hollande, une enqu\u00eate ouverte pour &#8220;compromission de la d\u00e9fense nationale&#8221; :                                                                                                                                                                http:\/\/www.francetvinfo.fr\/politique\/francois-hollande\/hollande-et-le-secret-defense-une-enquete-ouverte-pour-compromission-de-la-defense-nationale-apres-la-publication-par-le-monde-de-documents-classifies-sur-la-syrie_1932169.html<\/p>\n<p>-Ce qu&#8217;en a dit Eric Woerth, d\u00e9put\u00e9 LR de l&#8217;Oise, interrog\u00e9 par Laurence Ferrari, qui s&#8217;engage pour Fran\u00e7ois Fillon (vid\u00e9o) :                                                            http:\/\/www.itele.fr\/chroniques\/invite-politique-ferrari-tirs-croises\/linvite-de-laurence-ferrari-du-21112016-171612<\/p>\n<p><strong>POLITIQUE<\/strong><\/p>\n<p><strong>-&#8220;A droite comme \u00e0 gauche, aucune bataille ne se gagne au centre&#8221; (Roger Martelli) <\/strong> : https:\/\/wp.muchomaas.com\/web\/article\/a-droite-comme-a-gauche-aucune-bataille-ne-se-gagne-au-centre<\/p>\n<p>-Cinq cartes pour mieux comprendre les r\u00e9sultats de la primaire (Nicolas Enault) :   http:\/\/www.francetvinfo.fr\/politique\/les-republicains\/primaire-de-la-droite\/cinq-cartes-pour-mieux-comprendre-les-resultats-du-premier-tour-de-la-primaire-a-droite_1932051.html#xto<\/p>\n<p>-&#8220;4 millions d&#8217;\u00e9lecteurs, ce n&#8217;est pas rien, un vrai \u00e9v\u00e8nement politique. C&#8217;est une tr\u00e8s belle r\u00e9ussite d\u00e9mocratique. Il se pr\u00e9pare une vraie r\u00e9volution conservatrice. Il y a l\u00e0 une droite qui ne s&#8217;excuse pas d&#8217;\u00eatre de droite, j&#8217;esp\u00e8re qu&#8217;en face, il y  aura une gauche qui ne s&#8217;excuse pas d&#8217;\u00eatre de gauche. J&#8217;en ai assez de tous ceux qui calculent. Je pense que Fran\u00e7ois Hollande sera candidat \u00e0 la primaire&#8221; (Beno\u00eft Hamon, d\u00e9put\u00e9 PS des Yvelines, candidat \u00e0 la primaire; interrog\u00e9 par Yves Calvi; son) : http:\/\/www.rtl.fr\/actu\/societe-faits-divers\/primaire-de-la-droite-francois-fillon-alain-juppe-benoit-hamon-il-y-a-une-droite-qui-ne-s-excuse-pas-d-etre-de-droite-7785889318<\/p>\n<p><strong>-&#8220;La droite a choisi le candidat ultra&#8221;. les r\u00e9sultats \u00e9largissent les possibles pour la gauche. La participation surprenante montre &#8220;qu&#8217;aujourd&#8217;hui, on veut pouvoir d\u00e9signer son champion. Les candidats qui s&#8217;autoproclament devrait s&#8217;interroger. Il serait temps de passer par la primaire, parce que la droite est maintenant unie, il faudrait que la gauche le soit&#8221; (Jean-Christophe Cambad\u00e9lis qui a lanc\u00e9 un appel \u00e0 Emmanuel Macron pour qu&#8217;il participe \u00e0 la primaire de  gauche. Il \u00e9tait l&#8217;invit\u00e9 de la matinale de Franceinfo; vid\u00e9o) :  <\/strong>                                                                                                                                                             http:\/\/www.dailymotion.com\/video\/x52v4ah_pour-jean-christophe-cambadelis-la-droite-a-choisi-le-candidat-ultra_news<\/p>\n<p>-&#8220;C&#8217;est un vote anti-bling bling. Ce ne sont pas les \u00e9lecteurs de gauche qui ont fait le r\u00e9sultat. On est en face de deux personnes qui ont une coh\u00e9rence entre l&#8217;image qu&#8217;ils donnent de leur v\u00e9rit\u00e9 int\u00e9rieure et leur programme. Les Fran\u00e7ais de droite ont choisi celui  qui est vraiment de droite. La soci\u00e9t\u00e9 ne veut pas, n&#8217;a jamais voulu de choc lib\u00e9ral. Je n&#8217;y crois pas&#8221; (le secr\u00e9taire d&#8217;Etat Thierry Mandon, interrog\u00e9 par Patrick Cohen; vid\u00e9o) :  https:\/\/www.franceinter.fr\/emissions\/interactiv\/interactiv-21-novembre-2016<\/p>\n<p>-&#8220;Cela confirme qu&#8217;il faut prendre les sondages avec pr\u00e9caution. On va se retrouver dans une tripolarisation. Or, le programme de M. Fillon est tellement radical que les \u00e9lecteurs de gauche auraient du mal \u00e0 voter pour lui s&#8217;il se retrouvait contre Mme Le Pen. Il y a un v\u00e9ritable rejet de Nicolas Sarkozy par les \u00e9lecteurs de droite&#8221; (le secr\u00e9taire d&#8217;Etat Jean-Marie Le Guen qui ne veut pas commenter le fait que plusieurs centaines de milliers d&#8217;\u00e9lecteurs de gauche ont particip\u00e9 \u00e0 la primaire. On le comprend; vid\u00e9o) : http:\/\/www.rtl.fr\/actu\/societe-faits-divers\/primaire-de-la-droite-les-debats-ont-libere-fillon-pour-florence-portelli-7785895250<\/p>\n<p><strong>-Primaire de droite, quand l&#8217;\u00e9lecteur de gauche s&#8217;en m\u00eale (Sylvain Khan, professeur \u00e0 Sciences Po) <\/strong> : http:\/\/www.liberation.fr\/debats\/2016\/11\/21\/primaire-de-droite-quand-l-electeur-de-gauche-s-en-mele_1529952<\/p>\n<p><strong>-&#8220;SurVivant&#8221; ! Mes 30 ans avec le sida&#8221; (son auteur, Jean-Luc Romero-Michel, maire-adjoint PS de la mairie du 12e arrondissement de Paris, rappelle les positions ultra-r\u00e9actionnaires de Fran\u00e7ois Fillon; interrog\u00e9 par Dimitri Pavlenko; son) :   <\/strong> http:\/\/www.sudradio.fr\/Podcasts\/L-invite-pour-comprendre\/Jean-Luc-Romero-Michel-auteur-de-SurVivant-!-Mes-30-ans-avec-le-Sida<\/p>\n<p>-&#8220;Macron, la strat\u00e9gie du m\u00e9t\u00e9ore&#8221;, un documentaire de Pierre Hurel diffus\u00e9 par France 3 (vid\u00e9o) :  http:\/\/www.france3.fr\/emission\/macron-la-strategie-du-meteore\/diffusion-du-21-11-2016-20h55<\/p>\n<p>-&#8220;Les Fran\u00e7ais sont venus dire qu&#8217;ils ne voulaient plus de Nicolas Sarkozy qui a fait le jeu de Fran\u00e7ois Fillon en se fixant sur Fran\u00e7ois Bayrou. Il reste maintenant \u00e0 choisir un programme r\u00e9alisable&#8221; (Jean-Christophe Lagarde, pr\u00e9sident de l&#8217;UDI; face \u00e0 Jean-Pierre Elkabbach; vid\u00e9o) :                                                                                                                                                                                          http:\/\/www.europe1.fr\/emissions\/l-interview-politique\/surprise-fillon-juppe-outsider-elimination-de-nicolas-sarkozy-debat-autour-des-programmes-et-second-tour-de-la-primaire-jean-christophe-lagarde-repond-aux-questions-de-jean-pierre-elkabbach-2906351<\/p>\n<p>-&#8220;Les centristes dans les starting-blocks&#8221; (Christophe Forcari) :  http:\/\/www.liberation.fr\/france\/2016\/11\/21\/primaire-fillon-favori-le-centre-dans-les-starting-blocks_1529933<\/p>\n<p><em>-La sociologie du vote (OPINION-WAY) :<\/em> http:\/\/www.opinion-way.com\/pdf\/opinionway_-_sociologie_jour_du_vote_-_tour_1_primaire_de_la_droite_et_du_centre_-_novembre_2016.pdf<\/p>\n<p><em>-Le sondage le jour du vote (OPINION-WAY) :<\/em> http:\/\/www.opinion-way.com\/pdf\/opinionway_-_sondage_jour_du_vote_-_tour_1_primaire_de_la_droite_et_du_centre_-_novembre_2016.pdf<\/p>\n<p><em>-Les intentions de vote au deuxi\u00e8me tour de la primaire (OPINION-WAY) : <\/em>              http:\/\/www.opinion-way.com\/pdf\/opinionway_-_l_intention_de_vote_au_second_tour_de_la_primaire_de_la_droite_et_du_centre_-_novembre_2016.pdf  <\/p>\n<p><strong>-Premi\u00e8re le\u00e7on de la primaire (la sociologue Florence Haegel, le politiste Bruno Cautr\u00e8s, professeur \u00e0 Sciences Po Paris et Olivier Duhamel; sons) :  <\/strong>                  https:\/\/wp.muchomaas.com\/web\/article\/a-droite-comme-a-gauche-aucune-bataille-ne-se-gagne-au-centre                                                                                         https:\/\/www.franceculture.fr\/emissions\/linvite-des-matins-2eme-partie\/premiere-lecon-des-primaires-2eme-partie<\/p>\n<p><strong>-&#8220;Comment ne pas \u00eatre soucieux quand on voit les difficult\u00e9s que connait le pays. Depuis trois ans, je construis un projet dont je sais qu&#8217;il est difficile&#8221; (Fran\u00e7ois Fillon, invit\u00e9 du 20 H de TF1; vid\u00e9o, amener le curseur sur 15:46) :     <\/strong>                    http:\/\/www.tf1.fr\/tf1\/jt-20h\/videos\/20-heures-21-novembre-2016.html<\/p>\n<p><strong>-&#8220;Fran\u00e7ois Fillon appartient \u00e0 une famille traditionaliste, je suis plus ouvert au modernisme. Ce qu&#8217;on voit aujourd&#8217;hui, c&#8217;est la reconstitution du couple Sarkozy-Fillon. Son programme est d&#8217;une tr\u00e8s grande brutalit\u00e9 sociale&#8221; (Alain Jupp\u00e9, invit\u00e9 du 20 h de France 2; vid\u00e9o) : <\/strong> http:\/\/www.francetvinfo.fr\/politique\/les-republicains\/primaire-de-la-droite\/alain-juppe-francois-fillon-appartient-a-une-famille-traditionaliste-je-suis-plus-ouvert-au-modernisme_1932281.html<\/p>\n<p>-Face \u00e0 face Val\u00e9rie Boyer, d\u00e9put\u00e9e LR des Bouches-du-Rh\u00f4ne qui soutient Fran\u00e7ois Fillon\/Benoist Apparu, d\u00e9put\u00e9 LR de la Marne qui soutient Alain Jupp\u00e9 (d\u00e9bat anim\u00e9 par Francis Letellier; vid\u00e9o, amener le curseur sur 3:03) :                                                                            http:\/\/www.francetvinfo.fr\/replay-jt\/france-3\/soir-3\/jt-grand-soir-3-lundi-21-novembre-2016_1920419.html<\/p>\n<p>-&#8220;La d\u00e9faite de Nicolas Sarkozy est forte, il faut en prendre acte, c&#8217;est ce qu&#8217;il a fait hier soir. On attendait un pugilat, il n&#8217;a pas eu lieu. J&#8217;ai une fid\u00e9lit\u00e9 tr\u00e8s ancienne \u00e0 Nicolas Sarkozy&#8221; (son porte-parole Eric Ciotti, d\u00e9put\u00e9 LR des Alpes Maritimes, face \u00e0 Patrick Cohen; vid\u00e9o) : https:\/\/www.franceinter.fr\/emissions\/l-invite-de-8h20\/l-invite-de-8h20-21-novembre-2016<\/p>\n<p>-&#8220;La d\u00e9faite de Sarkozy est une d\u00e9ception collective&#8221; (Brice Hortefeux, eurod\u00e9put\u00e9 LR; face \u00e0 Audrey Crespo-Mara; vid\u00e9o) :                                                                                                                      http:\/\/www.lci.fr\/primaire-droite\/video-primaire-droite-brice-hortefeux-sur-lci-la-defaite-de-sarkozy-est-une-deception-collective-2013581.html<\/p>\n<p>-&#8220;Il y a un mur m\u00e9diatique qui l&#8217;a d\u00e9moli&#8221; (face \u00e0 Elizabeth Martichoux; vid\u00e9os) :         http:\/\/www.rtl.fr\/actu\/politique\/primaire-de-la-droite-nicolas-sarkozy-il-y-a-eu-un-mur-qui-l-a-demoli-estime-brice-hortefeux-7785889703    <\/p>\n<p>-&#8220;Une superbe journ\u00e9e de mobilisation et d&#8217;organisation. On est loin derri\u00e8re. Maintenant, il va y avoir un vrai et bon d\u00e9bat projet contre projet&#8221; (Edouard-Philippe, d\u00e9put\u00e9 LR de Seine Maritime, porte-parole d&#8217;Alain Jupp\u00e9; interrog\u00e9 par Audrey Crespo-Mara; vid\u00e9o) :  http:\/\/www.lci.fr\/replay\/replay-l-invite-politique-du-lundi-21-novembre-edouard-philippe-2013561.html <\/p>\n<p><strong>-&#8220;Je suis heureuse de ce premier tour qui permet \u00e0 la droite de tourner la page sans Sarkozy. Je continue de penser que le meilleur candidat est Alain Jupp\u00e9. Maintenant, vont se confronter les programmes. On verra celui qui est le plus cr\u00e9dible pour r\u00e9former la France&#8221; (Val\u00e9rie P\u00e9cresse, pr\u00e9sidente LR de la r\u00e9gion Ile-de-France; face \u00e0 L\u00e9a Salam\u00e9; vid\u00e9os) : <\/strong>                                          https:\/\/www.franceinter.fr\/emissions\/l-invite-de-7h50\/l-invite-de-7h50-21-novembre-2016<\/p>\n<p>-&#8220;Quand on a \u00e9t\u00e9 pr\u00e9sident, c&#8217;est difficile de revenir. Les Fran\u00e7ais ont  voulu confier la responsabilit\u00e9 \u00e0 quelqu&#8217;un qui ne l&#8217;avait pas \u00e9t\u00e9. Je ne donne pas de consigne de vote mais je voterait pour Fran\u00e7ois Fillon&#8221; (Laurent Wauquiez, pr\u00e9sident du Parti LR; face \u00e0 Caroline Roux; vid\u00e9o) : http:\/\/www.france2.fr\/emissions\/telematin\/actu\/les-4-verites-laurent-wauquiez_525997<\/p>\n<p>-&#8220;Le plus impressionnant, c&#8217;est la participation. Le peuple de droite veut une vraie alternance. Les \u00e9lecteurs ont voulu rejeter Nicolas Sarkozy et Alain Jupp\u00e9. Ils ont choisi la s\u00e9curit\u00e9 pour le faire avec Fran\u00e7ois Fillon&#8221; (Alain Chr\u00e9tien, d\u00e9put\u00e9-maire LR de Vesoul, porte-parole de Bruno Le Maire; interrog\u00e9 par Alain Chr\u00e9tien; vid\u00e9o) :                                                                                                                 http:\/\/www.rfi.fr\/video\/20161121-alain-chretien-depute-maire-vesoul<\/p>\n<p>-&#8220;Fran\u00e7ois Fillon a \u00e9t\u00e9 le champion de la droite. Les Fran\u00e7ais ont aim\u00e9 sa retenue&#8221; (Bruneau Retailleau, pr\u00e9sident du groupe LR au S\u00e9nat, face \u00e0 Thomas Sotto; vid\u00e9o) :                                                 http:\/\/www.europe1.fr\/emissions\/l-interview-verite\/bruno-retailleau-francois-fillon-a-ete-le-champion-de-la-droite-2906327<\/p>\n<p><strong>-&#8220;Dans cette proportion, la victoire de Fran\u00e7ois Fillon \u00e9tait compl\u00e8tement impr\u00e9visible. Je crois qu&#8217;il y a un d\u00e9bat de fond, avec Alain Jupp\u00e9 qui consid\u00e8re que c&#8217;est \u00e0 l&#8217;Etat d&#8217;animer l&#8217;\u00e9conomie alors que Fran\u00e7ois Fillon a fait compl\u00e8tement sa mue avec sa formule &#8220;Libert\u00e9 \u00e0 la libert\u00e9&#8221;.&#8221;On a envie d&#8217;en sortir de cette France mollassonne qui doute de tout (G\u00e9rard Longuet, s\u00e9nateur de la Meuse, soutien du d\u00e9put\u00e9 de Paris; invit\u00e9 de &#8220;Territoires d&#8217;Infos&#8221;; vid\u00e9o, amener le curseur sur 33:43)<\/strong> :  http:\/\/www.radioclassique.fr\/player\/progaction\/iniPlayer\/podcast\/2016-11-21-08-13-00.html<\/p>\n<p>-&#8220;Il va falloir mener bataille. Les gens on d\u00e9j\u00e0 regard\u00e9 le programme, sinon, ils n&#8217;auraient pas vot\u00e9 pour lui&#8221; (Florence Portelli, maire LR de Taverny (95); porte-parole de Fran\u00e7ois Fillon; son) :        http:\/\/www.sudradio.fr\/Podcasts\/L-invite-pour-comprendre\/Florence-Portelli-maire-de-Taverny-porte-parole-de-Francois-Fillon<\/p>\n<p>-Pour elle, &#8220;les d\u00e9bats ont lib\u00e9r\u00e9 Fillon&#8221; (son) : http:\/\/www.rtl.fr\/actu\/societe-faits-divers\/primaire-de-la-droite-les-debats-ont-libere-fillon-pour-florence-portelli-7785895250<\/p>\n<p>-&#8220;J&#8217;ai sans doute des valeurs communes avec Fran\u00e7ois Fillon, mon probl\u00e8me, c&#8217;est l&#8217;imp\u00f4t&#8221; (Christian Estrosi, pr\u00e9sident PR de la r\u00e9gion PACA; face \u00e0 Guillaume Durand; vid\u00e9o) : http:\/\/www.dailymotion.com\/video\/x52uvmi<\/p>\n<p>-&#8220;J&#8217;ai connu des candidats \u00e0 49% au premier tour qui perdaient au deuxi\u00e8me&#8221; (Herv\u00e9 Mariton, d\u00e9put\u00e9 LR de la Dr\u00f4me, interrog\u00e9 par Dimitri Pavlenko; son) :                                                           http:\/\/www.sudradio.fr\/Podcasts\/L-invite-pour-comprendre\/Herve-Mariton-depute-LR-de-la-Drome-soutien-d-Alain-Juppe<\/p>\n<p>-&#8220;On sentait l&#8217;alchimie monter surtout apr\u00e8s le deuxi\u00e8me d\u00e9bat. Fran\u00e7ois Fillon a r\u00e9ussi \u00e0 se d\u00e9gager d&#8217;un bilan qu&#8217;il partage pourtant avec Nicolas Sarkozy&#8221; (son soutien, Brigitte Kuster, maire LR du 17e arrondissement de Paris; interrog\u00e9e par Dimitri Pavlenko; son) : http:\/\/www.sudradio.fr\/Podcasts\/L-invite-pour-comprendre\/Brigitte-Kuster-maire-LR-du-17eme-arrondissement<\/p>\n<p>-&#8220;La primaire n&#8217;est pas une affaire d&#8217;appareils, mais d&#8217;\u00e9lecteurs&#8221; (Christophe Borgel , d\u00e9put\u00e9 PS de Haute-Garonne, responsable de la primaire de gauche, face \u00e0 Serge Grouard, d\u00e9put\u00e9-maire LR d&#8217;Orl\u00e9ans, soutient de Fran\u00e7ois Fillon; vid\u00e9o) :  http:\/\/www.francetvinfo.fr\/politique\/ps\/primaire-a-gauche\/la-primaire-n-est-pas-une-affaire-d-appareils-mais-d-electeurs_1931557.html<\/p>\n<p>-&#8220;Une claque \u00e0 tous les sc\u00e9narios \u00e9crits \u00e0 l&#8217;avance. Un vote anti-Sarkozy. Une participation colossale et c&#8217;est un candidat clairement \u00e0 droite qui l&#8217;emporte. Une mauvaise nouvelle pour Bayrou, Marine Le Pen et Fran\u00e7ois Hollande, avec une volont\u00e9 incroyable d&#8217;alternance. Seul Emmanuel Macron peut \u00e9ventuellement en profiter&#8221; (Guillaume Tabard, du &#8220;Figaro&#8221;; son) :  http:\/\/www.radioclassique.fr\/player\/progaction\/iniPlayer\/podcast\/2016-11-21-08-13-00.html<\/p>\n<p>-&#8220;Nicolas Sakozy n&#8217;a pas su voir \u00e0 quel point il \u00e9tait discr\u00e9dit\u00e9&#8221; (Alba Ventura; vid\u00e9o) :  http:\/\/www.rtl.fr\/actu\/politique\/primaire-de-la-droite-nicolas-sarkozy-n-a-pas-su-voir-a-quel-point-il-etait-discredite-decrypte-alba-ventura-7785889381<\/p>\n<p>-&#8220;Il parait impossible que Fillon soit battu&#8221; (Yves Thr\u00e9ard; vid\u00e9o) : http:\/\/www.europe1.fr\/emissions\/ledito-politique-dyves-threard\/fillon-peut-il-perdre-la-primaire-2906228<\/p>\n<p>-Fran\u00e7ois Fillon, &#8220;c&#8217;est l&#8217;id\u00e9al-type de l&#8217;\u00e9lecteur de droite traditionnel. Ils ne se repr\u00e9sentent pas ce que va produire sa politique \u00e9conomique. On va retrouver la CGT dans la rue, je vous l&#8217;assure&#8221; (Fr\u00e9d\u00e9ric Saint Clair, analyste politique; son) : http:\/\/www.sudradio.fr\/Podcasts\/L-invite-pour-comprendre\/Frederic-Saint-Clair-analyste-politique<\/p>\n<p>-&#8220;Le duel Fillon-Jupp\u00e9, une affiche qui me laisse dubitatif&#8221; (Daniel Cohn-Bendit; son) : http:\/\/www.europe1.fr\/emissions\/l-humeur\/fillon-juppe-une-affiche-qui-laisse-dubitative-2906333<\/p>\n<p>-&#8220;Des cadavres bien planqu\u00e9s&#8221; (Nathalie Schuck; son) : https:\/\/www.franceinter.fr\/emissions\/histoires-politiques\/histoires-politiques-21-novembre-2016<\/p>\n<p>-&#8220;C&#8217;est plus une diff\u00e9rence de mesure que de nature qui s\u00e9pare les deux programmes \u00e9conomiques&#8221; (Fran\u00e7ois Lenglet; vid\u00e9o) : http:\/\/www.rtl.fr\/actu\/societe-faits-divers\/fillon-juppe-quelles-differences-dans-leurs-programmes-economiques-7785889554<\/p>\n<p>-&#8220;La victoire de Fran\u00e7ois Fillon \u00e9tait-elle compl\u00e8tement inattendue ?&#8221; (Nicolas Domenach et Alain Duhamel; vid\u00e9o) : http:\/\/www.rtl.fr\/actu\/politique\/la-victoire-de-francois-fillon-etait-elle-completement-inattendue-7785890193<\/p>\n<p>-&#8220;Fran\u00e7ois Fillon, r\u00e9ceptacle de l&#8217;anti-sarkozysme de gauche et de droite&#8221; (Thomas Legrand; son) : https:\/\/www.franceinter.fr\/emissions\/l-edito-politique\/l-edito-politique-21-novembre-2016<\/p>\n<p><strong>-&#8220;Il a su incarner le mouvement dans la campagne \u00e9lectorale&#8221; (St\u00e9phane Roz\u00e8s, pr\u00e9sident de Cap; interrog\u00e9 par Eric Delvaux; son) :       <\/strong>                                                                                 https:\/\/www.franceinter.fr\/emissions\/l-invite-du-5-7\/l-invite-du-5-7-21-novembre-2016<\/p>\n<p><strong>EUROPE-MONDE<\/strong><\/p>\n<p><strong>-&#8220;Le CETA, un accord ni \u00e9colo, ni progressiste, ni social&#8221; (Daniela Vincenti) : <\/strong> http:\/\/www.euractiv.fr\/section\/innovation-entreprises\/news\/ceta-is-no-gold-standard-finds-report-ahead-of-vote-in-parliament\/?nl_ref=25259734<\/p>\n<p>-&#8220;Des pesticides dans les produits bio&#8221; (Yolaine de la Bigne; son) :  http:\/\/www.sudradio.fr\/Podcasts\/Quelle-epoque-ethique\/Europe-pesticides-et-bio-un-debat-houleux<\/p>\n<p>-&#8220;Malgr\u00e9 les controverses qui entourent le commissaire europ\u00e9en G\u00fcnther Oettinger, Martin Schulz, le pr\u00e9sident du Parlement europ\u00e9en, a propos\u00e9 de ne pas le soumettre aux auditions parlementaires habituelles, alors qu&#8217;il doit changer de portefeuille&#8221; (Jorge Valero) : http:\/\/www.euractiv.fr\/section\/politique\/news\/parliament-leaning-towards-exempting-oettinger-from-hearing\/?nl_ref=25259734<\/p>\n<p>-&#8220;Le destin de Mme Merkel&#8221; (Bernard Guetta; vid\u00e9o) : https:\/\/www.franceinter.fr\/emissions\/geopolitique\/geopolitique-21-novembre-2016<\/p>\n<p><strong>-&#8220;Podemos, de la rue aux institutions&#8221; (Felip Cazal) :      <\/strong>                                 https:\/\/blogs.mediapart.fr\/felip-cazal\/blog\/201116\/podemos-de-la-rue-aux-institutions<\/p>\n<p><strong>-&#8220;La situation continue de se d\u00e9grader en Gr\u00e8ce dans l&#8217;indiff\u00e9rence des europ\u00e9ens&#8221; (Elizavet Laludaki; son)<\/strong> :  https:\/\/www.franceinter.fr\/emissions\/meridien-d-europe\/meridien-d-europe-21-novembre-2016<\/p>\n<p>-L&#8217;avenir des eurod\u00e9put\u00e9s britanniques divise le Parlement (C\u00e9cile Barbi\u00e8re) : http:\/\/www.euractiv.fr\/section\/politique\/news\/lavenir-des-eurodeputes-britanniques-divise-au-parlement\/?nl_ref=25259734<\/p>\n<p><strong>-En Turquie, des manifestations contre la d\u00e9p\u00e9nalisation des viols de mineures (vid\u00e9o) <\/strong> : http:\/\/www.francetvinfo.fr\/monde\/turquie\/turquie-polemique-autour-d-un-projet-de-loi-sur-la-depenalisation-des-viols-de-mineurs_1932353.html<\/p>\n<p>-&#8220;Les partisans de Fethullah G\u00fclen donnent leur version du coup d&#8217;\u00e9tat turc&#8221; (Georgi Gotev) :  http:\/\/www.euractiv.fr\/section\/politique\/news\/gulenists-give-their-version-of-the-turkish-coup\/?nl_ref=25259734<\/p>\n<p>-En Syrie, pr\u00e8s d&#8217;un million de personnes assi\u00e9g\u00e9es : http:\/\/www.francetvinfo.fr\/monde\/revolte-en-syrie\/syrie-pres-d-un-million-de-personnes-desormais-assiegees_1932109.html<\/p>\n<p>-De premiers quotas de p\u00eache instaur\u00e9s pour l&#8217;espadon de M\u00e9diterran\u00e9e en 2017 (Martine Valo) : http:\/\/www.lemonde.fr\/biodiversite\/article\/2016\/11\/21\/des-premiers-quotas-de-peche-instaures-pour-l-espadon-de-mediterranee-a-partir-de-2017_5035298_1652692.html<\/p>\n<p>-Des succ\u00e8s en demi-teinte contre la pand\u00e9mie du Sida (Paul Benkimoun) :     http:\/\/www.lemonde.fr\/planete\/article\/2016\/11\/21\/sida-des-succes-en-demi-teinte-contre-la-pandemie_5035432_3244.html<\/p>\n<p><em>-Le communiqu\u00e9 d&#8217;ONUSIDA (document) :<\/em>                                                      http:\/\/www.unaids.org\/fr\/resources\/presscentre\/pressreleaseandstatementarchive\/2016\/november\/20161121_PR_get-on-the-fast-track<\/p>\n<p><strong>CULTURE-MEDIAS<\/strong><\/p>\n<p><strong>-&#8220;Les crises \u00e0 l&#8217;universit\u00e9&#8221; (l&#8217;analyse du sociologue Fran\u00e7ois Vatin, interrog\u00e9 par Fa\u00efza Zerouala et Fran\u00e7ois Bonnet; vid\u00e9o) :<\/strong>                  https:\/\/www.youtube.com\/watch?v=m1AUxmf4Nnw<\/p>\n<p>-&#8220;Une chambre en Inde&#8221;, cr\u00e9ation du Th\u00e9\u00e2tre du Soleil, mise en sc\u00e8ne par Ariane Mnouchkine (Emmanuelle Bouchez) : http:\/\/www.telerama.fr\/sortir\/ariane-mnouchkine-le-rire-et-le-theatre-pour-combattre-l-horreur,150261.php#xtor<\/p>\n<p><strong>-Augustin Trapenard recevait un couple mythique du cin\u00e9ma fran\u00e7ais, Anouk Aim\u00e9e et Jean-Louis Trintignant, dans &#8220;Un homme et une femme&#8221; de Claude Lelouch, sorti il y a cinquante ans (son) : <\/strong> https:\/\/www.franceinter.fr\/emissions\/le-billet-de-sophia-aram\/le-billet-de-sophia-aram-21-novembre-2016<\/p>\n<p><strong>-Costa-Gravas commente des extraits de ses films. Aujourd&#8217;hui, dans &#8220;Compartiment tueurs&#8221; sorti en 1965 (propos recueillis par Samuel Douhaire; vid\u00e9o) : <\/strong> http:\/\/www.telerama.fr\/cinema\/costa-gavras-au-fil-de-ses-films-compartiment-tueurs-1965-ici-c-est-le-mouvement-permanent,150266.php#xtor<\/p>\n<p>-&#8220;Les beaux jours d&#8217;Aranjuez&#8221; de Wim Wenders (Laura Tuffery) :                    https:\/\/blogs.mediapart.fr\/laura-tuffery\/blog\/081116\/les-beaux-jours-daranjuez-de-wim-wenders <\/p>\n<p>-Robert Charlebois f\u00eate 50 ans de carri\u00e8re avec une tourn\u00e9e en France (invit\u00e9 de Marie-Sophie Lacarrau; vid\u00e9o) :  http:\/\/www.francetvinfo.fr\/monde\/canada\/robert-charlebois-fete-ses-50-ans-de-carriere-avec-une-tournee-en-france_1932001.html<\/p>\n<p>-&#8220;A nos corps-aimants&#8221;, le nouvel album sensuel d&#8217;Olivia Ruiz (V\u00e9ronique Dalmas; vid\u00e9os) : http:\/\/culturebox.francetvinfo.fr\/musique\/chanson-francaise\/a-nos-corps-aimants-le-nouvel-album-sensuel-d-olivia-ruiz-249075<\/p>\n<p>-Un coffret des premiers titres des Rolling Stones (Laurent Rigoulet) : http:\/\/www.telerama.fr\/musique\/les-stones-monomaniaques,150198.php#xtor<\/p>\n<p><strong>-Il y a 40 ans sortait &#8220;Songs In The Key OfLife'&#8221; de Stevie Wonder (Rebecca Manzoni; vid\u00e9o) :<\/strong>  https:\/\/www.franceinter.fr\/emissions\/pop-co\/pop-co-21-novembre-2016<\/p>\n<p>-Jusqu&#8217;au 29 janvier 2017, \u00e0 la Maison europ\u00e9enne de la photographie \u00e0 Paris, les photographes  Harry Callahan, Andres Serrano et Diana Michener (Luc Desbenoit) :                                        http:\/\/www.telerama.fr\/sortir\/a-la-mep-des-photographes-redonnent-gout-a-l-amerique,150269.php#xtor<\/p>\n<p><strong>-&#8220;Le bruit m\u00e9diatique engendr\u00e9 par la primaire de la droite&#8221; (Arnaud Benedetti, directeur de la communication de l&#8217;INSERM et Arlette Chabot, invit\u00e9s de Sonia Devillers; vid\u00e9o, amener le curseur sur 3:10) : <\/strong> https:\/\/www.franceinter.fr\/emissions\/le-billet-de-sophia-aram\/le-billet-de-sophia-aram-21-novembre-2016<\/p>\n<p>-&#8220;Quel choc !&#8221; dans la presse (Patrick Cohen; vid\u00e9o) : https:\/\/www.franceinter.fr\/emissions\/le-7h43\/le-7h43-21-novembre-2016<\/p>\n<p><strong>-&#8220;Au second tour de la primaire, le choix entre la nostalgie et la d\u00e9pression&#8221; (Charline Vanhoenacker; vid\u00e9o) :<\/strong>                                                                                                                               https:\/\/www.franceinter.fr\/emissions\/le-billet-de-charline-vanhoenacker\/le-billet-de-charline-vanhoenacker-21-novembre-2016<\/p>\n<p><strong>-&#8220;Ludovine de la Malbaise jubile&#8221; (Sophia Aram; vid\u00e9o) : <\/strong> https:\/\/www.franceinter.fr\/emissions\/le-billet-de-sophia-aram\/le-billet-de-sophia-aram-21-novembre-2016<\/p>\n<p><strong>-&#8220;Un premier tour qui tue&#8221; (Didier Porte; vid\u00e9o)  :  <\/strong>  https:\/\/www.youtube.com\/watch?v=Vr1XRh1jmuE<\/p>\n","protected":false},"excerpt":{"rendered":"<p>ACTUALITE -Plus de 700 postes pourraient disparaitre en Alsace dans l&#8217;entreprise Sotralentz (vid\u00e9o) : http:\/\/www.francetvinfo.fr\/economie\/entreprises\/emploi-les-salaries-de-sotralentz-fixes-ce-lundi-sur-leur-sort_1931963.html -Une nouvelle audience est fix\u00e9e au 6 d\u00e9cembre (la r\u00e9action de l&#8217;avocat du Comit\u00e9 d&#8217;entreprise; vid\u00e9o) : http:\/\/france3-regions.francetvinfo.fr\/alsace\/journee-decisive-avenir-sotralentz-1136719.html -Aujourd&#8217;hui mardi, le lancement de la 32e campagne des restaurants du coeur (vid\u00e9o) : http:\/\/www.francetvinfo.fr\/societe\/restos-du-coeur-lancement-de-la-32e-campagne-d-hiver-des-mardi-22-novembre_1932117.html -Discriminations, deux ans de concertation pour rien [&hellip;]<\/p>\n","protected":false},"author":1042,"featured_media":0,"comment_status":"open","ping_status":"open","sticky":false,"template":"","format":"standard","meta":{"_themeisle_gutenberg_block_has_review":false,"footnotes":""},"categories":[151],"tags":[],"class_list":["post-10023","post","type-post","status-publish","format-standard","hentry","category-la-revue-de-presse-de-lulu"],"_links":{"self":[{"href":"https:\/\/archives.regards.fr\/index.php?rest_route=\/wp\/v2\/posts\/10023","targetHints":{"allow":["GET"]}}],"collection":[{"href":"https:\/\/archives.regards.fr\/index.php?rest_route=\/wp\/v2\/posts"}],"about":[{"href":"https:\/\/archives.regards.fr\/index.php?rest_route=\/wp\/v2\/types\/post"}],"author":[{"embeddable":true,"href":"https:\/\/archives.regards.fr\/index.php?rest_route=\/wp\/v2\/users\/1042"}],"replies":[{"embeddable":true,"href":"https:\/\/archives.regards.fr\/index.php?rest_route=%2Fwp%2Fv2%2Fcomments&post=10023"}],"version-history":[{"count":0,"href":"https:\/\/archives.regards.fr\/index.php?rest_route=\/wp\/v2\/posts\/10023\/revisions"}],"wp:attachment":[{"href":"https:\/\/archives.regards.fr\/index.php?rest_route=%2Fwp%2Fv2%2Fmedia&parent=10023"}],"wp:term":[{"taxonomy":"category","embeddable":true,"href":"https:\/\/archives.regards.fr\/index.php?rest_route=%2Fwp%2Fv2%2Fcategories&post=10023"},{"taxonomy":"post_tag","embeddable":true,"href":"https:\/\/archives.regards.fr\/index.php?rest_route=%2Fwp%2Fv2%2Ftags&post=10023"}],"curies":[{"name":"wp","href":"https:\/\/api.w.org\/{rel}","templated":true}]}}