{"id":10016,"date":"2016-11-21T07:30:18","date_gmt":"2016-11-21T06:30:18","guid":{"rendered":"https:\/\/wp.muchomaas.com\/article-la-revue-du-21-novembre-2016\/"},"modified":"2023-06-23T23:23:28","modified_gmt":"2023-06-23T21:23:28","slug":"article-la-revue-du-21-novembre-2016","status":"publish","type":"post","link":"https:\/\/archives.regards.fr\/?p=10016","title":{"rendered":"La Revue du 21 novembre 2016"},"content":{"rendered":"<strong>ACTUALITE<\/strong>\n\n<strong>-Aujourd&#8217;hui, pr\u00e8s de 90% des marchandises voyagent par la route (Delphine Simon; son) :<\/strong> https:\/\/www.franceinter.fr\/emissions\/le-vrai-faux-de-l-europe\/le-vrai-faux-de-l-europe-19-novembre-2016\n\n<strong>-&#8220;Dans l&#8217;immobilier, les taux d&#8217;int\u00e9r\u00eat vont augmenter de fa\u00e7on progressive sur une p\u00e9riode d&#8217;un an. Le logement est d&#8217;abord une question de volont\u00e9 politique. Pourquoi devrait-on \u00eatre propri\u00e9taire puisque ce n&#8217;est vraiment utile qu&#8217;au moment de la retraite car les pensions sont trop basses ? Il n&#8217;y a pas de politique nationale du logement&#8221; (Alain Dinin, PDG de Nexity, interrog\u00e9 par Alexandra Bensaid; son, amener le curseur sur 34:00) :     <\/strong>                                                                    https:\/\/www.franceinter.fr\/emissions\/on-n-arrete-pas-l-eco\/on-n-arrete-pas-l-eco-19-novembre-2016\n\n<strong>-V\u00e9ronique Payet, pr\u00e9sidente du Secours catholique, invit\u00e9e d&#8217;Yves Calvi (vid\u00e9o, amen\u00e9 le curseur sur 1:04:03) :    <\/strong>                                                                                                                              http:\/\/www.lci.fr\/replay\/calvi-24-heures-en-questions-du-18-novembre-primaire-politique-ou-mediatique-2013278.html\n\n-&#8220;Les r\u00e9volutions technologiques de l&#8217;\u00e9cole de demain&#8221; (Camille Adaoust; vid\u00e9os) :                                                                                                                                                                 http:\/\/www.francetvinfo.fr\/choix\/tableau-connecte-videos-devoirs-telecommandes-les-revolutions-de-l-ecole-de-demain_1926829.html#xtor\n\n<strong>-&#8220;A quoi servent les classes vertes ?&#8221; (vid\u00e9o) : <\/strong> http:\/\/www.francetvinfo.fr\/societe\/education\/grand-format-classe-verte-a-quoi-ca-sert_1929145.html\n\n<strong>-L&#8217;importance de l&#8217;\u00e9ducation aux m\u00e9dias (Emmanuelle Daviet qui interroge le p\u00e9dagogue Philippe M\u00e9rieux; son) :<\/strong>               https:\/\/www.franceinter.fr\/emissions\/interclass\/interclass-20-novembre-2016\n\n-Les premi\u00e8res heures de Thomas Pesquet en orbite (vid\u00e9o) : http:\/\/www.francetvinfo.fr\/sciences\/espace\/thomas-pesquet-ses-premieres-heures-en-orbite_1927681.html\n\n-Arrimage r\u00e9ussi \u00e0 la station spatiale internationale (vid\u00e9o :                                http:\/\/www.francetvinfo.fr\/sciences\/espace\/thomas-pesquet-arrimage-reussi-a-la-station-spatiale-internationale_1930191.html\n\n-Brest lance le premier t\u00e9l\u00e9ph\u00e9rique urbain en France (vid\u00e9o) : http:\/\/www.lci.fr\/societe\/brest-lance-le-premier-telepherique-urbain-en-france-2013311.html\n\n-Pour le chauffage, le bois gagne du terrain (vid\u00e9o) :                                http:\/\/www.francetvinfo.fr\/economie\/chauffage-le-bois-gagne-du-terrain_1929125.html\n\n<strong>-&#8220;Des clubs de foot communautaires devenus ordinaires&#8221; (Sylvia Zappi et R\u00e9mi Dupr\u00e9) :        <\/strong>                                                                                                                                                                 http:\/\/www.lemonde.fr\/football\/visuel\/2016\/11\/17\/plongee-au-c-ur-du-foot-communautaire_5032595_1616938.html\n\n-Contre l&#8217;Australie, &#8220;perdants magnifiques, les Fran\u00e7ais ont nourri de belles esp\u00e9rances&#8221; (Daniel Herrero) :                                                                       http:\/\/www.lejdd.fr\/Chroniques\/Daniel-Herrero\/France-Australie-Perdants-magnifiques-les-Francais-ont-nourri-de-l-esperance-825943\n\n-Le combat des familles de victimes du crash du Egyptair MS804 (Sophie qui a perdu son fils de 26 ans; son) :                                                                    https:\/\/www.franceinter.fr\/emissions\/itw-societe-civile\/itw-societe-civile-20-novembre-2016\n\n-Li\u00e9es \u00e0 la mort d&#8217;Adama Traor\u00e9, de nouvelles violences ont \u00e9clat\u00e9 \u00e0 Beaumont-sur-Oise (95; Margaud Duguet; vid\u00e9o) :                                                                                                                        http:\/\/www.francetvinfo.fr\/faits-divers\/adama-traore\/mort-d-adama-traore-pourquoi-de-nouvelles-tensions-ont-eclate-a-beaumont-sur-oise_1926747.html#xtor\n\n<strong>-&#8220;La d\u00e9rive autoritaire qui arrive en Turquie peut advenir ici aussi&#8221; (Muratcan, \u00e9tudiant \u00e0 Paris I, fils de Murat Sabuncu, r\u00e9dacteur en chef du quotidien turc &#8220;Cumhuriyet&#8221;, en d\u00e9tention; propos recueillis par Marie Cailletet; vid\u00e9o) : <\/strong> http:\/\/www.telerama.fr\/monde\/la-derive-autoritaire-qui-arrive-en-turquie-peut-advenir-ici-aussi,150236.php#xtor\n\n<strong>-L&#8217;\u00e9tat d&#8217;urgence &#8220;ne peut \u00eatre prolong\u00e9 ind\u00e9finiment&#8221; (Jean-Marc Sauv\u00e9, vice-pr\u00e9sident du Conseil d&#8217;Etat) :   <\/strong>                                                                  http:\/\/www.lesechos.fr\/politique-societe\/politique\/0211509077709-etat-durgence-la-mise-en-garde-du-vice-president-du-conseil-detat-2043982.php\n\n<em>-70% des Fran\u00e7ais refusent que les libert\u00e9s publiques soient remises en causes au nom de la lutte antiterroriste (VIAVOICE) : <\/em>                                                  http:\/\/www.institut-viavoice.com\/viavoice-paris\/publications\/sondages-publies\/538-un-an-apres-les-attentats-de-paris-et-quatre-mois-apres-ceux-de-nice-70-des-francais-refusent-de-remettre-en-cause-les-libertes-publiques-au-nom-de-la-lutte-antiterroriste\n\n-Trois policiers jug\u00e9s aujourd&#8217;hui au tribunal de Bobigny (93) pour avoir bless\u00e9 des manifestants avec des tirs de flash-ball :                                                                                                                           http:\/\/france3-regions.francetvinfo.fr\/paris-ile-de-france\/trois-policiers-juges-lundi-bobigny-avoir-blesse-manifestants-au-flash-ball-1134863.html#xtor\n\n-A Saint-Denis (93), 500 kg de cannabis saisis au centre technique municipal. Deux employ\u00e9s mis en cause (Carole Sterl\u00e9 et Nathalie Revenu) :           http:\/\/www.leparisien.fr\/faits-divers\/employes-municipaux-et-trafiquants-19-11-2016-6347181.php\n\n<em>-&#8220;La municipalit\u00e9 se f\u00e9licite de la r\u00e9ussite de cette op\u00e9ration, conduite en coop\u00e9ration avec la ville&#8221; :<\/em>                                                                             http:\/\/ville-saint-denis.fr\/communique\/op%C3%A9ration-des-douanes-et-des-forces-de-police-au-centre-technique-municipal\n\n-Une campagne de pr\u00e9vention du VIH excite la droite dure (Alexandre Hervaud et Virginie Ballet) :                                                                                                                                                              http:\/\/www.liberation.fr\/france\/2016\/11\/18\/vandalisme-menace-de-plainte-une-campagne-de-prevention-du-vih-excite-la-droite-dure_1529351?xtor\n\n-&#8220;Le cardinal Barbarin demande pardon&#8221; (vid\u00e9o) : http:\/\/www.francetvinfo.fr\/societe\/religion\/pedophilie-de-l-eglise\/pedophilie-le-cardinal-barbarin-demande-pardon_1928779.html\n\n\n<strong>POLITIQUE<\/strong>\n\n<strong>-&#8220;Emmanuel Macron n&#8217;est pas  de droite et de gauche, il est de droite et de droite. Il est clair que Fran\u00e7ois Hollande a \u00e9t\u00e9 le grand destructeur du rassemblement de la gauche. Pour l&#8217;\u00e9conomie, il n&#8217;a choisi que des conseillers de droite. Il doit renoncer. Pour qu&#8217;il se passe quelque chose, il faut que l&#8217;emporte dans la primaire un candidat qui ne soit pas issu de la ligne Hollande-Valls. Il faut que nous soyons capables de nous f\u00e9d\u00e9rer pour les battre&#8221; (Marie-No\u00eblle Lienemann, s\u00e9natrice PS de Paris, candidate \u00e0 la primaire; interrog\u00e9e par Pierre Weill; son) : <\/strong> https:\/\/www.franceinter.fr\/emissions\/l-interview-politique\/l-interview-politique-19-novembre-2016\n\n-Le n\u00b0 304 de &#8220;Cerises&#8221; : http:\/\/www.cerisesenligne.fr\/file\/archive\/cerises-304.pdf\n\n<strong>-&#8220;Jean-Luc M\u00e9lenchon est tr\u00e8s dangereux pour la gauche, il est mortif\u00e8re&#8221; pour elle. (Robert Hue, s\u00e9nateur RDSE du Val d&#8217;Oise; interrog\u00e9 par Serge Moati; vid\u00e9o). (Au moins une question sur laquelle se retrouvent Robert Hue et ceux qui l&#8217;ont combattu avec le plus d&#8217;acharnement quand il \u00e9tait secr\u00e9taire national du PCF. C&#8217;est Fran\u00e7ois Hollande qui va \u00eatre content !) <\/strong> :                                                                     http:\/\/www.dailymotion.com\/video\/x1oujco_robert-hue-la-strategie-de-jean-luc-melenchon-est-mortifere-pour-la-gauche_news\n\n-L&#8217;interview int\u00e9grale (vid\u00e9o) : http:\/\/www.dailymotion.com\/video\/x1otary_politiques-la-reforme-territoriale_school\n\n-&#8220;M\u00e9lenchon ou pas M\u00e9lenchon ? Quelle mis\u00e8re !&#8221; (Didier Nieto; pi\u00e8ce jointe); \n\n_&#8221;Nous voulons mener la campagne de Jean-Luc M\u00e9lenchon dans un cadre commun, large et pluraliste&#8221; (Cl\u00e9mentine Autain; entretien r\u00e9alis\u00e9 par Aur\u00e9lien Soucheyre) : http:\/\/www.humanite.fr\/clementine-autain-nous-voulons-mener-la-campagne-de-jean-luc-melenchon-dans-un-cadre-commun-large-et\n\n<em>-Le communiqu\u00e9 du Collectif national &#8220;d&#8217;Ensemble&#8221; : <\/em> \nhttps:\/\/www.ensemble-fdg.org\/content\/communique-du-collectif-national-densemble-des-19-et-20-novembre-2016\n\n-&#8220;Je suis le candidat de l&#8217;\u00e9cologie. Aucun des candidats de la droite n&#8217;a os\u00e9 en parler. Macron a raison de vouloir renouveler la vie politique mais sur l&#8217;\u00e9nergie, c&#8217;est un conservateur&#8221;  (L&#8217;eurod\u00e9put\u00e9 Yannick Jadot, candidat \u00e9cologiste \u00e0 l&#8217;\u00e9lection pr\u00e9sidentielle, \u00e9tait l&#8217;invit\u00e9 de &#8220;Punchline&#8221;, l&#8217;\u00e9mission de Laurence Ferrari; vid\u00e9o) :                          http:\/\/replay.c8.fr\/video\/1424766\n\n-&#8220;Mais si, il y a encore des partisans de Fran\u00e7ois Hollande !&#8221; (Christophe Jakubysnyz, animateur de &#8220;Bureau politique&#8221;, dont l&#8217;invit\u00e9 \u00e9tait Didier Guillaume, pr\u00e9sident du groupe PS du S\u00e9nat : http:\/\/www.lci.fr\/replay\/replay-bureau-politique-du-20-novembre-2016-avec-didier-guillaume-2013481.html\n\n-&#8220;L&#8217;appel de personnalit\u00e9s du JDD est le bien-venu. Je l&#8217;aurais sign\u00e9. Il est parfaitement l\u00e9gitime par rapport \u00e0 l&#8217;action men\u00e9e par le gouvernement. Le bilan est aujourd&#8217;hui r\u00e9\u00e9valu\u00e9. Manuel Valls est un homme d&#8217;Etat de premier plan. Respectons la d\u00e9marche de Fran\u00e7ois Hollande. Il y a une marginalisation des forces de gauche dans le monde (le secr\u00e9taire d&#8217;Etat Jean-Marie Le Guen; invit\u00e9 du &#8220;Grand Rendez-vous&#8221; d&#8217;Europe 1 ; vid\u00e9o) : http:\/\/www.itele.fr\/magazines\/grand-rendez-vous-politique-darmon\/le-grand-rendez-vous-partie-1-du-20112016-171590\n\n-&#8220;Manuel Valls doit se pr\u00e9parer&#8221; (dans le JDD, propos recueillis par David Revault D&#8217;Allonnes) :                                                                                           http:\/\/www.lejdd.fr\/Politique\/Jean-Marie-Le-Guen-Manuel-Valls-doit-se-preparer-825976\n\n-&#8220;Trop d&#8217;\u00e9lecteurs qui votaient pour moi \u00e0 Montb\u00e9liard, aujourd&#8217;hui votent FN. En 2002, la pr\u00e9sence de Jean-Marie Le Pen au second tour fut une surprise historique. Aujourd&#8217;hui, ce qui en serait une, c&#8217;est que Marine Le Pen n&#8217;y soit pas. Je pense qu&#8217; elle ne sera pas la prochaine pr\u00e9sidente parce que nous n&#8217;avons pas un bipartisme comme aux Etats-Unis. Mais tout peut arriver. La coalition de Donald Trump, on peut l&#8217;avoir ici. Vous avez vu que j&#8217;ai propos\u00e9 moins d&#8217;aust\u00e9rit\u00e9 en Europe et que les pays qui ont des marges de manoeuvre, comme l&#8217;Allemagne et les Pays-Bas, investissent davantage&#8221; (Pierre Moscovici, commissaire europ\u00e9en, \u00e9tait l&#8217;invit\u00e9 de &#8220;Questions Politiques&#8221; sur France Inter; vid\u00e9o, amener le curseur sur 16:13 et 23:40) : http:\/\/www.dailymotion.com\/video\/x52rbc6_pierre-moscovici-invite-de-questions-politiques-premiere-partie_news\n\n-Dans le JDD, une soixantaine de personnalit\u00e9s disent &#8220;Stop au Hollande-bashing&#8221; (sur les r\u00e9seaux sociaux revient en force &#8220;ce sont des riches de plus de 50 ans&#8221; et &#8220;Hillary Clinton aussi \u00e9tait soutenue par ce type de personnalit\u00e9s&#8221; : http:\/\/www.lejdd.fr\/Politique\/Deneuve-Binoche-Biolay-Une-cinquantaine-de-personnalites-disent-stop-au-Hollande-bashing-825751              \n\n-&#8220;Il n&#8217;est pas trop tard pour qu&#8217;Emmanuel Macron s&#8217;inscrive \u00e0 la primaire de la gauche&#8221; (Fran\u00e7ois de Rugy, d\u00e9put\u00e9 \u00e9cologiste de Loire Atlantique; invit\u00e9 de la matinale de Franceinfo; son) :                http:\/\/www.francetvinfo.fr\/replay-radio\/8h30-politique\/primaire-a-gauche-pour-francois-de-rugy-il-n-est-pas-trop-tard-pour-qu-emmanuel-macron-s-inscrive_1917805.html\n\n<strong>-Ce soir lundi, France 3 diffuse un documentaire sur l&#8217;ancien ministre de l&#8217;Economie de Fran\u00e7ois Hollande (Anne-Charlotte Dusseaulx; vid\u00e9os) (Apr\u00e8s les deux journaux de 20H successifs que lui a consacr\u00e9 France 2, on peut pour le moins s&#8217;interroger sur cette sollicitude du service public !) :  <\/strong>                                                              http:\/\/www.lejdd.fr\/Politique\/VIDEOS-Emmanuel-Macron-comme-vous-ne-l-avez-jamais-vu-825622\n\n-&#8220;Je suis un peu d\u00e9\u00e7u car c&#8217;est une personnalit\u00e9 que j&#8217;aime bien. J&#8217;esp\u00e8re qu&#8217;il n&#8217;aura pas les 500 signatures car je pense qu&#8217;il peut disqualifier la gauche du second tour&#8221; (Razzy Hammadi, d\u00e9put\u00e9 PS de Seine-Saint-Denis; interrog\u00e9 par Philippe Vandel; son) :                                                                                                                                                                                                                                               http:\/\/www.francetvinfo.fr\/replay-radio\/tout-et-son-contraire\/razzy-hammadi-au-foot-benoit-hamon-a-un-probleme-il-tacle-au-dessus-du-genou_1916443.html\n\n<em>-Les Fran\u00e7ais et &#8220;le cavalier seul&#8221; d&#8217;Emmanuel Macron (ODOXA) : <\/em> http:\/\/www.odoxa.fr\/les-francais-approuvent-la-candidature-cavalier-seul-demmanuel-macron\/\n\n-&#8220;Casse-t-il les codes de la communication politique ?&#8221; (Arnaud Mercier, professeur de communication politique, interrog\u00e9 par David Abiker; son, amener le curseur sur 11:11) :             http:\/\/www.europe1.fr\/emissions\/c-est-arrive-cette-semaine\/cest-arrive-cette-semaine-191116-2904866\n\n-&#8220;Je pense que nous d\u00e9passerons les trois millions de votants. Le Pen peut gagner si nous sommes la droite la plus b\u00eate du monde&#8221; (Thierry Sol\u00e8re, d\u00e9put\u00e9 LR des Hauts-de-Seine, responsable de l&#8217;organisation de la primaire; invit\u00e9 du &#8220;Grand Jury-RTL; vid\u00e9o) :                                                         http:\/\/www.rtl.fr\/actu\/politique\/primaire-de-la-droite-je-pense-que-nous-depasserons-les-3-millions-de-votants-estime-thierry-solere-7785878754\n\n-&#8220;Je ne vois pas MAM rompre cette unit\u00e9 derri\u00e8re le vainqueur de la primaire&#8221; (interrog\u00e9 par Wendy Bouchard; son) :           http:\/\/www.europe1.fr\/emissions\/l-interview-politique-du-week-end\/solere-on-ne-sait-pas-quel-corps-electoral-va-se-deplacer-pour-la-primaire-de-la-droite-et-du-centre-2904782\n\n<em>-Les r\u00e9sultats officiels du premier tour de la primaire de la droite et du centre :  <\/em>   http:\/\/www.primaire2016.org\/\n\n-La carte de la primaire :                                                                                  \nhttp:\/\/www.francetvinfo.fr\/politique\/les-republicains\/primaire-de-la-droite\/carte-primaire-a-droite-decouvrez-les-resultats-departement-par-departement_1930387.html#xtor=EPR-51\n\n<em>-Le sondage \u00e0 la sortie des urnes (HARRIS)<\/em> :                                                   http:\/\/harris-interactive.fr\/wp-content\/uploads\/sites\/6\/2016\/11\/Rapport-Harris-20h30-Sondage-Jour-du-vote-1er-tour-de-la-Primaire-de-la-droite-et-du-centre-LCP-Public-S%C3%A9nat.pdf\n\n<em>-Le m\u00eame, moins complet (ODOXA) : <\/em>  http:\/\/www.odoxa.fr\/les-motivations-des-votants-de-la-primaire-de-la-droite-et-du-centre\/\n\n<strong>-Les r\u00e9actions de Fran\u00e7ois Fillon, Alain Jupp\u00e9, Nicolas Sarkozy, NKM et  Bruno Le Maire (vid\u00e9os) :    <\/strong>                                                                                                    http:\/\/www.francetvinfo.fr\/politique\/les-republicains\/primaire-de-la-droite\/video-premier-tour-de-la-primaire-a-droite-regardez-en-integralite-la-reaction-de-francois-fillon_1930529.html                                                                                  http:\/\/www.francetvinfo.fr\/politique\/les-republicains\/primaire-de-la-droite\/video-premier-tour-de-la-primaire-a-droite-regardez-en-integralite-la-reaction-d-alain-juppe_1930607.html                                                                                 http:\/\/www.francetvinfo.fr\/politique\/les-republicains\/primaire-de-la-droite\/video-premier-tour-de-la-primaire-a-droite-regardez-en-integralite-la-reaction-de-nicolas-sarkozy_1931221.html                                                                                 http:\/\/www.dailymotion.com\/video\/x52s0qt_primaire-de-la-droite-nkm-je-soutiendrai-alain-juppe-au-second-tour_news                                                                                http:\/\/www.francetvinfo.fr\/politique\/les-republicains\/primaire-de-la-droite\/video-bruno-le-maire-je-voterai-pour-francois-fillon-au-second-tour-de-la-primaire_1930509.html                                                     \n\n-&#8220;Les cinq propositions phares de Fran\u00e7ois Fillon; le pari du mariage lib\u00e9ral et conservateur&#8221; (Isabelle Ficek) :                    http:\/\/www.lesechos.fr\/elections\/primaire-a-droite\/0211474830533-le-pari-du-mariage-liberal-et-conservateur-2043138.php\n\n-&#8220;Ce qui diff\u00e9rencie les programmes de Fillon et Jupp\u00e9&#8221; (Maxime Vaudano, Adrien S\u00e9n\u00e9cat et Laure Motet) :                                                                                  http:\/\/www.lemonde.fr\/les-decodeurs\/article\/2016\/11\/21\/primaire-de-la-droite-ce-qui-differencie-fillon-et-juppe-dans-leurs-programmes_5034820_4355770.html#xtor\n\n-&#8220;La grande d\u00e9prime des supporters de Nicolas Sarkozy&#8221; (vid\u00e9o) :                 http:\/\/www.francetvinfo.fr\/politique\/les-republicains\/primaire-de-la-droite\/videos-primaire-a-droite-au-qg-de-nicolas-sarkozy-la-grande-deprime-des-supporters-de-l-ex-president_1931213.html\n\n-Des \u00e9lecteurs de gauche sont venus voter \u00e0 Vitr\u00e9, en Ile-et Vilaine (vid\u00e9o) :           http:\/\/www.lci.fr\/politique\/jt-we-primaire-a-droite-quand-les-electeurs-de-gauche-s-invitent-a-la-fete-2013457.html\n\n-&#8220;Des millions de Fran\u00e7ais prennent conscience que la politique de Nicolas Sarkozy et celle de Fran\u00e7ois Hollande sont les m\u00eames. Le g\u00e9n\u00e9ral de Gaulle disait que la primaire \u00e9tait le moyen de choisir le plus insipide, le plus inodore. Moi, je d\u00e9fends les institutions de la Ve R\u00e9publique. C&#8217;est nous qui posons les th\u00e8mes du d\u00e9bat politique, les autres tournent autour. Ce genre d&#8217;appel du showbiz est contre-productif&#8221; (Marine Le Pen, interrog\u00e9e par Francis Letellier dans &#8220;Dimanche Politique&#8221;; vid\u00e9o pendant 6 jours) :                                                    http:\/\/pluzz.francetv.fr\/videos\/dimanche_en_politique.html\n\n-&#8220;On est sereins, en face de nous, on ne voit que divisions et cacophonie. Une partie de ma famille \u00e9tait de gauche&#8221; (Louis Alliot, eurod\u00e9put\u00e9 FN, interrog\u00e9  par St\u00e9phane Ratinaud; vid\u00e9o pendant 6 jours) : http:\/\/pluzz.francetv.fr\/videos\/dimanche_en_politique_languedoc_roussillon_,149962907.html\n\n-&#8220;Je ne suis pas all\u00e9 voter \u00e0 la primaire de la droite et du centre. Leurs valeurs n&#8217;ont pas fait leurs preuves. \u00c7a montre seulement qu&#8217;ils n&#8217;ont plus de leader et affaiblit les partis politiques, ce qui est tr\u00e8s mauvais pour la d\u00e9mocratie&#8221; (Wallerand de Saint-Just, conseiller r\u00e9gional FN d&#8217;Ile-de-France; interrog\u00e9 par Da\u00eft Audouit; vid\u00e9o) :        http:\/\/pluzz.francetv.fr\/videos\/dimanche_en_politique_paris_ile_de_france_,148849752.html  \n\n<em>-Les intentions de vote au premier tour de l&#8217;\u00e9lection pr\u00e9sidentielle apr\u00e8s la candidature d&#8217;Emmanuel Macron (IFOP) :       <\/em>                                                 http:\/\/www.ifop.com\/?option=com_publication&#038;type=poll&#038;id=3562                                                 \n\nEUROPE-MONDE\n\n<strong>-&#8220;Fin de l&#8217;aust\u00e9rit\u00e9 en Europe ?&#8217; (Val\u00e9ry Lerouge; vid\u00e9o) : <\/strong> http:\/\/www.francetvinfo.fr\/economie\/crise\/austerite-en-europe\/fin-de-l-austerite-en-europe-une-decision-strategique_1925825.html#xtor\n\n<strong>-&#8220;Le risque d&#8217;isolement des Etats-Unis sur le plan \u00e9conomique est assez faible, celui sur les questions strat\u00e9giques est assez fort. S&#8217;ils changent au plan climatique, nous serons imm\u00e9diatement concern\u00e9s. Le doigt, c&#8217;est la mondialisation, la lune, c&#8217;est le capitalisme de march\u00e9&#8221; (Pascal Lamy, ancien directeur de l&#8217;OMC; interrog\u00e9 par David Abiker; son, amener le curseur sur 01:19) :<\/strong> http:\/\/www.europe1.fr\/emissions\/c-est-arrive-cette-semaine\/cest-arrive-cette-semaine-191116-2904866\n\n<em>-Les Fran\u00e7ais et le CETA (IFOP) :<\/em>                                                       http:\/\/www.ifop.com\/?option=com_publication&#038;type=poll&#038;id=3561\n\n-Angela Merkel en marche pour un 4e mandat (vid\u00e9o) :                                         http:\/\/www.francetvinfo.fr\/monde\/europe\/elections-en-allemagne\/allemagne-angela-merkel-va-briguer-un-quatrieme-mandat_1930473.html\n\n-&#8220;Il faut donner une chance \u00e0 Trump&#8221; (Lech Walesa; propos recueillis par Camille Neveux; vid\u00e9o) : http:\/\/www.dailymotion.com\/video\/x52onk2_lech-walesa-il-faut-donner-une-chance-a-trump_news\n\n<strong>-&#8220;Cucina Romana&#8221;. Entre le Vatican et la Piazza Navona, on explore le go\u00fbt de Rome&#8230;(Fran\u00e7ois-R\u00e9gis Gaudry; son) :   <\/strong>                                                        https:\/\/www.franceinter.fr\/emissions\/on-va-deguster\/on-va-deguster-20-novembre-2016\n\n-Viol, un projet de loi qui scandalise la Turquie : http:\/\/www.francetvinfo.fr\/monde\/turquie\/un-loi-instaurant-l-annulation-de-la-condamnation-pour-agression-sexuelle-sur-mineur-si-sa-victime-epouse-son-aggresseur-scandalise-la-turque_1928947.html#xtor\n\n<strong>-&#8220;Des deux c\u00f4t\u00e9s de la bombe&#8221; (&#8220;Compl\u00e9ment d&#8217;enqu\u00eate&#8221;; vid\u00e9o) : <\/strong> http:\/\/www.francetvinfo.fr\/economie\/emploi\/metiers\/armee-et-securite\/video-des-deux-cotes-de-la-bombe_1925865.html\n\n-L&#8217;int\u00e9grale du magazine de France 2 pr\u00e9sent\u00e9 par Nicolas Poincar\u00e9  (vid\u00e9o) : http:\/\/www.francetvinfo.fr\/replay-magazine\/france-2\/complement-d-enquete\/\n\n-&#8220;A Mossoul, la lente progression des forces irakiennes engag\u00e9es dans une gu\u00e9rilla urbaine&#8221; (H\u00e9l\u00e8ne Sallon; vid\u00e9o) :                                                                                                                             http:\/\/www.lemonde.fr\/proche-orient\/video\/2016\/11\/18\/a-mossoul-la-lente-progression-des-forces-irakiennes-engagees-dans-une-guerilla-urbaine_5033717_3218.html\n\n-&#8220;Alep subit ses plus violents bombardements d&#8217;artillerie depuis deux ans&#8221; :                                                                                                                                                                                                           http:\/\/www.lemonde.fr\/syrie\/article\/2016\/11\/19\/alep-subit-ses-plus-violents-bombardements-d-artillerie-depuis-2-ans_5033929_1618247.html\n\n<strong>-D&#8217;une intensit\u00e9 in\u00e9dite (vid\u00e9o) <\/strong> : http:\/\/www.francetvinfo.fr\/monde\/revolte-en-syrie\/syrie-les-bombardements-ont-repris_1927733.html\n\n-&#8220;Hassad a d\u00e9cid\u00e9 de d\u00e9truire son peuple. Vladimir Poutine soutient son r\u00e9gime monstrueux. Donald Trump a annonc\u00e9 qu&#8217;il allait se rapprocher de lui. Les pires crimes sont ceux du r\u00e9gime syrien, pas ceux de Daesh. Le responsable de tout ce chaos, c&#8217;est Georges Bush et sa guerre ill\u00e9gale en Irak&#8221; (Jack Lang, pr\u00e9sident de l&#8217;Institut du Monde arabe, invit\u00e9 du &#8220;Brunch Politique&#8221; de Louis Morin; son) :\nhttp:\/\/www.sudradio.fr\/Podcasts\/Le-Brunch-Politique\/Jack-Lang3\n\n-Nouvelle tentative de cessez-le-feu au Y\u00e9men : http:\/\/www.lemonde.fr\/proche-orient\/article\/2016\/11\/19\/une-nouvelle-tentative-de-cessez-le-feu-au-yemen_5033932_3218.html\n\n-&#8220;A Marrakech, une COP dans l&#8217;ombre de Donald Trump&#8221; (Isabelle Hanne) :                                                                                                                                                                                         http:\/\/www.liberation.fr\/planete\/2016\/11\/19\/cop-22-clap-de-fin-sur-le-sommet-climat-de-marrakech-dans-l-ombre-de-trump_1529498?xtor\n\n-&#8220;111 pays ont ratifi\u00e9 l&#8217;accord de Paris&#8221; (S\u00e9gol\u00e8ne Royale, interrog\u00e9e par Bernard Poirette; son) : http:\/\/www.rtl.fr\/actu\/politique\/cop22-111-etats-ont-ratifie-l-accord-de-paris-se-rejouit-segolene-royal-7785862436\n\n<strong>-&#8220;Les pays du monde entier ont salu\u00e9 le leadership fran\u00e7ais&#8221; :  <\/strong>                                                                                         http:\/\/www.lejdd.fr\/Societe\/Royal-sur-le-climat-Les-pays-du-monde-entier-ont-salue-le-leadership-francais-825952\n\n-&#8220;Un retrait des Etats-Unis serait symboliquement tr\u00e8s grave&#8221; (propos recueillis par Richard Bellet) : \n\n<strong>-&#8220;Les diplomates font semblant alors que nous sommes tous dans l&#8217;attente des d\u00e9cisions de Donald Trump. La bonne nouvelle, c&#8217;est la mobilisation mondiale de la soci\u00e9t\u00e9 civile  et l&#8217;engagement de 40 Etats du Sud&#8221; (Corinne Lepage, ancienne ministre de l&#8217;\u00e9cologie, invit\u00e9e de Pierre Weill; son) :   <\/strong>                                     https:\/\/www.franceinter.fr\/emissions\/l-interview-politique\/l-interview-politique-20-novembre-2016\n\n<em>-Les jeunes du Monde arabe et le d\u00e9veloppement durable (YOUGOV) :   <\/em>                https:\/\/fr.yougov.com\/news\/2016\/11\/18\/les-jeunes-du-monde-arabe-et-le-developpement-dura\/\n\n<strong>-&#8220;Ath\u00e9es \u00e0 la menthe (marocaine)&#8221; (llham Maad; son) : <\/strong> http:\/\/arteradio.com\/son\/61657968\/athees_la_menthe_marocaine\n\n<strong>-A Tunis, l&#8217;audition bouleversante d&#8217;une victime de la torture sous Ben Ali (Fr\u00e9d\u00e9ric Bobin) :    <\/strong>                                                                                                                                                            http:\/\/www.lemonde.fr\/afrique\/article\/2016\/11\/18\/a-tunis-l-audition-bouleversante-d-une-victime-de-la-torture-sous-ben-ali_5033766_3212.html\n\n<strong>-En Afghanistan, la cause la plus importante de mortalit\u00e9 des femmes, c&#8217;est l&#8217;accouchement&#8221; (un reportage de Vanessa Descouraux; son) :  <\/strong>                             https:\/\/www.franceinter.fr\/emissions\/interception\/interception-20-novembre-2016\n\n-&#8220;Une Am\u00e9rique non r\u00e9pertori\u00e9e&#8221; (Jean-Baptiste Thoret qui, pendant un an, a sillonn\u00e9 les Etats-Unis pour y tourner un documentaire) :                                                                                       http:\/\/next.liberation.fr\/images\/2016\/11\/18\/une-amerique-non-repertoriee_1529449?xtor\n\n<strong>-&#8220;Pr\u00e9sident Trump, quelle politique \u00e9trang\u00e8re ?&#8221; (Mayakandel) : <\/strong> https:\/\/froggybottomblog.com\/2016\/11\/19\/president-trump-quelle-politique-etrangere-quelques-cles-danalyse\/\n\n-&#8220;Donald Trump a \u00e9t\u00e9 \u00e9lu \u00e0 cause de moi&#8221; (Paul Horner, cr\u00e9ateur de faux sites d&#8217;informations) :                                                                                                                                                                     http:\/\/www.francetvinfo.fr\/monde\/usa\/presidentielle\/donald-trump\/donald-trump-a-ete-elu-a-cause-de-moi-admet-un-createur-de-sites-de-fausses-informations_1925799.html#xto\n\n-Il a ajout\u00e9 trois faucons \u00e0 son administration (Estelle Patt\u00e9e) : http:\/\/www.liberation.fr\/planete\/2016\/11\/18\/trump-ajoute-trois-faucons-a-son-administration_1529320\n\n<strong>-20 ans apr\u00e8s, retour sur le meurtre d&#8217;Elmer Rode, doyen de la prestigieuse universit\u00e9 de Lamar au Texas, qui n&#8217;a pas encore livr\u00e9 tous ses secrets (&#8220;15H15 le dimanche&#8221;; vid\u00e9o) <\/strong> :                                                                                       http:\/\/www.francetvinfo.fr\/replay-magazine\/france-2\/13h15\/13h15-du-dimanche-20-novembre-2016_1918833.html\n\n-En Cor\u00e9e du Sud, la mobilisation contre la pr\u00e9sidente se renforce (vid\u00e9o) : http:\/\/www.francetvinfo.fr\/monde\/asie\/coree-du-sud-la-mobilisation-se-renforce-contre-la-presidente_1930023.html\n\n<strong>CULTURE-MEDIAS<\/strong>\n\n<strong>-&#8220;Les politiques sont-ils des b\u00eates de sc\u00e8ne ?&#8221; (le r\u00e9alisateur Serge Moati, Danielle Simonnet, conseill\u00e8re de Paris du Parti de gauche et Christian Delporte, historien des m\u00e9dias; anim\u00e9 par Herv\u00e9 Gardette; son) : <\/strong> https:\/\/www.franceculture.fr\/emissions\/du-grain-moudre\/les-politiques-sont-ils-des-betes-de-scene\n\n-&#8220;Litt\u00e9rature et politique&#8221;, avec l&#8217;\u00e9crivain espagnol Javier Cercas, re\u00e7u par Olivia Gesbert son) :                                                                                                                                                        https:\/\/www.franceculture.fr\/emissions\/la-grande-table-2eme-partie\/javier-cercas-ma-litterature-comme-chez-tous-les-ecrivains-est\n\n-&#8220;En France, la culture est soit sacr\u00e9e soit moqu\u00e9e&#8221; (le plasticien et sc\u00e9nographe Philippe Morvan) :                                                                                                                                                               http:\/\/www.telerama.fr\/etats-genereux\/philippe-morvan-parrain-des-etats-genereux-en-france-la-culture-est-soit-sacree-soit-moquee,150259.php#xtor\n\n<strong>-&#8220;Mercure dans les plombages, pesticides, uranium dans le Limousin, amiante&#8230;&#8221; (quatre documentaires sonores d&#8217;In\u00e8s L\u00e9raud, Lionel Quantin, Anna Szmuc, Diphy Mariani et Guillaume Baldy; sons) <\/strong> : https:\/\/www.franceculture.fr\/emissions\/lsd-la-serie-documentaire\/les-pollutions-invisibles\n\n-&#8220;Pour soigner les hommes, l&#8217;odorat extraordinaire des chiens&#8221;  (Isabelle Fromantin se la Soci\u00e9t\u00e9 fran\u00e7aise et francophone des plaies et cicatrisations; re\u00e7ue par Ren\u00e9 Frydman; son) :          https:\/\/www.franceculture.fr\/emissions\/les-discussions-du-soir\/les-maladies-ont-elles-des-odeurs#\n\n<strong>-&#8220;A la sc\u00e8ne comme \u00e0 la ville, des th\u00e9\u00e2tres soutiennent les sans-papiers&#8221; (Sophie Rahal) :       <\/strong>                                                                                                                                                                           http:\/\/www.telerama.fr\/scenes\/les-theatres-soutiennent-les-sans-papiers-a-la-scene-comme-a-la-ville,150200.php#xtor\n\n-Les souterrains de la Villa M\u00e9dicis \u00e0 Rome, \u00e9voqu\u00e9s par l&#8217;\u00e9crivain Philippe Vasset (son et vid\u00e9o) : https:\/\/www.franceculture.fr\/emissions\/cinq-fois\/philippe-vasset-25-les-souterrains-de-la-villa-medicis\n\n-&#8220;Des Mir\u00f3 miracul\u00e9s de la crise au Portugal&#8221; (Sandrine Morel) :                    http:\/\/www.lemonde.fr\/m-moyen-format\/article\/2016\/11\/18\/des-miro-miracules-de-la-crise-au-portugal_5033564_4497271.html\n\n<strong>-&#8220;Lucio Silla&#8221; de Mozart \u00e0 la Philharmonie de Paris, dirig\u00e9 par Laurence Equilbey (vid\u00e9o int\u00e9grale) :    <\/strong>                                                                                                                                    http:\/\/culturebox.francetvinfo.fr\/festivals\/insula-orchestra-laurence-equilbey\/lucio-silla-de-mozart-a-la-philharmonie-de-paris-237999#xtor\n\n-&#8220;Le jour o\u00f9 je suis entr\u00e9 dans la chambre de L\u00e9onard Cohen&#8221; (Henk Hofstede, leader du groupe pop des Pays-Bas &#8220;Nits&#8221;; cit\u00e9 par Fran\u00e7ois Gorin) :                                                                               http:\/\/www.telerama.fr\/musique\/henk-hofstede-le-jour-ou-je-suis-entre-dans-la-chambre-de-leonard,150251.php#xtor\n\n<strong>-&#8220;Vencemos&#8221; du groupe &#8220;Working Week&#8221; (Fran\u00e7ois Gorin; son) <\/strong> : http:\/\/www.telerama.fr\/musique\/working-week-amere-victoire,150274.php#xtor\n\n<strong>-Isabelle Aubret \u00e9tait l&#8217;invit\u00e9e de &#8220;On n&#8217;est pas couch\u00e9&#8221; (vid\u00e9o) : <\/strong>                             http:\/\/www.france2.fr\/emissions\/on-n-est-pas-couche\/videos\/christophe_dechavanne_et_isabelle_aubret_-_on_nest_pas_couche_19_novembre_2016_19-11-2016_1360597?onglet\n\n-Le rappeur Kanye West r\u00e9v\u00e8le son soutien \u00e0 Donald Trump (vid\u00e9os) :                                                                                                                                                                                                   http:\/\/www.francetvinfo.fr\/monde\/usa\/presidentielle\/donald-trump\/videos-le-rappeur-kanye-west-revele-son-soutien-a-donald-trump_1927807.html#xtor\n\n-&#8220;24K Magic&#8221;, le nouvel album de Bruno Mars (vid\u00e9os) :                                                                                             http:\/\/culturebox.francetvinfo.fr\/musique\/pop\/le-nouvel-album-festif-de-bruno-mars-24k-magic-dans-les-bacs-249039#xtor\n\n-La chanteuse, reine de la soul Sharon Jones, est morte \u00e0 60 ans (vid\u00e9o) : http:\/\/www.francetvinfo.fr\/culture\/musique\/la-chanteuse-soul-sharon-jones-est-morte-a-l-age-de-60-ans_1928701.html\n\n<strong>-Son concert \u00e0 l&#8217;Olympia en mai 2014 (vid\u00e9o int\u00e9grale) : <\/strong> https:\/\/www.youtube.com\/watch?v=JslG0NsASok\n\n-Chet Baker au Festival de jazz de Paris en 1981 (J\u00e9r\u00f4me Badini; son) : https:\/\/www.francemusique.fr\/emissions\/les-legendes-du-jazz\/chet-baker-au-festival-de-jazz-de-paris-en-1981-5647\n\n<strong>-&#8220;Le duo \u00e9lectro Justice, enfin de retour&#8221; (St\u00e9phane Davet; son et vid\u00e9o) :       <\/strong>       http:\/\/www.lemonde.fr\/m-actu\/article\/2016\/11\/18\/le-groupe-electro-justice-enfin-de-retour_5033281_4497186.html\n\n<strong>-Sting \u00e9tait l&#8217;invit\u00e9 de Catherine Ceylac dans &#8220;Th\u00e9 ou caf\u00e9&#8221; (vid\u00e9o) : <\/strong> http:\/\/www.france2.fr\/emissions\/the-ou-cafe\/videos\/replay_-_the_ou_cafe_19-11-2016_1360429\n\n-Antoine Sire, le petit gar\u00e7on de Jean-Louis Trintignant dans &#8220;Un homme et une femme&#8221; de Claude Lellouch, se souvient 50 ans apr\u00e8s (cit\u00e9 par Guillemette Odicino; vid\u00e9o) :                              http:\/\/www.telerama.fr\/cinema\/le-petit-garcon-d-un-homme-et-une-femme-se-souvient-cinquante-ans-apres,150250.php#xtor\n\n<strong>-Sadek, partenaire de G\u00e9rard Depardieu dans &#8220;Tour de France&#8221; de Rachid Dja\u00efdani, \u00e9tait l&#8217;invit\u00e9 de &#8220;On n&#8217;est pas couch\u00e9&#8221; (vid\u00e9o) :    <\/strong>                                         http:\/\/www.france2.fr\/emissions\/on-n-est-pas-couche\/videos\/sadek_-_on_nest_pas_couche_19_novembre_2016_onpc_19-11-2016_1360615?onglet=tous&#038;page=1\n\n-Dix pr\u00e9sidents am\u00e9ricains au cin\u00e9ma (Nicolas Didier) : http:\/\/www.telerama.fr\/cinema\/le-top-10-des-pires-presidents-americains-au-cinema,150235.php#xtor\n\n-Le r\u00e9alisateur hongkongais Wong Kar-wai reprend le projet d&#8217;un film sur l&#8217;assassinat \u00e0 Milan du petit-fils Gucci :                                                                                                                                    http:\/\/www.telerama.fr\/cinema\/wong-kar-wai-reprend-le-projet-de-film-sur-l-assassinat-du-petit-fils-gucci,150268.php#xtor\n\n-L&#8217;analyse par un expert de 32 accents d&#8217;acteurs hollywoodiens (Romain Capelle; vid\u00e9o en anglais) :                                                                                                                                                                http:\/\/www.telerama.fr\/cinema\/video-quel-acteur-americain-bosse-t-il-le-mieux-l-accent-de-ses-personnages,150262.php#xtor\n\n<strong>-Ancien FFI, Aimos, ce com\u00e9dien tellement &#8220;modianesque&#8221; (Jacques Morice) : <\/strong> http:\/\/www.telerama.fr\/cinema\/aimos-titi-matois,149955.php#xtor\n\n-Tomb\u00e9 dans l&#8217;oubli, Sessue Hayakawa, la star japonaise du &#8220;Pont de la rivi\u00e8re Kwai&#8221;, a inspir\u00e9 Gilles Jacob, ancien Pr\u00e9sident du festival de Cannes (son) :                                                              https:\/\/www.franceculture.fr\/emissions\/paso-doble-le-grand-entretien-de-lactualite-culturelle\/gilles-jacob-sessue-hayakawa\n\n<strong>-&#8220;Je n&#8217;ai aucune m\u00e9lancolie&#8221; (l&#8217;acteur Michael Lonsdale, invit\u00e9 d&#8217;Eva Bester; son) :  <\/strong> https:\/\/www.franceinter.fr\/emissions\/remede-a-la-melancolie\/remede-a-la-melancolie-20-novembre-2016\n\n-Apr\u00e8s d&#8217;autres, Laurent Delmas a beaucoup aim\u00e9 &#8220;Planetarium&#8221; de Rebecca Zlotowski (son) :                                                                                                                                                         https:\/\/www.franceinter.fr\/emissions\/la-prescription-cinema-de-laurent-delmas\/la-prescription-cinema-de-laurent-delmas-19-novembre-2016\n\n<strong>-Avec Christine Masson, ils recevaient Emmanuelle Bercot pour &#8220;La fille de Brest&#8221; et Julie Bertucelli pour &#8220;Derni\u00e8res nouvelles du Cosmos&#8221; (son) : <\/strong>                                                                         https:\/\/www.franceinter.fr\/emissions\/on-aura-tout-vu\/on-aura-tout-vu-19-novembre-2016\n\n<strong>-&#8220;Dans &#8220;La fille de Brest&#8221;, c&#8217;est le portrait de femme qui m&#8217;int\u00e9resse&#8221; (Emmanuelle Bercot, cit\u00e9e par Boris Courret; vid\u00e9os) : <\/strong>                                                     http:\/\/culturebox.francetvinfo.fr\/cinema\/critiques\/la-fille-de-brest-sidse-babett-knudsen-seule-contre-tous-249009#xtor\n\n-L&#8217;exposition &#8220;L&#8217;art et le chat&#8221;; le dessinateur belge Philippe Geluck \u00e9tait l&#8217;invit\u00e9 de David Abiker (son, amener le curseur sur 25:22)                                                                                                   http:\/\/www.europe1.fr\/emissions\/c-est-arrive-cette-semaine\/cest-arrive-cette-semaine-191116-2904866\n\n-Une planche d&#8217;un album de Tintin vendue 1,55 millions d&#8217;euros (vid\u00e9os) :                http:\/\/www.francetvinfo.fr\/culture\/bd\/une-planche-de-l-album-de-tintin-on-a-marche-sur-la-lune-vendue-aux-encheres-pour-1-55-millions-d-euros_1928749.html#xtor            \n\n<strong>-&#8220;Agn\u00e8s B, 40 ans de cr\u00e9ation dans la couture&#8221; (&#8220;13H15 le samedi&#8221;; vid\u00e9o) :<\/strong>    http:\/\/www.francetvinfo.fr\/replay-magazine\/france-2\/13h15\/13h15-du-samedi-19-novembre-2016_1917449.html                                                                                                                                                                                                                                                                                                                                                                           \n\n-Le week-end dernier, le ponte de la danse house Ousmane Sy \u00e9tait \u00e0 la Halle Pujol \u00e0 Paris (Belinda Mathieu; vid\u00e9o) :                                                                                                                   http:\/\/www.telerama.fr\/sortir\/ousmane-sy-la-house-ce-n-est-pas-une-danse-c-est-une-energie,150264.php#xtor\n\n<strong>-Pour f\u00eater ses 65 ans, le Crazy Horse a fait appel \u00e0 Chantal Thomas (vid\u00e9o) : <\/strong>     http:\/\/www.france5.fr\/emissions\/entree-libre\/videos\/les_dessous_du_crazy_horse_17-11-2016_1358289?onglet\n\n-Sous le portrait de L\u00e9nine se cachait une peinture du tsar Nicolas II :                                                                                                                                                                                            http:\/\/culturebox.francetvinfo.fr\/expositions\/peinture\/sous-le-portrait-de-lenine-se-cachait-une-peinture-du-tsar-nicolas-ii-249003#xtor\n\n-Le magazine am\u00e9ricain &#8220;Time&#8221; a s\u00e9lectionn\u00e9 &#8220;100 photos qui ont chang\u00e9 le monde&#8221; (Romain Capelle) :                                                                                                                                                    http:\/\/www.telerama.fr\/medias\/les-100-photos-les-plus-importantes-de-tous-les-temps-selon-time,150258.php#xtor\n\n<strong>-Sa s\u00e9lection <\/strong> : http:\/\/100photos.time.com\/\n\n-Dans la s\u00e9rie &#8220;Transparent&#8221;, l&#8217;acteur Jeffrey Tambor se r\u00e9v\u00e8le (Fran\u00e7ois Langlais; vid\u00e9o) :                                                                                                                                                                                      http:\/\/television.telerama.fr\/television\/l-acteur-jeffrey-tambor-doue-dans-son-genre,149682.php#xtor\n\n<strong>-Mercredi sur France 2, le retour de &#8220;Chefs&#8221; avec Clovis Cornillac qui a co-r\u00e9alis\u00e9 quatre \u00e9pisodes de la saison 2 (interrog\u00e9 par Laurent Delahousse; vid\u00e9o) : <\/strong> http:\/\/www.francetvinfo.fr\/culture\/clovis-cornillac-acteur-et-co-realisateur-de-chefs_1929121.html\n\n-Pour les professionnels, &#8220;\u00e7a refl\u00e8te totalement la r\u00e9alit\u00e9&#8221; (vid\u00e9o) :                http:\/\/www.francetvinfo.fr\/culture\/tv\/serie-tv-chefs-repart-pour-une-deuxieme-saison_1929135.html\n\n-Amazon lance son offre de streaming musical en Europe (Jean-Baptiste Roch) : http:\/\/www.telerama.fr\/medias\/amazon-lance-son-offre-de-streaming-musical-en-europe,150226.php#xtor\n\n<strong>-&#8220;Entr\u00e9e libre&#8221;, l&#8217;\u00e9mission culturelle de Claire Chazal, toujours de bonne tenue (vid\u00e9o) :<\/strong>  http:\/\/www.france5.fr\/emissions\/entree-libre\/videos\/replay_-_entree_libre_20-11-2016_1360551\n\n-&#8220;Fran\u00e7ois Fillon et Nicolas Sarkozy s&#8217;acharnent sur David Pujadas&#8221; (Samuel Gontier; vid\u00e9o) :                                                                                                                                                          http:\/\/television.telerama.fr\/television\/francois-fillon-et-nicolas-sarkozy-s-acharnent-sur-david-pujadas,150270.php#xtor\n\n<strong>-A i-T\u00e9l\u00e9, la fin de la gr\u00e8ve de l&#8217;audiovisuel la plus longue de l&#8217;histoire (Alexandra Ackoun; son) <\/strong> :                                                                                                                                          https:\/\/www.franceinter.fr\/emissions\/regard-sur-les-medias\/regard-sur-les-medias-19-novembre-2016\n\n<strong>-&#8220;En mai 68, c&#8217;est un pouvoir politique qui organise la r\u00e9pression d&#8217;une gr\u00e8ve dans  les m\u00e9dias, aujourd&#8217;hui, on a vu un grand groupe et un millionnaire, M. Bollor\u00e9, r\u00e9duire la r\u00e9sistance d&#8217;une petite r\u00e9daction&#8221; (Claude Askolovitch; son) : <\/strong>                             https:\/\/www.franceinter.fr\/emissions\/histoire-et-politique\/histoire-et-politique-20-novembre-2016\n                          \n-Plan social \u00e0 &#8220;l&#8217;Obs&#8221; : http:\/\/www.ozap.com\/actu\/plan-social-a-l-obs-la-direction-semble-inflexible-c-est-la-grosse-angoisse\/512510\n\n<strong>-&#8220;On va arriver \u00e0 60 000 abonn\u00e9s sur cette cha\u00eene&#8221; (Jean-Luc M\u00e9lenchon; vid\u00e9o) :<\/strong> https:\/\/www.youtube.com\/watch?v=oWTHYsVUSPM\n\n<strong>-Le d\u00e9placement d&#8217;Emmanuel Macron \u00e0 Marseille dans &#8220;Quotidien&#8221; de Yann Barth\u00e8s (vid\u00e9o) <\/strong> : http:\/\/www.tf1.fr\/tmc\/quotidien-avec-yann-barthes\/videos\/quotidien.html\n\n-St\u00e9phane Guillon, invit\u00e9 d&#8217;Audrey Crespo-Mara (vid\u00e9o) :                                                                                                                                                                                                                            http:\/\/www.lci.fr\/medias\/stephane-guillon-sur-lci-francois-hollande-est-honnete-contrairement-a-nicolas-sarkozy-2013138.html\n\n-&#8220;Guyon 2017&#8221; (vid\u00e9o) : http:\/\/replay.c8.fr\/video\/1424731\n\n<strong>-Raymond Devos, l&#8217;humoriste qui jouait avec les mots (vid\u00e9o) : <\/strong> http:\/\/www.francetvinfo.fr\/culture\/raymond-devos-retour-sur-la-carriere-de-l-humoriste-qui-jouait-avec-les-mots_1927727.html\n<h2 class=\"wp-block-heading\">Documents joints<\/h2>\n\n\n\n<div class=\"wp-block-file\"><a href=\"https:\/\/wp.muchomaas.com\/wp-content\/uploads\/2016\/11\/consultation-7ec.pdf\">consultation.pdf<\/a><\/div>\n\n\n","protected":false},"excerpt":{"rendered":"<p>ACTUALITE -Aujourd&#8217;hui, pr\u00e8s de 90% des marchandises voyagent par la route (Delphine Simon; son) : https:\/\/www.franceinter.fr\/emissions\/le-vrai-faux-de-l-europe\/le-vrai-faux-de-l-europe-19-novembre-2016 -&#8220;Dans l&#8217;immobilier, les taux d&#8217;int\u00e9r\u00eat vont augmenter de fa\u00e7on progressive sur une p\u00e9riode d&#8217;un an. Le logement est d&#8217;abord une question de volont\u00e9 politique. Pourquoi devrait-on \u00eatre propri\u00e9taire puisque ce n&#8217;est vraiment utile qu&#8217;au moment de la retraite car [&hellip;]<\/p>\n","protected":false},"author":1042,"featured_media":0,"comment_status":"open","ping_status":"open","sticky":false,"template":"","format":"standard","meta":{"_themeisle_gutenberg_block_has_review":false,"footnotes":""},"categories":[151],"tags":[],"class_list":["post-10016","post","type-post","status-publish","format-standard","hentry","category-la-revue-de-presse-de-lulu"],"_links":{"self":[{"href":"https:\/\/archives.regards.fr\/index.php?rest_route=\/wp\/v2\/posts\/10016","targetHints":{"allow":["GET"]}}],"collection":[{"href":"https:\/\/archives.regards.fr\/index.php?rest_route=\/wp\/v2\/posts"}],"about":[{"href":"https:\/\/archives.regards.fr\/index.php?rest_route=\/wp\/v2\/types\/post"}],"author":[{"embeddable":true,"href":"https:\/\/archives.regards.fr\/index.php?rest_route=\/wp\/v2\/users\/1042"}],"replies":[{"embeddable":true,"href":"https:\/\/archives.regards.fr\/index.php?rest_route=%2Fwp%2Fv2%2Fcomments&post=10016"}],"version-history":[{"count":0,"href":"https:\/\/archives.regards.fr\/index.php?rest_route=\/wp\/v2\/posts\/10016\/revisions"}],"wp:attachment":[{"href":"https:\/\/archives.regards.fr\/index.php?rest_route=%2Fwp%2Fv2%2Fmedia&parent=10016"}],"wp:term":[{"taxonomy":"category","embeddable":true,"href":"https:\/\/archives.regards.fr\/index.php?rest_route=%2Fwp%2Fv2%2Fcategories&post=10016"},{"taxonomy":"post_tag","embeddable":true,"href":"https:\/\/archives.regards.fr\/index.php?rest_route=%2Fwp%2Fv2%2Ftags&post=10016"}],"curies":[{"name":"wp","href":"https:\/\/api.w.org\/{rel}","templated":true}]}}