{"id":10015,"date":"2016-11-19T07:44:27","date_gmt":"2016-11-19T06:44:27","guid":{"rendered":"https:\/\/wp.muchomaas.com\/article-la-revue-du-19-novembre-2016\/"},"modified":"2016-11-19T07:44:27","modified_gmt":"2016-11-19T06:44:27","slug":"article-la-revue-du-19-novembre-2016","status":"publish","type":"post","link":"https:\/\/archives.regards.fr\/?p=10015","title":{"rendered":"La Revue du 19 novembre 2016"},"content":{"rendered":"<p><strong>ACTUALITE<\/strong><\/p>\n<p>-La r\u00e9forme du temps de travail d&#8217;Emmanuel Macron au &#8220;T\u00e9l\u00e9phone sonne&#8221; de France Inter (avec Pascal Pavageau, secr\u00e9taire conf\u00e9d\u00e9ral de FO et l&#8217;\u00e9conomiste Marc Ferracci; d\u00e9bat anim\u00e9 par Micka\u00ebl Th\u00e9bault; son) : https:\/\/www.franceinter.fr\/emissions\/le-telephone-sonne\/le-telephone-sonne-17-novembre-2016<\/p>\n<p><strong>-Les chauffeurs de &#8220;M\u00e9gabus&#8221; sont en gr\u00e8ve apr\u00e8s la liquidation de leur entreprise. Pour Emmanuel Macron, c&#8217;est normal, il y a des gagnants et des perdants. La r\u00e9action de Abdellah Ait Moussa, d\u00e9l\u00e9gu\u00e9 CFDT (son) :  <\/strong>                    http:\/\/www.rtl.fr\/actu\/societe-faits-divers\/megabus-en-greve-une-premiere-vague-selon-abdellah-ait-moussa-7785849457<\/p>\n<p>-&#8220;Dans le Jura, l&#8217;industrie de la lunette se meurt&#8221; (Fran\u00e7ois Lenglet; vid\u00e9o) : http:\/\/www.rtl.fr\/actu\/societe-faits-divers\/liquidation-de-logo-dans-le-jura-l-industrie-de-la-lunette-se-meurt-7785843668<\/p>\n<p>-Greenpeace a command\u00e9 une analyse financi\u00e8re ind\u00e9pendante d&#8217;EDF (Jean-Claude Bourbon) :  http:\/\/www.la-croix.com\/Economie\/Entreprises\/Nouvelle-charge-contre-la-situation-financiere-d-EDF-2016-11-17-1200803904?utm_source<\/p>\n<p>-&#8220;Asphyxi\u00e9 par le nucl\u00e9aire, le groupe EDF dans la tourmente&#8221; : http:\/\/blog.greenpeace.fr\/news\/asphyxie-par-le-nucleaire-le-groupe-edf-dans-la-tourmente?_ga=1.14934390.1903168763.1479462996<\/p>\n<p>-&#8220;Pour l&#8217;EPR de Flamanville, la fin du tunnel ?&#8221; (Jean-Claude Boubon) : http:\/\/www.la-croix.com\/Economie\/EDF-entrevoit-enfin-bout-tunnel-pour-lEPR-Flamanville-2016-11-17-1200803913<\/p>\n<p>-Aujourd&#8217;hui et demain au Parc Floral de la Porte de Vincennes, la Vespa s&#8217;expose (Eric Delhaye; vid\u00e9o) : http:\/\/www.telerama.fr\/sortir\/comment-la-vespa-est-devenue-le-symbole-du-cool,150224.php#xtor<\/p>\n<p>-Les motards seront oblig\u00e9s de porter des gants (Nathanael Gagnaire; son) : http:\/\/www.sudradio.fr\/Podcasts\/L-invite-pour-comprendre\/Nathanael-Gagnaire-consultant-specialiste-des-2-roues<\/p>\n<p>-D\u00e9c\u00e8s suspects de patients \u00e0 Nantes (vid\u00e9o) : http:\/\/www.francetvinfo.fr\/replay-radio\/info-sante\/deces-suspects-de-patients-a-nantes-un-quatrieme-patient-hospitalise_1927157.html<\/p>\n<p><strong>-&#8220;Un m\u00e9dicament \u00e9tait en rupture de stock&#8221; (Sur France 2, le docteur Jean-Daniel Flaisakier donne une explication tr\u00e8s plausible  et annonce la multiplication des cas si rien ne bouge (vid\u00e9o) :<\/strong>http:\/\/www.francetvinfo.fr\/sante\/hopital\/mort-de-trois-patients-a-nantes-un-medicament-etait-en-rupture-de-stock_1927281.html<\/p>\n<p>-&#8220;La surconsommation d&#8217;antibiotiques est toujours d&#8217;actualit\u00e9 en France&#8221; (le docteur Bruno Coignard, directeur des maladies infectieuses \u00e0 &#8220;Sant\u00e9 publique France&#8221;; son) :             http:\/\/www.rtl.fr\/actu\/societe-faits-divers\/antibiotiques-la-surconsommation-accroit-la-resistance-des-bacteries-7785842880<\/p>\n<p><strong>-&#8220;Les victimes du Mediator ne sont pas des malades, ce sont des gens empoisonn\u00e9s&#8221; (La lanceuse d&#8217;alerte et pneumologue Ir\u00e8ne Frachon, accompagn\u00e9e de la r\u00e9alisatrice Emmanuelle Barcot, auteure de &#8220;La fille de Brest&#8221; \u00e9taient les invit\u00e9es de la matinale de France Inter. Elles ont r\u00e9pondu aux questions de Patrick Cohen et des auditeurs; vid\u00e9os) :      <\/strong>                                               https:\/\/www.franceinter.fr\/emissions\/l-invite-de-8h20\/l-invite-de-8h20-18-novembre-2016                                                                                                                                                                      http:\/\/www.dailymotion.com\/video\/x52inld_mediator-irene-frachon-et-emmanuelle-bercot-sont-les-invitees-de-france-inter_news<\/p>\n<p>-&#8220;Le diagnostic pr\u00e9coce du cancer de la prostate pas plus recommandable que le d\u00e9pistage&#8221; (Dominique Dupargne; son) : https:\/\/www.franceinter.fr\/emissions\/sante-polemique\/sante-polemique-17-novembre-2016<\/p>\n<p>-&#8220;La campagne sur la d\u00e9radicalisation est plus destin\u00e9e aux familles qu&#8217;aux jeunes. Ce n&#8217;est qu&#8217;une petite partie de ce qu&#8217;il faudrait faire&#8221; (le psychiatre Serge Hefez; son) : http:\/\/www.sudradio.fr\/Podcasts\/L-invite-pour-comprendre\/Serge-Hefez-psychiatre<\/p>\n<p><strong>-&#8220;Les 88 sinistr\u00e9s de l&#8217;assaut du Raid \u00e0 Saint-Denis&#8221; (son) : <\/strong> http:\/\/www.sudradio.fr\/Podcasts\/Les-reportages-de-la-matinee\/Serge-Hefez-psychiatre<\/p>\n<p><strong>-&#8220;Ils attendent de pouvoir enfin recommencer leur vie&#8221; (Elise Lambert) :  <\/strong>                                                                                                                                                                                            http:\/\/www.francetvinfo.fr\/faits-divers\/terrorisme\/attaques-du-13-novembre-a-paris\/un-an-apres-l-assaut-de-saint-denis-les-anciens-habitants-attendent-de-pouvoir-enfin-redemarrer-leur-vie_1894523.html<\/p>\n<p>-&#8220;Certains habitants dorment encore \u00e0 l&#8217;h\u00f4tel&#8221; (vid\u00e9o) : http:\/\/www.francetvinfo.fr\/faits-divers\/terrorisme\/assaut-du-raid-des-habitants-de-l-immeuble-de-saint-denis-dorment-encore-a-l-hotel_1927159.html<\/p>\n<p>-&#8220;J&#8217;ai besoin d&#8217;un chez-moi&#8221; (Ak\u00e9sia, cit\u00e9e par Camille Adaoust) :                                                                                                                                                                                                       http:\/\/www.francetvinfo.fr\/faits-divers\/terrorisme\/attaques-du-13-novembre-a-paris\/victimes-des-attentats-a-paris\/j-ai-besoin-d-un-chez-moi-les-habitants-des-immeubles-touches-par-l-assaut-de-saint-denis-toujours-en-attente-de-relogement_1236323.html                                                                                                                                                 <\/p>\n<p>-&#8220;La police criminelle de Seine-Saint-Denis perd une enqu\u00eatrice mod\u00e8le&#8221; (Emmanuelle Lecl\u00e8re; son) : https:\/\/www.franceinter.fr\/emissions\/dans-le-pretoire\/dans-le-pretoire-18-novembre-2016<\/p>\n<p><strong>POLITIQUE<\/strong><\/p>\n<p><strong>-&#8220;Construire un vote utile \u00e0 notre peuple&#8221; (Pierre Laurent) : <\/strong> http:\/\/www.pierrelaurent.org\/construire-un-vote-utile-a-notre-peuple\/<\/p>\n<p>-La commission \u00e9conomique du PCF a analys\u00e9 le programme de &#8220;la France insoumise&#8221; :  http:\/\/www.economie-politique.org\/93807<\/p>\n<p>-&#8220;Je ne construis pas ce projet en fonction des autres. J&#8217;entends tous ces qualificatifs qui viennent de l&#8217;int\u00e9rieur du syst\u00e8me, mais je pense qu&#8217;ils n&#8217;impressionnent pas nos concitoyens. Je ne vis que des dons. Je ne re\u00e7ois aucune subvention, aucun argent venant des contribuables, contrairement aux partis politiques. Beno\u00eet Hamon, ancien ministre, devrait savoir que la loi m&#8217;interdit de rendre publics les noms de donateurs&#8221; (Emmanuel Macron, candidat \u00e0 l&#8217;\u00e9lection pr\u00e9sidentielle; interrog\u00e9 par Thomas Sotto; vid\u00e9o) : http:\/\/www.europe1.fr\/emissions\/l-interview-verite\/emmanuel-macron-je-ne-construit-pas-ce-projet-en-fonction-des-autres-2903909<\/p>\n<p>-A Marseille, son premier meeting de candidat (vid\u00e9o) : http:\/\/www.bfmtv.com\/mediaplayer\/video\/meeting-d-emmanuel-macron-a-marseille-886179.html<\/p>\n<p>-&#8220;Il y a encore du temps devant nous pour des d\u00e9cisions et des \u00e9v\u00e9nements qui vont faire bouger les lignes. La gauche d\u00e9sunie a toujours perdu. M\u00eame les plus critiques, quand ils verront ce que pr\u00e9pare la droite, seront pour le rassemblement. L&#8217;homme d&#8217;Etat aujourd&#8217;hui, c&#8217;est Fran\u00e7ois Hollande mais il n&#8217;y a pas de candidat automatique&#8221; (Michel Sapin face \u00e0 Jean-Pierre Elkabbach; vid\u00e9o) : http:\/\/www.europe1.fr\/emissions\/l-interview-politique\/gauche-fracturee-decision-de-francois-hollande-croissance-chomage-bilan-du-quinquennat-et-panama-papers-michel-sapin-repond-aux-questions-de-jean-pierre-elkabbach-2903942<\/p>\n<p>-&#8220;Je ne suis pas s\u00fbr que le d\u00e9bat a int\u00e9ress\u00e9 les Fran\u00e7ais. Je ne crois pas aux sondages dans la primaire, car il n&#8217;y a pas de comparaison possible avec un autre exemple. Il vaut mieux aller voter. Il y a des endroits o\u00f9 il faut retirer des fonctionnaires, d&#8217;autres o\u00f9 il faut en ajouter. En p\u00e9riode de guerre, les Fran\u00e7ais ne voudront pas confier le pays \u00e0 Emmanuel Macron. Je suis toujours contre la prolongation de l&#8217;\u00e9tat d&#8217;urtgence qui fragilise l&#8217;\u00e9tat de droit&#8221; (Jean-Christophe Lagarde, pr\u00e9sident de l&#8217;UDI, interrog\u00e9 par Jeff Wittenberg; vid\u00e9o) :                                                                                                         http:\/\/www.francetvinfo.fr\/france\/les-4-verites-jean-christophe-lagarde-je-ne-crois-pas-aux-sondages-dans-la-primaire_1927175.html      <\/p>\n<p>-Il \u00e9ait aussi l&#8217;invit\u00e9 de &#8220;Politique Matin&#8221; (vid\u00e9o, amener le curseur sur 29:28) :   http:\/\/www.lcp.fr\/emissions\/politique-matin\/278994-la-matinale-du-18-novembre-2016<\/p>\n<p>-Eric Ciotti d\u00e9nonce &#8220;la violence inou\u00efe&#8221; de France 2 contre Nicolas Sarkozy (vid\u00e9o) :    http:\/\/www.lcp.fr\/la-politique-en-video\/ciotti-denonce-la-violence-inouie-de-france-2-contre-nicolas-sarkozy      <\/p>\n<p>-&#8220;Il \u00e9tait l&#8217;invit\u00e9 de &#8220;Parlement Hebdo&#8221; sur LCP (vid\u00e9o) :     http:\/\/www.lcp.fr\/emissions\/parlement-hebdo\/280374-parlement-hebdo                                                                            <\/p>\n<p>-&#8220;Fran\u00e7ois Fillon se pr\u00e9sente comme le candidat qui a le programme le plus audacieux, moi je dis que c&#8217;est le programme le moins cr\u00e9dible. Cette allure qu&#8217;il se donne d&#8217;homme de la rupture ne correspond pas \u00e0 la r\u00e9alit\u00e9. Les journalistes sont libres de poser les questions qu&#8217;ils veulent poser mais agiter ceci (les affaires) sans preuves est quand m\u00eame contestable&#8221;  (Alain Jupp\u00e9 \u00e9tait l&#8217;invit\u00e9 de la matinale de Franceinfo; vid\u00e9o) :                                                                                                                                                                                                                                                        http:\/\/www.dailymotion.com\/video\/x52iykc_pour-alain-juppe-fillon-a-le-programme-le-moins-credible_news<\/p>\n<p>-&#8220;Ce d\u00e9bat \u00e9tait assez brouillon. L&#8217;Europe, la sant\u00e9, la ruralit\u00e9 n&#8217;ont pas \u00e9t\u00e9 trait\u00e9s. Je viens de loin, j&#8217;ai connu une grande \u00e9preuve. Les r\u00e9f\u00e9rendums sont des machines \u00e0 perdre, pas les ordonnances&#8221;  (Jean-Fran\u00e7ois Cop\u00e9, interrog\u00e9 par Guillaume Durand; son) :    http:\/\/www.radioclassique.fr\/player\/progaction\/iniPlayer\/podcast\/linvite-de-guillaume-durand-2016-11-18-08-17-40.html<\/p>\n<p>-&#8220;J&#8217;ai affirm\u00e9 ce que je crois. Le format de l&#8217;\u00e9mission complique les choses. Les jeux ne sont absolument pas faits. Il y a un peu d&#8217;engouement&#8221; (Jean-Fr\u00e9d\u00e9ric Poisson, d\u00e9put\u00e9 DC des Yvelines; invit\u00e9 de &#8220;Territoires d&#8217;Infos&#8221;; vid\u00e9o, amener le curseur sur 33: 21) :  http:\/\/replay.publicsenat.fr\/vod\/territoires-d-infos\/jean-frederic-poisson,cyril-viguier\/219387<\/p>\n<p>-Les derniers meeting d&#8217;Alain Jupp\u00e9 \u00e0 Lille, de Fran\u00e7ois Fillon \u00e0 Paris                                                         http:\/\/www.bfmtv.com\/mediaplayer\/video\/primaire-a-droite-dernier-meeting-d-alain-juppe-a-lille-886487.html                                                                  http:\/\/www.bfmtv.com\/mediaplayer\/video\/primaire-a-droite-dernier-meeting-de-francois-fillon-a-paris-886481.html<\/p>\n<p>-Thierry Sol\u00e8re, d\u00e9put\u00e9 LR des Hauts-de-Seine, organisateur de la primaire, \u00e9tait l&#8217;invit\u00e9 du &#8220;Club de la Presse&#8221; d&#8217;Europe 1 (son) : http:\/\/www.europe1.fr\/emissions\/le-club-de-la-presse\/europe-soir-club-de-la-presse-speciale-debat-primaire-17112016-2903411<\/p>\n<p>-&#8220;L&#8217;ensemble des candidats soutiendront le vainqueur de la primaire. Nous avons pris des dispositions contre la fraude&#8221; (vid\u00e9o) : http:\/\/www.europe1.fr\/politique\/solere-veut-que-le-resultat-de-la-primaire-ne-soit-pas-conteste-2903417<\/p>\n<p>-Dans ce d\u00e9bat, &#8220;On avait sept liquidateurs de la France. Alain Jupp\u00e9, un peu plus rassembleur que les autres dans son camp.  Jean-Marie Le Pen pr\u00e9sident du FN, \u00e7a fait rire dans les chaumi\u00e8res&#8221; (Florian Philippot, eurod\u00e9put\u00e9 FN qui conseille aux \u00e9lecteurs du FN de ne pas participer \u00e0 la primaire de la droite; interrog\u00e9 par Elizabeth Martichoux; vid\u00e9os) :                                                                http:\/\/www.rtl.fr\/actu\/politique\/primaire-de-la-droite-philippot-conseille-aux-electeurs-du-front-national-de-ne-pas-aller-voter-7785843373<\/p>\n<p>-&#8220;Dans ce troisi\u00e8me d\u00e9bat, chacun g\u00e9rait sa position, d&#8217;o\u00f9 une perte d&#8217;int\u00e9r\u00eat. Un peu le d\u00e9bat de trop. Entre Nicolas Sarkozy et David Pujadas, c&#8217;est un jeu de r\u00f4le&#8221; (le politologue Olivier Rouquan; son) : http:\/\/www.sudradio.fr\/Podcasts\/L-invite-pour-comprendre\/Olivier-Rouquan-politologue3<\/p>\n<p>-&#8220;Pour de nombreux t\u00e9lespectateurs, Fran\u00e7ois Fillon l&#8217;a emport\u00e9. Rien n&#8217;est jou\u00e9. Aujourd&#8217;hui, la pr\u00e9sidentielle est dans une logique d&#8217;opposition, de rejet, pas d&#8217;adh\u00e9sion&#8221; (Bernard Sananes, de l&#8217;Institut ELABE; son) : http:\/\/www.dailymotion.com\/video\/x52j7nl<\/p>\n<p>-&#8220;Les d\u00e9bats  ont permis \u00e0 Fran\u00e7ois Fillon de se r\u00e9v\u00e9ler&#8221; (Alba Ventura; vid\u00e9o) : http:\/\/www.rtl.fr\/actu\/politique\/primaire-de-la-droite-les-debats-ont-permis-a-francois-fillon-de-se-reveler-decrypte-alba-ventura-7785843268<\/p>\n<p>-&#8220;Fillon, en trois set gagnants&#8221; (Yves Thr\u00e9ard; vid\u00e9o) : http:\/\/www.europe1.fr\/emissions\/ledito-politique-dyves-threard\/debats-de-la-primaire-fillon-en-trois-sets-gagnants-2903738<\/p>\n<p><strong>-Ce que r\u00e9v\u00e8le le putch t\u00e9l\u00e9visuel de Fillon contre Pujadas et Elkabbach&#8221; (Bruno Roger-Petit) : <\/strong> http:\/\/www.challenges.fr\/politique\/primaire-a-droite-ce-que-revele-le-putsch-televisuel-de-fillon-contre-pujadas-et-elkabbach_438969<\/p>\n<p>-&#8220;La politique \u00e9trang\u00e8re a clairement favoris\u00e9 les trois cap\u00e9s&#8221; (Guillaume Tabard du &#8220;Figaro&#8221;; son) : http:\/\/www.radioclassique.fr\/player\/progaction\/iniPlayer\/podcast\/ledito-politique-de-guillaume-tabard-2016-11-18-08-14-13.html<\/p>\n<p>-&#8220;Ils ont eu bien du mal \u00e0 parler d&#8217;Europe&#8221; (Bernard Guetta; son) : https:\/\/www.franceinter.fr\/emissions\/geopolitique\/geopolitique-18-novembre-2016<\/p>\n<p><strong>-&#8220;Tout le monde (m\u00eame les \u00e9lecteurs de gauche) peut voter \u00e0 la primaire de la droite et du centre&#8221; (Thomas Legrand; son) :     <\/strong>                                                                                                   https:\/\/www.franceinter.fr\/emissions\/l-edito-politique\/l-edito-politique-18-novembre-2016<\/p>\n<p>-&#8220;Pour le FN, l&#8217;enjeu capital de la communication&#8221; (Richard Werly) : https:\/\/www.letemps.ch\/monde\/2016\/11\/17\/fn-lenjeu-capital-communication?utm_source<\/p>\n<p><strong>-&#8220;Moi Pr\u00e9sidente. Mame, \u00e9tudiante de 22 ans. Avec Herv\u00e9 Pauchon; son) : <\/strong> https:\/\/www.franceinter.fr\/emissions\/moi-president\/moi-president-18-novembre-2016<\/p>\n<p><em>-Les intentions de vote au premier tour de l&#8217;\u00e9lection pr\u00e9sidentielle (IFOP) :<\/em> http:\/\/www.sudradio.fr\/Politique\/Sondage-presidentielle-Macron-serait-elimine-des-le-1er-tour<\/p>\n<p><strong>EUROPE-MONDE<\/strong><\/p>\n<p><strong>-&#8220;Le projet europ\u00e9en Galileo enfin en orbite&#8221; (Christian Menanteau; vid\u00e9o) : <\/strong> http:\/\/www.rtl.fr\/culture\/futur\/le-gps-europeen-galileo-enfin-en-orbite-7785843157<\/p>\n<p>-Les Etats s&#8217;entendent sur un budget europ\u00e9en en hausse pour 2017 (Georgi Gotev) : http:\/\/www.euractiv.fr\/section\/europe-sociale-emploi\/news\/slovak-presidency-brokers-the-eus-2017-budget\/?nl_ref=25136360<\/p>\n<p><strong>-&#8220;Le secteur priv\u00e9 milite pour un cadre europ\u00e9en tourn\u00e9 vers les \u00e9nergies renouvelables &#8221; (C\u00e9cile Barbi\u00e8re) : <\/strong> http:\/\/www.euractiv.fr\/section\/energie\/news\/private-sector-pushes-for-better-eu-renewable-energy-legislation\/?nl_ref=25136360<\/p>\n<p><strong>-Volkswagen va supprimer 30 000 postes dont 23 000 en Allemagne et annonce ure r\u00e9orientation de l&#8217;entreprise en direction des voitures \u00e9lectriques (vid\u00e9o) :     <\/strong>        http:\/\/www.francetvinfo.fr\/economie\/automobile\/volkswagen\/volkswagen-va-supprimer-30-000-postes-dont-23-000-en-allemagne_1927273.html<\/p>\n<p>-La Hongrie va baisser son taux d&#8217;imposition pour s\u00e9duire les multinationales (C\u00e9cile Barbi\u00e8re) : http:\/\/www.euractiv.fr\/section\/euro-finances\/news\/la-hongrie-va-baisser-son-taux-dimposition-pour-seduire-les-multinationales\/?nl_ref=25136360<\/p>\n<p><strong>-A voir ici en avant-premi\u00e8re, &#8220;Erdogan, l&#8217;ivresse du pouvoir&#8221;, l&#8217;excellent documentaire de Gilles Cayatte et Guillaume Perrier (vid\u00e9o) :       <\/strong>                       http:\/\/television.telerama.fr\/television\/a-voir-en-avant-premiere-sur-telerama-fr-erdogan-l-ivresse-du-pouvoir,150255.php#xtor<\/p>\n<p>-&#8220;Obama laisse un plan climat ambitieux pour 2050 \u00e0 Donald Trump&#8221; (Val\u00e9rie Laram\u00e9e de Tannenberg) : http:\/\/www.euractiv.fr\/section\/climat-environnement\/news\/obama-laisse-un-plan-climat-2050-ambitieux-a-trump\/?nl_ref=25136360<\/p>\n<p>-&#8220;Plus d&#8217;un million de voix d&#8217;avance pour Hillary Clinton&#8221; (Elsa Conesa) : http:\/\/www.lesechos.fr\/monde\/elections-americaines\/0211497777984-le-buzz-des-etats-unis-hillary-clinton-a-plus-dun-million-de-voix-davance-sur-trump-2043196.php<\/p>\n<p><strong>-&#8220;Barack Obama, quel bilan diplomatique ?&#8221; (Pascal Boniface, directeur de l&#8217;Iris) : <\/strong> http:\/\/www.la-croix.com\/Debats\/Forum-et-debats\/Barack-Obama-quel-bilan-diplomatique-2016-11-15-1200803228?utm_source<\/p>\n<p>-&#8220;L&#8217;\u00e9lection de Donald Trump a bouscul\u00e9 la COP 22&#8221; (Baptiste Gaborit; son) : http:\/\/www.radioclassique.fr\/player\/progaction\/initPlayer\/podcast\/3-minutes-pour-la-planete-2016-11-18-06-44-45.html<\/p>\n<p><strong>-Sur France \u00d4, l&#8217;\u00e9mission &#8220;Investigations&#8221; \u00e9tait consacr\u00e9e \u00e0 Ha\u00efti, &#8220;une \u00eele en d\u00e9tresse&#8221; (vid\u00e9o) :   <\/strong>                                                                                                                                                       http:\/\/www.franceo.fr\/emissions\/investigations\/videos\/haiti_une_ile_en_detresse_16-11-2016_1356523?onglet=tous&#038;page=1<\/p>\n<p>-&#8220;Le spectre de l&#8217;abstention plane sur les \u00e9lections qui auront lieu dimanche&#8221; (Am\u00e9lie Baron) : http:\/\/www.rfi.fr\/ameriques\/20161118-haiti-election-presidentielle-legislative-ouragan-matthew-report-confiance<\/p>\n<p><strong>-&#8220;La chasse aux troph\u00e9es d&#8217;animaux que pratiquent les riches&#8221; (Yolaine de la Bigne; son) <\/strong> : http:\/\/www.sudradio.fr\/Podcasts\/Quelle-epoque-ethique\/Chasse-aux-trophees-permis-de-payer-pour-tuer<\/p>\n<p>CULTURE-MEDIAS<\/p>\n<p><strong>-&#8220;Les politiques ont tout fait pour perdre le contact avec la r\u00e9alit\u00e9 des gens&#8221; (le linguiste et  philosophe italien Raffaele Simone, qui estime que &#8220;la modernit\u00e9 est sous l&#8217;emprise du pouvoir capitaliste plan\u00e9taire, un syst\u00e8me qui est \u00e0 la fois monstrueux et doux&#8221;. Il \u00e9tait l&#8217;invit\u00e9 d&#8217;Ali Baddou; vid\u00e9o) : <\/strong> https:\/\/www.franceinter.fr\/emissions\/l-invite-d-ali-baddou\/l-invite-d-ali-baddou-18-novembre-2016<\/p>\n<p>-La culture pour les 7 candidats \u00e0 la primaire de la droite (Zo\u00e9 Sfez) :               https:\/\/www.franceculture.fr\/emissions\/le-journal-de-la-culture\/le-journal-de-la-culture-jeudi-17-novembre-2016#xtor<\/p>\n<p>-&#8220;La station spatiale internationale, laboratoire c\u00e9leste&#8221; (Denis Sergent) : http:\/\/www.la-croix.com\/Sciences-et-ethique\/Sciences-et-ethique\/La-station-spatiale-internationale-laboratoire-celeste-2016-11-15-1200803152?utm_source<\/p>\n<p>-La comprendre en deux minutes (vid\u00e9o) : http:\/\/www.la-croix.com\/Sciences-et-ethique\/Sciences\/Comprendre-la-station-spatiale-internationale-en-2-minutes-2016-11-17-1200803870?utm_source<\/p>\n<p>-Une nouvelle r\u00e9plique de la grotte de Lascaux va ouvrir en d\u00e9cembre (vid\u00e9o) : http:\/\/www.francetvinfo.fr\/culture\/une-nouvelle-replique-de-la-grotte-de-lascaux-va-ouvrir-en-decembre_1927165.html<\/p>\n<p><strong>-&#8220;Saint-Alban, une exp\u00e9rience en psychiatrie en Loz\u00e8re&#8221; (&#8220;La marche de l&#8217;Histoire de Jean Lebrun, avec le journaliste Eric Favereau; son) :    <\/strong>                                                                                      https:\/\/www.franceinter.fr\/emissions\/la-marche-de-l-histoire\/la-marche-de-l-histoire-17-novembre-2016<\/p>\n<p>-Jusqu&#8217;au 15 janvier 2017 \u00e0 Paris, &#8220;CirkaCuba&#8221;, le nouveau spectacle du cirque Ph\u00e9nix (vid\u00e9o) : http:\/\/www.rfi.fr\/video\/20161118-cirkacuba-le-nouveau-spectale-cirque-phenix-voir-paris-12-novembre-15-janvier-2017<\/p>\n<p>-Sur le carnet de dessins retrouv\u00e9s de Van Gogh, l&#8217;experte Bogomila Welsh-Ovcharov, auteure du livre sur les dessins, donne son point de vue (propos recueillis par Olivier Cena) :                       http:\/\/www.telerama.fr\/scenes\/dessins-van-gogh-bogomila-welsh-ovcharov-entretien,150227.php#xtor<\/p>\n<p><strong>-&#8220;On a tendance \u00e0 caricaturer le milieu &#8220;bobo&#8221;. La lutte des classes me parle mais pas dans les formes o\u00f9 on l&#8217;a connue&#8221; (Le\u00efla Slimani, prix Goncourt 2016, invit\u00e9e de Fr\u00e9d\u00e9ric Letellier; vid\u00e9o) :<\/strong>  http:\/\/www.francetvinfo.fr\/culture\/leila-slimani-son-regard-sur-la-societe_1926909.html<\/p>\n<p>-&#8220;Virginia Woolf, c&#8217;est un univers, une pens\u00e9e libre&#8221; (Sylvie Testud, marraine des &#8220;Etats g\u00e9n\u00e9reux&#8221;; entretien r\u00e9alis\u00e9 par Emmanuel Tellier) :                                                                          http:\/\/www.telerama.fr\/etats-genereux\/sylvie-testud-marraine-des-etats-genereux-virginia-woolf-c-est-un-univers-une-pensee-libre,150174.php#xtor<\/p>\n<p>-Le box-office de Natalie Portman, interpr\u00e8te de &#8220;Planetarium&#8221; de Rebecca Zlotowski, premier film dans lequel elle joue en fran\u00e7ais (Louis Guichard) :                                                                   http:\/\/www.telerama.fr\/cinema\/le-box-office-de-natalie-portman-grandeur-et-digressions,150209.php#xtor<\/p>\n<p>-&#8220;Plan\u00e9tarium&#8221;, un film magnifique&#8221; et &#8220;Tour de France&#8221;, pas mal non plus&#8221; (Guillemette Odicino; son) : https:\/\/www.franceinter.fr\/emissions\/la-vie-des-films\/la-vie-des-films-18-novembre-2016<\/p>\n<p><strong>-Le programme du 20e Festival cin\u00e9ma T\u00e9l\u00e9rama, du 18 au 24 janvier 2017, dans plus de 300 salles &#8220;Art et essais&#8221; \u00e0 travers la France, \u00e0 3,5 euros la place :    <\/strong>                                                  http:\/\/www.telerama.fr\/cinema\/20e-festival-cinema-telerama-demandez-le-programme,150243.php#xtor<\/p>\n<p>-&#8220;Je fais de la photo comme un alcoolique tiendrait un journal intime&#8221; (Antoine d&#8217;Agata, qui jusqu&#8217;au 27 novembre expose \u00e0 Paris, \u00e0 la galerie &#8220;Les Filles du calvaire&#8221;; entr\u00e9e libre; propos recueillis par Fr\u00e9d\u00e9rique Chapuis) : http:\/\/www.telerama.fr\/sortir\/antoine-d-agata-je-fais-de-la-photo-comme-un-alcoolique-tiendrait-un-journal-intime,150211.php#xtor<\/p>\n<p>-La disparition du pianiste de jazz Mose Allison \u00e0 89 ans (Fran\u00e7ois Gorin; son) : http:\/\/www.telerama.fr\/musique\/mose-allison-un-gentleman-du-sud-s-en-va,150228.php#xtor<\/p>\n<p><strong>-&#8220;Message personnel&#8221; de Fran\u00e7oise Hardy  (Rebecca Manzoni; vid\u00e9o) : <\/strong> https:\/\/www.franceinter.fr\/emissions\/tubes-co\/tubes-co-18-novembre-2016<\/p>\n<p>-Alain Souchon et Laurent Voulzy \u00e9taient les invit\u00e9s d&#8217;Augustin Trapenard (son) : https:\/\/www.franceinter.fr\/emissions\/boomerang\/boomerang-18-novembre-2016<\/p>\n<p>-Le chanteur anglais Pete Doherty s&#8217;est produit au Bataclan (Hugo Cassavetti) : http:\/\/www.telerama.fr\/musique\/peter-doherty-au-bataclan-le-chaos-debout,150225.php#xtor<\/p>\n<p>-Il a r\u00e9veill\u00e9 l&#8217;esprit rock de la salle (diaporama) : http:\/\/www.purepeople.com\/article\/pete-doherty-au-bataclan-rock-n-roll-irreverencieux-et-imprevisible_a210654\/1<\/p>\n<p>-Pour faire connaissance (vid\u00e9o) : http:\/\/www.dailymotion.com\/video\/x1iiew_babyshambles-pete-doherty-albion-li_music<\/p>\n<p><strong>-Retrouver Tom Jones avec Fran\u00e7ois Gorin (vid\u00e9os et son) : <\/strong> http:\/\/www.telerama.fr\/musique\/tom-jones-1-histoire-du-forgeron-fait-prince,150189.php                                                                  http:\/\/www.telerama.fr\/musique\/tom-jones-2-elle-dame-moi-tom,150223.php<\/p>\n<p>-&#8220;France Inter affole les compteurs d&#8217;audience&#8221; (Aude Dassonville) : http:\/\/www.telerama.fr\/radio\/audiences-radio-france-inter-affole-les-compteurs,150234.php<\/p>\n<p>-M\u00e9diam\u00e9trie est-elle vraiment fiable ?  : http:\/\/www.telerama.fr\/radio\/audiences-radio-la-126-000-de-mediametrie-est-elle-vraiment-fiable,141112.php<\/p>\n<p><em>-L&#8217;audience de la radio en septembre-octobre 2016 (M\u00e9diam\u00e9trie; document \u00e0 t\u00e9l\u00e9charger) <\/em> : http:\/\/www.mediametrie.fr\/radio\/communiques\/l-audience-de-la-radio-en-france-en-septembre-octobre-2016.php?id=1561<\/p>\n<p><em>-L&#8217;audience de la t\u00e9l\u00e9vision du 7 au 13 novembre (\u00e0 t\u00e9l\u00e9charger) : <\/em> http:\/\/www.mediametrie.fr\/television\/communiques\/l-audience-de-la-television-du-7-au-13-novembre-2016.php?id=1560<\/p>\n<p>-&#8220;Le Canard encha\u00een\u00e9&#8221; a cent ans (son r\u00e9dacteur en chef Louis Marie Horeau, interrog\u00e9 par Dimitri Pavlenko; son) : http:\/\/www.sudradio.fr\/Podcasts\/L-invite-pour-comprendre\/Louis-Marie-Horeau-redacteur-en-chef-du-Canard-Enchaine<\/p>\n<p>-Les fins d&#8217;apr\u00e8s-midi de France 2 pourraient changer en mars (vid\u00e9o) :                          http:\/\/www.europe1.fr\/emissions\/le-fait-medias-du-jour\/france-2-la-fin-dapres-midi-pourrait-evoluer-des-le-mois-de-mars-2904035<\/p>\n<p><strong>-&#8220;Th\u00e9 ou caf\u00e9&#8221; a 20 ans. &#8220;L&#8217;\u00e9mission est singuli\u00e8re, on prend le temps d&#8217;\u00e9couter les invit\u00e9s&#8221; (Catherine Ceylac, interrog\u00e9e par Thomas Joubert; vid\u00e9o) :   <\/strong>          http:\/\/www.europe1.fr\/emissions\/l-invite-medias\/catherine-ceylac-lemission-est-singuliere-on-prend-le-temps-decouter-linvite-2904053<\/p>\n<p>-TF1 alerte le CSA sur le d\u00e9s\u00e9quilibre des temps de parole des politiques (Marc Baudriller; son) : http:\/\/www.radioclassique.fr\/player\/progaction\/iniPlayer\/podcast\/la-vie-des-medias-2016-11-18-07-40-21.html<\/p>\n<p><strong>-&#8220;Macron, sa femme, son storytelling&#8221; (B\u00e9atrice Sch\u00f6nberg, invit\u00e9e de Sonia Devillers; vid\u00e9o, amener le curseur sur 7:31) : <\/strong>                                                                                                                          http:\/\/www.dailymotion.com\/video\/x52j1sk_beatrice-schonberg-macron-sa-femme-son-storytelling_news<\/p>\n<p>-&#8220;Clap, clap,clap \u00e0 la t\u00e9l\u00e9&#8221; (Philippe Vandel; vid\u00e9o) : http:\/\/www.dailymotion.com\/video\/x52iwq1_clap-clap-clap-a-la-tele-l-humeur-de-philippe-vandel_news<\/p>\n<p>-&#8220;Le lobby de la viande&#8221; (Guillaume Meurice; vid\u00e9o) : http:\/\/www.dailymotion.com\/video\/x52fadt_le-lobby-de-la-viande-le-moment-meurice_fun<\/p>\n<p>-&#8220;Le millefeuille du bonheur&#8221; selon Luc Ferry (son) : http:\/\/www.dailymotion.com\/video\/x52f5ja_le-millefeuille-du-bonheur-selon-luc-ferry-les-fausses-pubs_fun<\/p>\n<p>-&#8220;Taisez-vous Elkabbach&#8221; (Georges Marchais, cit\u00e9 par Patrick Cohen; son) : https:\/\/www.franceinter.fr\/emissions\/le-7h43\/le-7h43-18-novembre-2016<\/p>\n<p><strong>-&#8220;Emmanuel Macron est sinc\u00e8re&#8221; (Charline Vanhoenacker, avec Guillaume Meurice; vid\u00e9o)<\/strong> : https:\/\/www.franceinter.fr\/emissions\/le-billet-de-charline-vanhoenacker\/le-billet-de-charline-vanhoenacker-18-novembre-2016<\/p>\n<p><strong>-Les primaires vues par Jean de La Fontaine (Fran\u00e7ois Morel; vid\u00e9o) : <\/strong> http:\/\/www.dailymotion.com\/video\/x52in97_les-primaires-vues-par-jean-de-la-fontaine-le-billet-de-francois-morel_fun<\/p>\n","protected":false},"excerpt":{"rendered":"<p>ACTUALITE -La r\u00e9forme du temps de travail d&#8217;Emmanuel Macron au &#8220;T\u00e9l\u00e9phone sonne&#8221; de France Inter (avec Pascal Pavageau, secr\u00e9taire conf\u00e9d\u00e9ral de FO et l&#8217;\u00e9conomiste Marc Ferracci; d\u00e9bat anim\u00e9 par Micka\u00ebl Th\u00e9bault; son) : https:\/\/www.franceinter.fr\/emissions\/le-telephone-sonne\/le-telephone-sonne-17-novembre-2016 -Les chauffeurs de &#8220;M\u00e9gabus&#8221; sont en gr\u00e8ve apr\u00e8s la liquidation de leur entreprise. Pour Emmanuel Macron, c&#8217;est normal, il y a [&hellip;]<\/p>\n","protected":false},"author":1042,"featured_media":0,"comment_status":"open","ping_status":"open","sticky":false,"template":"","format":"standard","meta":{"_themeisle_gutenberg_block_has_review":false,"footnotes":""},"categories":[151],"tags":[],"class_list":["post-10015","post","type-post","status-publish","format-standard","hentry","category-la-revue-de-presse-de-lulu"],"_links":{"self":[{"href":"https:\/\/archives.regards.fr\/index.php?rest_route=\/wp\/v2\/posts\/10015","targetHints":{"allow":["GET"]}}],"collection":[{"href":"https:\/\/archives.regards.fr\/index.php?rest_route=\/wp\/v2\/posts"}],"about":[{"href":"https:\/\/archives.regards.fr\/index.php?rest_route=\/wp\/v2\/types\/post"}],"author":[{"embeddable":true,"href":"https:\/\/archives.regards.fr\/index.php?rest_route=\/wp\/v2\/users\/1042"}],"replies":[{"embeddable":true,"href":"https:\/\/archives.regards.fr\/index.php?rest_route=%2Fwp%2Fv2%2Fcomments&post=10015"}],"version-history":[{"count":0,"href":"https:\/\/archives.regards.fr\/index.php?rest_route=\/wp\/v2\/posts\/10015\/revisions"}],"wp:attachment":[{"href":"https:\/\/archives.regards.fr\/index.php?rest_route=%2Fwp%2Fv2%2Fmedia&parent=10015"}],"wp:term":[{"taxonomy":"category","embeddable":true,"href":"https:\/\/archives.regards.fr\/index.php?rest_route=%2Fwp%2Fv2%2Fcategories&post=10015"},{"taxonomy":"post_tag","embeddable":true,"href":"https:\/\/archives.regards.fr\/index.php?rest_route=%2Fwp%2Fv2%2Ftags&post=10015"}],"curies":[{"name":"wp","href":"https:\/\/api.w.org\/{rel}","templated":true}]}}