{"id":10012,"date":"2016-11-18T07:52:09","date_gmt":"2016-11-18T06:52:09","guid":{"rendered":"https:\/\/wp.muchomaas.com\/article-la-revue-du-18-novembre-2016\/"},"modified":"2016-11-18T07:52:09","modified_gmt":"2016-11-18T06:52:09","slug":"article-la-revue-du-18-novembre-2016","status":"publish","type":"post","link":"https:\/\/archives.regards.fr\/?p=10012","title":{"rendered":"La Revue du 18 novembre 2016"},"content":{"rendered":"<p><strong>ACTUALITE<\/strong><\/p>\n<p><strong>-&#8220;Hausse de la pr\u00e9carit\u00e9 en France. Le Secours catholique interpelle les politiques&#8221; (Sophie Vandermolen; vid\u00e9o) :   <\/strong>                                                                                                                                       http:\/\/www.publicsenat.fr\/lcp\/politique\/hausse-precarite-france-secours-catholique-interpelle-politiques-1565872<\/p>\n<p><strong>-V\u00e9ronique Fayet, la pr\u00e9sidente du Secours catholique (vid\u00e9o) :      <\/strong>                      http:\/\/www.francetvinfo.fr\/economie\/crise\/pauvrete-le-cri-d-alarme-du-secours-catholique_1925473.html<\/p>\n<p><em>-&#8220;L&#8217;\u00e9tat de la pauvret\u00e9 en France&#8221; (le Secours catholique; rapport \u00e0 t\u00e9l\u00e9charger) : <\/em> http:\/\/www.secours-catholique.org\/actualites\/letat-de-la-pauvrete-2016<\/p>\n<p>-Certains Fran\u00e7ais ne peuvent pas chauffer leur maison. Un reportage dans le Jura (vid\u00e9o) : http:\/\/www.francetvinfo.fr\/economie\/votre-argent\/pauvrete-certains-francais-ne-peuvent-pas-chauffer-leur-maison_1925461.html<\/p>\n<p>-Le t\u00e9moignage d&#8217;un ancien cadre (vid\u00e9o) : http:\/\/www.francetvinfo.fr\/economie\/emploi\/chomage\/precarite-le-temoignage-d-un-ancien-cadre_1925375.html<\/p>\n<p>-Les prix des assurances vont encore augmenter (vid\u00e9o) :                            http:\/\/www.francetvinfo.fr\/meteo\/inondations\/assurances-les-prix-vont-encore-augmenter_1925277.html         <\/p>\n<p>-Les Fran\u00e7ais seraient pr\u00eats \u00e0 payer plus cher le &#8220;made in France&#8221; (vid\u00e9o) : http:\/\/www.francetvinfo.fr\/economie\/entreprises\/made-in-france-les-francais-sont-prets-a-payer-plus-cher_1925867.html                                               <\/p>\n<p>-Plusieurs dizaines de lyc\u00e9es de ZEP en gr\u00e8ve (Aur\u00e9lie Collas) : http:\/\/www.lemonde.fr\/education\/article\/2016\/11\/16\/les-lycees-de-zep-un-chantier-en-souffrance_5031890_1473685.html<\/p>\n<p><strong>-&#8220;Fins des ZEP ?&#8221; (son)<\/strong> : http:\/\/www.sudradio.fr\/Podcasts\/Les-reportages-de-la-matinee\/Fin-des-ZEP<\/p>\n<p>-&#8220;L\u00e9g\u00e8re hausse du ch\u00f4mage au troisi\u00e8me trimestre&#8221; : http:\/\/www.lesechos.fr\/economie-france\/conjoncture\/0211503447990-le-taux-de-chomage-repart-en-legere-hausse-au-troisieme-trimestre-2043554.php<\/p>\n<p><em>-Les r\u00e9sultats de l&#8217;enqu\u00eate emploi de l&#8217;INSEE<\/em> : http:\/\/www.insee.fr\/fr\/themes\/info-rapide.asp?id=14&#038;date=20161117<\/p>\n<p><em>-Les arriv\u00e9es d&#8217;emplois et de r\u00e9sidents par r\u00e9gion (documents de l&#8217;INSEE) : <\/em> http:\/\/www.insee.fr\/fr\/service\/default.asp?page=agendas\/dossiers_actualite\/emploi-residents.htm<\/p>\n<p>-En France, l&#8217;usage des antibiotiques sur les animaux recule (Romain Loury) :                                                                                                                                                                                 http:\/\/www.euractiv.fr\/section\/agriculture-alimentation\/news\/lusage-des-antibiotiques-sur-les-animaux-recule-en-france\/?nl_ref=25044731<\/p>\n<p>-Les z\u00e8bres et les rhinoc\u00e9ros du zoo de Paris (\u00e0 Vincennes) nourris au foin bio : http:\/\/france3-regions.francetvinfo.fr\/paris-ile-de-france\/paris\/du-foin-100-bio-zebres-rhinoceros-du-zoo-paris-1132199.html#xtor<\/p>\n<p><strong>-L&#8217;importance des Om\u00e9gas 3 dans l&#8217;alimentation des vaches (Baptiste Gaborit; son) <\/strong> : http:\/\/www.radioclassique.fr\/player\/progaction\/initPlayer\/podcast\/3-minutes-pour-la-planete-2016-11-17-06-46-04.html<\/p>\n<p>-A l&#8217;appel de cinq syndicats, manifestation de salari\u00e9s du Conseil r\u00e9gional d&#8217;Ile-de-France contre son d\u00e9m\u00e9nagement \u00e0 Saint-Ouen (93) et ses cons\u00e9quences (Christian Meyze; vid\u00e9o) :                    http:\/\/france3-regions.francetvinfo.fr\/paris-ile-de-france\/manifestation-salaries-du-conseil-regional-contre-projet-demenagement-1132879.html#xtor<\/p>\n<p><strong>-Le vaisseau Soyouz a d\u00e9coll\u00e9 avec succ\u00e8s avec Thomas Pesquet \u00e0 son bord (vid\u00e9o) : <\/strong> http:\/\/www.francetvinfo.fr\/sciences\/espace\/thomas-pesquet\/le-vaisseau-soyouz-a-decolle-avec-succes-vers-l-iss-avec-a-son-bord-le-francais-thomas-pesquet-revivez-le-lancement-en-video_1925823.html<\/p>\n<p>-L&#8217;histoire des autres spationautes fran\u00e7ais (vid\u00e9o) : http:\/\/www.francetvinfo.fr\/sciences\/espace\/espace-retour-sur-l-histoire-des-plus-grands-spationautes-francais_1925869.html<\/p>\n<p><strong>-A Saint-Denis (93), un an apr\u00e8s l&#8217;assaut du Raid, ils veulent \u00eatre reconnus comme &#8220;victimes du terrorisme&#8221; (Christian Meyze; vid\u00e9o) :  <\/strong>                                                                                                            http:\/\/france3-regions.francetvinfo.fr\/paris-ile-de-france\/seine-saint-denis\/saint-denis\/saint-denis-ils-veulent-etre-reconnus-victimes-du-terrorisme-1133051.html#xtor<\/p>\n<p><strong>-Ils vivaient dans l&#8217;immeuble qui a subi l&#8217;assaut (vid\u00e9o) : <\/strong> http:\/\/www.francetvinfo.fr\/faits-divers\/terrorisme\/13-novembre-des-habitants-de-l-immeuble-de-saint-denis-toujours-traumatises_1925499.html<\/p>\n<p>-Takkieddine entendu par la police (vid\u00e9o) : http:\/\/nr.news-republic.com\/Web\/ArticleWeb.aspx?regionid=2&#038;articleid=77768474<\/p>\n<p><strong>-Nicolas Sarkozy n&#8217;a pas appr\u00e9ci\u00e9 la question pos\u00e9e par David Pujadas sur le sujet (vid\u00e9o) <\/strong> : http:\/\/www.leparisien.fr\/politique\/video-sarkozy-tres-enerve-d-avoir-ete-interroge-sur-takkiedine-et-la-libye-18-11-2016-6341613.php<\/p>\n<p><strong>-L&#8217;itin\u00e9raire d&#8217;une famille de r\u00e9fugi\u00e9s et leur nouvelle vie en France (Marie-Pierre V\u00e9rot et Antoine Guerrier; sons) : <\/strong> https:\/\/www.franceculture.fr\/geopolitique\/lasile-pas-pas-3-larrivee-en-france#xtor<\/p>\n<p><strong>-En Syrie, les liens entre le cimentier Lafarge et l&#8217;Etat islamique (vid\u00e9o) :<\/strong>             http:\/\/www.francetvinfo.fr\/monde\/proche-orient\/offensive-jihadiste-en-irak\/enquete-loeil-du-20-heures-nouvelles-revelations-sur-les-liens-entre-le-cimentier-francais-lafarge-et-l-etat-islamique-en-syrie_1925753.html#xtor<\/p>\n<p><em>-Les Fran\u00e7ais et la protection des donn\u00e9es personnelles (ODOXA) :   <\/em>        http:\/\/www.odoxa.fr\/rendez-vous-de-linnovation-78-des-francais-preoccupes-par-la-protection-des-donnees-personnelles\/<\/p>\n<p><strong>POLITIQUE<\/strong><\/p>\n<p>-Les &#8220;Insoumiis&#8221; de Saint-Denis (93) s&#8217;adressent aux communistes de la ville : http:\/\/www.ballybagayoko.com\/presidentielles-saint-denis-insoumise-sadresse-aux-militants-communistes-nous-nentendons-pas-partir-en-campagne-sans-vous-sans-votre-force-nous-nentendons-pas-mener-campagne\/<\/p>\n<p><strong>-&#8220;Si le syst\u00e8me, ce sont les partis politiques et les appareils, incontestablement  Emmanuel Macron est hors ce syst\u00e8me. Mais si ce sont les pouvoirs \u00e9conomiques, bancaires, l\u00e0 il n&#8217;est pas hors syst\u00e8me. Je lui demande qu&#8217;il rendent transparente la liste  de ses donateurs&#8221;  (Beno\u00eet Hamon, d\u00e9put\u00e9 PS des Yvelines, candidat \u00e0 la primaire; face \u00e0 Jean-Jacques Bourdin; vid\u00e9o) :  <\/strong>                                                     http:\/\/www.bfmtv.com\/mediaplayer\/video\/benoit-hamon-face-a-jean-jacques-bourdin-en-direct-885899.html<\/p>\n<p>-&#8220;Pour 95 % des Fran\u00e7ais, le pr\u00e9l\u00e8vement \u00e0 la source ne changera rien&#8221; (le secr\u00e9taire d&#8217;Etat Christian Eckert; interrog\u00e9 par Nicolas Pierron; vid\u00e9o) :                                                                                    http:\/\/www.dailymotion.com\/video\/x52dv8y<\/p>\n<p>-&#8220;Je suis fier de ce qu&#8217;a fait ce Pr\u00e9sident de la R\u00e9publique depuis 4 ans et demi&#8221; (Bruno Le Roux, pr\u00e9sident du groupe socialiste \u00e0 l&#8217;Assembl\u00e9e nationale; interrog\u00e9 par Guillaume Durand; vid\u00e9o) :          http:\/\/www.dailymotion.com\/video\/x52du28_je-suis-fier-de-ce-qu-a-fait-ce-president-de-la-republique-depuis-4-ans-et-demie-bruno-le-roux-17-1_news<\/p>\n<p>&#8220;Les destins personnels ne m\u00e8nent \u00e0 rien. La candidature d&#8217;Emmanuel Macron pourrait porter un coup fatal \u00e0 la gauche. Il aurait d\u00fb faire le choix de la primaire de la gauche&#8221; (Didier Guillaume, pr\u00e9sident du groupe PS au S\u00e9nat, interrog\u00e9 par  Brigitte Boucher; vid\u00e9o, amener le curseur sur 31:00) : http:\/\/www.lcp.fr\/emissions\/politique-matin\/278993-politique-matin<\/p>\n<p>-&#8220;On se gargarise avec notre mod\u00e8le social, alors qu&#8217;il ne permet pas l&#8217;\u00e9galit\u00e9 r\u00e9elle. Il y en a \u00e0 qui \u00e7a pourrait faire du bien de conna\u00eetre la vie r\u00e9elle&#8221; (Richard Ferrand, d\u00e9put\u00e9 PS du Finist\u00e8re, secr\u00e9taire g\u00e9n\u00e9ral du mouvement d&#8217;Emmanuel Macron &#8220;En Marche&#8221;; invit\u00e9 de la matinale de France Inter. Il \u00e9tait interrog\u00e9 par Patrick Cohen et par les auditeurs (Le premier de ces auditeurs, \u00e0 mon sens, m\u00e9rite le d\u00e9tour et pas seulement pour sa conclusion; vid\u00e9os) :                                                                                                                                                                                           https:\/\/www.franceinter.fr\/emissions\/l-invite-de-8h20\/l-invite-de-8h20-17-novembre-2016                                                                                                                                                                       http:\/\/www.dailymotion.com\/video\/x52dt0k_richard-ferrand-il-y-en-a-a-qui-ca-pourrait-faire-du-bien-de-connaitre-la-vie-reelle_news<\/p>\n<p>-&#8220;Il savait qu&#8217;en bousculant le syst\u00e8me, ce dernier r\u00e9agirait. Il a envoy\u00e9 sa boule au milieu des quilles qui r\u00e9agissent. Nous sommes 100 000 aujourd&#8217;hui. Manuel Valls aurait pu \u00eatre \u00e0 la place d&#8217;Emmanuel Macron, mais aujourd&#8217;hui, il est devenu le conservateur de l&#8217;appareil du Parti socialiste&#8221; (G\u00e9rard Collomb, s\u00e9nateur PS du Rh\u00f4ne, face \u00e0 Caroline Roux; vid\u00e9o) : http:\/\/www.france2.fr\/emissions\/telematin\/actu\/les-4-verites-gerard-collomb_525019<\/p>\n<p>-&#8220;La candidature Macron est une illusion. Il est un peu &#8220;California Dream&#8221;. La rose de Marine Le Pen est une falsification&#8221; (le secr\u00e9taire d&#8217;Etat Jean-Marie Le Guen, invit\u00e9 de la matinale de RTL; vid\u00e9os) :   http:\/\/www.rtl.fr\/actu\/politique\/le-guen-la-candidature-de-macron-est-celle-d-une-illusion-presidentielle-2017-7785825845<\/p>\n<p>-&#8220;Macron fait le coup du candidat anti-syst\u00e8me alors qu&#8217;il en est le pur produit&#8221; (Philippe Doucet, d\u00e9put\u00e9 PS du Val-d&#8217;Oise, proche de Manuel Valls. Il en a mis du temps pour s&#8217;en apercevoir !; interrog\u00e9 par Jean-Jacques Bourdin; vid\u00e9o) : http:\/\/rmc.bfmtv.com\/mediaplayer\/video\/philippe-doucet-macron-fait-le-coup-du-candidat-anti-systeme-alors-qu-il-en-est-le-pur-produit-885889.html<\/p>\n<p>-Jean Luc M\u00e9lenchon, Yannick Jadot et  Najat Vallaud-Belkacem ont r\u00e9pondu \u00e0 la question pos\u00e9e par &#8220;l&#8217;Obs&#8221; : &#8220;comment \u00e9viter la victoire de Marine Le Pen ?&#8221; (propos recueillis par C\u00e9cile Amar, Ma\u00ebl Thierry et Julien Martin) : http:\/\/tempsreel.nouvelobs.com\/politique\/election-presidentielle-2017\/20161115.OBS1253\/melenchon-jadot-vallaud-belkacem-comment-eviter-la-victoire-de-marine-le-pen.html<\/p>\n<p>-A Berlin, Manuel Valls redoute la victoire de Marine Le Pen (vid\u00e9o) :                    http:\/\/www.francetvinfo.fr\/politique\/front-national\/video-presidentielle-manuel-valls-redoute-une-victoire-de-marine-le-pen_1925429.html<\/p>\n<p>-&#8220;Le S\u00e9nat n&#8217;est pas la chambre des retrait\u00e9s de l&#8217;Assembl\u00e9e nationale&#8221; (le s\u00e9nateur PS de Paris David Assouline, qui refuse de laisser sa place \u00e0 Daniel Vaillant; Fran\u00e7ois Vignal; vid\u00e9o) :                    http:\/\/www.publicsenat.fr\/lcp\/politique\/senatoriales-david-assouline-denonce-recasage-daniel-vaillant-senat-1565941<\/p>\n<p><strong>-Mardi, en meeting \u00e0 Chamb\u00e9ry, Jean-Luc M\u00e9lenchon a d\u00e9taill\u00e9 le programme des candidats \u00e0 la primaire de la droite (vid\u00e9o) <\/strong> : https:\/\/www.youtube.com\/watch?v=DH3HuoOh37w<\/p>\n<p>-&#8220;L&#8217;\u00e9lection n&#8217;est pas jou\u00e9e. Elle se fait \u00e9lecteur par \u00e9lecteur. Sarkozy a fait tellement r\u00eaver en 2007 qu&#8217;il a perdu en 2002 parce qu&#8217;il na pas tenu ses promesses. Emmanuel Macron choisit ce moment l\u00e0 parce qu&#8217;il pr\u00e9f\u00e8re Sarkozy, moi, c&#8217;est Jupp\u00e9&#8221; (Jean-Christophe Lagarde, pr\u00e9sident de l&#8217;UDI, interrog\u00e9 par Audrey Crespo-Mara; vid\u00e9o) :                                                                                               http:\/\/www.lci.fr\/replay\/replay-l-invite-de-lci-matin-du-17-novembre-2016-jean-christophe-lagarde-2012937.html%3Ftype=content<\/p>\n<p>-&#8220;On est dans une fin de campagne de bonne tenue. La dynamique autour de Nicolas Sarkozy est forte. Ce qui les diff\u00e9rencie, c&#8217;est le diagnostic de la soci\u00e9t\u00e9&#8221; (Fran\u00e7ois Baroin, s\u00e9nateur LR de l&#8217;Aube; interrog\u00e9 par Jean-Pierre Elkabbach; vid\u00e9o) : http:\/\/www.europe1.fr\/emissions\/l-interview-politique\/primaire-de-la-droite-soutien-a-nicolas-sarkozy-candidature-demmanuel-macron-barrage-au-front-national-economie-francaise-et-drame-des-migrants-francois-baroin-repond-aux-questions-de-jean-pierre-elkabbach-2902853<\/p>\n<p>-&#8220;La candidature d&#8217;Emmanuel Macron change la donne&#8221; (Bruno Le Maire, d\u00e9put\u00e9 LR de l&#8217;Eure, candidat \u00e0 la primaire; invit\u00e9 de la matinale de Franceinfo; vid\u00e9o) :   http:\/\/www.dailymotion.com\/video\/x52dz57_pour-bruno-le-maire-la-candidature-d-emmanuel-macron-change-la-donne_news<\/p>\n<p>-&#8220;La vraie diff\u00e9rence entre Jupp\u00e9 et Macron, c&#8217;est qu&#8217;il y en a un qui est loyal, pas l&#8217;autre&#8221; (Benoist Apparu, d\u00e9put\u00e9 LR de la Marne; porte parole d&#8217;Alain Jupp\u00e9; invit\u00e9 de L\u00e9a Salam\u00e9; vid\u00e9o) :         http:\/\/www.dailymotion.com\/video\/x52dbhe_benoist-apparu-la-vraie-difference-entre-macron-et-juppe-c-est-qu-il-y-en-a-un-qui-est-loyal_news<\/p>\n<p>-&#8220;Le rempart contre un Macron, c&#8217;est Alain Jupp\u00e9&#8221; (Val\u00e9rie P\u00e9cresse, pr\u00e9sidente LR de la r\u00e9gion Ile-de-France; interrog\u00e9e par Thomas Sotto; vid\u00e9o) :          http:\/\/www.europe1.fr\/emissions\/l-interview-verite\/valerie-pecresse-le-rempart-contre-un-macron-cest-alain-juppe-2902826<\/p>\n<p>-&#8220;Fillon a transform\u00e9 un vote par d\u00e9pit en vote par envie&#8221; (Son porte-parole, le d\u00e9put\u00e9 LR du Val-d&#8217;Oise J\u00e9r\u00f4me Chartier; invit\u00e9 de &#8220;Territoires d&#8217;Infos&#8221;; vid\u00e9o, amener le curseur sur 33:28) :                  http:\/\/www.sudradio.fr\/Politique\/L-interview-politique\/J.-Chartier-Fillon-a-transforme-un-vote-par-depit-en-vote-par-envie<\/p>\n<p>-&#8220;Ils se sont tous mis \u00e0 taper comme des sourds sur Fran\u00e7ois Fillon&#8221; (Renaud Dely; vid\u00e9o) : http:\/\/www.dailymotion.com\/video\/x52d3xk_histoires-politiques-ils-se-sont-tous-mis-a-taper-sur-francois-fillon-comme-des-sourds_news<\/p>\n<p>-&#8220;Sa perc\u00e9e bouscule le duel Jupp\u00e9-Sarkozy&#8221; : http:\/\/www.lemonde.fr\/election-presidentielle-2017\/article\/2016\/11\/17\/la-percee-de-fillon-bouscule-le-duel-juppe-sarkozy_5032793_4854003.html#xtor<\/p>\n<p>-&#8220;Un troisi\u00e8me d\u00e9bat pour un match un trois&#8221; (Yves Thr\u00e9ard; vid\u00e9o) :       http:\/\/www.europe1.fr\/emissions\/ledito-politique-dyves-threard\/un-troisieme-debat-pour-un-match-a-trois-2902742<\/p>\n<p><strong>-Ce qu&#8217;on peut retenir du dernier d\u00e9bat des candidats de la droite : vid\u00e9os) : <\/strong>  http:\/\/www.bfmtv.com\/politique\/primaire-a-droite-ce-qu-il-faut-retenir-de-l-ultime-debat-avant-le-premier-tour-1060637.html                               http:\/\/www.lesechos.fr\/elections\/primaire-a-droite\/0211504922691-primaire-a-droite-suivez-en-direct-le-troisieme-debat-2043677.php                    http:\/\/www.lemonde.fr\/election-presidentielle-2017\/article\/2016\/11\/18\/ce-qu-il-faut-retenir-du-troisieme-debat-de-la-primaire-de-la-droite_5033146_4854003.html#xtor=AL-32280270<\/p>\n<p>-Leur minute de conclusion (vid\u00e9os) : http:\/\/www.europe1.fr\/politique\/videos-primaire-de-la-droite-comment-les-sept-candidats-ont-conclu-leur-debat-2903585<\/p>\n<p>-Si \u00e7a vous chante, l&#8217;int\u00e9grale (vid\u00e9o) : http:\/\/www.france2.fr\/emission\/primaire-le-debat-decisif\/diffusion-du-17-11-2016-20h55<\/p>\n<p>-Tous contre&#8230;les journalistes (vid\u00e9o) : http:\/\/www.lci.fr\/primaire-droite\/video-3e-debat-de-la-primaire-a-droite-les-candidats-ont-critique-les-journalistes-2013107.html%3Ftype=content<\/p>\n<p><em>-Deux sondages sur le d\u00e9bat (ELABE et OPINION-WAY) :        <\/em>                http:\/\/www.francetvinfo.fr\/politique\/les-republicains\/primaire-de-la-droite\/primaire-a-droite-francois-fillon-grand-vainqueur-du-dernier-debat-televise-selon-deux-sondages_1926671.html<\/p>\n<p>-&#8220;Parce qu&#8217;il est rest\u00e9 lui-m\u00eame, Alain Jupp\u00e9 perd du terrain&#8221; (Christophe Barbier; vid\u00e9o) : http:\/\/www.bfmtv.com\/mediaplayer\/video\/l-edito-de-christophe-barbier-alain-juppe-perd-du-terrain-885887.html<\/p>\n<p>-&#8220;Ce qui va jouer, c&#8217;est la mobilisation des \u00e9lecteurs&#8221; (Eric Fottorino; vid\u00e9o) : http:\/\/www.dailymotion.com\/video\/x52dxez_ce-qui-va-jouer-aux-primaires-c-est-la-mobilisation-des-electeurs-eric-fottorino-17-11-2016_news<\/p>\n<p>-&#8220;La grande faiblesse de la gauche&#8221; (G\u00e9rard Courtois) : http:\/\/www.lemonde.fr\/election-presidentielle-2017\/article\/2016\/11\/17\/enquete-cevipof-la-grande-faiblesse-de-la-gauche_5032788_4854003.html<\/p>\n<p>-&#8220;Dans le discours et dans la posture, Marine Le Pen et Emmanuel Macron se pr\u00e9sentent tous les deux en candidats anti-syst\u00e8me qui transcendent le clivage gauche\/droite&#8221; (Guillaume Tabard du &#8220;Figaro; son) : http:\/\/www.radioclassique.fr\/player\/progaction\/initPlayer\/podcast\/ledito-politique-de-guillaume-tabard-2016-11-17-08-14-35.html<\/p>\n<p><em>-L&#8217;enqu\u00eate \u00e9lectorale fran\u00e7aise, r\u00e9alis\u00e9e avec le CEVIPOF (IPSOS) : <\/em> http:\/\/m.ipsos.fr\/decrypter-societe\/2016-11-17-enquete-electorale-francaise-vague-8-primaire-droite-et-centre-progression-fillon-cree-qualification<\/p>\n<p><em>-Les intentions de vote \u00e0 la primaire de la droite et du centre (IFOP) :   <\/em>    http:\/\/www.ifop.com\/?option=com_publication&#038;type=poll&#038;id=3560<\/p>\n<p>-&#8220;Marine Le Pen est libre vis \u00e0 vis de son parti, libre de proposer des id\u00e9es&#8221; (son directeur de campagne, le s\u00e9nateur-maire FN de Fr\u00e9jus  David Rachline; interrog\u00e9 par Fr\u00e9d\u00e9ric Rivi\u00e8re; vid\u00e9o) :                  http:\/\/www.rfi.fr\/video\/20161117-david-rachline-marine-le-pen-est-libre-vis-vis-son-parti-libre-proposer-idees<\/p>\n<p>-Quand elle entend parler Manuel Valls de l&#8217;islam, elle &#8220;a l&#8217;impression de se lire&#8221; (vid\u00e9o) : http:\/\/www.lefigaro.fr\/politique\/le-scan\/citations\/2016\/04\/19\/25002-20160419ARTFIG00103-lorsqu-elle-entend-valls-parler-d-islam-marine-le-pen-a-l-impression-de-se-lire.php?utm_campaign<\/p>\n<p>-&#8220;Elle ferme la porte \u00e0 l&#8217;h\u00e9ritage de son p\u00e8re&#8221; (Alba Ventura; vid\u00e9o) :                    http:\/\/www.rtl.fr\/actu\/politique\/presidentielle-2017-front-national-marine-le-pen-ferme-la-porte-de-l-heritage-de-son-pere-selon-alba-ventura-7785825624   <\/p>\n<p><strong>-&#8220;Presque aucun sondage ne donne Marine Le Pen gagnante au second tour&#8221; (Olivier Faye, charg\u00e9 au &#8220;Monde&#8221; du suivi du FN) :    <\/strong>                                                                                           http:\/\/www.lemonde.fr\/ameriques\/article\/2016\/11\/17\/mexico-met-en-place-une-ligne-d-urgence-pour-ses-ressortissants-aux-etats-unis_5032431_3222.html<\/p>\n<p><strong>EUROPE-MONDE<\/strong><\/p>\n<p>-&#8220;Les Etats membres qui investissent dans la recherche-d\u00e9veloppement ont mieux r\u00e9sist\u00e9 \u00e0 la crise&#8221; (le Commissaire europ\u00e9en Carlos Moedas; propos recueillis par Jorge Valero) :   http:\/\/www.euractiv.fr\/section\/innovation-entreprises\/interview\/moedas-countries-that-increased-spending-in-rd-better-weathered-the-crisis\/?nl_ref=25044731<\/p>\n<p>-&#8220;Nous devons avoir, en Europe, un d\u00e9bat sur les valeurs qui nous lient&#8221; (le secr\u00e9taire d&#8217;Etat Harlem D\u00e9sir; vid\u00e9o) :                                                                                                                     http:\/\/www.rfi.fr\/video\/20161116-harlem-desir-nous-devons-avoir-europe-debat-valeurs-nous-lient<\/p>\n<p>-Des n\u00e9gociations budg\u00e9taires difficiles pour le nouveau gouvernement espagnol Rajoy (Fernando Heller) :                                                                                                                                    http:\/\/www.euractiv.fr\/section\/politique\/news\/des-negociations-budgetaires-difficiles-se-profilent-pour-nouveau-gouvernement-rajoy\/?nl_ref=25044731<\/p>\n<p><strong>-&#8220;Mes enfants ont \u00e9t\u00e9 kidnapp\u00e9s par les services sociaux anglais&#8221; (R\u00e9gis, dans un reportage de St\u00e9phanie Thomas; son) <\/strong> : https:\/\/www.franceculture.fr\/emissions\/les-pieds-sur-terre\/enfants-voles#xtor<\/p>\n<p><strong>-&#8220;O\u00f9 va la Pologne ?&#8221; (un documentaire allemand \u00e9clairant; vid\u00e9o) : <\/strong>  http:\/\/info.arte.tv\/fr\/ou-va-la-pologne-le-film<\/p>\n<p>-Le premier ministre roumain Dacian Ciolos, en place depuis un an, se f\u00e9licite de diriger un gouvernement &#8220;z\u00e9ro corruption, z\u00e9ro populisme et z\u00e9ro mensonge&#8221; :                                                          http:\/\/www.euractiv.fr\/section\/politique\/news\/romanian-pm-praises-work-of-zero-government\/?nl_ref=25044731<\/p>\n<p>-Une visite d&#8217;eurod\u00e9put\u00e9s \u00e0 Ankara repouss\u00e9e sur fond de d\u00e9saccords (C\u00e9cile Barbi\u00e8re) : http:\/\/www.euractiv.fr\/section\/l-europe-dans-le-monde\/news\/une-visite-deurodeputes-a-ankara-repoussee-sur-fond-de-desaccords\/?nl_ref=25044731<\/p>\n<p><strong>-&#8220;La russophilie fran\u00e7aise n&#8217;est pas seulement une mode&#8221; (l&#8217;\u00e9crivain et ancien diplomate Vladimir F\u00e9doroski, interrog\u00e9 par Jose Manuel Lamarque; son) : <\/strong> https:\/\/www.franceinter.fr\/emissions\/meridien-d-europe\/meridien-d-europe-17-novembre-2016<\/p>\n<p>-&#8220;Tourisme alternatif et g\u00e9opolitique sur les hauteurs du Golan&#8221; (vid\u00e9o) : http:\/\/nr.news-republic.com\/Web\/ArticleWeb.aspx?regionid=2&#038;articleid=77757379<\/p>\n<p>-D\u00e9vast\u00e9 par l&#8217;EI, il ne reste plus rien du site antique de Nimrod (vid\u00e9o) : http:\/\/nr.news-republic.com\/Web\/ArticleWeb.aspx?regionid=2&#038;articleid=77618783<\/p>\n<p><strong>-&#8220;Marrakech, m\u00eame pas COP&#8221; (Antoine Guerrier; sons) : <\/strong> https:\/\/www.franceculture.fr\/geopolitique\/marrakech-meme-pas-cop#<\/p>\n<p>-Pour Mohamed VI, elle constitue &#8220;un tournant d\u00e9cisif&#8221; (vid\u00e9o) : http:\/\/nr.news-republic.com\/Web\/ArticleWeb.aspx?regionid=2&#038;articleid=77624730<\/p>\n<p>-Des chefs d&#8217;Etats africains se r\u00e9unissent en marge de la COP 22 (vid\u00e9o) : http:\/\/nr.news-republic.com\/Web\/ArticleWeb.aspx?regionid=2&#038;articleid=77675561<\/p>\n<p><strong>-Fran\u00e7ois Hollande s&#8217;y est exprim\u00e9 (vid\u00e9o) <\/strong> : http:\/\/www.elysee.fr\/videos\/discours-au-sommet-des-chefs-d-etat-et-de-gouvernement-africains-a-marrakech\/#content<\/p>\n<p>-Sa conf\u00e9rence de presse \u00e0 l&#8217;issue de son d\u00e9placement \u00e0 Marrakech (vid\u00e9o) : http:\/\/www.elysee.fr\/videos\/conference-de-presse-a-la-cop2\/<\/p>\n<p>-&#8220;Les Etats-Unis ne pourront pas revenir en arri\u00e8re&#8221; sur le climat (John Kerry; vid\u00e9o) : http:\/\/nr.news-republic.com\/Web\/ArticleWeb.aspx?regionid=2&#038;articleid=77727362<\/p>\n<p>-&#8220;Les entreprises veulent croire que les forces du march\u00e9 sauveront le climat&#8221; (Aline Robert) : http:\/\/www.euractiv.fr\/section\/climat-environnement\/news\/les-entreprises-veulent-croire-que-les-forces-du-marche-sauveront-le-climat\/?nl_ref=25044731<\/p>\n<p><strong>-Les chefs d&#8217;Etats font de la lutte contre le r\u00e9chauffement &#8220;une priorit\u00e9 urgente&#8221; (\u00e0 t\u00e9l\u00e9charger, en anglais, &#8220;La proclamation de Marrakech&#8221;) :   <\/strong> http:\/\/www.francetvinfo.fr\/meteo\/climat\/cop21\/en-cloture-de-la-cop22-les-chefs-d-etats-font-de-la-lutte-contre-le-rechauffement-une-priorite-urgente_1925805.html<\/p>\n<p><strong>-&#8220;La mondialisation doit changer de cap&#8221; (Barack Obama; vid\u00e9o) :<\/strong> http:\/\/nr.news-republic.com\/Web\/ArticleWeb.aspx?regionid=2&#038;articleid=77721292<\/p>\n<p>-&#8220;Il fait ses adieux \u00e0 Angela Merkel et lui passe le flambeau&#8221; : http:\/\/www.euractiv.fr\/section\/l-europe-dans-le-monde\/news\/obama-fait-ses-adieux-a-merkel-et-lui-passe-le-flambeau\/?nl_ref=25044731<\/p>\n<p><strong>-&#8220;Quel est le pouvoir du Pr\u00e9sident des Etats-Unis ?&#8221; (Pierre Ropert; sons) : <\/strong> https:\/\/www.franceculture.fr\/politique\/quel-est-le-veritable-pouvoir-du-president-des-etats-unis#xtor<\/p>\n<p>-Mobilisation contre Steve Bannon, le sulfureux strat\u00e8ge de Donald Trump (vid\u00e9o) : http:\/\/www.francetvinfo.fr\/monde\/usa\/presidentielle\/donald-trump\/video-etats-unis-mobilisation-contre-steve-bannon-le-sulfureux-stratege-de-donald-trump_1925671.html<\/p>\n<p>-&#8220;Un conseiller tr\u00e8s \u00e0 droite et tr\u00e8s adroit&#8221; (Ga\u00e9tan Mathieu) :                            http:\/\/www.telerama.fr\/medias\/steve-bannon-le-conseiller-tres-a-droite-et-tres-adroit-de-donald-trump,150202.php#xtor<\/p>\n<p>-&#8220;L&#8217;\u00e9lection de Donald Trump ne changera pas les relations entre le Canada et Cuba&#8221; (le premier ministre, Justin Trudeau; vid\u00e9o) : http:\/\/nr.news-republic.com\/Web\/ArticleWeb.aspx?regionid=2&#038;articleid=77753520<\/p>\n<p>-Le Mexique met en place une ligne d&#8217;urgence pour ses ressortissants aux Etats-Unis :  http:\/\/www.lemonde.fr\/ameriques\/article\/2016\/11\/17\/mexico-met-en-place-une-ligne-d-urgence-pour-ses-ressortissants-aux-etats-unis_5032431_3222.html<\/p>\n<p>-Les fonctionnaires de l&#8217;Etat de Rio manifestent contre l&#8217;aust\u00e9rit\u00e9 (vid\u00e9o) :  http:\/\/nr.news-republic.com\/Web\/ArticleWeb.aspx?regionid=2&#038;articleid=77743830<\/p>\n<p>-Le prix Nobel d&#8217;Economie Joseph Stiglitz propose que les pays qui encouragent l&#8217;\u00e9vasion fiscale soient p\u00e9nalis\u00e9s dans les accord de libre-\u00e9change (Nicole Sagener)  :                                 http:\/\/www.euractiv.fr\/section\/euro-finances\/news\/stiglitz-us-will-have-a-tax-avoider-in-chief-in-white-house\/?nl_ref=25044731<\/p>\n<p><strong>-&#8220;L&#8217;avenir des filles dans le monde, un enjeu plan\u00e9taire&#8221; (Yolaine de la Bigne; son) : <\/strong> http:\/\/www.sudradio.fr\/Podcasts\/Quelle-epoque-ethique\/L-avenir-des-filles-dans-le-monde-un-enjeu-planetaire<\/p>\n<p><strong>CULTURE-MEDIAS<\/strong><\/p>\n<p>-&#8220;Comment sortir de l&#8217;\u00e9conomie de la croyance ?&#8221; (l&#8217;\u00e9conomiste Eloi Laurent, ma\u00eetre de conf\u00e9rence \u00e0 Sciences Po; invit\u00e9 d&#8217;Olivia Gesbert; son) :                                                                                          https:\/\/www.franceculture.fr\/emissions\/la-grande-table-2eme-partie\/comment-sortir-leconomie-de-la-croyance<\/p>\n<p>-Auteur du &#8220;Cr\u00e9puscule de la France d&#8217;en haut&#8221;, le g\u00e9ographe Christophe Guilluy, invit\u00e9 d&#8217;Audrey Crespo-Mara -vid\u00e9o) : http:\/\/www.lci.fr\/replay\/replay-l-invite-de-8h45-de-lci-matin-du-15-novembre-2016-christophe-guilluy-2012944.html%3Ftype=content<\/p>\n<p><strong>-&#8220;Faire du cin\u00e9ma pour se rapprocher du visage des com\u00e9diens&#8221; (Patrice Ch\u00e9reau, \u00e0 la Cin\u00e9math\u00e8que de Paris jusqu&#8217;au 28 novembre; Alisonne Sinard; articles, sons et vid\u00e9os) :    <\/strong>                          https:\/\/www.franceculture.fr\/cinema\/patrice-chereau-faire-du-cinema-pour-se-rapprocher-du-visage-des-comediens#xtor<\/p>\n<p>-Actuellement dans son th\u00e9\u00e2tre des Amandiers de Nanterre, &#8220;La Nuit des Taupes&#8221; de Philippe Quesne (vid\u00e9o) : http:\/\/www.arte.tv\/guide\/fr\/055146-000-A\/jeux-video<\/p>\n<p><strong>-Il \u00e9tait l&#8217;invit\u00e9 de France Culture (son) : <\/strong><br \/>\nhttps:\/\/www.franceculture.fr\/emissions\/les-nouvelles-vagues\/le-souterrain-45-des-galeries-souterraines-la-scene-de-theatre<\/p>\n<p>&#8211;<strong>Un reportage de Julie Briand avec Corinne Petitpierre qui a cr\u00e9\u00e9 les costumes du spectacle (son) :<\/strong> https:\/\/radioagora-nanterre.fr\/broadcast\/5775-Les-dessous-des-taupes-les-costumes#<\/p>\n<p><strong>-Des th\u00e9\u00e2tres au secours des sans-papiers (Clarisse Fabre) :   <\/strong>                http:\/\/www.lemonde.fr\/scenes\/article\/2016\/11\/16\/des-theatres-au-secours-des-sans-papiers_5032175_1654999.html?xtmc=clarisse_fabre&#038;xtcr=1<\/p>\n<p><strong>-&#8220;Vincent Van Gogh, le brouillard d&#8217;Arles&#8221; (Son carnet de 65 dessins, retrouv\u00e9 dans &#8220;La Grande Table&#8221; d&#8217;Olivia Gesbert ; son) :  <\/strong>                                                                                          https:\/\/www.franceculture.fr\/emissions\/la-grande-table-1ere-partie\/vincent-van-gogh-le-brouillard-darles#xtor<\/p>\n<p>-La bataille d&#8217;experts a commenc\u00e9 (Olivier Cena) :                                          http:\/\/www.telerama.fr\/arts\/dessins-inedits-de-van-gogh-la-bataille-d-experts-a-commence,150188.php#xtor<\/p>\n<p>-Ce que les critiques du &#8220;Monde&#8221; pensent de &#8220;Plan\u00e9tarium&#8221;, le film de Rebecca Zlotowski (vid\u00e9o) : http:\/\/www.lemonde.fr\/culture\/video\/2016\/11\/15\/critique-de-planetarium-pub-de-luxe-ou-reconstitution-rare-du-cinema-francais-des-annees-1930_5031706_3246.html<\/p>\n<p><strong>-Le &#8220;Goncourt des lyc\u00e9ens&#8221; 2016 a \u00e9t\u00e9 attribu\u00e9 \u00e0 l&#8217;\u00e9crivain slameur Ga\u00ebl Faye, pour son premier roman &#8220;Petit pays&#8221; qui se voit ainsi assur\u00e9 d&#8217;un tirage sup\u00e9rieur au Goncourt (vid\u00e9o) :<\/strong>               http:\/\/www.telerama.fr\/livre\/gael-faye-prix-goncourt-des-lyceens-pour-petit-pays,150231.php<\/p>\n<p>-2016, un bon cru pour les prix litt\u00e9raires (Nathalie Crom) : http:\/\/www.telerama.fr\/livre\/prix-litteraires-2016-un-vivifiant-palmares,150232.php<\/p>\n<p><strong>-Diffus\u00e9 par Arte, un documentaire sur Truman Capote, &#8220;l&#8217;enfant terrible de la litt\u00e9rature am\u00e9ricaine&#8221; (\u00e0 voir ici) :<\/strong> http:\/\/television.telerama.fr\/television\/regardez-truman-capote-enfant-terrible-de-la-litterature-americaine,150205.php#xtor<\/p>\n<p><strong>-Le groupe Her (Rebecca Manzoni; vid\u00e9o) : <\/strong> http:\/\/www.dailymotion.com\/video\/x52d3l4_a-la-bonne-her-pop-co_music<\/p>\n<p>-&#8220;La Chaleur&#8221; (Bertrand Belin; vid\u00e9o) : https:\/\/m.youtube.com\/watch?v=z6dTolLlt7Y<\/p>\n<p>-&#8220;La Meule&#8221; de Monnet adjug\u00e9e 81,4 millions de dollars (vid\u00e9o) : http:\/\/www.lesechos.fr\/industrie-services\/mode-luxe\/0211503389980-une-meule-de-monet-adjugee-au-prix-record-de-814-millions-de-dollars-2043550.php<\/p>\n<p>-Nouveau record mondial (vid\u00e9o) : http:\/\/nr.news-republic.com\/Web\/ArticleWeb.aspx?regionid=2&#038;articleid=77762125<\/p>\n<p><strong>-Jusqu&#8217;au 3 d\u00e9cembre, le dessinateur de BD Charles Burns expose \u00e0 la galerie Martel \u00e0 Paris (entretien r\u00e9alis\u00e9 par Tewfik Hakem; son) :   <\/strong>                                                                                                  https:\/\/www.franceculture.fr\/emissions\/paso-doble-le-grand-entretien-de-lactualite-culturelle\/charles-burns-quand-jetais-petit-je#xtor<\/p>\n<p>-Les photos de la semaine (EPIC) : http:\/\/epic-stories.com\/selection-jeudi-63\/<\/p>\n<p><strong>&#8216;&#8221;Jeux vid\u00e9os, les ma\u00eetres du monde&#8221; (un documentaire de J\u00e9r\u00f4me Fritel; vid\u00e9o pendant 4 jours) <\/strong> : http:\/\/www.arte.tv\/guide\/fr\/055146-000-A\/jeux-video<\/p>\n<p>-&#8220;In Game&#8221;, une s\u00e9rie de Julien Demond fond\u00e9e sur les jeux vid\u00e9os (les 6 premiers \u00e9pisodes ici) :                                                                                                                                                       http:\/\/www.francetvinfo.fr\/replay-radio\/jeux-video\/videos-e-sport-regardez-in-game-la-serie-documentaire-sur-des-joueurs-de-league-of-legends_1921989.html#xtor<\/p>\n<p><strong>-&#8220;Beaucoup d&#8217;amertume chez les salari\u00e9s d&#8217;i-T\u00e9l\u00e9&#8221; (Marc Baudriller; son) :<\/strong> http:\/\/www.radioclassique.fr\/player\/progaction\/initPlayer\/podcast\/la-vie-des-medias-2016-11-17-07-40-30.html<\/p>\n<p><strong>-&#8220;On s&#8217;est battu avec nos id\u00e9es, avec nos \u00e2mes&#8221; (Guillaume Auda, journaliste d&#8217;i-T\u00e9l\u00e9; interrog\u00e9 par Thomas Joubert; vid\u00e9o) <\/strong> : http:\/\/www.europe1.fr\/emissions\/l-invite-medias\/i-tele-on-sest-battu-avec-nos-idees-et-avec-nos-ames-2902961<\/p>\n<p>-&#8220;Notre mouvement laissera une trace&#8221; (J\u00e9r\u00e9mie Maire) :                               http:\/\/www.telerama.fr\/medias\/les-salaries-d-itele-levent-la-greve-apres-31-jours-notre-mouvement-laissera-une-trace,150201.php#xtor<\/p>\n<p><strong>-&#8220;Sur France 2 la fus\u00e9e Macron&#8221; (Samuel Gontier) : <\/strong> http:\/\/television.telerama.fr\/television\/sur-france-2-la-fusee-macron-prend-la-mer-et-le-journalisme-se-noie-a-l-atterrissage,150215.php#xtor<\/p>\n<p>-Cette institutrice am\u00e9ricaine utilise le rap pour motiver ses \u00e9l\u00e8ves (vid\u00e9o) : http:\/\/www.lci.fr\/international\/video-une-enseignante-fait-rapper-ses-eleves-pour-les-motiver-2012957.html<\/p>\n<p>-&#8220;Faisons le point sur la primaire de la droite&#8221; (Pablo Mira; vid\u00e9o) : http:\/\/www.dailymotion.com\/video\/x52a1fj_pour-les-primaires-de-la-droite-et-du-centre-l-edito-de-pablo-mira_fun<\/p>\n<p><strong>-&#8220;Surprise, Emmanuel Macron est candidat !&#8221; (&#8220;Quotidien&#8221; de Yann Barth\u00e8s; vid\u00e9o) :<\/strong> http:\/\/www.tf1.fr\/tmc\/quotidien-avec-yann-barthes\/videos\/surprise-emmanuel-macron-candidat.html<\/p>\n<p><strong><br \/>\n-&#8220;Hollande 2011 contre Hollande 2016&#8221; (Patrick Cohen) : <\/strong> http:\/\/www.dailymotion.com\/video\/x52d6a4_hollande-2016-contre-hollande-2011-le-07h43_news<\/p>\n<p>-&#8220;Emmanuel Macron, notre meilleur lancement de produit&#8221; (Charline Vanhoenacker, avec Guillaume Meurice; vid\u00e9o) : http:\/\/www.dailymotion.com\/video\/x52dbhx_emmanuel-macron-notre-meilleur-lancement-de-produit-le-billet-de-charline_fun<\/p>\n<p><strong>-&#8220;En marche avec Macron&#8221; (Guillaume Meurice; vid\u00e9o) : <\/strong> http:\/\/www.dailymotion.com\/video\/x52a2g6_en-marche-avec-macron-le-moment-meurice_fun<\/p>\n<p>-Les humoristes britannique et la strat\u00e9gie pour le Brexit :  http:\/\/www.euractiv.fr\/section\/all\/news\/caricature-la-strategie-brexit-du-royaume-uni\/?nl_ref=25044731<\/p>\n","protected":false},"excerpt":{"rendered":"<p>ACTUALITE -&#8220;Hausse de la pr\u00e9carit\u00e9 en France. Le Secours catholique interpelle les politiques&#8221; (Sophie Vandermolen; vid\u00e9o) : http:\/\/www.publicsenat.fr\/lcp\/politique\/hausse-precarite-france-secours-catholique-interpelle-politiques-1565872 -V\u00e9ronique Fayet, la pr\u00e9sidente du Secours catholique (vid\u00e9o) : http:\/\/www.francetvinfo.fr\/economie\/crise\/pauvrete-le-cri-d-alarme-du-secours-catholique_1925473.html -&#8220;L&#8217;\u00e9tat de la pauvret\u00e9 en France&#8221; (le Secours catholique; rapport \u00e0 t\u00e9l\u00e9charger) : http:\/\/www.secours-catholique.org\/actualites\/letat-de-la-pauvrete-2016 -Certains Fran\u00e7ais ne peuvent pas chauffer leur maison. Un reportage dans le Jura [&hellip;]<\/p>\n","protected":false},"author":1042,"featured_media":0,"comment_status":"open","ping_status":"open","sticky":false,"template":"","format":"standard","meta":{"_themeisle_gutenberg_block_has_review":false,"footnotes":""},"categories":[151],"tags":[],"class_list":["post-10012","post","type-post","status-publish","format-standard","hentry","category-la-revue-de-presse-de-lulu"],"_links":{"self":[{"href":"https:\/\/archives.regards.fr\/index.php?rest_route=\/wp\/v2\/posts\/10012","targetHints":{"allow":["GET"]}}],"collection":[{"href":"https:\/\/archives.regards.fr\/index.php?rest_route=\/wp\/v2\/posts"}],"about":[{"href":"https:\/\/archives.regards.fr\/index.php?rest_route=\/wp\/v2\/types\/post"}],"author":[{"embeddable":true,"href":"https:\/\/archives.regards.fr\/index.php?rest_route=\/wp\/v2\/users\/1042"}],"replies":[{"embeddable":true,"href":"https:\/\/archives.regards.fr\/index.php?rest_route=%2Fwp%2Fv2%2Fcomments&post=10012"}],"version-history":[{"count":0,"href":"https:\/\/archives.regards.fr\/index.php?rest_route=\/wp\/v2\/posts\/10012\/revisions"}],"wp:attachment":[{"href":"https:\/\/archives.regards.fr\/index.php?rest_route=%2Fwp%2Fv2%2Fmedia&parent=10012"}],"wp:term":[{"taxonomy":"category","embeddable":true,"href":"https:\/\/archives.regards.fr\/index.php?rest_route=%2Fwp%2Fv2%2Fcategories&post=10012"},{"taxonomy":"post_tag","embeddable":true,"href":"https:\/\/archives.regards.fr\/index.php?rest_route=%2Fwp%2Fv2%2Ftags&post=10012"}],"curies":[{"name":"wp","href":"https:\/\/api.w.org\/{rel}","templated":true}]}}