{"id":10011,"date":"2016-11-17T06:52:38","date_gmt":"2016-11-17T05:52:38","guid":{"rendered":"https:\/\/wp.muchomaas.com\/article-la-revue-du-17-novembre-2016\/"},"modified":"2023-06-23T23:23:28","modified_gmt":"2023-06-23T21:23:28","slug":"article-la-revue-du-17-novembre-2016","status":"publish","type":"post","link":"https:\/\/archives.regards.fr\/?p=10011","title":{"rendered":"La Revue du 17 novembre 2016"},"content":{"rendered":"<strong>ACTUALITE<\/strong>\n\n-Les ostr\u00e9iculteurs craignent les vols (vid\u00e9o) : http:\/\/www.francetvinfo.fr\/economie\/emploi\/metiers\/agriculture\/crise-des-eleveurs\/finistere-des-voleurs-d-huitres-sevissent_1923745.html\n\n-Mr Bricolage va fermer 17 magasins et supprimer 238 postes :                             http:\/\/www.francetvinfo.fr\/economie\/entreprises\/mr-bricolage-va-fermer-17-magasins-et-supprimer-238-postes-en-2017_1923951.html\n\n<em>-L&#8217;emploi des femmes en situation de handicap (le rapport du D\u00e9fenseur des droits; document) <\/em> :                                                                                                                                        http:\/\/www.defenseurdesdroits.fr\/sites\/default\/files\/atoms\/files\/rapport_sur_lemploi_des_femmes_en_situation_de_handicap-accessiblefinal.pdf\n\n-La fus\u00e9e Soyouz et Thomas Pesquet par\u00e9s au d\u00e9collage (Sylvain Moreau; vid\u00e9o) : http:\/\/www.liberation.fr\/video\/2016\/11\/15\/la-fusee-soyouz-et-le-francais-thomas-pesquet-pares-au-decollage_1528564?xtor\n\n-L&#8217;\u00e9crivain-voyageur Sylvain Tesson, invit\u00e9 de la matinale de LCI (vid\u00e9o) : http:\/\/www.lci.fr\/replay\/replay-l-invite-de-lci-matin-du-15-novembre-2016-sylvain-tesson-2012817.html%3Ftype=content\n\n-&#8220;Notre-Dame-des-Landes, la l\u00e9galit\u00e9 et la conformit\u00e9 peuvent-elles vraiment suffire \u00e0 sauver un mauvais projet ?&#8221; (&#8220;Humanit\u00e9 et biodiversit\u00e9&#8221;) :             http:\/\/www.humanite-biodiversite.fr\/article-asso\/la-legalite-et-la-conformite-peuvent-elles-vraiment-suffire-a-sauver-un-mauvais-projet                                           \n\n-&#8220;Cazeneuve all\u00e8ge un peu son m\u00e9ga-fichier&#8221; (Amaelle Guiton) : http:\/\/www.liberation.fr\/france\/2016\/11\/15\/donnees-des-francais-cazeneuve-allege-un-peu-son-megafichier_1528683?xtor\n\n<strong>-&#8220;L&#8217;attaque contre nos libert\u00e9s&#8221; (d\u00e9bat \u00e0 l&#8217;initiative de Mediapart; vid\u00e9o) : <\/strong> https:\/\/youtu.be\/Zuv2WTAzd1g\n\n<strong>-&#8220;Il n&#8217;y a pas d&#8217;embouteillage dans le traitement des dossiers terroristes&#8221; (Jean-Michel Hayat, pr\u00e9sident du Tribunal de Grande instance de Paris; invit\u00e9 de la matinale de France Inter. Il a r\u00e9pondu aux questions de Patrick Cohen et des auditeurs (vid\u00e9o et son)<\/strong> :                                                                                                                                                                                         https:\/\/www.youtube.com\/watch?v=LgvXV-Q1prQ                                                                                                                                                                                                                                  https:\/\/www.franceinter.fr\/emissions\/interactiv\/interactiv-16-novembre-2016                                                                                                             \n\n-&#8220;Avec l&#8217;imp\u00f4t \u00e0 la source, les salari\u00e9s toucheront un salaire super net&#8221; (Val\u00e9rie Rabault, d\u00e9put\u00e9e PS du Tarn-et-Garonne, rapporteur du Budget 2016; interrog\u00e9e par Eric Delvaux; sons) :                  https:\/\/www.franceinter.fr\/emissions\/l-invite-du-5-7\/l-invite-du-5-7-16-novembre-2016\n\n-L&#8217;entreprise Lafarge accus\u00e9e de financement du terrorisme&#8221; (au &#8220;T\u00e9l\u00e9phone sonne&#8221; de France Inter; avec Me William Bourdon, avocat du barreau de Paris et Didier Marie, s\u00e9nateur PS de Seine-Maritime. Emission anim\u00e9e par Micka\u00ebl Th\u00e9bault; son) : https:\/\/www.franceinter.fr\/emissions\/le-telephone-sonne\/le-telephone-sonne-15-novembre-2016\n\n<strong>-Affaire libyenne, &#8220;les coulisses d&#8217;un t\u00e9moignage d\u00e9cisif&#8221; (Mediapart; vid\u00e9o) :  <\/strong>      \n<iframe loading=\"lazy\" title=\"Affaire libyenne : les coulisses d&amp;apos;un t\u00e9moignage d\u00e9cisif\" width=\"500\" height=\"281\" src=\"https:\/\/www.youtube.com\/embed\/vmR_8K0j_uk?feature=oembed\" frameborder=\"0\" allow=\"accelerometer; autoplay; clipboard-write; encrypted-media; gyroscope; picture-in-picture; web-share\" referrerpolicy=\"strict-origin-when-cross-origin\" allowfullscreen><\/iframe>\n\n<strong>POLITIQUE<\/strong>\n\n<strong>-&#8220;Emp\u00eacher le cauchemar&#8221; (Patrick Le Hyaric; pi\u00e8ce jointe);<\/strong>\n\n<strong>-Beaucoup de monde aux obs\u00e8ques de Paul Verg\u00e8s :<\/strong>                                     http:\/\/actus.clicanoo.re\/article\/politique\/1416285-fun%C3%A9railles-de-paul-verg%C3%A8s-lhommage-de-la-r%C3%A9union\n\n-&#8220;Quel candidat pour les communistes en 2017 ?&#8221; (Aymeric Misandeau) :             http:\/\/www.lefigaro.fr\/politique\/le-scan\/2016\/11\/07\/25001-20161107ARTFIG00225-quel-candidat-pour-les-communistes-en-2017.php\n\n-Le maire communiste de Stains (93), Azz\u00e9dine Ta\u00efbi, soutient M\u00e9lenchon :            http:\/\/www.leparisien.fr\/seine-saint-denis-93\/stains-le-maire-soutient-melenchon-pour-la-presidentielle-14-11-2016-6327645.php\n\n-&#8220;Pour 2017, Montebourg n&#8217;est pas une option&#8221; (Jeanne Chevalier, secr\u00e9taire nationale du Parti de Gauche) : http:\/\/www.marianne.net\/agora-2017-montebourg-n-est-pas-option-100247879.html\n\n<strong>-La d\u00e9claration de candidature d&#8217;Emmanuelle Macron (Vid\u00e9o) : <\/strong> https:\/\/www.youtube.com\/watch?v=m528uyLhWnA\n\n-Pour la deuxi\u00e8me soir\u00e9e cons\u00e9cutive, il \u00e9tait la vedette du journal de David Pujadas (vid\u00e9o) : http:\/\/www.francetvinfo.fr\/politique\/emmanuel-macron\/emmanuel-macron-candidat-a-la-presidentielle-une-decision-irrevocable_1924027.html\n\n-&#8220;Est-il un candidat anti-syst\u00e8me ?&#8221; (en d\u00e9bat chez Ruth Elkrief, notamment avec Alexis Corbi\u00e8re, porte-parole de Jean-Luc M\u00e9lenchon; vid\u00e9o) :                             http:\/\/www.bfmtv.com\/mediaplayer\/video\/presidentielle-2017-emmanuel-macron-est-il-un-candidat-anti-systeme-885829.html\n\n-Les r\u00e9actions : http:\/\/www.challenges.fr\/election-presidentielle-2017\/presidentielle-2017-les-reactions-a-la-candidature-d-emmanuel-macron_438639\n\n-Celle d&#8217;Olivier Dartigolles, porte-parole du PCF :  http:\/\/www.pcf.fr\/93754\n\n-&#8220;Comme un nouveau masque pour le vieux monde&#8221; (Jean-Luc M\u00e9lenchon) : http:\/\/melenchon.fr\/2016\/11\/14\/macron-comme-un-nouveau-masque-pour-le-vieux-monde\/\n\n-&#8220;Macron a trahi Hollande et a trahi la gauche. Manuel Valls a le sens de l&#8217;Etat. Il est fid\u00e8le et loyal&#8221; (Luc Carvounas, s\u00e9nateur PS du Val-de-Marne; invit\u00e9 de &#8220;Territoires d&#8217;Infos&#8221;; vid\u00e9o, amener le curseur sur 33:10) : http:\/\/www.sudradio.fr\/Politique\/L-interview-politique\/Luc-Carvounas-E.-Macron-a-trahi-Hollande-et-a-trahi-la-gauche\n\n-&#8220;C&#8217;est le candidat de ceux qui ont int\u00e9r\u00eat \u00e0 faire exploser la gauche&#8221; (le secr\u00e9taire d&#8217;Etat Matthias Fekl; vid\u00e9o) :  http:\/\/rmc.bfmtv.com\/mediaplayer\/video\/fekl-macron-est-le-candidat-de-ceux-qui-ont-interet-a-faire-exploser-la-gauche-885543.html\n\n-&#8220;Il veut cr\u00e9er une nouvelle esp\u00e9rance&#8221; (G\u00e9rard Collomb, s\u00e9nateur PS du Rh\u00f4ne; son) : http:\/\/www.rtl.fr\/actu\/societe-faits-divers\/emmanuel-macron-veut-creer-une-nouvelle-esperance-estime-gerard-collomb-7785812468\n\n-&#8220;Il trace sa route ind\u00e9pendamment de la droite et de la gauche&#8221; (Bariza Khiari, conseill\u00e8re PS de Paris, face \u00e0 Ruth Elkrief; vid\u00e9o) :                                   http:\/\/www.bfmtv.com\/mediaplayer\/video\/bariza-khiari-emmanuel-macron-trace-sa-route-independamment-de-la-droite-et-de-la-gauche-885783.html\n\n<strong>-&#8220;Faites attention aux discours populistes qui peuvent tout balayer demain&#8221; (Manuel Valls; vid\u00e9o)<\/strong> : http:\/\/www.lcp.fr\/la-politique-en-video\/valls-faites-attention-aux-discours-populistes-qui-peuvent-tout-balayer-demain\n\n-&#8220;C&#8217;est le candidat des m\u00e9dias. Il a eu 75 &#8220;unes&#8221; sans faire la moindre proposition. Fran\u00e7ois Hollande ou Manuel Valls, j&#8217;esp\u00e8re les battre pour tourner la page de ce quinquennat&#8221; (Arnaud Montebourg, face \u00e0 Caroline Roux; vid\u00e9o) : http:\/\/www.dailymotion.com\/video\/x5280ka_les-4-verites-arnaud-montebourg_tv\n\n-&#8220;\u00c7a risque d&#8217;\u00eatre une division suppl\u00e9mentaire, or seul son rassemblement peut permettre \u00e0 la gauche de l&#8217;emporter. C&#8217;est une bonne nouvelle pour la droite, une mauvaise pour la gauche&#8221; (Pierre Moscovici, commissaire europ\u00e9en; invit\u00e9 du &#8220;Club de la Presse&#8221; d&#8217;Europe 1; son) : http:\/\/www.europe1.fr\/emissions\/le-club-de-la-presse\/europe-soir-le-club-de-la-presse-pierre-moscovici-et-jean-michel-blanquer-15112016-2901422\n\n-&#8220;Sa candidature change la donne \u00e0 gauche et \u00e0 droite. Si nous avons du renouvellement partout et que le seul qui ne se renouvelle pas c&#8217;est le parti de la droite et du centre, nous prenons un risque&#8221;  (Bruno Le Maire; interrog\u00e9 par Jean-Jacques Bourdin; vid\u00e9o) :  http:\/\/www.bfmtv.com\/mediaplayer\/video\/bruno-le-maire-face-a-jean-jacques-bourdin-en-direct-885553.html\n\n-&#8220;C&#8217;est de la com&#8230;&#8221; (Eric Ciotti, porte-parole de Nicolas Sarkozy; interrog\u00e9 par Fr\u00e9d\u00e9ric Rivi\u00e8re; vid\u00e9o) : http:\/\/www.rfi.fr\/video\/20161116-eric-ciotti-lr-candidature-macron-est-comm-modernite-est-pas-projet\n\n-&#8220;La candidature d&#8217;Alain Jupp\u00e9 le prive compl\u00e8tement d&#8217;oxyg\u00e8ne&#8221; (Val\u00e9rie P\u00e9cresse, interrog\u00e9e par Ruth Elkrief; vid\u00e9o) :                                                                http:\/\/www.bfmtv.com\/mediaplayer\/video\/presidentielle-2017-la-candidature-d-alain-juppe-prive-completement-macron-d-oxygene-valerie-pecresse-885785.html\n\n-&#8220;C&#8217;est une cr\u00e9ature m\u00e9diatique et l&#8217;homme de la banque&#8221; (Robert M\u00e9nard, maire de B\u00e9ziers; invit\u00e9 de la matinale de FranceInfo; vid\u00e9o) :                                                                        http:\/\/www.dailymotion.com\/video\/x5289m3_08h30-aphatie-pour-robert-menard-emmanuel-macron-est-une-creature-mediatique-et-l-homme-de-la-banque_news\n\n-&#8220;Il a d\u00e9cid\u00e9 de doubler tout le monde&#8221; (Alba Ventura; vid\u00e9o) : http:\/\/www.rtl.fr\/actu\/politique\/presidentielle-2017-emmanuel-macron-a-decide-de-doubler-tout-le-monde-constate-alba-ventura-7785804654\n\n-&#8220;A priori, ses chances sont maigres&#8221; (Alain Duhamel; vid\u00e9o) : http:\/\/www.rtl.fr\/actu\/politique\/a-priori-les-chances-de-macron-sont-maigres-pour-alain-duhamel-7785798560\n\n-&#8220;Il est bien plac\u00e9 pour r\u00e9unir les 500 parrainages. C&#8217;est un choc anti-Hollande qui est tr\u00e8s affaibli&#8221; (Christophe Barbier; vid\u00e9o) :                                                                                                              http:\/\/www.bfmtv.com\/mediaplayer\/video\/l-edito-de-christophe-barbier-macron-est-bien-place-pour-reunir-les-500-parrainages-885539.html\n\n-&#8220;Peut-il r\u00e9ussir ?&#8221; (Thomas Legrand; son) : https:\/\/www.franceinter.fr\/emissions\/l-edito-politique\/l-edito-politique-16-novembre-2016\n\n-&#8220;L&#8217;anti-Trump&#8221; (Yves Thr\u00e9ard; vid\u00e9o) : http:\/\/www.europe1.fr\/emissions\/ledito-politique-dyves-threard\/macron-lanti-trump-2901635\n\n<strong>-&#8220;Chacun voit Trump \u00e0 sa porte&#8221; (Bruno Rieth) : <\/strong>                                             http:\/\/www.marianne.net\/primaire-droite-ps-melenchon-fn-chacun-voit-trump-sa-porte-100247858.html\n\n-&#8220;C&#8217;est un tr\u00e8s beau jour pour la France, la R\u00e9publique, la d\u00e9mocratie et la politique&#8221; (Jacques S\u00e9gu\u00e9la; vid\u00e9o) : http:\/\/www.rtl.fr\/actu\/politique\/macron-est-un-pur-produit-des-grandes-ecoles-et-de-la-politique-francaise-7785805602\n\n-&#8220;Fran\u00e7ois Hollande, pr\u00e9sident en apesanteur&#8221; (Solenn de Royer; son) : https:\/\/www.franceinter.fr\/emissions\/histoires-politiques\/histoires-politiques-16-novembre-2016\n\n-&#8220;La candidature d&#8217;Emmanuel Macron, c&#8217;est la fin du quinquennat de Hollande. Pour le moment, \u00e0 part les autocars, on n&#8217;a rien vu&#8221; (Fran\u00e7ois Fillon, invit\u00e9 de la matinale de RTL; interrog\u00e9 par Elizabeth Martichoux; vid\u00e9os) : http:\/\/www.rtl.fr\/actu\/politique\/presidentielle-2017-la-candidature-de-macron-c-est-la-fin-du-quinquennat-de-hollande-7785805022\n\n-&#8220;Il a besoin d&#8217;acc\u00e9l\u00e9rer le tempo de crainte que Manuel Valls lui grille la politesse. C&#8217;est un nomade de la politique&#8221; (Laurent Wauquiez, pr\u00e9sident des R\u00e9publicains, soutient de Nicolas Sarkozy; face \u00e0 Jean-Pierre Elkabbach; vid\u00e9o) : http:\/\/www.europe1.fr\/emissions\/l-interview-politique\/primaire-de-la-droite-soutien-a-nicolas-sarkozy-neutralite-du-parti-les-republicains-candidature-demmanuel-macron-etat-durgence-et-etat-de-droit-laurent-wauquiez-repond-aux-questions-de-jean-pierre-elkabbach-2901794\n\n-&#8220;Un pari qui devrait chambouler la donne \u00e0 gauche comme \u00e0 droite&#8221; (Richard Werley) : https:\/\/www.letemps.ch\/monde\/2016\/11\/16\/emmanuel-macron-voie-etroite-lelysee?utm_source\n\n-&#8220;Les d\u00e9clarations de Ziad Takieddine sont d&#8217;une importance capitale&#8221; (Jean-Fran\u00e7ois Cop\u00e9; vid\u00e9o) : http:\/\/www.lcp.fr\/la-politique-en-video\/les-declarations-de-ziad-takieddine-sont-dune-importance-capitale-dit-cope\n\n<strong>-La secr\u00e9taire d&#8217;Etat \u00e0 l&#8217;aide aux victimes, invit\u00e9e de &#8220;Bureau Politique&#8221; (vid\u00e9o) : <\/strong> http:\/\/www.lci.fr\/replay\/bureau-politique-du-13-novembre-2016-2012403.html%3Ftype=content\n\n-&#8220;Alain Jupp\u00e9, la demande de consensus&#8221; (G\u00e9rard Grunberg) : http:\/\/telos-eu.com\/fr\/vie-politique\/alain-juppe-la-demande-de-consensus.html\n\n<em>-Les intentions de vote \u00e0 la primaire de la droite et du centre (ELABE) : <\/em> http:\/\/elabe.fr\/intentions-de-vote-a-primaire-de-droite-centre-2\/\n\n<em>-Le m\u00eame pour OPINION-WAY <\/em> : http:\/\/www.opinion-way.com\/pdf\/opinionway_pour_atlantico_-_les_intentions_de_vote_a_la_primaire_de_la_droite_et_du_centre_-_14_novembre_2016.pdf\n\n<em>-Le vote des catholiques \u00e0 cette primaire (IFOP) <\/em> : http:\/\/www.ifop.com\/?option=com_publication&#038;type=poll&#038;id=3557\n\n<em>-La proximit\u00e9 avec &#8220;la manif pour tous&#8221; (IFOP) :<\/em>  http:\/\/www.ifop.com\/?option=com_publication&#038;type=poll&#038;id=3556\n\n-&#8220;Une pr\u00e9-campagne du FN \u00e0 pas feutr\u00e9s&#8221; (Dominique Albertini) :                                                                                                                                                                                                            http:\/\/www.liberation.fr\/france\/2016\/11\/15\/fn-une-precampagne-a-pas-feutres_1528651?xtor\n\n-&#8220;Sans avoir \u00e0 s&#8217;employer, Marine Le Pen p\u00e8se d\u00e9j\u00e0 de tout son poids&#8221; (Jonathan Bouchet-Petersen) :                                                                                                                                             http:\/\/www.liberation.fr\/france\/2016\/11\/15\/centrale_1528650?xtor=EPR-450206&#038;utm_source=newsletter&#038;utm_medium=email&#038;utm_campaign=quot\n\n-&#8220;Elle s&#8217;est adress\u00e9e aux banlieues qui font aussi partie de la R\u00e9publique&#8221; (Florian Philippot, eurod\u00e9put\u00e9 FN, face \u00e0 Guillaume Durand; vid\u00e9o) :  http:\/\/www.dailymotion.com\/video\/x5280y6\n\n-&#8220;Le Front national est une arnaque&#8221; (Jean-No\u00ebl Carpentier, d\u00e9put\u00e9 mdP du Val-d&#8217;Oise (vid\u00e9o) :  http:\/\/www.md-progressistes.fr\/jean-noel-carpentier-le-front-national-une-arnaque\/?utm_source\n\n-&#8220;Le M\u00e9doc, bastion de gauche, devenu symbole du FN&#8221; (Aur\u00e9lien Colly; son) : https:\/\/www.franceinter.fr\/emissions\/le-zoom-de-la-redaction\/le-zoom-de-la-redaction-16-novembre-2016\n\n<em>-Le barom\u00e8tre IPSOS-Le Point<\/em> : http:\/\/www.ipsos.fr\/decrypter-societe\/2016-11-16-barometre-ipsos-point-francois-fillon-beneficie-d-dynamique-d-opinion-favorable\n\n<strong>EUROPE-MONDE<\/strong>\n\n<strong>-Le succ\u00e8s de Donald Trump &#8220;est le r\u00e9sultat de nos \u00e9checs parce que nous sommes tous sur le m\u00eame bateau&#8221; (Guy Rider, directeur g\u00e9n\u00e9ral de l&#8217;Organisation internationale du travail; propos recueillis par Jorge Valero)<\/strong> : http:\/\/www.euractiv.fr\/section\/europe-sociale-emploi\/interview\/ilo-director-it-is-undeniable-that-trump-is-the-result-of-our-own-failures\/?nl_ref=24947663\n\n<strong>-L&#8217;entretien de Jean-Marc Ayrault, ministre des Affaires \u00e9trang\u00e8res, avec Europe 1, i-T\u00e9l\u00e9 et Les Echos <\/strong> :                                                                                                                                                     http:\/\/www.diplomatie.gouv.fr\/fr\/le-ministre-les-secretaires-d-etat\/jean-marc-ayrault\/presse-et-medias\/article\/entretien-de-jean-marc-ayrault-avec-europe-1-itele-et-les-echos-paris-13-11-16\n\n-Les critiques du plan Juncker se multiplient (Jorge Valero) : http:\/\/www.euractiv.fr\/section\/euro-finances\/news\/beneficiaries-question-juncker-plans-added-value-report-shows\/?nl_ref=24947663\n\n<em>-Les propositions fran\u00e7aises de r\u00e9forme de la politique commerciale europ\u00e9enne (le secr\u00e9taire d&#8217;Etat Matthias Fekl; document) <\/em> :                                                                                                                            https:\/\/drive.google.com\/file\/d\/0B5d2dyc491ZXZ3JlaE5EcjR5T2M\/view\n\n-&#8220;Les sociaux-d\u00e9mocrates appellent \u00e0 renforcer  l&#8217;Europe sociale, avec un projet bien mince face \u00e0 l&#8217;ampleur des crises&#8221; (Marion Canau) :                                                                         http:\/\/www.euractiv.fr\/section\/politique\/news\/les-sociaux-democrates-appellent-sans-relache-a-renforcer-leurope-sociale-face-aux-crises\/?nl_ref=24947663\n\n<strong>-&#8220;L&#8217;Union europ\u00e9enne pr\u00e9pare un paquet \u00e9nergie plus fossile que renouvelable&#8221; (Aline Robert) <\/strong> :                                                                                                                                              http:\/\/www.euractiv.fr\/section\/energie\/news\/lue-prepare-un-paquet-energie-plus-fossile-que-renouvelable\/?nl_ref=24947663\n\n-Le commissaire europ\u00e9en G\u00fcnther Oettinger fragilis\u00e9 par une nouvelle pol\u00e9mique : http:\/\/www.euractiv.fr\/section\/justice-affaires-interieures\/news\/une-nouvelle-polemique-fragilise-encore-gunther-oettinger\/?nl_ref=24947663\n\n<strong>-&#8220;Les d\u00e9boires des homologues europ\u00e9ens d&#8217;Emmanuel Macron&#8221; (Romaric Godin) :<\/strong> http:\/\/www.latribune.fr\/economie\/union-europeenne\/les-deboires-des-homologues-europeens-d-emmanuel-macron-604729.html\n\n-&#8220;L&#8217;effet Trump&#8221; plane sur l&#8217;\u00e9lection pr\u00e9sidentielle autrichienne (Herbert Vytiska) : http:\/\/www.euractiv.fr\/section\/elections\/news\/will-austrian-presidential-election-be-hit-by-the-trump-effect\/?nl_ref=24947663\n\n-&#8220;Le gouvernement britannique n&#8217;a toujours pas de plan pour le Brexit&#8221; (Matthew Tempest): http:\/\/www.euractiv.fr\/section\/royaume-uni-en-europe\/news\/leaked-memo-uk-government-has-no-brexit-strategy\/?nl_ref=24947663\n\n-En Espagne, &#8220;mort du PSOE ?&#8221; (l&#8217;historien Beno\u00eet Pellistrandi) : http:\/\/telos-eu.com\/fr\/vie-politique\/mort-du-psoe.html\n\n-La derni\u00e8re visite officielle d&#8217;Obama en Europe (vid\u00e9o) : http:\/\/www.liberation.fr\/video\/2016\/11\/15\/a-athenes-barack-obama-entame-sa-derniere-visite-officielle-en-europe_1528555\n\n-&#8220;En Syrie, La Russie s&#8217;engouffre dans l&#8217;espace laiss\u00e9 par Donald Trump&#8221; (Luis Lema) :\nhttps:\/\/www.letemps.ch\/monde\/2016\/11\/16\/syrie-russie-sengouffre-lespace-laisse-donald-trump?utm_source\n\n-&#8220;Le bipartisme s&#8217;installe dans la vie politique marocaine&#8221; (Jean-No\u00ebl Ferri\u00e9, directeur de recherche au CNRS) : http:\/\/telos-eu.com\/fr\/vie-politique\/election-legislative-du-7-octobre-2016-le-bipartis.html\n\n-&#8220;Comprendre la politique \u00e9trang\u00e8re de Donald Trump&#8221; (St\u00e9phane Taillat, enseignant-chercheur \u00e0 l&#8217;\u00e9cole Saint-Cyr; vid\u00e9o) :                                                                                                                   https:\/\/theconversation.com\/comprendre-la-politique-etrangere-de-donald-trump-68629\n\n<strong>-&#8220;Trump a raison, les m\u00e9dias sont biais\u00e9s&#8221; (Jean-Bernard Cadier, correspondant de BFMTV \u00e0 Washington) : <\/strong> http:\/\/telos-eu.com\/fr\/vie-politique\/trump-a-raison-les-medias-sont-biaises.html\n\n-&#8220;Facebook et Google en cure de d\u00e9sintox ?&#8221; (Pauline Moullot) : http:\/\/www.liberation.fr\/planete\/2016\/11\/15\/trump-facebook-et-google-en-cure-de-desintox_1528659?xtor\n\n-&#8220;Le grand tournant des Etats-Unis&#8221; (Bernard Guetta; son) : https:\/\/www.franceinter.fr\/emissions\/geopolitique\/geopolitique-16-novembre-2016\n\n-&#8220;Il est temps pour Barack et moi de passer \u00e0 autre chose&#8221; (Michelle Obama dans &#8220;Vogue&#8221;) : http:\/\/www.aufeminin.com\/news-societe\/michelle-obama-candidate-en-2020-elle-repond-dans-les-pages-de-vogue-s2047443.html\n\n-Avec son grand canal, le Nicaragua r\u00eave de concurrencer Panama (Adria Budry Carbo) : https:\/\/www.letemps.ch\/monde\/2016\/11\/16\/grand-canal-nicaragua-reve-concurrencer-panama?utm_source\n\n-Les transferts de technologies entre pays riches et pays pauvres (Nathalie Fontrel; son) : https:\/\/www.franceinter.fr\/emissions\/planete-environnement\/planete-environnement-16-novembre-2016\n\n-&#8220;Il faut passer de la COP des Etats \u00e0 la COP des soci\u00e9t\u00e9s et des gens&#8221; (Pierre Radanne; vid\u00e9o) : http:\/\/www.rfi.fr\/video\/20161116-pierre-radanne-il-faut-passer-cop-etats-cop-societes-familles\n\n<strong>-&#8220;Climat, le paradoxe fran\u00e7ais&#8221; (Dans l&#8217;\u00e9mission &#8220;\u00c7a vous regarde&#8221; sur LCP; vid\u00e9o) :<\/strong> http:\/\/www.lcp.fr\/emissions\/ca-vous-regarde\/279259-climat-le-paradoxe-francais\n\n<strong>CULTURE-MEDIAS<\/strong>\n\n<strong>-&#8220;Patrick Ch\u00e9reau, un perp\u00e9tuel commencement&#8221; (\u00e0 &#8220;La Marche de l&#8217;Histoire&#8221; de Jean Lebrun. Invit\u00e9, le critique Georges Banu; son) <\/strong> :                                                                                    https:\/\/www.franceinter.fr\/emissions\/la-marche-de-l-histoire\/la-marche-de-l-histoire-16-novembre-2016\n\n-Jusqu&#8217;au 28 novembre, sa r\u00e9trospective \u00e0 la Cin\u00e9math\u00e8que de Paris (Jean-Michel Frodon) : http:\/\/www.cinematheque.fr\/cycle\/patrice-chereau-361.html\n\n<strong>-&#8220;La langue fran\u00e7aise est menac\u00e9e par le californisme&#8221; (le linguiste Alain Rey; vid\u00e9o)<\/strong> : http:\/\/culturebox.francetvinfo.fr\/livres\/essais-documents\/alain-rey-la-langue-francaise-est-menacee-par-le-californisme-247537\n\n-Jusqu&#8217;au 20 novembre, les Archives de France organisent la collecte de documents et objets de l&#8217;Afrique coloniale : http:\/\/www.telerama.fr\/musique\/bobby-troup-2-anti-star-du-jazz,150143.php\n\n-Le programme de &#8220;La Grande collecte 2016&#8221; : http:\/\/www.archives-nationales.culture.gouv.fr\/la-grande-collecte-2016\n\n-&#8220;Le peuple, quel peuple ? Les \u00e9lites, quels \u00e9lites ?&#8221; (G\u00e9rard Grunberg de Sciences Po) :  http:\/\/telos-eu.com\/fr\/le-peuple-quel-peuple-les-elites-quelles-elites.html\n\n<em>-Projections de population 2013-2070 pour la France (Nathalie Blanpain et Guillemette Buisson de l&#8217;Insee; documents \u00e0 t\u00e9l\u00e9charger) <\/em> :                                                                                                   http:\/\/www.insee.fr\/fr\/publications-et-services\/sommaire.asp?reg_id=0&#038;ref_id=irsocprojpop1370\n\n<em>-L&#8217;\u00e9tat du tissus productif fran\u00e7ais (document de l&#8217;OFCE)<\/em> : http:\/\/www.ofce.sciences-po.fr\/pdf-articles\/actu\/OFCE-PolicyBrief6.pdf\n\n<strong>-&#8220;Les discriminations syndicales, une discrimination comme les autres ?&#8221; (une \u00e9tude de Thomas Amoss\u00e9 du Centre d&#8217;\u00e9tudes de l&#8217;emploi et Jean-Michel Denis de l&#8217;Universit\u00e9 Paris-Est Marne-la Vall\u00e9e) :<\/strong> http:\/\/dares.travail-emploi.gouv.fr\/IMG\/pdf\/145_introduction.pdf\n\n<strong>-Jusqu&#8217;au 5 mars 2017, au Mus\u00e9e d&#8217;Orsay, &#8220;Fr\u00e9d\u00e9ric Bazille, la jeunesse de l&#8217;impr\u00e9sionnisme&#8221; (Lauren Provost; vid\u00e9o) <\/strong> : http:\/\/www.huffingtonpost.fr\/2016\/11\/14\/frederic-bazille-expo-musee-orsay\/?utm_hp_ref=fr-homepage\n\n-&#8220;Bobby Troup, l&#8217;anti-star du jazz&#8221; (Fran\u00e7ois Gorin; vid\u00e9os) : http:\/\/www.telerama.fr\/musique\/bobby-troup-du-piano-bar-a-la-route-du-rock,149967.php                                                                        http:\/\/www.telerama.fr\/musique\/bobby-troup-2-anti-star-du-jazz,150143.php\n\n<strong>-&#8220;The Cure&#8221; ont revisi\u00e9 40 ans de carri\u00e8re \u00e0 Bercy (vid\u00e9os) :     <\/strong>                        http:\/\/culturebox.francetvinfo.fr\/musique\/rock\/the-cure-revisite-40-ans-de-carriere-a-bercy-248883\n\n-&#8220;Les cent meilleurs films de l&#8217;histoire selon T\u00e9l\u00e9rama&#8221; : http:\/\/www.telerama.fr\/cinema\/les-100-meilleurs-films-de-l-histoire-selon-telerama,149864.php#xtor\n\n-Leur r\u00e9partition par genre, par pays, ann\u00e9e de production et r\u00e9alisateur :                                                                                                                                                                                               http:\/\/www.telerama.fr\/cinema\/le-film-ideal-selon-telerama-et-quelques-autres-donnees-sur-notre-top-100-des-meilleurs-films,150177.php#xtor\n\n-De la m\u00e9thode avant tout (Pierre Murat) : http:\/\/www.telerama.fr\/cinema\/les-100-meilleurs-films-de-l-histoire-de-la-methode-avant-tout,149957.php#xtor\n\n-&#8220;Les 10 films aux portes du Top 100&#8221; (Samuel Douhaire) : http:\/\/www.telerama.fr\/cinema\/les-10-films-aux-portes-du-top-100-de-telerama,149863.php#xtor\n\n-Une passion pour &#8220;Vertigo&#8221; d&#8217;Alfred Hitchcock (Louis Guichard; vid\u00e9o) :  http:\/\/www.telerama.fr\/cinema\/pourquoi-nous-aimons-tant-vertigo,150170.php#xtor\n\n-T\u00e9l\u00e9rama s&#8217;est-il d\u00e9barrass\u00e9 des clich\u00e9s ? (Pierre Murat; vid\u00e9o) : http:\/\/www.telerama.fr\/cinema\/telerama-a-voulu-se-debarrasser-des-cliches,149958.php#xtor\n\n-&#8220;Un homme et une femme&#8221;, c&#8217;\u00e9tait le film de la derni\u00e8re chance&#8221; (Claude Lellouch; son) :  http:\/\/www.rtl.fr\/culture\/cine-series-jeux-video\/un-homme-et-une-femme-etait-le-film-de-la-derniere-chance-confie-claude-lelouch-7785804642\n\n-&#8220;Swagger&#8221;, le film sur la banlieue que l&#8217;on attendait plus&#8221; (Jean-Michel Frodon; vid\u00e9o) : http:\/\/www.slate.fr\/story\/128609\/swagger-banlieue-vive\n\n<strong>-&#8220;D\u00e8s qu&#8217;on traite un arabe d&#8217;arabe, on est arabophobe; on ne peut dire un mot sans \u00eatre catalogu\u00e9&#8221; (G\u00e9rard Depardieu, interrog\u00e9 par L\u00e9a Salam\u00e9; son) <\/strong> :                                                                 https:\/\/www.franceinter.fr\/emissions\/l-invite-de-7h50\/l-invite-de-7h50-16-novembre-2016\n\n<strong>-&#8220;Beethoven, barockstar !&#8221; (Rebecca Manzoni; vid\u00e9o)<\/strong> : https:\/\/www.franceinter.fr\/emissions\/pop-co\/pop-co-16-novembre-2016\n\n<strong>-&#8220;L&#8217;\u00e9loquence, ce n&#8217;est pas inn\u00e9 pour tout le monde&#8221; (St\u00e9phane de Freitas, r\u00e9alisateur de &#8220;A Voix haute&#8221;; propos recueillis par Raoul Mbog) <\/strong> :                                                                                              http:\/\/television.telerama.fr\/television\/le-realisateur-du-documentaire-a-voix-haute-l-eloquence-ce-n-est-pas-inne-pour-tout-le-monde,149679.php\n\n-&#8220;L&#8217;industrie des jeux vid\u00e9o se trouve confront\u00e9e \u00e0 de nouvelles responsabilit\u00e9s&#8221; (Le r\u00e9alisateur J\u00e9r\u00f4me Fritel; entretien r\u00e9alis\u00e9 par Maxence Sorel) :                                                                               http:\/\/television.telerama.fr\/television\/l-industrie-des-jeux-video-se-trouve-confrontee-a-de-nouvelles-responsabilites,150017.php\n\n<strong>-&#8220;Hommage \u00e0 Richard M\u00e9dioni&#8221;, un des cr\u00e9ateurs de Pif Gadget (Patrick Cohen; vid\u00e9o) : <\/strong> http:\/\/www.dailymotion.com\/video\/x527aeu_hommage-a-richard-medioni-l-un-des-createurs-de-pif-gadget-le-07h43_news\n\n<strong>-&#8220;Prot\u00e9ger les journalistes, tous les journalistes&#8221; (Camille Dupuy, ma\u00eetre de conf\u00e9rence en sociologie \u00e0 l&#8217;universit\u00e9 de Rouen) <\/strong> :                                                                                                             http:\/\/www.liberation.fr\/debats\/2016\/11\/13\/proteger-les-journalistes-tous-les-journalistes_1528106\n\n-Les salari\u00e9s d&#8217;i-T\u00e9l\u00e9 votent la fin de la gr\u00e8ve : http:\/\/www.lesechos.fr\/tech-medias\/medias\/0211499607156-les-salaries-ditele-votent-la-fin-de-la-greve-2043253.php#xtor\n\n<strong>-La plus longue gr\u00e8ve de l&#8217;audiovisuel priv\u00e9 (Nicolas Madelaine, Nicolas Richaud et Marina Alcaraz) :<\/strong> http:\/\/www.lesechos.fr\/tech-medias\/medias\/0211475204700-itele-la-plus-longue-greve-de-laudiovisuel-prive-en-cinq-questions-2041364.php\n\n<strong>-Parlons argent (Cyrille Lacarri\u00e8re; vid\u00e9o, amener le curseur sur 1:20) : <\/strong> http:\/\/www.dailymotion.com\/video\/x528buc_comment-ziad-takieddine-a-parle-a-mediapart_news\n\n-Beaucoup de salari\u00e9s partants (Richard S\u00e9n\u00e9joux et J\u00e9r\u00e9mie Maire) : http:\/\/www.telerama.fr\/medias\/a-itele-toujours-pas-d-accord-et-deja-beaucoup-de-salaries-partants,150180.php\n\n<strong>-&#8220;Comment Ziad Takieddine a parl\u00e9 aux m\u00e9dias&#8221; (Nicolas Vescovici qui a r\u00e9alis\u00e9 l&#8217;interview (voir la revue du 16 novembre) \u00e9tait l&#8217;invit\u00e9 de Sonia Devillers; vid\u00e9o, amener le curseur sur 5:03) : <\/strong>           http:\/\/www.dailymotion.com\/video\/x528buc_comment-ziad-takieddine-a-parle-a-mediapart_news  \n\n-En pleine interview, Jean-Fr\u00e9d\u00e9ric Poisson quitte le plateau de France 3 (vid\u00e9o) :  http:\/\/www.francetvinfo.fr\/politique\/les-republicains\/primaire-de-la-droite\/video-presidentielle-en-pleine-interview-jean-frederic-poisson-quitte-le-plateau-de-france-3_1924135.html\n     \n-&#8220;Avec les Jeux olympiques, ils d\u00e9fendent Paris alors que les touristes fuient  la capitale&#8221; (Charline Vanhoenacker; vid\u00e9o) :  http:\/\/www.dailymotion.com\/video\/x527dgs_cio-defendre-paris-alors-que-les-touristes-fuient-le-billet-de-charline_fun          \n\n-&#8220;La justice en France en \u00e9tat d&#8217;urgence&#8221; (Nicolas Ferroni; vid\u00e9o) :  http:\/\/www.dailymotion.com\/video\/x527v87_la-justice-en-france-en-etat-d-urgence-voir-en-chaque-delit-un-crime-le-billet-de-nicole-ferroni_fun                                  \n<h2 class=\"wp-block-heading\">Documents joints<\/h2>\n\n\n\n<div class=\"wp-block-file\"><a href=\"https:\/\/wp.muchomaas.com\/wp-content\/uploads\/2016\/11\/edito-27-855.pdf\">edito-27.pdf<\/a><\/div>\n\n\n","protected":false},"excerpt":{"rendered":"<p>ACTUALITE -Les ostr\u00e9iculteurs craignent les vols (vid\u00e9o) : http:\/\/www.francetvinfo.fr\/economie\/emploi\/metiers\/agriculture\/crise-des-eleveurs\/finistere-des-voleurs-d-huitres-sevissent_1923745.html -Mr Bricolage va fermer 17 magasins et supprimer 238 postes : http:\/\/www.francetvinfo.fr\/economie\/entreprises\/mr-bricolage-va-fermer-17-magasins-et-supprimer-238-postes-en-2017_1923951.html -L&#8217;emploi des femmes en situation de handicap (le rapport du D\u00e9fenseur des droits; document) : http:\/\/www.defenseurdesdroits.fr\/sites\/default\/files\/atoms\/files\/rapport_sur_lemploi_des_femmes_en_situation_de_handicap-accessiblefinal.pdf -La fus\u00e9e Soyouz et Thomas Pesquet par\u00e9s au d\u00e9collage (Sylvain Moreau; vid\u00e9o) : http:\/\/www.liberation.fr\/video\/2016\/11\/15\/la-fusee-soyouz-et-le-francais-thomas-pesquet-pares-au-decollage_1528564?xtor -L&#8217;\u00e9crivain-voyageur Sylvain Tesson, invit\u00e9 [&hellip;]<\/p>\n","protected":false},"author":1042,"featured_media":0,"comment_status":"open","ping_status":"open","sticky":false,"template":"","format":"standard","meta":{"_themeisle_gutenberg_block_has_review":false,"footnotes":""},"categories":[151],"tags":[],"class_list":["post-10011","post","type-post","status-publish","format-standard","hentry","category-la-revue-de-presse-de-lulu"],"_links":{"self":[{"href":"https:\/\/archives.regards.fr\/index.php?rest_route=\/wp\/v2\/posts\/10011","targetHints":{"allow":["GET"]}}],"collection":[{"href":"https:\/\/archives.regards.fr\/index.php?rest_route=\/wp\/v2\/posts"}],"about":[{"href":"https:\/\/archives.regards.fr\/index.php?rest_route=\/wp\/v2\/types\/post"}],"author":[{"embeddable":true,"href":"https:\/\/archives.regards.fr\/index.php?rest_route=\/wp\/v2\/users\/1042"}],"replies":[{"embeddable":true,"href":"https:\/\/archives.regards.fr\/index.php?rest_route=%2Fwp%2Fv2%2Fcomments&post=10011"}],"version-history":[{"count":0,"href":"https:\/\/archives.regards.fr\/index.php?rest_route=\/wp\/v2\/posts\/10011\/revisions"}],"wp:attachment":[{"href":"https:\/\/archives.regards.fr\/index.php?rest_route=%2Fwp%2Fv2%2Fmedia&parent=10011"}],"wp:term":[{"taxonomy":"category","embeddable":true,"href":"https:\/\/archives.regards.fr\/index.php?rest_route=%2Fwp%2Fv2%2Fcategories&post=10011"},{"taxonomy":"post_tag","embeddable":true,"href":"https:\/\/archives.regards.fr\/index.php?rest_route=%2Fwp%2Fv2%2Ftags&post=10011"}],"curies":[{"name":"wp","href":"https:\/\/api.w.org\/{rel}","templated":true}]}}