{"id":10005,"date":"2016-11-15T11:22:36","date_gmt":"2016-11-15T10:22:36","guid":{"rendered":"https:\/\/wp.muchomaas.com\/article-un-bel-echantillon-d-humour-solferinien\/"},"modified":"2023-06-23T23:23:26","modified_gmt":"2023-06-23T21:23:26","slug":"article-un-bel-echantillon-d-humour-solferinien","status":"publish","type":"post","link":"https:\/\/archives.regards.fr\/?p=10005","title":{"rendered":"Un bel \u00e9chantillon d&#8217;humour solf\u00e9rinien"},"content":{"rendered":"<p class=\"post_excerpt\">Difficile de savoir si l&#8217;op\u00e9ration rel\u00e8ve de l&#8217;amn\u00e9sie du PS ou si celui-ci compte sur celle des \u00e9lecteurs de gauche : le parti au gouvernement s&#8217;indigne des atteintes aux droits des travailleurs\u2026 que pr\u00e9pare la droite.<\/p>\n<p>C&#8217;est une p\u00e9pite. Signez l&#8217;appel &#8220;\u00c7a ne passera pas \u2013 &#8216;Haro sur les droits des travailleurs'&#8221; <a href=\"http:\/\/www.parti-socialiste.fr\/signez-lappel-haro-droits-travailleurs\/\">peut-on d\u00e9couvrir sur le site du Parti Socialiste<\/a>.<br \/>\n<br \/>\n<img loading=\"lazy\" decoding=\"async\" class=\" aligncenter size-full wp-image-24147\" src=\"https:\/\/wp.muchomaas.com\/wp-content\/uploads\/2016\/11\/ps-haro-2-db1.jpg\" alt=\"ps-haro-2.jpg\" align=\"center\" width=\"460\" height=\"242\" srcset=\"https:\/\/archives.regards.fr\/wp-content\/uploads\/2016\/11\/ps-haro-2-db1.jpg 460w, https:\/\/archives.regards.fr\/wp-content\/uploads\/2016\/11\/ps-haro-2-db1-300x158.jpg 300w\" sizes=\"auto, (max-width: 460px) 100vw, 460px\" \/><br \/>\n<\/p>\n<p>Travailleurs\u00a0? Pourquoi pas prol\u00e9taires pendant qu&#8217;on y est ? La premi\u00e8re r\u00e9action est d&#8217;abord un subtil m\u00e9lange entre incr\u00e9dulit\u00e9 et franche hilarit\u00e9. Imm\u00e9diatement, on pense \u00e0 un fake, \u00e0 un article parodique du Gorafi, mais non, du tout, le lien est bien celui du site officiel du PS.<\/p>\n<p>Que s&#8217;est-il donc pass\u00e9 rue de Solf\u00e9rino pour payer, peut-\u00eatre fort cher, une telle plaisanterie\u00a0? Un humour noir de mauvais go\u00fbt, une forme d&#8217;amn\u00e9sie collective ? Eh, oh Cambad\u00e9lis, tu te rappelles que ton parti est au gouvernement et que la loi El Khomri, qui a mis des centaines de milliers de manifestants dans la rue pendant des mois, c&#8217;est votre \u0153uvre\u00a0?<\/p>\n<p>Reste tout de m\u00eame une hypoth\u00e8se rationnelle \u00e0 une telle campagne\u00a0: le Parti socialiste a tellement int\u00e9gr\u00e9 sa future d\u00e9faite de 2017 qu&#8217;il se croit d\u00e9j\u00e0 dans l&#8217;opposition.<div id='gallery-1' class='gallery galleryid-10005 gallery-columns-3 gallery-size-thumbnail'><figure class='gallery-item'>\n\t\t\t<div class='gallery-icon landscape'>\n\t\t\t\t<a href='https:\/\/archives.regards.fr\/wp-content\/uploads\/2016\/11\/ps-haro-2-4b4.jpg'><img loading=\"lazy\" decoding=\"async\" width=\"150\" height=\"150\" src=\"https:\/\/archives.regards.fr\/wp-content\/uploads\/2016\/11\/ps-haro-2-4b4-150x150.jpg\" class=\"attachment-thumbnail size-thumbnail\" alt=\"ps-haro-2.jpg\" \/><\/a>\n\t\t\t<\/div><\/figure>\n\t\t<\/div>\n<\/p>\n","protected":false},"excerpt":{"rendered":"<p>Difficile de savoir si l&#8217;op\u00e9ration rel\u00e8ve de l&#8217;amn\u00e9sie du PS ou si celui-ci compte sur celle des \u00e9lecteurs de gauche : le parti au gouvernement s&#8217;indigne des atteintes aux droits des travailleurs\u2026 que pr\u00e9pare la droite.<\/p>\n","protected":false},"author":1097,"featured_media":24147,"comment_status":"open","ping_status":"open","sticky":false,"template":"","format":"standard","meta":{"_themeisle_gutenberg_block_has_review":false,"footnotes":""},"categories":[236],"tags":[390,497],"class_list":["post-10005","post","type-post","status-publish","format-standard","has-post-thumbnail","hentry","category-mauvais-esprit-par-guillaume-liegard","tag-parti-socialiste","tag-presidentielle-2017"],"_links":{"self":[{"href":"https:\/\/archives.regards.fr\/index.php?rest_route=\/wp\/v2\/posts\/10005","targetHints":{"allow":["GET"]}}],"collection":[{"href":"https:\/\/archives.regards.fr\/index.php?rest_route=\/wp\/v2\/posts"}],"about":[{"href":"https:\/\/archives.regards.fr\/index.php?rest_route=\/wp\/v2\/types\/post"}],"author":[{"embeddable":true,"href":"https:\/\/archives.regards.fr\/index.php?rest_route=\/wp\/v2\/users\/1097"}],"replies":[{"embeddable":true,"href":"https:\/\/archives.regards.fr\/index.php?rest_route=%2Fwp%2Fv2%2Fcomments&post=10005"}],"version-history":[{"count":0,"href":"https:\/\/archives.regards.fr\/index.php?rest_route=\/wp\/v2\/posts\/10005\/revisions"}],"wp:featuredmedia":[{"embeddable":true,"href":"https:\/\/archives.regards.fr\/index.php?rest_route=\/wp\/v2\/media\/24147"}],"wp:attachment":[{"href":"https:\/\/archives.regards.fr\/index.php?rest_route=%2Fwp%2Fv2%2Fmedia&parent=10005"}],"wp:term":[{"taxonomy":"category","embeddable":true,"href":"https:\/\/archives.regards.fr\/index.php?rest_route=%2Fwp%2Fv2%2Fcategories&post=10005"},{"taxonomy":"post_tag","embeddable":true,"href":"https:\/\/archives.regards.fr\/index.php?rest_route=%2Fwp%2Fv2%2Ftags&post=10005"}],"curies":[{"name":"wp","href":"https:\/\/api.w.org\/{rel}","templated":true}]}}