{"id":10004,"date":"2016-11-15T08:11:58","date_gmt":"2016-11-15T07:11:58","guid":{"rendered":"https:\/\/wp.muchomaas.com\/article-la-revue-du-15-novembre-2016\/"},"modified":"2023-06-23T23:23:26","modified_gmt":"2023-06-23T21:23:26","slug":"article-la-revue-du-15-novembre-2016","status":"publish","type":"post","link":"https:\/\/archives.regards.fr\/?p=10004","title":{"rendered":"La Revue du 15 novembre 2016"},"content":{"rendered":"<strong>ACTUALITE<\/strong>\n\n&#8211;<strong>&#8220;Dans l&#8217;int\u00e9rim, il y a deux fois plus d&#8217;accidents et ils sont deux fois plus graves&#8221; (Jean-Paul Bussy, d\u00e9l\u00e9gu\u00e9 national CGT; interrog\u00e9 par St\u00e9phane Carpentier; son) <\/strong> :                                               http:\/\/www.rtl.fr\/actu\/societe-faits-divers\/dans-l-interim-il-y-a-deux-fois-plus-d-accidents-alerte-jean-paul-bussy-7785763591\n\n-&#8220;Rien ne change pour l&#8217;emploi des handicap\u00e9s&#8221; (Christian Menanteau; son) : http:\/\/www.rtl.fr\/actu\/conso\/emploi-des-handicapes-malgre-les-campagnes-rien-ne-change-7785763969\n\n<strong>-Pas de crise pour les grands patrons (vid\u00e9o) :<\/strong> http:\/\/www.francetvinfo.fr\/economie\/entreprises\/salaires-des-grands-patrons\/pas-de-crise-pour-les-grands-patrons_1920329.html\n\n<strong>-La Cour administrative d&#8217;appel de Nantes valide les arr\u00eat\u00e9s autorisant les travaux \u00e0 Notre-Dame-des-Landes. Les opposants vont d\u00e9poser un recours devant le Conseil d&#8217;Etat, la plus haute autorit\u00e9 administrative du pays :<\/strong> http:\/\/www.francetvinfo.fr\/politique\/notre-dame-des-landes\/notre-dame-des-landes-la-cour-administrative-d-appel-de-nantes-valide-les-arretes-autorisant-les-travaux_1919855.html       http:\/\/www.lemonde.fr\/election-presidentielle-2017\/live\/2016\/11\/14\/en-direct-suivez-l-actualite-politique_5030607_4854003.html#iSyGymZ3fFMzVk24.99\n\n<em>-Le communiqu\u00e9 de la Cour d&#8217;appel (document; pi\u00e8ce jointe);<\/em>\n\n-&#8220;Les travaux, c&#8217;est maintenant !&#8221; (vid\u00e9o) : http:\/\/www.lcp.fr\/la-politique-en-video\/notre-dames-des-landes-les-travaux-cest-maintenant\n\n<strong>-&#8220;La Chine entre dans l&#8217;industrie nucl\u00e9aire fran\u00e7aise&#8221; (vid\u00e9o) : <\/strong>                    http:\/\/www.francetvinfo.fr\/monde\/asie\/la-chine-entre-dans-l-industrie-nucleaire-francaise_1920319.html\n\n-La machine \u00e0 vin et ses 35 r\u00e9f\u00e9rences (Thibaut Jarrouse, interrog\u00e9 par Nicolas Pierron; vid\u00e9o) : http:\/\/www.dailymotion.com\/video\/x51xm98_nous-avons-35-references-thibaut-jarrousse-14-11-2016_news\n\n-L&#8217;\u00e9pice la plus ch\u00e8re au monde se cultive en Normandie (El\u00e9onore Colin) : http:\/\/www.telerama.fr\/sortir\/le-saviez-vous-l-epice-la-plus-chere-au-monde-se-cultive-en-normandie,149856.php#xtor\n\n-La journ\u00e9e mondiale du diab\u00e8te (G\u00e9rard Raymond, pr\u00e9sident de l&#8217;Association fran\u00e7aise des diab\u00e9tiques; son) :   http:\/\/www.sudradio.fr\/Podcasts\/L-invite-pour-comprendre\/Gerard-Raymond-President-de-l-Association-Francaise-des-Diabetiques\n\n<em>-La place de la sant\u00e9 dans le d\u00e9bat public (ODOXA) <\/em> : http:\/\/www.odoxa.fr\/la-place-de-la-sante-dans-le-debat-public-et-electoral-une-grande-absente-alors-quelle-constitue-une-priorite-majeure\/\n\n-&#8220;L&#8217;imp\u00f4t \u00e0 la source, une r\u00e9forme mal pens\u00e9e&#8221; (Fran\u00e7ois Lenglet; vid\u00e9o) : http:\/\/www.rtl.fr\/actu\/societe-faits-divers\/l-impot-a-la-source-une-reforme-mal-pensee-selon-francois-lenglet-7785764265\n\n<strong>-Un an apr\u00e8s le d\u00e9raillement du TGV Est qui a fait 11 victimes, Louis, pr\u00e9sent dans la rame de t\u00eate, t\u00e9moigne (cit\u00e9 par Carole B\u00e9lingard) <\/strong> :                                                                                                  http:\/\/www.francetvinfo.fr\/faits-divers\/accident\/deraillement-d-un-tgv-en-alsace\/temoignage-franceinfo-un-an-apres-le-deraillement-mortel-d-un-tgv-en-alsace-un-rescape-present-dans-la-cabine-de-pilotage-se-confie_1909477.html#xtor\n\n-&#8220;Des erreurs de calcul \u00e0 l&#8217;origine de l&#8217;accident&#8221; (vid\u00e9o) : http:\/\/www.francetvinfo.fr\/faits-divers\/accident\/deraillement-d-un-tgv-en-alsace\/deraillement-du-tgv-est-des-erreurs-de-calcul-a-l-origine-de-l-accident_1899097.html\n\n<em>-La note d&#8217;\u00e9tape du BEATT du 5 f\u00e9vrier 2016 (document) <\/em> : http:\/\/www.bea-tt.developpement-durable.gouv.fr\/IMG\/pdf\/Note_Etape_BEATT_2015-16.pdf\n\n-Des parisiens r\u00e9clament en justice la r\u00e9ouverture des voies  sur les berges de la Seine (leur avocat Me Jean-Baptiste Iosca; son) :                                                                                                         http:\/\/www.sudradio.fr\/Podcasts\/L-invite-pour-comprendre\/Maitre-Jean-Baptiste-Iosca-avocat-specialiste-en-droit-routier\n\n-&#8220;Les d\u00e9fenseurs des animaux sont-ils des terroristes en puissance ?&#8221; (Yolaine de la Bigne; son) : http:\/\/www.sudradio.fr\/Podcasts\/Quelle-epoque-ethique\/Les-animalistes-sont-ils-des-terroristes-en-puissance\n\n-&#8220;Dans l&#8217;H\u00e9rault, des cabanons en sursis&#8221; (vid\u00e9o) : http:\/\/www.francetvinfo.fr\/economie\/immobilier\/herault-des-cabanons-en-sursis_1919945.html\n\n<strong>-&#8220;Cela signifie la fin de l&#8217;impunit\u00e9 des banques&#8221; (J\u00e9r\u00f4me Kerviel; vid\u00e9o) : <\/strong> http:\/\/www.europe1.fr\/politique\/jean-guy-talamoni-paris-nentend-rien-cest-une-erreur-2900312\n\n-Il \u00e9tait l&#8217;invit\u00e9 du &#8220;Club de la Presse&#8221; d&#8217;Europe 1 (son, amener le curseur sur 21:52) : http:\/\/www.europe1.fr\/emissions\/le-club-de-la-presse\/europe-soir-le-club-de-la-presse-jean-guy-talamoni-et-jerome-kerviel-14112016-2900306\n\n<strong>-&#8220;Avant 2001, les Am\u00e9ricains pensaient que les attentats \u00e9taient pour les autres. On a des probl\u00e8mes de recueil et de transmission du renseignement sur le terrain. Le probl\u00e8me essentiel, c&#8217;est le manque de coh\u00e9rence europ\u00e9enne&#8221; (Jean-Louis Brugui\u00e8re, ancien juge antiterroriste; interrog\u00e9 par Audrey Crespo-Mara; vid\u00e9o) : <\/strong> http:\/\/www.lci.fr\/replay\/audrey-crespo-mara-recoit-jean-louis-bruguiere-ancien-juge-antiterroriste-2012436.html\n\n-&#8220;Le diff\u00e9rentiel entre les moyens dont dispose l&#8217;Etat pour le combattre et ceux du terrorisme ne cesse de s&#8217;accroitre au b\u00e9n\u00e9fice de ce dernier&#8221; (dans &#8220;24 Heures en Questions&#8221; d&#8217;Yves Calvi; vid\u00e9o) : \nhttp:\/\/www.lci.fr\/replay\/replay-calvi-24-heures-en-questions-du-14-novembre-antiterrorisme-peut-mieux-faire-2012561.html%3Ftype=content    \n\n-&#8220;On a avanc\u00e9 dans les moyens de riposte et de r\u00e9ponse en cas d&#8217;attentat, mais il reste beaucoup \u00e0 faire&#8221; (Claude Moniquet, ancien de la DGSE, interrog\u00e9 par Ruth Elkrief; vid\u00e9o) : http:\/\/www.bfmtv.com\/mediaplayer\/video\/claude-moniquet-on-a-avance-dans-les-moyens-de-riposte-et-de-reponse-en-cas-d-attentat-mais-il-reste-beaucoup-a-faire-885085.html                    \n\n<em>-Les Fran\u00e7ais et l&#8217;accueil des migrants (IFOP) :<\/em> http:\/\/www.ifop.com\/?option=com_publication&#038;type=poll&#038;id=3552\n\n<strong>POLITIQUE<\/strong>\n\n<strong>-&#8220;PCF : essayer d&#8217;y voir clair pour aller de l&#8217;avant&#8221; G\u00e9rard Lahellec, vice-pr\u00e9sident communiste de la r\u00e9gion Bretagne (pi\u00e8ce jointe);<\/strong>\n\n<strong>-&#8220;A propos de l&#8217;enjeu des \u00e9lections pr\u00e9sidentielle et l\u00e9gislatives d&#8217;avril-mai prochain&#8221; (Michel Ceruti, secr\u00e9taire de la F\u00e9d\u00e9ration communiste du Lot-et-Garonne; pi\u00e8ce jointe);<\/strong>\n\n-&#8220;Fran\u00e7ois Hollande, dans la derni\u00e8re partie de son mandat, aura tourn\u00e9 le dos \u00e0 l&#8217;\u00e9cologie. Il n&#8217;y aura pas d&#8217;accord avec le Parti socialiste&#8221; (Yannick Jadot, candidat \u00e9cologiste \u00e0 l&#8217;\u00e9lection pr\u00e9sidentielle; interrog\u00e9 par Thomas Sotto; vid\u00e9o) : http:\/\/www.europe1.fr\/emissions\/l-interview-verite\/yannick-jadot-il-ny-aura-pas-dalliance-avec-le-parti-socialiste-2899655\n\n-&#8220;J&#8217;ai beaucoup de craintes avec l&#8217;arriv\u00e9e de Donald Trump. Je comprends les manifestants, mais c&#8217;est avant qu&#8217;il fallait le faire. N&#8217;oublions pas qui a gagn\u00e9 les \u00e9lections europ\u00e9ennes. Il faut que l&#8217;Europe prenne le leadership. Elle n&#8217;en prend pas le chemin. Fran\u00e7ois Hollande sera candidat en 2017&#8221; (Emmanuelle Cosse, ministre du Logement; invit\u00e9e de la matinale de Franceinfo; vid\u00e9o) : https:\/\/www.dailymotion.com\/video\/x51xm5n_pour-emmanuelle-cosse-francois-hollande-sera-candidat-en-2017_news\n\n-&#8220;Sous l&#8217;\u00e9tat d&#8217;urgence, les libert\u00e9s publiques ont pu s&#8217;exercer. L&#8217;\u00e9tat de droit a \u00e9t\u00e9 maintenu, j&#8217;en suis fi\u00e8re. Yannick Jadot, une petite candidature \u00e9cologiste pour un petit score qui va affaiblir la gauche&#8221; (la secr\u00e9taire d&#8217;Etat Barbara Pompili; interrog\u00e9e par Brigitte Boucher; vid\u00e9o) : http:\/\/www.lcp.fr\/emissions\/politique-matin\/278990-la-matinale-du-14-novembre-2016 \n\n-Fran\u00e7ois Hollande &#8220;est un homme bless\u00e9 qui est en train de r\u00e9agir&#8221; (le secr\u00e9taire d&#8217;Etat Thierry Mandon, qui reconnait &#8220;que des erreurs ont \u00e9t\u00e9 commises &#8221; dans ce quinquennat; invit\u00e9 de &#8220;Territoires d&#8217;Infos; vid\u00e9o, amener le curseur sur 33:35) : http:\/\/www.sudradio.fr\/Politique\/L-interview-politique\/F.-Hollande-un-homme-blesse-en-train-de-reagir-pour-T.-Mandon\n\n-&#8220;J&#8217;ai retrouv\u00e9 un Fran\u00e7ois Hollande combattif, dans l&#8217;\u00e9tat d&#8217;esprit de 2012, qui entend d\u00e9fendre un bilan dont nous consid\u00e9rons qu&#8217;il m\u00e9rite d&#8217;\u00eatre reconsid\u00e9r\u00e9. Je suis plus r\u00e9serv\u00e9 sur le maintien de l&#8217;Etat d&#8217;urgence car nous nous sommes donn\u00e9s les moyens l\u00e9gaux de faire face. Il y a deux Am\u00e9rique comme nous avons deux ou trois France&#8221; (Olivier Faure, porte-parole du PS; interrog\u00e9 par Jeff Wittenberg; vid\u00e9o) : http:\/\/www.france2.fr\/emissions\/telematin\/actu\/olivier-faure_523365\n\n-&#8220;La question qui est pos\u00e9e est celle des in\u00e9galit\u00e9s. Le progressisme n&#8217;est plus capable de s&#8217;adresser aux couches moyennes d\u00e9class\u00e9es. Dans quel sens cela va-t-il basculer ? &#8221; (le secr\u00e9taire d&#8217;Etat Jean-Marie Le Guen, qui pense que &#8220;Manuel Valls a beaucoup de choses \u00e0 apporter \u00e0 notre pays&#8221;; invit\u00e9 de Caroline Roux; vid\u00e9o) : http:\/\/www.france2.fr\/emissions\/telematin\/actu\/les-4-verites-jean-marie-le-guen_523691\n\n-&#8220;Vivre sous l&#8217;\u00e9tat d&#8217;urgence depuis un an, \u00e7a n&#8217;a plus v\u00e9ritablement de sens&#8221; (Georges Fenech, d\u00e9put\u00e9 LR, pr\u00e9sident de la commission d&#8217;enqu\u00eate sur les attentats; vid\u00e9o) : http:\/\/www.lcp.fr\/la-politique-en-video\/fenech-lr-vivre-sous-letat-durgence-depuis-un-ca-na-plus-veritablement-de-sens\n\n-&#8220;Tout le monde s&#8217;excite sur les sondages au moment o\u00f9 tout le monde dit qu&#8217;il faut s&#8217;en m\u00e9fier apr\u00e8s l&#8217;\u00e9lection am\u00e9ricaine. On ne peut pas supprimer 600 000 emplois dans la Fonction publique comme le propose Fran\u00e7ois Fillon. Cela signifierait qu&#8217;en d\u00e9pit des d\u00e9parts \u00e0 la retraite, on ne recrutera personne. S&#8217;il n&#8217;y avait pas eu des d\u00e9\u00e7us de la p\u00e9riode 2007-2012, nous aurions gagn\u00e9 l&#8217;\u00e9lection. Je ne fais pas mes courses \u00e0 Prisunic mais je les fais moi-m\u00eame&#8221; (Alain Jupp\u00e9, invit\u00e9 de la matinale de RTL; interrog\u00e9 par Elizabeth Martichoux; vid\u00e9os) :                                                               http:\/\/www.rtl.fr\/actu\/politique\/alain-juppe-offensif-a-l-egard-de-nicolas-sarkozy-et-francois-fillon-7785764390\n\n-Son meeting au z\u00e9nith de Paris (vid\u00e9o) : https:\/\/www.youtube.com\/watch?v=t9P3vJloJEQ\n\n-&#8220;La France n&#8217;est pas assez prot\u00e9g\u00e9e. Il faut anticiper le retour en masse des djihadistes quand Daesh sera d\u00e9fait sur le terrain. Alain Jupp\u00e9 est bien l\u00e9ger quand il reprend les arguments de la gauche sur la suppression de postes de policiers. Ma question, c&#8217;est la col\u00e8re populaire que je n&#8217;ai pas suffisamment entendue, sinon, j&#8217;aurais gagn\u00e9. Nous ne pouvons plus laisser partir notre industrie. Je veux une taxe carbone europ\u00e9enne si les Etats-Unis s&#8217;exon\u00e8rent du droit et une taxe anti-dumping contre la Chine qui subventionne massivement ses industries&#8221; (Nicolas Sarkozy, qui &#8220;ne veut pas que ce qui se passe aux Etats-Unis se passe en France; invit\u00e9 du 20H de TF1; interrog\u00e9 par Marie-Claire Coudray; vid\u00e9o, amener le curseur le 24:20) : http:\/\/www.tf1.fr\/tf1\/jt-we\/videos\/20-heures-13-novembre-2016.html\n\n-&#8220;On ne peut pas comparer Trump \u00e0 qui que ce soit en France. Mon choix pour Nicolas Sarkozy remonte au moment o\u00f9 l&#8217;UMP a failli mourir. Je partage son diagnostic de la soci\u00e9t\u00e9 fran\u00e7aise&#8221; (Fran\u00e7ois Baroin, s\u00e9nateur LR de l&#8217;Aube, soutien de Nicolas Sarkozy; invit\u00e9 de la matinale de France Inter. Il r\u00e9pondait aux questions de Patrick Cohen et des auditeurs; vid\u00e9os) :                         http:\/\/www.dailymotion.com\/video\/x51x80r_francois-baroin-on-ne-peut-pas-comparer-trump-a-qui-que-ce-soit-dans-la-classe-politique-francaise_news                                                                                                                                                                                                                                                                                         http:\/\/www.dailymotion.com\/video\/x51xczu_francois-baroin-je-partage-le-diagnostic-de-nicolas-sarkozy-sur-la-societe-francaise_news\n\n-&#8220;On peut gagner en cultivant les peurs et les angoisses. Mais o\u00f9 va-t-on avec \u00e7a ?&#8221; (NKM, interrog\u00e9e par L\u00e9a Salam\u00e9, David Pujadas et Fran\u00e7ois Lenglet; vid\u00e9o) :  http:\/\/www.francetvinfo.fr\/politique\/les-republicains\/primaire-de-la-droite\/direct-primaire-a-droite-regardez-l-interview-de-nathalie-kosciusko-morizet-sur-france-2_1919869.html#xtor\n\n-&#8220;Je ne peux pas vous dire aujourd&#8217;hui si on est capable d&#8217;emp\u00eacher les attentats. Fran\u00e7ois Fillon n&#8217;a m\u00eame pas travaill\u00e9 la-dessus. Il est une imposture parce qu&#8217;il a gouvern\u00e9 cinq ans avec Nicolas Sarkozy. Je suis dans un couloir bonapartiste. La victoire de Trump montre que le combat de fond est entre les gagnants et les perdants de la mondialisation&#8221; (Jean-Fran\u00e7ois Cop\u00e9, face \u00e0 Ruth Elkrief; vid\u00e9o) : http:\/\/www.bfmtv.com\/mediaplayer\/video\/jean-francois-copeface-a-ruth-elkrief-885115.html\n\n-&#8220;Je suis tr\u00e8s prudent sur les sondages, on ne sait pas qui va aller voter&#8221; (Eric Ciotti, d\u00e9put\u00e9 LR des Alpes Maritimes, soutien de Nicolas Sarkozy; face \u00e0 Guillaume Durand; vid\u00e9o) :              http:\/\/www.dailymotion.com\/video\/x51xj7m\n\n-&#8220;On n&#8217;est plus dans un duel, on est dans un trio&#8221; (J\u00e9r\u00f4me Chartier, d\u00e9put\u00e9 LR du Val-d&#8217;Oise, porte-parole de Fran\u00e7ois Fillon; interrog\u00e9 par Jean-Pierre Elkabbach; vid\u00e9o) : http:\/\/www.europe1.fr\/emissions\/l-interview-politique\/sondages-participation-a-la-primaire-decision-des-francais-programme-des-autres-candidats-et-reelles-chances-de-francois-fillon-jerome-chartier-repond-aux-questions-de-jean-pierre-elkabbach-2899709\n\n<em>-Intentions et motivations de vote \u00e0 la primaire de la droite et du centre (HARRIS) : <\/em> http:\/\/harris-interactive.fr\/opinion_polls\/intentions-et-motivations-de-vote-a-la-primaire-de-la-droite-et-du-centre\/\n\n-Ce qu&#8217;en pense Bernard Sanan\u00e8s de l&#8217;Institut Elabe (son) : http:\/\/www.radioclassique.fr\/player\/progaction\/initPlayer\/podcast\/linvite-du-matin-2016-11-14-07-49-10.html\n\n-&#8220;La perc\u00e9e de Fran\u00e7ois Fillon&#8221; (Alba Ventura; vid\u00e9o) : http:\/\/www.rtl.fr\/actu\/politique\/primaire-de-la-droite-la-percee-de-francois-fillon-decryptee-par-alba-ventura-7785764026\n\n-&#8220;Et si c&#8217;\u00e9tait Fillon ?&#8221; (Yves Thr\u00e9ard; vid\u00e9o) : http:\/\/www.europe1.fr\/emissions\/ledito-politique-dyves-threard\/et-si-cetait-fillon-2899520\n\n-&#8220;Les fillonnistes qui n&#8217;avaient pas de mots assez durs contre les sondages ne jurent que par eux aujourd&#8217;hui. Il serait imprudent de dire qu&#8217;il va gagner&#8221; (Guillaume Tabard du &#8220;Figaro&#8221;; son) :           http:\/\/www.radioclassique.fr\/player\/progaction\/iniPlayer\/podcast\/ledito-politique-de-guillaume-tabard-2016-11-14-08-13-47.html\n\n<strong>-&#8220;On peut \u00eatre raciste, x\u00e9nophobe, homophobe&#8230;et ce serait le parler-vrai ?&#8221; (Nicolas Domenach; vid\u00e9o) <\/strong> : http:\/\/www.rtl.fr\/actu\/societe-faits-divers\/nicolas-domenach-on-peut-etre-raciste-xenophobe-homophobe-et-ce-serait-le-parler-vrai-7785721740\n\n-&#8220;Les primaires sont un furoncle sur la Constitution de la Ve R\u00e9publique&#8221; (Andr\u00e9 Bercoff, face \u00e0 Philippe Moreau Chevrolet, professeur \u00e0 Sciences Po; vid\u00e9o) :                                                                          http:\/\/www.rtl.fr\/actu\/politique\/primaire-de-la-droite-la-legitimite-du-futur-candidat-sera-en-question-assure-andre-bercoff-7785764872\n\n-&#8220;Paris n&#8217;entend rien, c&#8217;est une erreur. On se m\u00e9fie tellement de la question corse qu&#8217;on ne veut pas s&#8217;en approcher&#8221; (Jean-Guy Talamoni, pr\u00e9sident de l&#8217;Assembl\u00e9e de Corse; vid\u00e9o) : http:\/\/www.europe1.fr\/politique\/jean-guy-talamoni-paris-nentend-rien-cest-une-erreur-2900312\n\n-Il \u00e9tait l&#8217;invit\u00e9 du &#8220;Club de la Presse&#8221; d&#8217;Europe 1. En deuxi\u00e8me partie, J\u00e9r\u00f4me Kerviel (son) : http:\/\/www.europe1.fr\/emissions\/le-club-de-la-presse\/europe-soir-le-club-de-la-presse-jean-guy-talamoni-et-jerome-kerviel-14112016-2900306\n\n<strong>-&#8220;Moi pr\u00e9sidente. Jo, professeur des \u00e9coles en retraite, \u00e0 S\u00e8te. Avec Herv\u00e9 Pauchon&#8221; <\/strong> (son) : https:\/\/www.franceinter.fr\/emissions\/moi-president\/moi-president-14-novembre-2016\n\n<strong>EUROPE-MONDE<\/strong>\n\n-&#8220;L&#8217;Union europ\u00e9enne s&#8217;efforce de d\u00e9dramatiser les futures relations avec Donald Trump&#8221; : http:\/\/www.euractiv.fr\/section\/l-europe-dans-le-monde\/news\/lue-sefforce-de-dedramatiser-la-future-relation-avec-lamerique-de-trump\/?nl_ref=24755546\n\n-&#8220;Elle a besoin de nouveaux dirigeants&#8221; (l&#8217;universitaire belge J\u00e9r\u00f4me Jamin; propos recueillis par Richard Werly) : https:\/\/www.letemps.ch\/monde\/2016\/11\/14\/juncker-vs-trump-duel-mal-leurope?utm_source\n\n-En Allemagne, l&#8217;AfD perd son bouc-\u00e9missaire favori, les Etats-Unis (Fabian Leber) : http:\/\/www.euractiv.fr\/section\/politique\/news\/trump-victory-could-rob-german-far-right-of-us-bogeyman\/?nl_ref=24755546\n\n<strong>-Le Brexit et les p\u00eacheurs fran\u00e7ais (un reportage \u00e0 Boulogne-sur-Mer; son) :  <\/strong> http:\/\/www.sudradio.fr\/Podcasts\/Les-reportages-de-la-matinee\/Le-Brexit-et-les-pecheurs-francais\n\n-Une nouvelle loi sur l&#8217;enfance tr\u00e8s controvers\u00e9e (Pierre Chasseigneux, r\u00e9alisateur du documentaire &#8220;Les enfants vol\u00e9s d&#8217;Angleterre&#8221; qui sera diffus\u00e9 ce mardi soir sur France 5; son) :                    https:\/\/www.franceinter.fr\/emissions\/meridien-d-europe\/meridien-d-europe-14-novembre-2016\n\n-Julian Assange va \u00eatre entendu par la justice su\u00e9doise : http:\/\/www.lemonde.fr\/europe\/article\/2016\/11\/12\/julian-assange-va-etre-entendu-par-la-justice-suedoise_5030062_3214.html\n\n-En Moldavie, le candidat pro-russe remporte l&#8217;\u00e9lection pr\u00e9sidentielle (Beno\u00eet Vitkine) :                                                                                                                                                                     http:\/\/www.lemonde.fr\/europe\/article\/2016\/11\/13\/moldavie-le-candidat-prorusse-en-tete-de-la-presidentielle_5030508_3214.html\n\n-Crise politique en Bulgarie apr\u00e8s l&#8217;\u00e9lection de Roumen Radev (Georgi Gotev) : http:\/\/www.euractiv.fr\/section\/politique\/news\/bulgaria-in-political-crisis-after-socialist-candidate-wins-presidential-election\/?nl_ref=24755546\n\n<strong>-&#8220;Deux atouts suppl\u00e9mentaires pour Vladimir Poutine&#8221; (vid\u00e9o; amener le curseur sur 4:40) <\/strong> : http:\/\/www.francetvinfo.fr\/replay-jt\/france-2\/20-heures\/jt-de-20h-du-lundi-14-novembre-2016_1909871.html\n\n<strong>-Isra\u00ebl veut limiter les appels \u00e0 la pri\u00e8re et l\u00e9galiser &#8220;les colonies sauvages&#8221; (vid\u00e9o) : <\/strong> http:\/\/nr.news-republic.com\/Web\/ArticleWeb.aspx?regionid=2&#038;articleid=77516775\n\n<strong>-&#8220;Trump, Wall Street et les banques, vers une d\u00e9r\u00e9gulation massive&#8221; (Delphine Cuny)<\/strong> : http:\/\/www.euractiv.fr\/section\/euro-finances\/news\/trump-wall-street-et-les-banques-vers-une-deregulation-massive\/?nl_ref=24755546\n\n-Le grand \u00e9cart de ses premi\u00e8res nominations (Fr\u00e9d\u00e9ric Autran) : http:\/\/www.liberation.fr\/planete\/2016\/11\/14\/establishment-et-droite-dure-antielite-le-grand-ecart-des-premieres-nominations-de-trump_1528209?xtor\n\n-Il a pr\u00e9cis\u00e9 son programme dans une interview sur CBS (vid\u00e9o) : http:\/\/www.francetvinfo.fr\/monde\/usa\/presidentielle\/donald-trump\/etats-unis-donald-trump-precise-son-programme_1919907.html\n\n<strong>-&#8220;Pour l&#8217;instant, c&#8217;est Wall Street qui en parle le mieux&#8221; (Dominique Seux des &#8220;Echos&#8221;; son) <\/strong> : https:\/\/www.franceinter.fr\/emissions\/l-edito-eco\/l-edito-eco-14-novembre-2016\n\n-&#8220;Donald Trump, cinq jour apr\u00e8s&#8221; (Bernard Guetta; son) : https:\/\/www.franceinter.fr\/emissions\/geopolitique\/geopolitique-14-novembre-2016\n\n-&#8220;Il n&#8217;est pas une forme de Le Pen am\u00e9ricain&#8221; (le docteur en g\u00e9opolitique Fr\u00e9d\u00e9ric Encel et le journaliste Bruno Roger Petit; vid\u00e9o) : http:\/\/www.dailymotion.com\/video\/x51xl49_donald-trump-n-est-pas-une-forme-de-le-pen-americain-frederic-encel-14-11-2016_news\n\n<strong>-&#8220;80 % des gens votent contre quelqu&#8217;un&#8221; (Susan George d&#8217;ATTAC qui a vot\u00e9 Clinton, &#8220;un moindre mal&#8221; (vid\u00e9o) :<\/strong> https:\/\/www.dailymotion.com\/video\/x517e3y_susan-george-attac-j-ai-vote-clinton-un-moindre-mal_news\n\n<em>-Les r\u00e9actions des Fran\u00e7ais apr\u00e8s la victoire de Donald Trump (IPSOS) :<\/em> http:\/\/www.ipsos.fr\/decrypter-societe\/2016-11-14-reactions-francais-apres-victoire-donald-trump\n\n-L&#8217;ONG am\u00e9ricaine &#8220;Human Rigths Watch&#8221; d\u00e9nonce la destruction de maisons arabes par les Kurdes, dans le nord de l&#8217;Irak : http:\/\/www.lemonde.fr\/proche-orient\/article\/2016\/11\/13\/irak-une-ong-denonce-la-destruction-de-maisons-d-arabes-par-les-kurdes_5030460_3218.html\n\n<strong>-&#8220;Au Canada, &#8220;payer sa nourriture ou r\u00e9gler son loyer ?&#8221; (Pierre Carrey) : <\/strong> http:\/\/next.liberation.fr\/food\/2016\/11\/14\/payer-sa-nourriture-ou-regler-son-loyer-pour-certains-manger-sain-coute-de-plus-en-plus-cher_1527909?xtor\n\n-&#8220;Le Japon inquiet de la politique commerciale de Donald Trump&#8221; (Philippe Mesmer) :                                                                                                                                                             http:\/\/www.lemonde.fr\/economie-mondiale\/article\/2016\/11\/14\/le-japon-inquiet-de-la-politique-commerciale-de-donald-trump_5030564_1656941.html\n\n-En Nouvelle-Z\u00e9lande, &#8220;la secousse la plus importante de m\u00e9moire d&#8217;homme&#8221; :                                                                                                                                                                        http:\/\/www.lemonde.fr\/planete\/article\/2016\/11\/14\/nouvelle-zelande-la-secousse-la-plus-importante-de-memoire-d-homme_5030550_3244.html\n\n-&#8220;Les \u00e9missions mondiales de CO2 se stabilisent mais le climat continue de s&#8217;emballer&#8221; (Pierre Le Hir et Nathalie Fontrel; son) :                                                                                                                    http:\/\/www.lemonde.fr\/planete\/article\/2016\/11\/14\/les-emissions-mondiales-de-co2-se-stabilisent-mais-le-climat-continue-de-s-emballer_5030546_3244.html                                                            https:\/\/www.franceinter.fr\/emissions\/planete-environnement\/planete-environnement-14-novembre-2016\n\n-&#8220;Les catastrophes naturelles d\u00e9cuplent la pauvret\u00e9&#8221; (St\u00e9phane Hallegatte, \u00e9conomiste \u00e0 la Banque mondiale; propos recueillis par Aline Robert) :                                                                                http:\/\/www.euractiv.fr\/section\/all\/interview\/les-catastrophes-naturelles-decuplent-la-pauvrete\/?nl_ref=24755546\n\n<strong>-Le continent africain premi\u00e8re victime des catastrophes climatiques (St\u00e9phanie Senet) :<\/strong> http:\/\/www.euractiv.fr\/section\/climat-environnement\/news\/le-continent-africain-premiere-victime-des-catastrophes-climatiques\/?nl_ref=24755546\n\n-Derni\u00e8re semaine pour la COP 22 \u00e0 Marrakech (Baptiste Gaborit; son) : http:\/\/www.radioclassique.fr\/player\/progaction\/initPlayer\/podcast\/3-minutes-pour-la-planete-2016-11-14-06-46-30.html\n\n<strong>-La centrale solaire de Noor, pr\u00e8s de Ouarzazate, pour la consommation d&#8217;\u00e9lectricit\u00e9 de deux millions de Marocains (Sandy Dauphin; son)<\/strong> : https:\/\/www.franceinter.fr\/emissions\/le-zoom-de-la-redaction\/le-zoom-de-la-redaction-14-novembre-2016\n\n<strong>CULTURE-MEDIAS<\/strong>\n\n<strong>-&#8220;La promesse de la mondialisation n&#8217;a pas \u00e9t\u00e9 tenue, d&#8217;o\u00f9 la crise id\u00e9ologique de nos d\u00e9mocraties&#8221; (Le philosphe et historien Marcel Gauchet, invit\u00e9 &#8220;des Matins&#8221; de Guillaume Erner sur France Culture; son) :    <\/strong>                                   https:\/\/www.franceculture.fr\/emissions\/linvite-des-matins\/comment-va-la-france-un-apres-les-attentats-du-13-novembre-le#xtor\n\n<strong>-&#8220;La France est-elle encore la\u00efque ?&#8221; (Jean-Louis Bianco, pr\u00e9sident de l&#8217;Observatoire de la la\u00efcit\u00e9; interrog\u00e9 par Dimitri Pavlenko; son)<\/strong> :                                                                                      http:\/\/www.sudradio.fr\/Podcasts\/L-invite-pour-comprendre\/Jean-Louis-Bianco-president-de-l-Observatoire-de-la-laicite\n\n-O\u00f9 en sont les sciences sociales ? (le sociologue Michel Wieviorka et Alain Funchs, pr\u00e9sident du CNRS; invit\u00e9s d&#8217;Olivier Gesbert; son) :                                             https:\/\/www.franceculture.fr\/emissions\/la-grande-table-2eme-partie\/13-novembre-ou-en-sont-les-sciences-sociales\n\n<strong>-&#8220;Un an apr\u00e8s, Sting a fait revivre la Bataclan&#8221; (Nicolas Delesalle) :<\/strong> http:\/\/www.telerama.fr\/monde\/un-an-apres-sting-fait-renaitre-le-bataclan,149953.php#xtor\n\n<strong>-&#8220;Pour retirer la vision du Bataclan de ma t\u00eate, il fallait la dessiner&#8221; (Fred Dewilde; entretien r\u00e9alis\u00e9 par H\u00e9l\u00e8ne Rochette) <\/strong> :                                                                                                            http:\/\/www.telerama.fr\/monde\/fred-dewilde-pour-retirer-la-vision-de-l-attentat-du-bataclan-de-ma-tete-il-fallait-la-dessiner,149881.php#xtor\n\n-&#8220;La Maison de la Po\u00e9sie&#8221; et &#8220;L&#8217;Institut du Monde arabe&#8221; ont organis\u00e9 une &#8220;Nuit de la po\u00e9sie&#8221; en hommage aux victimes. La chanteuse Cam\u00e9lia Jordana explique le sens de sa participation. Propos recueillis par Julie Biet (vid\u00e9o) :  http:\/\/www.telerama.fr\/sortir\/camelia-jordana-la-poesie-est-ma-seule-reponse-face-a-la-violence-des-attentats,149925.php#xtor\n\n-&#8220;Le myst\u00e8re des chansons secr\u00e8tes de Prince&#8221; (Laurent Rigoulet; son) : http:\/\/www.telerama.fr\/musique\/prince-et-le-mystere-des-chansons-secretes,149915.php#xtor\n\n<strong>-&#8220;The Cure&#8221; en dix concerts parisiens inoubliables  (Hugo Cassavetti et Fran\u00e7ois Gorin; vid\u00e9os et son) <\/strong> :                                                                                                                                        http:\/\/www.telerama.fr\/sortir\/the-cure-en-10-concerts-parisiens-inoubliables,149890.php#xtor\n\n-Quoi de neuf dans les bacs ? (le choix des disquaires; Laurent Rigoulet; diaporama) : http:\/\/www.telerama.fr\/musique\/de-drake-a-gerard-manset-la-selection-vinyle-de-la-semaine,149918.php#xtor\n\n-&#8220;Blue Note&#8221;, le plus grand label de l&#8217;histoire du jazz, dirig\u00e9 par le bassiste am\u00e9ricain Don Was (Louis Victor) :                                                                                                                                                http:\/\/www.telerama.fr\/sortir\/don-was-un-rockeur-a-la-tete-du-plus-grand-label-de-l-histoire-du-jazz,149849.php#xtor\n\n<strong>-&#8220;Lalo Schifrin, la halle aux airs connus&#8221; (Rebecca Manzoni; vid\u00e9o) :<\/strong> https:\/\/www.franceinter.fr\/emissions\/pop-co\/pop-co-14-novembre-2016\n\n-Le groupe Justice \u00e9tait l&#8217;invit\u00e9 d&#8217;Augustin Trapenard (son) : https:\/\/www.franceinter.fr\/emissions\/boomerang\/boomerang-14-novembre-2016\n\n-A la Philharmonie de Paris, jusqu&#8217;au 29 janvier 2017, &#8220;Beethoven sur tous les tons&#8221; (Guillaume Tion) : http:\/\/next.liberation.fr\/arts\/2016\/11\/13\/beethoven-sur-tous-les-tons_1528107?xtor\n\n<strong>-&#8220;Aube dor\u00e9e, une affaire personnelle&#8221;, le film de la journaliste franco-grecque Ang\u00e9lique Kourounis qui met \u00e0 nu les n\u00e9onazis grecs; propos recueillis par Fabien Perrier (vid\u00e9o) : <\/strong>                       http:\/\/www.telerama.fr\/cinema\/aube-doree-une-affaire-personnelle-le-film-qui-met-a-nu-les-neonazis-grecs,149830.php#xtor\n\n-&#8220;J&#8217;esp\u00e8re que l&#8217;Am\u00e9rique nous fera encore r\u00eaver&#8221; (le r\u00e9alisateur Radu Mihaileanu venu pr\u00e9senter son nouveau film &#8220;L&#8217;Histoire de l&#8217;Amour&#8221; dont il dit &#8220;qu&#8217;il est tr\u00e8s juif&#8221;; invit\u00e9 de Bernard Poirette; son) :   http:\/\/www.rtl.fr\/actu\/societe-faits-divers\/victoire-de-trump-j-espere-que-l-amerique-nous-fera-quand-meme-rever-dit-le-realisateur-radu-mihaileanu-7785691192\n\n-Isabelle Huppert honor\u00e9e \u00e0 Los Angeles (vid\u00e9o) : http:\/\/nr.news-republic.com\/Web\/ArticleWeb.aspx?regionid=2&#038;articleid=77532921\n\n-MinaLima, les designers de la saga Harry Potter, expos\u00e9s jusqu&#8217;au 4 mars \u00e0 la Galerie Arludik dans le 4e arrondissement de Paris (entretien r\u00e9alis\u00e9 par C\u00e9cile Mury) :                                                     http:\/\/www.telerama.fr\/sortir\/la-magie-graphique-de-minalima-designers-des-films-de-harry-potter,149937.php#xtor \n\nLe ma\u00eetre japonais du film d&#8217;animation Hayao Miyazaki veut en r\u00e9aliser un dernier, qui sera aussi le premier en images de synth\u00e8se  :                                                                                                         http:\/\/www.lexpress.fr\/culture\/cinema\/miyazaki-veut-realiser-un-tout-dernier-film_1850102.html?PMSRC_CAMPAIGN\n\n<strong>-Cinq de ses films cl\u00e9s (Carine Claude; vid\u00e9os) <\/strong> :  http:\/\/www.lexpress.fr\/culture\/cinema\/video-hayao-miyazaki-en-cinq-films-cles_1277956.html                       \n\n-Jusqu&#8217;au 26 novembre \u00e0 la galerie Claude Bernard, dans le 6e arrondissement de Paris, Peter Blake, peintre m\u00e9connu, auteur de la c\u00e9l\u00e8bre  pochette du disque des Beatles &#8220;Sergent Pepper&#8221; (Olivier Cena; son) : http:\/\/www.telerama.fr\/sortir\/l-oeuvre-meconnue-de-peter-blake-l-artiste-derriere-la-pochette-de-sergent-pepper,149705.php#xtor\n\n-Expos\u00e9es jusqu&#8217;au 30 janvier 2017 au Centre Pompidou (entr\u00e9e libre), les photos de Brassa\u00ef, l&#8217;artiste &#8220;qui donne la paroles aux murs&#8221; (Luc Desbenoit) :                                                                          http:\/\/www.telerama.fr\/sortir\/dans-les-photos-de-brassai-les-murs-ont-la-parole,149942.php#xtor\n\n-&#8220;Petit patrimoine en danger&#8221; (Philippe Toussaint, pr\u00e9sident de &#8220;Vielles maisons fran\u00e7aises&#8221;; interrog\u00e9 par Luc Le Chatelier) :                                                                                                                        http:\/\/www.telerama.fr\/scenes\/petit-patrimoine-en-danger-voici-22-propositions,149907.php#xtor\n\n<strong>-&#8220;La presse d\u00e9connect\u00e9e du peuple ?&#8221; (Thomas Legrand; son) :<\/strong> https:\/\/www.franceinter.fr\/emissions\/l-edito-politique\/l-edito-politique-14-novembre-2016\n\n<strong>-&#8220;Facebook, son algorithme n&#8217;est pas neutre et on n&#8217;y a pas acc\u00e8s. Ce fichier est la plus grosses base de donn\u00e9es sur les Fran\u00e7ais. Or, il n&#8217;y a pas eu de consultation. Nous sommes satisfaits des \u00e9volutions&#8221; (Mounir Mahjoubi, pr\u00e9sident du Conseil national du num\u00e9rique; interrog\u00e9 par L\u00e9a Salam\u00e9; vid\u00e9os) : <\/strong> https:\/\/www.franceinter.fr\/emissions\/l-invite-de-7h50\/l-invite-de-7h50-14-novembre-2016\n\n-&#8220;Les cadres du FN refusent syst\u00e9matiquement les invitations des m\u00e9dias pour les concentrer \u00e0 un moment choisi&#8221; (Marc Baudriller; son) :                                                                            http:\/\/www.radioclassique.fr\/player\/progaction\/iniPlayer\/podcast\/la-vie-des-medias-2016-11-14-07-40-17.html\n\n-Thierry Ardisson affirme avoir sauv\u00e9 la t\u00eate de St\u00e9phane Guillon en s&#8217;adressant de Vincent Bollor\u00e9 (J\u00e9r\u00f4me Ivanitchtchenko; vid\u00e9o) :                                                                                                              http:\/\/www.europe1.fr\/emissions\/le-fait-medias-du-jour\/canal-ardisson-affirme-avoir-sauve-le-poste-de-stephane-guillon-2899835  \n\n<strong>-&#8220;Nous sommes tr\u00e8s d\u00e9termin\u00e9s, tr\u00e8s unis&#8221; (Antoine Genton, pr\u00e9sident de la soci\u00e9t\u00e9 des journalistes de i-T\u00e9l\u00e9; interrog\u00e9 par Eric Delvaux; son) <\/strong> :                                                                 https:\/\/www.franceinter.fr\/emissions\/l-invite-du-5-7\/l-invite-du-5-7-14-novembre-2016\n\n<strong>-Le journaliste turc Can Dundar en exil, invit\u00e9 de Sonia Devillers, avec Christophe Deloire, secr\u00e9taire g\u00e9n\u00e9ral de &#8220;Reporter Sans Fronti\u00e8re&#8221; (son, amener le curseur sur 2:50) :  <\/strong>                        https:\/\/www.franceinter.fr\/emissions\/l-instant-m\/l-instant-m-14-novembre-2016\n\n-&#8220;On fait notre travail et \u00e7a commence \u00e0 payer&#8221; (Thomas Thouroude, animateur de &#8220;Actuality&#8221; sur France 2; interrog\u00e9 par Thomas Joubert; vid\u00e9o) :                                                                                  http:\/\/www.europe1.fr\/emissions\/l-invite-medias\/thomas-thouroude-on-fait-notre-travail-et-ca-commence-a-payer-2899856    \n                                                                                                                                          \n<strong>-L&#8217;\u00e9nigme de la disparition de la Mary Celeste \u00e9tait restitu\u00e9e sur France Inter dans l&#8217;\u00e9mission de St\u00e9phanie Duncan &#8220;Autant en emporte l&#8217;histoire&#8221; (une fiction de St\u00e9phane Michaka; invit\u00e9, l&#8217;ethnologue Nathalie Mayer-Sabl\u00e9; son) : <\/strong> https:\/\/www.franceinter.fr\/emissions\/autant-en-emporte-l-histoire\/autant-en-emporte-l-histoire-13-novembre-2016\n\n-&#8220;Donald Trump voulait seulement se payer une campagne de pub&#8221; (Charline Vanhoenacker; vid\u00e9o) :                                                                                                                                    http:\/\/www.dailymotion.com\/video\/x51x2pm_donald-trump-voulait-seulement-se-payer-une-campagne-de-pub-le-billet-de-charline_fun\n\n<strong>-&#8220;Le mod\u00e8le Trump&#8221; &#8220;Sophia Aram; vid\u00e9o) :<\/strong> http:\/\/www.dailymotion.com\/video\/x51xcxj_le-modele-trump-le-billet-de-sophia-aram_fun\n<h2 class=\"wp-block-heading\">Documents joints<\/h2>\n\n\n\n<div class=\"wp-block-file\"><a href=\"https:\/\/wp.muchomaas.com\/wp-content\/uploads\/2016\/11\/communique_de_presse_de_la_caa_de_nantes_sur_les_recours_concernant_l_aeroport_de_notre-dame-des-landes-7ed.pdf\">communique_de_presse_de_la_caa_de_nantes_sur_les_recours_concernant_l_aeroport_de_notre-dame-des-landes.pdf<\/a><\/div>\n\n\n\n<div class=\"wp-block-file\"><a href=\"https:\/\/wp.muchomaas.com\/wp-content\/uploads\/2016\/11\/gerard_lahellec-c76.pdf\">gerard_lahellec.pdf<\/a><\/div>\n\n\n\n<div class=\"wp-block-file\"><a href=\"https:\/\/wp.muchomaas.com\/wp-content\/uploads\/2016\/11\/a_propos_de_l-4e3.pdf\">a_propos_de_l.pdf<\/a><\/div>\n\n\n","protected":false},"excerpt":{"rendered":"<p>ACTUALITE &#8211;&#8220;Dans l&#8217;int\u00e9rim, il y a deux fois plus d&#8217;accidents et ils sont deux fois plus graves&#8221; (Jean-Paul Bussy, d\u00e9l\u00e9gu\u00e9 national CGT; interrog\u00e9 par St\u00e9phane Carpentier; son) : http:\/\/www.rtl.fr\/actu\/societe-faits-divers\/dans-l-interim-il-y-a-deux-fois-plus-d-accidents-alerte-jean-paul-bussy-7785763591 -&#8220;Rien ne change pour l&#8217;emploi des handicap\u00e9s&#8221; (Christian Menanteau; son) : http:\/\/www.rtl.fr\/actu\/conso\/emploi-des-handicapes-malgre-les-campagnes-rien-ne-change-7785763969 -Pas de crise pour les grands patrons (vid\u00e9o) : http:\/\/www.francetvinfo.fr\/economie\/entreprises\/salaires-des-grands-patrons\/pas-de-crise-pour-les-grands-patrons_1920329.html -La Cour administrative d&#8217;appel [&hellip;]<\/p>\n","protected":false},"author":1042,"featured_media":0,"comment_status":"open","ping_status":"open","sticky":false,"template":"","format":"standard","meta":{"_themeisle_gutenberg_block_has_review":false,"footnotes":""},"categories":[151],"tags":[],"class_list":["post-10004","post","type-post","status-publish","format-standard","hentry","category-la-revue-de-presse-de-lulu"],"_links":{"self":[{"href":"https:\/\/archives.regards.fr\/index.php?rest_route=\/wp\/v2\/posts\/10004","targetHints":{"allow":["GET"]}}],"collection":[{"href":"https:\/\/archives.regards.fr\/index.php?rest_route=\/wp\/v2\/posts"}],"about":[{"href":"https:\/\/archives.regards.fr\/index.php?rest_route=\/wp\/v2\/types\/post"}],"author":[{"embeddable":true,"href":"https:\/\/archives.regards.fr\/index.php?rest_route=\/wp\/v2\/users\/1042"}],"replies":[{"embeddable":true,"href":"https:\/\/archives.regards.fr\/index.php?rest_route=%2Fwp%2Fv2%2Fcomments&post=10004"}],"version-history":[{"count":0,"href":"https:\/\/archives.regards.fr\/index.php?rest_route=\/wp\/v2\/posts\/10004\/revisions"}],"wp:attachment":[{"href":"https:\/\/archives.regards.fr\/index.php?rest_route=%2Fwp%2Fv2%2Fmedia&parent=10004"}],"wp:term":[{"taxonomy":"category","embeddable":true,"href":"https:\/\/archives.regards.fr\/index.php?rest_route=%2Fwp%2Fv2%2Fcategories&post=10004"},{"taxonomy":"post_tag","embeddable":true,"href":"https:\/\/archives.regards.fr\/index.php?rest_route=%2Fwp%2Fv2%2Ftags&post=10004"}],"curies":[{"name":"wp","href":"https:\/\/api.w.org\/{rel}","templated":true}]}}