{"id":10,"date":"2014-11-28T12:14:18","date_gmt":"2014-11-28T11:14:18","guid":{"rendered":"https:\/\/wp.muchomaas.com\/breve-nadine-morano-10\/"},"modified":"2014-11-28T12:14:18","modified_gmt":"2014-11-28T11:14:18","slug":"breve-nadine-morano-10","status":"publish","type":"post","link":"https:\/\/archives.regards.fr\/?p=10","title":{"rendered":"Nadine Morano"},"content":{"rendered":"<p>(expliquant son opposition \u00e0 la reconnaissance de l&#8217;\u00c9tat palestinien) <em>\u00ab Qui d\u00e9capite les Occidentaux ? C&#8217;est ceux qui sont membres du Jihad islamique, donc les partenaires du Hamas. Ce sont les juifs qui d\u00e9capitent aujourd&#8217;hui ? Ce sont les juifs qui ont d\u00e9capit\u00e9 Herv\u00e9 Gourdel ? \u00bb<\/em> (France Info, 28\/11\/2014)<\/p>\n","protected":false},"excerpt":{"rendered":"<p>(expliquant son opposition \u00e0 la reconnaissance de l&#8217;\u00c9tat palestinien) \u00ab Qui d\u00e9capite les Occidentaux ? C&#8217;est ceux qui sont membres du Jihad islamique, donc les partenaires du Hamas. Ce sont les juifs qui d\u00e9capitent aujourd&#8217;hui ? Ce sont les juifs qui ont d\u00e9capit\u00e9 Herv\u00e9 Gourdel ? \u00bb (France Info, 28\/11\/2014)<\/p>\n","protected":false},"author":1,"featured_media":0,"comment_status":"open","ping_status":"open","sticky":false,"template":"","format":"standard","meta":{"_themeisle_gutenberg_block_has_review":false,"footnotes":""},"categories":[284],"tags":[],"class_list":["post-10","post","type-post","status-publish","format-standard","hentry","category-declarama-breves"],"_links":{"self":[{"href":"https:\/\/archives.regards.fr\/index.php?rest_route=\/wp\/v2\/posts\/10","targetHints":{"allow":["GET"]}}],"collection":[{"href":"https:\/\/archives.regards.fr\/index.php?rest_route=\/wp\/v2\/posts"}],"about":[{"href":"https:\/\/archives.regards.fr\/index.php?rest_route=\/wp\/v2\/types\/post"}],"author":[{"embeddable":true,"href":"https:\/\/archives.regards.fr\/index.php?rest_route=\/wp\/v2\/users\/1"}],"replies":[{"embeddable":true,"href":"https:\/\/archives.regards.fr\/index.php?rest_route=%2Fwp%2Fv2%2Fcomments&post=10"}],"version-history":[{"count":0,"href":"https:\/\/archives.regards.fr\/index.php?rest_route=\/wp\/v2\/posts\/10\/revisions"}],"wp:attachment":[{"href":"https:\/\/archives.regards.fr\/index.php?rest_route=%2Fwp%2Fv2%2Fmedia&parent=10"}],"wp:term":[{"taxonomy":"category","embeddable":true,"href":"https:\/\/archives.regards.fr\/index.php?rest_route=%2Fwp%2Fv2%2Fcategories&post=10"},{"taxonomy":"post_tag","embeddable":true,"href":"https:\/\/archives.regards.fr\/index.php?rest_route=%2Fwp%2Fv2%2Ftags&post=10"}],"curies":[{"name":"wp","href":"https:\/\/api.w.org\/{rel}","templated":true}]}}